{"id":20065,"date":"2015-06-25T17:56:30","date_gmt":"2015-06-25T12:56:30","guid":{"rendered":"http:\/\/www.zerdab.com\/?p=20065"},"modified":"2015-06-25T18:03:57","modified_gmt":"2015-06-25T13:03:57","slug":"z%c9%99rdabda-silahli-quvv%c9%99l%c9%99r-gunu-il%c9%99-bagli-t%c9%99dbir-kecirildi-fotolar","status":"publish","type":"post","link":"https:\/\/www.zerdab.com\/?p=20065","title":{"rendered":"Z\u0259rdabda Silahl\u0131 Q\u00fcvv\u0259l\u0259r G\u00fcn\u00fc il\u0259 ba\u011fl\u0131 t\u0259dbir ke\u00e7irildi &#8211; FOTOLAR"},"content":{"rendered":"<p><a href=\"http:\/\/www.zerdab.com\/z%c9%99rdabda-silahli-quvv%c9%99l%c9%99r-gunu-il%c9%99-bagli-t%c9%99dbir-kecirildi-fotolar\/z%c9%99rdab-rayonu3-33\/\" rel=\"attachment wp-att-20069\"><img loading=\"lazy\" decoding=\"async\" class=\"aligncenter size-large wp-image-20069\" src=\"http:\/\/www.zerdab.com\/wp-content\/uploads\/2015\/06\/Z\u0259rdab-rayonu35-550x309.jpg\" alt=\"Z\u0259rdab rayonu3\" width=\"550\" height=\"309\" \/><\/a>Z\u0259rdab Rayon Tarix-Diyar\u015f\u00fcnasl\u0131q Muzeyind\u0259 26 iyun Silahl\u0131 Q\u00fcvv\u0259l\u0259r G\u00fcn\u00fc m\u00fcnasib\u0259til\u0259 &#8220;V\u0259t\u0259n o\u011fullar\u0131&#8221; adl\u0131 t\u0259dbir ke\u00e7irildi. T\u0259dbiri giri\u015f s\u00f6z\u00fc il\u0259 muzeyin \u0259m\u0259kda\u015f\u0131 Mais\u0259 Babayeva a\u00e7araq, Ulu \u00f6nd\u0259r Heyd\u0259r \u018fliyevin &#8220;Xalqla ordunun birliyi h\u0259m xalq\u0131n q\u00fcdr\u0259tini, h\u0259m d\u0259 ordunu daha da q\u00fcvv\u0259tli edir. Ona g\u00f6r\u0259 d\u0259 qar\u015f\u0131m\u0131zda duran \u0259sas v\u0259zif\u0259l\u0259rd\u0259n biri xalqla ordunun sa\u011flam, m\u0259n\u0259vi birliyini t\u0259min etm\u0259kd\u0259n ibar\u0259tdir&#8221; k\u0259lam\u0131n\u0131 t\u0259dbir i\u015ftirak\u00e7\u0131lar\u0131n\u0131n diqq\u0259tin\u0259 \u00e7atd\u0131rd\u0131. Daha \u00e7\u0131x\u0131\u015f\u00e7\u0131 milli ordunun yaranma tarixind\u0259n dan\u0131\u015fd\u0131. Muzeyin dig\u0259r \u0259m\u0259kda\u015flar\u0131 Ayb\u0259niz Abdullayeva &#8220;Milli Ordunun yaranmas\u0131ndan 97 il \u00f6t\u00fcr&#8221;, \u015e\u0259lal\u0259 \u018fliyeva is\u0259 &#8220;Q\u00fcdr\u0259tli ordumuz&#8221; adl\u0131 m\u0259ruz\u0259l\u0259rl\u0259 \u00e7\u0131x\u0131\u015f etdil\u0259r. Rayon 1 sayl\u0131 K\u00f6rp\u0259l\u0259r Evi-U\u015faq Ba\u011f\u00e7as\u0131n\u0131n m\u0259kt\u0259b\u0259 q\u0259d\u0259r haz\u0131rl\u0131q qrupunun u\u015faqlar\u0131 &#8220;Ya\u015fa var ol, h\u0259r zaman Az\u0259rbaycan&#8221; adl\u0131 kompozisiya il\u0259 t\u0259dbiri daha maraql\u0131 etdil\u0259r.<\/p>\n<p><span style=\"color: #0000ff;\"><strong>Z\u0259rdab Rayon Tarix-Diyar\u015f\u00fcnasl\u0131q Muzeyi<a href=\"http:\/\/www.zerdab.com\/z%c9%99rdabda-silahli-quvv%c9%99l%c9%99r-gunu-il%c9%99-bagli-t%c9%99dbir-kecirildi-fotolar\/z%c9%99rdab-rayonu-109\/\" rel=\"attachment wp-att-20066\"><img loading=\"lazy\" decoding=\"async\" class=\"aligncenter size-large wp-image-20066\" src=\"http:\/\/www.zerdab.com\/wp-content\/uploads\/2015\/06\/Z\u0259rdab-rayonu17-309x550.jpg\" alt=\"Z\u0259rdab rayonu\" width=\"309\" height=\"550\" \/><\/a><\/strong><\/span><a href=\"http:\/\/www.zerdab.com\/z%c9%99rdabda-silahli-quvv%c9%99l%c9%99r-gunu-il%c9%99-bagli-t%c9%99dbir-kecirildi-fotolar\/z%c9%99rdab-rayonu2-41\/\" rel=\"attachment wp-att-20068\"><img loading=\"lazy\" decoding=\"async\" class=\"aligncenter size-large wp-image-20068\" src=\"http:\/\/www.zerdab.com\/wp-content\/uploads\/2015\/06\/Z\u0259rdab-rayonu26-309x550.jpg\" alt=\"Z\u0259rdab rayonu2\" width=\"309\" height=\"550\" \/><\/a><a href=\"http:\/\/www.zerdab.com\/z%c9%99rdabda-silahli-quvv%c9%99l%c9%99r-gunu-il%c9%99-bagli-t%c9%99dbir-kecirildi-fotolar\/z%c9%99rdab-rayonu4-30\/\" rel=\"attachment wp-att-20070\"><img loading=\"lazy\" decoding=\"async\" class=\"aligncenter size-large wp-image-20070\" src=\"http:\/\/www.zerdab.com\/wp-content\/uploads\/2015\/06\/Z\u0259rdab-rayonu44-550x309.jpg\" alt=\"Z\u0259rdab rayonu4\" width=\"550\" height=\"309\" \/><\/a><a href=\"http:\/\/www.zerdab.com\/z%c9%99rdabda-silahli-quvv%c9%99l%c9%99r-gunu-il%c9%99-bagli-t%c9%99dbir-kecirildi-fotolar\/z%c9%99rdab-rayonu1-46\/\" rel=\"attachment wp-att-20067\"><img loading=\"lazy\" decoding=\"async\" class=\"aligncenter size-large wp-image-20067\" src=\"http:\/\/www.zerdab.com\/wp-content\/uploads\/2015\/06\/Z\u0259rdab-rayonu18-309x550.jpg\" alt=\"Z\u0259rdab rayonu1\" width=\"309\" height=\"550\" \/><\/a><a href=\"http:\/\/www.zerdab.com\/z%c9%99rdabda-silahli-quvv%c9%99l%c9%99r-gunu-il%c9%99-bagli-t%c9%99dbir-kecirildi-fotolar\/z%c9%99rdab-rayonu5-22\/\" rel=\"attachment wp-att-20071\"><img loading=\"lazy\" decoding=\"async\" class=\"aligncenter size-large wp-image-20071\" src=\"http:\/\/www.zerdab.com\/wp-content\/uploads\/2015\/06\/Z\u0259rdab-rayonu53-309x550.jpg\" alt=\"Z\u0259rdab rayonu5\" width=\"309\" height=\"550\" \/><\/a><a href=\"http:\/\/www.zerdab.com\/z%c9%99rdabda-silahli-quvv%c9%99l%c9%99r-gunu-il%c9%99-bagli-t%c9%99dbir-kecirildi-fotolar\/z%c9%99rdab-rayonu6-18\/\" rel=\"attachment wp-att-20072\"><img loading=\"lazy\" decoding=\"async\" class=\"aligncenter size-large wp-image-20072\" src=\"http:\/\/www.zerdab.com\/wp-content\/uploads\/2015\/06\/Z\u0259rdab-rayonu63-309x550.jpg\" alt=\"Z\u0259rdab rayonu6\" width=\"309\" height=\"550\" \/><\/a><\/p>\n","protected":false},"excerpt":{"rendered":"<p>Z\u0259rdab Rayon Tarix-Diyar\u015f\u00fcnasl\u0131q Muzeyind\u0259 26 iyun Silahl\u0131 Q\u00fcvv\u0259l\u0259r G\u00fcn\u00fc m\u00fcnasib\u0259til\u0259 &#8220;V\u0259t\u0259n o\u011fullar\u0131&#8221; adl\u0131 t\u0259dbir ke\u00e7irildi. T\u0259dbiri giri\u015f s\u00f6z\u00fc il\u0259 muzeyin \u0259m\u0259kda\u015f\u0131 Mais\u0259 Babayeva a\u00e7araq, Ulu \u00f6nd\u0259r Heyd\u0259r \u018fliyevin &#8220;Xalqla ordunun birliyi h\u0259m xalq\u0131n q\u00fcdr\u0259tini, h\u0259m d\u0259 ordunu daha da q\u00fcvv\u0259tli edir. Ona g\u00f6r\u0259 d\u0259 qar\u015f\u0131m\u0131zda duran \u0259sas v\u0259zif\u0259l\u0259rd\u0259n biri xalqla ordunun sa\u011flam, m\u0259n\u0259vi birliyini t\u0259min [&hellip;]<\/p>\n","protected":false},"author":1,"featured_media":0,"comment_status":"open","ping_status":"open","sticky":false,"template":"","format":"standard","meta":{"footnotes":""},"categories":[21],"tags":[],"class_list":{"0":"post-20065","1":"post","2":"type-post","3":"status-publish","4":"format-standard","6":"category-zrdab"},"yoast_head":"<!-- This site is optimized with the Yoast SEO plugin v27.0 - https:\/\/yoast.com\/product\/yoast-seo-wordpress\/ -->\n<title>Z\u0259rdabda Silahl\u0131 Q\u00fcvv\u0259l\u0259r G\u00fcn\u00fc il\u0259 ba\u011fl\u0131 t\u0259dbir ke\u00e7irildi - FOTOLAR - Z\u0259rdab.com<\/title>\n<meta name=\"robots\" content=\"index, follow, max-snippet:-1, max-image-preview:large, max-video-preview:-1\" \/>\n<link rel=\"canonical\" href=\"https:\/\/www.zerdab.com\/?p=20065\" \/>\n<meta property=\"og:locale\" content=\"az_AZ\" \/>\n<meta property=\"og:type\" content=\"article\" \/>\n<meta property=\"og:title\" content=\"Z\u0259rdabda Silahl\u0131 Q\u00fcvv\u0259l\u0259r G\u00fcn\u00fc il\u0259 ba\u011fl\u0131 t\u0259dbir ke\u00e7irildi - FOTOLAR - Z\u0259rdab.com\" \/>\n<meta property=\"og:description\" content=\"Z\u0259rdab Rayon Tarix-Diyar\u015f\u00fcnasl\u0131q Muzeyind\u0259 26 iyun Silahl\u0131 Q\u00fcvv\u0259l\u0259r G\u00fcn\u00fc m\u00fcnasib\u0259til\u0259 &#8220;V\u0259t\u0259n o\u011fullar\u0131&#8221; adl\u0131 t\u0259dbir ke\u00e7irildi. T\u0259dbiri giri\u015f s\u00f6z\u00fc il\u0259 muzeyin \u0259m\u0259kda\u015f\u0131 Mais\u0259 Babayeva a\u00e7araq, Ulu \u00f6nd\u0259r Heyd\u0259r \u018fliyevin &#8220;Xalqla ordunun birliyi h\u0259m xalq\u0131n q\u00fcdr\u0259tini, h\u0259m d\u0259 ordunu daha da q\u00fcvv\u0259tli edir. Ona g\u00f6r\u0259 d\u0259 qar\u015f\u0131m\u0131zda duran \u0259sas v\u0259zif\u0259l\u0259rd\u0259n biri xalqla ordunun sa\u011flam, m\u0259n\u0259vi birliyini t\u0259min [&hellip;]\" \/>\n<meta property=\"og:url\" content=\"https:\/\/www.zerdab.com\/?p=20065\" \/>\n<meta property=\"og:site_name\" content=\"Z\u0259rdab.com\" \/>\n<meta property=\"article:published_time\" content=\"2015-06-25T12:56:30+00:00\" \/>\n<meta property=\"article:modified_time\" content=\"2015-06-25T13:03:57+00:00\" \/>\n<meta name=\"author\" content=\"admin\" \/>\n<meta name=\"twitter:card\" content=\"summary_large_image\" \/>\n<meta name=\"twitter:label1\" content=\"Written by\" \/>\n\t<meta name=\"twitter:data1\" content=\"admin\" \/>\n\t<meta name=\"twitter:label2\" content=\"Est. reading time\" \/>\n\t<meta name=\"twitter:data2\" content=\"1 minute\" \/>\n<script type=\"application\/ld+json\" class=\"yoast-schema-graph\">{\"@context\":\"https:\/\/schema.org\",\"@graph\":[{\"@type\":\"Article\",\"@id\":\"https:\/\/www.zerdab.com\/?p=20065#article\",\"isPartOf\":{\"@id\":\"https:\/\/www.zerdab.com\/?p=20065\"},\"author\":{\"name\":\"admin\",\"@id\":\"https:\/\/www.zerdab.com\/#\/schema\/person\/97079b7570c1e89ec0d9e138c3672136\"},\"headline\":\"Z\u0259rdabda Silahl\u0131 Q\u00fcvv\u0259l\u0259r G\u00fcn\u00fc il\u0259 ba\u011fl\u0131 t\u0259dbir ke\u00e7irildi &#8211; FOTOLAR\",\"datePublished\":\"2015-06-25T12:56:30+00:00\",\"dateModified\":\"2015-06-25T13:03:57+00:00\",\"mainEntityOfPage\":{\"@id\":\"https:\/\/www.zerdab.com\/?p=20065\"},\"wordCount\":218,\"commentCount\":0,\"articleSection\":[\"C\u018fM\u0130YY\u018fT\"],\"inLanguage\":\"az\",\"potentialAction\":[{\"@type\":\"CommentAction\",\"name\":\"Comment\",\"target\":[\"https:\/\/www.zerdab.com\/?p=20065#respond\"]}]},{\"@type\":\"WebPage\",\"@id\":\"https:\/\/www.zerdab.com\/?p=20065\",\"url\":\"https:\/\/www.zerdab.com\/?p=20065\",\"name\":\"Z\u0259rdabda Silahl\u0131 Q\u00fcvv\u0259l\u0259r G\u00fcn\u00fc il\u0259 ba\u011fl\u0131 t\u0259dbir ke\u00e7irildi - FOTOLAR - Z\u0259rdab.com\",\"isPartOf\":{\"@id\":\"https:\/\/www.zerdab.com\/#website\"},\"datePublished\":\"2015-06-25T12:56:30+00:00\",\"dateModified\":\"2015-06-25T13:03:57+00:00\",\"author\":{\"@id\":\"https:\/\/www.zerdab.com\/#\/schema\/person\/97079b7570c1e89ec0d9e138c3672136\"},\"breadcrumb\":{\"@id\":\"https:\/\/www.zerdab.com\/?p=20065#breadcrumb\"},\"inLanguage\":\"az\",\"potentialAction\":[{\"@type\":\"ReadAction\",\"target\":[\"https:\/\/www.zerdab.com\/?p=20065\"]}]},{\"@type\":\"BreadcrumbList\",\"@id\":\"https:\/\/www.zerdab.com\/?p=20065#breadcrumb\",\"itemListElement\":[{\"@type\":\"ListItem\",\"position\":1,\"name\":\"Home\",\"item\":\"https:\/\/www.zerdab.com\/\"},{\"@type\":\"ListItem\",\"position\":2,\"name\":\"Z\u0259rdabda Silahl\u0131 Q\u00fcvv\u0259l\u0259r G\u00fcn\u00fc il\u0259 ba\u011fl\u0131 t\u0259dbir ke\u00e7irildi &#8211; FOTOLAR\"}]},{\"@type\":\"WebSite\",\"@id\":\"https:\/\/www.zerdab.com\/#website\",\"url\":\"https:\/\/www.zerdab.com\/\",\"name\":\"Z\u0259rdab.com\",\"description\":\"\",\"potentialAction\":[{\"@type\":\"SearchAction\",\"target\":{\"@type\":\"EntryPoint\",\"urlTemplate\":\"https:\/\/www.zerdab.com\/?s={search_term_string}\"},\"query-input\":{\"@type\":\"PropertyValueSpecification\",\"valueRequired\":true,\"valueName\":\"search_term_string\"}}],\"inLanguage\":\"az\"},{\"@type\":\"Person\",\"@id\":\"https:\/\/www.zerdab.com\/#\/schema\/person\/97079b7570c1e89ec0d9e138c3672136\",\"name\":\"admin\",\"image\":{\"@type\":\"ImageObject\",\"inLanguage\":\"az\",\"@id\":\"https:\/\/www.zerdab.com\/#\/schema\/person\/image\/\",\"url\":\"https:\/\/secure.gravatar.com\/avatar\/d9c52a9a27c32119cb6679a077fa3e2779e5f822c451cbf01098004361d466ec?s=96&d=mm&r=g\",\"contentUrl\":\"https:\/\/secure.gravatar.com\/avatar\/d9c52a9a27c32119cb6679a077fa3e2779e5f822c451cbf01098004361d466ec?s=96&d=mm&r=g\",\"caption\":\"admin\"},\"url\":\"https:\/\/www.zerdab.com\/?author=1\"}]}<\/script>\n<!-- \/ Yoast SEO plugin. -->","yoast_head_json":{"title":"Z\u0259rdabda Silahl\u0131 Q\u00fcvv\u0259l\u0259r G\u00fcn\u00fc il\u0259 ba\u011fl\u0131 t\u0259dbir ke\u00e7irildi - FOTOLAR - Z\u0259rdab.com","robots":{"index":"index","follow":"follow","max-snippet":"max-snippet:-1","max-image-preview":"max-image-preview:large","max-video-preview":"max-video-preview:-1"},"canonical":"https:\/\/www.zerdab.com\/?p=20065","og_locale":"az_AZ","og_type":"article","og_title":"Z\u0259rdabda Silahl\u0131 Q\u00fcvv\u0259l\u0259r G\u00fcn\u00fc il\u0259 ba\u011fl\u0131 t\u0259dbir ke\u00e7irildi - FOTOLAR - Z\u0259rdab.com","og_description":"Z\u0259rdab Rayon Tarix-Diyar\u015f\u00fcnasl\u0131q Muzeyind\u0259 26 iyun Silahl\u0131 Q\u00fcvv\u0259l\u0259r G\u00fcn\u00fc m\u00fcnasib\u0259til\u0259 &#8220;V\u0259t\u0259n o\u011fullar\u0131&#8221; adl\u0131 t\u0259dbir ke\u00e7irildi. T\u0259dbiri giri\u015f s\u00f6z\u00fc il\u0259 muzeyin \u0259m\u0259kda\u015f\u0131 Mais\u0259 Babayeva a\u00e7araq, Ulu \u00f6nd\u0259r Heyd\u0259r \u018fliyevin &#8220;Xalqla ordunun birliyi h\u0259m xalq\u0131n q\u00fcdr\u0259tini, h\u0259m d\u0259 ordunu daha da q\u00fcvv\u0259tli edir. Ona g\u00f6r\u0259 d\u0259 qar\u015f\u0131m\u0131zda duran \u0259sas v\u0259zif\u0259l\u0259rd\u0259n biri xalqla ordunun sa\u011flam, m\u0259n\u0259vi birliyini t\u0259min [&hellip;]","og_url":"https:\/\/www.zerdab.com\/?p=20065","og_site_name":"Z\u0259rdab.com","article_published_time":"2015-06-25T12:56:30+00:00","article_modified_time":"2015-06-25T13:03:57+00:00","author":"admin","twitter_card":"summary_large_image","twitter_misc":{"Written by":"admin","Est. reading time":"1 minute"},"schema":{"@context":"https:\/\/schema.org","@graph":[{"@type":"Article","@id":"https:\/\/www.zerdab.com\/?p=20065#article","isPartOf":{"@id":"https:\/\/www.zerdab.com\/?p=20065"},"author":{"name":"admin","@id":"https:\/\/www.zerdab.com\/#\/schema\/person\/97079b7570c1e89ec0d9e138c3672136"},"headline":"Z\u0259rdabda Silahl\u0131 Q\u00fcvv\u0259l\u0259r G\u00fcn\u00fc il\u0259 ba\u011fl\u0131 t\u0259dbir ke\u00e7irildi &#8211; FOTOLAR","datePublished":"2015-06-25T12:56:30+00:00","dateModified":"2015-06-25T13:03:57+00:00","mainEntityOfPage":{"@id":"https:\/\/www.zerdab.com\/?p=20065"},"wordCount":218,"commentCount":0,"articleSection":["C\u018fM\u0130YY\u018fT"],"inLanguage":"az","potentialAction":[{"@type":"CommentAction","name":"Comment","target":["https:\/\/www.zerdab.com\/?p=20065#respond"]}]},{"@type":"WebPage","@id":"https:\/\/www.zerdab.com\/?p=20065","url":"https:\/\/www.zerdab.com\/?p=20065","name":"Z\u0259rdabda Silahl\u0131 Q\u00fcvv\u0259l\u0259r G\u00fcn\u00fc il\u0259 ba\u011fl\u0131 t\u0259dbir ke\u00e7irildi - FOTOLAR - Z\u0259rdab.com","isPartOf":{"@id":"https:\/\/www.zerdab.com\/#website"},"datePublished":"2015-06-25T12:56:30+00:00","dateModified":"2015-06-25T13:03:57+00:00","author":{"@id":"https:\/\/www.zerdab.com\/#\/schema\/person\/97079b7570c1e89ec0d9e138c3672136"},"breadcrumb":{"@id":"https:\/\/www.zerdab.com\/?p=20065#breadcrumb"},"inLanguage":"az","potentialAction":[{"@type":"ReadAction","target":["https:\/\/www.zerdab.com\/?p=20065"]}]},{"@type":"BreadcrumbList","@id":"https:\/\/www.zerdab.com\/?p=20065#breadcrumb","itemListElement":[{"@type":"ListItem","position":1,"name":"Home","item":"https:\/\/www.zerdab.com\/"},{"@type":"ListItem","position":2,"name":"Z\u0259rdabda Silahl\u0131 Q\u00fcvv\u0259l\u0259r G\u00fcn\u00fc il\u0259 ba\u011fl\u0131 t\u0259dbir ke\u00e7irildi &#8211; FOTOLAR"}]},{"@type":"WebSite","@id":"https:\/\/www.zerdab.com\/#website","url":"https:\/\/www.zerdab.com\/","name":"Z\u0259rdab.com","description":"","potentialAction":[{"@type":"SearchAction","target":{"@type":"EntryPoint","urlTemplate":"https:\/\/www.zerdab.com\/?s={search_term_string}"},"query-input":{"@type":"PropertyValueSpecification","valueRequired":true,"valueName":"search_term_string"}}],"inLanguage":"az"},{"@type":"Person","@id":"https:\/\/www.zerdab.com\/#\/schema\/person\/97079b7570c1e89ec0d9e138c3672136","name":"admin","image":{"@type":"ImageObject","inLanguage":"az","@id":"https:\/\/www.zerdab.com\/#\/schema\/person\/image\/","url":"https:\/\/secure.gravatar.com\/avatar\/d9c52a9a27c32119cb6679a077fa3e2779e5f822c451cbf01098004361d466ec?s=96&d=mm&r=g","contentUrl":"https:\/\/secure.gravatar.com\/avatar\/d9c52a9a27c32119cb6679a077fa3e2779e5f822c451cbf01098004361d466ec?s=96&d=mm&r=g","caption":"admin"},"url":"https:\/\/www.zerdab.com\/?author=1"}]}},"_links":{"self":[{"href":"https:\/\/www.zerdab.com\/index.php?rest_route=\/wp\/v2\/posts\/20065","targetHints":{"allow":["GET"]}}],"collection":[{"href":"https:\/\/www.zerdab.com\/index.php?rest_route=\/wp\/v2\/posts"}],"about":[{"href":"https:\/\/www.zerdab.com\/index.php?rest_route=\/wp\/v2\/types\/post"}],"author":[{"embeddable":true,"href":"https:\/\/www.zerdab.com\/index.php?rest_route=\/wp\/v2\/users\/1"}],"replies":[{"embeddable":true,"href":"https:\/\/www.zerdab.com\/index.php?rest_route=%2Fwp%2Fv2%2Fcomments&post=20065"}],"version-history":[{"count":6,"href":"https:\/\/www.zerdab.com\/index.php?rest_route=\/wp\/v2\/posts\/20065\/revisions"}],"predecessor-version":[{"id":20078,"href":"https:\/\/www.zerdab.com\/index.php?rest_route=\/wp\/v2\/posts\/20065\/revisions\/20078"}],"wp:attachment":[{"href":"https:\/\/www.zerdab.com\/index.php?rest_route=%2Fwp%2Fv2%2Fmedia&parent=20065"}],"wp:term":[{"taxonomy":"category","embeddable":true,"href":"https:\/\/www.zerdab.com\/index.php?rest_route=%2Fwp%2Fv2%2Fcategories&post=20065"},{"taxonomy":"post_tag","embeddable":true,"href":"https:\/\/www.zerdab.com\/index.php?rest_route=%2Fwp%2Fv2%2Ftags&post=20065"}],"curies":[{"name":"wp","href":"https:\/\/api.w.org\/{rel}","templated":true}]}}