{"id":20079,"date":"2015-06-25T19:24:19","date_gmt":"2015-06-25T14:24:19","guid":{"rendered":"http:\/\/www.zerdab.com\/?p=20079"},"modified":"2015-06-25T19:24:24","modified_gmt":"2015-06-25T14:24:24","slug":"rayonumuzun-taninmis-ziyalisinin-portreti-muzey%c9%99-t%c9%99qdim-olundu","status":"publish","type":"post","link":"https:\/\/www.zerdab.com\/?p=20079","title":{"rendered":"Rayonumuzun tan\u0131nm\u0131\u015f ziyal\u0131s\u0131n\u0131n portreti Muzey\u0259 t\u0259qdim olundu"},"content":{"rendered":"<p><a href=\"http:\/\/www.zerdab.com\/rayonumuzun-taninmis-ziyalisinin-portreti-muzey%c9%99-t%c9%99qdim-olundu\/m%c9%99likmahmud-isayev\/\" rel=\"attachment wp-att-20080\"><img loading=\"lazy\" decoding=\"async\" class=\"aligncenter size-large wp-image-20080\" src=\"http:\/\/www.zerdab.com\/wp-content\/uploads\/2015\/06\/M\u0259likmahmud-\u0130sayev-550x309.jpg\" alt=\"M\u0259likmahmud \u0130sayev\" width=\"550\" height=\"309\" \/><\/a>Z\u0259rdab Rayon Tarix-Diyar\u015f\u00fcnasl\u0131q Muzeyind\u0259 rayonumuzun tan\u0131nm\u0131\u015f ziyal\u0131s\u0131, h\u00f6rm\u0259tli pedaqoqu olmu\u015f M\u0259likmahmud \u0130sayevin ya\u011fl\u0131 boya il\u0259 i\u015fl\u0259nmi\u015f portretinin muzey\u0259 t\u0259qdimat\u0131 ke\u00e7irildi. T\u0259dbird\u0259 M\u0259likmahmud m\u00fc\u0259llimin ail\u0259 \u00fczvl\u0259ri v\u0259 do\u011fmalar\u0131, uzun ill\u0259r \u00e7al\u0131\u015fd\u0131\u011f\u0131 1 sayl\u0131 orta m\u0259kt\u0259b litseyin m\u00fc\u0259llim v\u0259 \u015fagird kollektivi, eyni zamanda rayonumuzun ziyal\u0131lar\u0131 i\u015ftirak etdil\u0259r. M\u0259likmahmud m\u00fc\u0259llimin g\u0259lini, Az\u0259rbaycandan uzaqlarda &#8211; \u0130sve\u00e7d\u0259 ya\u015fayan Sevda xan\u0131m ya\u011fl\u0131 boya il\u0259 \u00e7\u0259kdiyi portreti Z\u0259rdab Rayon Tarix-Diyar\u015f\u00fcnasl\u0131q Muzeyin\u0259 h\u0259diyy\u0259 etdi. Bu Sevda xan\u0131m\u0131n h\u0259m d\u0259 sevimli m\u00fc\u0259llimin\u0259 sevgisind\u0259n yaranan r\u0259sm \u0259s\u0259ridir. T\u0259dbird\u0259 M\u0259likmahmud m\u00fc\u0259llimin ail\u0259 \u00fczvl\u0259ri, m\u00fc\u0259llim yolda\u015flar\u0131 onun haqda xo\u015f v\u0259 unudulmaz xatir\u0259l\u0259rd\u0259n dan\u0131\u015fd\u0131lar. M\u0259kt\u0259blil\u0259rin ifas\u0131nda m\u00fc\u0259lllim haqq\u0131nda yaz\u0131lan \u015fer v\u0259 dig\u0259r \u0259d\u0259bi n\u00fcmun\u0259l\u0259r maraqla qar\u015f\u0131land\u0131.<\/p>\n<p><span style=\"color: #0000ff;\"><strong>Zerdab<a href=\"http:\/\/www.zerdab.com\/rayonumuzun-taninmis-ziyalisinin-portreti-muzey%c9%99-t%c9%99qdim-olundu\/m%c9%99likmahmud-isayev3\/\" rel=\"attachment wp-att-20083\"><img loading=\"lazy\" decoding=\"async\" class=\"aligncenter size-large wp-image-20083\" src=\"http:\/\/www.zerdab.com\/wp-content\/uploads\/2015\/06\/M\u0259likmahmud-\u0130sayev3-309x550.jpg\" alt=\"M\u0259likmahmud \u0130sayev3\" width=\"309\" height=\"550\" \/><\/a><a href=\"http:\/\/www.zerdab.com\/rayonumuzun-taninmis-ziyalisinin-portreti-muzey%c9%99-t%c9%99qdim-olundu\/m%c9%99likmahmud-isayev1\/\" rel=\"attachment wp-att-20081\"><img loading=\"lazy\" decoding=\"async\" class=\"aligncenter size-large wp-image-20081\" src=\"http:\/\/www.zerdab.com\/wp-content\/uploads\/2015\/06\/M\u0259likmahmud-\u0130sayev1-309x550.jpg\" alt=\"M\u0259likmahmud \u0130sayev1\" width=\"309\" height=\"550\" \/><\/a><a href=\"http:\/\/www.zerdab.com\/rayonumuzun-taninmis-ziyalisinin-portreti-muzey%c9%99-t%c9%99qdim-olundu\/m%c9%99likmahmud-isayev\/\" rel=\"attachment wp-att-20080\"><img loading=\"lazy\" decoding=\"async\" class=\"aligncenter size-large wp-image-20080\" src=\"http:\/\/www.zerdab.com\/wp-content\/uploads\/2015\/06\/M\u0259likmahmud-\u0130sayev-550x309.jpg\" alt=\"M\u0259likmahmud \u0130sayev\" width=\"550\" height=\"309\" \/><\/a><a href=\"http:\/\/www.zerdab.com\/rayonumuzun-taninmis-ziyalisinin-portreti-muzey%c9%99-t%c9%99qdim-olundu\/m%c9%99likmahmud-isayev2\/\" rel=\"attachment wp-att-20082\"><img loading=\"lazy\" decoding=\"async\" class=\"aligncenter size-large wp-image-20082\" src=\"http:\/\/www.zerdab.com\/wp-content\/uploads\/2015\/06\/M\u0259likmahmud-\u0130sayev2-309x550.jpg\" alt=\"M\u0259likmahmud \u0130sayev2\" width=\"309\" height=\"550\" \/><\/a><\/strong><\/span><\/p>\n","protected":false},"excerpt":{"rendered":"<p>Z\u0259rdab Rayon Tarix-Diyar\u015f\u00fcnasl\u0131q Muzeyind\u0259 rayonumuzun tan\u0131nm\u0131\u015f ziyal\u0131s\u0131, h\u00f6rm\u0259tli pedaqoqu olmu\u015f M\u0259likmahmud \u0130sayevin ya\u011fl\u0131 boya il\u0259 i\u015fl\u0259nmi\u015f portretinin muzey\u0259 t\u0259qdimat\u0131 ke\u00e7irildi. T\u0259dbird\u0259 M\u0259likmahmud m\u00fc\u0259llimin ail\u0259 \u00fczvl\u0259ri v\u0259 do\u011fmalar\u0131, uzun ill\u0259r \u00e7al\u0131\u015fd\u0131\u011f\u0131 1 sayl\u0131 orta m\u0259kt\u0259b litseyin m\u00fc\u0259llim v\u0259 \u015fagird kollektivi, eyni zamanda rayonumuzun ziyal\u0131lar\u0131 i\u015ftirak etdil\u0259r. M\u0259likmahmud m\u00fc\u0259llimin g\u0259lini, Az\u0259rbaycandan uzaqlarda &#8211; \u0130sve\u00e7d\u0259 ya\u015fayan Sevda xan\u0131m [&hellip;]<\/p>\n","protected":false},"author":1,"featured_media":0,"comment_status":"open","ping_status":"open","sticky":false,"template":"","format":"standard","meta":{"footnotes":""},"categories":[5],"tags":[],"class_list":{"0":"post-20079","1":"post","2":"type-post","3":"status-publish","4":"format-standard","6":"category-knd"},"yoast_head":"<!-- This site is optimized with the Yoast SEO plugin v27.0 - https:\/\/yoast.com\/product\/yoast-seo-wordpress\/ -->\n<title>Rayonumuzun tan\u0131nm\u0131\u015f ziyal\u0131s\u0131n\u0131n portreti Muzey\u0259 t\u0259qdim olundu - Z\u0259rdab.com<\/title>\n<meta name=\"robots\" content=\"index, follow, max-snippet:-1, max-image-preview:large, max-video-preview:-1\" \/>\n<link rel=\"canonical\" href=\"https:\/\/www.zerdab.com\/?p=20079\" \/>\n<meta property=\"og:locale\" content=\"az_AZ\" \/>\n<meta property=\"og:type\" content=\"article\" \/>\n<meta property=\"og:title\" content=\"Rayonumuzun tan\u0131nm\u0131\u015f ziyal\u0131s\u0131n\u0131n portreti Muzey\u0259 t\u0259qdim olundu - Z\u0259rdab.com\" \/>\n<meta property=\"og:description\" content=\"Z\u0259rdab Rayon Tarix-Diyar\u015f\u00fcnasl\u0131q Muzeyind\u0259 rayonumuzun tan\u0131nm\u0131\u015f ziyal\u0131s\u0131, h\u00f6rm\u0259tli pedaqoqu olmu\u015f M\u0259likmahmud \u0130sayevin ya\u011fl\u0131 boya il\u0259 i\u015fl\u0259nmi\u015f portretinin muzey\u0259 t\u0259qdimat\u0131 ke\u00e7irildi. T\u0259dbird\u0259 M\u0259likmahmud m\u00fc\u0259llimin ail\u0259 \u00fczvl\u0259ri v\u0259 do\u011fmalar\u0131, uzun ill\u0259r \u00e7al\u0131\u015fd\u0131\u011f\u0131 1 sayl\u0131 orta m\u0259kt\u0259b litseyin m\u00fc\u0259llim v\u0259 \u015fagird kollektivi, eyni zamanda rayonumuzun ziyal\u0131lar\u0131 i\u015ftirak etdil\u0259r. M\u0259likmahmud m\u00fc\u0259llimin g\u0259lini, Az\u0259rbaycandan uzaqlarda &#8211; \u0130sve\u00e7d\u0259 ya\u015fayan Sevda xan\u0131m [&hellip;]\" \/>\n<meta property=\"og:url\" content=\"https:\/\/www.zerdab.com\/?p=20079\" \/>\n<meta property=\"og:site_name\" content=\"Z\u0259rdab.com\" \/>\n<meta property=\"article:published_time\" content=\"2015-06-25T14:24:19+00:00\" \/>\n<meta property=\"article:modified_time\" content=\"2015-06-25T14:24:24+00:00\" \/>\n<meta name=\"author\" content=\"admin\" \/>\n<meta name=\"twitter:card\" content=\"summary_large_image\" \/>\n<meta name=\"twitter:label1\" content=\"Written by\" \/>\n\t<meta name=\"twitter:data1\" content=\"admin\" \/>\n\t<meta name=\"twitter:label2\" content=\"Est. reading time\" \/>\n\t<meta name=\"twitter:data2\" content=\"1 minute\" \/>\n<script type=\"application\/ld+json\" class=\"yoast-schema-graph\">{\"@context\":\"https:\/\/schema.org\",\"@graph\":[{\"@type\":\"Article\",\"@id\":\"https:\/\/www.zerdab.com\/?p=20079#article\",\"isPartOf\":{\"@id\":\"https:\/\/www.zerdab.com\/?p=20079\"},\"author\":{\"name\":\"admin\",\"@id\":\"https:\/\/www.zerdab.com\/#\/schema\/person\/97079b7570c1e89ec0d9e138c3672136\"},\"headline\":\"Rayonumuzun tan\u0131nm\u0131\u015f ziyal\u0131s\u0131n\u0131n portreti Muzey\u0259 t\u0259qdim olundu\",\"datePublished\":\"2015-06-25T14:24:19+00:00\",\"dateModified\":\"2015-06-25T14:24:24+00:00\",\"mainEntityOfPage\":{\"@id\":\"https:\/\/www.zerdab.com\/?p=20079\"},\"wordCount\":184,\"commentCount\":0,\"articleSection\":[\"X\u018fB\u018fRL\u018fR\"],\"inLanguage\":\"az\",\"potentialAction\":[{\"@type\":\"CommentAction\",\"name\":\"Comment\",\"target\":[\"https:\/\/www.zerdab.com\/?p=20079#respond\"]}]},{\"@type\":\"WebPage\",\"@id\":\"https:\/\/www.zerdab.com\/?p=20079\",\"url\":\"https:\/\/www.zerdab.com\/?p=20079\",\"name\":\"Rayonumuzun tan\u0131nm\u0131\u015f ziyal\u0131s\u0131n\u0131n portreti Muzey\u0259 t\u0259qdim olundu - Z\u0259rdab.com\",\"isPartOf\":{\"@id\":\"https:\/\/www.zerdab.com\/#website\"},\"datePublished\":\"2015-06-25T14:24:19+00:00\",\"dateModified\":\"2015-06-25T14:24:24+00:00\",\"author\":{\"@id\":\"https:\/\/www.zerdab.com\/#\/schema\/person\/97079b7570c1e89ec0d9e138c3672136\"},\"breadcrumb\":{\"@id\":\"https:\/\/www.zerdab.com\/?p=20079#breadcrumb\"},\"inLanguage\":\"az\",\"potentialAction\":[{\"@type\":\"ReadAction\",\"target\":[\"https:\/\/www.zerdab.com\/?p=20079\"]}]},{\"@type\":\"BreadcrumbList\",\"@id\":\"https:\/\/www.zerdab.com\/?p=20079#breadcrumb\",\"itemListElement\":[{\"@type\":\"ListItem\",\"position\":1,\"name\":\"Home\",\"item\":\"https:\/\/www.zerdab.com\/\"},{\"@type\":\"ListItem\",\"position\":2,\"name\":\"Rayonumuzun tan\u0131nm\u0131\u015f ziyal\u0131s\u0131n\u0131n portreti Muzey\u0259 t\u0259qdim olundu\"}]},{\"@type\":\"WebSite\",\"@id\":\"https:\/\/www.zerdab.com\/#website\",\"url\":\"https:\/\/www.zerdab.com\/\",\"name\":\"Z\u0259rdab.com\",\"description\":\"\",\"potentialAction\":[{\"@type\":\"SearchAction\",\"target\":{\"@type\":\"EntryPoint\",\"urlTemplate\":\"https:\/\/www.zerdab.com\/?s={search_term_string}\"},\"query-input\":{\"@type\":\"PropertyValueSpecification\",\"valueRequired\":true,\"valueName\":\"search_term_string\"}}],\"inLanguage\":\"az\"},{\"@type\":\"Person\",\"@id\":\"https:\/\/www.zerdab.com\/#\/schema\/person\/97079b7570c1e89ec0d9e138c3672136\",\"name\":\"admin\",\"image\":{\"@type\":\"ImageObject\",\"inLanguage\":\"az\",\"@id\":\"https:\/\/www.zerdab.com\/#\/schema\/person\/image\/\",\"url\":\"https:\/\/secure.gravatar.com\/avatar\/d9c52a9a27c32119cb6679a077fa3e2779e5f822c451cbf01098004361d466ec?s=96&d=mm&r=g\",\"contentUrl\":\"https:\/\/secure.gravatar.com\/avatar\/d9c52a9a27c32119cb6679a077fa3e2779e5f822c451cbf01098004361d466ec?s=96&d=mm&r=g\",\"caption\":\"admin\"},\"url\":\"https:\/\/www.zerdab.com\/?author=1\"}]}<\/script>\n<!-- \/ Yoast SEO plugin. -->","yoast_head_json":{"title":"Rayonumuzun tan\u0131nm\u0131\u015f ziyal\u0131s\u0131n\u0131n portreti Muzey\u0259 t\u0259qdim olundu - Z\u0259rdab.com","robots":{"index":"index","follow":"follow","max-snippet":"max-snippet:-1","max-image-preview":"max-image-preview:large","max-video-preview":"max-video-preview:-1"},"canonical":"https:\/\/www.zerdab.com\/?p=20079","og_locale":"az_AZ","og_type":"article","og_title":"Rayonumuzun tan\u0131nm\u0131\u015f ziyal\u0131s\u0131n\u0131n portreti Muzey\u0259 t\u0259qdim olundu - Z\u0259rdab.com","og_description":"Z\u0259rdab Rayon Tarix-Diyar\u015f\u00fcnasl\u0131q Muzeyind\u0259 rayonumuzun tan\u0131nm\u0131\u015f ziyal\u0131s\u0131, h\u00f6rm\u0259tli pedaqoqu olmu\u015f M\u0259likmahmud \u0130sayevin ya\u011fl\u0131 boya il\u0259 i\u015fl\u0259nmi\u015f portretinin muzey\u0259 t\u0259qdimat\u0131 ke\u00e7irildi. T\u0259dbird\u0259 M\u0259likmahmud m\u00fc\u0259llimin ail\u0259 \u00fczvl\u0259ri v\u0259 do\u011fmalar\u0131, uzun ill\u0259r \u00e7al\u0131\u015fd\u0131\u011f\u0131 1 sayl\u0131 orta m\u0259kt\u0259b litseyin m\u00fc\u0259llim v\u0259 \u015fagird kollektivi, eyni zamanda rayonumuzun ziyal\u0131lar\u0131 i\u015ftirak etdil\u0259r. M\u0259likmahmud m\u00fc\u0259llimin g\u0259lini, Az\u0259rbaycandan uzaqlarda &#8211; \u0130sve\u00e7d\u0259 ya\u015fayan Sevda xan\u0131m [&hellip;]","og_url":"https:\/\/www.zerdab.com\/?p=20079","og_site_name":"Z\u0259rdab.com","article_published_time":"2015-06-25T14:24:19+00:00","article_modified_time":"2015-06-25T14:24:24+00:00","author":"admin","twitter_card":"summary_large_image","twitter_misc":{"Written by":"admin","Est. reading time":"1 minute"},"schema":{"@context":"https:\/\/schema.org","@graph":[{"@type":"Article","@id":"https:\/\/www.zerdab.com\/?p=20079#article","isPartOf":{"@id":"https:\/\/www.zerdab.com\/?p=20079"},"author":{"name":"admin","@id":"https:\/\/www.zerdab.com\/#\/schema\/person\/97079b7570c1e89ec0d9e138c3672136"},"headline":"Rayonumuzun tan\u0131nm\u0131\u015f ziyal\u0131s\u0131n\u0131n portreti Muzey\u0259 t\u0259qdim olundu","datePublished":"2015-06-25T14:24:19+00:00","dateModified":"2015-06-25T14:24:24+00:00","mainEntityOfPage":{"@id":"https:\/\/www.zerdab.com\/?p=20079"},"wordCount":184,"commentCount":0,"articleSection":["X\u018fB\u018fRL\u018fR"],"inLanguage":"az","potentialAction":[{"@type":"CommentAction","name":"Comment","target":["https:\/\/www.zerdab.com\/?p=20079#respond"]}]},{"@type":"WebPage","@id":"https:\/\/www.zerdab.com\/?p=20079","url":"https:\/\/www.zerdab.com\/?p=20079","name":"Rayonumuzun tan\u0131nm\u0131\u015f ziyal\u0131s\u0131n\u0131n portreti Muzey\u0259 t\u0259qdim olundu - Z\u0259rdab.com","isPartOf":{"@id":"https:\/\/www.zerdab.com\/#website"},"datePublished":"2015-06-25T14:24:19+00:00","dateModified":"2015-06-25T14:24:24+00:00","author":{"@id":"https:\/\/www.zerdab.com\/#\/schema\/person\/97079b7570c1e89ec0d9e138c3672136"},"breadcrumb":{"@id":"https:\/\/www.zerdab.com\/?p=20079#breadcrumb"},"inLanguage":"az","potentialAction":[{"@type":"ReadAction","target":["https:\/\/www.zerdab.com\/?p=20079"]}]},{"@type":"BreadcrumbList","@id":"https:\/\/www.zerdab.com\/?p=20079#breadcrumb","itemListElement":[{"@type":"ListItem","position":1,"name":"Home","item":"https:\/\/www.zerdab.com\/"},{"@type":"ListItem","position":2,"name":"Rayonumuzun tan\u0131nm\u0131\u015f ziyal\u0131s\u0131n\u0131n portreti Muzey\u0259 t\u0259qdim olundu"}]},{"@type":"WebSite","@id":"https:\/\/www.zerdab.com\/#website","url":"https:\/\/www.zerdab.com\/","name":"Z\u0259rdab.com","description":"","potentialAction":[{"@type":"SearchAction","target":{"@type":"EntryPoint","urlTemplate":"https:\/\/www.zerdab.com\/?s={search_term_string}"},"query-input":{"@type":"PropertyValueSpecification","valueRequired":true,"valueName":"search_term_string"}}],"inLanguage":"az"},{"@type":"Person","@id":"https:\/\/www.zerdab.com\/#\/schema\/person\/97079b7570c1e89ec0d9e138c3672136","name":"admin","image":{"@type":"ImageObject","inLanguage":"az","@id":"https:\/\/www.zerdab.com\/#\/schema\/person\/image\/","url":"https:\/\/secure.gravatar.com\/avatar\/d9c52a9a27c32119cb6679a077fa3e2779e5f822c451cbf01098004361d466ec?s=96&d=mm&r=g","contentUrl":"https:\/\/secure.gravatar.com\/avatar\/d9c52a9a27c32119cb6679a077fa3e2779e5f822c451cbf01098004361d466ec?s=96&d=mm&r=g","caption":"admin"},"url":"https:\/\/www.zerdab.com\/?author=1"}]}},"_links":{"self":[{"href":"https:\/\/www.zerdab.com\/index.php?rest_route=\/wp\/v2\/posts\/20079","targetHints":{"allow":["GET"]}}],"collection":[{"href":"https:\/\/www.zerdab.com\/index.php?rest_route=\/wp\/v2\/posts"}],"about":[{"href":"https:\/\/www.zerdab.com\/index.php?rest_route=\/wp\/v2\/types\/post"}],"author":[{"embeddable":true,"href":"https:\/\/www.zerdab.com\/index.php?rest_route=\/wp\/v2\/users\/1"}],"replies":[{"embeddable":true,"href":"https:\/\/www.zerdab.com\/index.php?rest_route=%2Fwp%2Fv2%2Fcomments&post=20079"}],"version-history":[{"count":3,"href":"https:\/\/www.zerdab.com\/index.php?rest_route=\/wp\/v2\/posts\/20079\/revisions"}],"predecessor-version":[{"id":20086,"href":"https:\/\/www.zerdab.com\/index.php?rest_route=\/wp\/v2\/posts\/20079\/revisions\/20086"}],"wp:attachment":[{"href":"https:\/\/www.zerdab.com\/index.php?rest_route=%2Fwp%2Fv2%2Fmedia&parent=20079"}],"wp:term":[{"taxonomy":"category","embeddable":true,"href":"https:\/\/www.zerdab.com\/index.php?rest_route=%2Fwp%2Fv2%2Fcategories&post=20079"},{"taxonomy":"post_tag","embeddable":true,"href":"https:\/\/www.zerdab.com\/index.php?rest_route=%2Fwp%2Fv2%2Ftags&post=20079"}],"curies":[{"name":"wp","href":"https:\/\/api.w.org\/{rel}","templated":true}]}}