{"id":20118,"date":"2015-07-01T19:41:51","date_gmt":"2015-07-01T14:41:51","guid":{"rendered":"http:\/\/www.zerdab.com\/?p=20118"},"modified":"2015-07-08T15:29:42","modified_gmt":"2015-07-08T10:29:42","slug":"milli-m%c9%99tbuatin-140-illiyi-il%c9%99-%c9%99laq%c9%99dar-z%c9%99rdabda-regional-konfrans-kecirildi","status":"publish","type":"post","link":"https:\/\/www.zerdab.com\/?p=20118","title":{"rendered":"Milli m\u0259tbuat\u0131n 140 illiyi il\u0259 \u0259laq\u0259dar Z\u0259rdabda regional konfrans ke\u00e7irildi"},"content":{"rendered":"<p><a href=\"http:\/\/www.zerdab.com\/milli-m%c9%99tbuatin-140-illiyi-il%c9%99-%c9%99laq%c9%99dar-z%c9%99rdabda-regional-konfrans-kecirildi\/zerdab-com1-2\/\" rel=\"attachment wp-att-20119\"><img loading=\"lazy\" decoding=\"async\" class=\"aligncenter size-large wp-image-20119\" src=\"http:\/\/www.zerdab.com\/wp-content\/uploads\/2015\/07\/Zerdab.com1_-550x413.jpg\" alt=\"Zerdab.com\" width=\"550\" height=\"413\" \/><\/a>Az\u0259rbaycan milli m\u0259tbuat\u0131n\u0131n 140 illiyi il\u0259 \u0259laq\u0259dar iyulun 1-d\u0259 Z\u0259rdabda regional konfrans ke\u00e7irilib.<\/p>\n<p>Zerdab.com x\u0259b\u0259r verir ki, 17 rayondan yerli q\u0259zetl\u0259rin redaktorlar\u0131n\u0131n v\u0259 rayon icra hakimiyy\u0259tl\u0259rinin m\u0259sul i\u015f\u00e7il\u0259rinin d\u0259 d\u0259v\u0259t olunduqlar\u0131 konfrans\u0131n i\u015ftirak\u00e7\u0131lar\u0131 \u0259vv\u0259lc\u0259 m\u00fcasir Az\u0259rbaycan m\u0259tbuat\u0131n\u0131n inki\u015faf\u0131nda b\u00f6y\u00fck xidm\u0259tl\u0259ri olan \u00fcmummilli lider Heyd\u0259r \u018fliyevin abid\u0259sini ziyar\u0259t ed\u0259r\u0259k, \u00f6n\u00fcn\u0259 g\u00fcl d\u0259st\u0259l\u0259ri qoydular.<\/p>\n<p>Sonra milli m\u0259tbuat\u0131m\u0131z\u0131n banisi H\u0259s\u0259n b\u0259y Z\u0259rdabinin xatir\u0259si an\u0131ld\u0131, abid\u0259si \u00f6n\u00fcn\u0259 g\u00fcl-\u00e7i\u00e7\u0259k d\u0259st\u0259l\u0259ri d\u00fcz\u00fcld\u00fc.<\/p>\n<p>Daha sonra konfrans i\u015ftirak\u00e7\u0131lar\u0131 H\u0259s\u0259n b\u0259y Z\u0259rdabi muzeyind\u0259 oldular. Qonaqlar muzeyin xatir\u0259 kitab\u0131na \u00fcr\u0259k s\u00f6zl\u0259rini yazd\u0131lar. Burada onlara n\u00fcmayi\u015f etdiril\u0259n eksponatlar bar\u0259d\u0259 \u0259trafl\u0131 m\u0259lumat verildi.<\/p>\n<p>Heyd\u0259r \u018fliyev M\u0259rk\u0259zind\u0259 ke\u00e7iril\u0259n regional konfrans\u0131 Az\u0259rbaycan Respublikas\u0131 Prezidenti Administrasiyas\u0131n\u0131n ictimai-siyasi m\u0259s\u0259l\u0259l\u0259r \u015f\u00f6b\u0259sinin m\u00fcdir m\u00fcavini \u018fr\u0259stun Mehdiyev a\u00e7araq, milli m\u0259tbuat\u0131m\u0131z\u0131n 140 illiyi m\u00fcnasib\u0259til\u0259 i\u015ftirak\u00e7\u0131lar\u0131 t\u0259brik etdi.<\/p>\n<p>Z\u0259rdab Rayon \u0130cra Hakimiyy\u0259tinin ba\u015f\u00e7\u0131s\u0131 L\u00fctv\u0259li Babayev \u00e7\u0131x\u0131\u015f ed\u0259r\u0259k, qonaqlar\u0131 Z\u0259rdabi yurdunda salamlamaqdan m\u0259mnunlu\u011funu bildirdi. \u0130cra hakimiyy\u0259tinin ba\u015f\u00e7\u0131s\u0131 konfrans\u0131n \u201cBak\u0131-2015\u201d ilk Avropa Oyunlar\u0131nda \u00f6lk\u0259mizin qazand\u0131\u011f\u0131 u\u011furlar\u0131n do\u011furdu\u011fu xo\u015f t\u0259\u0259ss\u00fcratlar\u0131n t\u0259siri alt\u0131nda ke\u00e7irildiyini vur\u011fulad\u0131.<\/p>\n<p>Prezident Administrasiyas\u0131n\u0131n ictimai-siyasi m\u0259s\u0259l\u0259l\u0259r \u015f\u00f6b\u0259sinin m\u00fcdir m\u00fcavini \u018fr\u0259stun Mehdiyev konfransda \u00e7\u0131x\u0131\u015f etdi. O, son ill\u0259r \u00f6lk\u0259mizin dig\u0259r b\u00f6lg\u0259l\u0259ri kimi, Z\u0259rdab\u0131n da s\u00fcr\u0259tl\u0259 inki\u015faf etdiyini vur\u011fulad\u0131. Diqq\u0259t\u0259 \u00e7atd\u0131r\u0131ld\u0131 ki, b\u00fct\u00fcn bunlar Az\u0259rbaycan Prezidenti \u0130lham \u018fliyevin Z\u0259rdabi yurduna g\u00f6st\u0259rdiyi diqq\u0259t v\u0259 qay\u011f\u0131n\u0131n n\u0259tic\u0259sidir.<\/p>\n<p>Prezident Administrasiyas\u0131n\u0131n r\u0259smisi d\u00f6vl\u0259timizin ba\u015f\u00e7\u0131s\u0131n\u0131n son d\u00f6vrl\u0259rd\u0259 Z\u0259rdaba iki d\u0259f\u0259 s\u0259f\u0259r etm\u0259sind\u0259n dan\u0131\u015faraq, Z\u0259rdabi muzeyinin \u0259sasl\u0131 t\u0259miri v\u0259 eksponatlarla z\u0259nginl\u0259\u015fdirilm\u0259si m\u0259qs\u0259dil\u0259 300 min manat v\u0259saitin ayr\u0131lmas\u0131 bar\u0259d\u0259 S\u0259r\u0259ncam\u0131n v\u0259 bu i\u015fl\u0259rin h\u0259yata ke\u00e7irilm\u0259sinin z\u0259rdabl\u0131lar t\u0259r\u0259find\u0259n b\u00f6y\u00fck minn\u0259tdarl\u0131qla qar\u015f\u0131land\u0131\u011f\u0131n\u0131 diqq\u0259t\u0259 \u00e7atd\u0131rd\u0131.<\/p>\n<p>Xalq\u0131m\u0131z\u0131n milli \u015f\u00fcurunun oyanmas\u0131nda, milli birliyin formala\u015fmas\u0131nda misilsiz xidm\u0259tl\u0259r g\u00f6st\u0259r\u0259n \u201c\u018fkin\u00e7i\u201d q\u0259zeti il\u0259 t\u0259m\u0259li qoyulan Az\u0259rbaycan m\u0259tbuat\u0131n\u0131n tarixind\u0259n, m\u00fcst\u0259qillik d\u00f6vr\u00fcnd\u0259 m\u0259tbuat\u0131n inki\u015faf\u0131 v\u0259 demokratikl\u0259\u015fm\u0259si istiqam\u0259tind\u0259 g\u00f6r\u00fcl\u0259n i\u015fl\u0259rd\u0259n b\u0259hs ed\u0259n \u018fr\u0259stun Mehdiyev bildirdi ki, 1875-ci il iyulun 22-d\u0259 f\u0259aliyy\u0259t\u0259 ba\u015flayan v\u0259 c\u0259mi 56 n\u00f6mr\u0259si \u00e7\u0131xan \u201c\u018fkin\u00e7i\u201d h\u0259m d\u0259 d\u00f6vr\u00fcn m\u00fct\u0259r\u0259qqi ideyalar\u0131n\u0131n, maarif\u00e7iliyin t\u0259bli\u011fat\u00e7\u0131s\u0131 v\u0259 car\u00e7\u0131s\u0131 olub, ziyal\u0131lar\u0131 vahid az\u0259rbaycan\u00e7\u0131l\u0131q ideyas\u0131 \u0259traf\u0131nda birl\u0259\u015fdir\u0259r\u0259k bir araya g\u0259tirib.<\/p>\n<p>\u201c\u018fkin\u00e7i\u201d q\u0259zetinin t\u0259sis\u00e7isi H\u0259s\u0259n b\u0259y Z\u0259rdabinin mill\u0259ti qar\u015f\u0131s\u0131nda xidm\u0259tl\u0259rind\u0259n dan\u0131\u015fan \u018fr\u0259stun Mehdiyev deyib: &#8220;Z\u0259rdabi Z\u0259rdab\u0131 Az\u0259rbaycana, Az\u0259rbaycan\u0131 is\u0259 d\u00fcnyaya tan\u0131d\u0131b. Biz milli m\u0259tbuat\u0131m\u0131z\u0131n 140 illik yubileyi il\u0259 ba\u011fl\u0131 ilk regional konfrans\u0131 Z\u0259rdabda ke\u00e7irm\u0259kl\u0259 H\u0259s\u0259n b\u0259y Z\u0259rdabiy\u0259 ehtiram\u0131m\u0131z\u0131 ifad\u0259 edirik&#8221;.<\/p>\n<p>\u018fr\u0259stun Mehdiyev ulu \u00f6nd\u0259r Heyd\u0259r \u018fliyevin Az\u0259rbaycanda yenid\u0259n siyasi hakimiyy\u0259t\u0259 qay\u0131d\u0131\u015f\u0131ndan sonra m\u0259tbuat\u0131n inki\u015faf\u0131na x\u00fcsusi \u00f6n\u0259m verildiyini, azad s\u00f6z\u0259, azad fikr\u0259 geni\u015f imkanlar yarad\u0131ld\u0131\u011f\u0131n\u0131 diqq\u0259t\u0259 \u00e7atd\u0131rd\u0131. 1998-ci ild\u0259 m\u0259tbuat \u00fcz\u0259rind\u0259n senzuran\u0131n g\u00f6t\u00fcr\u00fclm\u0259si il\u0259 d\u00f6vl\u0259tin m\u0259tbuata n\u0259zar\u0259ti aradan qald\u0131r\u0131ld\u0131. Bundan sonra m\u0259tbuat daha s\u00fcr\u0259tl\u0259 inki\u015faf etm\u0259y\u0259 ba\u015flad\u0131.<\/p>\n<p>Bu g\u00fcn Az\u0259rbaycan m\u0259tbuat\u0131 qar\u015f\u0131s\u0131nda b\u00f6y\u00fck v\u0259zif\u0259l\u0259rin durdu\u011funu bildir\u0259n \u018fr\u0259stun Mehdiyev dedi ki, k\u00fctl\u0259vi informasiya vasit\u0259l\u0259ri haz\u0131rda \u00f6lk\u0259miz\u0259 qar\u015f\u0131 apar\u0131lan qara piar kampaniyas\u0131na tutarl\u0131 cavab verm\u0259li, m\u00fcxt\u0259lif m\u00f6vzularda operativ, d\u00fczg\u00fcn v\u0259 geni\u015f t\u0259hlili yaz\u0131lar buraxmaqla, ictimaiyy\u0259ti vaxt\u0131nda m\u0259lumatland\u0131rmal\u0131d\u0131r.<\/p>\n<p>Sonra \u018fr\u0259stun Mehdiyev Prezident \u0130lham \u018fliyevin \u201cAz\u0259rbaycan milli m\u0259tbuat\u0131n\u0131n 140 illik yubileyinin ke\u00e7irilm\u0259si haqq\u0131nda\u201d 2015-ci il 2 iyun tarixli S\u0259r\u0259ncam\u0131na diqq\u0259ti c\u0259lb ed\u0259r\u0259k bildirdi ki, bu s\u0259n\u0259d\u0259 uy\u011fun olaraq respublikam\u0131zda milli m\u0259tbuat\u0131m\u0131z\u0131n yubileyi il\u0259 \u0259laq\u0259dar silsil\u0259 t\u0259dbirl\u0259r ke\u00e7iril\u0259c\u0259k. Bu silsil\u0259d\u0259n ilk t\u0259dbir Bak\u0131 D\u00f6vl\u0259t Universitetind\u0259 ke\u00e7irildi. Regionlar \u00fczr\u0259 ilk konfrans is\u0259 Z\u0259rdabi yurdunda t\u0259\u015fkil olunur. H\u0259r iki \u00fcnvan\u0131n b\u00f6y\u00fck r\u0259mzi m\u0259nas\u0131 var. Az\u0259rbaycan Prezidenti \u0130lham \u018fliyevin \u00f6lk\u0259mizd\u0259 s\u00f6z v\u0259 m\u0259tbuat azadl\u0131\u011f\u0131n\u0131n t\u0259min olunmas\u0131 istiqam\u0259tind\u0259 g\u00f6rd\u00fcy\u00fc i\u015fl\u0259ri xat\u0131rladan \u018fr\u0259stun Mehdiyev bunun davaml\u0131 olaca\u011f\u0131n\u0131 diqq\u0259t\u0259 \u00e7atd\u0131rd\u0131.<\/p>\n<p>Regional konfransda M\u0259tbuat \u015euras\u0131 \u0130dar\u0259 Hey\u0259tinin \u00fczv\u00fc, BDU-nun jurnalistika fak\u00fclt\u0259sinin dekan\u0131, professor \u015eamil V\u0259liyev \u201cAz\u0259rbaycan milli m\u0259tbuat\u0131 140: inki\u015faf yolu v\u0259 m\u00fcasir d\u00f6vr\u00fcn \u00e7a\u011f\u0131r\u0131\u015flar\u0131\u201d m\u00f6vzusunda m\u0259ruz\u0259 etdi, milli m\u0259tbuat\u0131m\u0131z\u0131n ke\u00e7diyi tarixi yola n\u0259z\u0259r sald\u0131, m\u00fcasir jurnalistikan\u0131n, region m\u0259tbuat\u0131n\u0131n qar\u015f\u0131s\u0131nda duran v\u0259zif\u0259l\u0259rd\u0259n dan\u0131\u015fd\u0131.<\/p>\n<p>Konfransda \u00e7\u0131x\u0131\u015f ed\u0259n Az\u0259rbaycan Respublikas\u0131n\u0131n Prezidenti yan\u0131nda K\u00fctl\u0259vi \u0130nformasiya Vasit\u0259l\u0259rinin \u0130nki\u015faf\u0131na D\u00f6vl\u0259t D\u0259st\u0259yi Fondunun icra\u00e7\u0131 direktoru V\u00fcqar S\u0259f\u0259rli, Milli M\u0259clisin deputat\u0131 Jal\u0259 \u018fliyeva bu g\u00fcn milli m\u0259tbuat\u0131m\u0131za, jurnalistl\u0259r\u0259 g\u00f6st\u0259ril\u0259n d\u00f6vl\u0259t qay\u011f\u0131s\u0131ndan b\u0259hs etdil\u0259r.<\/p>\n<p>Sonra konfrans i\u015fini m\u0259ruz\u0259 v\u0259 \u00e7\u0131x\u0131\u015flar \u0259traf\u0131nda m\u00fczakir\u0259l\u0259rl\u0259 davam etdirdi.<\/p>\n<p>Yerli q\u0259zetl\u0259rin redaktorlar\u0131 region m\u0259tbuat\u0131n\u0131n bug\u00fcnk\u00fc durumundan, son d\u00f6vrl\u0259rd\u0259 bu sah\u0259d\u0259ki inki\u015fafdan dan\u0131\u015fd\u0131lar.<\/p>\n<p>Konfransa yekun vuran Prezident Administrasiyas\u0131n\u0131n r\u0259smisi \u018fr\u0259stun Mehdiyev m\u0259tbuat\u0131n qar\u015f\u0131s\u0131nda duran v\u0259zif\u0259l\u0259rd\u0259n, regionlar\u0131n inki\u015faf\u0131 sah\u0259sind\u0259 \u0259ld\u0259 olunan u\u011furlar\u0131n informasiya t\u0259minat\u0131ndan s\u00f6hb\u0259t a\u00e7d\u0131.<\/p>\n<p><strong>Zerdab.com<a href=\"http:\/\/www.zerdab.com\/milli-m%c9%99tbuatin-140-illiyi-il%c9%99-%c9%99laq%c9%99dar-z%c9%99rdabda-regional-konfrans-kecirildi\/zerdab-com3-2\/\" rel=\"attachment wp-att-20123\"><img loading=\"lazy\" decoding=\"async\" class=\"aligncenter size-large wp-image-20123\" src=\"http:\/\/www.zerdab.com\/wp-content\/uploads\/2015\/07\/Zerdab.com3_-550x413.jpg\" alt=\"Zerdab.com\" width=\"550\" height=\"413\" \/><\/a><a href=\"http:\/\/www.zerdab.com\/milli-m%c9%99tbuatin-140-illiyi-il%c9%99-%c9%99laq%c9%99dar-z%c9%99rdabda-regional-konfrans-kecirildi\/zerdab-com4\/\" rel=\"attachment wp-att-20124\"><img loading=\"lazy\" decoding=\"async\" class=\"aligncenter size-large wp-image-20124\" src=\"http:\/\/www.zerdab.com\/wp-content\/uploads\/2015\/07\/Zerdab.com4_-550x413.jpg\" alt=\"Zerdab.com\" width=\"550\" height=\"413\" \/><\/a><a href=\"http:\/\/www.zerdab.com\/milli-m%c9%99tbuatin-140-illiyi-il%c9%99-%c9%99laq%c9%99dar-z%c9%99rdabda-regional-konfrans-kecirildi\/14357596122573516970_750x500\/\" rel=\"attachment wp-att-20120\"><img loading=\"lazy\" decoding=\"async\" class=\"aligncenter size-large wp-image-20120\" src=\"http:\/\/www.zerdab.com\/wp-content\/uploads\/2015\/07\/14357596122573516970_750x500-550x375.jpg\" alt=\"Zerdab.com\" width=\"550\" height=\"375\" \/><\/a><a href=\"http:\/\/www.zerdab.com\/milli-m%c9%99tbuatin-140-illiyi-il%c9%99-%c9%99laq%c9%99dar-z%c9%99rdabda-regional-konfrans-kecirildi\/isam%c9%99ddin-%c9%99hm%c9%99dov-5\/\" rel=\"attachment wp-att-20214\"><img loading=\"lazy\" decoding=\"async\" class=\"aligncenter size-large wp-image-20214\" src=\"http:\/\/www.zerdab.com\/wp-content\/uploads\/2015\/07\/\u0130sam\u0259ddin-\u018fhm\u0259dov-550x413.jpg\" alt=\"\u0130sam\u0259ddin \u018fhm\u0259dov\" width=\"550\" height=\"413\" \/><\/a><a href=\"http:\/\/www.zerdab.com\/milli-m%c9%99tbuatin-140-illiyi-il%c9%99-%c9%99laq%c9%99dar-z%c9%99rdabda-regional-konfrans-kecirildi\/zerdab-com3-2\/\" rel=\"attachment wp-att-20123\"><img loading=\"lazy\" decoding=\"async\" class=\"aligncenter size-large wp-image-20123\" src=\"http:\/\/www.zerdab.com\/wp-content\/uploads\/2015\/07\/Zerdab.com3_-550x413.jpg\" alt=\"Zerdab.com\" width=\"550\" height=\"413\" \/><\/a><a href=\"http:\/\/www.zerdab.com\/milli-m%c9%99tbuatin-140-illiyi-il%c9%99-%c9%99laq%c9%99dar-z%c9%99rdabda-regional-konfrans-kecirildi\/zerdab-com4\/\" rel=\"attachment wp-att-20124\"><img loading=\"lazy\" decoding=\"async\" class=\"aligncenter size-large wp-image-20124\" src=\"http:\/\/www.zerdab.com\/wp-content\/uploads\/2015\/07\/Zerdab.com4_-550x413.jpg\" alt=\"Zerdab.com\" width=\"550\" height=\"413\" \/><\/a><a href=\"http:\/\/www.zerdab.com\/milli-m%c9%99tbuatin-140-illiyi-il%c9%99-%c9%99laq%c9%99dar-z%c9%99rdabda-regional-konfrans-kecirildi\/zerdab-com7\/\" rel=\"attachment wp-att-20128\"><img loading=\"lazy\" decoding=\"async\" class=\"aligncenter size-large wp-image-20128\" src=\"http:\/\/www.zerdab.com\/wp-content\/uploads\/2015\/07\/Zerdab.com7_-550x413.jpg\" alt=\"Zerdab.com\" width=\"550\" height=\"413\" \/><\/a><a href=\"http:\/\/www.zerdab.com\/milli-m%c9%99tbuatin-140-illiyi-il%c9%99-%c9%99laq%c9%99dar-z%c9%99rdabda-regional-konfrans-kecirildi\/zerdab-com8\/\" rel=\"attachment wp-att-20129\"><img loading=\"lazy\" decoding=\"async\" class=\"aligncenter size-large wp-image-20129\" src=\"http:\/\/www.zerdab.com\/wp-content\/uploads\/2015\/07\/Zerdab.com8_-550x413.jpg\" alt=\"Zerdab.com\" width=\"550\" height=\"413\" srcset=\"https:\/\/www.zerdab.com\/wp-content\/uploads\/2015\/07\/Zerdab.com8_-550x413.jpg 550w, https:\/\/www.zerdab.com\/wp-content\/uploads\/2015\/07\/Zerdab.com8_-400x300.jpg 400w, https:\/\/www.zerdab.com\/wp-content\/uploads\/2015\/07\/Zerdab.com8_-500x375.jpg 500w, https:\/\/www.zerdab.com\/wp-content\/uploads\/2015\/07\/Zerdab.com8_-67x50.jpg 67w, https:\/\/www.zerdab.com\/wp-content\/uploads\/2015\/07\/Zerdab.com8_-300x225.jpg 300w, https:\/\/www.zerdab.com\/wp-content\/uploads\/2015\/07\/Zerdab.com8_.jpg 666w\" sizes=\"auto, (max-width: 550px) 100vw, 550px\" \/><\/a><a href=\"http:\/\/www.zerdab.com\/milli-m%c9%99tbuatin-140-illiyi-il%c9%99-%c9%99laq%c9%99dar-z%c9%99rdabda-regional-konfrans-kecirildi\/zerdab-com8\/\" rel=\"attachment wp-att-20129\"><img loading=\"lazy\" decoding=\"async\" class=\"aligncenter size-large wp-image-20129\" src=\"http:\/\/www.zerdab.com\/wp-content\/uploads\/2015\/07\/Zerdab.com8_-550x413.jpg\" alt=\"Zerdab.com\" width=\"550\" height=\"413\" srcset=\"https:\/\/www.zerdab.com\/wp-content\/uploads\/2015\/07\/Zerdab.com8_-550x413.jpg 550w, https:\/\/www.zerdab.com\/wp-content\/uploads\/2015\/07\/Zerdab.com8_-400x300.jpg 400w, https:\/\/www.zerdab.com\/wp-content\/uploads\/2015\/07\/Zerdab.com8_-500x375.jpg 500w, https:\/\/www.zerdab.com\/wp-content\/uploads\/2015\/07\/Zerdab.com8_-67x50.jpg 67w, https:\/\/www.zerdab.com\/wp-content\/uploads\/2015\/07\/Zerdab.com8_-300x225.jpg 300w, https:\/\/www.zerdab.com\/wp-content\/uploads\/2015\/07\/Zerdab.com8_.jpg 666w\" sizes=\"auto, (max-width: 550px) 100vw, 550px\" \/><\/a><a href=\"http:\/\/www.zerdab.com\/milli-m%c9%99tbuatin-140-illiyi-il%c9%99-%c9%99laq%c9%99dar-z%c9%99rdabda-regional-konfrans-kecirildi\/zerdab-com9\/\" rel=\"attachment wp-att-20130\"><img loading=\"lazy\" decoding=\"async\" class=\"aligncenter size-large wp-image-20130\" src=\"http:\/\/www.zerdab.com\/wp-content\/uploads\/2015\/07\/Zerdab.com9_-550x413.jpg\" alt=\"Zerdab.com\" width=\"550\" height=\"413\" \/><\/a><a href=\"http:\/\/www.zerdab.com\/milli-m%c9%99tbuatin-140-illiyi-il%c9%99-%c9%99laq%c9%99dar-z%c9%99rdabda-regional-konfrans-kecirildi\/zerdab-com10\/\" rel=\"attachment wp-att-20131\"><img loading=\"lazy\" decoding=\"async\" class=\"aligncenter size-large wp-image-20131\" src=\"http:\/\/www.zerdab.com\/wp-content\/uploads\/2015\/07\/Zerdab.com10-550x434.jpg\" alt=\"Zerdab.com\" width=\"550\" height=\"434\" \/><\/a><a href=\"http:\/\/www.zerdab.com\/milli-m%c9%99tbuatin-140-illiyi-il%c9%99-%c9%99laq%c9%99dar-z%c9%99rdabda-regional-konfrans-kecirildi\/zerdab-com11\/\" rel=\"attachment wp-att-20132\"><img loading=\"lazy\" decoding=\"async\" class=\"aligncenter size-large wp-image-20132\" src=\"http:\/\/www.zerdab.com\/wp-content\/uploads\/2015\/07\/Zerdab.com11-550x430.jpg\" alt=\"Zerdab.com\" width=\"550\" height=\"430\" \/><\/a><\/strong><\/p>\n","protected":false},"excerpt":{"rendered":"<p>Az\u0259rbaycan milli m\u0259tbuat\u0131n\u0131n 140 illiyi il\u0259 \u0259laq\u0259dar iyulun 1-d\u0259 Z\u0259rdabda regional konfrans ke\u00e7irilib. Zerdab.com x\u0259b\u0259r verir ki, 17 rayondan yerli q\u0259zetl\u0259rin redaktorlar\u0131n\u0131n v\u0259 rayon icra hakimiyy\u0259tl\u0259rinin m\u0259sul i\u015f\u00e7il\u0259rinin d\u0259 d\u0259v\u0259t olunduqlar\u0131 konfrans\u0131n i\u015ftirak\u00e7\u0131lar\u0131 \u0259vv\u0259lc\u0259 m\u00fcasir Az\u0259rbaycan m\u0259tbuat\u0131n\u0131n inki\u015faf\u0131nda b\u00f6y\u00fck xidm\u0259tl\u0259ri olan \u00fcmummilli lider Heyd\u0259r \u018fliyevin abid\u0259sini ziyar\u0259t ed\u0259r\u0259k, \u00f6n\u00fcn\u0259 g\u00fcl d\u0259st\u0259l\u0259ri qoydular. Sonra milli m\u0259tbuat\u0131m\u0131z\u0131n [&hellip;]<\/p>\n","protected":false},"author":1,"featured_media":0,"comment_status":"open","ping_status":"open","sticky":false,"template":"","format":"standard","meta":{"footnotes":""},"categories":[5],"tags":[],"class_list":{"0":"post-20118","1":"post","2":"type-post","3":"status-publish","4":"format-standard","6":"category-knd"},"yoast_head":"<!-- This site is optimized with the Yoast SEO plugin v27.0 - https:\/\/yoast.com\/product\/yoast-seo-wordpress\/ -->\n<title>Milli m\u0259tbuat\u0131n 140 illiyi il\u0259 \u0259laq\u0259dar Z\u0259rdabda regional konfrans ke\u00e7irildi - Z\u0259rdab.com<\/title>\n<meta name=\"robots\" content=\"index, follow, max-snippet:-1, max-image-preview:large, max-video-preview:-1\" \/>\n<link rel=\"canonical\" href=\"https:\/\/www.zerdab.com\/?p=20118\" \/>\n<meta property=\"og:locale\" content=\"az_AZ\" \/>\n<meta property=\"og:type\" content=\"article\" \/>\n<meta property=\"og:title\" content=\"Milli m\u0259tbuat\u0131n 140 illiyi il\u0259 \u0259laq\u0259dar Z\u0259rdabda regional konfrans ke\u00e7irildi - Z\u0259rdab.com\" \/>\n<meta property=\"og:description\" content=\"Az\u0259rbaycan milli m\u0259tbuat\u0131n\u0131n 140 illiyi il\u0259 \u0259laq\u0259dar iyulun 1-d\u0259 Z\u0259rdabda regional konfrans ke\u00e7irilib. Zerdab.com x\u0259b\u0259r verir ki, 17 rayondan yerli q\u0259zetl\u0259rin redaktorlar\u0131n\u0131n v\u0259 rayon icra hakimiyy\u0259tl\u0259rinin m\u0259sul i\u015f\u00e7il\u0259rinin d\u0259 d\u0259v\u0259t olunduqlar\u0131 konfrans\u0131n i\u015ftirak\u00e7\u0131lar\u0131 \u0259vv\u0259lc\u0259 m\u00fcasir Az\u0259rbaycan m\u0259tbuat\u0131n\u0131n inki\u015faf\u0131nda b\u00f6y\u00fck xidm\u0259tl\u0259ri olan \u00fcmummilli lider Heyd\u0259r \u018fliyevin abid\u0259sini ziyar\u0259t ed\u0259r\u0259k, \u00f6n\u00fcn\u0259 g\u00fcl d\u0259st\u0259l\u0259ri qoydular. Sonra milli m\u0259tbuat\u0131m\u0131z\u0131n [&hellip;]\" \/>\n<meta property=\"og:url\" content=\"https:\/\/www.zerdab.com\/?p=20118\" \/>\n<meta property=\"og:site_name\" content=\"Z\u0259rdab.com\" \/>\n<meta property=\"article:published_time\" content=\"2015-07-01T14:41:51+00:00\" \/>\n<meta property=\"article:modified_time\" content=\"2015-07-08T10:29:42+00:00\" \/>\n<meta property=\"og:image\" content=\"http:\/\/www.zerdab.com\/wp-content\/uploads\/2015\/07\/Zerdab.com1_-550x413.jpg\" \/>\n<meta name=\"author\" content=\"admin\" \/>\n<meta name=\"twitter:card\" content=\"summary_large_image\" \/>\n<meta name=\"twitter:label1\" content=\"Written by\" \/>\n\t<meta name=\"twitter:data1\" content=\"admin\" \/>\n\t<meta name=\"twitter:label2\" content=\"Est. reading time\" \/>\n\t<meta name=\"twitter:data2\" content=\"6 minutes\" \/>\n<script type=\"application\/ld+json\" class=\"yoast-schema-graph\">{\"@context\":\"https:\/\/schema.org\",\"@graph\":[{\"@type\":\"Article\",\"@id\":\"https:\/\/www.zerdab.com\/?p=20118#article\",\"isPartOf\":{\"@id\":\"https:\/\/www.zerdab.com\/?p=20118\"},\"author\":{\"name\":\"admin\",\"@id\":\"https:\/\/www.zerdab.com\/#\/schema\/person\/97079b7570c1e89ec0d9e138c3672136\"},\"headline\":\"Milli m\u0259tbuat\u0131n 140 illiyi il\u0259 \u0259laq\u0259dar Z\u0259rdabda regional konfrans ke\u00e7irildi\",\"datePublished\":\"2015-07-01T14:41:51+00:00\",\"dateModified\":\"2015-07-08T10:29:42+00:00\",\"mainEntityOfPage\":{\"@id\":\"https:\/\/www.zerdab.com\/?p=20118\"},\"wordCount\":1196,\"commentCount\":1,\"image\":{\"@id\":\"https:\/\/www.zerdab.com\/?p=20118#primaryimage\"},\"thumbnailUrl\":\"http:\/\/www.zerdab.com\/wp-content\/uploads\/2015\/07\/Zerdab.com1_-550x413.jpg\",\"articleSection\":[\"X\u018fB\u018fRL\u018fR\"],\"inLanguage\":\"az\",\"potentialAction\":[{\"@type\":\"CommentAction\",\"name\":\"Comment\",\"target\":[\"https:\/\/www.zerdab.com\/?p=20118#respond\"]}]},{\"@type\":\"WebPage\",\"@id\":\"https:\/\/www.zerdab.com\/?p=20118\",\"url\":\"https:\/\/www.zerdab.com\/?p=20118\",\"name\":\"Milli m\u0259tbuat\u0131n 140 illiyi il\u0259 \u0259laq\u0259dar Z\u0259rdabda regional konfrans ke\u00e7irildi - Z\u0259rdab.com\",\"isPartOf\":{\"@id\":\"https:\/\/www.zerdab.com\/#website\"},\"primaryImageOfPage\":{\"@id\":\"https:\/\/www.zerdab.com\/?p=20118#primaryimage\"},\"image\":{\"@id\":\"https:\/\/www.zerdab.com\/?p=20118#primaryimage\"},\"thumbnailUrl\":\"http:\/\/www.zerdab.com\/wp-content\/uploads\/2015\/07\/Zerdab.com1_-550x413.jpg\",\"datePublished\":\"2015-07-01T14:41:51+00:00\",\"dateModified\":\"2015-07-08T10:29:42+00:00\",\"author\":{\"@id\":\"https:\/\/www.zerdab.com\/#\/schema\/person\/97079b7570c1e89ec0d9e138c3672136\"},\"breadcrumb\":{\"@id\":\"https:\/\/www.zerdab.com\/?p=20118#breadcrumb\"},\"inLanguage\":\"az\",\"potentialAction\":[{\"@type\":\"ReadAction\",\"target\":[\"https:\/\/www.zerdab.com\/?p=20118\"]}]},{\"@type\":\"ImageObject\",\"inLanguage\":\"az\",\"@id\":\"https:\/\/www.zerdab.com\/?p=20118#primaryimage\",\"url\":\"\",\"contentUrl\":\"\"},{\"@type\":\"BreadcrumbList\",\"@id\":\"https:\/\/www.zerdab.com\/?p=20118#breadcrumb\",\"itemListElement\":[{\"@type\":\"ListItem\",\"position\":1,\"name\":\"Home\",\"item\":\"https:\/\/www.zerdab.com\/\"},{\"@type\":\"ListItem\",\"position\":2,\"name\":\"Milli m\u0259tbuat\u0131n 140 illiyi il\u0259 \u0259laq\u0259dar Z\u0259rdabda regional konfrans ke\u00e7irildi\"}]},{\"@type\":\"WebSite\",\"@id\":\"https:\/\/www.zerdab.com\/#website\",\"url\":\"https:\/\/www.zerdab.com\/\",\"name\":\"Z\u0259rdab.com\",\"description\":\"\",\"potentialAction\":[{\"@type\":\"SearchAction\",\"target\":{\"@type\":\"EntryPoint\",\"urlTemplate\":\"https:\/\/www.zerdab.com\/?s={search_term_string}\"},\"query-input\":{\"@type\":\"PropertyValueSpecification\",\"valueRequired\":true,\"valueName\":\"search_term_string\"}}],\"inLanguage\":\"az\"},{\"@type\":\"Person\",\"@id\":\"https:\/\/www.zerdab.com\/#\/schema\/person\/97079b7570c1e89ec0d9e138c3672136\",\"name\":\"admin\",\"image\":{\"@type\":\"ImageObject\",\"inLanguage\":\"az\",\"@id\":\"https:\/\/www.zerdab.com\/#\/schema\/person\/image\/\",\"url\":\"https:\/\/secure.gravatar.com\/avatar\/d9c52a9a27c32119cb6679a077fa3e2779e5f822c451cbf01098004361d466ec?s=96&d=mm&r=g\",\"contentUrl\":\"https:\/\/secure.gravatar.com\/avatar\/d9c52a9a27c32119cb6679a077fa3e2779e5f822c451cbf01098004361d466ec?s=96&d=mm&r=g\",\"caption\":\"admin\"},\"url\":\"https:\/\/www.zerdab.com\/?author=1\"}]}<\/script>\n<!-- \/ Yoast SEO plugin. -->","yoast_head_json":{"title":"Milli m\u0259tbuat\u0131n 140 illiyi il\u0259 \u0259laq\u0259dar Z\u0259rdabda regional konfrans ke\u00e7irildi - Z\u0259rdab.com","robots":{"index":"index","follow":"follow","max-snippet":"max-snippet:-1","max-image-preview":"max-image-preview:large","max-video-preview":"max-video-preview:-1"},"canonical":"https:\/\/www.zerdab.com\/?p=20118","og_locale":"az_AZ","og_type":"article","og_title":"Milli m\u0259tbuat\u0131n 140 illiyi il\u0259 \u0259laq\u0259dar Z\u0259rdabda regional konfrans ke\u00e7irildi - Z\u0259rdab.com","og_description":"Az\u0259rbaycan milli m\u0259tbuat\u0131n\u0131n 140 illiyi il\u0259 \u0259laq\u0259dar iyulun 1-d\u0259 Z\u0259rdabda regional konfrans ke\u00e7irilib. Zerdab.com x\u0259b\u0259r verir ki, 17 rayondan yerli q\u0259zetl\u0259rin redaktorlar\u0131n\u0131n v\u0259 rayon icra hakimiyy\u0259tl\u0259rinin m\u0259sul i\u015f\u00e7il\u0259rinin d\u0259 d\u0259v\u0259t olunduqlar\u0131 konfrans\u0131n i\u015ftirak\u00e7\u0131lar\u0131 \u0259vv\u0259lc\u0259 m\u00fcasir Az\u0259rbaycan m\u0259tbuat\u0131n\u0131n inki\u015faf\u0131nda b\u00f6y\u00fck xidm\u0259tl\u0259ri olan \u00fcmummilli lider Heyd\u0259r \u018fliyevin abid\u0259sini ziyar\u0259t ed\u0259r\u0259k, \u00f6n\u00fcn\u0259 g\u00fcl d\u0259st\u0259l\u0259ri qoydular. Sonra milli m\u0259tbuat\u0131m\u0131z\u0131n [&hellip;]","og_url":"https:\/\/www.zerdab.com\/?p=20118","og_site_name":"Z\u0259rdab.com","article_published_time":"2015-07-01T14:41:51+00:00","article_modified_time":"2015-07-08T10:29:42+00:00","og_image":[{"url":"http:\/\/www.zerdab.com\/wp-content\/uploads\/2015\/07\/Zerdab.com1_-550x413.jpg","type":"","width":"","height":""}],"author":"admin","twitter_card":"summary_large_image","twitter_misc":{"Written by":"admin","Est. reading time":"6 minutes"},"schema":{"@context":"https:\/\/schema.org","@graph":[{"@type":"Article","@id":"https:\/\/www.zerdab.com\/?p=20118#article","isPartOf":{"@id":"https:\/\/www.zerdab.com\/?p=20118"},"author":{"name":"admin","@id":"https:\/\/www.zerdab.com\/#\/schema\/person\/97079b7570c1e89ec0d9e138c3672136"},"headline":"Milli m\u0259tbuat\u0131n 140 illiyi il\u0259 \u0259laq\u0259dar Z\u0259rdabda regional konfrans ke\u00e7irildi","datePublished":"2015-07-01T14:41:51+00:00","dateModified":"2015-07-08T10:29:42+00:00","mainEntityOfPage":{"@id":"https:\/\/www.zerdab.com\/?p=20118"},"wordCount":1196,"commentCount":1,"image":{"@id":"https:\/\/www.zerdab.com\/?p=20118#primaryimage"},"thumbnailUrl":"http:\/\/www.zerdab.com\/wp-content\/uploads\/2015\/07\/Zerdab.com1_-550x413.jpg","articleSection":["X\u018fB\u018fRL\u018fR"],"inLanguage":"az","potentialAction":[{"@type":"CommentAction","name":"Comment","target":["https:\/\/www.zerdab.com\/?p=20118#respond"]}]},{"@type":"WebPage","@id":"https:\/\/www.zerdab.com\/?p=20118","url":"https:\/\/www.zerdab.com\/?p=20118","name":"Milli m\u0259tbuat\u0131n 140 illiyi il\u0259 \u0259laq\u0259dar Z\u0259rdabda regional konfrans ke\u00e7irildi - Z\u0259rdab.com","isPartOf":{"@id":"https:\/\/www.zerdab.com\/#website"},"primaryImageOfPage":{"@id":"https:\/\/www.zerdab.com\/?p=20118#primaryimage"},"image":{"@id":"https:\/\/www.zerdab.com\/?p=20118#primaryimage"},"thumbnailUrl":"http:\/\/www.zerdab.com\/wp-content\/uploads\/2015\/07\/Zerdab.com1_-550x413.jpg","datePublished":"2015-07-01T14:41:51+00:00","dateModified":"2015-07-08T10:29:42+00:00","author":{"@id":"https:\/\/www.zerdab.com\/#\/schema\/person\/97079b7570c1e89ec0d9e138c3672136"},"breadcrumb":{"@id":"https:\/\/www.zerdab.com\/?p=20118#breadcrumb"},"inLanguage":"az","potentialAction":[{"@type":"ReadAction","target":["https:\/\/www.zerdab.com\/?p=20118"]}]},{"@type":"ImageObject","inLanguage":"az","@id":"https:\/\/www.zerdab.com\/?p=20118#primaryimage","url":"","contentUrl":""},{"@type":"BreadcrumbList","@id":"https:\/\/www.zerdab.com\/?p=20118#breadcrumb","itemListElement":[{"@type":"ListItem","position":1,"name":"Home","item":"https:\/\/www.zerdab.com\/"},{"@type":"ListItem","position":2,"name":"Milli m\u0259tbuat\u0131n 140 illiyi il\u0259 \u0259laq\u0259dar Z\u0259rdabda regional konfrans ke\u00e7irildi"}]},{"@type":"WebSite","@id":"https:\/\/www.zerdab.com\/#website","url":"https:\/\/www.zerdab.com\/","name":"Z\u0259rdab.com","description":"","potentialAction":[{"@type":"SearchAction","target":{"@type":"EntryPoint","urlTemplate":"https:\/\/www.zerdab.com\/?s={search_term_string}"},"query-input":{"@type":"PropertyValueSpecification","valueRequired":true,"valueName":"search_term_string"}}],"inLanguage":"az"},{"@type":"Person","@id":"https:\/\/www.zerdab.com\/#\/schema\/person\/97079b7570c1e89ec0d9e138c3672136","name":"admin","image":{"@type":"ImageObject","inLanguage":"az","@id":"https:\/\/www.zerdab.com\/#\/schema\/person\/image\/","url":"https:\/\/secure.gravatar.com\/avatar\/d9c52a9a27c32119cb6679a077fa3e2779e5f822c451cbf01098004361d466ec?s=96&d=mm&r=g","contentUrl":"https:\/\/secure.gravatar.com\/avatar\/d9c52a9a27c32119cb6679a077fa3e2779e5f822c451cbf01098004361d466ec?s=96&d=mm&r=g","caption":"admin"},"url":"https:\/\/www.zerdab.com\/?author=1"}]}},"_links":{"self":[{"href":"https:\/\/www.zerdab.com\/index.php?rest_route=\/wp\/v2\/posts\/20118","targetHints":{"allow":["GET"]}}],"collection":[{"href":"https:\/\/www.zerdab.com\/index.php?rest_route=\/wp\/v2\/posts"}],"about":[{"href":"https:\/\/www.zerdab.com\/index.php?rest_route=\/wp\/v2\/types\/post"}],"author":[{"embeddable":true,"href":"https:\/\/www.zerdab.com\/index.php?rest_route=\/wp\/v2\/users\/1"}],"replies":[{"embeddable":true,"href":"https:\/\/www.zerdab.com\/index.php?rest_route=%2Fwp%2Fv2%2Fcomments&post=20118"}],"version-history":[{"count":7,"href":"https:\/\/www.zerdab.com\/index.php?rest_route=\/wp\/v2\/posts\/20118\/revisions"}],"predecessor-version":[{"id":20215,"href":"https:\/\/www.zerdab.com\/index.php?rest_route=\/wp\/v2\/posts\/20118\/revisions\/20215"}],"wp:attachment":[{"href":"https:\/\/www.zerdab.com\/index.php?rest_route=%2Fwp%2Fv2%2Fmedia&parent=20118"}],"wp:term":[{"taxonomy":"category","embeddable":true,"href":"https:\/\/www.zerdab.com\/index.php?rest_route=%2Fwp%2Fv2%2Fcategories&post=20118"},{"taxonomy":"post_tag","embeddable":true,"href":"https:\/\/www.zerdab.com\/index.php?rest_route=%2Fwp%2Fv2%2Ftags&post=20118"}],"curies":[{"name":"wp","href":"https:\/\/api.w.org\/{rel}","templated":true}]}}