{"id":20281,"date":"2015-07-14T14:22:53","date_gmt":"2015-07-14T09:22:53","guid":{"rendered":"http:\/\/www.zerdab.com\/?p=20281"},"modified":"2015-07-14T14:22:57","modified_gmt":"2015-07-14T09:22:57","slug":"z%c9%99rdabda-umumrayon-yigincagi-kecirildi-fotolar","status":"publish","type":"post","link":"https:\/\/www.zerdab.com\/?p=20281","title":{"rendered":"Z\u0259rdabda \u00fcmumrayon y\u0131\u011f\u0131nca\u011f\u0131 ke\u00e7irildi &#8211; FOTOLAR"},"content":{"rendered":"<p><a href=\"http:\/\/www.zerdab.com\/z%c9%99rdabda-umumrayon-yigincagi-kecirildi-fotolar\/z%c9%99rdab-rayonu-112\/\" rel=\"attachment wp-att-20282\"><br \/>\n<\/a><a href=\"http:\/\/www.zerdab.com\/z%c9%99rdabda-umumrayon-yigincagi-kecirildi-fotolar\/z%c9%99rdab-rayonu3-35\/\" rel=\"attachment wp-att-20285\"><br \/>\n<\/a><a href=\"http:\/\/www.zerdab.com\/z%c9%99rdabda-umumrayon-yigincagi-kecirildi-fotolar\/z%c9%99rdab-rayonu1-49\/\" rel=\"attachment wp-att-20283\"><img loading=\"lazy\" decoding=\"async\" class=\"aligncenter size-large wp-image-20283\" src=\"http:\/\/www.zerdab.com\/wp-content\/uploads\/2015\/07\/Z\u0259rdab-rayonu14-550x365.jpg\" alt=\"Z\u0259rdab rayonu1\" width=\"550\" height=\"365\" \/><\/a>Z\u0259rdabda Heyd\u0259r \u018fliyev park\u0131nda \u00dcmummilli lider Heyd\u0259r \u018fliyevin \u00f6lk\u0259mizd\u0259 ilk d\u0259f\u0259 siyasi hakimiyy\u0259t\u0259 g\u0259li\u015finin 46-c\u0131 ild\u00f6n\u00fcm\u00fc m\u00fcnasib\u0259til\u0259 t\u0259nt\u0259n\u0259li \u00fcmumrayon y\u0131\u011f\u0131nca\u011f\u0131 ke\u00e7irilmi\u015fdir. Rayon r\u0259hb\u0259rliyi, h\u00fcquq-m\u00fchafiz\u0259 orqanlar\u0131n\u0131n, idar\u0259 v\u0259 m\u00fc\u0259ssis\u0259l\u0259rin, yerli icra v\u0259 b\u0259l\u0259diyy\u0259 qurumlar\u0131n\u0131n r\u0259hb\u0259rl\u0259ri, \u0259m\u0259k kollektivl\u0259ri v\u0259 ictimaiyy\u0259tin n\u00fcmay\u0259nd\u0259l\u0259ri \u00f6nc\u0259 Ulu \u00f6nd\u0259r Heyd\u0259r \u018fliyevin abid\u0259si \u00f6n\u00fcn\u0259 g\u00fcl v\u0259\u00a0\u00e7i\u00e7\u0259k d\u0259st\u0259l\u0259ri qoymu\u015f, onun xatir\u0259sini ehtiramla yad etmi\u015fl\u0259r. Daha sonra t\u0259dbir Heyd\u0259r \u018fliyev M\u0259rk\u0259zind\u0259 davam etdirilmi\u015fdir. Burada i\u015ftirak\u00e7\u0131lara \u00dcmummilli liderin h\u0259yat v\u0259 f\u0259aliyy\u0259ti il\u0259 ba\u011fl\u0131 video\u00e7arx t\u0259qdim olunmu\u015fdur.<\/p>\n<p>Toplant\u0131da \u00e7\u0131x\u0131\u015f ed\u0259n Z\u0259rdab Rayon \u0130cra Hakimiyy\u0259ti ba\u015f\u00e7\u0131s\u0131n\u0131n birinci m\u00fcavini R\u0259hman Feyzullayev qeyd etmi\u015fdir ki, \u00dcmummilli lider Heyd\u0259r \u018fliyevin 1969-cu il iyulun 14-d\u0259 Az\u0259rbaycan r\u0259hb\u0259rliyin\u0259 g\u0259li\u015fi ke\u00e7mi\u015f Sovetl\u0259r \u0130ttifaq\u0131 daxilind\u0259 geri qalm\u0131\u015f respublikam\u0131z\u0131n bir ne\u00e7\u0259 il \u0259rzind\u0259 h\u0259rt\u0259r\u0259fli inki\u015faf\u0131 v\u0259 o d\u00f6vr\u0259 m\u0259xsus intibah \u0259lam\u0259tl\u0259ri il\u0259 milli tariximiz\u0259 unudulmaz bir g\u00fcn olaraq yaz\u0131lm\u0131\u015fd\u0131r. 46 il \u0259vv\u0259l ba\u015flanan h\u0259min yol Ulu \u00d6nd\u0259rin xalq i\u015fin\u0259 s\u0259daq\u0259ti, milli maraqlar\u0131 h\u0259r \u015feyd\u0259n \u00fcst\u00fcn tutmas\u0131 il\u0259 Az\u0259rbaycan\u0131 yax\u0131nla\u015fmaqda olan d\u00f6vl\u0259t m\u00fcst\u0259qilliyin\u0259 haz\u0131rlam\u0131\u015fd\u0131r. \u0130qtisadi-sosial parametrl\u0259rin\u0259 g\u00f6r\u0259 qon\u015fu respublikalar\u0131n bizd\u0259n \u00e7ox-\u00e7ox ir\u0259lid\u0259 olmas\u0131na baxmayaraq Heyd\u0259r \u018fliyev q\u0131sa m\u00fcdd\u0259td\u0259 Az\u0259rbaycan\u0131 gerilikd\u0259n \u00e7\u0131xarm\u0131\u015f v\u0259 bununla da Az\u0259rbaycan\u0131n t\u0259r\u0259qqisinin ba\u015flan\u011f\u0131c\u0131n\u0131 qoymu\u015fdur.<\/p>\n<p>Natiq qeyd etmi\u015fdir ki, Ulu \u00d6nd\u0259r t\u0259r\u0259find\u0259n \u0259sas\u0131 qoyulan inki\u015faf v\u0259 t\u0259r\u0259qqi yolu bu g\u00fcn m\u00f6ht\u0259r\u0259m Prezidentimiz c\u0259nab \u0130lham \u018fliyev t\u0259r\u0259find\u0259n u\u011furla davam etdirilir.<\/p>\n<p>T\u0259dbir konsert proqram\u0131 il\u0259 davam etdirilmi\u015fdir.<\/p>\n<p><strong>Z\u0259rdab Rayon \u0130cra Hakimiyy\u0259ti<a href=\"http:\/\/www.zerdab.com\/z%c9%99rdabda-umumrayon-yigincagi-kecirildi-fotolar\/z%c9%99rdab-rayonu2-43\/\" rel=\"attachment wp-att-20284\"><img loading=\"lazy\" decoding=\"async\" class=\"aligncenter size-large wp-image-20284\" src=\"http:\/\/www.zerdab.com\/wp-content\/uploads\/2015\/07\/Z\u0259rdab-rayonu21-365x550.jpg\" alt=\"Z\u0259rdab rayonu\" width=\"365\" height=\"550\" \/><\/a><a href=\"http:\/\/www.zerdab.com\/z%c9%99rdabda-umumrayon-yigincagi-kecirildi-fotolar\/z%c9%99rdab-rayonu4-32\/\" rel=\"attachment wp-att-20286\"><br \/>\n<\/a><a href=\"http:\/\/www.zerdab.com\/z%c9%99rdabda-umumrayon-yigincagi-kecirildi-fotolar\/z%c9%99rdab-rayonu-112\/\" rel=\"attachment wp-att-20282\"><img loading=\"lazy\" decoding=\"async\" class=\"aligncenter size-large wp-image-20282\" src=\"http:\/\/www.zerdab.com\/wp-content\/uploads\/2015\/07\/Z\u0259rdab-rayonu13-550x365.jpg\" alt=\"Z\u0259rdab rayonu\" width=\"550\" height=\"365\" \/><\/a><a href=\"http:\/\/www.zerdab.com\/z%c9%99rdabda-umumrayon-yigincagi-kecirildi-fotolar\/z%c9%99rdab-rayonu4-32\/\" rel=\"attachment wp-att-20286\"><img loading=\"lazy\" decoding=\"async\" class=\"aligncenter size-large wp-image-20286\" src=\"http:\/\/www.zerdab.com\/wp-content\/uploads\/2015\/07\/Z\u0259rdab-rayonu41-365x550.jpg\" alt=\"Z\u0259rdab rayonu\" width=\"365\" height=\"550\" \/><\/a><a href=\"http:\/\/www.zerdab.com\/z%c9%99rdabda-umumrayon-yigincagi-kecirildi-fotolar\/z%c9%99rdab-rayonu3-35\/\" rel=\"attachment wp-att-20285\"><img loading=\"lazy\" decoding=\"async\" class=\"aligncenter size-large wp-image-20285\" src=\"http:\/\/www.zerdab.com\/wp-content\/uploads\/2015\/07\/Z\u0259rdab-rayonu31-550x365.jpg\" alt=\"Z\u0259rdab rayonu\" width=\"550\" height=\"365\" \/><\/a><\/strong><\/p>\n","protected":false},"excerpt":{"rendered":"<p>Z\u0259rdabda Heyd\u0259r \u018fliyev park\u0131nda \u00dcmummilli lider Heyd\u0259r \u018fliyevin \u00f6lk\u0259mizd\u0259 ilk d\u0259f\u0259 siyasi hakimiyy\u0259t\u0259 g\u0259li\u015finin 46-c\u0131 ild\u00f6n\u00fcm\u00fc m\u00fcnasib\u0259til\u0259 t\u0259nt\u0259n\u0259li \u00fcmumrayon y\u0131\u011f\u0131nca\u011f\u0131 ke\u00e7irilmi\u015fdir. Rayon r\u0259hb\u0259rliyi, h\u00fcquq-m\u00fchafiz\u0259 orqanlar\u0131n\u0131n, idar\u0259 v\u0259 m\u00fc\u0259ssis\u0259l\u0259rin, yerli icra v\u0259 b\u0259l\u0259diyy\u0259 qurumlar\u0131n\u0131n r\u0259hb\u0259rl\u0259ri, \u0259m\u0259k kollektivl\u0259ri v\u0259 ictimaiyy\u0259tin n\u00fcmay\u0259nd\u0259l\u0259ri \u00f6nc\u0259 Ulu \u00f6nd\u0259r Heyd\u0259r \u018fliyevin abid\u0259si \u00f6n\u00fcn\u0259 g\u00fcl v\u0259\u00a0\u00e7i\u00e7\u0259k d\u0259st\u0259l\u0259ri qoymu\u015f, onun xatir\u0259sini ehtiramla yad etmi\u015fl\u0259r. [&hellip;]<\/p>\n","protected":false},"author":1,"featured_media":0,"comment_status":"open","ping_status":"open","sticky":false,"template":"","format":"standard","meta":{"footnotes":""},"categories":[21],"tags":[],"class_list":{"0":"post-20281","1":"post","2":"type-post","3":"status-publish","4":"format-standard","6":"category-zrdab"},"yoast_head":"<!-- This site is optimized with the Yoast SEO plugin v27.0 - https:\/\/yoast.com\/product\/yoast-seo-wordpress\/ -->\n<title>Z\u0259rdabda \u00fcmumrayon y\u0131\u011f\u0131nca\u011f\u0131 ke\u00e7irildi - FOTOLAR - Z\u0259rdab.com<\/title>\n<meta name=\"robots\" content=\"index, follow, max-snippet:-1, max-image-preview:large, max-video-preview:-1\" \/>\n<link rel=\"canonical\" href=\"https:\/\/www.zerdab.com\/?p=20281\" \/>\n<meta property=\"og:locale\" content=\"az_AZ\" \/>\n<meta property=\"og:type\" content=\"article\" \/>\n<meta property=\"og:title\" content=\"Z\u0259rdabda \u00fcmumrayon y\u0131\u011f\u0131nca\u011f\u0131 ke\u00e7irildi - FOTOLAR - Z\u0259rdab.com\" \/>\n<meta property=\"og:description\" content=\"Z\u0259rdabda Heyd\u0259r \u018fliyev park\u0131nda \u00dcmummilli lider Heyd\u0259r \u018fliyevin \u00f6lk\u0259mizd\u0259 ilk d\u0259f\u0259 siyasi hakimiyy\u0259t\u0259 g\u0259li\u015finin 46-c\u0131 ild\u00f6n\u00fcm\u00fc m\u00fcnasib\u0259til\u0259 t\u0259nt\u0259n\u0259li \u00fcmumrayon y\u0131\u011f\u0131nca\u011f\u0131 ke\u00e7irilmi\u015fdir. Rayon r\u0259hb\u0259rliyi, h\u00fcquq-m\u00fchafiz\u0259 orqanlar\u0131n\u0131n, idar\u0259 v\u0259 m\u00fc\u0259ssis\u0259l\u0259rin, yerli icra v\u0259 b\u0259l\u0259diyy\u0259 qurumlar\u0131n\u0131n r\u0259hb\u0259rl\u0259ri, \u0259m\u0259k kollektivl\u0259ri v\u0259 ictimaiyy\u0259tin n\u00fcmay\u0259nd\u0259l\u0259ri \u00f6nc\u0259 Ulu \u00f6nd\u0259r Heyd\u0259r \u018fliyevin abid\u0259si \u00f6n\u00fcn\u0259 g\u00fcl v\u0259\u00a0\u00e7i\u00e7\u0259k d\u0259st\u0259l\u0259ri qoymu\u015f, onun xatir\u0259sini ehtiramla yad etmi\u015fl\u0259r. [&hellip;]\" \/>\n<meta property=\"og:url\" content=\"https:\/\/www.zerdab.com\/?p=20281\" \/>\n<meta property=\"og:site_name\" content=\"Z\u0259rdab.com\" \/>\n<meta property=\"article:published_time\" content=\"2015-07-14T09:22:53+00:00\" \/>\n<meta property=\"article:modified_time\" content=\"2015-07-14T09:22:57+00:00\" \/>\n<meta name=\"author\" content=\"admin\" \/>\n<meta name=\"twitter:card\" content=\"summary_large_image\" \/>\n<meta name=\"twitter:label1\" content=\"Written by\" \/>\n\t<meta name=\"twitter:data1\" content=\"admin\" \/>\n\t<meta name=\"twitter:label2\" content=\"Est. reading time\" \/>\n\t<meta name=\"twitter:data2\" content=\"2 minutes\" \/>\n<script type=\"application\/ld+json\" class=\"yoast-schema-graph\">{\"@context\":\"https:\/\/schema.org\",\"@graph\":[{\"@type\":\"Article\",\"@id\":\"https:\/\/www.zerdab.com\/?p=20281#article\",\"isPartOf\":{\"@id\":\"https:\/\/www.zerdab.com\/?p=20281\"},\"author\":{\"name\":\"admin\",\"@id\":\"https:\/\/www.zerdab.com\/#\/schema\/person\/97079b7570c1e89ec0d9e138c3672136\"},\"headline\":\"Z\u0259rdabda \u00fcmumrayon y\u0131\u011f\u0131nca\u011f\u0131 ke\u00e7irildi &#8211; FOTOLAR\",\"datePublished\":\"2015-07-14T09:22:53+00:00\",\"dateModified\":\"2015-07-14T09:22:57+00:00\",\"mainEntityOfPage\":{\"@id\":\"https:\/\/www.zerdab.com\/?p=20281\"},\"wordCount\":382,\"commentCount\":1,\"articleSection\":[\"C\u018fM\u0130YY\u018fT\"],\"inLanguage\":\"az\",\"potentialAction\":[{\"@type\":\"CommentAction\",\"name\":\"Comment\",\"target\":[\"https:\/\/www.zerdab.com\/?p=20281#respond\"]}]},{\"@type\":\"WebPage\",\"@id\":\"https:\/\/www.zerdab.com\/?p=20281\",\"url\":\"https:\/\/www.zerdab.com\/?p=20281\",\"name\":\"Z\u0259rdabda \u00fcmumrayon y\u0131\u011f\u0131nca\u011f\u0131 ke\u00e7irildi - FOTOLAR - Z\u0259rdab.com\",\"isPartOf\":{\"@id\":\"https:\/\/www.zerdab.com\/#website\"},\"datePublished\":\"2015-07-14T09:22:53+00:00\",\"dateModified\":\"2015-07-14T09:22:57+00:00\",\"author\":{\"@id\":\"https:\/\/www.zerdab.com\/#\/schema\/person\/97079b7570c1e89ec0d9e138c3672136\"},\"breadcrumb\":{\"@id\":\"https:\/\/www.zerdab.com\/?p=20281#breadcrumb\"},\"inLanguage\":\"az\",\"potentialAction\":[{\"@type\":\"ReadAction\",\"target\":[\"https:\/\/www.zerdab.com\/?p=20281\"]}]},{\"@type\":\"BreadcrumbList\",\"@id\":\"https:\/\/www.zerdab.com\/?p=20281#breadcrumb\",\"itemListElement\":[{\"@type\":\"ListItem\",\"position\":1,\"name\":\"Home\",\"item\":\"https:\/\/www.zerdab.com\/\"},{\"@type\":\"ListItem\",\"position\":2,\"name\":\"Z\u0259rdabda \u00fcmumrayon y\u0131\u011f\u0131nca\u011f\u0131 ke\u00e7irildi &#8211; FOTOLAR\"}]},{\"@type\":\"WebSite\",\"@id\":\"https:\/\/www.zerdab.com\/#website\",\"url\":\"https:\/\/www.zerdab.com\/\",\"name\":\"Z\u0259rdab.com\",\"description\":\"\",\"potentialAction\":[{\"@type\":\"SearchAction\",\"target\":{\"@type\":\"EntryPoint\",\"urlTemplate\":\"https:\/\/www.zerdab.com\/?s={search_term_string}\"},\"query-input\":{\"@type\":\"PropertyValueSpecification\",\"valueRequired\":true,\"valueName\":\"search_term_string\"}}],\"inLanguage\":\"az\"},{\"@type\":\"Person\",\"@id\":\"https:\/\/www.zerdab.com\/#\/schema\/person\/97079b7570c1e89ec0d9e138c3672136\",\"name\":\"admin\",\"image\":{\"@type\":\"ImageObject\",\"inLanguage\":\"az\",\"@id\":\"https:\/\/www.zerdab.com\/#\/schema\/person\/image\/\",\"url\":\"https:\/\/secure.gravatar.com\/avatar\/d9c52a9a27c32119cb6679a077fa3e2779e5f822c451cbf01098004361d466ec?s=96&d=mm&r=g\",\"contentUrl\":\"https:\/\/secure.gravatar.com\/avatar\/d9c52a9a27c32119cb6679a077fa3e2779e5f822c451cbf01098004361d466ec?s=96&d=mm&r=g\",\"caption\":\"admin\"},\"url\":\"https:\/\/www.zerdab.com\/?author=1\"}]}<\/script>\n<!-- \/ Yoast SEO plugin. -->","yoast_head_json":{"title":"Z\u0259rdabda \u00fcmumrayon y\u0131\u011f\u0131nca\u011f\u0131 ke\u00e7irildi - FOTOLAR - Z\u0259rdab.com","robots":{"index":"index","follow":"follow","max-snippet":"max-snippet:-1","max-image-preview":"max-image-preview:large","max-video-preview":"max-video-preview:-1"},"canonical":"https:\/\/www.zerdab.com\/?p=20281","og_locale":"az_AZ","og_type":"article","og_title":"Z\u0259rdabda \u00fcmumrayon y\u0131\u011f\u0131nca\u011f\u0131 ke\u00e7irildi - FOTOLAR - Z\u0259rdab.com","og_description":"Z\u0259rdabda Heyd\u0259r \u018fliyev park\u0131nda \u00dcmummilli lider Heyd\u0259r \u018fliyevin \u00f6lk\u0259mizd\u0259 ilk d\u0259f\u0259 siyasi hakimiyy\u0259t\u0259 g\u0259li\u015finin 46-c\u0131 ild\u00f6n\u00fcm\u00fc m\u00fcnasib\u0259til\u0259 t\u0259nt\u0259n\u0259li \u00fcmumrayon y\u0131\u011f\u0131nca\u011f\u0131 ke\u00e7irilmi\u015fdir. Rayon r\u0259hb\u0259rliyi, h\u00fcquq-m\u00fchafiz\u0259 orqanlar\u0131n\u0131n, idar\u0259 v\u0259 m\u00fc\u0259ssis\u0259l\u0259rin, yerli icra v\u0259 b\u0259l\u0259diyy\u0259 qurumlar\u0131n\u0131n r\u0259hb\u0259rl\u0259ri, \u0259m\u0259k kollektivl\u0259ri v\u0259 ictimaiyy\u0259tin n\u00fcmay\u0259nd\u0259l\u0259ri \u00f6nc\u0259 Ulu \u00f6nd\u0259r Heyd\u0259r \u018fliyevin abid\u0259si \u00f6n\u00fcn\u0259 g\u00fcl v\u0259\u00a0\u00e7i\u00e7\u0259k d\u0259st\u0259l\u0259ri qoymu\u015f, onun xatir\u0259sini ehtiramla yad etmi\u015fl\u0259r. [&hellip;]","og_url":"https:\/\/www.zerdab.com\/?p=20281","og_site_name":"Z\u0259rdab.com","article_published_time":"2015-07-14T09:22:53+00:00","article_modified_time":"2015-07-14T09:22:57+00:00","author":"admin","twitter_card":"summary_large_image","twitter_misc":{"Written by":"admin","Est. reading time":"2 minutes"},"schema":{"@context":"https:\/\/schema.org","@graph":[{"@type":"Article","@id":"https:\/\/www.zerdab.com\/?p=20281#article","isPartOf":{"@id":"https:\/\/www.zerdab.com\/?p=20281"},"author":{"name":"admin","@id":"https:\/\/www.zerdab.com\/#\/schema\/person\/97079b7570c1e89ec0d9e138c3672136"},"headline":"Z\u0259rdabda \u00fcmumrayon y\u0131\u011f\u0131nca\u011f\u0131 ke\u00e7irildi &#8211; FOTOLAR","datePublished":"2015-07-14T09:22:53+00:00","dateModified":"2015-07-14T09:22:57+00:00","mainEntityOfPage":{"@id":"https:\/\/www.zerdab.com\/?p=20281"},"wordCount":382,"commentCount":1,"articleSection":["C\u018fM\u0130YY\u018fT"],"inLanguage":"az","potentialAction":[{"@type":"CommentAction","name":"Comment","target":["https:\/\/www.zerdab.com\/?p=20281#respond"]}]},{"@type":"WebPage","@id":"https:\/\/www.zerdab.com\/?p=20281","url":"https:\/\/www.zerdab.com\/?p=20281","name":"Z\u0259rdabda \u00fcmumrayon y\u0131\u011f\u0131nca\u011f\u0131 ke\u00e7irildi - FOTOLAR - Z\u0259rdab.com","isPartOf":{"@id":"https:\/\/www.zerdab.com\/#website"},"datePublished":"2015-07-14T09:22:53+00:00","dateModified":"2015-07-14T09:22:57+00:00","author":{"@id":"https:\/\/www.zerdab.com\/#\/schema\/person\/97079b7570c1e89ec0d9e138c3672136"},"breadcrumb":{"@id":"https:\/\/www.zerdab.com\/?p=20281#breadcrumb"},"inLanguage":"az","potentialAction":[{"@type":"ReadAction","target":["https:\/\/www.zerdab.com\/?p=20281"]}]},{"@type":"BreadcrumbList","@id":"https:\/\/www.zerdab.com\/?p=20281#breadcrumb","itemListElement":[{"@type":"ListItem","position":1,"name":"Home","item":"https:\/\/www.zerdab.com\/"},{"@type":"ListItem","position":2,"name":"Z\u0259rdabda \u00fcmumrayon y\u0131\u011f\u0131nca\u011f\u0131 ke\u00e7irildi &#8211; FOTOLAR"}]},{"@type":"WebSite","@id":"https:\/\/www.zerdab.com\/#website","url":"https:\/\/www.zerdab.com\/","name":"Z\u0259rdab.com","description":"","potentialAction":[{"@type":"SearchAction","target":{"@type":"EntryPoint","urlTemplate":"https:\/\/www.zerdab.com\/?s={search_term_string}"},"query-input":{"@type":"PropertyValueSpecification","valueRequired":true,"valueName":"search_term_string"}}],"inLanguage":"az"},{"@type":"Person","@id":"https:\/\/www.zerdab.com\/#\/schema\/person\/97079b7570c1e89ec0d9e138c3672136","name":"admin","image":{"@type":"ImageObject","inLanguage":"az","@id":"https:\/\/www.zerdab.com\/#\/schema\/person\/image\/","url":"https:\/\/secure.gravatar.com\/avatar\/d9c52a9a27c32119cb6679a077fa3e2779e5f822c451cbf01098004361d466ec?s=96&d=mm&r=g","contentUrl":"https:\/\/secure.gravatar.com\/avatar\/d9c52a9a27c32119cb6679a077fa3e2779e5f822c451cbf01098004361d466ec?s=96&d=mm&r=g","caption":"admin"},"url":"https:\/\/www.zerdab.com\/?author=1"}]}},"_links":{"self":[{"href":"https:\/\/www.zerdab.com\/index.php?rest_route=\/wp\/v2\/posts\/20281","targetHints":{"allow":["GET"]}}],"collection":[{"href":"https:\/\/www.zerdab.com\/index.php?rest_route=\/wp\/v2\/posts"}],"about":[{"href":"https:\/\/www.zerdab.com\/index.php?rest_route=\/wp\/v2\/types\/post"}],"author":[{"embeddable":true,"href":"https:\/\/www.zerdab.com\/index.php?rest_route=\/wp\/v2\/users\/1"}],"replies":[{"embeddable":true,"href":"https:\/\/www.zerdab.com\/index.php?rest_route=%2Fwp%2Fv2%2Fcomments&post=20281"}],"version-history":[{"count":2,"href":"https:\/\/www.zerdab.com\/index.php?rest_route=\/wp\/v2\/posts\/20281\/revisions"}],"predecessor-version":[{"id":20288,"href":"https:\/\/www.zerdab.com\/index.php?rest_route=\/wp\/v2\/posts\/20281\/revisions\/20288"}],"wp:attachment":[{"href":"https:\/\/www.zerdab.com\/index.php?rest_route=%2Fwp%2Fv2%2Fmedia&parent=20281"}],"wp:term":[{"taxonomy":"category","embeddable":true,"href":"https:\/\/www.zerdab.com\/index.php?rest_route=%2Fwp%2Fv2%2Fcategories&post=20281"},{"taxonomy":"post_tag","embeddable":true,"href":"https:\/\/www.zerdab.com\/index.php?rest_route=%2Fwp%2Fv2%2Ftags&post=20281"}],"curies":[{"name":"wp","href":"https:\/\/api.w.org\/{rel}","templated":true}]}}