{"id":20319,"date":"2015-07-21T11:46:41","date_gmt":"2015-07-21T06:46:41","guid":{"rendered":"http:\/\/www.zerdab.com\/?p=20319"},"modified":"2015-07-21T11:46:41","modified_gmt":"2015-07-21T06:46:41","slug":"prezident-jurnalistl%c9%99ri-t%c9%99ltif-etdi-f%c9%99xri-ad-verdi","status":"publish","type":"post","link":"https:\/\/www.zerdab.com\/?p=20319","title":{"rendered":"Prezident jurnalistl\u0259ri t\u0259ltif etdi, f\u0259xri ad verdi"},"content":{"rendered":"<h1 class=\"content-title blackcolor\"><a href=\"http:\/\/www.zerdab.com\/prezident-ilham-%c9%99liyev-z%c9%99rdabin-inkisafina-boyuk-diqq%c9%99t-gost%c9%99rilir\/21-4\/\" rel=\"attachment wp-att-5090\"><img loading=\"lazy\" decoding=\"async\" class=\"aligncenter size-full wp-image-5090\" src=\"http:\/\/www.zerdab.com\/wp-content\/uploads\/2012\/10\/213.jpg\" alt=\"Prezident_Z\u0259rdabda\" width=\"709\" height=\"450\" \/><\/a>K\u00fctl\u0259vi informasiya vasit\u0259l\u0259ri \u0259m\u0259kda\u015flar\u0131n\u0131n \u201cAz\u0259rbaycan Respublikas\u0131 Prezidentinin f\u0259xri diplomu\u201d il\u0259 t\u0259ltif edilm\u0259si haqq\u0131nda<br \/>\nAz\u0259rbaycan Respublikas\u0131 Prezidentinin S\u0259r\u0259ncam\u0131<\/h1>\n<p>Az\u0259rbaycan Respublikas\u0131 Konstitusiyas\u0131n\u0131n 109-cu madd\u0259sinin 32-ci b\u0259ndini r\u0259hb\u0259r tutaraq<strong>q\u0259rara al\u0131ram:<\/strong><\/p>\n<p>Az\u0259rbaycan Respublikas\u0131nda k\u00fctl\u0259vi informasiya vasit\u0259l\u0259rinin inki\u015faf\u0131ndak\u0131 xidm\u0259tl\u0259rin\u0259 g\u00f6r\u0259 a\u015fa\u011f\u0131dak\u0131 \u015f\u0259xsl\u0259r \u201cAz\u0259rbaycan Respublikas\u0131 Prezidentinin f\u0259xri diplomu\u201d il\u0259 t\u0259ltif edilsinl\u0259r:<\/p>\n<p>Abbasl\u0131 Ad\u0259m Famil o\u011flu<\/p>\n<p>Allahyarov Mahir C\u0259lal o\u011flu<\/p>\n<p>Az\u0259rta\u015f Lal\u0259 Qabil q\u0131z\u0131<\/p>\n<p>Babayev Aq\u015fin Kamal o\u011flu<\/p>\n<p>Cabbarzad\u0259 Xatir\u0259 Hafiz q\u0131z\u0131<\/p>\n<p>C\u0259f\u0259rli Elman Niyazil o\u011flu<\/p>\n<p>Didavari R\u00f6v\u015f\u0259n Tofiq o\u011flu<\/p>\n<p>Eynullayeva Sudab\u0259 Cahangir q\u0131z\u0131<\/p>\n<p>\u018fh\u0259dova Sevda Sabir q\u0131z\u0131<\/p>\n<p>\u018fliyev H\u0259bib \u018fli o\u011flu<\/p>\n<p>G\u00f6z\u0259lov V\u00fcsal Tapd\u0131q o\u011flu<\/p>\n<p>\u0130mam\u0259liyeva Tahir\u0259 M\u0259mm\u0259d q\u0131z\u0131<\/p>\n<p>M\u0259mm\u0259dov \u015eaiq M\u0259mm\u0259d o\u011flu<\/p>\n<p>M\u0259mm\u0259dova G\u00fclnar\u0259 Sultan q\u0131z\u0131<\/p>\n<p>N\u0259sirova Aynur \u018fli q\u0131z\u0131<\/p>\n<p>Nur\u0259liyeva P\u0259rvin \u018fl\u0259mdar q\u0131z\u0131<\/p>\n<p>Qut Arye<\/p>\n<p>Ta\u011f\u0131yev Tahir M\u0259mm\u0259dqulu o\u011flu<\/p>\n<p>V\u0259liyev Az\u0259r Kalam o\u011flu<\/p>\n<p>Yirik Bet\u00fcl<\/p>\n<p>Zeynalov Vaqif Mehrac o\u011flu<\/p>\n<p>***<\/p>\n<h1 class=\"content-title blackcolor\">Az\u0259rbaycan Respublikas\u0131n\u0131n k\u00fctl\u0259vi informasiya vasit\u0259l\u0259ri \u0259m\u0259kda\u015flar\u0131na f\u0259xri adlar\u0131n verilm\u0259si haqq\u0131nda\u00a0Az\u0259rbaycan Respublikas\u0131 Prezidentinin S\u0259r\u0259ncam\u0131<\/h1>\n<p>Az\u0259rbaycan Respublikas\u0131 Konstitusiyas\u0131n\u0131n 109-cu madd\u0259sinin 32-ci b\u0259ndini r\u0259hb\u0259r tutaraq<strong>q\u0259rara al\u0131ram:<\/strong><\/p>\n<p>Az\u0259rbaycan Respublikas\u0131nda k\u00fctl\u0259vi informasiya vasit\u0259l\u0259rinin inki\u015faf\u0131ndak\u0131 xidm\u0259tl\u0259rin\u0259 g\u00f6r\u0259 a\u015fa\u011f\u0131dak\u0131 \u015f\u0259xsl\u0259r\u0259 Az\u0259rbaycan Respublikas\u0131n\u0131n f\u0259xri adlar\u0131 verilsin:<\/p>\n<p><strong>\u201c\u018fm\u0259kdar Jurnalist\u201d<\/strong><\/p>\n<p>Abbasov Rauf Arif o\u011flu<\/p>\n<p>Abdullayev M\u00fcbariz \u018fhm\u0259d o\u011flu<\/p>\n<p>Abdullayeva \u00dclviyy\u0259 Bazim q\u0131z\u0131<\/p>\n<p>Abdulov \u0130lham Rasim o\u011flu<\/p>\n<p>Babayev Elman \u015eahbaba o\u011flu<\/p>\n<p>Babayev Fuad \u0130lyas o\u011flu<\/p>\n<p>Cavadov N\u0259rman \u018fhm\u0259d o\u011flu<\/p>\n<p>\u018fsg\u0259rov M\u00fcbariz A\u011fali o\u011flu<\/p>\n<p>\u018fsg\u0259rzad\u0259 Qafar \u018fl\u0259sg\u0259r o\u011flu<\/p>\n<p>Hacal\u0131yev Elnur B\u0259ybala o\u011flu<\/p>\n<p>H\u0259sr\u0259t Az\u0259r Hac\u0131qulu o\u011flu<\/p>\n<p>H\u00fcseynova Qahir\u0259 M\u00fcsl\u00fcm q\u0131z\u0131<\/p>\n<p>H\u00fcseynzad\u0259 Bayram \u018fv\u0259z o\u011flu<\/p>\n<p>X\u0259lilov Az\u0259r N\u0259riman o\u011flu<\/p>\n<p>\u0130brahimova \u0130rad\u0259 M\u0259mm\u0259d q\u0131z\u0131<\/p>\n<p>\u0130smay\u0131lov \u0130mamverdi \u0130bi\u015f o\u011flu<\/p>\n<p>\u0130smay\u0131lova L\u0259man Al\u0259\u015fr\u0259f q\u0131z\u0131<\/p>\n<p>Mehdiyev Mehman Mehdi o\u011flu<\/p>\n<p>Mehr\u0259liyev Elimxan Abdulba\u011f\u0131 o\u011flu<\/p>\n<p>M\u0259h\u0259rr\u0259mov Akif \u018fli o\u011flu<\/p>\n<p>M\u0259h\u0259rr\u0259mova T\u0259ran\u0259 S\u0259rdar q\u0131z\u0131<\/p>\n<p>M\u0259mm\u0259dov S\u0259hr\u0259d H\u00fcseyn o\u011flu<\/p>\n<p>M\u0259mm\u0259dova Xuraman \u0130smay\u0131l q\u0131z\u0131<\/p>\n<p>Mikay\u0131lova Sevil \u018fliraz\u0131 q\u0131z\u0131<\/p>\n<p>Mustafayev Sabir Yadulla o\u011flu<\/p>\n<p>Mustafayev Samir Elman o\u011flu<\/p>\n<p>N\u0259biyeva B\u0259tur\u0259 Qiyas q\u0131z\u0131<\/p>\n<p>Ocaqova C\u0259mil\u0259 Rasim q\u0131z\u0131<\/p>\n<p>Orucov Yunis Qurban\u0259li o\u011flu<\/p>\n<p>Qas\u0131mov Hamlet Zeynal o\u011flu<\/p>\n<p>Qas\u0131mov Q\u0259hr\u0259man \u018fmira\u011fa o\u011flu<\/p>\n<p>Qas\u0131mova T\u00fcnzal\u0259 Yusif q\u0131z\u0131<\/p>\n<p>Quliyev \u018fl\u0259mdar Allahverdi o\u011flu<\/p>\n<p>Quliyeva Aynur Camal q\u0131z\u0131<\/p>\n<p>Quliyeva Q\u0259r\u0259nfil D\u00fcnyamin q\u0131z\u0131<\/p>\n<p>Quluyev \u0130lham Abasqulu o\u011flu<\/p>\n<p>R\u00fcst\u0259mov Qabil Abbas o\u011flu<\/p>\n<p>Rzayev Yusif M\u0259mm\u0259d o\u011flu<\/p>\n<p>Sad\u0131qova Flora Yusif q\u0131z\u0131<\/p>\n<p>Salahl\u0131 S\u0259yyad Adil o\u011flu<\/p>\n<p>Salamov Akif Salam o\u011flu<\/p>\n<p>S\u0259idov Abdulm\u0259cid \u0130brahim o\u011flu<\/p>\n<p>\u015e\u0259rifov Vaqif G\u00fclmirz\u0259 o\u011flu<\/p>\n<p>V\u0259liyev El\u00e7in Yav\u0259r o\u011flu<\/p>\n<p><strong>\u201c\u018fm\u0259kdar M\u0259d\u0259niyy\u0259t \u0130\u015f\u00e7isi\u201d<\/strong><\/p>\n<p>Abbasquliyeva Fatma As\u0259f q\u0131z\u0131<\/p>\n<p>Abdullayev M\u0259sayim Hac\u0131xan o\u011flu<\/p>\n<p>A\u011fasiyev Mir \u018fl\u0259kb\u0259r F\u0259xr\u0259ddin o\u011flu<\/p>\n<p>Da\u015fd\u0259mirov \u018fdal\u0259t Miral\u0259m o\u011flu<\/p>\n<p>\u018fbd\u00fclh\u0259s\u0259nov Tofiq \u018fbd\u00fcl\u0259ziz o\u011flu<\/p>\n<p>\u018fl\u0259sg\u0259rov M\u0259mm\u0259drza H\u00fcseyn o\u011flu<\/p>\n<p>\u018fl\u0259sg\u0259rova \u0130rad\u0259 Hac\u0131 q\u0131z\u0131<\/p>\n<p>\u018fs\u0259dov Yav\u0259r \u015eahsuvar o\u011flu<\/p>\n<p>H\u0259s\u0259nov R\u0259hman Salman o\u011flu<\/p>\n<p>H\u0259s\u0259nov Ziyadxan Qarya\u011fd\u0131 o\u011flu<\/p>\n<p>M\u0259cidova Xeyransa Abdulr\u0259him q\u0131z\u0131<\/p>\n<p>M\u0259mm\u0259dov A\u011f\u0259li Abi o\u011flu<\/p>\n<p>M\u0259mm\u0259dov \u018fs\u0259d Teymur o\u011flu<\/p>\n<p>N\u0259m\u0259tov B\u0259ybala M\u00fcrs\u0259l o\u011flu<\/p>\n<p>Salmanov Rafiq M\u0259mm\u0259d o\u011flu<\/p>\n<p>Salmanov S\u00fcleyman \u018fli o\u011flu<\/p>\n<p>Sultanova La\u00e7\u0131n Allahverdi q\u0131z\u0131<\/p>\n<p>***<\/p>\n<h1 class=\"content-title blackcolor\">Az\u0259rbaycan Respublikas\u0131n\u0131n k\u00fctl\u0259vi informasiya vasit\u0259l\u0259ri n\u00fcmay\u0259nd\u0259l\u0259rinin t\u0259ltif edilm\u0259si haqq\u0131nda<br \/>\nAz\u0259rbaycan Respublikas\u0131 Prezidentinin S\u0259r\u0259ncam\u0131<\/h1>\n<p>Az\u0259rbaycan Respublikas\u0131 Konstitusiyas\u0131n\u0131n 109-cu madd\u0259sinin 23-c\u00fc b\u0259ndini r\u0259hb\u0259r tutaraq<strong>q\u0259rara al\u0131ram:\u00a0<\/strong><\/p>\n<p>Az\u0259rbaycan Respublikas\u0131nda k\u00fctl\u0259vi informasiya vasit\u0259l\u0259rinin inki\u015faf\u0131ndak\u0131 xidm\u0259tl\u0259rin\u0259 g\u00f6r\u0259 a\u015fa\u011f\u0131dak\u0131 \u015f\u0259xsl\u0259r t\u0259ltif edilsinl\u0259r:<\/p>\n<p><strong>2-ci d\u0259r\u0259c\u0259li \u201cV\u0259t\u0259n\u0259 xidm\u0259t\u0259 g\u00f6r\u0259\u201d ordeni il\u0259<\/strong><\/p>\n<p>Al\u0131\u015fanov Arif Nizam o\u011flu<\/p>\n<p><strong>3-c\u00fc d\u0259r\u0259c\u0259li \u201cV\u0259t\u0259n\u0259 xidm\u0259t\u0259 g\u00f6r\u0259\u201d ordeni il\u0259<\/strong><\/p>\n<p>Ama\u015fov \u018fflatun \u018fhm\u0259d o\u011flu<\/p>\n<p>\u0130vanov Aleksandr Alekseyevi\u00e7<\/p>\n<p>M\u0259h\u0259rr\u0259mov Nu\u015fir\u0259van Umud o\u011flu<\/p>\n<p>S\u0259f\u0259rli V\u00fcqar M\u00fcz\u0259ff\u0259r o\u011flu<\/p>\n<p><strong>\u201cT\u0259r\u0259qqi\u201d medal\u0131 il\u0259<\/strong><\/p>\n<p>Abbasov Vahid H\u00fcseyn o\u011flu<\/p>\n<p>Abdullayeva Nigar Nizami q\u0131z\u0131<\/p>\n<p>Abdullayev Anar Bayram o\u011flu<\/p>\n<p>Ba\u011f\u0131rov R\u0259\u015fad Ba\u011f\u0131r o\u011flu<\/p>\n<p>Balayev S\u0259lim Lo\u011fman o\u011flu<\/p>\n<p>Bayramov Ceyhun \u0130smay\u0131l o\u011flu<\/p>\n<p>Bayramov Vaqif Binyat o\u011flu<\/p>\n<p>Bayramova N\u0259zak\u0259t \u018fl\u0259ddin q\u0131z\u0131<\/p>\n<p>B\u0259d\u0259lov Qurban Yaqub o\u011flu<\/p>\n<p>C\u0259f\u0259rov \u018fl\u0259sk\u0259r \u018fv\u0259z o\u011flu<\/p>\n<p>C\u0259f\u0259rova Mahir\u0259 \u015eahmal\u0131 q\u0131z\u0131<\/p>\n<p>Eyvazov \u018fli\u0259kb\u0259r Eylaq o\u011flu<\/p>\n<p>Eyvazov \u015e\u00f6hr\u0259t Qulam o\u011flu<\/p>\n<p>\u018ff\u0259ndiyev P\u00fcnhan \u015e\u00f6vk\u0259t o\u011flu<\/p>\n<p>\u018ff\u0259ndiyeva Mehriban F\u00fczuli q\u0131z\u0131<\/p>\n<p>\u018fhm\u0259dov Q\u0259l\u0259nd\u0259r \u0130slam o\u011flu<\/p>\n<p>\u018fhm\u0259dov Yusup Seyid o\u011flu<\/p>\n<p>\u018fli-zad\u0259 Fuad Asim o\u011flu<\/p>\n<p>\u018fliyev \u0130brahim M\u0259mm\u0259drza o\u011flu<\/p>\n<p>\u018fliyev \u0130lham Yaylaqal\u0131 o\u011flu<\/p>\n<p>\u018fliyev Seymur Barat o\u011flu<\/p>\n<p>\u018fliyev V\u00fcqar Saydam o\u011flu<\/p>\n<p>\u018fliyeva Sevil Allahver\u0259n q\u0131z\u0131<\/p>\n<p>\u018flizad\u0259 \u0130mdad \u018fli o\u011flu<\/p>\n<p>\u018fmiraslanova Ceyran Famil q\u0131z\u0131<\/p>\n<p>\u018fzimova Sara Nur\u0259ddin q\u0131z\u0131<\/p>\n<p>\u018fzizov Anar \u00c7ingiz o\u011flu<\/p>\n<p>\u018fzizov X\u0259tayi Kamal o\u011flu<\/p>\n<p>H\u0259midov Kamil H\u0259mz\u0259 o\u011flu<\/p>\n<p>H\u0259midov Ramiz Firidun o\u011flu<\/p>\n<p>H\u0259s\u0259nova H\u00fcsniyy\u0259 Faiq q\u0131z\u0131<\/p>\n<p>H\u0259s\u0259nov N\u0259c\u0259f \u0130smay\u0131l o\u011flu<\/p>\n<p>H\u00fcmb\u0259tov Intiqam R\u0259sul o\u011flu<\/p>\n<p>H\u00fcseyn\u0259liyev Fuad Polad o\u011flu<\/p>\n<p>H\u00fcseynov Tofiq Yusif o\u011flu<\/p>\n<p>H\u00fcseynova Lal\u0259 Qurban\u0259li q\u0131z\u0131<\/p>\n<p>H\u00fcseynzad\u0259 Fuad Ab\u0131 o\u011flu<\/p>\n<p>\u0130brahimova P\u0259rvan\u0259 Y\u0259hya q\u0131z\u0131<\/p>\n<p>\u0130smay\u0131lov S\u0259m\u0259d Cabbar o\u011flu<\/p>\n<p>Kala\u015fnikova \u0130rina Vladimirovna<\/p>\n<p>Mahmudov Tofiq Cavad o\u011flu<\/p>\n<p>Manafova G\u00fclnar\u0259 Rafiq q\u0131z\u0131<\/p>\n<p>M\u0259hsimov M\u0259hsim S\u0259dulla o\u011flu<\/p>\n<p>M\u0259likov R\u00fcst\u0259m Sad\u0131q o\u011flu<\/p>\n<p>M\u0259mm\u0259dli Yadigar Tarix o\u011flu<\/p>\n<p>M\u0259mm\u0259dov R\u00f6v\u015f\u0259n Raqif o\u011flu<\/p>\n<p>M\u0259mm\u0259dov El\u00e7in Nadir o\u011flu<\/p>\n<p>M\u0259mm\u0259dov Elxan Qadir o\u011flu<\/p>\n<p>M\u0259mm\u0259dov Elnur Xanmurad o\u011flu<\/p>\n<p>M\u0259mm\u0259dov \u0130nqilab Mirz\u0259 o\u011flu<\/p>\n<p>M\u0259mm\u0259dov Muxtar M\u0259mm\u0259d o\u011flu<\/p>\n<p>M\u0259mm\u0259dov Sabir S\u00fcleyman o\u011flu<\/p>\n<p>M\u0259mm\u0259dov Telman \u0130sa o\u011flu<\/p>\n<p>M\u0259mm\u0259dov V\u00fcsal F\u0259xr\u0259ddin o\u011flu<\/p>\n<p>Mirz\u0259yev Ayaz Nizami o\u011flu<\/p>\n<p>Musayev Ceyhun Musa o\u011flu<\/p>\n<p>Musayeva Ayt\u0259n Telman q\u0131z\u0131<\/p>\n<p>Mustafayev Seyfulla Fuadovi\u00e7<\/p>\n<p>Mustafayeva Samir\u0259 M\u00fcseyib q\u0131z\u0131<\/p>\n<p>Namaz\u0259liyev M\u0259cnun Surxay o\u011flu<\/p>\n<p>N\u0259biyeva \u015e\u0259hla Valeh q\u0131z\u0131<\/p>\n<p>N\u0259c\u0259fov S\u0259nan Maqsud o\u011flu<\/p>\n<p>N\u0259z\u0259rov V\u00fcqar Zakir o\u011flu<\/p>\n<p>Novruzova G\u00fclnar Baba q\u0131z\u0131<\/p>\n<p>Nuriyev Az\u0259r Vasif o\u011flu<\/p>\n<p>Nurullayeva N\u0259zir\u0259 Rafiq q\u0131z\u0131<\/p>\n<p>Qarayev Z\u00fclf\u00fcqar Qubad o\u011flu<\/p>\n<p>Qas\u0131mov \u0130smay\u0131l \u018fr\u015fad o\u011flu<\/p>\n<p>Qas\u0131mov Qas\u0131m \u0130slam o\u011flu<\/p>\n<p>Qas\u0131mova Aynur\u0259 Mehman q\u0131z\u0131<\/p>\n<p>Qaz\u0131yeva Nail\u0259 N\u0259bi q\u0131z\u0131<\/p>\n<p>Q\u0259nb\u0259rov Qafar Tahar o\u011flu<\/p>\n<p>Qocayev Natiq V\u0259li o\u011flu<\/p>\n<p>Quliyev Ceyhun Vaqif o\u011flu<\/p>\n<p>Quliyev Famil \u018fliqulu o\u011flu<\/p>\n<p>Quliyev Namiq Abbasqulu o\u011flu<\/p>\n<p>Quliyev Nur\u015f\u0259n A\u011facan o\u011flu<\/p>\n<p>Quliyev Vasif Xosrov o\u011flu<\/p>\n<p>Quluyeva Z\u00fclfiyy\u0259 Telman q\u0131z\u0131<\/p>\n<p>Qurbanl\u0131 \u018fv\u0259z Qubadxan o\u011flu<\/p>\n<p>Salmanov H\u00fcquq Yaqub o\u011flu<\/p>\n<p>Seyidov Tofiq Mirh\u0259s\u0259n o\u011flu<\/p>\n<p>S\u0259f\u0259rov Ceyhun Quba o\u011flu<\/p>\n<p>S\u0259limov S\u0259lim \u018fziz o\u011flu<\/p>\n<p>Sultanov Ziyy\u0259din Kamal o\u011flu<\/p>\n<p>S\u00fcleymanov \u018fl\u0259sg\u0259r S\u00fcleyman o\u011flu<\/p>\n<p>\u015eirinova Arzu Xasay q\u0131z\u0131<\/p>\n<p>Tahirli Sahil Abdulla o\u011flu<\/p>\n<p>Yol\u00e7uyev \u018fkb\u0259r Mehdi o\u011flu<\/p>\n<p>Yusifzad\u0259 Anar Yusif o\u011flu<\/p>\n<p>Zeynalova V\u0259sil\u0259 Vahid q\u0131z\u0131<\/p>\n<p>***<\/p>\n<h1 class=\"content-title blackcolor\">K\u00fctl\u0259vi informasiya vasit\u0259l\u0259rinin n\u00fcmay\u0259nd\u0259l\u0259rin\u0259 Az\u0259rbaycan Respublikas\u0131 Prezidentinin f\u0259rdi t\u0259qa\u00fcd\u00fcn\u00fcn verilm\u0259si haqq\u0131nda<br \/>\nAz\u0259rbaycan Respublikas\u0131 Prezidentinin S\u0259r\u0259ncam\u0131<\/h1>\n<div class=\"content-info hasimage hasvideo\">\n<div class=\"news-date\">Az\u0259rbaycan Respublikas\u0131 Konstitusiyas\u0131n\u0131n 109-cu madd\u0259sinin 32-ci b\u0259ndini r\u0259hb\u0259r tutaraq v\u0259 \u201cAz\u0259rbaycan Respublikas\u0131 Prezidentinin f\u0259rdi t\u0259qa\u00fcd\u00fcn\u00fcn t\u0259sis edilm\u0259si haqq\u0131nda\u201d Az\u0259rbaycan Respublikas\u0131 Prezidentinin 2002-ci il 11 iyun tarixli 715 n\u00f6mr\u0259li F\u0259rman\u0131na uy\u011fun olaraq <strong>q\u0259rara al\u0131ram:<\/strong><\/div>\n<\/div>\n<div class=\"content-outtext\">\n<div class=\"left-content\">\n<p>1. Az\u0259rbaycanda k\u00fctl\u0259vi informasiya vasit\u0259l\u0259rinin inki\u015faf\u0131ndak\u0131 xidm\u0259tl\u0259rin\u0259 g\u00f6r\u0259 a\u015fa\u011f\u0131dak\u0131 \u015f\u0259xsl\u0259r\u0259 Az\u0259rbaycan Respublikas\u0131 Prezidentinin f\u0259rdi t\u0259qa\u00fcd\u00fc verilsin:<\/p>\n<p>\u018fhm\u0259dov Teymur \u018fkb\u0259r o\u011flu<\/p>\n<p>Mikeladze Qalina \u018fl\u0259kp\u0259rovna<\/p>\n<p>2. Az\u0259rbaycan Respublikas\u0131n\u0131n Nazirl\u0259r Kabineti bu S\u0259r\u0259ncamdan ir\u0259li g\u0259l\u0259n m\u0259s\u0259l\u0259l\u0259ri h\u0259ll etsin.<\/p>\n<\/div>\n<\/div>\n","protected":false},"excerpt":{"rendered":"<p>K\u00fctl\u0259vi informasiya vasit\u0259l\u0259ri \u0259m\u0259kda\u015flar\u0131n\u0131n \u201cAz\u0259rbaycan Respublikas\u0131 Prezidentinin f\u0259xri diplomu\u201d il\u0259 t\u0259ltif edilm\u0259si haqq\u0131nda Az\u0259rbaycan Respublikas\u0131 Prezidentinin S\u0259r\u0259ncam\u0131 Az\u0259rbaycan Respublikas\u0131 Konstitusiyas\u0131n\u0131n 109-cu madd\u0259sinin 32-ci b\u0259ndini r\u0259hb\u0259r tutaraqq\u0259rara al\u0131ram: Az\u0259rbaycan Respublikas\u0131nda k\u00fctl\u0259vi informasiya vasit\u0259l\u0259rinin inki\u015faf\u0131ndak\u0131 xidm\u0259tl\u0259rin\u0259 g\u00f6r\u0259 a\u015fa\u011f\u0131dak\u0131 \u015f\u0259xsl\u0259r \u201cAz\u0259rbaycan Respublikas\u0131 Prezidentinin f\u0259xri diplomu\u201d il\u0259 t\u0259ltif edilsinl\u0259r: Abbasl\u0131 Ad\u0259m Famil o\u011flu Allahyarov Mahir C\u0259lal o\u011flu Az\u0259rta\u015f Lal\u0259 [&hellip;]<\/p>\n","protected":false},"author":1,"featured_media":0,"comment_status":"open","ping_status":"open","sticky":false,"template":"","format":"standard","meta":{"footnotes":""},"categories":[21],"tags":[],"class_list":{"0":"post-20319","1":"post","2":"type-post","3":"status-publish","4":"format-standard","6":"category-zrdab"},"yoast_head":"<!-- This site is optimized with the Yoast SEO plugin v27.0 - https:\/\/yoast.com\/product\/yoast-seo-wordpress\/ -->\n<title>Prezident jurnalistl\u0259ri t\u0259ltif etdi, f\u0259xri ad verdi - Z\u0259rdab.com<\/title>\n<meta name=\"robots\" content=\"index, follow, max-snippet:-1, max-image-preview:large, max-video-preview:-1\" \/>\n<link rel=\"canonical\" href=\"https:\/\/www.zerdab.com\/?p=20319\" \/>\n<meta property=\"og:locale\" content=\"az_AZ\" \/>\n<meta property=\"og:type\" content=\"article\" \/>\n<meta property=\"og:title\" content=\"Prezident jurnalistl\u0259ri t\u0259ltif etdi, f\u0259xri ad verdi - Z\u0259rdab.com\" \/>\n<meta property=\"og:description\" content=\"K\u00fctl\u0259vi informasiya vasit\u0259l\u0259ri \u0259m\u0259kda\u015flar\u0131n\u0131n \u201cAz\u0259rbaycan Respublikas\u0131 Prezidentinin f\u0259xri diplomu\u201d il\u0259 t\u0259ltif edilm\u0259si haqq\u0131nda Az\u0259rbaycan Respublikas\u0131 Prezidentinin S\u0259r\u0259ncam\u0131 Az\u0259rbaycan Respublikas\u0131 Konstitusiyas\u0131n\u0131n 109-cu madd\u0259sinin 32-ci b\u0259ndini r\u0259hb\u0259r tutaraqq\u0259rara al\u0131ram: Az\u0259rbaycan Respublikas\u0131nda k\u00fctl\u0259vi informasiya vasit\u0259l\u0259rinin inki\u015faf\u0131ndak\u0131 xidm\u0259tl\u0259rin\u0259 g\u00f6r\u0259 a\u015fa\u011f\u0131dak\u0131 \u015f\u0259xsl\u0259r \u201cAz\u0259rbaycan Respublikas\u0131 Prezidentinin f\u0259xri diplomu\u201d il\u0259 t\u0259ltif edilsinl\u0259r: Abbasl\u0131 Ad\u0259m Famil o\u011flu Allahyarov Mahir C\u0259lal o\u011flu Az\u0259rta\u015f Lal\u0259 [&hellip;]\" \/>\n<meta property=\"og:url\" content=\"https:\/\/www.zerdab.com\/?p=20319\" \/>\n<meta property=\"og:site_name\" content=\"Z\u0259rdab.com\" \/>\n<meta property=\"article:published_time\" content=\"2015-07-21T06:46:41+00:00\" \/>\n<meta property=\"og:image\" content=\"http:\/\/www.zerdab.com\/wp-content\/uploads\/2012\/10\/213.jpg\" \/>\n<meta name=\"author\" content=\"admin\" \/>\n<meta name=\"twitter:card\" content=\"summary_large_image\" \/>\n<meta name=\"twitter:label1\" content=\"Written by\" \/>\n\t<meta name=\"twitter:data1\" content=\"admin\" \/>\n\t<meta name=\"twitter:label2\" content=\"Est. reading time\" \/>\n\t<meta name=\"twitter:data2\" content=\"8 minutes\" \/>\n<script type=\"application\/ld+json\" class=\"yoast-schema-graph\">{\"@context\":\"https:\/\/schema.org\",\"@graph\":[{\"@type\":\"Article\",\"@id\":\"https:\/\/www.zerdab.com\/?p=20319#article\",\"isPartOf\":{\"@id\":\"https:\/\/www.zerdab.com\/?p=20319\"},\"author\":{\"name\":\"admin\",\"@id\":\"https:\/\/www.zerdab.com\/#\/schema\/person\/97079b7570c1e89ec0d9e138c3672136\"},\"headline\":\"Prezident jurnalistl\u0259ri t\u0259ltif etdi, f\u0259xri ad verdi\",\"datePublished\":\"2015-07-21T06:46:41+00:00\",\"mainEntityOfPage\":{\"@id\":\"https:\/\/www.zerdab.com\/?p=20319\"},\"wordCount\":1659,\"commentCount\":0,\"image\":{\"@id\":\"https:\/\/www.zerdab.com\/?p=20319#primaryimage\"},\"thumbnailUrl\":\"http:\/\/www.zerdab.com\/wp-content\/uploads\/2012\/10\/213.jpg\",\"articleSection\":[\"C\u018fM\u0130YY\u018fT\"],\"inLanguage\":\"az\",\"potentialAction\":[{\"@type\":\"CommentAction\",\"name\":\"Comment\",\"target\":[\"https:\/\/www.zerdab.com\/?p=20319#respond\"]}]},{\"@type\":\"WebPage\",\"@id\":\"https:\/\/www.zerdab.com\/?p=20319\",\"url\":\"https:\/\/www.zerdab.com\/?p=20319\",\"name\":\"Prezident jurnalistl\u0259ri t\u0259ltif etdi, f\u0259xri ad verdi - Z\u0259rdab.com\",\"isPartOf\":{\"@id\":\"https:\/\/www.zerdab.com\/#website\"},\"primaryImageOfPage\":{\"@id\":\"https:\/\/www.zerdab.com\/?p=20319#primaryimage\"},\"image\":{\"@id\":\"https:\/\/www.zerdab.com\/?p=20319#primaryimage\"},\"thumbnailUrl\":\"http:\/\/www.zerdab.com\/wp-content\/uploads\/2012\/10\/213.jpg\",\"datePublished\":\"2015-07-21T06:46:41+00:00\",\"author\":{\"@id\":\"https:\/\/www.zerdab.com\/#\/schema\/person\/97079b7570c1e89ec0d9e138c3672136\"},\"breadcrumb\":{\"@id\":\"https:\/\/www.zerdab.com\/?p=20319#breadcrumb\"},\"inLanguage\":\"az\",\"potentialAction\":[{\"@type\":\"ReadAction\",\"target\":[\"https:\/\/www.zerdab.com\/?p=20319\"]}]},{\"@type\":\"ImageObject\",\"inLanguage\":\"az\",\"@id\":\"https:\/\/www.zerdab.com\/?p=20319#primaryimage\",\"url\":\"http:\/\/www.zerdab.com\/wp-content\/uploads\/2012\/10\/213.jpg\",\"contentUrl\":\"http:\/\/www.zerdab.com\/wp-content\/uploads\/2012\/10\/213.jpg\"},{\"@type\":\"BreadcrumbList\",\"@id\":\"https:\/\/www.zerdab.com\/?p=20319#breadcrumb\",\"itemListElement\":[{\"@type\":\"ListItem\",\"position\":1,\"name\":\"Home\",\"item\":\"https:\/\/www.zerdab.com\/\"},{\"@type\":\"ListItem\",\"position\":2,\"name\":\"Prezident jurnalistl\u0259ri t\u0259ltif etdi, f\u0259xri ad verdi\"}]},{\"@type\":\"WebSite\",\"@id\":\"https:\/\/www.zerdab.com\/#website\",\"url\":\"https:\/\/www.zerdab.com\/\",\"name\":\"Z\u0259rdab.com\",\"description\":\"\",\"potentialAction\":[{\"@type\":\"SearchAction\",\"target\":{\"@type\":\"EntryPoint\",\"urlTemplate\":\"https:\/\/www.zerdab.com\/?s={search_term_string}\"},\"query-input\":{\"@type\":\"PropertyValueSpecification\",\"valueRequired\":true,\"valueName\":\"search_term_string\"}}],\"inLanguage\":\"az\"},{\"@type\":\"Person\",\"@id\":\"https:\/\/www.zerdab.com\/#\/schema\/person\/97079b7570c1e89ec0d9e138c3672136\",\"name\":\"admin\",\"image\":{\"@type\":\"ImageObject\",\"inLanguage\":\"az\",\"@id\":\"https:\/\/www.zerdab.com\/#\/schema\/person\/image\/\",\"url\":\"https:\/\/secure.gravatar.com\/avatar\/d9c52a9a27c32119cb6679a077fa3e2779e5f822c451cbf01098004361d466ec?s=96&d=mm&r=g\",\"contentUrl\":\"https:\/\/secure.gravatar.com\/avatar\/d9c52a9a27c32119cb6679a077fa3e2779e5f822c451cbf01098004361d466ec?s=96&d=mm&r=g\",\"caption\":\"admin\"},\"url\":\"https:\/\/www.zerdab.com\/?author=1\"}]}<\/script>\n<!-- \/ Yoast SEO plugin. -->","yoast_head_json":{"title":"Prezident jurnalistl\u0259ri t\u0259ltif etdi, f\u0259xri ad verdi - Z\u0259rdab.com","robots":{"index":"index","follow":"follow","max-snippet":"max-snippet:-1","max-image-preview":"max-image-preview:large","max-video-preview":"max-video-preview:-1"},"canonical":"https:\/\/www.zerdab.com\/?p=20319","og_locale":"az_AZ","og_type":"article","og_title":"Prezident jurnalistl\u0259ri t\u0259ltif etdi, f\u0259xri ad verdi - Z\u0259rdab.com","og_description":"K\u00fctl\u0259vi informasiya vasit\u0259l\u0259ri \u0259m\u0259kda\u015flar\u0131n\u0131n \u201cAz\u0259rbaycan Respublikas\u0131 Prezidentinin f\u0259xri diplomu\u201d il\u0259 t\u0259ltif edilm\u0259si haqq\u0131nda Az\u0259rbaycan Respublikas\u0131 Prezidentinin S\u0259r\u0259ncam\u0131 Az\u0259rbaycan Respublikas\u0131 Konstitusiyas\u0131n\u0131n 109-cu madd\u0259sinin 32-ci b\u0259ndini r\u0259hb\u0259r tutaraqq\u0259rara al\u0131ram: Az\u0259rbaycan Respublikas\u0131nda k\u00fctl\u0259vi informasiya vasit\u0259l\u0259rinin inki\u015faf\u0131ndak\u0131 xidm\u0259tl\u0259rin\u0259 g\u00f6r\u0259 a\u015fa\u011f\u0131dak\u0131 \u015f\u0259xsl\u0259r \u201cAz\u0259rbaycan Respublikas\u0131 Prezidentinin f\u0259xri diplomu\u201d il\u0259 t\u0259ltif edilsinl\u0259r: Abbasl\u0131 Ad\u0259m Famil o\u011flu Allahyarov Mahir C\u0259lal o\u011flu Az\u0259rta\u015f Lal\u0259 [&hellip;]","og_url":"https:\/\/www.zerdab.com\/?p=20319","og_site_name":"Z\u0259rdab.com","article_published_time":"2015-07-21T06:46:41+00:00","og_image":[{"url":"http:\/\/www.zerdab.com\/wp-content\/uploads\/2012\/10\/213.jpg","type":"","width":"","height":""}],"author":"admin","twitter_card":"summary_large_image","twitter_misc":{"Written by":"admin","Est. reading time":"8 minutes"},"schema":{"@context":"https:\/\/schema.org","@graph":[{"@type":"Article","@id":"https:\/\/www.zerdab.com\/?p=20319#article","isPartOf":{"@id":"https:\/\/www.zerdab.com\/?p=20319"},"author":{"name":"admin","@id":"https:\/\/www.zerdab.com\/#\/schema\/person\/97079b7570c1e89ec0d9e138c3672136"},"headline":"Prezident jurnalistl\u0259ri t\u0259ltif etdi, f\u0259xri ad verdi","datePublished":"2015-07-21T06:46:41+00:00","mainEntityOfPage":{"@id":"https:\/\/www.zerdab.com\/?p=20319"},"wordCount":1659,"commentCount":0,"image":{"@id":"https:\/\/www.zerdab.com\/?p=20319#primaryimage"},"thumbnailUrl":"http:\/\/www.zerdab.com\/wp-content\/uploads\/2012\/10\/213.jpg","articleSection":["C\u018fM\u0130YY\u018fT"],"inLanguage":"az","potentialAction":[{"@type":"CommentAction","name":"Comment","target":["https:\/\/www.zerdab.com\/?p=20319#respond"]}]},{"@type":"WebPage","@id":"https:\/\/www.zerdab.com\/?p=20319","url":"https:\/\/www.zerdab.com\/?p=20319","name":"Prezident jurnalistl\u0259ri t\u0259ltif etdi, f\u0259xri ad verdi - Z\u0259rdab.com","isPartOf":{"@id":"https:\/\/www.zerdab.com\/#website"},"primaryImageOfPage":{"@id":"https:\/\/www.zerdab.com\/?p=20319#primaryimage"},"image":{"@id":"https:\/\/www.zerdab.com\/?p=20319#primaryimage"},"thumbnailUrl":"http:\/\/www.zerdab.com\/wp-content\/uploads\/2012\/10\/213.jpg","datePublished":"2015-07-21T06:46:41+00:00","author":{"@id":"https:\/\/www.zerdab.com\/#\/schema\/person\/97079b7570c1e89ec0d9e138c3672136"},"breadcrumb":{"@id":"https:\/\/www.zerdab.com\/?p=20319#breadcrumb"},"inLanguage":"az","potentialAction":[{"@type":"ReadAction","target":["https:\/\/www.zerdab.com\/?p=20319"]}]},{"@type":"ImageObject","inLanguage":"az","@id":"https:\/\/www.zerdab.com\/?p=20319#primaryimage","url":"http:\/\/www.zerdab.com\/wp-content\/uploads\/2012\/10\/213.jpg","contentUrl":"http:\/\/www.zerdab.com\/wp-content\/uploads\/2012\/10\/213.jpg"},{"@type":"BreadcrumbList","@id":"https:\/\/www.zerdab.com\/?p=20319#breadcrumb","itemListElement":[{"@type":"ListItem","position":1,"name":"Home","item":"https:\/\/www.zerdab.com\/"},{"@type":"ListItem","position":2,"name":"Prezident jurnalistl\u0259ri t\u0259ltif etdi, f\u0259xri ad verdi"}]},{"@type":"WebSite","@id":"https:\/\/www.zerdab.com\/#website","url":"https:\/\/www.zerdab.com\/","name":"Z\u0259rdab.com","description":"","potentialAction":[{"@type":"SearchAction","target":{"@type":"EntryPoint","urlTemplate":"https:\/\/www.zerdab.com\/?s={search_term_string}"},"query-input":{"@type":"PropertyValueSpecification","valueRequired":true,"valueName":"search_term_string"}}],"inLanguage":"az"},{"@type":"Person","@id":"https:\/\/www.zerdab.com\/#\/schema\/person\/97079b7570c1e89ec0d9e138c3672136","name":"admin","image":{"@type":"ImageObject","inLanguage":"az","@id":"https:\/\/www.zerdab.com\/#\/schema\/person\/image\/","url":"https:\/\/secure.gravatar.com\/avatar\/d9c52a9a27c32119cb6679a077fa3e2779e5f822c451cbf01098004361d466ec?s=96&d=mm&r=g","contentUrl":"https:\/\/secure.gravatar.com\/avatar\/d9c52a9a27c32119cb6679a077fa3e2779e5f822c451cbf01098004361d466ec?s=96&d=mm&r=g","caption":"admin"},"url":"https:\/\/www.zerdab.com\/?author=1"}]}},"_links":{"self":[{"href":"https:\/\/www.zerdab.com\/index.php?rest_route=\/wp\/v2\/posts\/20319","targetHints":{"allow":["GET"]}}],"collection":[{"href":"https:\/\/www.zerdab.com\/index.php?rest_route=\/wp\/v2\/posts"}],"about":[{"href":"https:\/\/www.zerdab.com\/index.php?rest_route=\/wp\/v2\/types\/post"}],"author":[{"embeddable":true,"href":"https:\/\/www.zerdab.com\/index.php?rest_route=\/wp\/v2\/users\/1"}],"replies":[{"embeddable":true,"href":"https:\/\/www.zerdab.com\/index.php?rest_route=%2Fwp%2Fv2%2Fcomments&post=20319"}],"version-history":[{"count":1,"href":"https:\/\/www.zerdab.com\/index.php?rest_route=\/wp\/v2\/posts\/20319\/revisions"}],"predecessor-version":[{"id":20320,"href":"https:\/\/www.zerdab.com\/index.php?rest_route=\/wp\/v2\/posts\/20319\/revisions\/20320"}],"wp:attachment":[{"href":"https:\/\/www.zerdab.com\/index.php?rest_route=%2Fwp%2Fv2%2Fmedia&parent=20319"}],"wp:term":[{"taxonomy":"category","embeddable":true,"href":"https:\/\/www.zerdab.com\/index.php?rest_route=%2Fwp%2Fv2%2Fcategories&post=20319"},{"taxonomy":"post_tag","embeddable":true,"href":"https:\/\/www.zerdab.com\/index.php?rest_route=%2Fwp%2Fv2%2Ftags&post=20319"}],"curies":[{"name":"wp","href":"https:\/\/api.w.org\/{rel}","templated":true}]}}