{"id":20605,"date":"2015-08-10T12:33:35","date_gmt":"2015-08-10T07:33:35","guid":{"rendered":"http:\/\/www.zerdab.com\/?p=20605"},"modified":"2023-10-20T16:28:31","modified_gmt":"2023-10-20T12:28:31","slug":"h%c9%99s%c9%99n-b%c9%99y-z%c9%99rdabini-niy%c9%99-3-yerd%c9%99-d%c9%99fn-edibl%c9%99r","status":"publish","type":"post","link":"https:\/\/www.zerdab.com\/?p=20605","title":{"rendered":"H\u0259s\u0259n b\u0259y Z\u0259rdabini niy\u0259 3 yerd\u0259 d\u0259fn edibl\u0259r?"},"content":{"rendered":"<p>B\u00fct\u00fcn h\u0259yat\u0131 boyu \u00e7\u0259tinlikl\u0259rl\u0259 \u00fczl\u0259\u015f\u0259n H\u0259s\u0259n b\u0259y \u00f6l\u0259nd\u0259n sonra da rahatl\u0131q tapmad\u0131. N\u0259\u015fi I F\u0259xri Xiyabandak\u0131 indiki m\u0259nzilin\u0259 \u00e7atanad\u0259k iki yerd\u0259 basd\u0131r\u0131ld\u0131. H\u0259tta n\u0259\u015finin qal\u0131qlar\u0131 1957-ci ild\u0259 m\u00fc\u0259yy\u0259n m\u00fcdd\u0259td\u0259 ye\u015fikd\u0259 gizli saxlan\u0131ld\u0131.<br \/>\nProfessor , m\u0259tbuat tarixi v\u0259 klassikl\u0259rini ciddi ara\u015fd\u0131rm\u0131\u015f alim Abbas Zamanova istinad ed\u0259r\u0259k vaxtil\u0259 geni\u015f ara\u015fd\u0131rma aparan jurnalist Tahir Ayd\u0131no\u011flu il\u0259 s\u00f6hb\u0259t etdik. Qeyd ed\u0259k ki, m\u0259rhum professor Abbas Zamanov Z\u0259rdabinin n\u0259\u015finin F\u0259xri Xiyabana k\u00f6\u00e7\u00fcr\u00fclm\u0259sind\u0259 \u0259n \u00e7ox f\u0259dakarl\u0131q g\u00f6st\u0259r\u0259n \u015f\u0259xsl\u0259rd\u0259n olub.<br \/>\n1957-ci ild\u0259 bir qrup t\u0259l\u0259b\u0259si il\u0259 Bak\u0131n\u0131n k\u0259nar q\u0259biristanl\u0131qlar\u0131n\u0131n birind\u0259 Z\u0259rdabinin n\u0259\u015finin qal\u0131qlar\u0131n\u0131 \u00f6z\u00fc \u0259lin\u0259 bel alaraq axtar\u0131b. Tahir b\u0259y \u0259vv\u0259lc\u0259, Z\u0259rdabinin ilk d\u0259fn olundu\u011fu yer bar\u0259sind\u0259 dan\u0131\u015f\u0131r. Deyir ki, \u00a0H\u0259s\u0259n b\u0259y 1907-ci ilin noyabr\u0131n 28-d\u0259 d\u00fcnyas\u0131n\u0131 d\u0259yi\u015f\u0259nd\u0259 b\u00f6y\u00fck bir izdiham 10 km-d\u0259n art\u0131q yolu q\u0259t ed\u0259r\u0259k, onu d\u0259fn etm\u0259k \u00fc\u00e7\u00fcn Bibiheyb\u0259t\u0259 apar\u0131r. O m\u0259rasimd\u0259 iyn\u0259 atsayd\u0131n, yer\u0259 d\u00fc\u015fm\u0259zmi\u015f.\u00a0 H\u0259min d\u0259fn m\u0259rasimind\u0259n foto da \u00e7\u0259kilib. El\u0259 o fotonun tarixi d\u0259 \u00e7ox maraql\u0131d\u0131r. \u018fhm\u0259d b\u0259y A\u011fao\u011flu, \u018flim\u0259rdan b\u0259y Top\u00e7uba\u015fov da daxil, b\u00fct\u00fcn klassikl\u0259r o d\u0259fnd\u0259 i\u015ftirak edib.<br \/>\nQeyd ed\u0259k ki, m\u0259rasimind\u0259 \u018fhm\u0259d b\u0259yin dediyi bir c\u00fcml\u0259 h\u0259l\u0259 d\u0259 \u00f6z aktuall\u0131\u011f\u0131n\u0131 qoruyub saxlamaqdad\u0131r: \u201cEy ali ruh, ora gedirs\u0259n, babalar\u0131m\u0131za dey\u0259rs\u0259n ki, bu n\u0259 c\u00fcr c\u0259miyy\u0259t idi ki, bizl\u0259r \u00fc\u00e7\u00fcn qoyub getdil\u0259r\u201d.<\/p>\n<p>Bel\u0259likl\u0259, 1907-ci ilin pay\u0131z g\u00fcn\u00fcd\u0259 Z\u0259rdabini son m\u0259nzil\u0259 yola sal\u0131rlar.<\/p>\n<p>\u201cH\u0259s\u0259n b\u0259y Z\u0259rdabi 1907-ci il noyabr\u0131n 28-d\u0259 v\u0259fat ed\u0259nd\u0259 onu\u00a0 Bibiheyb\u0259td\u0259 d\u0259fn etdil\u0259r. \u00c7\u00fcnki ora orta \u0259srl\u0259rd\u0259n bu yana m\u00fcq\u0259dd\u0259s bir yer hesab olunurdu. D\u00f6vr\u00fcn aliml\u0259ri, \u00fcl\u0259malar\u0131, \u015feyxl\u0259ri orada d\u0259fn olunurdu. 10 km-d\u0259n \u00e7ox yolu q\u0259t ed\u0259r\u0259k, onu \u00e7iyinl\u0259rd\u0259 son m\u0259nzil\u0259 yola sald\u0131lar\u201d.<\/p>\n<p><strong>Amma bir g\u00fcn&#8230; Daha do\u011frusu 1930-cu ill\u0259rin a\u011f\u0131r repressiya ill\u0259rind\u0259 q\u0259biristanl\u0131qdak\u0131 m\u0259zarlar\u0131 da \u201crepressiya edirl\u0259r\u201d. Elan verirl\u0259r ki, kimin burada yax\u0131nlar\u0131 varsa, g\u0259lib \u00f6z \u00f6l\u00fcs\u00fcn\u00fc apar\u0131b ayr\u0131 yerd\u0259 basd\u0131ra bil\u0259r. H\u0259s\u0259n b\u0259y Z\u0259rdabinin d\u0259 burda kimi var idi ki? Qoy, bunu Tahir m\u00fc\u0259llim desin:<\/strong><\/p>\n<p>\u201cO vaxt\u0131 d\u0259rsd\u0259 m\u0259rhum professor \u00a0Abbas Zamanov bu haqda biz\u0259 \u00f6t\u0259ri dan\u0131\u015fm\u0131\u015fd\u0131. Deyirdi ki, Bibiheyb\u0259t m\u0259scidi repressiya ill\u0259rind\u0259 yol \u00e7\u0259km\u0259k ad\u0131yla u\u00e7uruldu.. X\u0259b\u0259r etdil\u0259r ki, kimin varisl\u0259ri varsa, kimin burada yax\u0131nlar\u0131n\u0131n n\u0259\u015fi varsa, g\u0259lib apars\u0131nlar. O zaman Z\u0259rdabinin b\u00f6y\u00fck o\u011flu M\u00fcz\u0259ff\u0259r yeni repressiya olunmu\u015fdu. B\u00f6y\u00fck q\u0131z\u0131 P\u0259ri xan\u0131m is\u0259 h\u0259yat yolda\u015f\u0131 \u018flim\u0259rdan b\u0259y Top\u00e7uba\u015fovla Parisd\u0259 m\u00fchacir\u0259td\u0259 idil\u0259r. Ki\u00e7ik o\u011flu S\u0259ff\u0259t is\u0259 T\u00fcrkiy\u0259d\u0259 m\u00fchacir\u0259td\u0259 idi. Birc\u0259 ki\u00e7ik q\u0131z\u0131 Q\u0259ribsoltan Bak\u0131da idi. O da bir-iki muzdlu f\u0259hl\u0259 tutub H\u0259s\u0259n b\u0259yin n\u0259\u015finin qal\u0131qlar\u0131n\u0131 \u00e7\u0131xar\u0131r v\u0259 bir taxta ye\u015fiy\u0259 y\u0131\u011fd\u0131r\u0131r. 1929-cu ild\u0259 r\u0259hm\u0259t\u0259 ged\u0259n anas\u0131 H\u0259nif\u0259 xan\u0131m\u0131n ayaqlar\u0131 alt\u0131nda torpa\u011fa basd\u0131r\u0131r. Orada ona g\u00f6r\u0259 basd\u0131r\u0131rlar ki, bir ni\u015fan\u0259 qals\u0131n. \u00c7\u00fcnki H\u0259s\u0259n b\u0259yi a\u00e7\u0131q-a\u015fkar d\u0259fn etm\u0259k t\u0259hl\u00fck\u0259li idi. Nec\u0259 d\u0259 olmasa repressiyaya u\u011fram\u0131\u015f ail\u0259 idil\u0259r\u201d.\u00a0<strong>\u00a0<\/strong><\/p>\n<p><strong>O zaman Q\u0259ribsoltan xan\u0131m \u00e7ox \u0259ziyy\u0259t \u00e7\u0259kir. T\u0259s\u0259vv\u00fcr edin ki, 1937-ci il&#8230; Bir qarda\u015f\u0131 \u00f6ld\u00fcr\u00fcl\u00fcb, o birisi can\u0131n\u0131 qurtarmaq \u00fc\u00e7\u00fcn T\u00fcrkiy\u0259d\u0259 ya\u015fay\u0131r. Bac\u0131s\u0131 ail\u0259sinin y\u0259ni, P\u0259ri xan\u0131mla Top\u00e7uba\u015fovun Parisd\u0259ki q\u00fcrb\u0259t h\u0259yat\u0131ndan is\u0259 dan\u0131\u015fma\u011fa bel\u0259 d\u0259ym\u0259z. B\u00fct\u00fcn bunlar az imi\u015f kimi atas\u0131n\u0131n taxta ye\u015fikd\u0259ki s\u00fcm\u00fckl\u0259rini basd\u0131rmaq m\u00fc\u015fk\u00fcl\u0259 \u00e7evrilir. Nec\u0259 d\u0259 olmasa, h\u0259r add\u0131m\u0131n izl\u0259ndiyi qanl\u0131 ill\u0259r idi. Deyil\u0259n\u0259 g\u00f6r\u0259, n\u0259\u015fin qal\u0131qlar\u0131 bir m\u00fcdd\u0259t gizli saxlan\u0131l\u0131r. H\u0259hay\u0259t H\u0259s\u0259n b\u0259yin s\u00fcm\u00fckl\u0259ri \u00a0\u00e7ox sevdiyi maarif\u00e7i xan\u0131m H\u0259nif\u0259 Abayeva (M\u0259likovan\u0131n) m\u0259zar\u0131n\u0131n ayaq t\u0259r\u0259find\u0259 el\u0259 ye\u015fik qar\u0131\u015f\u0131q d\u0259fn edilir.<\/strong><\/p>\n<p><strong>Z\u0259rdabinin o d\u00fcnyal\u0131q ikinci m\u0259nzilinin da tarixi bel\u0259 ba\u015flay\u0131r. H\u0259s\u0259n b\u0259y d\u00fcz 20 il h\u0259min m\u0259zarl\u0131qda uyuyur. N\u0259hay\u0259t, tarix d\u0259yi\u015fir, art\u0131q \u00a0Stalin kabusu yox olur. D\u00f6vr\u00fcn g\u00f6rk\u0259mli aliml\u0259ri M\u0259rk\u0259zi Komit\u0259d\u0259 s\u00f6z sahibl\u0259rind\u0259n biri olan, elm v\u0259 m\u0259d\u0259niyy\u0259t\u0259 d\u0259rin r\u0259\u011fb\u0259ti il\u0259 se\u00e7il\u0259n \u015e\u0131x\u0259li Qurbanovdan Z\u0259rdabinin d\u0259 xahi\u015fini edirl\u0259r. \u015e\u0131x\u0259li Qurbanov n\u0259inki bu t\u0259klifl\u0259 raz\u0131la\u015f\u0131r, h\u0259tta onlar\u0131n bel\u0259, etm\u0259diyi bir i\u015fi edir. O i\u015fin n\u0259d\u0259n ibar\u0259t oldu\u011funu Tahir Ayd\u0131no\u011flu bel\u0259 qeyd edir:<\/strong><\/p>\n<p>\u201cO zaman da milli d\u00fc\u015f\u00fcnc\u0259nin qabard\u0131lmas\u0131na icaz\u0259 verilmirdi. \u0130nsanlar\u0131n, x\u00fcsus\u0259n d\u0259, milli ideologiyaya xidm\u0259t ed\u0259n \u015f\u0259xsl\u0259rin varisl\u0259rinin\u00a0 h\u0259r add\u0131m\u0131 yoxlan\u0131l\u0131rd\u0131. Sonradan Stalin v\u0259fat etdi. \u201cXalqlar h\u0259bsxana\u201ds\u0131n\u0131n b\u00fct\u00fcn naqisliyini onun \u00fcz\u0259rin\u0259 y\u0131xd\u0131lar. Ondan sonra bir az yum\u015falma, tabelikd\u0259 olan xalqlar\u0131n milli d\u00fc\u015f\u00fcnc\u0259sin\u0259\u00a0 nisb\u0259t\u0259n azadl\u0131q verildi. M\u0259hz ondan sonra \u018fziz Mir\u0259hm\u0259dov, Abbas Zamanov,\u00a0 Ziy\u0259ddin G\u00f6y\u00fc\u015f\u00f6v, Mir\u0259li Axundov,\u00a0 C\u0259f\u0259r C\u0259f\u0259rov, \u015e\u0131x\u0259li Qurbanov\u00a0 kimi milli d\u00fc\u015f\u00fcnc\u0259li ziyal\u0131lar Z\u0259rdabi v\u0259 ba\u015fqalar\u0131 haqq\u0131nda ciddi t\u0259dqiqat i\u015fl\u0259rin\u0259 ba\u015flad\u0131lar. Bu h\u0259m d\u0259 ona g\u00f6r\u0259 idi ki, Stalin zaman\u0131nda xalqlar\u0131n M\u0259rk\u0259z\u0259, kommunist rejimin\u0259 itirilmi\u015f inam\u0131 yenid\u0259n b\u0259rpa olunsun. O zaman H\u0259s\u0259n b\u0259y Z\u0259rdabinin d\u0259 yubileyini ke\u00e7irm\u0259yi q\u0259rara al\u0131rlar. Lakin anadan oldu\u011fu tarix d\u0259qiq m\u0259lum olmad\u0131\u011f\u0131ndan, onun \u00f6l\u00fcm\u00fcn\u00fcn 50 illiyini 1957-ci ild\u0259 r\u0259smi s\u0259viyy\u0259d\u0259 qeyd etm\u0259k q\u0259rara al\u0131n\u0131r. M\u00fc\u0259yy\u0259n i\u015fl\u0259r g\u00f6r\u00fcl\u00fcr, kitablar burax\u0131l\u0131r.\u00a0 O zaman Abbas Zamanov Az\u0259rbaycan D\u00f6vl\u0259t Universitetinin \u00a0Filologiya fak\u00fclt\u0259sinin professoru idi. O, biz\u0259 dan\u0131\u015f\u0131b ki, bu bar\u0259d\u0259 M\u0259rk\u0259zi Komit\u0259nin ideoloji \u015f\u00f6b\u0259sinin m\u00fcdiri \u015e\u0131x\u0259li Qurbanova\u00a0 deyibl\u0259r. \u00a0\u015e\u0131x\u0259li Qurbanov is\u0259 cavab verib ki, yubileyl\u0259 ba\u011fl\u0131 t\u0259dbirl\u0259r plan\u0131 haz\u0131rlay\u0131n.<br \/>\n\u201cBiz d\u0259 haz\u0131rlad\u0131q. Ona t\u0259qdim ed\u0259nd\u0259 \u00f6z \u0259li il\u0259 Z\u0259rdabinin m\u0259zar\u0131n\u0131n abadla\u015fd\u0131r\u0131lmas\u0131 v\u0259 b\u00fcst\u00fcn\u00fcn qoyulmas\u0131n\u0131 da yazd\u0131\u201d-dey\u0259 Abbas m\u0259\u00fcllim bildiridi.<br \/>\nH\u0259s\u0259n b\u0259y bayaq dediyimiz kimi, Bak\u0131da q\u0259biristanl\u0131qlar\u0131n birind\u0259 d\u0259fn edilmi\u015fdi. Odur ki, Abbas m\u00fc\u0259llimgil bu bar\u0259d\u0259 \u00e7ox b\u00f6y\u00fck \u00e7\u0259tinlikl\u0259 \u00fczl\u0259\u015firl\u0259r. N\u0259hay\u0259t o, Ziy\u0259ddin G\u00f6y\u00fc\u015fov v\u0259 Mir\u0259li Axundov Z\u0259rdabinin q\u0131z\u0131 Q\u0259ribsoltan\u0131n yan\u0131na gedirl\u0259r. Q\u0259ribsoltan\u0131n da o vaxt\u0131 b\u00fct\u00fcn \u0259s\u0259bl\u0259ri pozulmu\u015fdu. H\u0259m ail\u0259 qurmam\u0131\u015fd\u0131, h\u0259m d\u0259 qarda\u015flar\u0131 repressiya v\u0259 m\u00fchacir\u0259tin qurban\u0131 olmu\u015fdu. Bac\u0131s\u0131 da onlar kimi. Odur ki, \u015f\u0259xsi h\u0259yatdak\u0131 faci\u0259l\u0259r onu bu c\u00fcr etmi\u015fdi. Abbas m\u00fc\u0259llim dan\u0131\u015f\u0131rd\u0131 ki, Ziy\u0259ddin G\u00f6y\u00fc\u015fov onun f\u0259ls\u0259fi fikirl\u0259rinin ara\u015fd\u0131rma\u00e7\u0131s\u0131 kimi, m\u0259n humanitar x\u0259ttinin ara\u015fd\u0131rma\u00e7\u0131s\u0131 kimi, Mir\u0259li Axundov is\u0259 t\u0259bi\u0259t g\u00f6r\u00fc\u015fl\u0259rinin t\u0259dqiqat\u00e7\u0131s\u0131 kimi ora ged\u0259nd\u0259 q\u0131z\u0131 onlar\u0131 \u00e7ox pis qar\u015f\u0131lay\u0131b v\u0259 ac\u0131lay\u0131b. H\u0259tta aya\u011f\u0131ndak\u0131 ba\u015fma\u011f\u0131 da \u00e7\u0131xar\u0131b onlar\u0131n \u00fcst\u00fcn\u0259 at\u0131b v\u0259 \u201cindi d\u0259 s\u00fcm\u00fckl\u0259rini aparma\u011fa g\u0259lmisiz?\u201d\u201d.<\/p>\n<p><strong>Amma H\u0259s\u0259n b\u0259y Z\u0259rdabinin q\u0131z\u0131n\u0131 birt\u0259h\u0259r yola g\u0259tir\u0259 bilirl\u0259r. Daha do\u011frusu onlar yox, Q\u0259ribsoltan\u0131n evind\u0259 ya\u015fad\u0131\u011f\u0131 m\u0259hur b\u0259st\u0259kar v\u0259 bir zamanlar m\u0259d\u0259niyy\u0259t naziri olmu\u015f Rauf\u00a0 Hac\u0131yev bunu bacar\u0131r. \u00d6yr\u0259nirl\u0259r ki, H\u0259s\u0259n b\u0259y Z\u0259rdabinin n\u0259\u015fi filan q\u0259biristanl\u0131qda, H\u0259nif\u0259 xan\u0131m\u0131n m\u0259zar\u0131n\u0131n ayaq t\u0259r\u0259find\u0259dir. Amma bundan sonra da m\u0259zar\u0131 tapmaq asan olmur:<\/strong><\/p>\n<p>\u201cAbbas m\u00fc\u0259llim dan\u0131\u015f\u0131rd\u0131 ki, o zaman Q\u0259ribsoltan \u00a0xan\u0131m g\u00f6rk\u0259mli b\u0259st\u0259kar, sonradan m\u0259d\u0259niyy\u0259t naziri d\u0259 i\u015fl\u0259y\u0259n Rauf \u00a0Hac\u0131yevin anas\u0131n\u0131n evind\u0259 qal\u0131rd\u0131. Ona deyibl\u0259r ki, \u201cay Rauf, s\u0259n bunu ba\u015fa sal. Ax\u0131 o m\u0259zar tap\u0131lmal\u0131d\u0131r. Bibiheyb\u0259td\u0259n hara apar\u0131l\u0131b?\u201d.<br \/>\nN\u0259 is\u0259, birt\u0259h\u0259r m\u0259zar\u0131n yerini \u00f6yr\u0259nibl\u0259r. Abbas m\u00fc\u0259llim o vaxt\u0131n bir qrup t\u0259l\u0259b\u0259si il\u0259 q\u0259biristanl\u0131\u011fa gedib. Bunlar\u0131 d\u0259rsd\u0259 biz\u0259 dan\u0131\u015fanda \u00e7ox k\u00f6vr\u0259lirdi v\u0259 tam ax\u0131racan\u00a0 dan\u0131\u015fa bilmirdi. Zaman ke\u00e7di&#8230; Bir d\u0259f\u0259 o x\u0259st\u0259l\u0259ndi v\u0259 m\u0259n Abbas m\u00fc\u0259llimd\u0259n tele m\u00fcsahib\u0259 alma\u011fa getdim. M\u00fcsahib\u0259d\u0259n sonra dedim ki, \u00a0Abbas m\u00fc\u0259llim, d\u00fcnyan\u0131n i\u015fini bilm\u0259k olmaz. O vaxt\u0131 biz\u0259 H\u0259s\u0259n b\u0259yin m\u0259zar\u0131n\u0131n taleyi bar\u0259sind\u0259 \u00e7ox dan\u0131\u015fmad\u0131n\u0131z.<br \/>\nO da b\u0259zi \u015feyl\u0259ri dan\u0131\u015fd\u0131. \u0130ndi onlar\u0131n b\u0259zil\u0259rini siz\u0259 dedim. Dedi ki, vaxt g\u0259l\u0259r bunlar\u0131 yazars\u0131n\u0131z\u201d.<\/p>\n<p><strong>Abbas Zamanovun o zaman dan\u0131\u015fd\u0131\u011f\u0131 m\u0259qamlardan biri d\u0259 Z\u0259rdabinin n\u0259\u015finin tap\u0131lmas\u0131\u00a0 v\u0259 onun k\u00f6\u00e7\u00fcr\u00fclm\u0259si olub. 1957-ci ild\u0259 Bak\u0131n\u0131n k\u0259nar\u00a0 q\u0259biristanl\u0131qlar\u0131ndan birind\u0259 b\u00f6y\u00fck \u00e7\u0259tinlikl\u0259 axtar\u0131\u015fa ba\u015flay\u0131rlar:<\/strong><\/p>\n<p>\u201cAbbas m\u00fc\u0259llim, deyirdi ki, o q\u0259biristanl\u0131\u011fa gedibl\u0259r. Deyil\u0259n yerd\u0259 ha axtar\u0131blar, bir \u015fey tapa bilm\u0259yibl\u0259r. \u201cOran\u0131 qaz\u0131r\u0131q, buran\u0131 qaz\u0131r\u0131q, ortada he\u00e7 n\u0259 yox idi. Ax\u0131rda t\u0259l\u0259b\u0259l\u0259rd\u0259n biri k\u0259nar bir yerd\u0259 aya\u011f\u0131 n\u0259y\u0259s\u0259 ili\u015fdi. Bir az d\u0259rind\u0259n qazandan sonra g\u00f6rd\u00fck ki, m\u0259zar\u0131n ayaq t\u0259r\u0259find\u0259 taxta ye\u015fik var. \u0130\u00e7ind\u0259 s\u00fcm\u00fckl\u0259ri g\u00f6r\u0259nd\u0259 n\u0259 t\u0259l\u0259b\u0259l\u0259r, n\u0259 d\u0259 m\u0259n g\u00f6z ya\u015flar\u0131m\u0131z\u0131 saxlaya bildik\u201d,-dey\u0259 Abbas Zamanov m\u0259n\u0259 bildirmi\u015fdi.<br \/>\nN\u0259hay\u0259t Z\u0259rdabinin s\u00fcm\u00fckl\u0259rini F\u0259xri Xiyabana g\u0259tirib d\u0259fn edirl\u0259r. Daha sonra H\u0259s\u0259n b\u0259y Z\u0259rdabinin m\u0259zar\u0131 \u00fcst\u00fcn\u0259 b\u00fcst d\u0259 qoyulur\u201d.<\/p>\n<p>M\u0259tbuat tarix\u00e7il\u0259rind\u0259n biri sonradan Tair Ayd\u0131o\u011fluna bu bar\u0259d\u0259 yanl\u0131\u015fl\u0131\u011f\u0131n oldu\u011funu bildirib. S\u0259thi ara\u015fd\u0131rma oldu\u011funu deyib. Amma m\u0259s\u0259l\u0259 buras\u0131ndad\u0131r ki, jurnalistin g\u00fcnd\u0259m\u0259 g\u0259tirdiyi m\u00f6vzu m\u0259tbuat tarix\u00e7il\u0259ri t\u0259r\u0259find\u0259n h\u0259l\u0259 d\u0259 ara\u015fd\u0131r\u0131lmam\u0131\u015f qal\u0131b:<\/p>\n<p>\u201cBel\u0259 bir fikir d\u0259 var ki, guya onu F\u0259xri Xiyabanda da H\u0259nif\u0259 xan\u0131mla bir\u00a0 yerd\u0259 d\u0259fn edibl\u0259r. Amma bunun h\u0259r hans\u0131 d\u0259qiq \u0259sas\u0131 yoxdur. Bununla ba\u011fl\u0131 m\u0259tbuat tarix\u00e7il\u0259ri ara\u015fd\u0131rma aparmal\u0131d\u0131rlar. M\u0259n vaxt\u0131 ik\u0259n indi siz\u0259 dediyim m\u0259s\u0259l\u0259 haqq\u0131nda yazark\u0259n tan\u0131nm\u0131\u015f m\u0259tbuat tarix\u00e7il\u0259rind\u0259n biri m\u0259n\u0259 dedi\u00a0 ki, \u201cs\u0259n d\u0259rin ara\u015fd\u0131rma aparmam\u0131san\u201d. Cavab verdim ki, m\u0259n q\u0259zet i\u015f\u00e7isiy\u0259m. Bu bar\u0259d\u0259 siz daha d\u0259rin fundamental ara\u015fd\u0131rmalar aparmal\u0131s\u0131z. Bizim i\u015fimiz is\u0259 m\u0259s\u0259l\u0259ni d\u00f6vriyy\u0259y\u0259 buraxmaq, g\u00fcnd\u0259m\u0259 g\u0259tirm\u0259kdir. M\u0259n\u0259 irad tutdu ki, \u201cs\u0259n d\u0259fn haqq\u0131nda M\u0259rk\u0259zi Komit\u0259nin q\u0259rar\u0131na baxm\u0131san ya yox?\u201d. Ba\u015fqa suallar da verildi. Bildirdim ki b\u00fct\u00fcn bunlar\u0131 Abbas m\u00fc\u0259llim m\u0259n\u0259 dan\u0131\u015f\u0131b. M\u0259n birba\u015fa bu i\u015fi g\u00f6r\u0259n \u015f\u0259xsin dedikl\u0259rin\u0259 istinad\u0259n yazm\u0131\u015fam\u201d.<\/p>\n<p>M\u0259s\u0259l buras\u0131ndad\u0131r ki, he\u00e7 n\u0259y\u0259 baxmayaraq Z\u0259rdabinin m\u0259zar\u0131 bu g\u00fcn \u0259sl m\u0259nzilind\u0259 &#8211; F\u0259xri Xiyabandad\u0131r. Jurnalistika fak\u00fclt\u0259sinin yeni q\u0259bul olan t\u0259l\u0259b\u0259l\u0259ri h\u0259r il ilk d\u0259rs g\u00fcn\u00fc o m\u0259zar\u0131 ziyar\u0259t edirl\u0259r. Jurnalistl\u0259rin b\u0259zil\u0259ri d\u0259 \u0259sas\u0259n bu g\u00fcn-22 iyul tarixind\u0259 H\u0259s\u0259n b\u0259yin m\u0259zar\u0131na ba\u015f \u00e7\u0259kirl\u0259r. H\u0259m g\u0259nc t\u0259l\u0259b\u0259l\u0259r, h\u0259m d\u0259 jurnalistl\u0259r bir g\u00fcn bil\u0259c\u0259kl\u0259r ki, \u0259sl jurnalist v\u0259 h\u0259qiqi q\u0259l\u0259m adam\u0131n\u0131n n\u0259inki \u00f6z\u00fc, h\u0259tta m\u0259zar\u0131 da insan, c\u0259miyy\u0259t v\u0259 v\u0259t\u0259n\u00a0 \u00fc\u00e7\u00fcn \u0259ziyy\u0259t \u00e7\u0259kib&#8230;<\/p>\n<p><strong>Elmin NUR\u0130<\/strong><\/p>\n<p>modern.az<\/p>\n","protected":false},"excerpt":{"rendered":"<p>B\u00fct\u00fcn h\u0259yat\u0131 boyu \u00e7\u0259tinlikl\u0259rl\u0259 \u00fczl\u0259\u015f\u0259n H\u0259s\u0259n b\u0259y \u00f6l\u0259nd\u0259n sonra da rahatl\u0131q tapmad\u0131. N\u0259\u015fi I F\u0259xri Xiyabandak\u0131 indiki m\u0259nzilin\u0259 \u00e7atanad\u0259k iki yerd\u0259 basd\u0131r\u0131ld\u0131. H\u0259tta n\u0259\u015finin qal\u0131qlar\u0131 1957-ci ild\u0259 m\u00fc\u0259yy\u0259n m\u00fcdd\u0259td\u0259 ye\u015fikd\u0259 gizli saxlan\u0131ld\u0131. Professor , m\u0259tbuat tarixi v\u0259 klassikl\u0259rini ciddi ara\u015fd\u0131rm\u0131\u015f alim Abbas Zamanova istinad ed\u0259r\u0259k vaxtil\u0259 geni\u015f ara\u015fd\u0131rma aparan jurnalist Tahir Ayd\u0131no\u011flu il\u0259 s\u00f6hb\u0259t etdik. [&hellip;]<\/p>\n","protected":false},"author":1,"featured_media":30215,"comment_status":"open","ping_status":"open","sticky":false,"template":"","format":"standard","meta":{"footnotes":""},"categories":[20,63],"tags":[],"class_list":{"0":"post-20605","1":"post","2":"type-post","3":"status-publish","4":"format-standard","5":"has-post-thumbnail","7":"category-kinci-zrdab-ziyali-qzet-tbitsunas","8":"category-manset"},"yoast_head":"<!-- This site is optimized with the Yoast SEO plugin v27.0 - https:\/\/yoast.com\/product\/yoast-seo-wordpress\/ -->\n<title>H\u0259s\u0259n b\u0259y Z\u0259rdabini niy\u0259 3 yerd\u0259 d\u0259fn edibl\u0259r? - Z\u0259rdab.com<\/title>\n<meta name=\"robots\" content=\"index, follow, max-snippet:-1, max-image-preview:large, max-video-preview:-1\" \/>\n<link rel=\"canonical\" href=\"https:\/\/www.zerdab.com\/?p=20605\" \/>\n<meta property=\"og:locale\" content=\"az_AZ\" \/>\n<meta property=\"og:type\" content=\"article\" \/>\n<meta property=\"og:title\" content=\"H\u0259s\u0259n b\u0259y Z\u0259rdabini niy\u0259 3 yerd\u0259 d\u0259fn edibl\u0259r? - Z\u0259rdab.com\" \/>\n<meta property=\"og:description\" content=\"B\u00fct\u00fcn h\u0259yat\u0131 boyu \u00e7\u0259tinlikl\u0259rl\u0259 \u00fczl\u0259\u015f\u0259n H\u0259s\u0259n b\u0259y \u00f6l\u0259nd\u0259n sonra da rahatl\u0131q tapmad\u0131. N\u0259\u015fi I F\u0259xri Xiyabandak\u0131 indiki m\u0259nzilin\u0259 \u00e7atanad\u0259k iki yerd\u0259 basd\u0131r\u0131ld\u0131. H\u0259tta n\u0259\u015finin qal\u0131qlar\u0131 1957-ci ild\u0259 m\u00fc\u0259yy\u0259n m\u00fcdd\u0259td\u0259 ye\u015fikd\u0259 gizli saxlan\u0131ld\u0131. Professor , m\u0259tbuat tarixi v\u0259 klassikl\u0259rini ciddi ara\u015fd\u0131rm\u0131\u015f alim Abbas Zamanova istinad ed\u0259r\u0259k vaxtil\u0259 geni\u015f ara\u015fd\u0131rma aparan jurnalist Tahir Ayd\u0131no\u011flu il\u0259 s\u00f6hb\u0259t etdik. [&hellip;]\" \/>\n<meta property=\"og:url\" content=\"https:\/\/www.zerdab.com\/?p=20605\" \/>\n<meta property=\"og:site_name\" content=\"Z\u0259rdab.com\" \/>\n<meta property=\"article:published_time\" content=\"2015-08-10T07:33:35+00:00\" \/>\n<meta property=\"article:modified_time\" content=\"2023-10-20T12:28:31+00:00\" \/>\n<meta property=\"og:image\" content=\"https:\/\/www.zerdab.com\/wp-content\/uploads\/2023\/10\/henife-melikova-zerdabi.png\" \/>\n\t<meta property=\"og:image:width\" content=\"404\" \/>\n\t<meta property=\"og:image:height\" content=\"263\" \/>\n\t<meta property=\"og:image:type\" content=\"image\/png\" \/>\n<meta name=\"author\" content=\"admin\" \/>\n<meta name=\"twitter:card\" content=\"summary_large_image\" \/>\n<meta name=\"twitter:label1\" content=\"Written by\" \/>\n\t<meta name=\"twitter:data1\" content=\"admin\" \/>\n\t<meta name=\"twitter:label2\" content=\"Est. reading time\" \/>\n\t<meta name=\"twitter:data2\" content=\"12 minutes\" \/>\n<script type=\"application\/ld+json\" class=\"yoast-schema-graph\">{\"@context\":\"https:\/\/schema.org\",\"@graph\":[{\"@type\":\"Article\",\"@id\":\"https:\/\/www.zerdab.com\/?p=20605#article\",\"isPartOf\":{\"@id\":\"https:\/\/www.zerdab.com\/?p=20605\"},\"author\":{\"name\":\"admin\",\"@id\":\"https:\/\/www.zerdab.com\/#\/schema\/person\/97079b7570c1e89ec0d9e138c3672136\"},\"headline\":\"H\u0259s\u0259n b\u0259y Z\u0259rdabini niy\u0259 3 yerd\u0259 d\u0259fn edibl\u0259r?\",\"datePublished\":\"2015-08-10T07:33:35+00:00\",\"dateModified\":\"2023-10-20T12:28:31+00:00\",\"mainEntityOfPage\":{\"@id\":\"https:\/\/www.zerdab.com\/?p=20605\"},\"wordCount\":2354,\"commentCount\":0,\"image\":{\"@id\":\"https:\/\/www.zerdab.com\/?p=20605#primaryimage\"},\"thumbnailUrl\":\"https:\/\/www.zerdab.com\/wp-content\/uploads\/2023\/10\/henife-melikova-zerdabi.png\",\"articleSection\":[\"H\u018fS\u018fN B\u018fY Z\u018fRDAB\u0130\",\"MAN\u015eET\"],\"inLanguage\":\"az\",\"potentialAction\":[{\"@type\":\"CommentAction\",\"name\":\"Comment\",\"target\":[\"https:\/\/www.zerdab.com\/?p=20605#respond\"]}]},{\"@type\":\"WebPage\",\"@id\":\"https:\/\/www.zerdab.com\/?p=20605\",\"url\":\"https:\/\/www.zerdab.com\/?p=20605\",\"name\":\"H\u0259s\u0259n b\u0259y Z\u0259rdabini niy\u0259 3 yerd\u0259 d\u0259fn edibl\u0259r? - Z\u0259rdab.com\",\"isPartOf\":{\"@id\":\"https:\/\/www.zerdab.com\/#website\"},\"primaryImageOfPage\":{\"@id\":\"https:\/\/www.zerdab.com\/?p=20605#primaryimage\"},\"image\":{\"@id\":\"https:\/\/www.zerdab.com\/?p=20605#primaryimage\"},\"thumbnailUrl\":\"https:\/\/www.zerdab.com\/wp-content\/uploads\/2023\/10\/henife-melikova-zerdabi.png\",\"datePublished\":\"2015-08-10T07:33:35+00:00\",\"dateModified\":\"2023-10-20T12:28:31+00:00\",\"author\":{\"@id\":\"https:\/\/www.zerdab.com\/#\/schema\/person\/97079b7570c1e89ec0d9e138c3672136\"},\"breadcrumb\":{\"@id\":\"https:\/\/www.zerdab.com\/?p=20605#breadcrumb\"},\"inLanguage\":\"az\",\"potentialAction\":[{\"@type\":\"ReadAction\",\"target\":[\"https:\/\/www.zerdab.com\/?p=20605\"]}]},{\"@type\":\"ImageObject\",\"inLanguage\":\"az\",\"@id\":\"https:\/\/www.zerdab.com\/?p=20605#primaryimage\",\"url\":\"https:\/\/www.zerdab.com\/wp-content\/uploads\/2023\/10\/henife-melikova-zerdabi.png\",\"contentUrl\":\"https:\/\/www.zerdab.com\/wp-content\/uploads\/2023\/10\/henife-melikova-zerdabi.png\",\"width\":404,\"height\":263,\"caption\":\"henife-melikova-zerdabi.png\"},{\"@type\":\"BreadcrumbList\",\"@id\":\"https:\/\/www.zerdab.com\/?p=20605#breadcrumb\",\"itemListElement\":[{\"@type\":\"ListItem\",\"position\":1,\"name\":\"Home\",\"item\":\"https:\/\/www.zerdab.com\/\"},{\"@type\":\"ListItem\",\"position\":2,\"name\":\"H\u0259s\u0259n b\u0259y Z\u0259rdabini niy\u0259 3 yerd\u0259 d\u0259fn edibl\u0259r?\"}]},{\"@type\":\"WebSite\",\"@id\":\"https:\/\/www.zerdab.com\/#website\",\"url\":\"https:\/\/www.zerdab.com\/\",\"name\":\"Z\u0259rdab.com\",\"description\":\"\",\"potentialAction\":[{\"@type\":\"SearchAction\",\"target\":{\"@type\":\"EntryPoint\",\"urlTemplate\":\"https:\/\/www.zerdab.com\/?s={search_term_string}\"},\"query-input\":{\"@type\":\"PropertyValueSpecification\",\"valueRequired\":true,\"valueName\":\"search_term_string\"}}],\"inLanguage\":\"az\"},{\"@type\":\"Person\",\"@id\":\"https:\/\/www.zerdab.com\/#\/schema\/person\/97079b7570c1e89ec0d9e138c3672136\",\"name\":\"admin\",\"image\":{\"@type\":\"ImageObject\",\"inLanguage\":\"az\",\"@id\":\"https:\/\/www.zerdab.com\/#\/schema\/person\/image\/\",\"url\":\"https:\/\/secure.gravatar.com\/avatar\/d9c52a9a27c32119cb6679a077fa3e2779e5f822c451cbf01098004361d466ec?s=96&d=mm&r=g\",\"contentUrl\":\"https:\/\/secure.gravatar.com\/avatar\/d9c52a9a27c32119cb6679a077fa3e2779e5f822c451cbf01098004361d466ec?s=96&d=mm&r=g\",\"caption\":\"admin\"},\"url\":\"https:\/\/www.zerdab.com\/?author=1\"}]}<\/script>\n<!-- \/ Yoast SEO plugin. -->","yoast_head_json":{"title":"H\u0259s\u0259n b\u0259y Z\u0259rdabini niy\u0259 3 yerd\u0259 d\u0259fn edibl\u0259r? - Z\u0259rdab.com","robots":{"index":"index","follow":"follow","max-snippet":"max-snippet:-1","max-image-preview":"max-image-preview:large","max-video-preview":"max-video-preview:-1"},"canonical":"https:\/\/www.zerdab.com\/?p=20605","og_locale":"az_AZ","og_type":"article","og_title":"H\u0259s\u0259n b\u0259y Z\u0259rdabini niy\u0259 3 yerd\u0259 d\u0259fn edibl\u0259r? - Z\u0259rdab.com","og_description":"B\u00fct\u00fcn h\u0259yat\u0131 boyu \u00e7\u0259tinlikl\u0259rl\u0259 \u00fczl\u0259\u015f\u0259n H\u0259s\u0259n b\u0259y \u00f6l\u0259nd\u0259n sonra da rahatl\u0131q tapmad\u0131. N\u0259\u015fi I F\u0259xri Xiyabandak\u0131 indiki m\u0259nzilin\u0259 \u00e7atanad\u0259k iki yerd\u0259 basd\u0131r\u0131ld\u0131. H\u0259tta n\u0259\u015finin qal\u0131qlar\u0131 1957-ci ild\u0259 m\u00fc\u0259yy\u0259n m\u00fcdd\u0259td\u0259 ye\u015fikd\u0259 gizli saxlan\u0131ld\u0131. Professor , m\u0259tbuat tarixi v\u0259 klassikl\u0259rini ciddi ara\u015fd\u0131rm\u0131\u015f alim Abbas Zamanova istinad ed\u0259r\u0259k vaxtil\u0259 geni\u015f ara\u015fd\u0131rma aparan jurnalist Tahir Ayd\u0131no\u011flu il\u0259 s\u00f6hb\u0259t etdik. [&hellip;]","og_url":"https:\/\/www.zerdab.com\/?p=20605","og_site_name":"Z\u0259rdab.com","article_published_time":"2015-08-10T07:33:35+00:00","article_modified_time":"2023-10-20T12:28:31+00:00","og_image":[{"width":404,"height":263,"url":"https:\/\/www.zerdab.com\/wp-content\/uploads\/2023\/10\/henife-melikova-zerdabi.png","type":"image\/png"}],"author":"admin","twitter_card":"summary_large_image","twitter_misc":{"Written by":"admin","Est. reading time":"12 minutes"},"schema":{"@context":"https:\/\/schema.org","@graph":[{"@type":"Article","@id":"https:\/\/www.zerdab.com\/?p=20605#article","isPartOf":{"@id":"https:\/\/www.zerdab.com\/?p=20605"},"author":{"name":"admin","@id":"https:\/\/www.zerdab.com\/#\/schema\/person\/97079b7570c1e89ec0d9e138c3672136"},"headline":"H\u0259s\u0259n b\u0259y Z\u0259rdabini niy\u0259 3 yerd\u0259 d\u0259fn edibl\u0259r?","datePublished":"2015-08-10T07:33:35+00:00","dateModified":"2023-10-20T12:28:31+00:00","mainEntityOfPage":{"@id":"https:\/\/www.zerdab.com\/?p=20605"},"wordCount":2354,"commentCount":0,"image":{"@id":"https:\/\/www.zerdab.com\/?p=20605#primaryimage"},"thumbnailUrl":"https:\/\/www.zerdab.com\/wp-content\/uploads\/2023\/10\/henife-melikova-zerdabi.png","articleSection":["H\u018fS\u018fN B\u018fY Z\u018fRDAB\u0130","MAN\u015eET"],"inLanguage":"az","potentialAction":[{"@type":"CommentAction","name":"Comment","target":["https:\/\/www.zerdab.com\/?p=20605#respond"]}]},{"@type":"WebPage","@id":"https:\/\/www.zerdab.com\/?p=20605","url":"https:\/\/www.zerdab.com\/?p=20605","name":"H\u0259s\u0259n b\u0259y Z\u0259rdabini niy\u0259 3 yerd\u0259 d\u0259fn edibl\u0259r? - Z\u0259rdab.com","isPartOf":{"@id":"https:\/\/www.zerdab.com\/#website"},"primaryImageOfPage":{"@id":"https:\/\/www.zerdab.com\/?p=20605#primaryimage"},"image":{"@id":"https:\/\/www.zerdab.com\/?p=20605#primaryimage"},"thumbnailUrl":"https:\/\/www.zerdab.com\/wp-content\/uploads\/2023\/10\/henife-melikova-zerdabi.png","datePublished":"2015-08-10T07:33:35+00:00","dateModified":"2023-10-20T12:28:31+00:00","author":{"@id":"https:\/\/www.zerdab.com\/#\/schema\/person\/97079b7570c1e89ec0d9e138c3672136"},"breadcrumb":{"@id":"https:\/\/www.zerdab.com\/?p=20605#breadcrumb"},"inLanguage":"az","potentialAction":[{"@type":"ReadAction","target":["https:\/\/www.zerdab.com\/?p=20605"]}]},{"@type":"ImageObject","inLanguage":"az","@id":"https:\/\/www.zerdab.com\/?p=20605#primaryimage","url":"https:\/\/www.zerdab.com\/wp-content\/uploads\/2023\/10\/henife-melikova-zerdabi.png","contentUrl":"https:\/\/www.zerdab.com\/wp-content\/uploads\/2023\/10\/henife-melikova-zerdabi.png","width":404,"height":263,"caption":"henife-melikova-zerdabi.png"},{"@type":"BreadcrumbList","@id":"https:\/\/www.zerdab.com\/?p=20605#breadcrumb","itemListElement":[{"@type":"ListItem","position":1,"name":"Home","item":"https:\/\/www.zerdab.com\/"},{"@type":"ListItem","position":2,"name":"H\u0259s\u0259n b\u0259y Z\u0259rdabini niy\u0259 3 yerd\u0259 d\u0259fn edibl\u0259r?"}]},{"@type":"WebSite","@id":"https:\/\/www.zerdab.com\/#website","url":"https:\/\/www.zerdab.com\/","name":"Z\u0259rdab.com","description":"","potentialAction":[{"@type":"SearchAction","target":{"@type":"EntryPoint","urlTemplate":"https:\/\/www.zerdab.com\/?s={search_term_string}"},"query-input":{"@type":"PropertyValueSpecification","valueRequired":true,"valueName":"search_term_string"}}],"inLanguage":"az"},{"@type":"Person","@id":"https:\/\/www.zerdab.com\/#\/schema\/person\/97079b7570c1e89ec0d9e138c3672136","name":"admin","image":{"@type":"ImageObject","inLanguage":"az","@id":"https:\/\/www.zerdab.com\/#\/schema\/person\/image\/","url":"https:\/\/secure.gravatar.com\/avatar\/d9c52a9a27c32119cb6679a077fa3e2779e5f822c451cbf01098004361d466ec?s=96&d=mm&r=g","contentUrl":"https:\/\/secure.gravatar.com\/avatar\/d9c52a9a27c32119cb6679a077fa3e2779e5f822c451cbf01098004361d466ec?s=96&d=mm&r=g","caption":"admin"},"url":"https:\/\/www.zerdab.com\/?author=1"}]}},"_links":{"self":[{"href":"https:\/\/www.zerdab.com\/index.php?rest_route=\/wp\/v2\/posts\/20605","targetHints":{"allow":["GET"]}}],"collection":[{"href":"https:\/\/www.zerdab.com\/index.php?rest_route=\/wp\/v2\/posts"}],"about":[{"href":"https:\/\/www.zerdab.com\/index.php?rest_route=\/wp\/v2\/types\/post"}],"author":[{"embeddable":true,"href":"https:\/\/www.zerdab.com\/index.php?rest_route=\/wp\/v2\/users\/1"}],"replies":[{"embeddable":true,"href":"https:\/\/www.zerdab.com\/index.php?rest_route=%2Fwp%2Fv2%2Fcomments&post=20605"}],"version-history":[{"count":4,"href":"https:\/\/www.zerdab.com\/index.php?rest_route=\/wp\/v2\/posts\/20605\/revisions"}],"predecessor-version":[{"id":28395,"href":"https:\/\/www.zerdab.com\/index.php?rest_route=\/wp\/v2\/posts\/20605\/revisions\/28395"}],"wp:featuredmedia":[{"embeddable":true,"href":"https:\/\/www.zerdab.com\/index.php?rest_route=\/wp\/v2\/media\/30215"}],"wp:attachment":[{"href":"https:\/\/www.zerdab.com\/index.php?rest_route=%2Fwp%2Fv2%2Fmedia&parent=20605"}],"wp:term":[{"taxonomy":"category","embeddable":true,"href":"https:\/\/www.zerdab.com\/index.php?rest_route=%2Fwp%2Fv2%2Fcategories&post=20605"},{"taxonomy":"post_tag","embeddable":true,"href":"https:\/\/www.zerdab.com\/index.php?rest_route=%2Fwp%2Fv2%2Ftags&post=20605"}],"curies":[{"name":"wp","href":"https:\/\/api.w.org\/{rel}","templated":true}]}}