{"id":20630,"date":"2015-09-03T18:57:53","date_gmt":"2015-09-03T13:57:53","guid":{"rendered":"http:\/\/www.zerdab.com\/?p=20630"},"modified":"2015-09-03T19:28:01","modified_gmt":"2015-09-03T14:28:01","slug":"z%c9%99rdabda-k%c9%99nd-yollarinin-t%c9%99mirin%c9%99-baslanildi-fotolar","status":"publish","type":"post","link":"https:\/\/www.zerdab.com\/?p=20630","title":{"rendered":"Z\u0259rdabda k\u0259nd yollar\u0131 t\u0259mir edilir &#8211; FOTOLAR"},"content":{"rendered":"<p><a href=\"http:\/\/www.zerdab.com\/?attachment_id=20627\" rel=\"attachment wp-att-20627\"><img loading=\"lazy\" decoding=\"async\" class=\"aligncenter size-large wp-image-20627\" src=\"http:\/\/www.zerdab.com\/wp-content\/uploads\/2015\/09\/Zerdab2-550x420.jpg\" alt=\"Zerdab\" width=\"550\" height=\"420\" \/><\/a><\/p>\n<p>Az\u0259rbaycan Respublikas\u0131n\u0131n Prezidenti c\u0259nab \u0130lham \u018fliyevin k\u0259nd yollar\u0131n\u0131n t\u0259miri v\u0259 tikintisi il\u0259 \u0259laq\u0259dar qar\u015f\u0131ya qoydu\u011fu v\u0259zif\u0259l\u0259r Z\u0259rdab rayonunda da u\u011furla icra olunur. Art\u0131q rayonun K\u00f6rp\u00fck\u0259nd, M\u0259likli, Burunlu, Yarm\u0259mm\u0259dba\u011f\u0131, \u018flib\u0259yli, Allahquluba\u011f\u0131, G\u0259lm\u0259, H\u00fcseynxanl\u0131, Xanm\u0259mm\u0259dli, P\u0259rvanl\u0131, Al\u0131canl\u0131, M\u0259likumudlu, D\u0259li Qu\u015f\u00e7u, K\u0259nd\u0259bil k\u0259nd v\u0259 B\u0259yimli q\u0259s\u0259b\u0259 yollar\u0131nda xeyli t\u0259mir-abadl\u0131q i\u015fl\u0259ri apar\u0131lm\u0131\u015fd\u0131r. Son g\u00fcnl\u0259rd\u0259 is\u0259 M\u0259mm\u0259dqas\u0131ml\u0131 k\u0259ndin\u0259 ged\u0259n 2 km uzunlu\u011funda yolun t\u0259mirin\u0259 ba\u015flan\u0131lm\u0131\u015f v\u0259 i\u015fl\u0259r art\u0131q ba\u015fa \u00e7atd\u0131r\u0131lm\u0131\u015fd\u0131r.<\/p>\n<p><strong>Z\u0259rdab Rayon \u0130cra Hakimiyy\u0259ti<a href=\"http:\/\/www.zerdab.com\/?attachment_id=20626\" rel=\"attachment wp-att-20626\"><img loading=\"lazy\" decoding=\"async\" class=\"aligncenter size-large wp-image-20626\" src=\"http:\/\/www.zerdab.com\/wp-content\/uploads\/2015\/09\/Zerdab1-550x365.jpg\" alt=\"Zerdab\" width=\"550\" height=\"365\" \/><\/a><a href=\"http:\/\/www.zerdab.com\/?attachment_id=20628\" rel=\"attachment wp-att-20628\"><img loading=\"lazy\" decoding=\"async\" class=\"aligncenter size-large wp-image-20628\" src=\"http:\/\/www.zerdab.com\/wp-content\/uploads\/2015\/09\/Zerdab-550x365.jpg\" alt=\"Zerdab\" width=\"550\" height=\"365\" \/><\/a><\/strong><\/p>\n","protected":false},"excerpt":{"rendered":"<p>Az\u0259rbaycan Respublikas\u0131n\u0131n Prezidenti c\u0259nab \u0130lham \u018fliyevin k\u0259nd yollar\u0131n\u0131n t\u0259miri v\u0259 tikintisi il\u0259 \u0259laq\u0259dar qar\u015f\u0131ya qoydu\u011fu v\u0259zif\u0259l\u0259r Z\u0259rdab rayonunda da u\u011furla icra olunur. Art\u0131q rayonun K\u00f6rp\u00fck\u0259nd, M\u0259likli, Burunlu, Yarm\u0259mm\u0259dba\u011f\u0131, \u018flib\u0259yli, Allahquluba\u011f\u0131, G\u0259lm\u0259, H\u00fcseynxanl\u0131, Xanm\u0259mm\u0259dli, P\u0259rvanl\u0131, Al\u0131canl\u0131, M\u0259likumudlu, D\u0259li Qu\u015f\u00e7u, K\u0259nd\u0259bil k\u0259nd v\u0259 B\u0259yimli q\u0259s\u0259b\u0259 yollar\u0131nda xeyli t\u0259mir-abadl\u0131q i\u015fl\u0259ri apar\u0131lm\u0131\u015fd\u0131r. Son g\u00fcnl\u0259rd\u0259 is\u0259 M\u0259mm\u0259dqas\u0131ml\u0131 k\u0259ndin\u0259 ged\u0259n 2 [&hellip;]<\/p>\n","protected":false},"author":1,"featured_media":0,"comment_status":"open","ping_status":"open","sticky":false,"template":"","format":"standard","meta":{"footnotes":""},"categories":[5],"tags":[],"class_list":{"0":"post-20630","1":"post","2":"type-post","3":"status-publish","4":"format-standard","6":"category-knd"},"yoast_head":"<!-- This site is optimized with the Yoast SEO plugin v27.0 - https:\/\/yoast.com\/product\/yoast-seo-wordpress\/ -->\n<title>Z\u0259rdabda k\u0259nd yollar\u0131 t\u0259mir edilir - FOTOLAR - Z\u0259rdab.com<\/title>\n<meta name=\"robots\" content=\"index, follow, max-snippet:-1, max-image-preview:large, max-video-preview:-1\" \/>\n<link rel=\"canonical\" href=\"https:\/\/www.zerdab.com\/?p=20630\" \/>\n<meta property=\"og:locale\" content=\"az_AZ\" \/>\n<meta property=\"og:type\" content=\"article\" \/>\n<meta property=\"og:title\" content=\"Z\u0259rdabda k\u0259nd yollar\u0131 t\u0259mir edilir - FOTOLAR - Z\u0259rdab.com\" \/>\n<meta property=\"og:description\" content=\"Az\u0259rbaycan Respublikas\u0131n\u0131n Prezidenti c\u0259nab \u0130lham \u018fliyevin k\u0259nd yollar\u0131n\u0131n t\u0259miri v\u0259 tikintisi il\u0259 \u0259laq\u0259dar qar\u015f\u0131ya qoydu\u011fu v\u0259zif\u0259l\u0259r Z\u0259rdab rayonunda da u\u011furla icra olunur. Art\u0131q rayonun K\u00f6rp\u00fck\u0259nd, M\u0259likli, Burunlu, Yarm\u0259mm\u0259dba\u011f\u0131, \u018flib\u0259yli, Allahquluba\u011f\u0131, G\u0259lm\u0259, H\u00fcseynxanl\u0131, Xanm\u0259mm\u0259dli, P\u0259rvanl\u0131, Al\u0131canl\u0131, M\u0259likumudlu, D\u0259li Qu\u015f\u00e7u, K\u0259nd\u0259bil k\u0259nd v\u0259 B\u0259yimli q\u0259s\u0259b\u0259 yollar\u0131nda xeyli t\u0259mir-abadl\u0131q i\u015fl\u0259ri apar\u0131lm\u0131\u015fd\u0131r. Son g\u00fcnl\u0259rd\u0259 is\u0259 M\u0259mm\u0259dqas\u0131ml\u0131 k\u0259ndin\u0259 ged\u0259n 2 [&hellip;]\" \/>\n<meta property=\"og:url\" content=\"https:\/\/www.zerdab.com\/?p=20630\" \/>\n<meta property=\"og:site_name\" content=\"Z\u0259rdab.com\" \/>\n<meta property=\"article:published_time\" content=\"2015-09-03T13:57:53+00:00\" \/>\n<meta property=\"article:modified_time\" content=\"2015-09-03T14:28:01+00:00\" \/>\n<meta property=\"og:image\" content=\"http:\/\/www.zerdab.com\/wp-content\/uploads\/2015\/09\/Zerdab2-550x420.jpg\" \/>\n<meta name=\"author\" content=\"admin\" \/>\n<meta name=\"twitter:card\" content=\"summary_large_image\" \/>\n<meta name=\"twitter:label1\" content=\"Written by\" \/>\n\t<meta name=\"twitter:data1\" content=\"admin\" \/>\n\t<meta name=\"twitter:label2\" content=\"Est. reading time\" \/>\n\t<meta name=\"twitter:data2\" content=\"1 minute\" \/>\n<script type=\"application\/ld+json\" class=\"yoast-schema-graph\">{\"@context\":\"https:\/\/schema.org\",\"@graph\":[{\"@type\":\"Article\",\"@id\":\"https:\/\/www.zerdab.com\/?p=20630#article\",\"isPartOf\":{\"@id\":\"https:\/\/www.zerdab.com\/?p=20630\"},\"author\":{\"name\":\"admin\",\"@id\":\"https:\/\/www.zerdab.com\/#\/schema\/person\/97079b7570c1e89ec0d9e138c3672136\"},\"headline\":\"Z\u0259rdabda k\u0259nd yollar\u0131 t\u0259mir edilir &#8211; FOTOLAR\",\"datePublished\":\"2015-09-03T13:57:53+00:00\",\"dateModified\":\"2015-09-03T14:28:01+00:00\",\"mainEntityOfPage\":{\"@id\":\"https:\/\/www.zerdab.com\/?p=20630\"},\"wordCount\":146,\"commentCount\":3,\"image\":{\"@id\":\"https:\/\/www.zerdab.com\/?p=20630#primaryimage\"},\"thumbnailUrl\":\"http:\/\/www.zerdab.com\/wp-content\/uploads\/2015\/09\/Zerdab2-550x420.jpg\",\"articleSection\":[\"X\u018fB\u018fRL\u018fR\"],\"inLanguage\":\"az\",\"potentialAction\":[{\"@type\":\"CommentAction\",\"name\":\"Comment\",\"target\":[\"https:\/\/www.zerdab.com\/?p=20630#respond\"]}]},{\"@type\":\"WebPage\",\"@id\":\"https:\/\/www.zerdab.com\/?p=20630\",\"url\":\"https:\/\/www.zerdab.com\/?p=20630\",\"name\":\"Z\u0259rdabda k\u0259nd yollar\u0131 t\u0259mir edilir - FOTOLAR - Z\u0259rdab.com\",\"isPartOf\":{\"@id\":\"https:\/\/www.zerdab.com\/#website\"},\"primaryImageOfPage\":{\"@id\":\"https:\/\/www.zerdab.com\/?p=20630#primaryimage\"},\"image\":{\"@id\":\"https:\/\/www.zerdab.com\/?p=20630#primaryimage\"},\"thumbnailUrl\":\"http:\/\/www.zerdab.com\/wp-content\/uploads\/2015\/09\/Zerdab2-550x420.jpg\",\"datePublished\":\"2015-09-03T13:57:53+00:00\",\"dateModified\":\"2015-09-03T14:28:01+00:00\",\"author\":{\"@id\":\"https:\/\/www.zerdab.com\/#\/schema\/person\/97079b7570c1e89ec0d9e138c3672136\"},\"breadcrumb\":{\"@id\":\"https:\/\/www.zerdab.com\/?p=20630#breadcrumb\"},\"inLanguage\":\"az\",\"potentialAction\":[{\"@type\":\"ReadAction\",\"target\":[\"https:\/\/www.zerdab.com\/?p=20630\"]}]},{\"@type\":\"ImageObject\",\"inLanguage\":\"az\",\"@id\":\"https:\/\/www.zerdab.com\/?p=20630#primaryimage\",\"url\":\"\",\"contentUrl\":\"\"},{\"@type\":\"BreadcrumbList\",\"@id\":\"https:\/\/www.zerdab.com\/?p=20630#breadcrumb\",\"itemListElement\":[{\"@type\":\"ListItem\",\"position\":1,\"name\":\"Home\",\"item\":\"https:\/\/www.zerdab.com\/\"},{\"@type\":\"ListItem\",\"position\":2,\"name\":\"Z\u0259rdabda k\u0259nd yollar\u0131 t\u0259mir edilir &#8211; FOTOLAR\"}]},{\"@type\":\"WebSite\",\"@id\":\"https:\/\/www.zerdab.com\/#website\",\"url\":\"https:\/\/www.zerdab.com\/\",\"name\":\"Z\u0259rdab.com\",\"description\":\"\",\"potentialAction\":[{\"@type\":\"SearchAction\",\"target\":{\"@type\":\"EntryPoint\",\"urlTemplate\":\"https:\/\/www.zerdab.com\/?s={search_term_string}\"},\"query-input\":{\"@type\":\"PropertyValueSpecification\",\"valueRequired\":true,\"valueName\":\"search_term_string\"}}],\"inLanguage\":\"az\"},{\"@type\":\"Person\",\"@id\":\"https:\/\/www.zerdab.com\/#\/schema\/person\/97079b7570c1e89ec0d9e138c3672136\",\"name\":\"admin\",\"image\":{\"@type\":\"ImageObject\",\"inLanguage\":\"az\",\"@id\":\"https:\/\/www.zerdab.com\/#\/schema\/person\/image\/\",\"url\":\"https:\/\/secure.gravatar.com\/avatar\/d9c52a9a27c32119cb6679a077fa3e2779e5f822c451cbf01098004361d466ec?s=96&d=mm&r=g\",\"contentUrl\":\"https:\/\/secure.gravatar.com\/avatar\/d9c52a9a27c32119cb6679a077fa3e2779e5f822c451cbf01098004361d466ec?s=96&d=mm&r=g\",\"caption\":\"admin\"},\"url\":\"https:\/\/www.zerdab.com\/?author=1\"}]}<\/script>\n<!-- \/ Yoast SEO plugin. -->","yoast_head_json":{"title":"Z\u0259rdabda k\u0259nd yollar\u0131 t\u0259mir edilir - FOTOLAR - Z\u0259rdab.com","robots":{"index":"index","follow":"follow","max-snippet":"max-snippet:-1","max-image-preview":"max-image-preview:large","max-video-preview":"max-video-preview:-1"},"canonical":"https:\/\/www.zerdab.com\/?p=20630","og_locale":"az_AZ","og_type":"article","og_title":"Z\u0259rdabda k\u0259nd yollar\u0131 t\u0259mir edilir - FOTOLAR - Z\u0259rdab.com","og_description":"Az\u0259rbaycan Respublikas\u0131n\u0131n Prezidenti c\u0259nab \u0130lham \u018fliyevin k\u0259nd yollar\u0131n\u0131n t\u0259miri v\u0259 tikintisi il\u0259 \u0259laq\u0259dar qar\u015f\u0131ya qoydu\u011fu v\u0259zif\u0259l\u0259r Z\u0259rdab rayonunda da u\u011furla icra olunur. Art\u0131q rayonun K\u00f6rp\u00fck\u0259nd, M\u0259likli, Burunlu, Yarm\u0259mm\u0259dba\u011f\u0131, \u018flib\u0259yli, Allahquluba\u011f\u0131, G\u0259lm\u0259, H\u00fcseynxanl\u0131, Xanm\u0259mm\u0259dli, P\u0259rvanl\u0131, Al\u0131canl\u0131, M\u0259likumudlu, D\u0259li Qu\u015f\u00e7u, K\u0259nd\u0259bil k\u0259nd v\u0259 B\u0259yimli q\u0259s\u0259b\u0259 yollar\u0131nda xeyli t\u0259mir-abadl\u0131q i\u015fl\u0259ri apar\u0131lm\u0131\u015fd\u0131r. Son g\u00fcnl\u0259rd\u0259 is\u0259 M\u0259mm\u0259dqas\u0131ml\u0131 k\u0259ndin\u0259 ged\u0259n 2 [&hellip;]","og_url":"https:\/\/www.zerdab.com\/?p=20630","og_site_name":"Z\u0259rdab.com","article_published_time":"2015-09-03T13:57:53+00:00","article_modified_time":"2015-09-03T14:28:01+00:00","og_image":[{"url":"http:\/\/www.zerdab.com\/wp-content\/uploads\/2015\/09\/Zerdab2-550x420.jpg","type":"","width":"","height":""}],"author":"admin","twitter_card":"summary_large_image","twitter_misc":{"Written by":"admin","Est. reading time":"1 minute"},"schema":{"@context":"https:\/\/schema.org","@graph":[{"@type":"Article","@id":"https:\/\/www.zerdab.com\/?p=20630#article","isPartOf":{"@id":"https:\/\/www.zerdab.com\/?p=20630"},"author":{"name":"admin","@id":"https:\/\/www.zerdab.com\/#\/schema\/person\/97079b7570c1e89ec0d9e138c3672136"},"headline":"Z\u0259rdabda k\u0259nd yollar\u0131 t\u0259mir edilir &#8211; FOTOLAR","datePublished":"2015-09-03T13:57:53+00:00","dateModified":"2015-09-03T14:28:01+00:00","mainEntityOfPage":{"@id":"https:\/\/www.zerdab.com\/?p=20630"},"wordCount":146,"commentCount":3,"image":{"@id":"https:\/\/www.zerdab.com\/?p=20630#primaryimage"},"thumbnailUrl":"http:\/\/www.zerdab.com\/wp-content\/uploads\/2015\/09\/Zerdab2-550x420.jpg","articleSection":["X\u018fB\u018fRL\u018fR"],"inLanguage":"az","potentialAction":[{"@type":"CommentAction","name":"Comment","target":["https:\/\/www.zerdab.com\/?p=20630#respond"]}]},{"@type":"WebPage","@id":"https:\/\/www.zerdab.com\/?p=20630","url":"https:\/\/www.zerdab.com\/?p=20630","name":"Z\u0259rdabda k\u0259nd yollar\u0131 t\u0259mir edilir - FOTOLAR - Z\u0259rdab.com","isPartOf":{"@id":"https:\/\/www.zerdab.com\/#website"},"primaryImageOfPage":{"@id":"https:\/\/www.zerdab.com\/?p=20630#primaryimage"},"image":{"@id":"https:\/\/www.zerdab.com\/?p=20630#primaryimage"},"thumbnailUrl":"http:\/\/www.zerdab.com\/wp-content\/uploads\/2015\/09\/Zerdab2-550x420.jpg","datePublished":"2015-09-03T13:57:53+00:00","dateModified":"2015-09-03T14:28:01+00:00","author":{"@id":"https:\/\/www.zerdab.com\/#\/schema\/person\/97079b7570c1e89ec0d9e138c3672136"},"breadcrumb":{"@id":"https:\/\/www.zerdab.com\/?p=20630#breadcrumb"},"inLanguage":"az","potentialAction":[{"@type":"ReadAction","target":["https:\/\/www.zerdab.com\/?p=20630"]}]},{"@type":"ImageObject","inLanguage":"az","@id":"https:\/\/www.zerdab.com\/?p=20630#primaryimage","url":"","contentUrl":""},{"@type":"BreadcrumbList","@id":"https:\/\/www.zerdab.com\/?p=20630#breadcrumb","itemListElement":[{"@type":"ListItem","position":1,"name":"Home","item":"https:\/\/www.zerdab.com\/"},{"@type":"ListItem","position":2,"name":"Z\u0259rdabda k\u0259nd yollar\u0131 t\u0259mir edilir &#8211; FOTOLAR"}]},{"@type":"WebSite","@id":"https:\/\/www.zerdab.com\/#website","url":"https:\/\/www.zerdab.com\/","name":"Z\u0259rdab.com","description":"","potentialAction":[{"@type":"SearchAction","target":{"@type":"EntryPoint","urlTemplate":"https:\/\/www.zerdab.com\/?s={search_term_string}"},"query-input":{"@type":"PropertyValueSpecification","valueRequired":true,"valueName":"search_term_string"}}],"inLanguage":"az"},{"@type":"Person","@id":"https:\/\/www.zerdab.com\/#\/schema\/person\/97079b7570c1e89ec0d9e138c3672136","name":"admin","image":{"@type":"ImageObject","inLanguage":"az","@id":"https:\/\/www.zerdab.com\/#\/schema\/person\/image\/","url":"https:\/\/secure.gravatar.com\/avatar\/d9c52a9a27c32119cb6679a077fa3e2779e5f822c451cbf01098004361d466ec?s=96&d=mm&r=g","contentUrl":"https:\/\/secure.gravatar.com\/avatar\/d9c52a9a27c32119cb6679a077fa3e2779e5f822c451cbf01098004361d466ec?s=96&d=mm&r=g","caption":"admin"},"url":"https:\/\/www.zerdab.com\/?author=1"}]}},"_links":{"self":[{"href":"https:\/\/www.zerdab.com\/index.php?rest_route=\/wp\/v2\/posts\/20630","targetHints":{"allow":["GET"]}}],"collection":[{"href":"https:\/\/www.zerdab.com\/index.php?rest_route=\/wp\/v2\/posts"}],"about":[{"href":"https:\/\/www.zerdab.com\/index.php?rest_route=\/wp\/v2\/types\/post"}],"author":[{"embeddable":true,"href":"https:\/\/www.zerdab.com\/index.php?rest_route=\/wp\/v2\/users\/1"}],"replies":[{"embeddable":true,"href":"https:\/\/www.zerdab.com\/index.php?rest_route=%2Fwp%2Fv2%2Fcomments&post=20630"}],"version-history":[{"count":2,"href":"https:\/\/www.zerdab.com\/index.php?rest_route=\/wp\/v2\/posts\/20630\/revisions"}],"predecessor-version":[{"id":20639,"href":"https:\/\/www.zerdab.com\/index.php?rest_route=\/wp\/v2\/posts\/20630\/revisions\/20639"}],"wp:attachment":[{"href":"https:\/\/www.zerdab.com\/index.php?rest_route=%2Fwp%2Fv2%2Fmedia&parent=20630"}],"wp:term":[{"taxonomy":"category","embeddable":true,"href":"https:\/\/www.zerdab.com\/index.php?rest_route=%2Fwp%2Fv2%2Fcategories&post=20630"},{"taxonomy":"post_tag","embeddable":true,"href":"https:\/\/www.zerdab.com\/index.php?rest_route=%2Fwp%2Fv2%2Ftags&post=20630"}],"curies":[{"name":"wp","href":"https:\/\/api.w.org\/{rel}","templated":true}]}}