{"id":20632,"date":"2015-09-04T08:00:39","date_gmt":"2015-09-04T03:00:39","guid":{"rendered":"http:\/\/www.zerdab.com\/?p=20632"},"modified":"2015-09-03T19:09:49","modified_gmt":"2015-09-03T14:09:49","slug":"z%c9%99rdabda-ali-m%c9%99kt%c9%99bl%c9%99r%c9%99-q%c9%99bul-olanlarla-gorus-kecirildi-fotolar","status":"publish","type":"post","link":"https:\/\/www.zerdab.com\/?p=20632","title":{"rendered":"Z\u0259rdabda ali m\u0259kt\u0259bl\u0259r\u0259 q\u0259bul olanlarla g\u00f6r\u00fc\u015f ke\u00e7irildi-FOTOLAR"},"content":{"rendered":"<p>&nbsp;<\/p>\n<p><a href=\"http:\/\/www.zerdab.com\/?attachment_id=20633\" rel=\"attachment wp-att-20633\"><img loading=\"lazy\" decoding=\"async\" class=\"aligncenter size-large wp-image-20633\" src=\"http:\/\/www.zerdab.com\/wp-content\/uploads\/2015\/09\/Z\u0259rdab-rayonu-550x456.jpg\" alt=\"Z\u0259rdab rayonu\" width=\"550\" height=\"456\" \/><\/a>Z\u0259rdab rayonu \u00fczr\u0259 2015-ci ild\u0259 ali m\u0259kt\u0259bl\u0259r\u0259, h\u0259rbi m\u0259kt\u0259b v\u0259 liseyl\u0259r\u0259 q\u0259bul olunmu\u015f m\u0259zunlarla rayon r\u0259hb\u0259rliyinin g\u00f6r\u00fc\u015f\u00fc ke\u00e7irilmi\u015fdir. Zerdab.com sayt\u0131na veril\u0259n m\u0259lumata g\u00f6r\u0259, t\u0259dbird\u0259 Z\u0259rdab Rayon \u0130cra Hakimiyy\u0259tinin ba\u015f\u00e7\u0131s\u0131 L\u00fctv\u0259li Babayev \u00e7\u0131x\u0131\u015f ed\u0259r\u0259k bildirmi\u015fdir ki, \u00f6lk\u0259 Prezidenti c\u0259nab \u0130lham \u018fliyevin diqq\u0259t v\u0259 qay\u011f\u0131s\u0131 say\u0259sind\u0259 son ill\u0259r respublikam\u0131z\u0131n b\u00fct\u00fcn regionlar\u0131nda oldu\u011fu kimi Z\u0259rdab rayonunda da t\u0259hsilin inki\u015faf\u0131 istiqam\u0259tind\u0259 xeyli i\u015f g\u00f6r\u00fclm\u00fc\u015fd\u00fcr. Qeyd olunmu\u015fdur ki, son ill\u0259rd\u0259 rayonda 3035 yerlik 16 m\u0259kt\u0259b, o c\u00fcml\u0259d\u0259n Heyd\u0259r \u018fliyev Fondunun \u201cYenil\u0259\u015f\u0259n Az\u0259rbaycana yeni m\u0259kt\u0259b\u201d layih\u0259si \u00e7\u0259r\u00e7iv\u0259sind\u0259 280 \u015fagird yerlik 2 m\u0259kt\u0259b binas\u0131 tikilib istifad\u0259y\u0259 verilmi\u015f, 2 tam orta m\u0259kt\u0259b binas\u0131 \u0259sasl\u0131 t\u0259mir edilmi\u015fdir. Cari ild\u0259 \u018flv\u0259nd k\u0259nd tam orta m\u0259kt\u0259bi t\u0259mir edilmi\u015fdir. 3-c\u00fc D\u00f6vl\u0259t Proqram\u0131na \u0259sas\u0259n yax\u0131n vaxtlarda \u015f\u0259h\u0259r \u00fcmumi orta m\u0259kt\u0259bi v\u0259 G\u0259lm\u0259 k\u0259nd k\u00f6rp\u0259l\u0259r evi-u\u015faq ba\u011f\u00e7as\u0131 \u00fc\u00e7\u00fcn yeni binan\u0131n tikintisin\u0259, \u015f\u0259h\u0259r 1 sayl\u0131 tam orta m\u0259kt\u0259bin \u0259sasl\u0131 t\u0259mirin\u0259 ba\u015flan\u0131lacaqd\u0131r.<\/p>\n<p>\u0130cra ba\u015f\u00e7\u0131s\u0131 bildirmi\u015fdir ki, 2015-ci ild\u0259 rayonun tam orta m\u0259kt\u0259bl\u0259rini 471 n\u0259f\u0259r m\u0259zun bitirmi\u015f, onlardan 254 n\u0259f\u0259ri TQDK-ya s\u0259n\u0259d vermi\u015fdir. Natiq qeyd etmi\u015fdir ki, 2007-ci ild\u0259 c\u0259mi 48 n\u0259f\u0259r m\u0259zun ali m\u0259kt\u0259b\u0259 q\u0259bul olmu\u015fdursa, bu il bu g\u00f6st\u0259rici 151 n\u0259f\u0259r olmu\u015f, 6 n\u0259f\u0259r m\u0259zunumuz q\u0259bul imtahanlar\u0131nda 600-d\u0259n \u00e7ox bal toplam\u0131\u015fd\u0131r. 4 m\u0259zun is\u0259 ali h\u0259rbi m\u0259kt\u0259b v\u0259 h\u0259rbi liseyl\u0259r\u0259 q\u0259bul olmu\u015fdur. Eyni zamanda rayonun K\u0259nd\u0259bil k\u0259ndind\u0259n M\u0259mm\u0259dovlar ail\u0259sinin, D\u0259li Qu\u015f\u00e7u k\u0259ndind\u0259n is\u0259 B\u0259d\u0259lovlar ail\u0259sinin h\u0259r birind\u0259n 3 n\u0259f\u0259r respublikan\u0131n m\u00fcxt\u0259lif ali m\u0259kt\u0259bl\u0259rin\u0259 q\u0259bul olmu\u015flar. C\u0259nab Prezidentin tap\u015f\u0131r\u0131\u011f\u0131na \u0259sas\u0259n ali v\u0259 orta ixtisas t\u0259hsili m\u00fc\u0259ssis\u0259l\u0259rin\u0259 q\u0259bul imtahanlar\u0131n\u0131n b\u00f6lg\u0259l\u0259rd\u0259 ke\u00e7irilm\u0259si imtahanlarda i\u015ftirak ed\u0259n m\u0259zunlarda y\u00fcks\u0259k \u0259hval-ruhiyy\u0259 yaratm\u0131\u015fd\u0131r.<\/p>\n<p>G\u00f6r\u00fc\u015fd\u0259 q\u0259bul imtahanlar\u0131nda y\u00fcks\u0259k bal toplam\u0131\u015f abituriyentl\u0259r, onlar\u0131n m\u00fc\u0259llim v\u0259 valideynl\u0259ri \u00e7\u0131x\u0131\u015f ed\u0259r\u0259k \u00f6lk\u0259mizd\u0259 t\u0259hsilin inki\u015faf\u0131na g\u00f6st\u0259rdiyi diqq\u0259t v\u0259 qay\u011f\u0131ya g\u00f6r\u0259 d\u00f6vl\u0259t ba\u015f\u00e7\u0131s\u0131na \u00f6z minn\u0259tdarl\u0131qlar\u0131n\u0131 bildirmi\u015fl\u0259r.<\/p>\n<p>Sonda y\u00fcks\u0259k balla ali m\u0259kt\u0259bl\u0259r\u0259 daxil olmu\u015f t\u0259l\u0259b\u0259l\u0259r\u0259 qiym\u0259tli h\u0259diyy\u0259l\u0259r t\u0259qdim olunmu\u015f, g\u00f6r\u00fc\u015f i\u015ftirak\u00e7\u0131lar\u0131 \u00fc\u00e7\u00fcn b\u00f6y\u00fck konsert proqram\u0131 t\u0259\u015fkil edilmi\u015fdir.<\/p>\n<p><a href=\"http:\/\/www.zerdab.com\/?attachment_id=20635\" rel=\"attachment wp-att-20635\"><img loading=\"lazy\" decoding=\"async\" class=\"aligncenter size-large wp-image-20635\" src=\"http:\/\/www.zerdab.com\/wp-content\/uploads\/2015\/09\/Z\u0259rdab-rayonu2.-jpg-365x550.jpg\" alt=\"Z\u0259rdab rayonu2. jpg\" width=\"365\" height=\"550\" \/><\/a><a href=\"http:\/\/www.zerdab.com\/?attachment_id=20634\" rel=\"attachment wp-att-20634\"><img loading=\"lazy\" decoding=\"async\" class=\"aligncenter size-large wp-image-20634\" src=\"http:\/\/www.zerdab.com\/wp-content\/uploads\/2015\/09\/Z\u0259rdab-rayonu1-550x505.jpg\" alt=\"Z\u0259rdab rayonu1\" width=\"550\" height=\"505\" \/><\/a><a href=\"http:\/\/www.zerdab.com\/?attachment_id=20637\" rel=\"attachment wp-att-20637\"><img loading=\"lazy\" decoding=\"async\" class=\"aligncenter size-large wp-image-20637\" src=\"http:\/\/www.zerdab.com\/wp-content\/uploads\/2015\/09\/Z\u0259rdab-rayonu3.-jpg-320x550.jpg\" alt=\"Z\u0259rdab rayonu3. jpg\" width=\"320\" height=\"550\" \/><\/a><a href=\"http:\/\/www.zerdab.com\/?attachment_id=20636\" rel=\"attachment wp-att-20636\"><img loading=\"lazy\" decoding=\"async\" class=\"aligncenter size-large wp-image-20636\" src=\"http:\/\/www.zerdab.com\/wp-content\/uploads\/2015\/09\/Z\u0259rdab-rayonu2jpg-550x365.jpg\" alt=\"Z\u0259rdab rayonu2jpg\" width=\"550\" height=\"365\" \/><\/a><\/p>\n<p><strong>\u00a0<\/strong><\/p>\n","protected":false},"excerpt":{"rendered":"<p>&nbsp; Z\u0259rdab rayonu \u00fczr\u0259 2015-ci ild\u0259 ali m\u0259kt\u0259bl\u0259r\u0259, h\u0259rbi m\u0259kt\u0259b v\u0259 liseyl\u0259r\u0259 q\u0259bul olunmu\u015f m\u0259zunlarla rayon r\u0259hb\u0259rliyinin g\u00f6r\u00fc\u015f\u00fc ke\u00e7irilmi\u015fdir. Zerdab.com sayt\u0131na veril\u0259n m\u0259lumata g\u00f6r\u0259, t\u0259dbird\u0259 Z\u0259rdab Rayon \u0130cra Hakimiyy\u0259tinin ba\u015f\u00e7\u0131s\u0131 L\u00fctv\u0259li Babayev \u00e7\u0131x\u0131\u015f ed\u0259r\u0259k bildirmi\u015fdir ki, \u00f6lk\u0259 Prezidenti c\u0259nab \u0130lham \u018fliyevin diqq\u0259t v\u0259 qay\u011f\u0131s\u0131 say\u0259sind\u0259 son ill\u0259r respublikam\u0131z\u0131n b\u00fct\u00fcn regionlar\u0131nda oldu\u011fu kimi Z\u0259rdab rayonunda da [&hellip;]<\/p>\n","protected":false},"author":1,"featured_media":0,"comment_status":"open","ping_status":"open","sticky":false,"template":"","format":"standard","meta":{"footnotes":""},"categories":[21],"tags":[],"class_list":{"0":"post-20632","1":"post","2":"type-post","3":"status-publish","4":"format-standard","6":"category-zrdab"},"yoast_head":"<!-- This site is optimized with the Yoast SEO plugin v27.0 - https:\/\/yoast.com\/product\/yoast-seo-wordpress\/ -->\n<title>Z\u0259rdabda ali m\u0259kt\u0259bl\u0259r\u0259 q\u0259bul olanlarla g\u00f6r\u00fc\u015f ke\u00e7irildi-FOTOLAR - Z\u0259rdab.com<\/title>\n<meta name=\"robots\" content=\"index, follow, max-snippet:-1, max-image-preview:large, max-video-preview:-1\" \/>\n<link rel=\"canonical\" href=\"https:\/\/www.zerdab.com\/?p=20632\" \/>\n<meta property=\"og:locale\" content=\"az_AZ\" \/>\n<meta property=\"og:type\" content=\"article\" \/>\n<meta property=\"og:title\" content=\"Z\u0259rdabda ali m\u0259kt\u0259bl\u0259r\u0259 q\u0259bul olanlarla g\u00f6r\u00fc\u015f ke\u00e7irildi-FOTOLAR - Z\u0259rdab.com\" \/>\n<meta property=\"og:description\" content=\"&nbsp; Z\u0259rdab rayonu \u00fczr\u0259 2015-ci ild\u0259 ali m\u0259kt\u0259bl\u0259r\u0259, h\u0259rbi m\u0259kt\u0259b v\u0259 liseyl\u0259r\u0259 q\u0259bul olunmu\u015f m\u0259zunlarla rayon r\u0259hb\u0259rliyinin g\u00f6r\u00fc\u015f\u00fc ke\u00e7irilmi\u015fdir. Zerdab.com sayt\u0131na veril\u0259n m\u0259lumata g\u00f6r\u0259, t\u0259dbird\u0259 Z\u0259rdab Rayon \u0130cra Hakimiyy\u0259tinin ba\u015f\u00e7\u0131s\u0131 L\u00fctv\u0259li Babayev \u00e7\u0131x\u0131\u015f ed\u0259r\u0259k bildirmi\u015fdir ki, \u00f6lk\u0259 Prezidenti c\u0259nab \u0130lham \u018fliyevin diqq\u0259t v\u0259 qay\u011f\u0131s\u0131 say\u0259sind\u0259 son ill\u0259r respublikam\u0131z\u0131n b\u00fct\u00fcn regionlar\u0131nda oldu\u011fu kimi Z\u0259rdab rayonunda da [&hellip;]\" \/>\n<meta property=\"og:url\" content=\"https:\/\/www.zerdab.com\/?p=20632\" \/>\n<meta property=\"og:site_name\" content=\"Z\u0259rdab.com\" \/>\n<meta property=\"article:published_time\" content=\"2015-09-04T03:00:39+00:00\" \/>\n<meta name=\"author\" content=\"admin\" \/>\n<meta name=\"twitter:card\" content=\"summary_large_image\" \/>\n<meta name=\"twitter:label1\" content=\"Written by\" \/>\n\t<meta name=\"twitter:data1\" content=\"admin\" \/>\n\t<meta name=\"twitter:label2\" content=\"Est. reading time\" \/>\n\t<meta name=\"twitter:data2\" content=\"3 minutes\" \/>\n<script type=\"application\/ld+json\" class=\"yoast-schema-graph\">{\"@context\":\"https:\/\/schema.org\",\"@graph\":[{\"@type\":\"Article\",\"@id\":\"https:\/\/www.zerdab.com\/?p=20632#article\",\"isPartOf\":{\"@id\":\"https:\/\/www.zerdab.com\/?p=20632\"},\"author\":{\"name\":\"admin\",\"@id\":\"https:\/\/www.zerdab.com\/#\/schema\/person\/97079b7570c1e89ec0d9e138c3672136\"},\"headline\":\"Z\u0259rdabda ali m\u0259kt\u0259bl\u0259r\u0259 q\u0259bul olanlarla g\u00f6r\u00fc\u015f ke\u00e7irildi-FOTOLAR\",\"datePublished\":\"2015-09-04T03:00:39+00:00\",\"mainEntityOfPage\":{\"@id\":\"https:\/\/www.zerdab.com\/?p=20632\"},\"wordCount\":530,\"commentCount\":4,\"articleSection\":[\"C\u018fM\u0130YY\u018fT\"],\"inLanguage\":\"az\",\"potentialAction\":[{\"@type\":\"CommentAction\",\"name\":\"Comment\",\"target\":[\"https:\/\/www.zerdab.com\/?p=20632#respond\"]}]},{\"@type\":\"WebPage\",\"@id\":\"https:\/\/www.zerdab.com\/?p=20632\",\"url\":\"https:\/\/www.zerdab.com\/?p=20632\",\"name\":\"Z\u0259rdabda ali m\u0259kt\u0259bl\u0259r\u0259 q\u0259bul olanlarla g\u00f6r\u00fc\u015f ke\u00e7irildi-FOTOLAR - Z\u0259rdab.com\",\"isPartOf\":{\"@id\":\"https:\/\/www.zerdab.com\/#website\"},\"datePublished\":\"2015-09-04T03:00:39+00:00\",\"author\":{\"@id\":\"https:\/\/www.zerdab.com\/#\/schema\/person\/97079b7570c1e89ec0d9e138c3672136\"},\"breadcrumb\":{\"@id\":\"https:\/\/www.zerdab.com\/?p=20632#breadcrumb\"},\"inLanguage\":\"az\",\"potentialAction\":[{\"@type\":\"ReadAction\",\"target\":[\"https:\/\/www.zerdab.com\/?p=20632\"]}]},{\"@type\":\"BreadcrumbList\",\"@id\":\"https:\/\/www.zerdab.com\/?p=20632#breadcrumb\",\"itemListElement\":[{\"@type\":\"ListItem\",\"position\":1,\"name\":\"Home\",\"item\":\"https:\/\/www.zerdab.com\/\"},{\"@type\":\"ListItem\",\"position\":2,\"name\":\"Z\u0259rdabda ali m\u0259kt\u0259bl\u0259r\u0259 q\u0259bul olanlarla g\u00f6r\u00fc\u015f ke\u00e7irildi-FOTOLAR\"}]},{\"@type\":\"WebSite\",\"@id\":\"https:\/\/www.zerdab.com\/#website\",\"url\":\"https:\/\/www.zerdab.com\/\",\"name\":\"Z\u0259rdab.com\",\"description\":\"\",\"potentialAction\":[{\"@type\":\"SearchAction\",\"target\":{\"@type\":\"EntryPoint\",\"urlTemplate\":\"https:\/\/www.zerdab.com\/?s={search_term_string}\"},\"query-input\":{\"@type\":\"PropertyValueSpecification\",\"valueRequired\":true,\"valueName\":\"search_term_string\"}}],\"inLanguage\":\"az\"},{\"@type\":\"Person\",\"@id\":\"https:\/\/www.zerdab.com\/#\/schema\/person\/97079b7570c1e89ec0d9e138c3672136\",\"name\":\"admin\",\"image\":{\"@type\":\"ImageObject\",\"inLanguage\":\"az\",\"@id\":\"https:\/\/www.zerdab.com\/#\/schema\/person\/image\/\",\"url\":\"https:\/\/secure.gravatar.com\/avatar\/d9c52a9a27c32119cb6679a077fa3e2779e5f822c451cbf01098004361d466ec?s=96&d=mm&r=g\",\"contentUrl\":\"https:\/\/secure.gravatar.com\/avatar\/d9c52a9a27c32119cb6679a077fa3e2779e5f822c451cbf01098004361d466ec?s=96&d=mm&r=g\",\"caption\":\"admin\"},\"url\":\"https:\/\/www.zerdab.com\/?author=1\"}]}<\/script>\n<!-- \/ Yoast SEO plugin. -->","yoast_head_json":{"title":"Z\u0259rdabda ali m\u0259kt\u0259bl\u0259r\u0259 q\u0259bul olanlarla g\u00f6r\u00fc\u015f ke\u00e7irildi-FOTOLAR - Z\u0259rdab.com","robots":{"index":"index","follow":"follow","max-snippet":"max-snippet:-1","max-image-preview":"max-image-preview:large","max-video-preview":"max-video-preview:-1"},"canonical":"https:\/\/www.zerdab.com\/?p=20632","og_locale":"az_AZ","og_type":"article","og_title":"Z\u0259rdabda ali m\u0259kt\u0259bl\u0259r\u0259 q\u0259bul olanlarla g\u00f6r\u00fc\u015f ke\u00e7irildi-FOTOLAR - Z\u0259rdab.com","og_description":"&nbsp; Z\u0259rdab rayonu \u00fczr\u0259 2015-ci ild\u0259 ali m\u0259kt\u0259bl\u0259r\u0259, h\u0259rbi m\u0259kt\u0259b v\u0259 liseyl\u0259r\u0259 q\u0259bul olunmu\u015f m\u0259zunlarla rayon r\u0259hb\u0259rliyinin g\u00f6r\u00fc\u015f\u00fc ke\u00e7irilmi\u015fdir. Zerdab.com sayt\u0131na veril\u0259n m\u0259lumata g\u00f6r\u0259, t\u0259dbird\u0259 Z\u0259rdab Rayon \u0130cra Hakimiyy\u0259tinin ba\u015f\u00e7\u0131s\u0131 L\u00fctv\u0259li Babayev \u00e7\u0131x\u0131\u015f ed\u0259r\u0259k bildirmi\u015fdir ki, \u00f6lk\u0259 Prezidenti c\u0259nab \u0130lham \u018fliyevin diqq\u0259t v\u0259 qay\u011f\u0131s\u0131 say\u0259sind\u0259 son ill\u0259r respublikam\u0131z\u0131n b\u00fct\u00fcn regionlar\u0131nda oldu\u011fu kimi Z\u0259rdab rayonunda da [&hellip;]","og_url":"https:\/\/www.zerdab.com\/?p=20632","og_site_name":"Z\u0259rdab.com","article_published_time":"2015-09-04T03:00:39+00:00","author":"admin","twitter_card":"summary_large_image","twitter_misc":{"Written by":"admin","Est. reading time":"3 minutes"},"schema":{"@context":"https:\/\/schema.org","@graph":[{"@type":"Article","@id":"https:\/\/www.zerdab.com\/?p=20632#article","isPartOf":{"@id":"https:\/\/www.zerdab.com\/?p=20632"},"author":{"name":"admin","@id":"https:\/\/www.zerdab.com\/#\/schema\/person\/97079b7570c1e89ec0d9e138c3672136"},"headline":"Z\u0259rdabda ali m\u0259kt\u0259bl\u0259r\u0259 q\u0259bul olanlarla g\u00f6r\u00fc\u015f ke\u00e7irildi-FOTOLAR","datePublished":"2015-09-04T03:00:39+00:00","mainEntityOfPage":{"@id":"https:\/\/www.zerdab.com\/?p=20632"},"wordCount":530,"commentCount":4,"articleSection":["C\u018fM\u0130YY\u018fT"],"inLanguage":"az","potentialAction":[{"@type":"CommentAction","name":"Comment","target":["https:\/\/www.zerdab.com\/?p=20632#respond"]}]},{"@type":"WebPage","@id":"https:\/\/www.zerdab.com\/?p=20632","url":"https:\/\/www.zerdab.com\/?p=20632","name":"Z\u0259rdabda ali m\u0259kt\u0259bl\u0259r\u0259 q\u0259bul olanlarla g\u00f6r\u00fc\u015f ke\u00e7irildi-FOTOLAR - Z\u0259rdab.com","isPartOf":{"@id":"https:\/\/www.zerdab.com\/#website"},"datePublished":"2015-09-04T03:00:39+00:00","author":{"@id":"https:\/\/www.zerdab.com\/#\/schema\/person\/97079b7570c1e89ec0d9e138c3672136"},"breadcrumb":{"@id":"https:\/\/www.zerdab.com\/?p=20632#breadcrumb"},"inLanguage":"az","potentialAction":[{"@type":"ReadAction","target":["https:\/\/www.zerdab.com\/?p=20632"]}]},{"@type":"BreadcrumbList","@id":"https:\/\/www.zerdab.com\/?p=20632#breadcrumb","itemListElement":[{"@type":"ListItem","position":1,"name":"Home","item":"https:\/\/www.zerdab.com\/"},{"@type":"ListItem","position":2,"name":"Z\u0259rdabda ali m\u0259kt\u0259bl\u0259r\u0259 q\u0259bul olanlarla g\u00f6r\u00fc\u015f ke\u00e7irildi-FOTOLAR"}]},{"@type":"WebSite","@id":"https:\/\/www.zerdab.com\/#website","url":"https:\/\/www.zerdab.com\/","name":"Z\u0259rdab.com","description":"","potentialAction":[{"@type":"SearchAction","target":{"@type":"EntryPoint","urlTemplate":"https:\/\/www.zerdab.com\/?s={search_term_string}"},"query-input":{"@type":"PropertyValueSpecification","valueRequired":true,"valueName":"search_term_string"}}],"inLanguage":"az"},{"@type":"Person","@id":"https:\/\/www.zerdab.com\/#\/schema\/person\/97079b7570c1e89ec0d9e138c3672136","name":"admin","image":{"@type":"ImageObject","inLanguage":"az","@id":"https:\/\/www.zerdab.com\/#\/schema\/person\/image\/","url":"https:\/\/secure.gravatar.com\/avatar\/d9c52a9a27c32119cb6679a077fa3e2779e5f822c451cbf01098004361d466ec?s=96&d=mm&r=g","contentUrl":"https:\/\/secure.gravatar.com\/avatar\/d9c52a9a27c32119cb6679a077fa3e2779e5f822c451cbf01098004361d466ec?s=96&d=mm&r=g","caption":"admin"},"url":"https:\/\/www.zerdab.com\/?author=1"}]}},"_links":{"self":[{"href":"https:\/\/www.zerdab.com\/index.php?rest_route=\/wp\/v2\/posts\/20632","targetHints":{"allow":["GET"]}}],"collection":[{"href":"https:\/\/www.zerdab.com\/index.php?rest_route=\/wp\/v2\/posts"}],"about":[{"href":"https:\/\/www.zerdab.com\/index.php?rest_route=\/wp\/v2\/types\/post"}],"author":[{"embeddable":true,"href":"https:\/\/www.zerdab.com\/index.php?rest_route=\/wp\/v2\/users\/1"}],"replies":[{"embeddable":true,"href":"https:\/\/www.zerdab.com\/index.php?rest_route=%2Fwp%2Fv2%2Fcomments&post=20632"}],"version-history":[{"count":1,"href":"https:\/\/www.zerdab.com\/index.php?rest_route=\/wp\/v2\/posts\/20632\/revisions"}],"predecessor-version":[{"id":20638,"href":"https:\/\/www.zerdab.com\/index.php?rest_route=\/wp\/v2\/posts\/20632\/revisions\/20638"}],"wp:attachment":[{"href":"https:\/\/www.zerdab.com\/index.php?rest_route=%2Fwp%2Fv2%2Fmedia&parent=20632"}],"wp:term":[{"taxonomy":"category","embeddable":true,"href":"https:\/\/www.zerdab.com\/index.php?rest_route=%2Fwp%2Fv2%2Fcategories&post=20632"},{"taxonomy":"post_tag","embeddable":true,"href":"https:\/\/www.zerdab.com\/index.php?rest_route=%2Fwp%2Fv2%2Ftags&post=20632"}],"curies":[{"name":"wp","href":"https:\/\/api.w.org\/{rel}","templated":true}]}}