{"id":20730,"date":"2015-09-15T18:04:24","date_gmt":"2015-09-15T13:04:24","guid":{"rendered":"http:\/\/www.zerdab.com\/?p=20730"},"modified":"2015-09-15T23:32:13","modified_gmt":"2015-09-15T18:32:13","slug":"n%c9%99qliyyat-nazirinin-z%c9%99rdabda-keciril%c9%99c%c9%99k-gorusunun-vaxti-d%c9%99yisdirilib","status":"publish","type":"post","link":"https:\/\/www.zerdab.com\/?p=20730","title":{"rendered":"N\u0259qliyyat nazirinin Z\u0259rdabda g\u00f6r\u00fc\u015f\u00fcn\u00fcn vaxt\u0131 d\u0259yi\u015fdirilib"},"content":{"rendered":"<figure id=\"attachment_20712\" aria-describedby=\"caption-attachment-20712\" style=\"width: 400px\" class=\"wp-caption aligncenter\"><a href=\"http:\/\/www.zerdab.com\/z%c9%99rdabda-ziya-m%c9%99mm%c9%99dovla-nec%c9%99-gorusm%c9%99k-olar\/ziya-m%c9%99mm%c9%99dov\/\" rel=\"attachment wp-att-20712\"><img loading=\"lazy\" decoding=\"async\" class=\"size-medium wp-image-20712\" src=\"http:\/\/www.zerdab.com\/wp-content\/uploads\/2015\/09\/Ziya-M\u0259mm\u0259dov-400x299.jpg\" alt=\"Ziya M\u0259mm\u0259dov\" width=\"400\" height=\"299\" \/><\/a><figcaption id=\"caption-attachment-20712\" class=\"wp-caption-text\">Ziya M\u0259mm\u0259dov<\/figcaption><\/figure>\n<p>N\u0259qliyyat naziri Ziya M\u0259mm\u0259dovun 2015-ci il sentyabr\u0131n 18-i tarixind\u0259 Z\u0259rdab rayonunda ke\u00e7irilm\u0259si n\u0259z\u0259rd\u0259 tutulan v\u0259t\u0259nda\u015flar\u0131n q\u0259bulunun vaxt\u0131 d\u0259yi\u015fdirilib.<\/p>\n<p>N\u0259qliyyat Nazirliyind\u0259n <a class=\"azertac-link\" href=\"http:\/\/azertag.az\/\" target=\"_blank\">AZ\u018fRTAC<\/a>-a bildirilib ki, bu bar\u0259d\u0259 v\u0259t\u0259nda\u015flara \u0259lav\u0259 m\u0259lumat veril\u0259c\u0259k.<\/p>\n<p>Qeyd ed\u0259k ki, m\u0259rk\u0259zi icra hakimiyy\u0259ti orqanlar\u0131 r\u0259hb\u0259rl\u0259rinin \u015f\u0259h\u0259r v\u0259 rayonlarda v\u0259t\u0259nda\u015flar\u0131n q\u0259bulu c\u0259dv\u0259lin\u0259 uy\u011fun olaraq, v\u0259t\u0259nda\u015flar\u0131n q\u0259bulu v\u0259 m\u00fcraci\u0259tl\u0259rin\u0259 bax\u0131lmas\u0131, m\u00f6vcud n\u0259qliyyat probleml\u0259rinin ara\u015fd\u0131r\u0131lmas\u0131 v\u0259 h\u0259ll edilm\u0259si m\u0259qs\u0259dil\u0259 n\u0259qliyyat naziri Z\u0259rdab \u015f\u0259h\u0259rind\u0259 K\u00fcrd\u0259mir, Hac\u0131qabul v\u0259 Z\u0259rdab rayonlar\u0131nda ya\u015fayan v\u0259t\u0259nda\u015flar\u0131 q\u0259bul ed\u0259c\u0259k.<\/p>\n","protected":false},"excerpt":{"rendered":"<p>N\u0259qliyyat naziri Ziya M\u0259mm\u0259dovun 2015-ci il sentyabr\u0131n 18-i tarixind\u0259 Z\u0259rdab rayonunda ke\u00e7irilm\u0259si n\u0259z\u0259rd\u0259 tutulan v\u0259t\u0259nda\u015flar\u0131n q\u0259bulunun vaxt\u0131 d\u0259yi\u015fdirilib. N\u0259qliyyat Nazirliyind\u0259n AZ\u018fRTAC-a bildirilib ki, bu bar\u0259d\u0259 v\u0259t\u0259nda\u015flara \u0259lav\u0259 m\u0259lumat veril\u0259c\u0259k. Qeyd ed\u0259k ki, m\u0259rk\u0259zi icra hakimiyy\u0259ti orqanlar\u0131 r\u0259hb\u0259rl\u0259rinin \u015f\u0259h\u0259r v\u0259 rayonlarda v\u0259t\u0259nda\u015flar\u0131n q\u0259bulu c\u0259dv\u0259lin\u0259 uy\u011fun olaraq, v\u0259t\u0259nda\u015flar\u0131n q\u0259bulu v\u0259 m\u00fcraci\u0259tl\u0259rin\u0259 bax\u0131lmas\u0131, m\u00f6vcud n\u0259qliyyat probleml\u0259rinin ara\u015fd\u0131r\u0131lmas\u0131 v\u0259 [&hellip;]<\/p>\n","protected":false},"author":1,"featured_media":0,"comment_status":"open","ping_status":"open","sticky":false,"template":"","format":"standard","meta":{"footnotes":""},"categories":[21],"tags":[],"class_list":{"0":"post-20730","1":"post","2":"type-post","3":"status-publish","4":"format-standard","6":"category-zrdab"},"yoast_head":"<!-- This site is optimized with the Yoast SEO plugin v27.0 - https:\/\/yoast.com\/product\/yoast-seo-wordpress\/ -->\n<title>N\u0259qliyyat nazirinin Z\u0259rdabda g\u00f6r\u00fc\u015f\u00fcn\u00fcn vaxt\u0131 d\u0259yi\u015fdirilib - Z\u0259rdab.com<\/title>\n<meta name=\"robots\" content=\"index, follow, max-snippet:-1, max-image-preview:large, max-video-preview:-1\" \/>\n<link rel=\"canonical\" href=\"https:\/\/www.zerdab.com\/?p=20730\" \/>\n<meta property=\"og:locale\" content=\"az_AZ\" \/>\n<meta property=\"og:type\" content=\"article\" \/>\n<meta property=\"og:title\" content=\"N\u0259qliyyat nazirinin Z\u0259rdabda g\u00f6r\u00fc\u015f\u00fcn\u00fcn vaxt\u0131 d\u0259yi\u015fdirilib - Z\u0259rdab.com\" \/>\n<meta property=\"og:description\" content=\"N\u0259qliyyat naziri Ziya M\u0259mm\u0259dovun 2015-ci il sentyabr\u0131n 18-i tarixind\u0259 Z\u0259rdab rayonunda ke\u00e7irilm\u0259si n\u0259z\u0259rd\u0259 tutulan v\u0259t\u0259nda\u015flar\u0131n q\u0259bulunun vaxt\u0131 d\u0259yi\u015fdirilib. N\u0259qliyyat Nazirliyind\u0259n AZ\u018fRTAC-a bildirilib ki, bu bar\u0259d\u0259 v\u0259t\u0259nda\u015flara \u0259lav\u0259 m\u0259lumat veril\u0259c\u0259k. Qeyd ed\u0259k ki, m\u0259rk\u0259zi icra hakimiyy\u0259ti orqanlar\u0131 r\u0259hb\u0259rl\u0259rinin \u015f\u0259h\u0259r v\u0259 rayonlarda v\u0259t\u0259nda\u015flar\u0131n q\u0259bulu c\u0259dv\u0259lin\u0259 uy\u011fun olaraq, v\u0259t\u0259nda\u015flar\u0131n q\u0259bulu v\u0259 m\u00fcraci\u0259tl\u0259rin\u0259 bax\u0131lmas\u0131, m\u00f6vcud n\u0259qliyyat probleml\u0259rinin ara\u015fd\u0131r\u0131lmas\u0131 v\u0259 [&hellip;]\" \/>\n<meta property=\"og:url\" content=\"https:\/\/www.zerdab.com\/?p=20730\" \/>\n<meta property=\"og:site_name\" content=\"Z\u0259rdab.com\" \/>\n<meta property=\"article:published_time\" content=\"2015-09-15T13:04:24+00:00\" \/>\n<meta property=\"article:modified_time\" content=\"2015-09-15T18:32:13+00:00\" \/>\n<meta name=\"author\" content=\"admin\" \/>\n<meta name=\"twitter:card\" content=\"summary_large_image\" \/>\n<meta name=\"twitter:label1\" content=\"Written by\" \/>\n\t<meta name=\"twitter:data1\" content=\"admin\" \/>\n\t<meta name=\"twitter:label2\" content=\"Est. reading time\" \/>\n\t<meta name=\"twitter:data2\" content=\"1 minute\" \/>\n<script type=\"application\/ld+json\" class=\"yoast-schema-graph\">{\"@context\":\"https:\/\/schema.org\",\"@graph\":[{\"@type\":\"Article\",\"@id\":\"https:\/\/www.zerdab.com\/?p=20730#article\",\"isPartOf\":{\"@id\":\"https:\/\/www.zerdab.com\/?p=20730\"},\"author\":{\"name\":\"admin\",\"@id\":\"https:\/\/www.zerdab.com\/#\/schema\/person\/97079b7570c1e89ec0d9e138c3672136\"},\"headline\":\"N\u0259qliyyat nazirinin Z\u0259rdabda g\u00f6r\u00fc\u015f\u00fcn\u00fcn vaxt\u0131 d\u0259yi\u015fdirilib\",\"datePublished\":\"2015-09-15T13:04:24+00:00\",\"dateModified\":\"2015-09-15T18:32:13+00:00\",\"mainEntityOfPage\":{\"@id\":\"https:\/\/www.zerdab.com\/?p=20730\"},\"wordCount\":171,\"commentCount\":0,\"articleSection\":[\"C\u018fM\u0130YY\u018fT\"],\"inLanguage\":\"az\",\"potentialAction\":[{\"@type\":\"CommentAction\",\"name\":\"Comment\",\"target\":[\"https:\/\/www.zerdab.com\/?p=20730#respond\"]}]},{\"@type\":\"WebPage\",\"@id\":\"https:\/\/www.zerdab.com\/?p=20730\",\"url\":\"https:\/\/www.zerdab.com\/?p=20730\",\"name\":\"N\u0259qliyyat nazirinin Z\u0259rdabda g\u00f6r\u00fc\u015f\u00fcn\u00fcn vaxt\u0131 d\u0259yi\u015fdirilib - Z\u0259rdab.com\",\"isPartOf\":{\"@id\":\"https:\/\/www.zerdab.com\/#website\"},\"datePublished\":\"2015-09-15T13:04:24+00:00\",\"dateModified\":\"2015-09-15T18:32:13+00:00\",\"author\":{\"@id\":\"https:\/\/www.zerdab.com\/#\/schema\/person\/97079b7570c1e89ec0d9e138c3672136\"},\"breadcrumb\":{\"@id\":\"https:\/\/www.zerdab.com\/?p=20730#breadcrumb\"},\"inLanguage\":\"az\",\"potentialAction\":[{\"@type\":\"ReadAction\",\"target\":[\"https:\/\/www.zerdab.com\/?p=20730\"]}]},{\"@type\":\"BreadcrumbList\",\"@id\":\"https:\/\/www.zerdab.com\/?p=20730#breadcrumb\",\"itemListElement\":[{\"@type\":\"ListItem\",\"position\":1,\"name\":\"Home\",\"item\":\"https:\/\/www.zerdab.com\/\"},{\"@type\":\"ListItem\",\"position\":2,\"name\":\"N\u0259qliyyat nazirinin Z\u0259rdabda g\u00f6r\u00fc\u015f\u00fcn\u00fcn vaxt\u0131 d\u0259yi\u015fdirilib\"}]},{\"@type\":\"WebSite\",\"@id\":\"https:\/\/www.zerdab.com\/#website\",\"url\":\"https:\/\/www.zerdab.com\/\",\"name\":\"Z\u0259rdab.com\",\"description\":\"\",\"potentialAction\":[{\"@type\":\"SearchAction\",\"target\":{\"@type\":\"EntryPoint\",\"urlTemplate\":\"https:\/\/www.zerdab.com\/?s={search_term_string}\"},\"query-input\":{\"@type\":\"PropertyValueSpecification\",\"valueRequired\":true,\"valueName\":\"search_term_string\"}}],\"inLanguage\":\"az\"},{\"@type\":\"Person\",\"@id\":\"https:\/\/www.zerdab.com\/#\/schema\/person\/97079b7570c1e89ec0d9e138c3672136\",\"name\":\"admin\",\"image\":{\"@type\":\"ImageObject\",\"inLanguage\":\"az\",\"@id\":\"https:\/\/www.zerdab.com\/#\/schema\/person\/image\/\",\"url\":\"https:\/\/secure.gravatar.com\/avatar\/d9c52a9a27c32119cb6679a077fa3e2779e5f822c451cbf01098004361d466ec?s=96&d=mm&r=g\",\"contentUrl\":\"https:\/\/secure.gravatar.com\/avatar\/d9c52a9a27c32119cb6679a077fa3e2779e5f822c451cbf01098004361d466ec?s=96&d=mm&r=g\",\"caption\":\"admin\"},\"url\":\"https:\/\/www.zerdab.com\/?author=1\"}]}<\/script>\n<!-- \/ Yoast SEO plugin. -->","yoast_head_json":{"title":"N\u0259qliyyat nazirinin Z\u0259rdabda g\u00f6r\u00fc\u015f\u00fcn\u00fcn vaxt\u0131 d\u0259yi\u015fdirilib - Z\u0259rdab.com","robots":{"index":"index","follow":"follow","max-snippet":"max-snippet:-1","max-image-preview":"max-image-preview:large","max-video-preview":"max-video-preview:-1"},"canonical":"https:\/\/www.zerdab.com\/?p=20730","og_locale":"az_AZ","og_type":"article","og_title":"N\u0259qliyyat nazirinin Z\u0259rdabda g\u00f6r\u00fc\u015f\u00fcn\u00fcn vaxt\u0131 d\u0259yi\u015fdirilib - Z\u0259rdab.com","og_description":"N\u0259qliyyat naziri Ziya M\u0259mm\u0259dovun 2015-ci il sentyabr\u0131n 18-i tarixind\u0259 Z\u0259rdab rayonunda ke\u00e7irilm\u0259si n\u0259z\u0259rd\u0259 tutulan v\u0259t\u0259nda\u015flar\u0131n q\u0259bulunun vaxt\u0131 d\u0259yi\u015fdirilib. N\u0259qliyyat Nazirliyind\u0259n AZ\u018fRTAC-a bildirilib ki, bu bar\u0259d\u0259 v\u0259t\u0259nda\u015flara \u0259lav\u0259 m\u0259lumat veril\u0259c\u0259k. Qeyd ed\u0259k ki, m\u0259rk\u0259zi icra hakimiyy\u0259ti orqanlar\u0131 r\u0259hb\u0259rl\u0259rinin \u015f\u0259h\u0259r v\u0259 rayonlarda v\u0259t\u0259nda\u015flar\u0131n q\u0259bulu c\u0259dv\u0259lin\u0259 uy\u011fun olaraq, v\u0259t\u0259nda\u015flar\u0131n q\u0259bulu v\u0259 m\u00fcraci\u0259tl\u0259rin\u0259 bax\u0131lmas\u0131, m\u00f6vcud n\u0259qliyyat probleml\u0259rinin ara\u015fd\u0131r\u0131lmas\u0131 v\u0259 [&hellip;]","og_url":"https:\/\/www.zerdab.com\/?p=20730","og_site_name":"Z\u0259rdab.com","article_published_time":"2015-09-15T13:04:24+00:00","article_modified_time":"2015-09-15T18:32:13+00:00","author":"admin","twitter_card":"summary_large_image","twitter_misc":{"Written by":"admin","Est. reading time":"1 minute"},"schema":{"@context":"https:\/\/schema.org","@graph":[{"@type":"Article","@id":"https:\/\/www.zerdab.com\/?p=20730#article","isPartOf":{"@id":"https:\/\/www.zerdab.com\/?p=20730"},"author":{"name":"admin","@id":"https:\/\/www.zerdab.com\/#\/schema\/person\/97079b7570c1e89ec0d9e138c3672136"},"headline":"N\u0259qliyyat nazirinin Z\u0259rdabda g\u00f6r\u00fc\u015f\u00fcn\u00fcn vaxt\u0131 d\u0259yi\u015fdirilib","datePublished":"2015-09-15T13:04:24+00:00","dateModified":"2015-09-15T18:32:13+00:00","mainEntityOfPage":{"@id":"https:\/\/www.zerdab.com\/?p=20730"},"wordCount":171,"commentCount":0,"articleSection":["C\u018fM\u0130YY\u018fT"],"inLanguage":"az","potentialAction":[{"@type":"CommentAction","name":"Comment","target":["https:\/\/www.zerdab.com\/?p=20730#respond"]}]},{"@type":"WebPage","@id":"https:\/\/www.zerdab.com\/?p=20730","url":"https:\/\/www.zerdab.com\/?p=20730","name":"N\u0259qliyyat nazirinin Z\u0259rdabda g\u00f6r\u00fc\u015f\u00fcn\u00fcn vaxt\u0131 d\u0259yi\u015fdirilib - Z\u0259rdab.com","isPartOf":{"@id":"https:\/\/www.zerdab.com\/#website"},"datePublished":"2015-09-15T13:04:24+00:00","dateModified":"2015-09-15T18:32:13+00:00","author":{"@id":"https:\/\/www.zerdab.com\/#\/schema\/person\/97079b7570c1e89ec0d9e138c3672136"},"breadcrumb":{"@id":"https:\/\/www.zerdab.com\/?p=20730#breadcrumb"},"inLanguage":"az","potentialAction":[{"@type":"ReadAction","target":["https:\/\/www.zerdab.com\/?p=20730"]}]},{"@type":"BreadcrumbList","@id":"https:\/\/www.zerdab.com\/?p=20730#breadcrumb","itemListElement":[{"@type":"ListItem","position":1,"name":"Home","item":"https:\/\/www.zerdab.com\/"},{"@type":"ListItem","position":2,"name":"N\u0259qliyyat nazirinin Z\u0259rdabda g\u00f6r\u00fc\u015f\u00fcn\u00fcn vaxt\u0131 d\u0259yi\u015fdirilib"}]},{"@type":"WebSite","@id":"https:\/\/www.zerdab.com\/#website","url":"https:\/\/www.zerdab.com\/","name":"Z\u0259rdab.com","description":"","potentialAction":[{"@type":"SearchAction","target":{"@type":"EntryPoint","urlTemplate":"https:\/\/www.zerdab.com\/?s={search_term_string}"},"query-input":{"@type":"PropertyValueSpecification","valueRequired":true,"valueName":"search_term_string"}}],"inLanguage":"az"},{"@type":"Person","@id":"https:\/\/www.zerdab.com\/#\/schema\/person\/97079b7570c1e89ec0d9e138c3672136","name":"admin","image":{"@type":"ImageObject","inLanguage":"az","@id":"https:\/\/www.zerdab.com\/#\/schema\/person\/image\/","url":"https:\/\/secure.gravatar.com\/avatar\/d9c52a9a27c32119cb6679a077fa3e2779e5f822c451cbf01098004361d466ec?s=96&d=mm&r=g","contentUrl":"https:\/\/secure.gravatar.com\/avatar\/d9c52a9a27c32119cb6679a077fa3e2779e5f822c451cbf01098004361d466ec?s=96&d=mm&r=g","caption":"admin"},"url":"https:\/\/www.zerdab.com\/?author=1"}]}},"_links":{"self":[{"href":"https:\/\/www.zerdab.com\/index.php?rest_route=\/wp\/v2\/posts\/20730","targetHints":{"allow":["GET"]}}],"collection":[{"href":"https:\/\/www.zerdab.com\/index.php?rest_route=\/wp\/v2\/posts"}],"about":[{"href":"https:\/\/www.zerdab.com\/index.php?rest_route=\/wp\/v2\/types\/post"}],"author":[{"embeddable":true,"href":"https:\/\/www.zerdab.com\/index.php?rest_route=\/wp\/v2\/users\/1"}],"replies":[{"embeddable":true,"href":"https:\/\/www.zerdab.com\/index.php?rest_route=%2Fwp%2Fv2%2Fcomments&post=20730"}],"version-history":[{"count":2,"href":"https:\/\/www.zerdab.com\/index.php?rest_route=\/wp\/v2\/posts\/20730\/revisions"}],"predecessor-version":[{"id":20744,"href":"https:\/\/www.zerdab.com\/index.php?rest_route=\/wp\/v2\/posts\/20730\/revisions\/20744"}],"wp:attachment":[{"href":"https:\/\/www.zerdab.com\/index.php?rest_route=%2Fwp%2Fv2%2Fmedia&parent=20730"}],"wp:term":[{"taxonomy":"category","embeddable":true,"href":"https:\/\/www.zerdab.com\/index.php?rest_route=%2Fwp%2Fv2%2Fcategories&post=20730"},{"taxonomy":"post_tag","embeddable":true,"href":"https:\/\/www.zerdab.com\/index.php?rest_route=%2Fwp%2Fv2%2Ftags&post=20730"}],"curies":[{"name":"wp","href":"https:\/\/api.w.org\/{rel}","templated":true}]}}