{"id":20732,"date":"2015-09-15T18:30:17","date_gmt":"2015-09-15T13:30:17","guid":{"rendered":"http:\/\/www.zerdab.com\/?p=20732"},"modified":"2015-09-15T18:30:17","modified_gmt":"2015-09-15T13:30:17","slug":"yap-z%c9%99rdabdan-deputatliga-namiz%c9%99dini-aciqladi","status":"publish","type":"post","link":"https:\/\/www.zerdab.com\/?p=20732","title":{"rendered":"YAP Z\u0259rdabdan deputatl\u0131\u011fa namiz\u0259dini a\u00e7\u0131qlad\u0131"},"content":{"rendered":"<figure id=\"attachment_20733\" aria-describedby=\"caption-attachment-20733\" style=\"width: 400px\" class=\"wp-caption aligncenter\"><a href=\"http:\/\/www.zerdab.com\/yap-z%c9%99rdabdan-deputatliga-namiz%c9%99dini-aciqladi\/gulaga-isg%c9%99nd%c9%99rov\/\" rel=\"attachment wp-att-20733\"><img loading=\"lazy\" decoding=\"async\" class=\"size-medium wp-image-20733\" src=\"http:\/\/www.zerdab.com\/wp-content\/uploads\/2015\/09\/G\u00fcla\u011fa-\u0130sg\u0259nd\u0259rov-400x400.jpg\" alt=\"G\u00fcla\u011fa \u0130sg\u0259nd\u0259rov\" width=\"400\" height=\"400\" srcset=\"https:\/\/www.zerdab.com\/wp-content\/uploads\/2015\/09\/G\u00fcla\u011fa-\u0130sg\u0259nd\u0259rov-400x400.jpg 400w, https:\/\/www.zerdab.com\/wp-content\/uploads\/2015\/09\/G\u00fcla\u011fa-\u0130sg\u0259nd\u0259rov-50x50.jpg 50w, https:\/\/www.zerdab.com\/wp-content\/uploads\/2015\/09\/G\u00fcla\u011fa-\u0130sg\u0259nd\u0259rov.jpg 480w\" sizes=\"auto, (max-width: 400px) 100vw, 400px\" \/><\/a><figcaption id=\"caption-attachment-20733\" class=\"wp-caption-text\">G\u00fcla\u011fa \u0130sg\u0259nd\u0259rov<\/figcaption><\/figure>\n<p>Yeni Az\u0259rbaycan Partiyas\u0131 noyabr\u0131n 1-d\u0259 Milli M\u0259clis\u0259 V \u00e7a\u011f\u0131r\u0131\u015fda ke\u00e7iril\u0259c\u0259k se\u00e7kil\u0259rl\u0259 ba\u011fl\u0131 namiz\u0259d siyah\u0131s\u0131n\u0131 a\u00e7\u0131qlay\u0131b. Zerdab.com-dan veril\u0259n m\u0259lumata g\u00f6r\u0259, siyah\u0131 partiyan\u0131n \u0130dar\u0259 Hey\u0259tinin bu g\u00fcn ke\u00e7iril\u0259n iclas\u0131nda q\u0259bul olunub. Qeyd ed\u0259k ki, Yeni Az\u0259rbaycan Partiyas\u0131n\u0131n 92 sayl\u0131 Z\u0259rdab-Ucar se\u00e7ki dair\u0259sind\u0259n \u0130sg\u0259nd\u0259rov G\u00fcla\u011fa Mirza\u011fa o\u011flunun namiz\u0259dliyi ir\u0259li s\u00fcr\u00fcl\u00fcb.<\/p>\n<p>Zerdab.com<\/p>\n","protected":false},"excerpt":{"rendered":"<p>Yeni Az\u0259rbaycan Partiyas\u0131 noyabr\u0131n 1-d\u0259 Milli M\u0259clis\u0259 V \u00e7a\u011f\u0131r\u0131\u015fda ke\u00e7iril\u0259c\u0259k se\u00e7kil\u0259rl\u0259 ba\u011fl\u0131 namiz\u0259d siyah\u0131s\u0131n\u0131 a\u00e7\u0131qlay\u0131b. Zerdab.com-dan veril\u0259n m\u0259lumata g\u00f6r\u0259, siyah\u0131 partiyan\u0131n \u0130dar\u0259 Hey\u0259tinin bu g\u00fcn ke\u00e7iril\u0259n iclas\u0131nda q\u0259bul olunub. Qeyd ed\u0259k ki, Yeni Az\u0259rbaycan Partiyas\u0131n\u0131n 92 sayl\u0131 Z\u0259rdab-Ucar se\u00e7ki dair\u0259sind\u0259n \u0130sg\u0259nd\u0259rov G\u00fcla\u011fa Mirza\u011fa o\u011flunun namiz\u0259dliyi ir\u0259li s\u00fcr\u00fcl\u00fcb. Zerdab.com<\/p>\n","protected":false},"author":1,"featured_media":20733,"comment_status":"open","ping_status":"open","sticky":false,"template":"","format":"standard","meta":{"footnotes":""},"categories":[21],"tags":[],"class_list":{"0":"post-20732","1":"post","2":"type-post","3":"status-publish","4":"format-standard","5":"has-post-thumbnail","7":"category-zrdab"},"yoast_head":"<!-- This site is optimized with the Yoast SEO plugin v27.0 - https:\/\/yoast.com\/product\/yoast-seo-wordpress\/ -->\n<title>YAP Z\u0259rdabdan deputatl\u0131\u011fa namiz\u0259dini a\u00e7\u0131qlad\u0131 - Z\u0259rdab.com<\/title>\n<meta name=\"robots\" content=\"index, follow, max-snippet:-1, max-image-preview:large, max-video-preview:-1\" \/>\n<link rel=\"canonical\" href=\"https:\/\/www.zerdab.com\/?p=20732\" \/>\n<meta property=\"og:locale\" content=\"az_AZ\" \/>\n<meta property=\"og:type\" content=\"article\" \/>\n<meta property=\"og:title\" content=\"YAP Z\u0259rdabdan deputatl\u0131\u011fa namiz\u0259dini a\u00e7\u0131qlad\u0131 - Z\u0259rdab.com\" \/>\n<meta property=\"og:description\" content=\"Yeni Az\u0259rbaycan Partiyas\u0131 noyabr\u0131n 1-d\u0259 Milli M\u0259clis\u0259 V \u00e7a\u011f\u0131r\u0131\u015fda ke\u00e7iril\u0259c\u0259k se\u00e7kil\u0259rl\u0259 ba\u011fl\u0131 namiz\u0259d siyah\u0131s\u0131n\u0131 a\u00e7\u0131qlay\u0131b. Zerdab.com-dan veril\u0259n m\u0259lumata g\u00f6r\u0259, siyah\u0131 partiyan\u0131n \u0130dar\u0259 Hey\u0259tinin bu g\u00fcn ke\u00e7iril\u0259n iclas\u0131nda q\u0259bul olunub. Qeyd ed\u0259k ki, Yeni Az\u0259rbaycan Partiyas\u0131n\u0131n 92 sayl\u0131 Z\u0259rdab-Ucar se\u00e7ki dair\u0259sind\u0259n \u0130sg\u0259nd\u0259rov G\u00fcla\u011fa Mirza\u011fa o\u011flunun namiz\u0259dliyi ir\u0259li s\u00fcr\u00fcl\u00fcb. Zerdab.com\" \/>\n<meta property=\"og:url\" content=\"https:\/\/www.zerdab.com\/?p=20732\" \/>\n<meta property=\"og:site_name\" content=\"Z\u0259rdab.com\" \/>\n<meta property=\"article:published_time\" content=\"2015-09-15T13:30:17+00:00\" \/>\n<meta property=\"og:image\" content=\"https:\/\/www.zerdab.com\/wp-content\/uploads\/2015\/09\/G\u00fcla\u011fa-\u0130sg\u0259nd\u0259rov.jpg\" \/>\n\t<meta property=\"og:image:width\" content=\"480\" \/>\n\t<meta property=\"og:image:height\" content=\"480\" \/>\n\t<meta property=\"og:image:type\" content=\"image\/jpeg\" \/>\n<meta name=\"author\" content=\"admin\" \/>\n<meta name=\"twitter:card\" content=\"summary_large_image\" \/>\n<meta name=\"twitter:label1\" content=\"Written by\" \/>\n\t<meta name=\"twitter:data1\" content=\"admin\" \/>\n\t<meta name=\"twitter:label2\" content=\"Est. reading time\" \/>\n\t<meta name=\"twitter:data2\" content=\"1 minute\" \/>\n<script type=\"application\/ld+json\" class=\"yoast-schema-graph\">{\"@context\":\"https:\/\/schema.org\",\"@graph\":[{\"@type\":\"Article\",\"@id\":\"https:\/\/www.zerdab.com\/?p=20732#article\",\"isPartOf\":{\"@id\":\"https:\/\/www.zerdab.com\/?p=20732\"},\"author\":{\"name\":\"admin\",\"@id\":\"https:\/\/www.zerdab.com\/#\/schema\/person\/97079b7570c1e89ec0d9e138c3672136\"},\"headline\":\"YAP Z\u0259rdabdan deputatl\u0131\u011fa namiz\u0259dini a\u00e7\u0131qlad\u0131\",\"datePublished\":\"2015-09-15T13:30:17+00:00\",\"mainEntityOfPage\":{\"@id\":\"https:\/\/www.zerdab.com\/?p=20732\"},\"wordCount\":116,\"commentCount\":0,\"image\":{\"@id\":\"https:\/\/www.zerdab.com\/?p=20732#primaryimage\"},\"thumbnailUrl\":\"https:\/\/www.zerdab.com\/wp-content\/uploads\/2015\/09\/G\u00fcla\u011fa-\u0130sg\u0259nd\u0259rov.jpg\",\"articleSection\":[\"C\u018fM\u0130YY\u018fT\"],\"inLanguage\":\"az\",\"potentialAction\":[{\"@type\":\"CommentAction\",\"name\":\"Comment\",\"target\":[\"https:\/\/www.zerdab.com\/?p=20732#respond\"]}]},{\"@type\":\"WebPage\",\"@id\":\"https:\/\/www.zerdab.com\/?p=20732\",\"url\":\"https:\/\/www.zerdab.com\/?p=20732\",\"name\":\"YAP Z\u0259rdabdan deputatl\u0131\u011fa namiz\u0259dini a\u00e7\u0131qlad\u0131 - Z\u0259rdab.com\",\"isPartOf\":{\"@id\":\"https:\/\/www.zerdab.com\/#website\"},\"primaryImageOfPage\":{\"@id\":\"https:\/\/www.zerdab.com\/?p=20732#primaryimage\"},\"image\":{\"@id\":\"https:\/\/www.zerdab.com\/?p=20732#primaryimage\"},\"thumbnailUrl\":\"https:\/\/www.zerdab.com\/wp-content\/uploads\/2015\/09\/G\u00fcla\u011fa-\u0130sg\u0259nd\u0259rov.jpg\",\"datePublished\":\"2015-09-15T13:30:17+00:00\",\"author\":{\"@id\":\"https:\/\/www.zerdab.com\/#\/schema\/person\/97079b7570c1e89ec0d9e138c3672136\"},\"breadcrumb\":{\"@id\":\"https:\/\/www.zerdab.com\/?p=20732#breadcrumb\"},\"inLanguage\":\"az\",\"potentialAction\":[{\"@type\":\"ReadAction\",\"target\":[\"https:\/\/www.zerdab.com\/?p=20732\"]}]},{\"@type\":\"ImageObject\",\"inLanguage\":\"az\",\"@id\":\"https:\/\/www.zerdab.com\/?p=20732#primaryimage\",\"url\":\"https:\/\/www.zerdab.com\/wp-content\/uploads\/2015\/09\/G\u00fcla\u011fa-\u0130sg\u0259nd\u0259rov.jpg\",\"contentUrl\":\"https:\/\/www.zerdab.com\/wp-content\/uploads\/2015\/09\/G\u00fcla\u011fa-\u0130sg\u0259nd\u0259rov.jpg\",\"width\":480,\"height\":480,\"caption\":\"G\u00fcla\u011fa \u0130sg\u0259nd\u0259rov\"},{\"@type\":\"BreadcrumbList\",\"@id\":\"https:\/\/www.zerdab.com\/?p=20732#breadcrumb\",\"itemListElement\":[{\"@type\":\"ListItem\",\"position\":1,\"name\":\"Home\",\"item\":\"https:\/\/www.zerdab.com\/\"},{\"@type\":\"ListItem\",\"position\":2,\"name\":\"YAP Z\u0259rdabdan deputatl\u0131\u011fa namiz\u0259dini a\u00e7\u0131qlad\u0131\"}]},{\"@type\":\"WebSite\",\"@id\":\"https:\/\/www.zerdab.com\/#website\",\"url\":\"https:\/\/www.zerdab.com\/\",\"name\":\"Z\u0259rdab.com\",\"description\":\"\",\"potentialAction\":[{\"@type\":\"SearchAction\",\"target\":{\"@type\":\"EntryPoint\",\"urlTemplate\":\"https:\/\/www.zerdab.com\/?s={search_term_string}\"},\"query-input\":{\"@type\":\"PropertyValueSpecification\",\"valueRequired\":true,\"valueName\":\"search_term_string\"}}],\"inLanguage\":\"az\"},{\"@type\":\"Person\",\"@id\":\"https:\/\/www.zerdab.com\/#\/schema\/person\/97079b7570c1e89ec0d9e138c3672136\",\"name\":\"admin\",\"image\":{\"@type\":\"ImageObject\",\"inLanguage\":\"az\",\"@id\":\"https:\/\/www.zerdab.com\/#\/schema\/person\/image\/\",\"url\":\"https:\/\/secure.gravatar.com\/avatar\/d9c52a9a27c32119cb6679a077fa3e2779e5f822c451cbf01098004361d466ec?s=96&d=mm&r=g\",\"contentUrl\":\"https:\/\/secure.gravatar.com\/avatar\/d9c52a9a27c32119cb6679a077fa3e2779e5f822c451cbf01098004361d466ec?s=96&d=mm&r=g\",\"caption\":\"admin\"},\"url\":\"https:\/\/www.zerdab.com\/?author=1\"}]}<\/script>\n<!-- \/ Yoast SEO plugin. -->","yoast_head_json":{"title":"YAP Z\u0259rdabdan deputatl\u0131\u011fa namiz\u0259dini a\u00e7\u0131qlad\u0131 - Z\u0259rdab.com","robots":{"index":"index","follow":"follow","max-snippet":"max-snippet:-1","max-image-preview":"max-image-preview:large","max-video-preview":"max-video-preview:-1"},"canonical":"https:\/\/www.zerdab.com\/?p=20732","og_locale":"az_AZ","og_type":"article","og_title":"YAP Z\u0259rdabdan deputatl\u0131\u011fa namiz\u0259dini a\u00e7\u0131qlad\u0131 - Z\u0259rdab.com","og_description":"Yeni Az\u0259rbaycan Partiyas\u0131 noyabr\u0131n 1-d\u0259 Milli M\u0259clis\u0259 V \u00e7a\u011f\u0131r\u0131\u015fda ke\u00e7iril\u0259c\u0259k se\u00e7kil\u0259rl\u0259 ba\u011fl\u0131 namiz\u0259d siyah\u0131s\u0131n\u0131 a\u00e7\u0131qlay\u0131b. Zerdab.com-dan veril\u0259n m\u0259lumata g\u00f6r\u0259, siyah\u0131 partiyan\u0131n \u0130dar\u0259 Hey\u0259tinin bu g\u00fcn ke\u00e7iril\u0259n iclas\u0131nda q\u0259bul olunub. Qeyd ed\u0259k ki, Yeni Az\u0259rbaycan Partiyas\u0131n\u0131n 92 sayl\u0131 Z\u0259rdab-Ucar se\u00e7ki dair\u0259sind\u0259n \u0130sg\u0259nd\u0259rov G\u00fcla\u011fa Mirza\u011fa o\u011flunun namiz\u0259dliyi ir\u0259li s\u00fcr\u00fcl\u00fcb. Zerdab.com","og_url":"https:\/\/www.zerdab.com\/?p=20732","og_site_name":"Z\u0259rdab.com","article_published_time":"2015-09-15T13:30:17+00:00","og_image":[{"width":480,"height":480,"url":"https:\/\/www.zerdab.com\/wp-content\/uploads\/2015\/09\/G\u00fcla\u011fa-\u0130sg\u0259nd\u0259rov.jpg","type":"image\/jpeg"}],"author":"admin","twitter_card":"summary_large_image","twitter_misc":{"Written by":"admin","Est. reading time":"1 minute"},"schema":{"@context":"https:\/\/schema.org","@graph":[{"@type":"Article","@id":"https:\/\/www.zerdab.com\/?p=20732#article","isPartOf":{"@id":"https:\/\/www.zerdab.com\/?p=20732"},"author":{"name":"admin","@id":"https:\/\/www.zerdab.com\/#\/schema\/person\/97079b7570c1e89ec0d9e138c3672136"},"headline":"YAP Z\u0259rdabdan deputatl\u0131\u011fa namiz\u0259dini a\u00e7\u0131qlad\u0131","datePublished":"2015-09-15T13:30:17+00:00","mainEntityOfPage":{"@id":"https:\/\/www.zerdab.com\/?p=20732"},"wordCount":116,"commentCount":0,"image":{"@id":"https:\/\/www.zerdab.com\/?p=20732#primaryimage"},"thumbnailUrl":"https:\/\/www.zerdab.com\/wp-content\/uploads\/2015\/09\/G\u00fcla\u011fa-\u0130sg\u0259nd\u0259rov.jpg","articleSection":["C\u018fM\u0130YY\u018fT"],"inLanguage":"az","potentialAction":[{"@type":"CommentAction","name":"Comment","target":["https:\/\/www.zerdab.com\/?p=20732#respond"]}]},{"@type":"WebPage","@id":"https:\/\/www.zerdab.com\/?p=20732","url":"https:\/\/www.zerdab.com\/?p=20732","name":"YAP Z\u0259rdabdan deputatl\u0131\u011fa namiz\u0259dini a\u00e7\u0131qlad\u0131 - Z\u0259rdab.com","isPartOf":{"@id":"https:\/\/www.zerdab.com\/#website"},"primaryImageOfPage":{"@id":"https:\/\/www.zerdab.com\/?p=20732#primaryimage"},"image":{"@id":"https:\/\/www.zerdab.com\/?p=20732#primaryimage"},"thumbnailUrl":"https:\/\/www.zerdab.com\/wp-content\/uploads\/2015\/09\/G\u00fcla\u011fa-\u0130sg\u0259nd\u0259rov.jpg","datePublished":"2015-09-15T13:30:17+00:00","author":{"@id":"https:\/\/www.zerdab.com\/#\/schema\/person\/97079b7570c1e89ec0d9e138c3672136"},"breadcrumb":{"@id":"https:\/\/www.zerdab.com\/?p=20732#breadcrumb"},"inLanguage":"az","potentialAction":[{"@type":"ReadAction","target":["https:\/\/www.zerdab.com\/?p=20732"]}]},{"@type":"ImageObject","inLanguage":"az","@id":"https:\/\/www.zerdab.com\/?p=20732#primaryimage","url":"https:\/\/www.zerdab.com\/wp-content\/uploads\/2015\/09\/G\u00fcla\u011fa-\u0130sg\u0259nd\u0259rov.jpg","contentUrl":"https:\/\/www.zerdab.com\/wp-content\/uploads\/2015\/09\/G\u00fcla\u011fa-\u0130sg\u0259nd\u0259rov.jpg","width":480,"height":480,"caption":"G\u00fcla\u011fa \u0130sg\u0259nd\u0259rov"},{"@type":"BreadcrumbList","@id":"https:\/\/www.zerdab.com\/?p=20732#breadcrumb","itemListElement":[{"@type":"ListItem","position":1,"name":"Home","item":"https:\/\/www.zerdab.com\/"},{"@type":"ListItem","position":2,"name":"YAP Z\u0259rdabdan deputatl\u0131\u011fa namiz\u0259dini a\u00e7\u0131qlad\u0131"}]},{"@type":"WebSite","@id":"https:\/\/www.zerdab.com\/#website","url":"https:\/\/www.zerdab.com\/","name":"Z\u0259rdab.com","description":"","potentialAction":[{"@type":"SearchAction","target":{"@type":"EntryPoint","urlTemplate":"https:\/\/www.zerdab.com\/?s={search_term_string}"},"query-input":{"@type":"PropertyValueSpecification","valueRequired":true,"valueName":"search_term_string"}}],"inLanguage":"az"},{"@type":"Person","@id":"https:\/\/www.zerdab.com\/#\/schema\/person\/97079b7570c1e89ec0d9e138c3672136","name":"admin","image":{"@type":"ImageObject","inLanguage":"az","@id":"https:\/\/www.zerdab.com\/#\/schema\/person\/image\/","url":"https:\/\/secure.gravatar.com\/avatar\/d9c52a9a27c32119cb6679a077fa3e2779e5f822c451cbf01098004361d466ec?s=96&d=mm&r=g","contentUrl":"https:\/\/secure.gravatar.com\/avatar\/d9c52a9a27c32119cb6679a077fa3e2779e5f822c451cbf01098004361d466ec?s=96&d=mm&r=g","caption":"admin"},"url":"https:\/\/www.zerdab.com\/?author=1"}]}},"_links":{"self":[{"href":"https:\/\/www.zerdab.com\/index.php?rest_route=\/wp\/v2\/posts\/20732","targetHints":{"allow":["GET"]}}],"collection":[{"href":"https:\/\/www.zerdab.com\/index.php?rest_route=\/wp\/v2\/posts"}],"about":[{"href":"https:\/\/www.zerdab.com\/index.php?rest_route=\/wp\/v2\/types\/post"}],"author":[{"embeddable":true,"href":"https:\/\/www.zerdab.com\/index.php?rest_route=\/wp\/v2\/users\/1"}],"replies":[{"embeddable":true,"href":"https:\/\/www.zerdab.com\/index.php?rest_route=%2Fwp%2Fv2%2Fcomments&post=20732"}],"version-history":[{"count":2,"href":"https:\/\/www.zerdab.com\/index.php?rest_route=\/wp\/v2\/posts\/20732\/revisions"}],"predecessor-version":[{"id":20735,"href":"https:\/\/www.zerdab.com\/index.php?rest_route=\/wp\/v2\/posts\/20732\/revisions\/20735"}],"wp:featuredmedia":[{"embeddable":true,"href":"https:\/\/www.zerdab.com\/index.php?rest_route=\/wp\/v2\/media\/20733"}],"wp:attachment":[{"href":"https:\/\/www.zerdab.com\/index.php?rest_route=%2Fwp%2Fv2%2Fmedia&parent=20732"}],"wp:term":[{"taxonomy":"category","embeddable":true,"href":"https:\/\/www.zerdab.com\/index.php?rest_route=%2Fwp%2Fv2%2Fcategories&post=20732"},{"taxonomy":"post_tag","embeddable":true,"href":"https:\/\/www.zerdab.com\/index.php?rest_route=%2Fwp%2Fv2%2Ftags&post=20732"}],"curies":[{"name":"wp","href":"https:\/\/api.w.org\/{rel}","templated":true}]}}