{"id":20750,"date":"2015-09-16T23:21:59","date_gmt":"2015-09-16T18:21:59","guid":{"rendered":"http:\/\/www.zerdab.com\/?p=20750"},"modified":"2015-09-16T23:21:59","modified_gmt":"2015-09-16T18:21:59","slug":"jal%c9%99-%c9%99liyeva-yenid%c9%99n-z%c9%99rdabdan-deputat-olmaq-ist%c9%99yir","status":"publish","type":"post","link":"https:\/\/www.zerdab.com\/?p=20750","title":{"rendered":"Jal\u0259 \u018fliyeva yenid\u0259n Z\u0259rdabdan deputat olmaq ist\u0259yir"},"content":{"rendered":"<p><img loading=\"lazy\" decoding=\"async\" class=\"size-large wp-image-20751\" src=\"http:\/\/www.zerdab.com\/wp-content\/uploads\/2015\/09\/Jal\u0259-\u018fliyeva--389x550.jpg\" alt=\"Jal\u0259 \u018fliyeva\" width=\"389\" height=\"550\" \/><\/p>\n<p>Mill\u0259t v\u0259kili Jal\u0259 \u018fliyeva noyabr\u0131n 1-d\u0259 ke\u00e7iril\u0259c\u0259k parlament se\u00e7kisind\u0259 i\u015ftirak ed\u0259c\u0259k.<\/p>\n<p>Bu bar\u0259d\u0259 deputat\u0131n \u00f6z\u00fc m\u0259lumat verib. Mill\u0259t v\u0259kili bildirib ki, bu ilki se\u00e7kil\u0259r\u0259 d\u0259 \u00f6t\u0259n se\u00e7kid\u0259 namiz\u0259dliyini ir\u0259li s\u00fcrd\u00fcy\u00fc dair\u0259d\u0259n qat\u0131lacaq:\u201cBit\u0259r\u0259f olaraq 92 sayl\u0131 Z\u0259rdab-Ucar se\u00e7ki dair\u0259sind\u0259n namiz\u0259dliyimi ver\u0259c\u0259y\u0259m. Se\u00e7icil\u0259riml\u0259 ke\u00e7irdiyim g\u00f6r\u00fc\u015fl\u0259rim bu add\u0131m\u0131 atma\u011fa s\u00f6vq etdi. D\u00fc\u015f\u00fcnd\u00fcm ki, namiz\u0259dliyimi bir daha verm\u0259liy\u0259m. Amma qalib olub-olmama\u011f\u0131m se\u00e7ki zaman\u0131 bilin\u0259c\u0259k\u201d.<\/p>\n<p>Jal\u0259 \u018fliyev\u0259 se\u00e7ki il\u0259 ba\u011fl\u0131 s\u0259n\u0259dl\u0259ri art\u0131q haz\u0131rlad\u0131\u011f\u0131n\u0131 qeyd etdi:\u00a0\u201cM\u0259rk\u0259zi Se\u00e7ki Komissiyas\u0131n\u0131n (MSK) dair\u0259 se\u00e7ki komissiyalar\u0131n\u0131n qar\u015f\u0131s\u0131nda qoydu\u011fu t\u0259l\u0259bl\u0259r var. Haz\u0131rda t\u0259l\u0259bl\u0259r\u0259 uy\u011fun olaraq laz\u0131mi s\u0259n\u0259dl\u0259ri haz\u0131rlamaq \u00fczr\u0259y\u0259m. Y\u0259qin ki, bu g\u00fcnl\u0259rd\u0259 s\u0259n\u0259dl\u0259ri dair\u0259 se\u00e7ki komissiyas\u0131na t\u0259qdim ed\u0259c\u0259y\u0259m\u201d.<\/p>\n<p>Qeyd ed\u0259k ki, J.\u018fliyeva 2010-cu ild\u0259 ke\u00e7iril\u0259n parlament se\u00e7kil\u0259rin\u0259 bit\u0259r\u0259f olaraq 92 sayl\u0131 Z\u0259rdab-Ucar se\u00e7ki dair\u0259sind\u0259n qat\u0131l\u0131b v\u0259 qalib olub.\u00a0Aznews.az<\/p>\n","protected":false},"excerpt":{"rendered":"<p>Mill\u0259t v\u0259kili Jal\u0259 \u018fliyeva noyabr\u0131n 1-d\u0259 ke\u00e7iril\u0259c\u0259k parlament se\u00e7kisind\u0259 i\u015ftirak ed\u0259c\u0259k. Bu bar\u0259d\u0259 deputat\u0131n \u00f6z\u00fc m\u0259lumat verib. Mill\u0259t v\u0259kili bildirib ki, bu ilki se\u00e7kil\u0259r\u0259 d\u0259 \u00f6t\u0259n se\u00e7kid\u0259 namiz\u0259dliyini ir\u0259li s\u00fcrd\u00fcy\u00fc dair\u0259d\u0259n qat\u0131lacaq:\u201cBit\u0259r\u0259f olaraq 92 sayl\u0131 Z\u0259rdab-Ucar se\u00e7ki dair\u0259sind\u0259n namiz\u0259dliyimi ver\u0259c\u0259y\u0259m. Se\u00e7icil\u0259riml\u0259 ke\u00e7irdiyim g\u00f6r\u00fc\u015fl\u0259rim bu add\u0131m\u0131 atma\u011fa s\u00f6vq etdi. D\u00fc\u015f\u00fcnd\u00fcm ki, namiz\u0259dliyimi bir daha verm\u0259liy\u0259m. Amma [&hellip;]<\/p>\n","protected":false},"author":1,"featured_media":0,"comment_status":"open","ping_status":"open","sticky":false,"template":"","format":"standard","meta":{"footnotes":""},"categories":[5],"tags":[],"class_list":{"0":"post-20750","1":"post","2":"type-post","3":"status-publish","4":"format-standard","6":"category-knd"},"yoast_head":"<!-- This site is optimized with the Yoast SEO plugin v27.0 - https:\/\/yoast.com\/product\/yoast-seo-wordpress\/ -->\n<title>Jal\u0259 \u018fliyeva yenid\u0259n Z\u0259rdabdan deputat olmaq ist\u0259yir - Z\u0259rdab.com<\/title>\n<meta name=\"robots\" content=\"index, follow, max-snippet:-1, max-image-preview:large, max-video-preview:-1\" \/>\n<link rel=\"canonical\" href=\"https:\/\/www.zerdab.com\/?p=20750\" \/>\n<meta property=\"og:locale\" content=\"az_AZ\" \/>\n<meta property=\"og:type\" content=\"article\" \/>\n<meta property=\"og:title\" content=\"Jal\u0259 \u018fliyeva yenid\u0259n Z\u0259rdabdan deputat olmaq ist\u0259yir - Z\u0259rdab.com\" \/>\n<meta property=\"og:description\" content=\"Mill\u0259t v\u0259kili Jal\u0259 \u018fliyeva noyabr\u0131n 1-d\u0259 ke\u00e7iril\u0259c\u0259k parlament se\u00e7kisind\u0259 i\u015ftirak ed\u0259c\u0259k. Bu bar\u0259d\u0259 deputat\u0131n \u00f6z\u00fc m\u0259lumat verib. Mill\u0259t v\u0259kili bildirib ki, bu ilki se\u00e7kil\u0259r\u0259 d\u0259 \u00f6t\u0259n se\u00e7kid\u0259 namiz\u0259dliyini ir\u0259li s\u00fcrd\u00fcy\u00fc dair\u0259d\u0259n qat\u0131lacaq:\u201cBit\u0259r\u0259f olaraq 92 sayl\u0131 Z\u0259rdab-Ucar se\u00e7ki dair\u0259sind\u0259n namiz\u0259dliyimi ver\u0259c\u0259y\u0259m. Se\u00e7icil\u0259riml\u0259 ke\u00e7irdiyim g\u00f6r\u00fc\u015fl\u0259rim bu add\u0131m\u0131 atma\u011fa s\u00f6vq etdi. D\u00fc\u015f\u00fcnd\u00fcm ki, namiz\u0259dliyimi bir daha verm\u0259liy\u0259m. Amma [&hellip;]\" \/>\n<meta property=\"og:url\" content=\"https:\/\/www.zerdab.com\/?p=20750\" \/>\n<meta property=\"og:site_name\" content=\"Z\u0259rdab.com\" \/>\n<meta property=\"article:published_time\" content=\"2015-09-16T18:21:59+00:00\" \/>\n<meta name=\"author\" content=\"admin\" \/>\n<meta name=\"twitter:card\" content=\"summary_large_image\" \/>\n<meta name=\"twitter:label1\" content=\"Written by\" \/>\n\t<meta name=\"twitter:data1\" content=\"admin\" \/>\n\t<meta name=\"twitter:label2\" content=\"Est. reading time\" \/>\n\t<meta name=\"twitter:data2\" content=\"1 minute\" \/>\n<script type=\"application\/ld+json\" class=\"yoast-schema-graph\">{\"@context\":\"https:\/\/schema.org\",\"@graph\":[{\"@type\":\"Article\",\"@id\":\"https:\/\/www.zerdab.com\/?p=20750#article\",\"isPartOf\":{\"@id\":\"https:\/\/www.zerdab.com\/?p=20750\"},\"author\":{\"name\":\"admin\",\"@id\":\"https:\/\/www.zerdab.com\/#\/schema\/person\/97079b7570c1e89ec0d9e138c3672136\"},\"headline\":\"Jal\u0259 \u018fliyeva yenid\u0259n Z\u0259rdabdan deputat olmaq ist\u0259yir\",\"datePublished\":\"2015-09-16T18:21:59+00:00\",\"mainEntityOfPage\":{\"@id\":\"https:\/\/www.zerdab.com\/?p=20750\"},\"wordCount\":244,\"commentCount\":0,\"articleSection\":[\"X\u018fB\u018fRL\u018fR\"],\"inLanguage\":\"az\",\"potentialAction\":[{\"@type\":\"CommentAction\",\"name\":\"Comment\",\"target\":[\"https:\/\/www.zerdab.com\/?p=20750#respond\"]}]},{\"@type\":\"WebPage\",\"@id\":\"https:\/\/www.zerdab.com\/?p=20750\",\"url\":\"https:\/\/www.zerdab.com\/?p=20750\",\"name\":\"Jal\u0259 \u018fliyeva yenid\u0259n Z\u0259rdabdan deputat olmaq ist\u0259yir - Z\u0259rdab.com\",\"isPartOf\":{\"@id\":\"https:\/\/www.zerdab.com\/#website\"},\"datePublished\":\"2015-09-16T18:21:59+00:00\",\"author\":{\"@id\":\"https:\/\/www.zerdab.com\/#\/schema\/person\/97079b7570c1e89ec0d9e138c3672136\"},\"breadcrumb\":{\"@id\":\"https:\/\/www.zerdab.com\/?p=20750#breadcrumb\"},\"inLanguage\":\"az\",\"potentialAction\":[{\"@type\":\"ReadAction\",\"target\":[\"https:\/\/www.zerdab.com\/?p=20750\"]}]},{\"@type\":\"BreadcrumbList\",\"@id\":\"https:\/\/www.zerdab.com\/?p=20750#breadcrumb\",\"itemListElement\":[{\"@type\":\"ListItem\",\"position\":1,\"name\":\"Home\",\"item\":\"https:\/\/www.zerdab.com\/\"},{\"@type\":\"ListItem\",\"position\":2,\"name\":\"Jal\u0259 \u018fliyeva yenid\u0259n Z\u0259rdabdan deputat olmaq ist\u0259yir\"}]},{\"@type\":\"WebSite\",\"@id\":\"https:\/\/www.zerdab.com\/#website\",\"url\":\"https:\/\/www.zerdab.com\/\",\"name\":\"Z\u0259rdab.com\",\"description\":\"\",\"potentialAction\":[{\"@type\":\"SearchAction\",\"target\":{\"@type\":\"EntryPoint\",\"urlTemplate\":\"https:\/\/www.zerdab.com\/?s={search_term_string}\"},\"query-input\":{\"@type\":\"PropertyValueSpecification\",\"valueRequired\":true,\"valueName\":\"search_term_string\"}}],\"inLanguage\":\"az\"},{\"@type\":\"Person\",\"@id\":\"https:\/\/www.zerdab.com\/#\/schema\/person\/97079b7570c1e89ec0d9e138c3672136\",\"name\":\"admin\",\"image\":{\"@type\":\"ImageObject\",\"inLanguage\":\"az\",\"@id\":\"https:\/\/www.zerdab.com\/#\/schema\/person\/image\/\",\"url\":\"https:\/\/secure.gravatar.com\/avatar\/d9c52a9a27c32119cb6679a077fa3e2779e5f822c451cbf01098004361d466ec?s=96&d=mm&r=g\",\"contentUrl\":\"https:\/\/secure.gravatar.com\/avatar\/d9c52a9a27c32119cb6679a077fa3e2779e5f822c451cbf01098004361d466ec?s=96&d=mm&r=g\",\"caption\":\"admin\"},\"url\":\"https:\/\/www.zerdab.com\/?author=1\"}]}<\/script>\n<!-- \/ Yoast SEO plugin. -->","yoast_head_json":{"title":"Jal\u0259 \u018fliyeva yenid\u0259n Z\u0259rdabdan deputat olmaq ist\u0259yir - Z\u0259rdab.com","robots":{"index":"index","follow":"follow","max-snippet":"max-snippet:-1","max-image-preview":"max-image-preview:large","max-video-preview":"max-video-preview:-1"},"canonical":"https:\/\/www.zerdab.com\/?p=20750","og_locale":"az_AZ","og_type":"article","og_title":"Jal\u0259 \u018fliyeva yenid\u0259n Z\u0259rdabdan deputat olmaq ist\u0259yir - Z\u0259rdab.com","og_description":"Mill\u0259t v\u0259kili Jal\u0259 \u018fliyeva noyabr\u0131n 1-d\u0259 ke\u00e7iril\u0259c\u0259k parlament se\u00e7kisind\u0259 i\u015ftirak ed\u0259c\u0259k. Bu bar\u0259d\u0259 deputat\u0131n \u00f6z\u00fc m\u0259lumat verib. Mill\u0259t v\u0259kili bildirib ki, bu ilki se\u00e7kil\u0259r\u0259 d\u0259 \u00f6t\u0259n se\u00e7kid\u0259 namiz\u0259dliyini ir\u0259li s\u00fcrd\u00fcy\u00fc dair\u0259d\u0259n qat\u0131lacaq:\u201cBit\u0259r\u0259f olaraq 92 sayl\u0131 Z\u0259rdab-Ucar se\u00e7ki dair\u0259sind\u0259n namiz\u0259dliyimi ver\u0259c\u0259y\u0259m. Se\u00e7icil\u0259riml\u0259 ke\u00e7irdiyim g\u00f6r\u00fc\u015fl\u0259rim bu add\u0131m\u0131 atma\u011fa s\u00f6vq etdi. D\u00fc\u015f\u00fcnd\u00fcm ki, namiz\u0259dliyimi bir daha verm\u0259liy\u0259m. Amma [&hellip;]","og_url":"https:\/\/www.zerdab.com\/?p=20750","og_site_name":"Z\u0259rdab.com","article_published_time":"2015-09-16T18:21:59+00:00","author":"admin","twitter_card":"summary_large_image","twitter_misc":{"Written by":"admin","Est. reading time":"1 minute"},"schema":{"@context":"https:\/\/schema.org","@graph":[{"@type":"Article","@id":"https:\/\/www.zerdab.com\/?p=20750#article","isPartOf":{"@id":"https:\/\/www.zerdab.com\/?p=20750"},"author":{"name":"admin","@id":"https:\/\/www.zerdab.com\/#\/schema\/person\/97079b7570c1e89ec0d9e138c3672136"},"headline":"Jal\u0259 \u018fliyeva yenid\u0259n Z\u0259rdabdan deputat olmaq ist\u0259yir","datePublished":"2015-09-16T18:21:59+00:00","mainEntityOfPage":{"@id":"https:\/\/www.zerdab.com\/?p=20750"},"wordCount":244,"commentCount":0,"articleSection":["X\u018fB\u018fRL\u018fR"],"inLanguage":"az","potentialAction":[{"@type":"CommentAction","name":"Comment","target":["https:\/\/www.zerdab.com\/?p=20750#respond"]}]},{"@type":"WebPage","@id":"https:\/\/www.zerdab.com\/?p=20750","url":"https:\/\/www.zerdab.com\/?p=20750","name":"Jal\u0259 \u018fliyeva yenid\u0259n Z\u0259rdabdan deputat olmaq ist\u0259yir - Z\u0259rdab.com","isPartOf":{"@id":"https:\/\/www.zerdab.com\/#website"},"datePublished":"2015-09-16T18:21:59+00:00","author":{"@id":"https:\/\/www.zerdab.com\/#\/schema\/person\/97079b7570c1e89ec0d9e138c3672136"},"breadcrumb":{"@id":"https:\/\/www.zerdab.com\/?p=20750#breadcrumb"},"inLanguage":"az","potentialAction":[{"@type":"ReadAction","target":["https:\/\/www.zerdab.com\/?p=20750"]}]},{"@type":"BreadcrumbList","@id":"https:\/\/www.zerdab.com\/?p=20750#breadcrumb","itemListElement":[{"@type":"ListItem","position":1,"name":"Home","item":"https:\/\/www.zerdab.com\/"},{"@type":"ListItem","position":2,"name":"Jal\u0259 \u018fliyeva yenid\u0259n Z\u0259rdabdan deputat olmaq ist\u0259yir"}]},{"@type":"WebSite","@id":"https:\/\/www.zerdab.com\/#website","url":"https:\/\/www.zerdab.com\/","name":"Z\u0259rdab.com","description":"","potentialAction":[{"@type":"SearchAction","target":{"@type":"EntryPoint","urlTemplate":"https:\/\/www.zerdab.com\/?s={search_term_string}"},"query-input":{"@type":"PropertyValueSpecification","valueRequired":true,"valueName":"search_term_string"}}],"inLanguage":"az"},{"@type":"Person","@id":"https:\/\/www.zerdab.com\/#\/schema\/person\/97079b7570c1e89ec0d9e138c3672136","name":"admin","image":{"@type":"ImageObject","inLanguage":"az","@id":"https:\/\/www.zerdab.com\/#\/schema\/person\/image\/","url":"https:\/\/secure.gravatar.com\/avatar\/d9c52a9a27c32119cb6679a077fa3e2779e5f822c451cbf01098004361d466ec?s=96&d=mm&r=g","contentUrl":"https:\/\/secure.gravatar.com\/avatar\/d9c52a9a27c32119cb6679a077fa3e2779e5f822c451cbf01098004361d466ec?s=96&d=mm&r=g","caption":"admin"},"url":"https:\/\/www.zerdab.com\/?author=1"}]}},"_links":{"self":[{"href":"https:\/\/www.zerdab.com\/index.php?rest_route=\/wp\/v2\/posts\/20750","targetHints":{"allow":["GET"]}}],"collection":[{"href":"https:\/\/www.zerdab.com\/index.php?rest_route=\/wp\/v2\/posts"}],"about":[{"href":"https:\/\/www.zerdab.com\/index.php?rest_route=\/wp\/v2\/types\/post"}],"author":[{"embeddable":true,"href":"https:\/\/www.zerdab.com\/index.php?rest_route=\/wp\/v2\/users\/1"}],"replies":[{"embeddable":true,"href":"https:\/\/www.zerdab.com\/index.php?rest_route=%2Fwp%2Fv2%2Fcomments&post=20750"}],"version-history":[{"count":1,"href":"https:\/\/www.zerdab.com\/index.php?rest_route=\/wp\/v2\/posts\/20750\/revisions"}],"predecessor-version":[{"id":20752,"href":"https:\/\/www.zerdab.com\/index.php?rest_route=\/wp\/v2\/posts\/20750\/revisions\/20752"}],"wp:attachment":[{"href":"https:\/\/www.zerdab.com\/index.php?rest_route=%2Fwp%2Fv2%2Fmedia&parent=20750"}],"wp:term":[{"taxonomy":"category","embeddable":true,"href":"https:\/\/www.zerdab.com\/index.php?rest_route=%2Fwp%2Fv2%2Fcategories&post=20750"},{"taxonomy":"post_tag","embeddable":true,"href":"https:\/\/www.zerdab.com\/index.php?rest_route=%2Fwp%2Fv2%2Ftags&post=20750"}],"curies":[{"name":"wp","href":"https:\/\/api.w.org\/{rel}","templated":true}]}}