{"id":20823,"date":"2015-09-01T18:07:07","date_gmt":"2015-09-01T13:07:07","guid":{"rendered":"http:\/\/www.zerdab.com\/?p=20823"},"modified":"2015-09-24T11:10:47","modified_gmt":"2015-09-24T06:10:47","slug":"g%c9%99ncliy%c9%99-d%c9%99st%c9%99k-ictimai-birliyinin-yeni-layih%c9%99si","status":"publish","type":"post","link":"https:\/\/www.zerdab.com\/?p=20823","title":{"rendered":"\u201cG\u0259ncliy\u0259 d\u0259st\u0259k\u201d \u0130ctimai Birliyinin yeni layih\u0259si"},"content":{"rendered":"<p><a href=\"http:\/\/www.zerdab.com\/g%c9%99ncliy%c9%99-d%c9%99st%c9%99k-ictimai-birliyinin-yeni-layih%c9%99si\/g%c9%99ncliy%c9%99-d%c9%99st%c9%99k-2\/\" rel=\"attachment wp-att-20824\"><img loading=\"lazy\" decoding=\"async\" class=\"aligncenter size-large wp-image-20824\" src=\"http:\/\/www.zerdab.com\/wp-content\/uploads\/2015\/09\/G\u0259ncliy\u0259-D\u0259st\u0259k-550x256.jpg\" alt=\"G\u0259ncliy\u0259 D\u0259st\u0259k\" width=\"550\" height=\"256\" srcset=\"https:\/\/www.zerdab.com\/wp-content\/uploads\/2015\/09\/G\u0259ncliy\u0259-D\u0259st\u0259k-550x256.jpg 550w, https:\/\/www.zerdab.com\/wp-content\/uploads\/2015\/09\/G\u0259ncliy\u0259-D\u0259st\u0259k-400x186.jpg 400w, https:\/\/www.zerdab.com\/wp-content\/uploads\/2015\/09\/G\u0259ncliy\u0259-D\u0259st\u0259k-500x233.jpg 500w, https:\/\/www.zerdab.com\/wp-content\/uploads\/2015\/09\/G\u0259ncliy\u0259-D\u0259st\u0259k-80x37.jpg 80w, https:\/\/www.zerdab.com\/wp-content\/uploads\/2015\/09\/G\u0259ncliy\u0259-D\u0259st\u0259k.jpg 1000w\" sizes=\"auto, (max-width: 550px) 100vw, 550px\" \/><\/a>\u201cG\u0259ncliy\u0259 d\u0259st\u0259k\u201d \u0130ctimai Birliyi (\u0130B) Az\u0259rbaycan Respublikas\u0131n\u0131n Prezidenti yan\u0131nda G\u0259ncl\u0259r Fondunun d\u0259st\u0259yi il\u0259 sentyabr\u0131n 1-d\u0259n \u201cG\u0259ncl\u0259rin pe\u015f\u0259 y\u00f6n\u00fcm\u00fcn\u00fcn h\u0259rbi ixtisaslara istiqam\u0259tl\u0259ndirilm\u0259sin\u0259 d\u0259st\u0259k\u201d adl\u0131 layih\u0259nin icras\u0131na ba\u015flay\u0131b.<\/p>\n<p>\u0130B-d\u0259n bildiribl\u0259r ki, Z\u0259rdab v\u0259 Ucar rayonlar\u0131nda icra olunacaq layih\u0259nin m\u00fcdd\u0259ti \u00fc\u00e7 ayd\u0131r. Layih\u0259nin m\u0259qs\u0259di g\u0259ncl\u0259rin pe\u015f\u0259 y\u00f6n\u00fcm\u00fcn\u00fcn h\u0259rbi ixtisaslara istiqam\u0259tl\u0259ndirilm\u0259si, \u015fagirdl\u0259r aras\u0131nda h\u0259rbi ixtisaslar\u0131n \u0259h\u0259miyy\u0259ti haqq\u0131nda geni\u015f t\u0259bli\u011fat i\u015finin apar\u0131lmas\u0131ndan ibar\u0259tdir. Bu m\u0259qs\u0259dl\u0259 layih\u0259 \u00e7\u0259r\u00e7iv\u0259sind\u0259 sentyabr-oktyabr aylar\u0131nda \u0259n savadl\u0131 g\u0259ncl\u0259rin h\u0259rbi ixtisaslara istiqam\u0259tl\u0259ndirilm\u0259si m\u0259qs\u0259dil\u0259 bir qrup 10-11-ci sinif \u015fagirdl\u0259rinin Heyd\u0259r \u018fliyev ad\u0131na Az\u0259rbaycan Ali H\u0259rbi M\u0259kt\u0259bin\u0259 ekskursiyalar\u0131n\u0131n t\u0259\u015fkil olunmas\u0131 v\u0259 t\u0259liml\u0259rin ke\u00e7irilm\u0259si n\u0259z\u0259rd\u0259 tutulur.<\/p>\n<p>Bundan \u0259lav\u0259 noyabrda m\u0259kt\u0259bl\u0259rd\u0259 m\u00fcvafiq istiqam\u0259td\u0259 t\u0259bli\u011fat i\u015finin apar\u0131lmas\u0131 m\u0259qs\u0259dil\u0259 seminarlar\u0131n ke\u00e7irilm\u0259si planla\u015fd\u0131r\u0131l\u0131r. T\u0259dbirl\u0259r\u0259 m\u00fcvafiq rayonlar\u0131n g\u0259ncl\u0259r v\u0259 idman idar\u0259l\u0259rinin, t\u0259hsil \u015f\u00f6b\u0259l\u0259rinin, Az\u0259rbaycan Respublikas\u0131 S\u0259f\u0259rb\u0259rlik v\u0259 H\u0259rbi Xidm\u0259t\u0259 \u00c7a\u011f\u0131r\u0131\u015f \u00fczr\u0259 D\u00f6vl\u0259t Xidm\u0259tinin rayon \u015f\u00f6b\u0259sinin \u0259m\u0259kda\u015flar\u0131 d\u0259v\u0259t edil\u0259c\u0259k.<\/p>\n<p>Layih\u0259 \u00e7\u0259r\u00e7iv\u0259sind\u0259 h\u0259yata ke\u00e7iril\u0259n t\u0259dbirl\u0259r Az\u0259rbaycanda apar\u0131lan ordu quruculu\u011funun t\u0259bli\u011f olunmas\u0131 bax\u0131m\u0131ndan da \u0259h\u0259miyy\u0259tli olacaq.<\/p>\n","protected":false},"excerpt":{"rendered":"<p>\u201cG\u0259ncliy\u0259 d\u0259st\u0259k\u201d \u0130ctimai Birliyi (\u0130B) Az\u0259rbaycan Respublikas\u0131n\u0131n Prezidenti yan\u0131nda G\u0259ncl\u0259r Fondunun d\u0259st\u0259yi il\u0259 sentyabr\u0131n 1-d\u0259n \u201cG\u0259ncl\u0259rin pe\u015f\u0259 y\u00f6n\u00fcm\u00fcn\u00fcn h\u0259rbi ixtisaslara istiqam\u0259tl\u0259ndirilm\u0259sin\u0259 d\u0259st\u0259k\u201d adl\u0131 layih\u0259nin icras\u0131na ba\u015flay\u0131b. \u0130B-d\u0259n bildiribl\u0259r ki, Z\u0259rdab v\u0259 Ucar rayonlar\u0131nda icra olunacaq layih\u0259nin m\u00fcdd\u0259ti \u00fc\u00e7 ayd\u0131r. Layih\u0259nin m\u0259qs\u0259di g\u0259ncl\u0259rin pe\u015f\u0259 y\u00f6n\u00fcm\u00fcn\u00fcn h\u0259rbi ixtisaslara istiqam\u0259tl\u0259ndirilm\u0259si, \u015fagirdl\u0259r aras\u0131nda h\u0259rbi ixtisaslar\u0131n \u0259h\u0259miyy\u0259ti haqq\u0131nda geni\u015f t\u0259bli\u011fat [&hellip;]<\/p>\n","protected":false},"author":1,"featured_media":20824,"comment_status":"open","ping_status":"open","sticky":false,"template":"","format":"standard","meta":{"footnotes":""},"categories":[21],"tags":[],"class_list":{"0":"post-20823","1":"post","2":"type-post","3":"status-publish","4":"format-standard","5":"has-post-thumbnail","7":"category-zrdab"},"yoast_head":"<!-- This site is optimized with the Yoast SEO plugin v27.0 - https:\/\/yoast.com\/product\/yoast-seo-wordpress\/ -->\n<title>\u201cG\u0259ncliy\u0259 d\u0259st\u0259k\u201d \u0130ctimai Birliyinin yeni layih\u0259si - Z\u0259rdab.com<\/title>\n<meta name=\"robots\" content=\"index, follow, max-snippet:-1, max-image-preview:large, max-video-preview:-1\" \/>\n<link rel=\"canonical\" href=\"https:\/\/www.zerdab.com\/?p=20823\" \/>\n<meta property=\"og:locale\" content=\"az_AZ\" \/>\n<meta property=\"og:type\" content=\"article\" \/>\n<meta property=\"og:title\" content=\"\u201cG\u0259ncliy\u0259 d\u0259st\u0259k\u201d \u0130ctimai Birliyinin yeni layih\u0259si - Z\u0259rdab.com\" \/>\n<meta property=\"og:description\" content=\"\u201cG\u0259ncliy\u0259 d\u0259st\u0259k\u201d \u0130ctimai Birliyi (\u0130B) Az\u0259rbaycan Respublikas\u0131n\u0131n Prezidenti yan\u0131nda G\u0259ncl\u0259r Fondunun d\u0259st\u0259yi il\u0259 sentyabr\u0131n 1-d\u0259n \u201cG\u0259ncl\u0259rin pe\u015f\u0259 y\u00f6n\u00fcm\u00fcn\u00fcn h\u0259rbi ixtisaslara istiqam\u0259tl\u0259ndirilm\u0259sin\u0259 d\u0259st\u0259k\u201d adl\u0131 layih\u0259nin icras\u0131na ba\u015flay\u0131b. \u0130B-d\u0259n bildiribl\u0259r ki, Z\u0259rdab v\u0259 Ucar rayonlar\u0131nda icra olunacaq layih\u0259nin m\u00fcdd\u0259ti \u00fc\u00e7 ayd\u0131r. Layih\u0259nin m\u0259qs\u0259di g\u0259ncl\u0259rin pe\u015f\u0259 y\u00f6n\u00fcm\u00fcn\u00fcn h\u0259rbi ixtisaslara istiqam\u0259tl\u0259ndirilm\u0259si, \u015fagirdl\u0259r aras\u0131nda h\u0259rbi ixtisaslar\u0131n \u0259h\u0259miyy\u0259ti haqq\u0131nda geni\u015f t\u0259bli\u011fat [&hellip;]\" \/>\n<meta property=\"og:url\" content=\"https:\/\/www.zerdab.com\/?p=20823\" \/>\n<meta property=\"og:site_name\" content=\"Z\u0259rdab.com\" \/>\n<meta property=\"article:published_time\" content=\"2015-09-01T13:07:07+00:00\" \/>\n<meta property=\"article:modified_time\" content=\"2015-09-24T06:10:47+00:00\" \/>\n<meta property=\"og:image\" content=\"https:\/\/www.zerdab.com\/wp-content\/uploads\/2015\/09\/G\u0259ncliy\u0259-D\u0259st\u0259k.jpg\" \/>\n\t<meta property=\"og:image:width\" content=\"1000\" \/>\n\t<meta property=\"og:image:height\" content=\"466\" \/>\n\t<meta property=\"og:image:type\" content=\"image\/jpeg\" \/>\n<meta name=\"author\" content=\"admin\" \/>\n<meta name=\"twitter:card\" content=\"summary_large_image\" \/>\n<meta name=\"twitter:label1\" content=\"Written by\" \/>\n\t<meta name=\"twitter:data1\" content=\"admin\" \/>\n\t<meta name=\"twitter:label2\" content=\"Est. reading time\" \/>\n\t<meta name=\"twitter:data2\" content=\"1 minute\" \/>\n<script type=\"application\/ld+json\" class=\"yoast-schema-graph\">{\"@context\":\"https:\/\/schema.org\",\"@graph\":[{\"@type\":\"Article\",\"@id\":\"https:\/\/www.zerdab.com\/?p=20823#article\",\"isPartOf\":{\"@id\":\"https:\/\/www.zerdab.com\/?p=20823\"},\"author\":{\"name\":\"admin\",\"@id\":\"https:\/\/www.zerdab.com\/#\/schema\/person\/97079b7570c1e89ec0d9e138c3672136\"},\"headline\":\"\u201cG\u0259ncliy\u0259 d\u0259st\u0259k\u201d \u0130ctimai Birliyinin yeni layih\u0259si\",\"datePublished\":\"2015-09-01T13:07:07+00:00\",\"dateModified\":\"2015-09-24T06:10:47+00:00\",\"mainEntityOfPage\":{\"@id\":\"https:\/\/www.zerdab.com\/?p=20823\"},\"wordCount\":306,\"commentCount\":0,\"image\":{\"@id\":\"https:\/\/www.zerdab.com\/?p=20823#primaryimage\"},\"thumbnailUrl\":\"https:\/\/www.zerdab.com\/wp-content\/uploads\/2015\/09\/G\u0259ncliy\u0259-D\u0259st\u0259k.jpg\",\"articleSection\":[\"C\u018fM\u0130YY\u018fT\"],\"inLanguage\":\"az\",\"potentialAction\":[{\"@type\":\"CommentAction\",\"name\":\"Comment\",\"target\":[\"https:\/\/www.zerdab.com\/?p=20823#respond\"]}]},{\"@type\":\"WebPage\",\"@id\":\"https:\/\/www.zerdab.com\/?p=20823\",\"url\":\"https:\/\/www.zerdab.com\/?p=20823\",\"name\":\"\u201cG\u0259ncliy\u0259 d\u0259st\u0259k\u201d \u0130ctimai Birliyinin yeni layih\u0259si - Z\u0259rdab.com\",\"isPartOf\":{\"@id\":\"https:\/\/www.zerdab.com\/#website\"},\"primaryImageOfPage\":{\"@id\":\"https:\/\/www.zerdab.com\/?p=20823#primaryimage\"},\"image\":{\"@id\":\"https:\/\/www.zerdab.com\/?p=20823#primaryimage\"},\"thumbnailUrl\":\"https:\/\/www.zerdab.com\/wp-content\/uploads\/2015\/09\/G\u0259ncliy\u0259-D\u0259st\u0259k.jpg\",\"datePublished\":\"2015-09-01T13:07:07+00:00\",\"dateModified\":\"2015-09-24T06:10:47+00:00\",\"author\":{\"@id\":\"https:\/\/www.zerdab.com\/#\/schema\/person\/97079b7570c1e89ec0d9e138c3672136\"},\"breadcrumb\":{\"@id\":\"https:\/\/www.zerdab.com\/?p=20823#breadcrumb\"},\"inLanguage\":\"az\",\"potentialAction\":[{\"@type\":\"ReadAction\",\"target\":[\"https:\/\/www.zerdab.com\/?p=20823\"]}]},{\"@type\":\"ImageObject\",\"inLanguage\":\"az\",\"@id\":\"https:\/\/www.zerdab.com\/?p=20823#primaryimage\",\"url\":\"https:\/\/www.zerdab.com\/wp-content\/uploads\/2015\/09\/G\u0259ncliy\u0259-D\u0259st\u0259k.jpg\",\"contentUrl\":\"https:\/\/www.zerdab.com\/wp-content\/uploads\/2015\/09\/G\u0259ncliy\u0259-D\u0259st\u0259k.jpg\",\"width\":1000,\"height\":466},{\"@type\":\"BreadcrumbList\",\"@id\":\"https:\/\/www.zerdab.com\/?p=20823#breadcrumb\",\"itemListElement\":[{\"@type\":\"ListItem\",\"position\":1,\"name\":\"Home\",\"item\":\"https:\/\/www.zerdab.com\/\"},{\"@type\":\"ListItem\",\"position\":2,\"name\":\"\u201cG\u0259ncliy\u0259 d\u0259st\u0259k\u201d \u0130ctimai Birliyinin yeni layih\u0259si\"}]},{\"@type\":\"WebSite\",\"@id\":\"https:\/\/www.zerdab.com\/#website\",\"url\":\"https:\/\/www.zerdab.com\/\",\"name\":\"Z\u0259rdab.com\",\"description\":\"\",\"potentialAction\":[{\"@type\":\"SearchAction\",\"target\":{\"@type\":\"EntryPoint\",\"urlTemplate\":\"https:\/\/www.zerdab.com\/?s={search_term_string}\"},\"query-input\":{\"@type\":\"PropertyValueSpecification\",\"valueRequired\":true,\"valueName\":\"search_term_string\"}}],\"inLanguage\":\"az\"},{\"@type\":\"Person\",\"@id\":\"https:\/\/www.zerdab.com\/#\/schema\/person\/97079b7570c1e89ec0d9e138c3672136\",\"name\":\"admin\",\"image\":{\"@type\":\"ImageObject\",\"inLanguage\":\"az\",\"@id\":\"https:\/\/www.zerdab.com\/#\/schema\/person\/image\/\",\"url\":\"https:\/\/secure.gravatar.com\/avatar\/d9c52a9a27c32119cb6679a077fa3e2779e5f822c451cbf01098004361d466ec?s=96&d=mm&r=g\",\"contentUrl\":\"https:\/\/secure.gravatar.com\/avatar\/d9c52a9a27c32119cb6679a077fa3e2779e5f822c451cbf01098004361d466ec?s=96&d=mm&r=g\",\"caption\":\"admin\"},\"url\":\"https:\/\/www.zerdab.com\/?author=1\"}]}<\/script>\n<!-- \/ Yoast SEO plugin. -->","yoast_head_json":{"title":"\u201cG\u0259ncliy\u0259 d\u0259st\u0259k\u201d \u0130ctimai Birliyinin yeni layih\u0259si - Z\u0259rdab.com","robots":{"index":"index","follow":"follow","max-snippet":"max-snippet:-1","max-image-preview":"max-image-preview:large","max-video-preview":"max-video-preview:-1"},"canonical":"https:\/\/www.zerdab.com\/?p=20823","og_locale":"az_AZ","og_type":"article","og_title":"\u201cG\u0259ncliy\u0259 d\u0259st\u0259k\u201d \u0130ctimai Birliyinin yeni layih\u0259si - Z\u0259rdab.com","og_description":"\u201cG\u0259ncliy\u0259 d\u0259st\u0259k\u201d \u0130ctimai Birliyi (\u0130B) Az\u0259rbaycan Respublikas\u0131n\u0131n Prezidenti yan\u0131nda G\u0259ncl\u0259r Fondunun d\u0259st\u0259yi il\u0259 sentyabr\u0131n 1-d\u0259n \u201cG\u0259ncl\u0259rin pe\u015f\u0259 y\u00f6n\u00fcm\u00fcn\u00fcn h\u0259rbi ixtisaslara istiqam\u0259tl\u0259ndirilm\u0259sin\u0259 d\u0259st\u0259k\u201d adl\u0131 layih\u0259nin icras\u0131na ba\u015flay\u0131b. \u0130B-d\u0259n bildiribl\u0259r ki, Z\u0259rdab v\u0259 Ucar rayonlar\u0131nda icra olunacaq layih\u0259nin m\u00fcdd\u0259ti \u00fc\u00e7 ayd\u0131r. Layih\u0259nin m\u0259qs\u0259di g\u0259ncl\u0259rin pe\u015f\u0259 y\u00f6n\u00fcm\u00fcn\u00fcn h\u0259rbi ixtisaslara istiqam\u0259tl\u0259ndirilm\u0259si, \u015fagirdl\u0259r aras\u0131nda h\u0259rbi ixtisaslar\u0131n \u0259h\u0259miyy\u0259ti haqq\u0131nda geni\u015f t\u0259bli\u011fat [&hellip;]","og_url":"https:\/\/www.zerdab.com\/?p=20823","og_site_name":"Z\u0259rdab.com","article_published_time":"2015-09-01T13:07:07+00:00","article_modified_time":"2015-09-24T06:10:47+00:00","og_image":[{"width":1000,"height":466,"url":"https:\/\/www.zerdab.com\/wp-content\/uploads\/2015\/09\/G\u0259ncliy\u0259-D\u0259st\u0259k.jpg","type":"image\/jpeg"}],"author":"admin","twitter_card":"summary_large_image","twitter_misc":{"Written by":"admin","Est. reading time":"1 minute"},"schema":{"@context":"https:\/\/schema.org","@graph":[{"@type":"Article","@id":"https:\/\/www.zerdab.com\/?p=20823#article","isPartOf":{"@id":"https:\/\/www.zerdab.com\/?p=20823"},"author":{"name":"admin","@id":"https:\/\/www.zerdab.com\/#\/schema\/person\/97079b7570c1e89ec0d9e138c3672136"},"headline":"\u201cG\u0259ncliy\u0259 d\u0259st\u0259k\u201d \u0130ctimai Birliyinin yeni layih\u0259si","datePublished":"2015-09-01T13:07:07+00:00","dateModified":"2015-09-24T06:10:47+00:00","mainEntityOfPage":{"@id":"https:\/\/www.zerdab.com\/?p=20823"},"wordCount":306,"commentCount":0,"image":{"@id":"https:\/\/www.zerdab.com\/?p=20823#primaryimage"},"thumbnailUrl":"https:\/\/www.zerdab.com\/wp-content\/uploads\/2015\/09\/G\u0259ncliy\u0259-D\u0259st\u0259k.jpg","articleSection":["C\u018fM\u0130YY\u018fT"],"inLanguage":"az","potentialAction":[{"@type":"CommentAction","name":"Comment","target":["https:\/\/www.zerdab.com\/?p=20823#respond"]}]},{"@type":"WebPage","@id":"https:\/\/www.zerdab.com\/?p=20823","url":"https:\/\/www.zerdab.com\/?p=20823","name":"\u201cG\u0259ncliy\u0259 d\u0259st\u0259k\u201d \u0130ctimai Birliyinin yeni layih\u0259si - Z\u0259rdab.com","isPartOf":{"@id":"https:\/\/www.zerdab.com\/#website"},"primaryImageOfPage":{"@id":"https:\/\/www.zerdab.com\/?p=20823#primaryimage"},"image":{"@id":"https:\/\/www.zerdab.com\/?p=20823#primaryimage"},"thumbnailUrl":"https:\/\/www.zerdab.com\/wp-content\/uploads\/2015\/09\/G\u0259ncliy\u0259-D\u0259st\u0259k.jpg","datePublished":"2015-09-01T13:07:07+00:00","dateModified":"2015-09-24T06:10:47+00:00","author":{"@id":"https:\/\/www.zerdab.com\/#\/schema\/person\/97079b7570c1e89ec0d9e138c3672136"},"breadcrumb":{"@id":"https:\/\/www.zerdab.com\/?p=20823#breadcrumb"},"inLanguage":"az","potentialAction":[{"@type":"ReadAction","target":["https:\/\/www.zerdab.com\/?p=20823"]}]},{"@type":"ImageObject","inLanguage":"az","@id":"https:\/\/www.zerdab.com\/?p=20823#primaryimage","url":"https:\/\/www.zerdab.com\/wp-content\/uploads\/2015\/09\/G\u0259ncliy\u0259-D\u0259st\u0259k.jpg","contentUrl":"https:\/\/www.zerdab.com\/wp-content\/uploads\/2015\/09\/G\u0259ncliy\u0259-D\u0259st\u0259k.jpg","width":1000,"height":466},{"@type":"BreadcrumbList","@id":"https:\/\/www.zerdab.com\/?p=20823#breadcrumb","itemListElement":[{"@type":"ListItem","position":1,"name":"Home","item":"https:\/\/www.zerdab.com\/"},{"@type":"ListItem","position":2,"name":"\u201cG\u0259ncliy\u0259 d\u0259st\u0259k\u201d \u0130ctimai Birliyinin yeni layih\u0259si"}]},{"@type":"WebSite","@id":"https:\/\/www.zerdab.com\/#website","url":"https:\/\/www.zerdab.com\/","name":"Z\u0259rdab.com","description":"","potentialAction":[{"@type":"SearchAction","target":{"@type":"EntryPoint","urlTemplate":"https:\/\/www.zerdab.com\/?s={search_term_string}"},"query-input":{"@type":"PropertyValueSpecification","valueRequired":true,"valueName":"search_term_string"}}],"inLanguage":"az"},{"@type":"Person","@id":"https:\/\/www.zerdab.com\/#\/schema\/person\/97079b7570c1e89ec0d9e138c3672136","name":"admin","image":{"@type":"ImageObject","inLanguage":"az","@id":"https:\/\/www.zerdab.com\/#\/schema\/person\/image\/","url":"https:\/\/secure.gravatar.com\/avatar\/d9c52a9a27c32119cb6679a077fa3e2779e5f822c451cbf01098004361d466ec?s=96&d=mm&r=g","contentUrl":"https:\/\/secure.gravatar.com\/avatar\/d9c52a9a27c32119cb6679a077fa3e2779e5f822c451cbf01098004361d466ec?s=96&d=mm&r=g","caption":"admin"},"url":"https:\/\/www.zerdab.com\/?author=1"}]}},"_links":{"self":[{"href":"https:\/\/www.zerdab.com\/index.php?rest_route=\/wp\/v2\/posts\/20823","targetHints":{"allow":["GET"]}}],"collection":[{"href":"https:\/\/www.zerdab.com\/index.php?rest_route=\/wp\/v2\/posts"}],"about":[{"href":"https:\/\/www.zerdab.com\/index.php?rest_route=\/wp\/v2\/types\/post"}],"author":[{"embeddable":true,"href":"https:\/\/www.zerdab.com\/index.php?rest_route=\/wp\/v2\/users\/1"}],"replies":[{"embeddable":true,"href":"https:\/\/www.zerdab.com\/index.php?rest_route=%2Fwp%2Fv2%2Fcomments&post=20823"}],"version-history":[{"count":2,"href":"https:\/\/www.zerdab.com\/index.php?rest_route=\/wp\/v2\/posts\/20823\/revisions"}],"predecessor-version":[{"id":20826,"href":"https:\/\/www.zerdab.com\/index.php?rest_route=\/wp\/v2\/posts\/20823\/revisions\/20826"}],"wp:featuredmedia":[{"embeddable":true,"href":"https:\/\/www.zerdab.com\/index.php?rest_route=\/wp\/v2\/media\/20824"}],"wp:attachment":[{"href":"https:\/\/www.zerdab.com\/index.php?rest_route=%2Fwp%2Fv2%2Fmedia&parent=20823"}],"wp:term":[{"taxonomy":"category","embeddable":true,"href":"https:\/\/www.zerdab.com\/index.php?rest_route=%2Fwp%2Fv2%2Fcategories&post=20823"},{"taxonomy":"post_tag","embeddable":true,"href":"https:\/\/www.zerdab.com\/index.php?rest_route=%2Fwp%2Fv2%2Ftags&post=20823"}],"curies":[{"name":"wp","href":"https:\/\/api.w.org\/{rel}","templated":true}]}}