{"id":20971,"date":"2015-10-19T12:18:44","date_gmt":"2015-10-19T07:18:44","guid":{"rendered":"http:\/\/www.zerdab.com\/?p=20971"},"modified":"2015-10-19T12:18:44","modified_gmt":"2015-10-19T07:18:44","slug":"z%c9%99rdabda-dovl%c9%99t-must%c9%99qilliyi-gunu-qeyd-olundu","status":"publish","type":"post","link":"https:\/\/www.zerdab.com\/?p=20971","title":{"rendered":"Z\u0259rdabda D\u00f6vl\u0259t M\u00fcst\u0259qilliyi G\u00fcn\u00fc qeyd olundu"},"content":{"rendered":"<p><a href=\"http:\/\/www.zerdab.com\/z%c9%99rdabda-dovl%c9%99t-must%c9%99qilliyi-gunu-qeyd-olundu\/z%c9%99rdab-rayonu-121\/\" rel=\"attachment wp-att-20972\"><img loading=\"lazy\" decoding=\"async\" class=\"aligncenter size-large wp-image-20972\" src=\"http:\/\/www.zerdab.com\/wp-content\/uploads\/2015\/10\/Z\u0259rdab-rayonu6-365x550.jpg\" alt=\"Z\u0259rdab rayonu\" width=\"365\" height=\"550\" \/><\/a>Z\u0259rdab rayonunda Az\u0259rbaycan Respublikas\u0131n\u0131n D\u00f6vl\u0259t M\u00fcst\u0259qilliyi g\u00fcn\u00fcn\u0259 h\u0259sr olunmu\u015f \u00fcmumrayon t\u0259dbiri ke\u00e7irilmi\u015fdir. T\u0259dbir i\u015ftirak\u00e7\u0131lar\u0131 \u0259vv\u0259lc\u0259 Ulu \u00d6nd\u0259r Heyd\u0259r \u018fliyevin abid\u0259si \u00f6n\u00fcn\u0259 g\u00fcl d\u0259st\u0259l\u0259ri qoymu\u015f, daha sonra Heyd\u0259r \u018fliyev M\u0259rk\u0259zi il\u0259 tan\u0131\u015fl\u0131q olmu\u015fdur.<\/p>\n<p>T\u0259dbird\u0259 \u00e7\u0131x\u0131\u015f ed\u0259n Z\u0259rdab Rayon \u0130cra Hakimiyy\u0259tinin ba\u015f\u00e7\u0131s\u0131 c\u0259nab L\u00fctv\u0259li Babayev Az\u0259rbaycan Respublikas\u0131n\u0131n D\u00f6vl\u0259t M\u00fcst\u0259qilliyi g\u00fcn\u00fcn\u00fcn tarixi haqq\u0131nda m\u0259lumat vermi\u015fdir. Qeyd olunmu\u015fdur ki, Az\u0259rbaycan Respublikas\u0131 Ali Sovetinin xalq\u0131n t\u0259l\u0259bi il\u0259 \u00e7a\u011f\u0131r\u0131lm\u0131\u015f n\u00f6vb\u0259d\u0259nk\u0259nar sessiyas\u0131nda 1991-ci il avqustun 30-da Az\u0259rbaycan Respublikas\u0131n\u0131n d\u00f6vl\u0259t m\u00fcst\u0259qilliyini b\u0259rpa etm\u0259k haqq\u0131nda b\u0259yannam\u0259 q\u0259bul edilmi\u015f, Ali Sovetin h\u0259min ilin 18 oktyabr tarixli sessiyas\u0131nda is\u0259 \u201cAz\u0259rbaycan Respublikas\u0131n\u0131n D\u00f6vl\u0259t m\u00fcst\u0259qilliyi haqq\u0131nda\u201d Konstitusiya Akt\u0131 yekdillikl\u0259 q\u0259bul edilmi\u015fdir.<\/p>\n<p>Y\u0131\u011f\u0131ncaqda \u00e7\u0131x\u0131\u015f ed\u0259nl\u0259r qeyd etmi\u015fl\u0259r ki, bu g\u00fcn Az\u0259rbaycan iqtisadi c\u0259h\u0259td\u0259n d\u00fcnyan\u0131n \u0259n s\u00fcr\u0259tl\u0259 inki\u015faf ed\u0259n \u00f6lk\u0259l\u0259rind\u0259ndir. B\u00fct\u00fcn bunlar m\u00fcst\u0259qil Az\u0259rbaycan\u0131n tarixi nailiyy\u0259tl\u0259ridir. Vaxtil\u0259 Ulu \u00d6nd\u0259r Heyd\u0259r \u018fliyev t\u0259r\u0259find\u0259n qorunub saxlan\u0131lan m\u00fcst\u0259qilliyimiz bu g\u00fcn \u00f6lk\u0259 Prezidenti c\u0259nab \u0130lham \u018fliyevin r\u0259hb\u0259rliyi il\u0259 daha da m\u00f6hk\u0259ml\u0259ndirilir v\u0259 onun \u0259b\u0259diliyi t\u0259min edilir. M\u00fcst\u0259qillik xalq\u0131m\u0131z\u0131n b\u00f6y\u00fck tarixi nailiyy\u0259ti v\u0259 milli s\u0259rv\u0259tidir. Bizim d\u0259 \u0259sas v\u0259zif\u0259miz bu tarixi nailiyy\u0259ti qoruyub saxlamaq, daha da g\u00fccl\u0259ndirm\u0259kdir.<\/p>\n<p>Z\u0259rdab Rayon \u0130cra Hakimiyy\u0259ti<a href=\"http:\/\/www.zerdab.com\/z%c9%99rdabda-dovl%c9%99t-must%c9%99qilliyi-gunu-qeyd-olundu\/z%c9%99rdab-rayonu2-48\/\" rel=\"attachment wp-att-20974\"><img loading=\"lazy\" decoding=\"async\" class=\"aligncenter size-large wp-image-20974\" src=\"http:\/\/www.zerdab.com\/wp-content\/uploads\/2015\/10\/Z\u0259rdab-rayonu23-550x365.jpg\" alt=\"Z\u0259rdab rayonu\" width=\"550\" height=\"365\" \/><\/a><a href=\"http:\/\/www.zerdab.com\/z%c9%99rdabda-dovl%c9%99t-must%c9%99qilliyi-gunu-qeyd-olundu\/z%c9%99rdab-rayonu3-39\/\" rel=\"attachment wp-att-20975\"><img loading=\"lazy\" decoding=\"async\" class=\"aligncenter size-large wp-image-20975\" src=\"http:\/\/www.zerdab.com\/wp-content\/uploads\/2015\/10\/Z\u0259rdab-rayonu32-550x365.jpg\" alt=\"Z\u0259rdab rayonu\" width=\"550\" height=\"365\" \/><\/a><a href=\"http:\/\/www.zerdab.com\/z%c9%99rdabda-dovl%c9%99t-must%c9%99qilliyi-gunu-qeyd-olundu\/z%c9%99rdab-rayonu1-56\/\" rel=\"attachment wp-att-20973\"><img loading=\"lazy\" decoding=\"async\" class=\"aligncenter size-large wp-image-20973\" src=\"http:\/\/www.zerdab.com\/wp-content\/uploads\/2015\/10\/Z\u0259rdab-rayonu13-550x365.jpg\" alt=\"Z\u0259rdab rayonu\" width=\"550\" height=\"365\" \/><\/a><\/p>\n","protected":false},"excerpt":{"rendered":"<p>Z\u0259rdab rayonunda Az\u0259rbaycan Respublikas\u0131n\u0131n D\u00f6vl\u0259t M\u00fcst\u0259qilliyi g\u00fcn\u00fcn\u0259 h\u0259sr olunmu\u015f \u00fcmumrayon t\u0259dbiri ke\u00e7irilmi\u015fdir. T\u0259dbir i\u015ftirak\u00e7\u0131lar\u0131 \u0259vv\u0259lc\u0259 Ulu \u00d6nd\u0259r Heyd\u0259r \u018fliyevin abid\u0259si \u00f6n\u00fcn\u0259 g\u00fcl d\u0259st\u0259l\u0259ri qoymu\u015f, daha sonra Heyd\u0259r \u018fliyev M\u0259rk\u0259zi il\u0259 tan\u0131\u015fl\u0131q olmu\u015fdur. T\u0259dbird\u0259 \u00e7\u0131x\u0131\u015f ed\u0259n Z\u0259rdab Rayon \u0130cra Hakimiyy\u0259tinin ba\u015f\u00e7\u0131s\u0131 c\u0259nab L\u00fctv\u0259li Babayev Az\u0259rbaycan Respublikas\u0131n\u0131n D\u00f6vl\u0259t M\u00fcst\u0259qilliyi g\u00fcn\u00fcn\u00fcn tarixi haqq\u0131nda m\u0259lumat vermi\u015fdir. Qeyd olunmu\u015fdur ki, [&hellip;]<\/p>\n","protected":false},"author":1,"featured_media":0,"comment_status":"open","ping_status":"open","sticky":false,"template":"","format":"standard","meta":{"footnotes":""},"categories":[21],"tags":[],"class_list":{"0":"post-20971","1":"post","2":"type-post","3":"status-publish","4":"format-standard","6":"category-zrdab"},"yoast_head":"<!-- This site is optimized with the Yoast SEO plugin v27.0 - https:\/\/yoast.com\/product\/yoast-seo-wordpress\/ -->\n<title>Z\u0259rdabda D\u00f6vl\u0259t M\u00fcst\u0259qilliyi G\u00fcn\u00fc qeyd olundu - Z\u0259rdab.com<\/title>\n<meta name=\"robots\" content=\"index, follow, max-snippet:-1, max-image-preview:large, max-video-preview:-1\" \/>\n<link rel=\"canonical\" href=\"https:\/\/www.zerdab.com\/?p=20971\" \/>\n<meta property=\"og:locale\" content=\"az_AZ\" \/>\n<meta property=\"og:type\" content=\"article\" \/>\n<meta property=\"og:title\" content=\"Z\u0259rdabda D\u00f6vl\u0259t M\u00fcst\u0259qilliyi G\u00fcn\u00fc qeyd olundu - Z\u0259rdab.com\" \/>\n<meta property=\"og:description\" content=\"Z\u0259rdab rayonunda Az\u0259rbaycan Respublikas\u0131n\u0131n D\u00f6vl\u0259t M\u00fcst\u0259qilliyi g\u00fcn\u00fcn\u0259 h\u0259sr olunmu\u015f \u00fcmumrayon t\u0259dbiri ke\u00e7irilmi\u015fdir. T\u0259dbir i\u015ftirak\u00e7\u0131lar\u0131 \u0259vv\u0259lc\u0259 Ulu \u00d6nd\u0259r Heyd\u0259r \u018fliyevin abid\u0259si \u00f6n\u00fcn\u0259 g\u00fcl d\u0259st\u0259l\u0259ri qoymu\u015f, daha sonra Heyd\u0259r \u018fliyev M\u0259rk\u0259zi il\u0259 tan\u0131\u015fl\u0131q olmu\u015fdur. T\u0259dbird\u0259 \u00e7\u0131x\u0131\u015f ed\u0259n Z\u0259rdab Rayon \u0130cra Hakimiyy\u0259tinin ba\u015f\u00e7\u0131s\u0131 c\u0259nab L\u00fctv\u0259li Babayev Az\u0259rbaycan Respublikas\u0131n\u0131n D\u00f6vl\u0259t M\u00fcst\u0259qilliyi g\u00fcn\u00fcn\u00fcn tarixi haqq\u0131nda m\u0259lumat vermi\u015fdir. Qeyd olunmu\u015fdur ki, [&hellip;]\" \/>\n<meta property=\"og:url\" content=\"https:\/\/www.zerdab.com\/?p=20971\" \/>\n<meta property=\"og:site_name\" content=\"Z\u0259rdab.com\" \/>\n<meta property=\"article:published_time\" content=\"2015-10-19T07:18:44+00:00\" \/>\n<meta name=\"author\" content=\"admin\" \/>\n<meta name=\"twitter:card\" content=\"summary_large_image\" \/>\n<meta name=\"twitter:label1\" content=\"Written by\" \/>\n\t<meta name=\"twitter:data1\" content=\"admin\" \/>\n\t<meta name=\"twitter:label2\" content=\"Est. reading time\" \/>\n\t<meta name=\"twitter:data2\" content=\"2 minutes\" \/>\n<script type=\"application\/ld+json\" class=\"yoast-schema-graph\">{\"@context\":\"https:\/\/schema.org\",\"@graph\":[{\"@type\":\"Article\",\"@id\":\"https:\/\/www.zerdab.com\/?p=20971#article\",\"isPartOf\":{\"@id\":\"https:\/\/www.zerdab.com\/?p=20971\"},\"author\":{\"name\":\"admin\",\"@id\":\"https:\/\/www.zerdab.com\/#\/schema\/person\/97079b7570c1e89ec0d9e138c3672136\"},\"headline\":\"Z\u0259rdabda D\u00f6vl\u0259t M\u00fcst\u0259qilliyi G\u00fcn\u00fc qeyd olundu\",\"datePublished\":\"2015-10-19T07:18:44+00:00\",\"mainEntityOfPage\":{\"@id\":\"https:\/\/www.zerdab.com\/?p=20971\"},\"wordCount\":333,\"commentCount\":0,\"articleSection\":[\"C\u018fM\u0130YY\u018fT\"],\"inLanguage\":\"az\",\"potentialAction\":[{\"@type\":\"CommentAction\",\"name\":\"Comment\",\"target\":[\"https:\/\/www.zerdab.com\/?p=20971#respond\"]}]},{\"@type\":\"WebPage\",\"@id\":\"https:\/\/www.zerdab.com\/?p=20971\",\"url\":\"https:\/\/www.zerdab.com\/?p=20971\",\"name\":\"Z\u0259rdabda D\u00f6vl\u0259t M\u00fcst\u0259qilliyi G\u00fcn\u00fc qeyd olundu - Z\u0259rdab.com\",\"isPartOf\":{\"@id\":\"https:\/\/www.zerdab.com\/#website\"},\"datePublished\":\"2015-10-19T07:18:44+00:00\",\"author\":{\"@id\":\"https:\/\/www.zerdab.com\/#\/schema\/person\/97079b7570c1e89ec0d9e138c3672136\"},\"breadcrumb\":{\"@id\":\"https:\/\/www.zerdab.com\/?p=20971#breadcrumb\"},\"inLanguage\":\"az\",\"potentialAction\":[{\"@type\":\"ReadAction\",\"target\":[\"https:\/\/www.zerdab.com\/?p=20971\"]}]},{\"@type\":\"BreadcrumbList\",\"@id\":\"https:\/\/www.zerdab.com\/?p=20971#breadcrumb\",\"itemListElement\":[{\"@type\":\"ListItem\",\"position\":1,\"name\":\"Home\",\"item\":\"https:\/\/www.zerdab.com\/\"},{\"@type\":\"ListItem\",\"position\":2,\"name\":\"Z\u0259rdabda D\u00f6vl\u0259t M\u00fcst\u0259qilliyi G\u00fcn\u00fc qeyd olundu\"}]},{\"@type\":\"WebSite\",\"@id\":\"https:\/\/www.zerdab.com\/#website\",\"url\":\"https:\/\/www.zerdab.com\/\",\"name\":\"Z\u0259rdab.com\",\"description\":\"\",\"potentialAction\":[{\"@type\":\"SearchAction\",\"target\":{\"@type\":\"EntryPoint\",\"urlTemplate\":\"https:\/\/www.zerdab.com\/?s={search_term_string}\"},\"query-input\":{\"@type\":\"PropertyValueSpecification\",\"valueRequired\":true,\"valueName\":\"search_term_string\"}}],\"inLanguage\":\"az\"},{\"@type\":\"Person\",\"@id\":\"https:\/\/www.zerdab.com\/#\/schema\/person\/97079b7570c1e89ec0d9e138c3672136\",\"name\":\"admin\",\"image\":{\"@type\":\"ImageObject\",\"inLanguage\":\"az\",\"@id\":\"https:\/\/www.zerdab.com\/#\/schema\/person\/image\/\",\"url\":\"https:\/\/secure.gravatar.com\/avatar\/d9c52a9a27c32119cb6679a077fa3e2779e5f822c451cbf01098004361d466ec?s=96&d=mm&r=g\",\"contentUrl\":\"https:\/\/secure.gravatar.com\/avatar\/d9c52a9a27c32119cb6679a077fa3e2779e5f822c451cbf01098004361d466ec?s=96&d=mm&r=g\",\"caption\":\"admin\"},\"url\":\"https:\/\/www.zerdab.com\/?author=1\"}]}<\/script>\n<!-- \/ Yoast SEO plugin. -->","yoast_head_json":{"title":"Z\u0259rdabda D\u00f6vl\u0259t M\u00fcst\u0259qilliyi G\u00fcn\u00fc qeyd olundu - Z\u0259rdab.com","robots":{"index":"index","follow":"follow","max-snippet":"max-snippet:-1","max-image-preview":"max-image-preview:large","max-video-preview":"max-video-preview:-1"},"canonical":"https:\/\/www.zerdab.com\/?p=20971","og_locale":"az_AZ","og_type":"article","og_title":"Z\u0259rdabda D\u00f6vl\u0259t M\u00fcst\u0259qilliyi G\u00fcn\u00fc qeyd olundu - Z\u0259rdab.com","og_description":"Z\u0259rdab rayonunda Az\u0259rbaycan Respublikas\u0131n\u0131n D\u00f6vl\u0259t M\u00fcst\u0259qilliyi g\u00fcn\u00fcn\u0259 h\u0259sr olunmu\u015f \u00fcmumrayon t\u0259dbiri ke\u00e7irilmi\u015fdir. T\u0259dbir i\u015ftirak\u00e7\u0131lar\u0131 \u0259vv\u0259lc\u0259 Ulu \u00d6nd\u0259r Heyd\u0259r \u018fliyevin abid\u0259si \u00f6n\u00fcn\u0259 g\u00fcl d\u0259st\u0259l\u0259ri qoymu\u015f, daha sonra Heyd\u0259r \u018fliyev M\u0259rk\u0259zi il\u0259 tan\u0131\u015fl\u0131q olmu\u015fdur. T\u0259dbird\u0259 \u00e7\u0131x\u0131\u015f ed\u0259n Z\u0259rdab Rayon \u0130cra Hakimiyy\u0259tinin ba\u015f\u00e7\u0131s\u0131 c\u0259nab L\u00fctv\u0259li Babayev Az\u0259rbaycan Respublikas\u0131n\u0131n D\u00f6vl\u0259t M\u00fcst\u0259qilliyi g\u00fcn\u00fcn\u00fcn tarixi haqq\u0131nda m\u0259lumat vermi\u015fdir. Qeyd olunmu\u015fdur ki, [&hellip;]","og_url":"https:\/\/www.zerdab.com\/?p=20971","og_site_name":"Z\u0259rdab.com","article_published_time":"2015-10-19T07:18:44+00:00","author":"admin","twitter_card":"summary_large_image","twitter_misc":{"Written by":"admin","Est. reading time":"2 minutes"},"schema":{"@context":"https:\/\/schema.org","@graph":[{"@type":"Article","@id":"https:\/\/www.zerdab.com\/?p=20971#article","isPartOf":{"@id":"https:\/\/www.zerdab.com\/?p=20971"},"author":{"name":"admin","@id":"https:\/\/www.zerdab.com\/#\/schema\/person\/97079b7570c1e89ec0d9e138c3672136"},"headline":"Z\u0259rdabda D\u00f6vl\u0259t M\u00fcst\u0259qilliyi G\u00fcn\u00fc qeyd olundu","datePublished":"2015-10-19T07:18:44+00:00","mainEntityOfPage":{"@id":"https:\/\/www.zerdab.com\/?p=20971"},"wordCount":333,"commentCount":0,"articleSection":["C\u018fM\u0130YY\u018fT"],"inLanguage":"az","potentialAction":[{"@type":"CommentAction","name":"Comment","target":["https:\/\/www.zerdab.com\/?p=20971#respond"]}]},{"@type":"WebPage","@id":"https:\/\/www.zerdab.com\/?p=20971","url":"https:\/\/www.zerdab.com\/?p=20971","name":"Z\u0259rdabda D\u00f6vl\u0259t M\u00fcst\u0259qilliyi G\u00fcn\u00fc qeyd olundu - Z\u0259rdab.com","isPartOf":{"@id":"https:\/\/www.zerdab.com\/#website"},"datePublished":"2015-10-19T07:18:44+00:00","author":{"@id":"https:\/\/www.zerdab.com\/#\/schema\/person\/97079b7570c1e89ec0d9e138c3672136"},"breadcrumb":{"@id":"https:\/\/www.zerdab.com\/?p=20971#breadcrumb"},"inLanguage":"az","potentialAction":[{"@type":"ReadAction","target":["https:\/\/www.zerdab.com\/?p=20971"]}]},{"@type":"BreadcrumbList","@id":"https:\/\/www.zerdab.com\/?p=20971#breadcrumb","itemListElement":[{"@type":"ListItem","position":1,"name":"Home","item":"https:\/\/www.zerdab.com\/"},{"@type":"ListItem","position":2,"name":"Z\u0259rdabda D\u00f6vl\u0259t M\u00fcst\u0259qilliyi G\u00fcn\u00fc qeyd olundu"}]},{"@type":"WebSite","@id":"https:\/\/www.zerdab.com\/#website","url":"https:\/\/www.zerdab.com\/","name":"Z\u0259rdab.com","description":"","potentialAction":[{"@type":"SearchAction","target":{"@type":"EntryPoint","urlTemplate":"https:\/\/www.zerdab.com\/?s={search_term_string}"},"query-input":{"@type":"PropertyValueSpecification","valueRequired":true,"valueName":"search_term_string"}}],"inLanguage":"az"},{"@type":"Person","@id":"https:\/\/www.zerdab.com\/#\/schema\/person\/97079b7570c1e89ec0d9e138c3672136","name":"admin","image":{"@type":"ImageObject","inLanguage":"az","@id":"https:\/\/www.zerdab.com\/#\/schema\/person\/image\/","url":"https:\/\/secure.gravatar.com\/avatar\/d9c52a9a27c32119cb6679a077fa3e2779e5f822c451cbf01098004361d466ec?s=96&d=mm&r=g","contentUrl":"https:\/\/secure.gravatar.com\/avatar\/d9c52a9a27c32119cb6679a077fa3e2779e5f822c451cbf01098004361d466ec?s=96&d=mm&r=g","caption":"admin"},"url":"https:\/\/www.zerdab.com\/?author=1"}]}},"_links":{"self":[{"href":"https:\/\/www.zerdab.com\/index.php?rest_route=\/wp\/v2\/posts\/20971","targetHints":{"allow":["GET"]}}],"collection":[{"href":"https:\/\/www.zerdab.com\/index.php?rest_route=\/wp\/v2\/posts"}],"about":[{"href":"https:\/\/www.zerdab.com\/index.php?rest_route=\/wp\/v2\/types\/post"}],"author":[{"embeddable":true,"href":"https:\/\/www.zerdab.com\/index.php?rest_route=\/wp\/v2\/users\/1"}],"replies":[{"embeddable":true,"href":"https:\/\/www.zerdab.com\/index.php?rest_route=%2Fwp%2Fv2%2Fcomments&post=20971"}],"version-history":[{"count":2,"href":"https:\/\/www.zerdab.com\/index.php?rest_route=\/wp\/v2\/posts\/20971\/revisions"}],"predecessor-version":[{"id":20977,"href":"https:\/\/www.zerdab.com\/index.php?rest_route=\/wp\/v2\/posts\/20971\/revisions\/20977"}],"wp:attachment":[{"href":"https:\/\/www.zerdab.com\/index.php?rest_route=%2Fwp%2Fv2%2Fmedia&parent=20971"}],"wp:term":[{"taxonomy":"category","embeddable":true,"href":"https:\/\/www.zerdab.com\/index.php?rest_route=%2Fwp%2Fv2%2Fcategories&post=20971"},{"taxonomy":"post_tag","embeddable":true,"href":"https:\/\/www.zerdab.com\/index.php?rest_route=%2Fwp%2Fv2%2Ftags&post=20971"}],"curies":[{"name":"wp","href":"https:\/\/api.w.org\/{rel}","templated":true}]}}