{"id":21069,"date":"2015-10-23T19:19:17","date_gmt":"2015-10-23T14:19:17","guid":{"rendered":"http:\/\/www.zerdab.com\/?p=21069"},"modified":"2015-10-23T19:19:17","modified_gmt":"2015-10-23T14:19:17","slug":"jal%c9%99-%c9%99liyeva-qoruqbagi-v%c9%99-p%c9%99rvanli-k%c9%99ndl%c9%99rind%c9%99-secicil%c9%99ri-il%c9%99-gorusub","status":"publish","type":"post","link":"https:\/\/www.zerdab.com\/?p=21069","title":{"rendered":"Jal\u0259 \u018fliyeva Qoruqba\u011f\u0131 v\u0259 P\u0259rvanl\u0131 k\u0259ndl\u0259rind\u0259 se\u00e7icil\u0259ri il\u0259 g\u00f6r\u00fc\u015f\u00fcb"},"content":{"rendered":"<p><a href=\"http:\/\/www.zerdab.com\/jal%c9%99-%c9%99liyeva-qoruqbagi-v%c9%99-p%c9%99rvanli-k%c9%99ndl%c9%99rind%c9%99-secicil%c9%99ri-il%c9%99-gorusub\/jal%c9%99-%c9%99liyeva9-5\/\" rel=\"attachment wp-att-21078\"><img loading=\"lazy\" decoding=\"async\" class=\"aligncenter size-large wp-image-21078\" src=\"http:\/\/www.zerdab.com\/wp-content\/uploads\/2015\/10\/Jal\u0259-\u018fliyeva94-550x367.jpg\" alt=\"Jal\u0259 \u018fliyev\" width=\"550\" height=\"367\" \/><\/a><\/p>\n<p>92 sayl\u0131 Z\u0259rdab-Ucar se\u00e7ki dair\u0259sind\u0259n deputatl\u0131\u011fa namiz\u0259d Jal\u0259 \u018fliyeva se\u00e7icil\u0259rl\u0259 g\u00f6r\u00fc\u015fl\u0259rini davam etdirir. Namiz\u0259d bu d\u0259f\u0259 Z\u0259rdab rayonunun Qoruba\u011f\u0131 v\u0259 P\u0259rvanl\u0131 k\u0259nd sakinl\u0259ri il\u0259 g\u00f6r\u00fc\u015f\u00fcb. Namiz\u0259din Se\u00e7ki Q\u0259rargah\u0131ndan veril\u0259n m\u0259lumata g\u00f6r\u0259, Jal\u0259 \u018fliyeva \u00e7\u0131x\u0131\u015f ed\u0259r\u0259k bildirib ki, Az\u0259rbaycan h\u0259r \u00f6t\u0259n g\u00fcn s\u00fcr\u0259tl\u0259 inki\u015faf edir, \u00f6z\u00fcn\u00fcn siyasi v\u0259 iqtisadi q\u00fcdr\u0259tini art\u0131r\u0131r. Namiz\u0259d deyib ki, Prezident \u0130lham \u018fliyevin y\u00fcr\u00fctd\u00fcy\u00fc m\u0259qs\u0259dy\u00f6nl\u00fc v\u0259 q\u0259tiyy\u0259tli siyas\u0259t say\u0259sind\u0259 Az\u0259rbaycan\u0131n b\u00f6lg\u0259d\u0259 v\u0259 d\u00fcnyadak\u0131 n\u00fcfuzu s\u00fcr\u0259tl\u0259 y\u00fcks\u0259lir. Daha sonra se\u00e7icil\u0259ri maraqland\u0131ran suallar\u0131 cavabland\u0131ran namiz\u0259d qeyd edib ki, o deputatl\u0131q f\u0259aliyy\u0259ti boyunca daima \u00f6z se\u00e7icil\u0259rinin maraqlar\u0131n\u0131, probleml\u0259rini diqq\u0259t m\u0259rk\u0259zind\u0259 saxlay\u0131b: &#8220;H\u0259mi\u015f\u0259 \u00e7al\u0131\u015fm\u0131\u015fam ki, m\u0259n\u0259 g\u00f6st\u0259rdiyiniz etimad\u0131 do\u011fruldum. H\u0259mi\u015f\u0259 \u00f6z\u00fcm\u00fc Sizin ail\u0259nizin bir \u00fczv\u00fc kimi hiss etmi\u015f\u0259m, sevinciniz\u0259 sevinib, k\u0259d\u0259rinizi payla\u015fma\u011fa, qald\u0131rd\u0131\u011f\u0131n\u0131z probleml\u0259rin h\u0259lli \u00fc\u00e7\u00fcn m\u00fcmk\u00fcn olan b\u00fct\u00fcn add\u0131mlar\u0131 atma\u011fa \u00e7al\u0131\u015fm\u0131\u015fam&#8221;. G\u00f6r\u00fc\u015fd\u0259 \u00e7\u0131x\u0131\u015f ed\u0259n se\u00e7icil\u0259r mill\u0259t v\u0259kilinin t\u0259kc\u0259 rayon s\u0259viyy\u0259sind\u0259 deyil, respublika s\u0259viyy\u0259sind\u0259 f\u0259aliyy\u0259tini, onlarla m\u00fct\u0259madi olaraq g\u00f6r\u00fc\u015fm\u0259sini, probleml\u0259rinin h\u0259lli istiqam\u0259tind\u0259 daim \u0259lind\u0259n g\u0259l\u0259ni etm\u0259y\u0259 \u00e7al\u0131\u015fmas\u0131n\u0131 y\u00fcks\u0259k qiym\u0259tl\u0259ndirdikl\u0259rini vur\u011fulayaraq yenid\u0259n ona etimad g\u00f6st\u0259r\u0259c\u0259kl\u0259rini, s\u0259s ver\u0259c\u0259kl\u0259rini deyibl\u0259r.<\/p>\n<p><a href=\"http:\/\/www.zerdab.com\/jal%c9%99-%c9%99liyeva-qoruqbagi-v%c9%99-p%c9%99rvanli-k%c9%99ndl%c9%99rind%c9%99-secicil%c9%99ri-il%c9%99-gorusub\/jal%c9%99-%c9%99liyeva-22\/\" rel=\"attachment wp-att-21071\"><img loading=\"lazy\" decoding=\"async\" class=\"aligncenter size-large wp-image-21071\" src=\"http:\/\/www.zerdab.com\/wp-content\/uploads\/2015\/10\/Jal\u0259-\u018fliyeva20-550x367.jpg\" alt=\"Jal\u0259 \u018fliyeva\" width=\"550\" height=\"367\" \/><\/a><a href=\"http:\/\/www.zerdab.com\/jal%c9%99-%c9%99liyeva-qoruqbagi-v%c9%99-p%c9%99rvanli-k%c9%99ndl%c9%99rind%c9%99-secicil%c9%99ri-il%c9%99-gorusub\/jal%c9%99-%c9%99liyeva5-7\/\" rel=\"attachment wp-att-21075\"><img loading=\"lazy\" decoding=\"async\" class=\"aligncenter size-large wp-image-21075\" src=\"http:\/\/www.zerdab.com\/wp-content\/uploads\/2015\/10\/Jal\u0259-\u018fliyeva55-550x367.jpg\" alt=\"Jal\u0259 \u018fliyev\" width=\"550\" height=\"367\" \/><\/a><a href=\"http:\/\/www.zerdab.com\/jal%c9%99-%c9%99liyeva-qoruqbagi-v%c9%99-p%c9%99rvanli-k%c9%99ndl%c9%99rind%c9%99-secicil%c9%99ri-il%c9%99-gorusub\/jal%c9%99-%c9%99liyeva8-6\/\" rel=\"attachment wp-att-21077\"><img loading=\"lazy\" decoding=\"async\" class=\"aligncenter size-large wp-image-21077\" src=\"http:\/\/www.zerdab.com\/wp-content\/uploads\/2015\/10\/Jal\u0259-\u018fliyeva84-550x367.jpg\" alt=\"Jal\u0259 \u018fliyev\" width=\"550\" height=\"367\" \/><\/a><a href=\"http:\/\/www.zerdab.com\/jal%c9%99-%c9%99liyeva-qoruqbagi-v%c9%99-p%c9%99rvanli-k%c9%99ndl%c9%99rind%c9%99-secicil%c9%99ri-il%c9%99-gorusub\/jal%c9%99-%c9%99liyeva2-6\/\" rel=\"attachment wp-att-21073\"><img loading=\"lazy\" decoding=\"async\" class=\"aligncenter size-large wp-image-21073\" src=\"http:\/\/www.zerdab.com\/wp-content\/uploads\/2015\/10\/Jal\u0259-\u018fliyeva24-550x367.jpg\" alt=\"Jal\u0259 \u018fliyev\" width=\"550\" height=\"367\" \/><\/a><a href=\"http:\/\/www.zerdab.com\/jal%c9%99-%c9%99liyeva-qoruqbagi-v%c9%99-p%c9%99rvanli-k%c9%99ndl%c9%99rind%c9%99-secicil%c9%99ri-il%c9%99-gorusub\/jal%c9%99-%c9%99liyeva1-9\/\" rel=\"attachment wp-att-21072\"><img loading=\"lazy\" decoding=\"async\" class=\"aligncenter size-large wp-image-21072\" src=\"http:\/\/www.zerdab.com\/wp-content\/uploads\/2015\/10\/Jal\u0259-\u018fliyeva110-550x367.jpg\" alt=\"Jal\u0259 \u018fliyev\" width=\"550\" height=\"367\" \/><\/a><a href=\"http:\/\/www.zerdab.com\/jal%c9%99-%c9%99liyeva-qoruqbagi-v%c9%99-p%c9%99rvanli-k%c9%99ndl%c9%99rind%c9%99-secicil%c9%99ri-il%c9%99-gorusub\/jal%c9%99-%c9%99liyev10\/\" rel=\"attachment wp-att-21070\"><img loading=\"lazy\" decoding=\"async\" class=\"aligncenter size-large wp-image-21070\" src=\"http:\/\/www.zerdab.com\/wp-content\/uploads\/2015\/10\/Jal\u0259-\u018fliyev10-550x367.jpg\" alt=\"Jal\u0259 \u018fliyev\" width=\"550\" height=\"367\" \/><\/a><\/p>\n","protected":false},"excerpt":{"rendered":"<p>92 sayl\u0131 Z\u0259rdab-Ucar se\u00e7ki dair\u0259sind\u0259n deputatl\u0131\u011fa namiz\u0259d Jal\u0259 \u018fliyeva se\u00e7icil\u0259rl\u0259 g\u00f6r\u00fc\u015fl\u0259rini davam etdirir. Namiz\u0259d bu d\u0259f\u0259 Z\u0259rdab rayonunun Qoruba\u011f\u0131 v\u0259 P\u0259rvanl\u0131 k\u0259nd sakinl\u0259ri il\u0259 g\u00f6r\u00fc\u015f\u00fcb. Namiz\u0259din Se\u00e7ki Q\u0259rargah\u0131ndan veril\u0259n m\u0259lumata g\u00f6r\u0259, Jal\u0259 \u018fliyeva \u00e7\u0131x\u0131\u015f ed\u0259r\u0259k bildirib ki, Az\u0259rbaycan h\u0259r \u00f6t\u0259n g\u00fcn s\u00fcr\u0259tl\u0259 inki\u015faf edir, \u00f6z\u00fcn\u00fcn siyasi v\u0259 iqtisadi q\u00fcdr\u0259tini art\u0131r\u0131r. Namiz\u0259d deyib ki, Prezident \u0130lham [&hellip;]<\/p>\n","protected":false},"author":1,"featured_media":0,"comment_status":"open","ping_status":"open","sticky":false,"template":"","format":"standard","meta":{"footnotes":""},"categories":[21],"tags":[],"class_list":{"0":"post-21069","1":"post","2":"type-post","3":"status-publish","4":"format-standard","6":"category-zrdab"},"yoast_head":"<!-- This site is optimized with the Yoast SEO plugin v27.0 - https:\/\/yoast.com\/product\/yoast-seo-wordpress\/ -->\n<title>Jal\u0259 \u018fliyeva Qoruqba\u011f\u0131 v\u0259 P\u0259rvanl\u0131 k\u0259ndl\u0259rind\u0259 se\u00e7icil\u0259ri il\u0259 g\u00f6r\u00fc\u015f\u00fcb - Z\u0259rdab.com<\/title>\n<meta name=\"robots\" content=\"index, follow, max-snippet:-1, max-image-preview:large, max-video-preview:-1\" \/>\n<link rel=\"canonical\" href=\"https:\/\/www.zerdab.com\/?p=21069\" \/>\n<meta property=\"og:locale\" content=\"az_AZ\" \/>\n<meta property=\"og:type\" content=\"article\" \/>\n<meta property=\"og:title\" content=\"Jal\u0259 \u018fliyeva Qoruqba\u011f\u0131 v\u0259 P\u0259rvanl\u0131 k\u0259ndl\u0259rind\u0259 se\u00e7icil\u0259ri il\u0259 g\u00f6r\u00fc\u015f\u00fcb - Z\u0259rdab.com\" \/>\n<meta property=\"og:description\" content=\"92 sayl\u0131 Z\u0259rdab-Ucar se\u00e7ki dair\u0259sind\u0259n deputatl\u0131\u011fa namiz\u0259d Jal\u0259 \u018fliyeva se\u00e7icil\u0259rl\u0259 g\u00f6r\u00fc\u015fl\u0259rini davam etdirir. Namiz\u0259d bu d\u0259f\u0259 Z\u0259rdab rayonunun Qoruba\u011f\u0131 v\u0259 P\u0259rvanl\u0131 k\u0259nd sakinl\u0259ri il\u0259 g\u00f6r\u00fc\u015f\u00fcb. Namiz\u0259din Se\u00e7ki Q\u0259rargah\u0131ndan veril\u0259n m\u0259lumata g\u00f6r\u0259, Jal\u0259 \u018fliyeva \u00e7\u0131x\u0131\u015f ed\u0259r\u0259k bildirib ki, Az\u0259rbaycan h\u0259r \u00f6t\u0259n g\u00fcn s\u00fcr\u0259tl\u0259 inki\u015faf edir, \u00f6z\u00fcn\u00fcn siyasi v\u0259 iqtisadi q\u00fcdr\u0259tini art\u0131r\u0131r. Namiz\u0259d deyib ki, Prezident \u0130lham [&hellip;]\" \/>\n<meta property=\"og:url\" content=\"https:\/\/www.zerdab.com\/?p=21069\" \/>\n<meta property=\"og:site_name\" content=\"Z\u0259rdab.com\" \/>\n<meta property=\"article:published_time\" content=\"2015-10-23T14:19:17+00:00\" \/>\n<meta name=\"author\" content=\"admin\" \/>\n<meta name=\"twitter:card\" content=\"summary_large_image\" \/>\n<meta name=\"twitter:label1\" content=\"Written by\" \/>\n\t<meta name=\"twitter:data1\" content=\"admin\" \/>\n\t<meta name=\"twitter:label2\" content=\"Est. reading time\" \/>\n\t<meta name=\"twitter:data2\" content=\"2 minutes\" \/>\n<script type=\"application\/ld+json\" class=\"yoast-schema-graph\">{\"@context\":\"https:\/\/schema.org\",\"@graph\":[{\"@type\":\"Article\",\"@id\":\"https:\/\/www.zerdab.com\/?p=21069#article\",\"isPartOf\":{\"@id\":\"https:\/\/www.zerdab.com\/?p=21069\"},\"author\":{\"name\":\"admin\",\"@id\":\"https:\/\/www.zerdab.com\/#\/schema\/person\/97079b7570c1e89ec0d9e138c3672136\"},\"headline\":\"Jal\u0259 \u018fliyeva Qoruqba\u011f\u0131 v\u0259 P\u0259rvanl\u0131 k\u0259ndl\u0259rind\u0259 se\u00e7icil\u0259ri il\u0259 g\u00f6r\u00fc\u015f\u00fcb\",\"datePublished\":\"2015-10-23T14:19:17+00:00\",\"mainEntityOfPage\":{\"@id\":\"https:\/\/www.zerdab.com\/?p=21069\"},\"wordCount\":322,\"commentCount\":0,\"articleSection\":[\"C\u018fM\u0130YY\u018fT\"],\"inLanguage\":\"az\",\"potentialAction\":[{\"@type\":\"CommentAction\",\"name\":\"Comment\",\"target\":[\"https:\/\/www.zerdab.com\/?p=21069#respond\"]}]},{\"@type\":\"WebPage\",\"@id\":\"https:\/\/www.zerdab.com\/?p=21069\",\"url\":\"https:\/\/www.zerdab.com\/?p=21069\",\"name\":\"Jal\u0259 \u018fliyeva Qoruqba\u011f\u0131 v\u0259 P\u0259rvanl\u0131 k\u0259ndl\u0259rind\u0259 se\u00e7icil\u0259ri il\u0259 g\u00f6r\u00fc\u015f\u00fcb - Z\u0259rdab.com\",\"isPartOf\":{\"@id\":\"https:\/\/www.zerdab.com\/#website\"},\"datePublished\":\"2015-10-23T14:19:17+00:00\",\"author\":{\"@id\":\"https:\/\/www.zerdab.com\/#\/schema\/person\/97079b7570c1e89ec0d9e138c3672136\"},\"breadcrumb\":{\"@id\":\"https:\/\/www.zerdab.com\/?p=21069#breadcrumb\"},\"inLanguage\":\"az\",\"potentialAction\":[{\"@type\":\"ReadAction\",\"target\":[\"https:\/\/www.zerdab.com\/?p=21069\"]}]},{\"@type\":\"BreadcrumbList\",\"@id\":\"https:\/\/www.zerdab.com\/?p=21069#breadcrumb\",\"itemListElement\":[{\"@type\":\"ListItem\",\"position\":1,\"name\":\"Home\",\"item\":\"https:\/\/www.zerdab.com\/\"},{\"@type\":\"ListItem\",\"position\":2,\"name\":\"Jal\u0259 \u018fliyeva Qoruqba\u011f\u0131 v\u0259 P\u0259rvanl\u0131 k\u0259ndl\u0259rind\u0259 se\u00e7icil\u0259ri il\u0259 g\u00f6r\u00fc\u015f\u00fcb\"}]},{\"@type\":\"WebSite\",\"@id\":\"https:\/\/www.zerdab.com\/#website\",\"url\":\"https:\/\/www.zerdab.com\/\",\"name\":\"Z\u0259rdab.com\",\"description\":\"\",\"potentialAction\":[{\"@type\":\"SearchAction\",\"target\":{\"@type\":\"EntryPoint\",\"urlTemplate\":\"https:\/\/www.zerdab.com\/?s={search_term_string}\"},\"query-input\":{\"@type\":\"PropertyValueSpecification\",\"valueRequired\":true,\"valueName\":\"search_term_string\"}}],\"inLanguage\":\"az\"},{\"@type\":\"Person\",\"@id\":\"https:\/\/www.zerdab.com\/#\/schema\/person\/97079b7570c1e89ec0d9e138c3672136\",\"name\":\"admin\",\"image\":{\"@type\":\"ImageObject\",\"inLanguage\":\"az\",\"@id\":\"https:\/\/www.zerdab.com\/#\/schema\/person\/image\/\",\"url\":\"https:\/\/secure.gravatar.com\/avatar\/d9c52a9a27c32119cb6679a077fa3e2779e5f822c451cbf01098004361d466ec?s=96&d=mm&r=g\",\"contentUrl\":\"https:\/\/secure.gravatar.com\/avatar\/d9c52a9a27c32119cb6679a077fa3e2779e5f822c451cbf01098004361d466ec?s=96&d=mm&r=g\",\"caption\":\"admin\"},\"url\":\"https:\/\/www.zerdab.com\/?author=1\"}]}<\/script>\n<!-- \/ Yoast SEO plugin. -->","yoast_head_json":{"title":"Jal\u0259 \u018fliyeva Qoruqba\u011f\u0131 v\u0259 P\u0259rvanl\u0131 k\u0259ndl\u0259rind\u0259 se\u00e7icil\u0259ri il\u0259 g\u00f6r\u00fc\u015f\u00fcb - Z\u0259rdab.com","robots":{"index":"index","follow":"follow","max-snippet":"max-snippet:-1","max-image-preview":"max-image-preview:large","max-video-preview":"max-video-preview:-1"},"canonical":"https:\/\/www.zerdab.com\/?p=21069","og_locale":"az_AZ","og_type":"article","og_title":"Jal\u0259 \u018fliyeva Qoruqba\u011f\u0131 v\u0259 P\u0259rvanl\u0131 k\u0259ndl\u0259rind\u0259 se\u00e7icil\u0259ri il\u0259 g\u00f6r\u00fc\u015f\u00fcb - Z\u0259rdab.com","og_description":"92 sayl\u0131 Z\u0259rdab-Ucar se\u00e7ki dair\u0259sind\u0259n deputatl\u0131\u011fa namiz\u0259d Jal\u0259 \u018fliyeva se\u00e7icil\u0259rl\u0259 g\u00f6r\u00fc\u015fl\u0259rini davam etdirir. Namiz\u0259d bu d\u0259f\u0259 Z\u0259rdab rayonunun Qoruba\u011f\u0131 v\u0259 P\u0259rvanl\u0131 k\u0259nd sakinl\u0259ri il\u0259 g\u00f6r\u00fc\u015f\u00fcb. Namiz\u0259din Se\u00e7ki Q\u0259rargah\u0131ndan veril\u0259n m\u0259lumata g\u00f6r\u0259, Jal\u0259 \u018fliyeva \u00e7\u0131x\u0131\u015f ed\u0259r\u0259k bildirib ki, Az\u0259rbaycan h\u0259r \u00f6t\u0259n g\u00fcn s\u00fcr\u0259tl\u0259 inki\u015faf edir, \u00f6z\u00fcn\u00fcn siyasi v\u0259 iqtisadi q\u00fcdr\u0259tini art\u0131r\u0131r. Namiz\u0259d deyib ki, Prezident \u0130lham [&hellip;]","og_url":"https:\/\/www.zerdab.com\/?p=21069","og_site_name":"Z\u0259rdab.com","article_published_time":"2015-10-23T14:19:17+00:00","author":"admin","twitter_card":"summary_large_image","twitter_misc":{"Written by":"admin","Est. reading time":"2 minutes"},"schema":{"@context":"https:\/\/schema.org","@graph":[{"@type":"Article","@id":"https:\/\/www.zerdab.com\/?p=21069#article","isPartOf":{"@id":"https:\/\/www.zerdab.com\/?p=21069"},"author":{"name":"admin","@id":"https:\/\/www.zerdab.com\/#\/schema\/person\/97079b7570c1e89ec0d9e138c3672136"},"headline":"Jal\u0259 \u018fliyeva Qoruqba\u011f\u0131 v\u0259 P\u0259rvanl\u0131 k\u0259ndl\u0259rind\u0259 se\u00e7icil\u0259ri il\u0259 g\u00f6r\u00fc\u015f\u00fcb","datePublished":"2015-10-23T14:19:17+00:00","mainEntityOfPage":{"@id":"https:\/\/www.zerdab.com\/?p=21069"},"wordCount":322,"commentCount":0,"articleSection":["C\u018fM\u0130YY\u018fT"],"inLanguage":"az","potentialAction":[{"@type":"CommentAction","name":"Comment","target":["https:\/\/www.zerdab.com\/?p=21069#respond"]}]},{"@type":"WebPage","@id":"https:\/\/www.zerdab.com\/?p=21069","url":"https:\/\/www.zerdab.com\/?p=21069","name":"Jal\u0259 \u018fliyeva Qoruqba\u011f\u0131 v\u0259 P\u0259rvanl\u0131 k\u0259ndl\u0259rind\u0259 se\u00e7icil\u0259ri il\u0259 g\u00f6r\u00fc\u015f\u00fcb - Z\u0259rdab.com","isPartOf":{"@id":"https:\/\/www.zerdab.com\/#website"},"datePublished":"2015-10-23T14:19:17+00:00","author":{"@id":"https:\/\/www.zerdab.com\/#\/schema\/person\/97079b7570c1e89ec0d9e138c3672136"},"breadcrumb":{"@id":"https:\/\/www.zerdab.com\/?p=21069#breadcrumb"},"inLanguage":"az","potentialAction":[{"@type":"ReadAction","target":["https:\/\/www.zerdab.com\/?p=21069"]}]},{"@type":"BreadcrumbList","@id":"https:\/\/www.zerdab.com\/?p=21069#breadcrumb","itemListElement":[{"@type":"ListItem","position":1,"name":"Home","item":"https:\/\/www.zerdab.com\/"},{"@type":"ListItem","position":2,"name":"Jal\u0259 \u018fliyeva Qoruqba\u011f\u0131 v\u0259 P\u0259rvanl\u0131 k\u0259ndl\u0259rind\u0259 se\u00e7icil\u0259ri il\u0259 g\u00f6r\u00fc\u015f\u00fcb"}]},{"@type":"WebSite","@id":"https:\/\/www.zerdab.com\/#website","url":"https:\/\/www.zerdab.com\/","name":"Z\u0259rdab.com","description":"","potentialAction":[{"@type":"SearchAction","target":{"@type":"EntryPoint","urlTemplate":"https:\/\/www.zerdab.com\/?s={search_term_string}"},"query-input":{"@type":"PropertyValueSpecification","valueRequired":true,"valueName":"search_term_string"}}],"inLanguage":"az"},{"@type":"Person","@id":"https:\/\/www.zerdab.com\/#\/schema\/person\/97079b7570c1e89ec0d9e138c3672136","name":"admin","image":{"@type":"ImageObject","inLanguage":"az","@id":"https:\/\/www.zerdab.com\/#\/schema\/person\/image\/","url":"https:\/\/secure.gravatar.com\/avatar\/d9c52a9a27c32119cb6679a077fa3e2779e5f822c451cbf01098004361d466ec?s=96&d=mm&r=g","contentUrl":"https:\/\/secure.gravatar.com\/avatar\/d9c52a9a27c32119cb6679a077fa3e2779e5f822c451cbf01098004361d466ec?s=96&d=mm&r=g","caption":"admin"},"url":"https:\/\/www.zerdab.com\/?author=1"}]}},"_links":{"self":[{"href":"https:\/\/www.zerdab.com\/index.php?rest_route=\/wp\/v2\/posts\/21069","targetHints":{"allow":["GET"]}}],"collection":[{"href":"https:\/\/www.zerdab.com\/index.php?rest_route=\/wp\/v2\/posts"}],"about":[{"href":"https:\/\/www.zerdab.com\/index.php?rest_route=\/wp\/v2\/types\/post"}],"author":[{"embeddable":true,"href":"https:\/\/www.zerdab.com\/index.php?rest_route=\/wp\/v2\/users\/1"}],"replies":[{"embeddable":true,"href":"https:\/\/www.zerdab.com\/index.php?rest_route=%2Fwp%2Fv2%2Fcomments&post=21069"}],"version-history":[{"count":2,"href":"https:\/\/www.zerdab.com\/index.php?rest_route=\/wp\/v2\/posts\/21069\/revisions"}],"predecessor-version":[{"id":21081,"href":"https:\/\/www.zerdab.com\/index.php?rest_route=\/wp\/v2\/posts\/21069\/revisions\/21081"}],"wp:attachment":[{"href":"https:\/\/www.zerdab.com\/index.php?rest_route=%2Fwp%2Fv2%2Fmedia&parent=21069"}],"wp:term":[{"taxonomy":"category","embeddable":true,"href":"https:\/\/www.zerdab.com\/index.php?rest_route=%2Fwp%2Fv2%2Fcategories&post=21069"},{"taxonomy":"post_tag","embeddable":true,"href":"https:\/\/www.zerdab.com\/index.php?rest_route=%2Fwp%2Fv2%2Ftags&post=21069"}],"curies":[{"name":"wp","href":"https:\/\/api.w.org\/{rel}","templated":true}]}}