{"id":21096,"date":"2015-10-26T15:22:13","date_gmt":"2015-10-26T11:22:13","guid":{"rendered":"http:\/\/www.zerdab.com\/?p=21096"},"modified":"2015-10-26T15:24:52","modified_gmt":"2015-10-26T11:24:52","slug":"jal%c9%99-%c9%99liyeva-vaxt-var-idi-z%c9%99rdabda-m%c9%99kt%c9%99b%c9%99-ged%c9%99nd%c9%99-qorxurdum-ki-basima-ucacaq","status":"publish","type":"post","link":"https:\/\/www.zerdab.com\/?p=21096","title":{"rendered":"Jal\u0259 \u018fliyeva: Vaxt vard\u0131 Z\u0259rdabda m\u0259kt\u0259b\u0259 ged\u0259nd\u0259 qorxurdum ki, ba\u015f\u0131ma u\u00e7ar"},"content":{"rendered":"<p>&nbsp;<\/p>\n<p><strong><a href=\"http:\/\/www.zerdab.com\/jal%c9%99-%c9%99liyeva-z%c9%99rdabda-ona-etimad-gost%c9%99r%c9%99nl%c9%99rl%c9%99-gorusur\/jal%c9%99-%c9%99liyeva4-3\/\" rel=\"attachment wp-att-21027\"><img loading=\"lazy\" decoding=\"async\" class=\"aligncenter size-large wp-image-21027\" src=\"http:\/\/www.zerdab.com\/wp-content\/uploads\/2015\/10\/Jal\u0259-\u018fliyeva42-550x367.jpg\" alt=\"Jal\u0259 \u018fliyeva\" width=\"550\" height=\"367\" \/><\/a><span style=\"color: #0000ff;\">Mill\u0259t v\u0259kili, deputatl\u0131\u011fa namiz\u0259d, filologiya elml\u0259ri doktoru Jal\u0259 \u018fliyevan\u0131n il\u0259 m\u00fcsahib\u0259.<\/span><\/strong><\/p>\n<p><strong>&#8211; Jal\u0259 xan\u0131m, siz\u0259 d\u0259 m\u0259lum oldu\u011fu kimi, h\u0259mi\u015f\u0259 Az\u0259rbaycanda bu v\u0259 ya dig\u0259r se\u00e7kil\u0259r, yaxud, beyn\u0259lxalq \u0259h\u0259miyy\u0259tli t\u0259dbirl\u0259r ke\u00e7iril\u0259n zaman \u00f6lk\u0259miz\u0259 qar\u015f\u0131 Q\u0259rb dair\u0259l\u0259ri, onlar\u0131n t\u0259siri alt\u0131nda olan beyn\u0259lxalq t\u0259\u015fkilatlar t\u0259r\u0259find\u0259n t\u0259zyiql\u0259r, h\u00fccumlar g\u00fccl\u0259nir.\u00a0<\/strong><strong>Bu bax\u0131mdan, builki parlament se\u00e7kil\u0259ri d\u0259 istisna t\u0259\u015fkil etmir, \u0259ksin\u0259, bu d\u0259f\u0259 t\u0259zyiql\u0259rin, qarayaxmalar\u0131n dozas\u0131 bir az da art\u0131r\u0131l\u0131b. Bel\u0259 olan t\u0259qdird\u0259, parlament se\u00e7kil\u0259ri il\u0259 ba\u011fl\u0131 \u00f6lk\u0259d\u0259ki se\u00e7ki m\u00fchitini nec\u0259 qiym\u0259tl\u0259ndirirsiniz? Se\u00e7ki m\u00fchiti \u0259dal\u0259tli v\u0259 demokratikdirmi?<\/strong><\/p>\n<p>&#8211; \u00dcmumiyy\u0259tl\u0259, t\u0259cr\u00fcb\u0259 onu g\u00f6st\u0259rir ki, Az\u0259rbaycan h\u0259r d\u0259f\u0259 \u0259h\u0259miyy\u0259tli, h\u0259r hans\u0131 bir ictimai, siyasi prosesin astanas\u0131nda, \u0259r\u0259f\u0259sind\u0259 ik\u0259n \u00f6z\u00fcn\u00fc &#8220;demokratiyan\u0131n be\u015fiyi&#8221; adland\u0131ran, amma \u00e7ox t\u0259\u0259ss\u00fcfl\u0259r olsun ki, Az\u0259rbaycan da daxil olmaqla bir \u00e7ox \u00f6lk\u0259l\u0259r\u0259, x\u00fcsusil\u0259 d\u0259 \u015e\u0259rq\u0259 v\u0259 \u0130slam \u00f6lk\u0259l\u0259rin\u0259 qar\u015f\u0131 ikili standartlarla \u00e7\u0131x\u0131\u015f ed\u0259n bir \u00e7ox d\u00f6vl\u0259tl\u0259r, beyn\u0259lxalq qurumlar t\u0259r\u0259find\u0259n b\u00f6y\u00fck bir q\u0131c\u0131qla qar\u015f\u0131lan\u0131r. Az\u0259rbaycan\u0131n u\u011fura imza ataca\u011f\u0131 h\u0259r bir layih\u0259, t\u0259dbir sanki \u0259vv\u0259lc\u0259d\u0259n avropal\u0131 politoloqlarm\u0131, bir qrup insan\u0131n m\u0259nafeyin\u0259 xidm\u0259t ed\u0259n qurumlarm\u0131 dey\u0259k, onlar t\u0259r\u0259find\u0259n \u0259vv\u0259lc\u0259d\u0259n sanki z\u0259rg\u0259r d\u0259qiqliyi il\u0259 \u00f6l\u00e7\u00fcl\u00fcr, statistikaya sanki m\u00fcraci\u0259t edilir v\u0259 sair v\u0259 ilax\u0131r.<\/p>\n<p>Y\u0259ni, \u015e\u0259rqd\u0259 yeni qurulmu\u015f, \u00e7ox da b\u00f6y\u00fck olmayan \u00a0m\u00fcst\u0259qillik , d\u00f6vl\u0259t\u00e7ilik tarixin\u0259 malik bir \u00f6lk\u0259nin h\u0259qiq\u0259t\u0259n d\u0259 h\u0259r hans\u0131 bir Q\u0259rb \u00f6lk\u0259si il\u0259 art\u0131q m\u00fcqayis\u0259 edil\u0259 bil\u0259c\u0259k u\u011furlara imza ataca\u011f\u0131n\u0131 \u00f6yr\u0259n\u0259n kimi bunun qar\u015f\u0131s\u0131n\u0131, \u00a0\u00f6z\u00fc d\u0259 \u00e7ox t\u0259\u0259ss\u00fcfl\u0259r olsun ki, he\u00e7 bir \u0259sas olmayan iddialar\u0131, iftiralar\u0131, b\u00f6htanlar\u0131 il\u0259 alma\u011fa \u00e7al\u0131\u015f\u0131rlar. \u00c7ox zaman da sap\u0131 \u00f6z\u00fcm\u00fczd\u0259n olan baltalar\u0131n he\u00e7 bir \u0259sas\u0131 olmayan, h\u0259qiq\u0259t\u0259 \u0259saslanmayan m\u0259lumatlar \u0259sas\u0131nda bu iftira kampaniyas\u0131n\u0131 yarad\u0131rlar, qururlar. Biz bunun d\u0259f\u0259l\u0259rl\u0259 \u015fahidi olmu\u015fuq.<\/p>\n<p><strong>&#8220;Qarayaxmalar ba\u015fland\u0131, n\u0259 ba\u015fland\u0131, ay aman Az\u0259rbaycana getm\u0259yin, \u00f6ld\u00fcr\u0259c\u0259kl\u0259r, vuracaqlar, y\u0131xacaqlar v\u0259 sair v\u0259 ilax\u0131r&#8230;&#8221;<\/strong><\/p>\n<p>Konkret olaraq, \u201cEurovision-2012\u201d, Birinci Avropa Oyunlar\u0131 ictimai xarakterli olsa da, amma eyni zamanda siyas\u0259t\u0259 d\u0259 xidm\u0259t ed\u0259n b\u00f6y\u00fck t\u0259dbirl\u0259rdir v\u0259 h\u0259min t\u0259dbirl\u0259r \u0259r\u0259f\u0259sind\u0259 d\u0259 biz bu siyas\u0259tin, ikili standart\u0131n \u00a0\u015fahidi olduq. Qarayaxmalar ba\u015fland\u0131, n\u0259 ba\u015fland\u0131, ay aman Az\u0259rbaycana getm\u0259yin, \u00f6ld\u00fcr\u0259c\u0259kl\u0259r, vuracaqlar, y\u0131xacaqlar v\u0259 sair v\u0259 ilax\u0131r. \u00a0M\u0259s\u0259l\u0259n, Avropa Oyunlar\u0131 \u0259r\u0259f\u0259sind\u0259 bu etimad\u0131 \u00f6zl\u0259ri biz\u0259 g\u00f6st\u0259r\u0259n Avropa \u00f6lk\u0259l\u0259ri eyni zamanda, bird\u0259n-bir\u0259 dey\u0259s\u0259n pe\u015fman oldular. Daha do\u011frusu, g\u00f6r\u0259nd\u0259 ki, Az\u0259rbaycan h\u0259qiq\u0259t\u0259n \u00e7ox q\u0131sa bir m\u00fcdd\u0259td\u0259 Oyunlara tam haz\u0131rl\u0131\u011f\u0131 h\u0259yata ke\u00e7irib v\u0259 y\u00fcks\u0259k s\u0259viyy\u0259d\u0259 bu oyunlar\u0131 h\u0259m qar\u015f\u0131lay\u0131b, h\u0259m d\u0259 ba\u015fa vurmaq \u0259zmind\u0259dir, bu zaman Az\u0259rbaycan\u0131n yeni bir m\u00fcv\u0259ff\u0259qiyy\u0259tli, ba\u015far\u0131l\u0131 add\u0131m\u0131n\u0131n qar\u015f\u0131s\u0131n\u0131 \u0259vv\u0259lc\u0259d\u0259n almaq \u00fc\u00e7\u00fcn bu yola-qarayaxma kampaniyas\u0131na ba\u015f vurdular. \u0130yun ay\u0131n\u0131n \u0259vv\u0259lind\u0259 &#8211; Oyunlar \u0259r\u0259f\u0259sind\u0259 Avropa Parlamentinin n\u00f6vb\u0259ti antiAz\u0259rbaycan b\u0259yanat\u0131 s\u0259sl\u0259ndirilmi\u015fdi, q\u0259tnam\u0259si q\u0259bul olunmu\u015fdu v\u0259 biz Az\u0259rbaycan parlamentinin \u00fczvl\u0259ri olaraq o zaman 20 n\u0259f\u0259rd\u0259n ibar\u0259t bir qrup &#8211; m\u0259n d\u0259 o qrupun i\u00e7ind\u0259 idim &#8211; \u00a0etiraz b\u0259yanat\u0131 imzalad\u0131q. H\u0259min b\u0259yanatda da Az\u0259rbaycan\u0131n daxili i\u015fl\u0259rin\u0259 qar\u0131\u015fmama\u011f\u0131, onlar\u0131n s\u00f6yl\u0259dikl\u0259rinin ba\u015fdan-ba\u015fa yalan v\u0259 iftira oldu\u011funu b\u0259yan etdik.<\/p>\n<p><strong>&#8220;N\u0259y\u0259 g\u00f6r\u0259 22-23 il bundan \u0259vv\u0259l \u0259dal\u0259tsiz \u015f\u0259kild\u0259 Az\u0259rbaycan torpaqlar\u0131n\u0131n i\u015f\u011fal\u0131n\u0131, bir gec\u0259d\u0259 600 n\u0259f\u0259rin q\u0259tliam\u0131n\u0131n h\u0259yata ke\u00e7irildiyi Xocal\u0131 faci\u0259sini g\u00f6rm\u00fcrs\u00fcn\u00fcz?&#8221;<\/strong><\/p>\n<p>Bu g\u00fcn d\u0259 yuxar\u0131da qeyd edildiyi kimi, \u00f6lk\u0259miz b\u00f6y\u00fck bir siyasi prosesin &#8211; Az\u0259rbaycan Respublikas\u0131n\u0131n 5-c\u0131 \u00e7a\u011f\u0131r\u0131\u015f Milli M\u0259clisin\u0259 se\u00e7kil\u0259r \u0259r\u0259f\u0259sind\u0259dir. Bunun \u00fc\u00e7\u00fcn \u00f6lk\u0259d\u0259 \u00a0demokratik \u00e7\u0259r\u00e7iv\u0259l\u0259r istiqam\u0259tind\u0259 b\u00fct\u00fcn haz\u0131rl\u0131qlar h\u0259yata ke\u00e7irilib v\u0259 ke\u00e7irilm\u0259kd\u0259dir. Amma q\u0259rib\u0259 olan\u0131 budur ki, h\u0259l\u0259 se\u00e7kiy\u0259 Az\u0259rbaycan d\u00f6vl\u0259ti, h\u00f6kum\u0259ti t\u0259r\u0259find\u0259n r\u0259smi \u015f\u0259kild\u0259 start verilm\u0259d\u0259n, h\u0259l\u0259 he\u00e7 bir ba\u015flan\u011f\u0131c olmadan, &#8220;qara m\u0259ni bas\u0131nca, m\u0259n qaran\u0131 bas\u0131m m\u0259s\u0259l\u0259si&#8221; dey\u0259r\u0259k s\u0259rh\u0259dl\u0259rimizd\u0259n \u00e7ox-\u00e7ox uzaqlarda &#8211; yen\u0259 d\u0259 beyn\u0259lxalq qurumlar, konkret olaraq Avropa Parlamenti se\u00e7kil\u0259rin &#8220;qeyri-demokratik&#8221; ke\u00e7iril\u0259c\u0259yini, Az\u0259rbaycana m\u00fc\u015fahid\u0259\u00e7i g\u00f6nd\u0259rm\u0259y\u0259c\u0259kl\u0259rini \u00a0ciddi-c\u0259hdl\u0259 elan etdil\u0259r. Avropa Parlamentind\u0259 bu b\u0259yanata, bu q\u0259tnam\u0259y\u0259 imza atan \u00fczd\u0259niraq o deputatlara xat\u0131rlatmaq ist\u0259yirik ki, \u0259g\u0259r siz bu q\u0259d\u0259r insan h\u00fcquqlar\u0131, \u0259dal\u0259t v\u0259 demokratiya t\u0259r\u0259fdar\u0131, qoruyucususunuzsa, o zaman n\u0259y\u0259 g\u00f6r\u0259 bu g\u00fcn d\u00fcnyan\u0131 ba\u015f\u0131na alan m\u00fcharib\u0259l\u0259ri, k\u00fctl\u0259vi insan \u00f6l\u00fcml\u0259rini, u\u015faqlar\u0131n m\u00fcharib\u0259y\u0259 c\u0259lb edilm\u0259sini, g\u00f6z\u00fcm\u00fcz\u00fcn \u00f6n\u00fcnd\u0259-\u015e\u0259rqd\u0259 ba\u015f ver\u0259n v\u0259h\u015filikl\u0259ri, q\u0259ddarl\u0131qlar\u0131 g\u00f6rm\u00fcrs\u00fcn\u00fcz?<\/p>\n<p>O zaman n\u0259y\u0259 g\u00f6r\u0259 siz 22-23 il bundan \u0259vv\u0259l \u00a0\u0259dal\u0259tsiz \u00a0\u015f\u0259kild\u0259 Az\u0259rbaycan torpaqlar\u0131n\u0131n i\u015f\u011fal\u0131n\u0131, bir gec\u0259d\u0259 600 n\u0259f\u0259rin q\u0259tliam\u0131n\u0131n h\u0259yata ke\u00e7irildiyi Xocal\u0131 faci\u0259sini g\u00f6rm\u00fcrs\u00fcn\u00fcz? Siz n\u0259y\u0259 g\u00f6r\u0259 bir milyondan \u00e7ox az\u0259rbaycanl\u0131 insan\u0131n, t\u00fcrk insan\u0131n\u0131n 25-27 ild\u0259n art\u0131q bir d\u00f6vrd\u0259 qa\u00e7q\u0131n-k\u00f6\u00e7k\u00fcn v\u0259ziyy\u0259tind\u0259, &#8211; t\u0259bii, d\u00f6vl\u0259t onlara yiy\u0259 durur &#8211; s\u0259fil durumda ya\u015fad\u0131qlar\u0131n\u0131 g\u00f6rm\u00fcrd\u00fcn\u00fcz? Burax\u0131n taptaq alt\u0131nda qalan torpaqlar\u0131m\u0131z\u0131, evl\u0259rimizi. Tapdaq alt\u0131nda bizim m\u0259n\u0259viyyat\u0131m\u0131z qal\u0131b, bizim abid\u0259l\u0259rimiz qal\u0131b, bizim musiqimiz qal\u0131b. Bunlar\u0131 n\u0259y\u0259 g\u00f6r\u0259 g\u00f6rm\u00fcrs\u00fcn\u00fcz? Ax\u0131, siz \u00f6z\u00fcn\u00fcz\u00fc demokratiyan\u0131n be\u015fiyi adland\u0131r\u0131rs\u0131n\u0131z?.. Ax\u0131, siz \u00f6z\u00fcn\u00fcz\u00fc insan h\u00fcquqlar\u0131n\u0131n m\u00fchafiz\u0259\u00e7isi adland\u0131r\u0131rs\u0131n\u0131z?.. O zaman \u00a0bunlar\u0131 da g\u00f6rm\u0259k v\u0259 vaxt\u0131nda i\u015f\u011fal\u00e7\u0131ya yerini g\u00f6st\u0259rm\u0259k laz\u0131md\u0131r!!!<\/p>\n<p><strong>&#8220;K\u0259nardan fikir y\u00fcr\u00fctm\u0259k, s\u0259nin \u00f6lk\u0259nd\u0259 insan\u0131n h\u00fcquqlar\u0131 pozulur, demokratiya yoxdur dem\u0259k \u00e7ox asand\u0131r&#8221;<\/strong><\/p>\n<p><strong>\u00a0&#8211; Eyni zamanda,h\u0259r k\u0259sin, h\u0259r bir xalq\u0131n, h\u0259r bir mill\u0259tin, h\u0259r bir d\u00f6vl\u0259tin onlar\u0131n ist\u0259diyi kimi sanki proqramla\u015fm\u0131\u015f \u015f\u0259kild\u0259 h\u0259r\u0259k\u0259t etm\u0259sini arzulamaq v\u0259 bunu t\u0259l\u0259b etm\u0259k, n\u0259 d\u0259r\u0259c\u0259d\u0259 demokratiyad\u0131r?\u00a0<\/strong><\/p>\n<p>&#8211; Tamamil\u0259, do\u011frudur v\u0259 fikrinizl\u0259 tam raz\u0131yam. Bunun haras\u0131 demokratiyad\u0131r, haras\u0131 liberall\u0131qd\u0131r, haras\u0131 pl\u00fcralizmdir? M\u0259n\u0259 el\u0259 g\u0259lir ki, bu, radikall\u0131\u011f\u0131n, totalitarizmin, neoimpreializmin \u0259n b\u00f6y\u00fck g\u00f6st\u0259ricisidir.Bilirsiniz, k\u0259nardan fikir y\u00fcr\u00fctm\u0259k, s\u0259nin \u00f6lk\u0259nd\u0259 insan\u0131n h\u00fcquqlar\u0131 pozulur, demokratiya yoxdur dem\u0259k \u00e7ox asand\u0131r. Amma h\u0259min \u00a0insan haqlar\u0131, demokratiya prinsipl\u0259rini s\u0259n \u00f6z\u00fcn \u0259vv\u0259la \u00f6z \u00f6lk\u0259nd\u0259, daha sonra da dig\u0259r \u00f6lk\u0259l\u0259r\u0259 m\u00fcnasib\u0259td\u0259 h\u0259yata ke\u00e7ir\u0259 bilirs\u0259nmi? Adama dey\u0259rl\u0259r ki, m\u0259n s\u0259nin \u00f6lk\u0259nin daxili i\u015fin\u0259 qar\u0131\u015f\u0131ram, qarda\u015f?<\/p>\n<p>M\u0259n gedib deyir\u0259m ki, m\u0259s\u0259l\u0259n Fransada f\u0259hl\u0259l\u0259r niy\u0259 t\u0259til etdil\u0259r, onlar\u0131n maa\u015f\u0131n\u0131 niy\u0259 qald\u0131rm\u0131rsan? Amma eyni zamanda t\u0259bii ki, d\u00fcnyan\u0131n q\u0259bul etdiyi insan h\u00fcquqlar\u0131 kriteriyalar\u0131 var. \u00a0Biz d\u0259 demokratik, sivil \u00f6lk\u0259 kimi bu kriteriyalar\u0131 q\u0259bul etmi\u015fik. H\u0259r hans\u0131 \u00a0bir yerd\u0259 h\u0259r bir insan faktorunun qar\u015f\u0131s\u0131nda s\u0259simizi y\u00fcks\u0259ltm\u0259yi bacarmal\u0131y\u0131q. Amma el\u0259 faktlar, el\u0259 tarixi h\u0259qiq\u0259tl\u0259r var ki, burada h\u0259r hans\u0131 bir \u00f6lk\u0259nin daxili i\u015fin\u0259 qar\u0131\u015fmaq yol verilm\u0259zdir. Bir daha deyir\u0259m ki, bu g\u00fcn d\u00fcnyan\u0131n yar\u0131s\u0131n\u0131 m\u00fcharib\u0259 ba\u015f\u0131na g\u00f6t\u00fcr\u00fcb, \u015e\u0259rq alovlar i\u00e7\u0259risind\u0259dir v\u0259 b\u00fct\u00fcn bu hadis\u0259l\u0259rin yarad\u0131c\u0131lar\u0131 da m\u0259lumdur, ssenaristl\u0259ri d\u0259.<\/p>\n<p><strong>&#8220;\u0130nsan h\u00fcquqlar\u0131ndan dan\u0131\u015f\u0131rs\u0131n\u0131zsa, b\u0259li, Az\u0259rbaycanda insan h\u00fcquqlar\u0131 pozulub&#8221;<\/strong><\/p>\n<p>Yax\u015f\u0131 h\u0259min o yarad\u0131c\u0131lara, ssenaristl\u0259r\u0259 kims\u0259 \u201cs\u0259n niy\u0259 bu g\u00fcn\u0259 q\u0259d\u0259r bu \u00a0\u00f6lk\u0259l\u0259rd\u0259 daxili nizam\u0131 pozursan, m\u0259zlum insanlar\u0131n qan\u0131na niy\u0259 bu q\u0259d\u0259r susam\u0131san\u201c, deyibmi? Xeyr. O zaman z\u0259hm\u0259t olmasa otursunlar yerl\u0259rind\u0259. Bir \u00f6lk\u0259nin \u00f6z s\u0259rh\u0259dl\u0259ri i\u00e7\u0259risind\u0259, \u00f6z torpaqlar\u0131nda s\u0131rf bu kimi iki\u00fczl\u00fc siyas\u0259tin ucbat\u0131ndan, 25 ild\u0259n art\u0131qd\u0131r qa\u00e7q\u0131nlar\u0131n, k\u00f6\u00e7k\u00fcnl\u0259rin olmas\u0131 nonsensdir. Sual edir\u0259m: siz bu qa\u00e7q\u0131n, k\u00f6\u00e7k\u00fcn ordusunu g\u00f6rd\u00fcn\u00fczm\u00fc, onlar\u0131n namin\u0259 s\u0259sinizi y\u00fcks\u0259ltdinizmi? V\u0259 \u0259g\u0259r insan h\u00fcquqlar\u0131ndan dan\u0131\u015f\u0131rs\u0131n\u0131zsa, b\u0259li, Az\u0259rbaycanda insan h\u00fcquqlar\u0131 pozulub. Ona g\u00f6r\u0259 ki, \u00f6z torpaqlar\u0131, \u00f6z s\u0259rh\u0259dl\u0259ri i\u00e7\u0259risind\u0259 \u00f6z v\u0259t\u0259nda\u015f\u0131 qa\u00e7q\u0131n v\u0259ziyy\u0259tind\u0259, k\u00f6\u00e7k\u00fcn v\u0259ziyy\u0259tind\u0259dir. B\u0259li, Az\u0259rbaycan qad\u0131n\u0131n\u0131n h\u00fcquqlar\u0131 pozulub.<\/p>\n<p>Ona g\u00f6r\u0259 ki, Az\u0259rbaycan qad\u0131n\u0131 20 ild\u0259n art\u0131qd\u0131r \u00e7ad\u0131rlarda, evind\u0259n-e\u015fiyind\u0259n uzaqda ya\u015fama\u011fa m\u0259cbur olub, \u00e7ad\u0131rda ail\u0259 qurub, \u00e7ad\u0131rda u\u015faq d\u00fcnyaya g\u0259tirib, u\u015faqlar\u0131 h\u0259min \u00e7ad\u0131rlardan qon\u015fu \u00e7ad\u0131rdak\u0131 \u00a0 m\u0259kt\u0259b\u0259 gedib, bu qad\u0131nlar x\u0259st\u0259 u\u015faqlar\u0131n\u0131 sa\u011faltmaq \u00fc\u00e7\u00fcn \u00e7ad\u0131r x\u0259st\u0259xanalara \u00fcz tutublar. V\u0259 indi o u\u015faqlar ya\u015f\u0131 20-ni ke\u00e7mi\u015f g\u0259ncl\u0259rdirl\u0259r. B\u0259li, Az\u0259rbaycanda u\u015faq h\u00fcquqlar\u0131 pozulub. Ona g\u00f6r\u0259 ki, s\u0259rh\u0259d b\u00f6lg\u0259sind\u0259 ya\u015fayan m\u0259sum bir az\u0259rbaycanl\u0131 \u00a0u\u015fa\u011f\u0131 evinin h\u0259y\u0259tind\u0259 oynayark\u0259n erm\u0259ni g\u00fcll\u0259sin\u0259 tu\u015f g\u0259lib. \u00a0At\u0259\u015fk\u0259s elan olunsa da, h\u0259l\u0259 d\u0259 m\u00fcharib\u0259 davam edir. Bu insanlar\u0131n h\u00fcquqlar\u0131 pozulark\u0259n, b\u0259s siz harda idiniz c\u0259nablar? \u0130ndi g\u0259lib dey\u0259k ki, kims\u0259 bir cinay\u0259t t\u00f6r\u0259dibs\u0259, kims\u0259 n\u0259 bilim r\u00fc\u015fv\u0259t al\u0131bsa v\u0259 h\u0259bsxanaya d\u00fc\u015f\u00fcbs\u0259, \u00a0b\u00fct\u00fcn bunlar\u0131 insan h\u00fcquqlar\u0131 pozulur dey\u0259, car \u00e7\u0259km\u0259k n\u0259 d\u0259r\u0259c\u0259d\u0259 d\u00fczg\u00fcnd\u00fcr g\u00f6r\u0259s\u0259n?<\/p>\n<p><strong>&#8220;Biz g\u0259lm\u0259y\u0259c\u0259yik, biz m\u00fc\u015fahid\u0259\u00e7i g\u00f6nd\u0259rm\u0259y\u0259c\u0259yik&#8221; dem\u0259k \u00e7ox asand\u0131r&#8221;<\/strong><\/p>\n<p>V\u0259 yenid\u0259n g\u0259lir\u0259m se\u00e7kil\u0259r\u0259. Se\u00e7kil\u0259r h\u0259l\u0259 ba\u015flamadan, start verilm\u0259d\u0259n, &#8211; h\u0259l\u0259 onda he\u00e7 namiz\u0259dl\u0259r d\u0259 b\u0259lli deyildi- se\u00e7ki dair\u0259l\u0259ri formala\u015fd\u0131r\u0131lmadan \u00a0bu \u00f6nc\u0259g\u00f6rm\u0259l\u0259r, bu nastradamusluq g\u00f6r\u0259s\u0259n n\u0259 d\u0259r\u0259c\u0259d\u0259 bu qurumlar\u0131n ciddiliyind\u0259n x\u0259b\u0259r verir? \u018fslind\u0259, bu m\u0259nas\u0131z v\u0259 \u0259silsiz \u00a0a\u00e7\u0131qlamalar\u0131 il\u0259 onlar \u00a0\u00f6zl\u0259ri \u00f6z n\u00fcfuzlar\u0131na daha \u00e7ox ziyan g\u0259tirdil\u0259r. \u00a0\u0130ndi art\u0131q \u00f6lk\u0259mizd\u0259 se\u00e7kiy\u0259 start verilib v\u0259 t\u0259bli\u011fat\u0131n bitm\u0259sin\u0259 \u00e7ox az bir m\u00fcdd\u0259t qal\u0131b.<\/p>\n<p>B\u00fct\u00fcn dair\u0259l\u0259r d\u0259 b\u0259llidir, namiz\u0259dl\u0259rin kimliyi d\u0259 b\u0259llidir v\u0259 namiz\u0259dl\u0259rin apard\u0131\u011f\u0131 yax\u015f\u0131 m\u0259nada m\u00fcbariz\u0259, t\u0259bli\u011fat da b\u0259llidir. Y\u0259ni, ist\u0259yirl\u0259rs\u0259, buyursunlar, g\u0259lsinl\u0259r v\u0259 h\u0259qiq\u0259ti \u00f6z g\u00f6zl\u0259riyl\u0259 g\u00f6rs\u00fcnl\u0259r. &#8220;Biz g\u0259lm\u0259y\u0259c\u0259yik, biz m\u00fc\u015fahid\u0259\u00e7i g\u00f6nd\u0259rm\u0259y\u0259c\u0259yik&#8221; dem\u0259k \u00e7ox asand\u0131r. Bilirsiniz, n\u0259y\u0259 g\u00f6r\u0259? \u00c7\u00fcnki h\u0259qiq\u0259ti g\u00f6rm\u0259k ist\u0259mirl\u0259r. H\u0259qiq\u0259tin g\u00f6z\u00fcn\u0259 baxmaq ist\u0259mirl\u0259r. Ka\u015f \u00a0g\u0259lib el\u0259 bu g\u00fcn yax\u0131n v\u0259ya uzaql\u0131\u011f\u0131ndan as\u0131l\u0131 olmadan h\u0259r bir se\u00e7ki dair\u0259sind\u0259 h\u0259r bir namiz\u0259din apard\u0131\u011f\u0131 t\u0259bli\u011fat kampaniyas\u0131 il\u0259 yax\u0131ndan tan\u0131\u015f olayd\u0131lar. V\u0259 o zaman \u00f6zl\u0259ri g\u00f6r\u0259c\u0259kdi ki, \u00a0 bu \u00f6lk\u0259d\u0259 se\u00e7kil\u0259rl\u0259 ba\u011fl\u0131 n\u0259 d\u0259r\u0259c\u0259d\u0259 demokratik v\u0259 ya \u00f6zl\u0259rinin dediyi kimi, qeyri-demokratik haz\u0131rl\u0131qlar gedir&#8230;<\/p>\n<p><strong>&#8220;3-c\u00fc d\u0259f\u0259 \u00a0namiz\u0259dliyini ir\u0259li s\u00fcr\u0259n haz\u0131rki deputatamsa, uzaqdan el\u0259 g\u00f6r\u00fcn\u0259 bil\u0259r ki, m\u0259nim \u00fc\u00e7\u00fcn yarad\u0131lan se\u00e7kiqaba\u011f\u0131 \u015f\u0259rait, bel\u0259 dey\u0259k ki, g\u00fcll\u00fck-g\u00fcl\u00fcstanl\u0131qd\u0131r &#8220;<\/strong><\/p>\n<p><strong>&#8211; Konkret olaraq, sizin dair\u0259nizd\u0259 se\u00e7ki m\u00fchiti nec\u0259dir?<\/strong><\/p>\n<p>&#8211; B\u00fct\u00fcn demokratik \u00f6lk\u0259l\u0259rd\u0259 oldu\u011fu kimi, \u00e7ox normal bir se\u00e7ki m\u00fchiti var. H\u0259min dair\u0259d\u0259 m\u0259nd\u0259n ba\u015fqa 6 namiz\u0259d var. Onlar\u0131n i\u00e7\u0259risind\u0259 m\u00fcxalif\u0259t n\u00fcmay\u0259nd\u0259si d\u0259 var, bit\u0259r\u0259f d\u0259 var, iqtidardak\u0131 partiyan\u0131n n\u00fcmay\u0259nd\u0259si d\u0259 var. \u00a0He\u00e7 bir \u00a0namiz\u0259din qar\u015f\u0131s\u0131na he\u00e7 bir s\u0259dd \u00e7\u0259kilm\u0259yib. Eyni zamanda, art\u0131q 3-c\u00fc d\u0259f\u0259 namiz\u0259dliyimi ir\u0259li s\u00fcr\u0259n haz\u0131rki deputatamsa, uzaqdan el\u0259 g\u00f6r\u00fcn\u0259 bil\u0259r ki, m\u0259nim \u00fc\u00e7\u00fcn yarad\u0131lan se\u00e7kiqaba\u011f\u0131 \u015f\u0259rait, bel\u0259 dey\u0259k ki, g\u00fcll\u00fck-g\u00fcl\u00fcstanl\u0131qd\u0131r. Amma bel\u0259 deyil, sad\u0259c\u0259 m\u0259nim \u00fc\u00e7\u00fcn deyil, b\u00fct\u00fcn namiz\u0259dl\u0259r \u00fc\u00e7\u00fcn eyni \u015f\u0259rait yarad\u0131l\u0131b. M\u0259n d\u0259 namiz\u0259dliyini ir\u0259li s\u00fcr\u0259n dig\u0259r namiz\u0259dl\u0259r kimi qap\u0131 qap\u0131 g\u0259zib imza toplad\u0131m, imza v\u0259r\u0259ql\u0259rimin do\u011frulu\u011fu yoxland\u0131, qeydiyyatdan ke\u00e7dikd\u0259n sonra dislokasiyam\u0131 dair\u0259y\u0259 t\u0259qdim etdim, m\u0259n\u0259 d\u0259 dig\u0259rl\u0259ri kimi, g\u00f6r\u00fc\u015f \u00fc\u00e7\u00fcn yerl\u0259rin m\u00fc\u0259yy\u0259nl\u0259\u015fdirildiyini v\u0259 ancaq o yerl\u0259rd\u0259 g\u00f6r\u00fc\u015f ke\u00e7ir\u0259 bil\u0259c\u0259yimi dedil\u0259r. Y\u0259ni, q\u0131sacas\u0131 ham\u0131 \u00fc\u00e7\u00fcn qoyulan t\u0259l\u0259bl\u0259r eynidir.V\u0259 h\u0259r bir namiz\u0259din \u00f6z t\u0259bli\u011fat\u0131n\u0131 s\u0259rb\u0259st v\u0259 rahat h\u0259yata ke\u00e7irm\u0259sind\u0259 he\u00e7 bir mane\u0259 yoxdur.<\/p>\n<p><strong>&#8220;Az\u0259rbaycan d\u00f6vl\u0259ti \u0259lind\u0259n g\u0259l\u0259ni edir ki&#8230;&#8221;<\/strong><\/p>\n<p>Y\u0259ni, Az\u0259rbaycan d\u00f6vl\u0259ti \u00f6z imicini qorumaq, \u00f6z prinsipl\u0259rini qorumaq \u00fc\u00e7\u00fcn \u0259lind\u0259n g\u0259l\u0259ni edir. V\u0259 bir daha bu g\u00fcnk\u00fc se\u00e7ki haz\u0131rl\u0131qlar\u0131n\u0131n gedi\u015fat\u0131 da onu g\u00f6st\u0259rir ki, Az\u0259rbaycanda h\u0259qiq\u0259t\u0259n se\u00e7icinin h\u00fcquqlar\u0131na h\u00f6rm\u0259tl\u0259 yana\u015f\u0131l\u0131r, demokratiya prinsipl\u0259ri b\u0259rq\u0259rar olub. Bunu g\u0259lib g\u00f6rm\u0259d\u0259n dan\u0131\u015fma\u011f\u0131n n\u0259 ad\u0131var? Ona g\u00f6r\u0259 d\u00fc\u015f\u00fcn\u00fcr\u0259m ki, n\u0259 olursa-olsun b\u00fct\u00fcn s\u0131naqlardan, b\u00fct\u00fcn imtahanlardan, b\u00fct\u00fcn q\u0259r\u0259zli m\u00f6vqel\u0259rd\u0259n Az\u0259rbaycan \u00f6lk\u0259 olaraq, xalq olaraq, d\u00f6vl\u0259t olaraq bundan sonra da aln\u0131a\u00e7\u0131q, \u00fcz\u00fca\u011f \u00e7\u0131xma\u011f\u0131 bacaracaq.<\/p>\n<p><strong>&#8220;A\u011fsaqqallar deyirdil\u0259r ki, \u201che\u00e7 n\u0259 ist\u0259mirik, q\u0131z\u0131m, s\u0259n dan\u0131\u015f, ail\u0259mizl\u0259 ax\u015fam yem\u0259yi yey\u0259nd\u0259 he\u00e7 olmasa i\u015f\u0131\u011f\u0131m\u0131z verilsin\u201d&#8230;&#8221;<\/strong><\/p>\n<p>Rayonda ke\u00e7irdiyim g\u00f6r\u00fc\u015fl\u0259r\u0259 g\u0259linc\u0259, deputatl\u0131\u011fa namiz\u0259d olaraq bu g\u00f6r\u00fc\u015fl\u0259rd\u0259n \u00e7ox raz\u0131yam v\u0259 \u00e7ox \u00fcmidliy\u0259m. Xat\u0131rlad\u0131m ki, m\u0259n 2000-ci ild\u0259 d\u0259 Z\u0259rdab rayonundan namiz\u0259dliyimi vermi\u015f\u0259m, u\u011fursuz olub. 2005-d\u0259n ild\u0259netibar\u0259n is\u0259 Z\u0259rdab rayonunun v\u0259 Ucar\u0131n \u00fc\u00e7 k\u0259ndinin deputat\u0131yam. 2000-ci ild\u0259n \u00fcz\u00fc bu yana- 2000-2005-ci ill\u0259r \u0259rzind\u0259 e\u015fitdiyim \u0259n b\u00f6y\u00fck giley-g\u00fczar o idi ki, bizim rayonda v\u0259 o rayonun timsal\u0131nda b\u00fct\u00fcn rayonlarda i\u015f\u0131q yoxdur. M\u0259n gedirdim, g\u00f6r\u00fc\u015fl\u0259r ke\u00e7irdirdim, a\u011fsaqqallar deyirdil\u0259r ki, \u201che\u00e7 n\u0259 ist\u0259mirik, q\u0131z\u0131m, s\u0259n dan\u0131\u015f, ail\u0259mizl\u0259 ax\u015fam yem\u0259yi yey\u0259nd\u0259 he\u00e7 olmasa i\u015f\u0131\u011f\u0131m\u0131z verilsin\u201d. Getdiyim h\u0259r yerd\u0259 deyirdil\u0259r ki, yolumuz yoxdur.<\/p>\n<p>\u015e\u0259h\u0259r m\u0259rk\u0259zind\u0259n k\u0259nd\u0259 m\u0259n \u00f6z\u00fcm g\u00f6r\u00fc\u015f\u0259 gedirdim saatyar\u0131ma. Indi h\u0259min yolu inand\u0131r\u0131m sizi c\u0259mi 12 d\u0259qiq\u0259y\u0259 getdik. B\u00fct\u00fcn bunlar \u0259lb\u0259tt\u0259 ki, nailiyy\u0259tdir. K\u00fcrq \u0131ra\u011f\u0131nda, K\u00fcr sahilind\u0259, K\u00fcr \u00e7ay\u0131n\u0131n k\u0259nar\u0131nda ya\u015fayan \u00a0bir rayonun \u00a0i\u00e7m\u0259li qoy bir t\u0259r\u0259f\u0259, \u0259kinl\u0259rini suvarmaq \u00fc\u00e7\u00fcn suyu yox idi, nasosu yox idi, motoru yox idi. O zaman ancaq \u0259riz\u0259l\u0259r g\u0259lirdi ki, nasos ver, su \u00e7\u0259kdir. M\u0259kt\u0259bl\u0259r\u0259 gedirdim qorxurdum ki, y\u0259qin ba\u015f\u0131ma u\u00e7ulacaq, burda u\u015faq otura bil\u0259r?.. Ba\u011f\u00e7aya gedirdim, vay edib qa\u00e7\u0131rd\u0131m. \u0130ndi \u00e7ox az sayda t\u0259mirsiz v\u0259 yeni tikintili olmayan k\u0259nd qal\u0131b, ham\u0131s\u0131nda \u0259n y\u00fcks\u0259k standartlarda m\u0259kt\u0259bl\u0259r, ba\u011f\u00e7alar in\u015fa edilib. \u0130\u015f\u0131q, su, yol problemi yoxdur.<\/p>\n<p><strong>&#8220;Xalq\u0131n q\u0259lbind\u0259, \u00fcr\u0259yind\u0259 d\u00f6vl\u0259tin\u0259, d\u00f6vl\u0259t ba\u015f\u00e7\u0131s\u0131na bu sevgi, bu inam, \u0259n \u0259sas\u0131 etimad varsa, \u0259lb\u0259tt\u0259 ki, qalan b\u00fct\u00fcn m\u0259s\u0259l\u0259l\u0259r \u00f6z h\u0259llini tapa bil\u0259c\u0259k m\u0259s\u0259l\u0259l\u0259rdir&#8230;&#8221;<\/strong><\/p>\n<p>V\u0259 yaxud qazla\u015fd\u0131rma. B\u0259li, SSR\u0130 da\u011f\u0131landan sonra el\u0259 bil ki, qaz x\u0259tl\u0259rini d\u0259 k\u0259sib do\u011frad\u0131lar ham\u0131s\u0131n\u0131, borular\u0131 bilmir\u0259m n\u0259 etdil\u0259r. \u0130nsanlar \u00e7a\u015f\u0131b qalm\u0131\u015fd\u0131lar. Z\u0259rdab rayonu K\u00fcr \u00e7ay\u0131n\u0131n k\u0259nar\u0131ndad\u0131r. Tuqay me\u015f\u0259l\u0259rinin oldu\u011fu bir rayondur. Amma me\u015f\u0259liyimiz art\u0131q dem\u0259k olar ki, yoxa \u00e7\u0131xmaqdayd\u0131. \u00c7\u00fcnki insanlar me\u015f\u0259liyi k\u0259sib-do\u011fray\u0131b istifad\u0259 edirdil\u0259r. \u00c7ox \u015f\u00fck\u00fcr indi ya\u015f\u0131ll\u0131qlar yenid\u0259n meydana g\u0259lib. Ona g\u00f6r\u0259 ki, qazla\u015fd\u0131rma siyas\u0259ti getdi. B\u00fct\u00fcn bunlar\u0131 insanlar g\u00f6zl\u0259ri il\u0259 g\u00f6r\u00fcrl\u0259r. D\u00fcnyan\u0131n h\u0259r hans\u0131 bir \u00f6lk\u0259sini g\u00f6st\u0259rin ki, \u0259yal\u0259tl\u0259 \u015f\u0259h\u0259r eyni s\u0259viyy\u0259d\u0259dir. M\u00fcmk\u00fcn deyil bu. Amma t\u0259bii ki, b\u00fct\u00fcn g\u00f6r\u00fcl\u0259n i\u015fl\u0259r bu istiqam\u0259td\u0259dir.<\/p>\n<p>\u00d6lk\u0259 r\u0259hb\u0259rinin d\u0259 h\u0259r zaman dediyi budur ki, \u015f\u0259h\u0259rl\u0259 k\u0259nd aras\u0131nda Az\u0259rbaycanda f\u0259rq qalmamal\u0131d\u0131r v\u0259 qalmayacaq. Biz h\u0259qiq\u0259t\u0259n g\u00f6z\u00fcm\u00fczl\u0259 bu f\u0259rqi, inki\u015faf\u0131 g\u00f6r\u00fcr\u00fck v\u0259 ona g\u00f6r\u0259 d\u0259 insan\u0131m\u0131z m\u0259mnundur. M\u0259n \u0259g\u0259r 10 il bundan \u0259vv\u0259l g\u00fcnd\u0259 10-15 m\u0259ktub al\u0131rd\u0131msa, indi he\u00e7 ayda alm\u0131ram o m\u0259ktublar\u0131&#8230;G\u00f6rd\u00fckl\u0259rimiz, m\u00fc\u015fahid\u0259 etdikl\u0259rimiz bundan ibar\u0259tdir ki,insanlar\u0131m\u0131z\u0131n \u00f6z d\u00f6vl\u0259tin\u0259 v\u0259 Prezidentin\u0259 sevgisi, etimad\u0131, inam\u0131 tamd\u0131r. \u018flb\u0259tt\u0259 ki, xalq\u0131n q\u0259lbind\u0259, \u00fcr\u0259yind\u0259 d\u00f6vl\u0259tin\u0259, d\u00f6vl\u0259t ba\u015f\u00e7\u0131s\u0131na bu sevgi, bu inam, \u0259n \u0259sas\u0131 etimad varsa, \u0259lb\u0259tt\u0259 ki, qalan b\u00fct\u00fcn m\u0259s\u0259l\u0259l\u0259r \u00f6z h\u0259llini tapa bil\u0259c\u0259k m\u0259s\u0259l\u0259l\u0259rdir&#8230;<\/p>\n","protected":false},"excerpt":{"rendered":"<p>&nbsp; Mill\u0259t v\u0259kili, deputatl\u0131\u011fa namiz\u0259d, filologiya elml\u0259ri doktoru Jal\u0259 \u018fliyevan\u0131n il\u0259 m\u00fcsahib\u0259. &#8211; Jal\u0259 xan\u0131m, siz\u0259 d\u0259 m\u0259lum oldu\u011fu kimi, h\u0259mi\u015f\u0259 Az\u0259rbaycanda bu v\u0259 ya dig\u0259r se\u00e7kil\u0259r, yaxud, beyn\u0259lxalq \u0259h\u0259miyy\u0259tli t\u0259dbirl\u0259r ke\u00e7iril\u0259n zaman \u00f6lk\u0259miz\u0259 qar\u015f\u0131 Q\u0259rb dair\u0259l\u0259ri, onlar\u0131n t\u0259siri alt\u0131nda olan beyn\u0259lxalq t\u0259\u015fkilatlar t\u0259r\u0259find\u0259n t\u0259zyiql\u0259r, h\u00fccumlar g\u00fccl\u0259nir.\u00a0Bu bax\u0131mdan, builki parlament se\u00e7kil\u0259ri d\u0259 istisna t\u0259\u015fkil etmir, [&hellip;]<\/p>\n","protected":false},"author":1,"featured_media":0,"comment_status":"open","ping_status":"open","sticky":false,"template":"","format":"standard","meta":{"footnotes":""},"categories":[21],"tags":[],"class_list":{"0":"post-21096","1":"post","2":"type-post","3":"status-publish","4":"format-standard","6":"category-zrdab"},"yoast_head":"<!-- This site is optimized with the Yoast SEO plugin v27.0 - https:\/\/yoast.com\/product\/yoast-seo-wordpress\/ -->\n<title>Jal\u0259 \u018fliyeva: Vaxt vard\u0131 Z\u0259rdabda m\u0259kt\u0259b\u0259 ged\u0259nd\u0259 qorxurdum ki, ba\u015f\u0131ma u\u00e7ar - Z\u0259rdab.com<\/title>\n<meta name=\"robots\" content=\"index, follow, max-snippet:-1, max-image-preview:large, max-video-preview:-1\" \/>\n<link rel=\"canonical\" href=\"https:\/\/www.zerdab.com\/?p=21096\" \/>\n<meta property=\"og:locale\" content=\"az_AZ\" \/>\n<meta property=\"og:type\" content=\"article\" \/>\n<meta property=\"og:title\" content=\"Jal\u0259 \u018fliyeva: Vaxt vard\u0131 Z\u0259rdabda m\u0259kt\u0259b\u0259 ged\u0259nd\u0259 qorxurdum ki, ba\u015f\u0131ma u\u00e7ar - Z\u0259rdab.com\" \/>\n<meta property=\"og:description\" content=\"&nbsp; Mill\u0259t v\u0259kili, deputatl\u0131\u011fa namiz\u0259d, filologiya elml\u0259ri doktoru Jal\u0259 \u018fliyevan\u0131n il\u0259 m\u00fcsahib\u0259. &#8211; Jal\u0259 xan\u0131m, siz\u0259 d\u0259 m\u0259lum oldu\u011fu kimi, h\u0259mi\u015f\u0259 Az\u0259rbaycanda bu v\u0259 ya dig\u0259r se\u00e7kil\u0259r, yaxud, beyn\u0259lxalq \u0259h\u0259miyy\u0259tli t\u0259dbirl\u0259r ke\u00e7iril\u0259n zaman \u00f6lk\u0259miz\u0259 qar\u015f\u0131 Q\u0259rb dair\u0259l\u0259ri, onlar\u0131n t\u0259siri alt\u0131nda olan beyn\u0259lxalq t\u0259\u015fkilatlar t\u0259r\u0259find\u0259n t\u0259zyiql\u0259r, h\u00fccumlar g\u00fccl\u0259nir.\u00a0Bu bax\u0131mdan, builki parlament se\u00e7kil\u0259ri d\u0259 istisna t\u0259\u015fkil etmir, [&hellip;]\" \/>\n<meta property=\"og:url\" content=\"https:\/\/www.zerdab.com\/?p=21096\" \/>\n<meta property=\"og:site_name\" content=\"Z\u0259rdab.com\" \/>\n<meta property=\"article:published_time\" content=\"2015-10-26T11:22:13+00:00\" \/>\n<meta property=\"article:modified_time\" content=\"2015-10-26T11:24:52+00:00\" \/>\n<meta name=\"author\" content=\"admin\" \/>\n<meta name=\"twitter:card\" content=\"summary_large_image\" \/>\n<meta name=\"twitter:label1\" content=\"Written by\" \/>\n\t<meta name=\"twitter:data1\" content=\"admin\" \/>\n\t<meta name=\"twitter:label2\" content=\"Est. reading time\" \/>\n\t<meta name=\"twitter:data2\" content=\"17 minutes\" \/>\n<script type=\"application\/ld+json\" class=\"yoast-schema-graph\">{\"@context\":\"https:\/\/schema.org\",\"@graph\":[{\"@type\":\"Article\",\"@id\":\"https:\/\/www.zerdab.com\/?p=21096#article\",\"isPartOf\":{\"@id\":\"https:\/\/www.zerdab.com\/?p=21096\"},\"author\":{\"name\":\"admin\",\"@id\":\"https:\/\/www.zerdab.com\/#\/schema\/person\/97079b7570c1e89ec0d9e138c3672136\"},\"headline\":\"Jal\u0259 \u018fliyeva: Vaxt vard\u0131 Z\u0259rdabda m\u0259kt\u0259b\u0259 ged\u0259nd\u0259 qorxurdum ki, ba\u015f\u0131ma u\u00e7ar\",\"datePublished\":\"2015-10-26T11:22:13+00:00\",\"dateModified\":\"2015-10-26T11:24:52+00:00\",\"mainEntityOfPage\":{\"@id\":\"https:\/\/www.zerdab.com\/?p=21096\"},\"wordCount\":3410,\"commentCount\":1,\"articleSection\":[\"C\u018fM\u0130YY\u018fT\"],\"inLanguage\":\"az\",\"potentialAction\":[{\"@type\":\"CommentAction\",\"name\":\"Comment\",\"target\":[\"https:\/\/www.zerdab.com\/?p=21096#respond\"]}]},{\"@type\":\"WebPage\",\"@id\":\"https:\/\/www.zerdab.com\/?p=21096\",\"url\":\"https:\/\/www.zerdab.com\/?p=21096\",\"name\":\"Jal\u0259 \u018fliyeva: Vaxt vard\u0131 Z\u0259rdabda m\u0259kt\u0259b\u0259 ged\u0259nd\u0259 qorxurdum ki, ba\u015f\u0131ma u\u00e7ar - Z\u0259rdab.com\",\"isPartOf\":{\"@id\":\"https:\/\/www.zerdab.com\/#website\"},\"datePublished\":\"2015-10-26T11:22:13+00:00\",\"dateModified\":\"2015-10-26T11:24:52+00:00\",\"author\":{\"@id\":\"https:\/\/www.zerdab.com\/#\/schema\/person\/97079b7570c1e89ec0d9e138c3672136\"},\"breadcrumb\":{\"@id\":\"https:\/\/www.zerdab.com\/?p=21096#breadcrumb\"},\"inLanguage\":\"az\",\"potentialAction\":[{\"@type\":\"ReadAction\",\"target\":[\"https:\/\/www.zerdab.com\/?p=21096\"]}]},{\"@type\":\"BreadcrumbList\",\"@id\":\"https:\/\/www.zerdab.com\/?p=21096#breadcrumb\",\"itemListElement\":[{\"@type\":\"ListItem\",\"position\":1,\"name\":\"Home\",\"item\":\"https:\/\/www.zerdab.com\/\"},{\"@type\":\"ListItem\",\"position\":2,\"name\":\"Jal\u0259 \u018fliyeva: Vaxt vard\u0131 Z\u0259rdabda m\u0259kt\u0259b\u0259 ged\u0259nd\u0259 qorxurdum ki, ba\u015f\u0131ma u\u00e7ar\"}]},{\"@type\":\"WebSite\",\"@id\":\"https:\/\/www.zerdab.com\/#website\",\"url\":\"https:\/\/www.zerdab.com\/\",\"name\":\"Z\u0259rdab.com\",\"description\":\"\",\"potentialAction\":[{\"@type\":\"SearchAction\",\"target\":{\"@type\":\"EntryPoint\",\"urlTemplate\":\"https:\/\/www.zerdab.com\/?s={search_term_string}\"},\"query-input\":{\"@type\":\"PropertyValueSpecification\",\"valueRequired\":true,\"valueName\":\"search_term_string\"}}],\"inLanguage\":\"az\"},{\"@type\":\"Person\",\"@id\":\"https:\/\/www.zerdab.com\/#\/schema\/person\/97079b7570c1e89ec0d9e138c3672136\",\"name\":\"admin\",\"image\":{\"@type\":\"ImageObject\",\"inLanguage\":\"az\",\"@id\":\"https:\/\/www.zerdab.com\/#\/schema\/person\/image\/\",\"url\":\"https:\/\/secure.gravatar.com\/avatar\/d9c52a9a27c32119cb6679a077fa3e2779e5f822c451cbf01098004361d466ec?s=96&d=mm&r=g\",\"contentUrl\":\"https:\/\/secure.gravatar.com\/avatar\/d9c52a9a27c32119cb6679a077fa3e2779e5f822c451cbf01098004361d466ec?s=96&d=mm&r=g\",\"caption\":\"admin\"},\"url\":\"https:\/\/www.zerdab.com\/?author=1\"}]}<\/script>\n<!-- \/ Yoast SEO plugin. -->","yoast_head_json":{"title":"Jal\u0259 \u018fliyeva: Vaxt vard\u0131 Z\u0259rdabda m\u0259kt\u0259b\u0259 ged\u0259nd\u0259 qorxurdum ki, ba\u015f\u0131ma u\u00e7ar - Z\u0259rdab.com","robots":{"index":"index","follow":"follow","max-snippet":"max-snippet:-1","max-image-preview":"max-image-preview:large","max-video-preview":"max-video-preview:-1"},"canonical":"https:\/\/www.zerdab.com\/?p=21096","og_locale":"az_AZ","og_type":"article","og_title":"Jal\u0259 \u018fliyeva: Vaxt vard\u0131 Z\u0259rdabda m\u0259kt\u0259b\u0259 ged\u0259nd\u0259 qorxurdum ki, ba\u015f\u0131ma u\u00e7ar - Z\u0259rdab.com","og_description":"&nbsp; Mill\u0259t v\u0259kili, deputatl\u0131\u011fa namiz\u0259d, filologiya elml\u0259ri doktoru Jal\u0259 \u018fliyevan\u0131n il\u0259 m\u00fcsahib\u0259. &#8211; Jal\u0259 xan\u0131m, siz\u0259 d\u0259 m\u0259lum oldu\u011fu kimi, h\u0259mi\u015f\u0259 Az\u0259rbaycanda bu v\u0259 ya dig\u0259r se\u00e7kil\u0259r, yaxud, beyn\u0259lxalq \u0259h\u0259miyy\u0259tli t\u0259dbirl\u0259r ke\u00e7iril\u0259n zaman \u00f6lk\u0259miz\u0259 qar\u015f\u0131 Q\u0259rb dair\u0259l\u0259ri, onlar\u0131n t\u0259siri alt\u0131nda olan beyn\u0259lxalq t\u0259\u015fkilatlar t\u0259r\u0259find\u0259n t\u0259zyiql\u0259r, h\u00fccumlar g\u00fccl\u0259nir.\u00a0Bu bax\u0131mdan, builki parlament se\u00e7kil\u0259ri d\u0259 istisna t\u0259\u015fkil etmir, [&hellip;]","og_url":"https:\/\/www.zerdab.com\/?p=21096","og_site_name":"Z\u0259rdab.com","article_published_time":"2015-10-26T11:22:13+00:00","article_modified_time":"2015-10-26T11:24:52+00:00","author":"admin","twitter_card":"summary_large_image","twitter_misc":{"Written by":"admin","Est. reading time":"17 minutes"},"schema":{"@context":"https:\/\/schema.org","@graph":[{"@type":"Article","@id":"https:\/\/www.zerdab.com\/?p=21096#article","isPartOf":{"@id":"https:\/\/www.zerdab.com\/?p=21096"},"author":{"name":"admin","@id":"https:\/\/www.zerdab.com\/#\/schema\/person\/97079b7570c1e89ec0d9e138c3672136"},"headline":"Jal\u0259 \u018fliyeva: Vaxt vard\u0131 Z\u0259rdabda m\u0259kt\u0259b\u0259 ged\u0259nd\u0259 qorxurdum ki, ba\u015f\u0131ma u\u00e7ar","datePublished":"2015-10-26T11:22:13+00:00","dateModified":"2015-10-26T11:24:52+00:00","mainEntityOfPage":{"@id":"https:\/\/www.zerdab.com\/?p=21096"},"wordCount":3410,"commentCount":1,"articleSection":["C\u018fM\u0130YY\u018fT"],"inLanguage":"az","potentialAction":[{"@type":"CommentAction","name":"Comment","target":["https:\/\/www.zerdab.com\/?p=21096#respond"]}]},{"@type":"WebPage","@id":"https:\/\/www.zerdab.com\/?p=21096","url":"https:\/\/www.zerdab.com\/?p=21096","name":"Jal\u0259 \u018fliyeva: Vaxt vard\u0131 Z\u0259rdabda m\u0259kt\u0259b\u0259 ged\u0259nd\u0259 qorxurdum ki, ba\u015f\u0131ma u\u00e7ar - Z\u0259rdab.com","isPartOf":{"@id":"https:\/\/www.zerdab.com\/#website"},"datePublished":"2015-10-26T11:22:13+00:00","dateModified":"2015-10-26T11:24:52+00:00","author":{"@id":"https:\/\/www.zerdab.com\/#\/schema\/person\/97079b7570c1e89ec0d9e138c3672136"},"breadcrumb":{"@id":"https:\/\/www.zerdab.com\/?p=21096#breadcrumb"},"inLanguage":"az","potentialAction":[{"@type":"ReadAction","target":["https:\/\/www.zerdab.com\/?p=21096"]}]},{"@type":"BreadcrumbList","@id":"https:\/\/www.zerdab.com\/?p=21096#breadcrumb","itemListElement":[{"@type":"ListItem","position":1,"name":"Home","item":"https:\/\/www.zerdab.com\/"},{"@type":"ListItem","position":2,"name":"Jal\u0259 \u018fliyeva: Vaxt vard\u0131 Z\u0259rdabda m\u0259kt\u0259b\u0259 ged\u0259nd\u0259 qorxurdum ki, ba\u015f\u0131ma u\u00e7ar"}]},{"@type":"WebSite","@id":"https:\/\/www.zerdab.com\/#website","url":"https:\/\/www.zerdab.com\/","name":"Z\u0259rdab.com","description":"","potentialAction":[{"@type":"SearchAction","target":{"@type":"EntryPoint","urlTemplate":"https:\/\/www.zerdab.com\/?s={search_term_string}"},"query-input":{"@type":"PropertyValueSpecification","valueRequired":true,"valueName":"search_term_string"}}],"inLanguage":"az"},{"@type":"Person","@id":"https:\/\/www.zerdab.com\/#\/schema\/person\/97079b7570c1e89ec0d9e138c3672136","name":"admin","image":{"@type":"ImageObject","inLanguage":"az","@id":"https:\/\/www.zerdab.com\/#\/schema\/person\/image\/","url":"https:\/\/secure.gravatar.com\/avatar\/d9c52a9a27c32119cb6679a077fa3e2779e5f822c451cbf01098004361d466ec?s=96&d=mm&r=g","contentUrl":"https:\/\/secure.gravatar.com\/avatar\/d9c52a9a27c32119cb6679a077fa3e2779e5f822c451cbf01098004361d466ec?s=96&d=mm&r=g","caption":"admin"},"url":"https:\/\/www.zerdab.com\/?author=1"}]}},"_links":{"self":[{"href":"https:\/\/www.zerdab.com\/index.php?rest_route=\/wp\/v2\/posts\/21096","targetHints":{"allow":["GET"]}}],"collection":[{"href":"https:\/\/www.zerdab.com\/index.php?rest_route=\/wp\/v2\/posts"}],"about":[{"href":"https:\/\/www.zerdab.com\/index.php?rest_route=\/wp\/v2\/types\/post"}],"author":[{"embeddable":true,"href":"https:\/\/www.zerdab.com\/index.php?rest_route=\/wp\/v2\/users\/1"}],"replies":[{"embeddable":true,"href":"https:\/\/www.zerdab.com\/index.php?rest_route=%2Fwp%2Fv2%2Fcomments&post=21096"}],"version-history":[{"count":7,"href":"https:\/\/www.zerdab.com\/index.php?rest_route=\/wp\/v2\/posts\/21096\/revisions"}],"predecessor-version":[{"id":21103,"href":"https:\/\/www.zerdab.com\/index.php?rest_route=\/wp\/v2\/posts\/21096\/revisions\/21103"}],"wp:attachment":[{"href":"https:\/\/www.zerdab.com\/index.php?rest_route=%2Fwp%2Fv2%2Fmedia&parent=21096"}],"wp:term":[{"taxonomy":"category","embeddable":true,"href":"https:\/\/www.zerdab.com\/index.php?rest_route=%2Fwp%2Fv2%2Fcategories&post=21096"},{"taxonomy":"post_tag","embeddable":true,"href":"https:\/\/www.zerdab.com\/index.php?rest_route=%2Fwp%2Fv2%2Ftags&post=21096"}],"curies":[{"name":"wp","href":"https:\/\/api.w.org\/{rel}","templated":true}]}}