{"id":21108,"date":"2015-10-26T23:22:01","date_gmt":"2015-10-26T19:22:01","guid":{"rendered":"http:\/\/www.zerdab.com\/?p=21108"},"modified":"2015-10-26T23:22:02","modified_gmt":"2015-10-26T19:22:02","slug":"onlar-jal%c9%99-%c9%99liyevaya-s%c9%99s-ver%c9%99c%c9%99kl%c9%99rini-dedil%c9%99r-fotolar","status":"publish","type":"post","link":"https:\/\/www.zerdab.com\/?p=21108","title":{"rendered":"Onlar Jal\u0259 \u018fliyevaya s\u0259s ver\u0259c\u0259kl\u0259rini dedil\u0259r &#8211; FOTOLAR"},"content":{"rendered":"<p><a href=\"http:\/\/www.zerdab.com\/onlar-jal%c9%99-%c9%99liyevaya-s%c9%99s-ver%c9%99c%c9%99kl%c9%99rini-dedil%c9%99r-fotolar\/zerdab5-17\/\" rel=\"attachment wp-att-21114\"><img loading=\"lazy\" decoding=\"async\" class=\"aligncenter size-large wp-image-21114\" src=\"http:\/\/www.zerdab.com\/wp-content\/uploads\/2015\/10\/Zerdab5-550x367.jpg\" alt=\"Z\u0259rdab\" width=\"550\" height=\"367\" \/><\/a>92 sayl\u0131 Z\u0259rdab-Ucar se\u00e7ki dair\u0259sind\u0259n deputatl\u0131\u011fa namiz\u0259d Jal\u0259 \u018fliyeva se\u00e7icil\u0259rl\u0259 g\u00f6r\u00fc\u015fl\u0259rini davam etdirir. Namiz\u0259d Z\u0259rdab rayonunun <strong>\u00c7all\u0131, Al\u0131canl\u0131, M\u0259likumudlu k\u0259ndl\u0259ri v\u0259 B\u0259yimli q\u0259s\u0259b\u0259si<\/strong>nin sakinl\u0259ri il\u0259 n\u00f6vb\u0259ti g\u00f6r\u00fc\u015f\u00fcn\u00fc ke\u00e7irib.<\/p>\n<p>G\u00f6r\u00fc\u015fd\u0259 \u00e7\u0131x\u0131\u015f ed\u0259n Jal\u0259 \u018fliyeva deyib ki, bu g\u00fcn Az\u0259rbaycan s\u00fcr\u0259tl\u0259 inki\u015faf etm\u0259kd\u0259, \u00f6z\u00fcn\u00fcn siyasi v\u0259 iqtisadi q\u00fcdr\u0259tini art\u0131rmaqdad\u0131r.<\/p>\n<p>O bildirib ki, Prezident \u0130lham \u018fliyevin h\u0259yata ke\u00e7irdiyi \u00e7ox\u015fax\u0259li inki\u015faf strategiyasi say\u0259sind\u0259 \u00f6lk\u0259miz regionda \u0259sas s\u00f6z sahibl\u0259rind\u0259n birin\u0259 \u00e7evrilib.<\/p>\n<p>G\u00f6r\u00fc\u015fd\u0259 Jal\u0259 \u018fliyevan\u0131n 5 illik deputatl\u0131q f\u0259aliyy\u0259tind\u0259n b\u0259hs ed\u0259n video\u00e7arx n\u00fcmayi\u015f etdirilib. Se\u00e7icil\u0259r Z\u0259rdab\u0131n h\u0259lli vacib olan m\u0259s\u0259l\u0259l\u0259rini, ayr\u0131-ayr\u0131 k\u0259ndl\u0259rin probleml\u0259rini Milli M\u0259clisd\u0259 g\u00fcnd\u0259m\u0259 g\u0259tirdiyi v\u0259 bir \u00e7oxunun h\u0259llin\u0259 nail oldu\u011fu \u00fc\u00e7\u00fcn Jal\u0259 \u018fliyevaya t\u0259\u015f\u0259kk\u00fcr edibl\u0259r.<\/p>\n<p>\u00c7\u0131x\u0131\u015f ed\u0259n rayon a\u011fsaqqal\u0131 Hac\u0131 Z\u00fclfi d\u00f6vl\u0259tin \u0259halinin sosial t\u0259minat\u0131n\u0131n daha da y\u00fcks\u0259ldilm\u0259si \u00fc\u00e7\u00fcn g\u00f6rd\u00fcy\u00fc i\u015fl\u0259rd\u0259n \u00e7ox raz\u0131 qald\u0131qlar\u0131n\u0131 v\u0259 daima Prezident \u0130lham \u018fliyevin siyasi x\u0259ttini m\u00fcdafi\u0259 etdikl\u0259rini deyib. Rayon a\u011fsaqqal\u0131 Jal\u0259 \u018fliyevan\u0131n mill\u0259t v\u0259kili kimi f\u0259aliyy\u0259tinin n\u00fcmun\u0259vi oldu\u011funu v\u0259 b\u00fct\u00fcn z\u0259rdabl\u0131lar\u0131n 1 noyabr se\u00e7kil\u0259rind\u0259 onu d\u0259st\u0259kl\u0259y\u0259c\u0259yini qeyd edib.<\/p>\n<p>Jal\u0259 \u018fliyeva h\u0259r bir se\u00e7icisinin problemin\u0259 x\u00fcsusi diqq\u0259tl\u0259 yana\u015fd\u0131\u011f\u0131n\u0131, onlar\u0131 daima dinl\u0259m\u0259y\u0259 v\u0259 m\u00fcmk\u00fcn olan h\u0259r c\u00fcr k\u00f6m\u0259yi g\u00f6st\u0259rm\u0259y\u0259 haz\u0131r oldu\u011funu deyib. Namiz\u0259d deputatl\u0131q f\u0259aliyy\u0259tind\u0259 ona d\u0259st\u0259k ver\u0259n b\u00fct\u00fcn se\u00e7icil\u0259rin\u0259 x\u00fcsusi t\u0259\u015f\u0259kk\u00fcr edib.<a href=\"http:\/\/www.zerdab.com\/onlar-jal%c9%99-%c9%99liyevaya-s%c9%99s-ver%c9%99c%c9%99kl%c9%99rini-dedil%c9%99r-fotolar\/zerdab7-13\/\" rel=\"attachment wp-att-21116\"><img loading=\"lazy\" decoding=\"async\" class=\"aligncenter size-large wp-image-21116\" src=\"http:\/\/www.zerdab.com\/wp-content\/uploads\/2015\/10\/Zerdab7-550x367.jpg\" alt=\"Z\u0259rdab\" width=\"550\" height=\"367\" \/><\/a><a href=\"http:\/\/www.zerdab.com\/onlar-jal%c9%99-%c9%99liyevaya-s%c9%99s-ver%c9%99c%c9%99kl%c9%99rini-dedil%c9%99r-fotolar\/zerdab1-45\/\" rel=\"attachment wp-att-21110\"><img loading=\"lazy\" decoding=\"async\" class=\"aligncenter size-large wp-image-21110\" src=\"http:\/\/www.zerdab.com\/wp-content\/uploads\/2015\/10\/Zerdab1-550x367.jpg\" alt=\"Z\u0259rdab\" width=\"550\" height=\"367\" \/><\/a><a href=\"http:\/\/www.zerdab.com\/onlar-jal%c9%99-%c9%99liyevaya-s%c9%99s-ver%c9%99c%c9%99kl%c9%99rini-dedil%c9%99r-fotolar\/zerdab3-33\/\" rel=\"attachment wp-att-21112\"><img loading=\"lazy\" decoding=\"async\" class=\"aligncenter size-large wp-image-21112\" src=\"http:\/\/www.zerdab.com\/wp-content\/uploads\/2015\/10\/Zerdab3-550x367.jpg\" alt=\"Z\u0259rdab\" width=\"550\" height=\"367\" \/><\/a><a href=\"http:\/\/www.zerdab.com\/onlar-jal%c9%99-%c9%99liyevaya-s%c9%99s-ver%c9%99c%c9%99kl%c9%99rini-dedil%c9%99r-fotolar\/zerdab6-17\/\" rel=\"attachment wp-att-21115\"><img loading=\"lazy\" decoding=\"async\" class=\"aligncenter size-large wp-image-21115\" src=\"http:\/\/www.zerdab.com\/wp-content\/uploads\/2015\/10\/Zerdab6-550x367.jpg\" alt=\"Z\u0259rdab\" width=\"550\" height=\"367\" \/><\/a><a href=\"http:\/\/www.zerdab.com\/onlar-jal%c9%99-%c9%99liyevaya-s%c9%99s-ver%c9%99c%c9%99kl%c9%99rini-dedil%c9%99r-fotolar\/zerdab4-19\/\" rel=\"attachment wp-att-21113\"><img loading=\"lazy\" decoding=\"async\" class=\"aligncenter size-large wp-image-21113\" src=\"http:\/\/www.zerdab.com\/wp-content\/uploads\/2015\/10\/Zerdab4-550x367.jpg\" alt=\"Z\u0259rdab\" width=\"550\" height=\"367\" \/><\/a><a href=\"http:\/\/www.zerdab.com\/onlar-jal%c9%99-%c9%99liyevaya-s%c9%99s-ver%c9%99c%c9%99kl%c9%99rini-dedil%c9%99r-fotolar\/zerdab2-42\/\" rel=\"attachment wp-att-21111\"><img loading=\"lazy\" decoding=\"async\" class=\"aligncenter size-large wp-image-21111\" src=\"http:\/\/www.zerdab.com\/wp-content\/uploads\/2015\/10\/Zerdab2-550x367.jpg\" alt=\"Z\u0259rdab\" width=\"550\" height=\"367\" \/><\/a><a href=\"http:\/\/www.zerdab.com\/onlar-jal%c9%99-%c9%99liyevaya-s%c9%99s-ver%c9%99c%c9%99kl%c9%99rini-dedil%c9%99r-fotolar\/zerdab8-14\/\" rel=\"attachment wp-att-21117\"><img loading=\"lazy\" decoding=\"async\" class=\"aligncenter size-large wp-image-21117\" src=\"http:\/\/www.zerdab.com\/wp-content\/uploads\/2015\/10\/Zerdab8-550x367.jpg\" alt=\"Z\u0259rdab\" width=\"550\" height=\"367\" \/><\/a><a href=\"http:\/\/www.zerdab.com\/onlar-jal%c9%99-%c9%99liyevaya-s%c9%99s-ver%c9%99c%c9%99kl%c9%99rini-dedil%c9%99r-fotolar\/z%c9%99rdab-64\/\" rel=\"attachment wp-att-21119\"><img loading=\"lazy\" decoding=\"async\" class=\"aligncenter size-large wp-image-21119\" src=\"http:\/\/www.zerdab.com\/wp-content\/uploads\/2015\/10\/Z\u0259rdab7-550x367.jpg\" alt=\"Z\u0259rdab\" width=\"550\" height=\"367\" \/><\/a><a href=\"http:\/\/www.zerdab.com\/onlar-jal%c9%99-%c9%99liyevaya-s%c9%99s-ver%c9%99c%c9%99kl%c9%99rini-dedil%c9%99r-fotolar\/z-5\/\" rel=\"attachment wp-att-21120\"><img loading=\"lazy\" decoding=\"async\" class=\"aligncenter size-large wp-image-21120\" src=\"http:\/\/www.zerdab.com\/wp-content\/uploads\/2015\/10\/Z-550x367.jpg\" alt=\"Z\u0259rdab\" width=\"550\" height=\"367\" \/><\/a><\/p>\n","protected":false},"excerpt":{"rendered":"<p>92 sayl\u0131 Z\u0259rdab-Ucar se\u00e7ki dair\u0259sind\u0259n deputatl\u0131\u011fa namiz\u0259d Jal\u0259 \u018fliyeva se\u00e7icil\u0259rl\u0259 g\u00f6r\u00fc\u015fl\u0259rini davam etdirir. Namiz\u0259d Z\u0259rdab rayonunun \u00c7all\u0131, Al\u0131canl\u0131, M\u0259likumudlu k\u0259ndl\u0259ri v\u0259 B\u0259yimli q\u0259s\u0259b\u0259sinin sakinl\u0259ri il\u0259 n\u00f6vb\u0259ti g\u00f6r\u00fc\u015f\u00fcn\u00fc ke\u00e7irib. G\u00f6r\u00fc\u015fd\u0259 \u00e7\u0131x\u0131\u015f ed\u0259n Jal\u0259 \u018fliyeva deyib ki, bu g\u00fcn Az\u0259rbaycan s\u00fcr\u0259tl\u0259 inki\u015faf etm\u0259kd\u0259, \u00f6z\u00fcn\u00fcn siyasi v\u0259 iqtisadi q\u00fcdr\u0259tini art\u0131rmaqdad\u0131r. O bildirib ki, Prezident \u0130lham \u018fliyevin h\u0259yata ke\u00e7irdiyi [&hellip;]<\/p>\n","protected":false},"author":1,"featured_media":0,"comment_status":"open","ping_status":"open","sticky":false,"template":"","format":"standard","meta":{"footnotes":""},"categories":[21],"tags":[],"class_list":{"0":"post-21108","1":"post","2":"type-post","3":"status-publish","4":"format-standard","6":"category-zrdab"},"yoast_head":"<!-- This site is optimized with the Yoast SEO plugin v27.0 - https:\/\/yoast.com\/product\/yoast-seo-wordpress\/ -->\n<title>Onlar Jal\u0259 \u018fliyevaya s\u0259s ver\u0259c\u0259kl\u0259rini dedil\u0259r - FOTOLAR - Z\u0259rdab.com<\/title>\n<meta name=\"robots\" content=\"index, follow, max-snippet:-1, max-image-preview:large, max-video-preview:-1\" \/>\n<link rel=\"canonical\" href=\"https:\/\/www.zerdab.com\/?p=21108\" \/>\n<meta property=\"og:locale\" content=\"az_AZ\" \/>\n<meta property=\"og:type\" content=\"article\" \/>\n<meta property=\"og:title\" content=\"Onlar Jal\u0259 \u018fliyevaya s\u0259s ver\u0259c\u0259kl\u0259rini dedil\u0259r - FOTOLAR - Z\u0259rdab.com\" \/>\n<meta property=\"og:description\" content=\"92 sayl\u0131 Z\u0259rdab-Ucar se\u00e7ki dair\u0259sind\u0259n deputatl\u0131\u011fa namiz\u0259d Jal\u0259 \u018fliyeva se\u00e7icil\u0259rl\u0259 g\u00f6r\u00fc\u015fl\u0259rini davam etdirir. Namiz\u0259d Z\u0259rdab rayonunun \u00c7all\u0131, Al\u0131canl\u0131, M\u0259likumudlu k\u0259ndl\u0259ri v\u0259 B\u0259yimli q\u0259s\u0259b\u0259sinin sakinl\u0259ri il\u0259 n\u00f6vb\u0259ti g\u00f6r\u00fc\u015f\u00fcn\u00fc ke\u00e7irib. G\u00f6r\u00fc\u015fd\u0259 \u00e7\u0131x\u0131\u015f ed\u0259n Jal\u0259 \u018fliyeva deyib ki, bu g\u00fcn Az\u0259rbaycan s\u00fcr\u0259tl\u0259 inki\u015faf etm\u0259kd\u0259, \u00f6z\u00fcn\u00fcn siyasi v\u0259 iqtisadi q\u00fcdr\u0259tini art\u0131rmaqdad\u0131r. O bildirib ki, Prezident \u0130lham \u018fliyevin h\u0259yata ke\u00e7irdiyi [&hellip;]\" \/>\n<meta property=\"og:url\" content=\"https:\/\/www.zerdab.com\/?p=21108\" \/>\n<meta property=\"og:site_name\" content=\"Z\u0259rdab.com\" \/>\n<meta property=\"article:published_time\" content=\"2015-10-26T19:22:01+00:00\" \/>\n<meta property=\"article:modified_time\" content=\"2015-10-26T19:22:02+00:00\" \/>\n<meta property=\"og:image\" content=\"http:\/\/www.zerdab.com\/wp-content\/uploads\/2015\/10\/Zerdab5-550x367.jpg\" \/>\n<meta name=\"author\" content=\"admin\" \/>\n<meta name=\"twitter:card\" content=\"summary_large_image\" \/>\n<meta name=\"twitter:label1\" content=\"Written by\" \/>\n\t<meta name=\"twitter:data1\" content=\"admin\" \/>\n\t<meta name=\"twitter:label2\" content=\"Est. reading time\" \/>\n\t<meta name=\"twitter:data2\" content=\"2 minutes\" \/>\n<script type=\"application\/ld+json\" class=\"yoast-schema-graph\">{\"@context\":\"https:\/\/schema.org\",\"@graph\":[{\"@type\":\"Article\",\"@id\":\"https:\/\/www.zerdab.com\/?p=21108#article\",\"isPartOf\":{\"@id\":\"https:\/\/www.zerdab.com\/?p=21108\"},\"author\":{\"name\":\"admin\",\"@id\":\"https:\/\/www.zerdab.com\/#\/schema\/person\/97079b7570c1e89ec0d9e138c3672136\"},\"headline\":\"Onlar Jal\u0259 \u018fliyevaya s\u0259s ver\u0259c\u0259kl\u0259rini dedil\u0259r &#8211; FOTOLAR\",\"datePublished\":\"2015-10-26T19:22:01+00:00\",\"dateModified\":\"2015-10-26T19:22:02+00:00\",\"mainEntityOfPage\":{\"@id\":\"https:\/\/www.zerdab.com\/?p=21108\"},\"wordCount\":354,\"commentCount\":0,\"image\":{\"@id\":\"https:\/\/www.zerdab.com\/?p=21108#primaryimage\"},\"thumbnailUrl\":\"http:\/\/www.zerdab.com\/wp-content\/uploads\/2015\/10\/Zerdab5-550x367.jpg\",\"articleSection\":[\"C\u018fM\u0130YY\u018fT\"],\"inLanguage\":\"az\",\"potentialAction\":[{\"@type\":\"CommentAction\",\"name\":\"Comment\",\"target\":[\"https:\/\/www.zerdab.com\/?p=21108#respond\"]}]},{\"@type\":\"WebPage\",\"@id\":\"https:\/\/www.zerdab.com\/?p=21108\",\"url\":\"https:\/\/www.zerdab.com\/?p=21108\",\"name\":\"Onlar Jal\u0259 \u018fliyevaya s\u0259s ver\u0259c\u0259kl\u0259rini dedil\u0259r - FOTOLAR - Z\u0259rdab.com\",\"isPartOf\":{\"@id\":\"https:\/\/www.zerdab.com\/#website\"},\"primaryImageOfPage\":{\"@id\":\"https:\/\/www.zerdab.com\/?p=21108#primaryimage\"},\"image\":{\"@id\":\"https:\/\/www.zerdab.com\/?p=21108#primaryimage\"},\"thumbnailUrl\":\"http:\/\/www.zerdab.com\/wp-content\/uploads\/2015\/10\/Zerdab5-550x367.jpg\",\"datePublished\":\"2015-10-26T19:22:01+00:00\",\"dateModified\":\"2015-10-26T19:22:02+00:00\",\"author\":{\"@id\":\"https:\/\/www.zerdab.com\/#\/schema\/person\/97079b7570c1e89ec0d9e138c3672136\"},\"breadcrumb\":{\"@id\":\"https:\/\/www.zerdab.com\/?p=21108#breadcrumb\"},\"inLanguage\":\"az\",\"potentialAction\":[{\"@type\":\"ReadAction\",\"target\":[\"https:\/\/www.zerdab.com\/?p=21108\"]}]},{\"@type\":\"ImageObject\",\"inLanguage\":\"az\",\"@id\":\"https:\/\/www.zerdab.com\/?p=21108#primaryimage\",\"url\":\"\",\"contentUrl\":\"\"},{\"@type\":\"BreadcrumbList\",\"@id\":\"https:\/\/www.zerdab.com\/?p=21108#breadcrumb\",\"itemListElement\":[{\"@type\":\"ListItem\",\"position\":1,\"name\":\"Home\",\"item\":\"https:\/\/www.zerdab.com\/\"},{\"@type\":\"ListItem\",\"position\":2,\"name\":\"Onlar Jal\u0259 \u018fliyevaya s\u0259s ver\u0259c\u0259kl\u0259rini dedil\u0259r &#8211; FOTOLAR\"}]},{\"@type\":\"WebSite\",\"@id\":\"https:\/\/www.zerdab.com\/#website\",\"url\":\"https:\/\/www.zerdab.com\/\",\"name\":\"Z\u0259rdab.com\",\"description\":\"\",\"potentialAction\":[{\"@type\":\"SearchAction\",\"target\":{\"@type\":\"EntryPoint\",\"urlTemplate\":\"https:\/\/www.zerdab.com\/?s={search_term_string}\"},\"query-input\":{\"@type\":\"PropertyValueSpecification\",\"valueRequired\":true,\"valueName\":\"search_term_string\"}}],\"inLanguage\":\"az\"},{\"@type\":\"Person\",\"@id\":\"https:\/\/www.zerdab.com\/#\/schema\/person\/97079b7570c1e89ec0d9e138c3672136\",\"name\":\"admin\",\"image\":{\"@type\":\"ImageObject\",\"inLanguage\":\"az\",\"@id\":\"https:\/\/www.zerdab.com\/#\/schema\/person\/image\/\",\"url\":\"https:\/\/secure.gravatar.com\/avatar\/d9c52a9a27c32119cb6679a077fa3e2779e5f822c451cbf01098004361d466ec?s=96&d=mm&r=g\",\"contentUrl\":\"https:\/\/secure.gravatar.com\/avatar\/d9c52a9a27c32119cb6679a077fa3e2779e5f822c451cbf01098004361d466ec?s=96&d=mm&r=g\",\"caption\":\"admin\"},\"url\":\"https:\/\/www.zerdab.com\/?author=1\"}]}<\/script>\n<!-- \/ Yoast SEO plugin. -->","yoast_head_json":{"title":"Onlar Jal\u0259 \u018fliyevaya s\u0259s ver\u0259c\u0259kl\u0259rini dedil\u0259r - FOTOLAR - Z\u0259rdab.com","robots":{"index":"index","follow":"follow","max-snippet":"max-snippet:-1","max-image-preview":"max-image-preview:large","max-video-preview":"max-video-preview:-1"},"canonical":"https:\/\/www.zerdab.com\/?p=21108","og_locale":"az_AZ","og_type":"article","og_title":"Onlar Jal\u0259 \u018fliyevaya s\u0259s ver\u0259c\u0259kl\u0259rini dedil\u0259r - FOTOLAR - Z\u0259rdab.com","og_description":"92 sayl\u0131 Z\u0259rdab-Ucar se\u00e7ki dair\u0259sind\u0259n deputatl\u0131\u011fa namiz\u0259d Jal\u0259 \u018fliyeva se\u00e7icil\u0259rl\u0259 g\u00f6r\u00fc\u015fl\u0259rini davam etdirir. Namiz\u0259d Z\u0259rdab rayonunun \u00c7all\u0131, Al\u0131canl\u0131, M\u0259likumudlu k\u0259ndl\u0259ri v\u0259 B\u0259yimli q\u0259s\u0259b\u0259sinin sakinl\u0259ri il\u0259 n\u00f6vb\u0259ti g\u00f6r\u00fc\u015f\u00fcn\u00fc ke\u00e7irib. G\u00f6r\u00fc\u015fd\u0259 \u00e7\u0131x\u0131\u015f ed\u0259n Jal\u0259 \u018fliyeva deyib ki, bu g\u00fcn Az\u0259rbaycan s\u00fcr\u0259tl\u0259 inki\u015faf etm\u0259kd\u0259, \u00f6z\u00fcn\u00fcn siyasi v\u0259 iqtisadi q\u00fcdr\u0259tini art\u0131rmaqdad\u0131r. O bildirib ki, Prezident \u0130lham \u018fliyevin h\u0259yata ke\u00e7irdiyi [&hellip;]","og_url":"https:\/\/www.zerdab.com\/?p=21108","og_site_name":"Z\u0259rdab.com","article_published_time":"2015-10-26T19:22:01+00:00","article_modified_time":"2015-10-26T19:22:02+00:00","og_image":[{"url":"http:\/\/www.zerdab.com\/wp-content\/uploads\/2015\/10\/Zerdab5-550x367.jpg","type":"","width":"","height":""}],"author":"admin","twitter_card":"summary_large_image","twitter_misc":{"Written by":"admin","Est. reading time":"2 minutes"},"schema":{"@context":"https:\/\/schema.org","@graph":[{"@type":"Article","@id":"https:\/\/www.zerdab.com\/?p=21108#article","isPartOf":{"@id":"https:\/\/www.zerdab.com\/?p=21108"},"author":{"name":"admin","@id":"https:\/\/www.zerdab.com\/#\/schema\/person\/97079b7570c1e89ec0d9e138c3672136"},"headline":"Onlar Jal\u0259 \u018fliyevaya s\u0259s ver\u0259c\u0259kl\u0259rini dedil\u0259r &#8211; FOTOLAR","datePublished":"2015-10-26T19:22:01+00:00","dateModified":"2015-10-26T19:22:02+00:00","mainEntityOfPage":{"@id":"https:\/\/www.zerdab.com\/?p=21108"},"wordCount":354,"commentCount":0,"image":{"@id":"https:\/\/www.zerdab.com\/?p=21108#primaryimage"},"thumbnailUrl":"http:\/\/www.zerdab.com\/wp-content\/uploads\/2015\/10\/Zerdab5-550x367.jpg","articleSection":["C\u018fM\u0130YY\u018fT"],"inLanguage":"az","potentialAction":[{"@type":"CommentAction","name":"Comment","target":["https:\/\/www.zerdab.com\/?p=21108#respond"]}]},{"@type":"WebPage","@id":"https:\/\/www.zerdab.com\/?p=21108","url":"https:\/\/www.zerdab.com\/?p=21108","name":"Onlar Jal\u0259 \u018fliyevaya s\u0259s ver\u0259c\u0259kl\u0259rini dedil\u0259r - FOTOLAR - Z\u0259rdab.com","isPartOf":{"@id":"https:\/\/www.zerdab.com\/#website"},"primaryImageOfPage":{"@id":"https:\/\/www.zerdab.com\/?p=21108#primaryimage"},"image":{"@id":"https:\/\/www.zerdab.com\/?p=21108#primaryimage"},"thumbnailUrl":"http:\/\/www.zerdab.com\/wp-content\/uploads\/2015\/10\/Zerdab5-550x367.jpg","datePublished":"2015-10-26T19:22:01+00:00","dateModified":"2015-10-26T19:22:02+00:00","author":{"@id":"https:\/\/www.zerdab.com\/#\/schema\/person\/97079b7570c1e89ec0d9e138c3672136"},"breadcrumb":{"@id":"https:\/\/www.zerdab.com\/?p=21108#breadcrumb"},"inLanguage":"az","potentialAction":[{"@type":"ReadAction","target":["https:\/\/www.zerdab.com\/?p=21108"]}]},{"@type":"ImageObject","inLanguage":"az","@id":"https:\/\/www.zerdab.com\/?p=21108#primaryimage","url":"","contentUrl":""},{"@type":"BreadcrumbList","@id":"https:\/\/www.zerdab.com\/?p=21108#breadcrumb","itemListElement":[{"@type":"ListItem","position":1,"name":"Home","item":"https:\/\/www.zerdab.com\/"},{"@type":"ListItem","position":2,"name":"Onlar Jal\u0259 \u018fliyevaya s\u0259s ver\u0259c\u0259kl\u0259rini dedil\u0259r &#8211; FOTOLAR"}]},{"@type":"WebSite","@id":"https:\/\/www.zerdab.com\/#website","url":"https:\/\/www.zerdab.com\/","name":"Z\u0259rdab.com","description":"","potentialAction":[{"@type":"SearchAction","target":{"@type":"EntryPoint","urlTemplate":"https:\/\/www.zerdab.com\/?s={search_term_string}"},"query-input":{"@type":"PropertyValueSpecification","valueRequired":true,"valueName":"search_term_string"}}],"inLanguage":"az"},{"@type":"Person","@id":"https:\/\/www.zerdab.com\/#\/schema\/person\/97079b7570c1e89ec0d9e138c3672136","name":"admin","image":{"@type":"ImageObject","inLanguage":"az","@id":"https:\/\/www.zerdab.com\/#\/schema\/person\/image\/","url":"https:\/\/secure.gravatar.com\/avatar\/d9c52a9a27c32119cb6679a077fa3e2779e5f822c451cbf01098004361d466ec?s=96&d=mm&r=g","contentUrl":"https:\/\/secure.gravatar.com\/avatar\/d9c52a9a27c32119cb6679a077fa3e2779e5f822c451cbf01098004361d466ec?s=96&d=mm&r=g","caption":"admin"},"url":"https:\/\/www.zerdab.com\/?author=1"}]}},"_links":{"self":[{"href":"https:\/\/www.zerdab.com\/index.php?rest_route=\/wp\/v2\/posts\/21108","targetHints":{"allow":["GET"]}}],"collection":[{"href":"https:\/\/www.zerdab.com\/index.php?rest_route=\/wp\/v2\/posts"}],"about":[{"href":"https:\/\/www.zerdab.com\/index.php?rest_route=\/wp\/v2\/types\/post"}],"author":[{"embeddable":true,"href":"https:\/\/www.zerdab.com\/index.php?rest_route=\/wp\/v2\/users\/1"}],"replies":[{"embeddable":true,"href":"https:\/\/www.zerdab.com\/index.php?rest_route=%2Fwp%2Fv2%2Fcomments&post=21108"}],"version-history":[{"count":2,"href":"https:\/\/www.zerdab.com\/index.php?rest_route=\/wp\/v2\/posts\/21108\/revisions"}],"predecessor-version":[{"id":21122,"href":"https:\/\/www.zerdab.com\/index.php?rest_route=\/wp\/v2\/posts\/21108\/revisions\/21122"}],"wp:attachment":[{"href":"https:\/\/www.zerdab.com\/index.php?rest_route=%2Fwp%2Fv2%2Fmedia&parent=21108"}],"wp:term":[{"taxonomy":"category","embeddable":true,"href":"https:\/\/www.zerdab.com\/index.php?rest_route=%2Fwp%2Fv2%2Fcategories&post=21108"},{"taxonomy":"post_tag","embeddable":true,"href":"https:\/\/www.zerdab.com\/index.php?rest_route=%2Fwp%2Fv2%2Ftags&post=21108"}],"curies":[{"name":"wp","href":"https:\/\/api.w.org\/{rel}","templated":true}]}}