{"id":21146,"date":"2015-10-28T22:58:57","date_gmt":"2015-10-28T18:58:57","guid":{"rendered":"http:\/\/www.zerdab.com\/?p=21146"},"modified":"2015-10-28T22:58:57","modified_gmt":"2015-10-28T18:58:57","slug":"jal%c9%99-%c9%99liyevani-cosqu-il%c9%99-qarsiladilar-fotolar","status":"publish","type":"post","link":"https:\/\/www.zerdab.com\/?p=21146","title":{"rendered":"Jal\u0259 \u018fliyevan\u0131 co\u015fqu il\u0259 qar\u015f\u0131lad\u0131lar &#8211; FOTOLAR"},"content":{"rendered":"<p><a href=\"http:\/\/www.zerdab.com\/jal%c9%99-%c9%99liyevani-cosqu-il%c9%99-qarsiladilar-fotolar\/jal%c9%99-%c9%99liyeva1-11\/\" rel=\"attachment wp-att-21148\"><img loading=\"lazy\" decoding=\"async\" class=\"aligncenter size-full wp-image-21148\" src=\"http:\/\/www.zerdab.com\/wp-content\/uploads\/2015\/10\/Jal\u0259-\u018fliyeva113.jpg\" alt=\"Jal\u0259 \u018fliyeva\" width=\"448\" height=\"299\" \/><\/a>92 sayl\u0131 Z\u0259rdab-Ucar se\u00e7ki dair\u0259sind\u0259n deputatl\u0131\u011fa namiz\u0259d Jal\u0259 \u018fliyeva se\u00e7icil\u0259rl\u0259 g\u00f6r\u00fc\u015fl\u0259rini davam etdirir.<\/p>\n<p>Namiz\u0259d n\u00f6vb\u0259ti g\u00f6r\u00fc\u015fl\u0259rini Ucar rayonunun L\u0259k, X\u0259l\u0259c v\u0259 B\u0259rg\u00fc\u015fad k\u0259ndl\u0259rind\u0259n olan se\u00e7icil\u0259rl\u0259 ke\u00e7irib.<\/p>\n<p>Se\u00e7icil\u0259r t\u0259r\u0259find\u0259n b\u00f6y\u00fck co\u015fqu il\u0259 qar\u015f\u0131lanan Jal\u0259 \u018fliyeva \u00e7\u0131x\u0131\u015f ed\u0259r\u0259k Prezident \u0130lham \u018fliyevin r\u0259hb\u0259rliyi alt\u0131nda Az\u0259rbaycan\u0131n b\u00f6lg\u0259d\u0259 v\u0259 d\u00fcnyada artan n\u00fcfuzu, qazand\u0131\u011f\u0131 siyasi v\u0259 iqtisadi u\u011furlar, b\u00fct\u00fcn \u00f6lk\u0259d\u0259, el\u0259c\u0259 d\u0259 92 sayl\u0131 se\u00e7ki dair\u0259si \u0259razisind\u0259 d\u00f6vl\u0259t t\u0259r\u0259find\u0259n h\u0259yata ke\u00e7irilmi\u015f b\u00f6y\u00fck i\u015fl\u0259r bar\u0259d\u0259 dan\u0131\u015f\u0131b. Namiz\u0259d qeyd edib ki, L\u0259k v\u0259 X\u0259l\u0259c k\u0259ndl\u0259rinin qazla\u015fd\u0131r\u0131lmas\u0131 art\u0131q ba\u015fa \u00e7at\u0131b, bu k\u0259ndl\u0259rd\u0259 yeni m\u0259kt\u0259bl\u0259r tikilib, yollar t\u0259mir olunub.<\/p>\n<p>Jal\u0259 \u018fliyeva m\u0259lumat verib ki, L\u0259k, X\u0259l\u0259c k\u0259ndl\u0259rinin su probleminin h\u0259lli m\u0259qs\u0259di il\u0259 su qur\u011fular\u0131n\u0131n qura\u015fd\u0131r\u0131lmas\u0131 \u00fc\u00e7\u00fcn m\u00fcvafiq qurumlara m\u00fcraci\u0259t edib. Daha sonra \u00e7\u0131x\u0131\u015f ed\u0259n se\u00e7icil\u0259r d\u00f6vl\u0259tin ucarl\u0131lara g\u00f6st\u0259rdiyi y\u00fcks\u0259k diqq\u0259t v\u0259 qay\u011f\u0131dan raz\u0131l\u0131q edibl\u0259r. \u00a0K\u0259nd sakinl\u0259ri onlar\u0131 Milli M\u0259clisd\u0259 t\u0259msil ed\u0259n Jal\u0259 \u018fliyevan\u0131n daima se\u00e7icil\u0259ri il\u0259 bir yerd\u0259 oldu\u011funu, onlar\u0131 narahat ed\u0259n m\u0259s\u0259l\u0259l\u0259ri daima m\u00fcvafiq qurumlar qar\u015f\u0131s\u0131nda qald\u0131rd\u0131\u011f\u0131n\u0131 bildir\u0259r\u0259k, deputat\u0131n f\u0259aliyy\u0259tini y\u00fcks\u0259k qiym\u0259tl\u0259ndiribl\u0259r. Jal\u0259 \u018fliyevan\u0131n deputatl\u0131q f\u0259aliyy\u0259tini \u0259ks etdir\u0259n video-\u00e7arx se\u00e7icil\u0259r t\u0259r\u0259find\u0259n b\u00f6y\u00fck maraq v\u0259 t\u0259qdirl\u0259 qar\u015f\u0131lan\u0131b.<\/p>\n<p>Deputatl\u0131\u011fa namiz\u0259d Jal\u0259 \u018fliyevan\u0131n B\u0259rg\u00fc\u015fad k\u0259ndind\u0259 ke\u00e7irdiyi g\u00f6r\u00fc\u015f d\u0259 m\u00f6ht\u0259\u015f\u0259m co\u015fqu il\u0259 m\u00fc\u015fahid\u0259 olunub. G\u00f6r\u00fc\u015fd\u0259 \u00e7\u0131x\u0131\u015f ed\u0259n se\u00e7icil\u0259r bildiribl\u0259r ki, onlar\u0131n J.\u018fliyevaya etdikl\u0259ri m\u00fcraic\u0259tl\u0259r v\u0259 mill\u0259t v\u0259kilinin bu problemi m\u00fcvafiq qurumlar qar\u015f\u0131s\u0131nda d\u0259f\u0259l\u0259rl\u0259 qald\u0131rmas\u0131 n\u0259tic\u0259sind\u0259 k\u0259ndin b\u0259rbad durumda olan yollar\u0131 2008-ci ild\u0259 \u0259sasl\u0131 t\u0259mir olunub. K\u0259nd sakinl\u0259ri qeyd edibl\u0259r ki, Jal\u0259 \u018fliyevan\u0131n B\u0259rg\u00fc\u015fad k\u0259ndinin qazla t\u0259min olunmas\u0131 il\u0259 ba\u011fl\u0131 m\u0259s\u0259l\u0259ni d\u0259f\u0259l\u0259rl\u0259 Milli M\u0259clisin g\u00fcnd\u0259liyin\u0259 \u00e7\u0131xarmas\u0131 n\u0259tic\u0259sind\u0259 art\u0131q k\u0259nd\u0259 qaz x\u0259tti \u00e7\u0259kilm\u0259kd\u0259dir.<\/p>\n<p>\u00c7\u0131x\u0131\u015f ed\u0259n k\u0259nd a\u011fsaqall\u0131 S\u0259m\u0259d Al\u0131yev, m\u00fc\u0259llim\u0259 \u0130lah\u0259 S\u00fcleymanova Jal\u0259 \u018fliyevan\u0131n deputatl\u0131q f\u0259aliyy\u0259tini t\u0259qdir etdikl\u0259rini, onun \u00f6z se\u00e7icil\u0259rini Milli M\u0259clisd\u0259 l\u0259yaq\u0259tl\u0259 t\u0259msil etdiyini bildiribl\u0259r. Natiql\u0259r Jal\u0259 \u018fliyevan\u0131n yaln\u0131z mill\u0259t v\u0259kili kimi deyil, bir ziyal\u0131 v\u0259 alim kimi daima Az\u0259rbaycan\u0131n inki\u015faf\u0131 namin\u0259 \u00e7al\u0131\u015fd\u0131\u011f\u0131n\u0131 qeyd edibl\u0259r. Onlar bel\u0259 bir mill\u0259t v\u0259kill\u0259ri oldu\u011fu \u00fc\u00e7\u00fcn f\u0259xr etdikl\u0259rini v\u0259 ona etimadlar\u0131n\u0131n tam oldu\u011funu vur\u011fulay\u0131blar.<\/p>\n<p>Jal\u0259 \u018fliyeva se\u00e7icil\u0259r qar\u015f\u0131s\u0131nda \u00e7\u0131x\u0131\u015f ed\u0259r\u0259k bildirib ki, Az\u0259rbaycan\u0131n b\u00fct\u00fcn b\u00f6lg\u0259l\u0259rind\u0259 m\u00fc\u015fahid\u0259 olunan s\u00fcr\u0259tli sosial-iqtisadi inki\u015faf birba\u015fa Prezident \u0130lham \u018fliyevin ad\u0131 il\u0259 ba\u011fl\u0131d\u0131r.<\/p>\n<p>J. \u018fliyeva bildirib ki, bir mill\u0259t v\u0259kili kimi m\u00fcvafiq qurumlarla apar\u0131lan s\u0131x dan\u0131\u015f\u0131qlar\u0131n yekunu olaraq, L\u0259k, X\u0259l\u0259c v\u0259 B\u0259rg\u00fc\u015fad k\u0259ndl\u0259rind\u0259 yeni bax\u00e7an\u0131n tikilm\u0259si, m\u0259d\u0259niyy\u0259t klubunun t\u0259mir v\u0259 tikintisi, t\u0259qa\u00fcd\u00e7\u00fcl\u0259rin i\u015finin asanlanla\u015fd\u0131r\u0131lmas\u0131 \u00fc\u00e7\u00fcn bankomatlar\u0131n qura\u015fd\u0131r\u0131lmas\u0131, Z\u0259rdab-Ucar yolunun \u0259sasl\u0131 t\u0259miri Nazirl\u0259r Kabinetinin 2015-ci il hesabat\u0131na daxil edilib v\u0259 yax\u0131n zamanlarda bu i\u015fl\u0259r\u0259 ba\u015flan\u0131lacaq.\u00a0 G\u00f6r\u00fc\u015fd\u0259 Jal\u0259 \u018fliyevan\u0131n deputatl\u0131q f\u0259aliyy\u0259tini \u0259ks etdir\u0259n video-\u00e7arx n\u00fcmayi\u015f etdirilib. Video-\u00e7arxda Jal\u0259 \u018fliyevan\u0131n b\u0259rg\u00fc\u015fadl\u0131lar\u0131 narahat ed\u0259n probleml\u0259ri d\u0259f\u0259l\u0259rl\u0259 Milli M\u0259clisd\u0259 qald\u0131rd\u0131\u011f\u0131na \u015fahidlik ed\u0259n se\u00e7icil\u0259r deputat\u0131n bu s\u0259mimiyy\u0259t v\u0259 prinspiall\u0131\u011f\u0131na alq\u0131\u015flarla qar\u015f\u0131l\u0131q veribl\u0259r.<\/p>\n<p>Se\u00e7icil\u0259r Jal\u0259 \u018fliyevan\u0131n mill\u0259t v\u0259kili kimi f\u0259aliyy\u0259tinin n\u00fcmun\u0259vi oldu\u011funu v\u0259 1 noyabr se\u00e7kil\u0259rind\u0259 onu d\u0259st\u0259kl\u0259y\u0259c\u0259yini qeyd edibl\u0259r.\u00a0\u00a0\u00a0\u00a0\u00a0\u00a0\u00a0\u00a0<a href=\"http:\/\/www.zerdab.com\/jal%c9%99-%c9%99liyevani-cosqu-il%c9%99-qarsiladilar-fotolar\/jal%c9%99-%c9%99liyeva-24\/\" rel=\"attachment wp-att-21147\"><img loading=\"lazy\" decoding=\"async\" class=\"aligncenter size-full wp-image-21147\" src=\"http:\/\/www.zerdab.com\/wp-content\/uploads\/2015\/10\/Jal\u0259-\u018fliyeva27.jpg\" alt=\"Jal\u0259 \u018fliyeva\" width=\"448\" height=\"299\" \/><\/a><a href=\"http:\/\/www.zerdab.com\/jal%c9%99-%c9%99liyevani-cosqu-il%c9%99-qarsiladilar-fotolar\/jal%c9%99-%c9%99liyeva2-8\/\" rel=\"attachment wp-att-21149\"><img loading=\"lazy\" decoding=\"async\" class=\"aligncenter size-full wp-image-21149\" src=\"http:\/\/www.zerdab.com\/wp-content\/uploads\/2015\/10\/Jal\u0259-\u018fliyeva28.jpg\" alt=\"Jal\u0259 \u018fliyeva\" width=\"448\" height=\"272\" \/><\/a><a href=\"http:\/\/www.zerdab.com\/jal%c9%99-%c9%99liyevani-cosqu-il%c9%99-qarsiladilar-fotolar\/jal%c9%99-%c9%99liyeva3-10\/\" rel=\"attachment wp-att-21150\"><img loading=\"lazy\" decoding=\"async\" class=\"aligncenter size-full wp-image-21150\" src=\"http:\/\/www.zerdab.com\/wp-content\/uploads\/2015\/10\/Jal\u0259-\u018fliyeva37.jpg\" alt=\"Jal\u0259 \u018fliyeva\" width=\"448\" height=\"284\" \/><\/a><a href=\"http:\/\/www.zerdab.com\/jal%c9%99-%c9%99liyevani-cosqu-il%c9%99-qarsiladilar-fotolar\/jal%c9%99-%c9%99liyeva4-6\/\" rel=\"attachment wp-att-21151\"><img loading=\"lazy\" decoding=\"async\" class=\"aligncenter size-full wp-image-21151\" src=\"http:\/\/www.zerdab.com\/wp-content\/uploads\/2015\/10\/Jal\u0259-\u018fliyeva45.jpg\" alt=\"Jal\u0259 \u018fliyeva\" width=\"448\" height=\"307\" \/><\/a><a href=\"http:\/\/www.zerdab.com\/jal%c9%99-%c9%99liyevani-cosqu-il%c9%99-qarsiladilar-fotolar\/jal%c9%99-%c9%99liyeva8-7\/\" rel=\"attachment wp-att-21155\"><img loading=\"lazy\" decoding=\"async\" class=\"aligncenter size-full wp-image-21155\" src=\"http:\/\/www.zerdab.com\/wp-content\/uploads\/2015\/10\/Jal\u0259-\u018fliyeva85.jpg\" alt=\"Jal\u0259 \u018fliyeva\" width=\"448\" height=\"299\" \/><\/a><a href=\"http:\/\/www.zerdab.com\/jal%c9%99-%c9%99liyevani-cosqu-il%c9%99-qarsiladilar-fotolar\/jal%c9%99-%c9%99liyeva7-7\/\" rel=\"attachment wp-att-21154\"><img loading=\"lazy\" decoding=\"async\" class=\"aligncenter size-full wp-image-21154\" src=\"http:\/\/www.zerdab.com\/wp-content\/uploads\/2015\/10\/Jal\u0259-\u018fliyeva75.jpg\" alt=\"Jal\u0259 \u018fliyeva\" width=\"448\" height=\"299\" \/><\/a><a href=\"http:\/\/www.zerdab.com\/jal%c9%99-%c9%99liyevani-cosqu-il%c9%99-qarsiladilar-fotolar\/jal%c9%99-%c9%99liyeva6-8\/\" rel=\"attachment wp-att-21153\"><img loading=\"lazy\" decoding=\"async\" class=\"aligncenter size-full wp-image-21153\" src=\"http:\/\/www.zerdab.com\/wp-content\/uploads\/2015\/10\/Jal\u0259-\u018fliyeva66.jpg\" alt=\"Jal\u0259 \u018fliyeva\" width=\"448\" height=\"299\" \/><\/a><\/p>\n","protected":false},"excerpt":{"rendered":"<p>92 sayl\u0131 Z\u0259rdab-Ucar se\u00e7ki dair\u0259sind\u0259n deputatl\u0131\u011fa namiz\u0259d Jal\u0259 \u018fliyeva se\u00e7icil\u0259rl\u0259 g\u00f6r\u00fc\u015fl\u0259rini davam etdirir. Namiz\u0259d n\u00f6vb\u0259ti g\u00f6r\u00fc\u015fl\u0259rini Ucar rayonunun L\u0259k, X\u0259l\u0259c v\u0259 B\u0259rg\u00fc\u015fad k\u0259ndl\u0259rind\u0259n olan se\u00e7icil\u0259rl\u0259 ke\u00e7irib. Se\u00e7icil\u0259r t\u0259r\u0259find\u0259n b\u00f6y\u00fck co\u015fqu il\u0259 qar\u015f\u0131lanan Jal\u0259 \u018fliyeva \u00e7\u0131x\u0131\u015f ed\u0259r\u0259k Prezident \u0130lham \u018fliyevin r\u0259hb\u0259rliyi alt\u0131nda Az\u0259rbaycan\u0131n b\u00f6lg\u0259d\u0259 v\u0259 d\u00fcnyada artan n\u00fcfuzu, qazand\u0131\u011f\u0131 siyasi v\u0259 iqtisadi u\u011furlar, b\u00fct\u00fcn \u00f6lk\u0259d\u0259, el\u0259c\u0259 [&hellip;]<\/p>\n","protected":false},"author":1,"featured_media":0,"comment_status":"open","ping_status":"open","sticky":false,"template":"","format":"standard","meta":{"footnotes":""},"categories":[21],"tags":[],"class_list":{"0":"post-21146","1":"post","2":"type-post","3":"status-publish","4":"format-standard","6":"category-zrdab"},"yoast_head":"<!-- This site is optimized with the Yoast SEO plugin v27.0 - https:\/\/yoast.com\/product\/yoast-seo-wordpress\/ -->\n<title>Jal\u0259 \u018fliyevan\u0131 co\u015fqu il\u0259 qar\u015f\u0131lad\u0131lar - FOTOLAR - Z\u0259rdab.com<\/title>\n<meta name=\"robots\" content=\"index, follow, max-snippet:-1, max-image-preview:large, max-video-preview:-1\" \/>\n<link rel=\"canonical\" href=\"https:\/\/www.zerdab.com\/?p=21146\" \/>\n<meta property=\"og:locale\" content=\"az_AZ\" \/>\n<meta property=\"og:type\" content=\"article\" \/>\n<meta property=\"og:title\" content=\"Jal\u0259 \u018fliyevan\u0131 co\u015fqu il\u0259 qar\u015f\u0131lad\u0131lar - FOTOLAR - Z\u0259rdab.com\" \/>\n<meta property=\"og:description\" content=\"92 sayl\u0131 Z\u0259rdab-Ucar se\u00e7ki dair\u0259sind\u0259n deputatl\u0131\u011fa namiz\u0259d Jal\u0259 \u018fliyeva se\u00e7icil\u0259rl\u0259 g\u00f6r\u00fc\u015fl\u0259rini davam etdirir. Namiz\u0259d n\u00f6vb\u0259ti g\u00f6r\u00fc\u015fl\u0259rini Ucar rayonunun L\u0259k, X\u0259l\u0259c v\u0259 B\u0259rg\u00fc\u015fad k\u0259ndl\u0259rind\u0259n olan se\u00e7icil\u0259rl\u0259 ke\u00e7irib. Se\u00e7icil\u0259r t\u0259r\u0259find\u0259n b\u00f6y\u00fck co\u015fqu il\u0259 qar\u015f\u0131lanan Jal\u0259 \u018fliyeva \u00e7\u0131x\u0131\u015f ed\u0259r\u0259k Prezident \u0130lham \u018fliyevin r\u0259hb\u0259rliyi alt\u0131nda Az\u0259rbaycan\u0131n b\u00f6lg\u0259d\u0259 v\u0259 d\u00fcnyada artan n\u00fcfuzu, qazand\u0131\u011f\u0131 siyasi v\u0259 iqtisadi u\u011furlar, b\u00fct\u00fcn \u00f6lk\u0259d\u0259, el\u0259c\u0259 [&hellip;]\" \/>\n<meta property=\"og:url\" content=\"https:\/\/www.zerdab.com\/?p=21146\" \/>\n<meta property=\"og:site_name\" content=\"Z\u0259rdab.com\" \/>\n<meta property=\"article:published_time\" content=\"2015-10-28T18:58:57+00:00\" \/>\n<meta name=\"author\" content=\"admin\" \/>\n<meta name=\"twitter:card\" content=\"summary_large_image\" \/>\n<meta name=\"twitter:label1\" content=\"Written by\" \/>\n\t<meta name=\"twitter:data1\" content=\"admin\" \/>\n\t<meta name=\"twitter:label2\" content=\"Est. reading time\" \/>\n\t<meta name=\"twitter:data2\" content=\"4 minutes\" \/>\n<script type=\"application\/ld+json\" class=\"yoast-schema-graph\">{\"@context\":\"https:\/\/schema.org\",\"@graph\":[{\"@type\":\"Article\",\"@id\":\"https:\/\/www.zerdab.com\/?p=21146#article\",\"isPartOf\":{\"@id\":\"https:\/\/www.zerdab.com\/?p=21146\"},\"author\":{\"name\":\"admin\",\"@id\":\"https:\/\/www.zerdab.com\/#\/schema\/person\/97079b7570c1e89ec0d9e138c3672136\"},\"headline\":\"Jal\u0259 \u018fliyevan\u0131 co\u015fqu il\u0259 qar\u015f\u0131lad\u0131lar &#8211; FOTOLAR\",\"datePublished\":\"2015-10-28T18:58:57+00:00\",\"mainEntityOfPage\":{\"@id\":\"https:\/\/www.zerdab.com\/?p=21146\"},\"wordCount\":811,\"commentCount\":0,\"articleSection\":[\"C\u018fM\u0130YY\u018fT\"],\"inLanguage\":\"az\",\"potentialAction\":[{\"@type\":\"CommentAction\",\"name\":\"Comment\",\"target\":[\"https:\/\/www.zerdab.com\/?p=21146#respond\"]}]},{\"@type\":\"WebPage\",\"@id\":\"https:\/\/www.zerdab.com\/?p=21146\",\"url\":\"https:\/\/www.zerdab.com\/?p=21146\",\"name\":\"Jal\u0259 \u018fliyevan\u0131 co\u015fqu il\u0259 qar\u015f\u0131lad\u0131lar - FOTOLAR - Z\u0259rdab.com\",\"isPartOf\":{\"@id\":\"https:\/\/www.zerdab.com\/#website\"},\"datePublished\":\"2015-10-28T18:58:57+00:00\",\"author\":{\"@id\":\"https:\/\/www.zerdab.com\/#\/schema\/person\/97079b7570c1e89ec0d9e138c3672136\"},\"breadcrumb\":{\"@id\":\"https:\/\/www.zerdab.com\/?p=21146#breadcrumb\"},\"inLanguage\":\"az\",\"potentialAction\":[{\"@type\":\"ReadAction\",\"target\":[\"https:\/\/www.zerdab.com\/?p=21146\"]}]},{\"@type\":\"BreadcrumbList\",\"@id\":\"https:\/\/www.zerdab.com\/?p=21146#breadcrumb\",\"itemListElement\":[{\"@type\":\"ListItem\",\"position\":1,\"name\":\"Home\",\"item\":\"https:\/\/www.zerdab.com\/\"},{\"@type\":\"ListItem\",\"position\":2,\"name\":\"Jal\u0259 \u018fliyevan\u0131 co\u015fqu il\u0259 qar\u015f\u0131lad\u0131lar &#8211; FOTOLAR\"}]},{\"@type\":\"WebSite\",\"@id\":\"https:\/\/www.zerdab.com\/#website\",\"url\":\"https:\/\/www.zerdab.com\/\",\"name\":\"Z\u0259rdab.com\",\"description\":\"\",\"potentialAction\":[{\"@type\":\"SearchAction\",\"target\":{\"@type\":\"EntryPoint\",\"urlTemplate\":\"https:\/\/www.zerdab.com\/?s={search_term_string}\"},\"query-input\":{\"@type\":\"PropertyValueSpecification\",\"valueRequired\":true,\"valueName\":\"search_term_string\"}}],\"inLanguage\":\"az\"},{\"@type\":\"Person\",\"@id\":\"https:\/\/www.zerdab.com\/#\/schema\/person\/97079b7570c1e89ec0d9e138c3672136\",\"name\":\"admin\",\"image\":{\"@type\":\"ImageObject\",\"inLanguage\":\"az\",\"@id\":\"https:\/\/www.zerdab.com\/#\/schema\/person\/image\/\",\"url\":\"https:\/\/secure.gravatar.com\/avatar\/d9c52a9a27c32119cb6679a077fa3e2779e5f822c451cbf01098004361d466ec?s=96&d=mm&r=g\",\"contentUrl\":\"https:\/\/secure.gravatar.com\/avatar\/d9c52a9a27c32119cb6679a077fa3e2779e5f822c451cbf01098004361d466ec?s=96&d=mm&r=g\",\"caption\":\"admin\"},\"url\":\"https:\/\/www.zerdab.com\/?author=1\"}]}<\/script>\n<!-- \/ Yoast SEO plugin. -->","yoast_head_json":{"title":"Jal\u0259 \u018fliyevan\u0131 co\u015fqu il\u0259 qar\u015f\u0131lad\u0131lar - FOTOLAR - Z\u0259rdab.com","robots":{"index":"index","follow":"follow","max-snippet":"max-snippet:-1","max-image-preview":"max-image-preview:large","max-video-preview":"max-video-preview:-1"},"canonical":"https:\/\/www.zerdab.com\/?p=21146","og_locale":"az_AZ","og_type":"article","og_title":"Jal\u0259 \u018fliyevan\u0131 co\u015fqu il\u0259 qar\u015f\u0131lad\u0131lar - FOTOLAR - Z\u0259rdab.com","og_description":"92 sayl\u0131 Z\u0259rdab-Ucar se\u00e7ki dair\u0259sind\u0259n deputatl\u0131\u011fa namiz\u0259d Jal\u0259 \u018fliyeva se\u00e7icil\u0259rl\u0259 g\u00f6r\u00fc\u015fl\u0259rini davam etdirir. Namiz\u0259d n\u00f6vb\u0259ti g\u00f6r\u00fc\u015fl\u0259rini Ucar rayonunun L\u0259k, X\u0259l\u0259c v\u0259 B\u0259rg\u00fc\u015fad k\u0259ndl\u0259rind\u0259n olan se\u00e7icil\u0259rl\u0259 ke\u00e7irib. Se\u00e7icil\u0259r t\u0259r\u0259find\u0259n b\u00f6y\u00fck co\u015fqu il\u0259 qar\u015f\u0131lanan Jal\u0259 \u018fliyeva \u00e7\u0131x\u0131\u015f ed\u0259r\u0259k Prezident \u0130lham \u018fliyevin r\u0259hb\u0259rliyi alt\u0131nda Az\u0259rbaycan\u0131n b\u00f6lg\u0259d\u0259 v\u0259 d\u00fcnyada artan n\u00fcfuzu, qazand\u0131\u011f\u0131 siyasi v\u0259 iqtisadi u\u011furlar, b\u00fct\u00fcn \u00f6lk\u0259d\u0259, el\u0259c\u0259 [&hellip;]","og_url":"https:\/\/www.zerdab.com\/?p=21146","og_site_name":"Z\u0259rdab.com","article_published_time":"2015-10-28T18:58:57+00:00","author":"admin","twitter_card":"summary_large_image","twitter_misc":{"Written by":"admin","Est. reading time":"4 minutes"},"schema":{"@context":"https:\/\/schema.org","@graph":[{"@type":"Article","@id":"https:\/\/www.zerdab.com\/?p=21146#article","isPartOf":{"@id":"https:\/\/www.zerdab.com\/?p=21146"},"author":{"name":"admin","@id":"https:\/\/www.zerdab.com\/#\/schema\/person\/97079b7570c1e89ec0d9e138c3672136"},"headline":"Jal\u0259 \u018fliyevan\u0131 co\u015fqu il\u0259 qar\u015f\u0131lad\u0131lar &#8211; FOTOLAR","datePublished":"2015-10-28T18:58:57+00:00","mainEntityOfPage":{"@id":"https:\/\/www.zerdab.com\/?p=21146"},"wordCount":811,"commentCount":0,"articleSection":["C\u018fM\u0130YY\u018fT"],"inLanguage":"az","potentialAction":[{"@type":"CommentAction","name":"Comment","target":["https:\/\/www.zerdab.com\/?p=21146#respond"]}]},{"@type":"WebPage","@id":"https:\/\/www.zerdab.com\/?p=21146","url":"https:\/\/www.zerdab.com\/?p=21146","name":"Jal\u0259 \u018fliyevan\u0131 co\u015fqu il\u0259 qar\u015f\u0131lad\u0131lar - FOTOLAR - Z\u0259rdab.com","isPartOf":{"@id":"https:\/\/www.zerdab.com\/#website"},"datePublished":"2015-10-28T18:58:57+00:00","author":{"@id":"https:\/\/www.zerdab.com\/#\/schema\/person\/97079b7570c1e89ec0d9e138c3672136"},"breadcrumb":{"@id":"https:\/\/www.zerdab.com\/?p=21146#breadcrumb"},"inLanguage":"az","potentialAction":[{"@type":"ReadAction","target":["https:\/\/www.zerdab.com\/?p=21146"]}]},{"@type":"BreadcrumbList","@id":"https:\/\/www.zerdab.com\/?p=21146#breadcrumb","itemListElement":[{"@type":"ListItem","position":1,"name":"Home","item":"https:\/\/www.zerdab.com\/"},{"@type":"ListItem","position":2,"name":"Jal\u0259 \u018fliyevan\u0131 co\u015fqu il\u0259 qar\u015f\u0131lad\u0131lar &#8211; FOTOLAR"}]},{"@type":"WebSite","@id":"https:\/\/www.zerdab.com\/#website","url":"https:\/\/www.zerdab.com\/","name":"Z\u0259rdab.com","description":"","potentialAction":[{"@type":"SearchAction","target":{"@type":"EntryPoint","urlTemplate":"https:\/\/www.zerdab.com\/?s={search_term_string}"},"query-input":{"@type":"PropertyValueSpecification","valueRequired":true,"valueName":"search_term_string"}}],"inLanguage":"az"},{"@type":"Person","@id":"https:\/\/www.zerdab.com\/#\/schema\/person\/97079b7570c1e89ec0d9e138c3672136","name":"admin","image":{"@type":"ImageObject","inLanguage":"az","@id":"https:\/\/www.zerdab.com\/#\/schema\/person\/image\/","url":"https:\/\/secure.gravatar.com\/avatar\/d9c52a9a27c32119cb6679a077fa3e2779e5f822c451cbf01098004361d466ec?s=96&d=mm&r=g","contentUrl":"https:\/\/secure.gravatar.com\/avatar\/d9c52a9a27c32119cb6679a077fa3e2779e5f822c451cbf01098004361d466ec?s=96&d=mm&r=g","caption":"admin"},"url":"https:\/\/www.zerdab.com\/?author=1"}]}},"_links":{"self":[{"href":"https:\/\/www.zerdab.com\/index.php?rest_route=\/wp\/v2\/posts\/21146","targetHints":{"allow":["GET"]}}],"collection":[{"href":"https:\/\/www.zerdab.com\/index.php?rest_route=\/wp\/v2\/posts"}],"about":[{"href":"https:\/\/www.zerdab.com\/index.php?rest_route=\/wp\/v2\/types\/post"}],"author":[{"embeddable":true,"href":"https:\/\/www.zerdab.com\/index.php?rest_route=\/wp\/v2\/users\/1"}],"replies":[{"embeddable":true,"href":"https:\/\/www.zerdab.com\/index.php?rest_route=%2Fwp%2Fv2%2Fcomments&post=21146"}],"version-history":[{"count":2,"href":"https:\/\/www.zerdab.com\/index.php?rest_route=\/wp\/v2\/posts\/21146\/revisions"}],"predecessor-version":[{"id":21159,"href":"https:\/\/www.zerdab.com\/index.php?rest_route=\/wp\/v2\/posts\/21146\/revisions\/21159"}],"wp:attachment":[{"href":"https:\/\/www.zerdab.com\/index.php?rest_route=%2Fwp%2Fv2%2Fmedia&parent=21146"}],"wp:term":[{"taxonomy":"category","embeddable":true,"href":"https:\/\/www.zerdab.com\/index.php?rest_route=%2Fwp%2Fv2%2Fcategories&post=21146"},{"taxonomy":"post_tag","embeddable":true,"href":"https:\/\/www.zerdab.com\/index.php?rest_route=%2Fwp%2Fv2%2Ftags&post=21146"}],"curies":[{"name":"wp","href":"https:\/\/api.w.org\/{rel}","templated":true}]}}