{"id":21297,"date":"2015-11-09T14:17:26","date_gmt":"2015-11-09T10:17:26","guid":{"rendered":"http:\/\/www.zerdab.com\/?p=21297"},"modified":"2015-11-09T14:17:26","modified_gmt":"2015-11-09T10:17:26","slug":"z%c9%99rdabda-dovl%c9%99t-bayragi-gunu-qeyd-olundu","status":"publish","type":"post","link":"https:\/\/www.zerdab.com\/?p=21297","title":{"rendered":"Z\u0259rdabda D\u00f6vl\u0259t Bayra\u011f\u0131 G\u00fcn\u00fc qeyd olundu"},"content":{"rendered":"<p>&nbsp;<\/p>\n<p><a href=\"http:\/\/www.zerdab.com\/z%c9%99rdabda-dovl%c9%99t-bayragi-gunu-qeyd-olundu\/z%c9%99rdab-69\/\" rel=\"attachment wp-att-21298\"><img loading=\"lazy\" decoding=\"async\" class=\"aligncenter size-large wp-image-21298\" src=\"http:\/\/www.zerdab.com\/wp-content\/uploads\/2015\/11\/Z\u0259rdab-550x365.jpg\" alt=\"Z\u0259rdab\" width=\"550\" height=\"365\" \/><\/a>9 noyabr D\u00f6vl\u0259t Bayra\u011f\u0131 G\u00fcn\u00fc m\u00fcnasib\u0259til\u0259 Z\u0259rdab rayonunda t\u0259dbir ke\u00e7irilib. \u0130cra strukturlar\u0131n\u0131n r\u0259hb\u0259rl\u0259ri, ictimaiyy\u0259t n\u00fcmay\u0259nd\u0259l\u0259ri \u0259vv\u0259lc\u0259 \u00dcmummilli liderimiz Heyd\u0259r \u018fliyevin abid\u0259si \u00f6n\u00fcn\u0259 g\u00fcl d\u0259st\u0259l\u0259ri d\u00fcz\u00fcbl\u0259r. Z\u0259rdab Rayon \u0130cra Hakimiyy\u0259tinin ba\u015f\u00e7\u0131s\u0131 L\u00fctv\u0259li Babayev bu tarixi g\u00fcn\u00fcn \u0259h\u0259miyy\u0259tind\u0259n dan\u0131\u015f\u0131b. Bildirib ki, h\u0259r bir xalq\u0131n \u0259n m\u00fcq\u0259dd\u0259s r\u0259mzl\u0259rind\u0259n olan bayraq onun varl\u0131\u011f\u0131n\u0131n, m\u00f6vcudlu\u011funun s\u00fcbutu, d\u00f6vl\u0259t qurmaq v\u0259 ona sahib \u00e7\u0131xmaq bacar\u0131\u011f\u0131n\u0131n \u0259sas g\u00f6st\u0259ricisidir. Bayraq eyni zamanda d\u00f6vl\u0259tin v\u0259 xalq\u0131n kimliyinin, apard\u0131\u011f\u0131 azadl\u0131q m\u00fccadil\u0259sinin, t\u0259f\u0259kk\u00fcr v\u0259 d\u00fc\u015f\u00fcnc\u0259 t\u0259rzinin, m\u0259n\u0259vi d\u00fcnyas\u0131n\u0131n g\u00f6r\u00fcnd\u00fcy\u00fc \u0259n \u015f\u0259ffaf v\u0259 d\u0259qiq meyard\u0131r. Rayon r\u0259hb\u0259ri Az\u0259rbaycan Respublikas\u0131n\u0131n D\u00f6vl\u0259t bayra\u011f\u0131n\u0131n yaranmas\u0131 tarixi v\u0259 bu g\u00fcn m\u00fcst\u0259qil \u00f6lk\u0259mizd\u0259 D\u00f6vl\u0259t atributu kimi ona g\u00f6st\u0259ril\u0259n ehtiramdan \u0259trafl\u0131 dan\u0131\u015f\u0131b. Bildirib ki, 1990-c\u0131 il noyabr\u0131n 17-d\u0259 Nax\u00e7\u0131van Muxtar Respublikas\u0131 Ali M\u0259clisinin \u00dcmummilli lider Heyd\u0259r \u018fliyevin s\u0259drliyi il\u0259 ke\u00e7iril\u0259n sessiyas\u0131nda Az\u0259rbaycan Xalq C\u00fcmhuriyy\u0259tinin bayra\u011f\u0131 Nax\u00e7\u0131van Muxtar Respublikas\u0131n\u0131n D\u00f6vl\u0259t bayra\u011f\u0131 kimi q\u0259bul olunub. 1991-ci il oktyabr\u0131n 18-d\u0259 is\u0259 \u00fc\u00e7r\u0259ngli bayra\u011f\u0131m\u0131z m\u00fcst\u0259qil \u00f6lk\u0259mizin D\u00f6vl\u0259t bayra\u011f\u0131 elan olunub. Prezident \u0130lham \u018fliyevin 2007-ci il 17 noyabr tarixli s\u0259r\u0259ncam\u0131 il\u0259 D\u00f6vl\u0259t Bayra\u011f\u0131 Meydan\u0131n\u0131n yarad\u0131lmas\u0131 milli-m\u0259n\u0259vi d\u0259y\u0259rl\u0259rimiz\u0259, d\u00f6vl\u0259t atributlar\u0131m\u0131za ehtiram\u0131n \u0259n bariz n\u00fcmun\u0259sidir. Z\u0259rdab rayonunda da 2011-ci ild\u0259 D\u00f6vl\u0259t Bayra\u011f\u0131 Meydan\u0131 yarad\u0131l\u0131b. Rayonun idar\u0259, m\u00fc\u0259ssis\u0259 v\u0259 t\u0259\u015fkilatlar\u0131nda, t\u0259hsil m\u00fc\u0259ssis\u0259l\u0259rind\u0259 daima d\u00f6vl\u0259t atributlar\u0131m\u0131za h\u00f6rm\u0259t v\u0259 m\u0259h\u0259bb\u0259t hissi a\u015f\u0131lan\u0131r.<\/p>\n<p>Sevinc Vaqifq\u0131z\u0131<\/p>\n<p><a href=\"http:\/\/www.zerdab.com\/z%c9%99rdabda-dovl%c9%99t-bayragi-gunu-qeyd-olundu\/z%c9%99rdab1-33\/\" rel=\"attachment wp-att-21299\"><img loading=\"lazy\" decoding=\"async\" class=\"aligncenter size-large wp-image-21299\" src=\"http:\/\/www.zerdab.com\/wp-content\/uploads\/2015\/11\/Z\u0259rdab1-550x365.jpg\" alt=\"Z\u0259rdab\" width=\"550\" height=\"365\" \/><\/a><\/p>\n<p>&nbsp;<\/p>\n","protected":false},"excerpt":{"rendered":"<p>&nbsp; 9 noyabr D\u00f6vl\u0259t Bayra\u011f\u0131 G\u00fcn\u00fc m\u00fcnasib\u0259til\u0259 Z\u0259rdab rayonunda t\u0259dbir ke\u00e7irilib. \u0130cra strukturlar\u0131n\u0131n r\u0259hb\u0259rl\u0259ri, ictimaiyy\u0259t n\u00fcmay\u0259nd\u0259l\u0259ri \u0259vv\u0259lc\u0259 \u00dcmummilli liderimiz Heyd\u0259r \u018fliyevin abid\u0259si \u00f6n\u00fcn\u0259 g\u00fcl d\u0259st\u0259l\u0259ri d\u00fcz\u00fcbl\u0259r. Z\u0259rdab Rayon \u0130cra Hakimiyy\u0259tinin ba\u015f\u00e7\u0131s\u0131 L\u00fctv\u0259li Babayev bu tarixi g\u00fcn\u00fcn \u0259h\u0259miyy\u0259tind\u0259n dan\u0131\u015f\u0131b. Bildirib ki, h\u0259r bir xalq\u0131n \u0259n m\u00fcq\u0259dd\u0259s r\u0259mzl\u0259rind\u0259n olan bayraq onun varl\u0131\u011f\u0131n\u0131n, m\u00f6vcudlu\u011funun s\u00fcbutu, d\u00f6vl\u0259t qurmaq v\u0259 [&hellip;]<\/p>\n","protected":false},"author":1,"featured_media":0,"comment_status":"open","ping_status":"open","sticky":false,"template":"","format":"standard","meta":{"footnotes":""},"categories":[21],"tags":[],"class_list":{"0":"post-21297","1":"post","2":"type-post","3":"status-publish","4":"format-standard","6":"category-zrdab"},"yoast_head":"<!-- This site is optimized with the Yoast SEO plugin v27.0 - https:\/\/yoast.com\/product\/yoast-seo-wordpress\/ -->\n<title>Z\u0259rdabda D\u00f6vl\u0259t Bayra\u011f\u0131 G\u00fcn\u00fc qeyd olundu - Z\u0259rdab.com<\/title>\n<meta name=\"robots\" content=\"index, follow, max-snippet:-1, max-image-preview:large, max-video-preview:-1\" \/>\n<link rel=\"canonical\" href=\"https:\/\/www.zerdab.com\/?p=21297\" \/>\n<meta property=\"og:locale\" content=\"az_AZ\" \/>\n<meta property=\"og:type\" content=\"article\" \/>\n<meta property=\"og:title\" content=\"Z\u0259rdabda D\u00f6vl\u0259t Bayra\u011f\u0131 G\u00fcn\u00fc qeyd olundu - Z\u0259rdab.com\" \/>\n<meta property=\"og:description\" content=\"&nbsp; 9 noyabr D\u00f6vl\u0259t Bayra\u011f\u0131 G\u00fcn\u00fc m\u00fcnasib\u0259til\u0259 Z\u0259rdab rayonunda t\u0259dbir ke\u00e7irilib. \u0130cra strukturlar\u0131n\u0131n r\u0259hb\u0259rl\u0259ri, ictimaiyy\u0259t n\u00fcmay\u0259nd\u0259l\u0259ri \u0259vv\u0259lc\u0259 \u00dcmummilli liderimiz Heyd\u0259r \u018fliyevin abid\u0259si \u00f6n\u00fcn\u0259 g\u00fcl d\u0259st\u0259l\u0259ri d\u00fcz\u00fcbl\u0259r. Z\u0259rdab Rayon \u0130cra Hakimiyy\u0259tinin ba\u015f\u00e7\u0131s\u0131 L\u00fctv\u0259li Babayev bu tarixi g\u00fcn\u00fcn \u0259h\u0259miyy\u0259tind\u0259n dan\u0131\u015f\u0131b. Bildirib ki, h\u0259r bir xalq\u0131n \u0259n m\u00fcq\u0259dd\u0259s r\u0259mzl\u0259rind\u0259n olan bayraq onun varl\u0131\u011f\u0131n\u0131n, m\u00f6vcudlu\u011funun s\u00fcbutu, d\u00f6vl\u0259t qurmaq v\u0259 [&hellip;]\" \/>\n<meta property=\"og:url\" content=\"https:\/\/www.zerdab.com\/?p=21297\" \/>\n<meta property=\"og:site_name\" content=\"Z\u0259rdab.com\" \/>\n<meta property=\"article:published_time\" content=\"2015-11-09T10:17:26+00:00\" \/>\n<meta name=\"author\" content=\"admin\" \/>\n<meta name=\"twitter:card\" content=\"summary_large_image\" \/>\n<meta name=\"twitter:label1\" content=\"Written by\" \/>\n\t<meta name=\"twitter:data1\" content=\"admin\" \/>\n\t<meta name=\"twitter:label2\" content=\"Est. reading time\" \/>\n\t<meta name=\"twitter:data2\" content=\"2 minutes\" \/>\n<script type=\"application\/ld+json\" class=\"yoast-schema-graph\">{\"@context\":\"https:\/\/schema.org\",\"@graph\":[{\"@type\":\"Article\",\"@id\":\"https:\/\/www.zerdab.com\/?p=21297#article\",\"isPartOf\":{\"@id\":\"https:\/\/www.zerdab.com\/?p=21297\"},\"author\":{\"name\":\"admin\",\"@id\":\"https:\/\/www.zerdab.com\/#\/schema\/person\/97079b7570c1e89ec0d9e138c3672136\"},\"headline\":\"Z\u0259rdabda D\u00f6vl\u0259t Bayra\u011f\u0131 G\u00fcn\u00fc qeyd olundu\",\"datePublished\":\"2015-11-09T10:17:26+00:00\",\"mainEntityOfPage\":{\"@id\":\"https:\/\/www.zerdab.com\/?p=21297\"},\"wordCount\":373,\"commentCount\":0,\"articleSection\":[\"C\u018fM\u0130YY\u018fT\"],\"inLanguage\":\"az\",\"potentialAction\":[{\"@type\":\"CommentAction\",\"name\":\"Comment\",\"target\":[\"https:\/\/www.zerdab.com\/?p=21297#respond\"]}]},{\"@type\":\"WebPage\",\"@id\":\"https:\/\/www.zerdab.com\/?p=21297\",\"url\":\"https:\/\/www.zerdab.com\/?p=21297\",\"name\":\"Z\u0259rdabda D\u00f6vl\u0259t Bayra\u011f\u0131 G\u00fcn\u00fc qeyd olundu - Z\u0259rdab.com\",\"isPartOf\":{\"@id\":\"https:\/\/www.zerdab.com\/#website\"},\"datePublished\":\"2015-11-09T10:17:26+00:00\",\"author\":{\"@id\":\"https:\/\/www.zerdab.com\/#\/schema\/person\/97079b7570c1e89ec0d9e138c3672136\"},\"breadcrumb\":{\"@id\":\"https:\/\/www.zerdab.com\/?p=21297#breadcrumb\"},\"inLanguage\":\"az\",\"potentialAction\":[{\"@type\":\"ReadAction\",\"target\":[\"https:\/\/www.zerdab.com\/?p=21297\"]}]},{\"@type\":\"BreadcrumbList\",\"@id\":\"https:\/\/www.zerdab.com\/?p=21297#breadcrumb\",\"itemListElement\":[{\"@type\":\"ListItem\",\"position\":1,\"name\":\"Home\",\"item\":\"https:\/\/www.zerdab.com\/\"},{\"@type\":\"ListItem\",\"position\":2,\"name\":\"Z\u0259rdabda D\u00f6vl\u0259t Bayra\u011f\u0131 G\u00fcn\u00fc qeyd olundu\"}]},{\"@type\":\"WebSite\",\"@id\":\"https:\/\/www.zerdab.com\/#website\",\"url\":\"https:\/\/www.zerdab.com\/\",\"name\":\"Z\u0259rdab.com\",\"description\":\"\",\"potentialAction\":[{\"@type\":\"SearchAction\",\"target\":{\"@type\":\"EntryPoint\",\"urlTemplate\":\"https:\/\/www.zerdab.com\/?s={search_term_string}\"},\"query-input\":{\"@type\":\"PropertyValueSpecification\",\"valueRequired\":true,\"valueName\":\"search_term_string\"}}],\"inLanguage\":\"az\"},{\"@type\":\"Person\",\"@id\":\"https:\/\/www.zerdab.com\/#\/schema\/person\/97079b7570c1e89ec0d9e138c3672136\",\"name\":\"admin\",\"image\":{\"@type\":\"ImageObject\",\"inLanguage\":\"az\",\"@id\":\"https:\/\/www.zerdab.com\/#\/schema\/person\/image\/\",\"url\":\"https:\/\/secure.gravatar.com\/avatar\/d9c52a9a27c32119cb6679a077fa3e2779e5f822c451cbf01098004361d466ec?s=96&d=mm&r=g\",\"contentUrl\":\"https:\/\/secure.gravatar.com\/avatar\/d9c52a9a27c32119cb6679a077fa3e2779e5f822c451cbf01098004361d466ec?s=96&d=mm&r=g\",\"caption\":\"admin\"},\"url\":\"https:\/\/www.zerdab.com\/?author=1\"}]}<\/script>\n<!-- \/ Yoast SEO plugin. -->","yoast_head_json":{"title":"Z\u0259rdabda D\u00f6vl\u0259t Bayra\u011f\u0131 G\u00fcn\u00fc qeyd olundu - Z\u0259rdab.com","robots":{"index":"index","follow":"follow","max-snippet":"max-snippet:-1","max-image-preview":"max-image-preview:large","max-video-preview":"max-video-preview:-1"},"canonical":"https:\/\/www.zerdab.com\/?p=21297","og_locale":"az_AZ","og_type":"article","og_title":"Z\u0259rdabda D\u00f6vl\u0259t Bayra\u011f\u0131 G\u00fcn\u00fc qeyd olundu - Z\u0259rdab.com","og_description":"&nbsp; 9 noyabr D\u00f6vl\u0259t Bayra\u011f\u0131 G\u00fcn\u00fc m\u00fcnasib\u0259til\u0259 Z\u0259rdab rayonunda t\u0259dbir ke\u00e7irilib. \u0130cra strukturlar\u0131n\u0131n r\u0259hb\u0259rl\u0259ri, ictimaiyy\u0259t n\u00fcmay\u0259nd\u0259l\u0259ri \u0259vv\u0259lc\u0259 \u00dcmummilli liderimiz Heyd\u0259r \u018fliyevin abid\u0259si \u00f6n\u00fcn\u0259 g\u00fcl d\u0259st\u0259l\u0259ri d\u00fcz\u00fcbl\u0259r. Z\u0259rdab Rayon \u0130cra Hakimiyy\u0259tinin ba\u015f\u00e7\u0131s\u0131 L\u00fctv\u0259li Babayev bu tarixi g\u00fcn\u00fcn \u0259h\u0259miyy\u0259tind\u0259n dan\u0131\u015f\u0131b. Bildirib ki, h\u0259r bir xalq\u0131n \u0259n m\u00fcq\u0259dd\u0259s r\u0259mzl\u0259rind\u0259n olan bayraq onun varl\u0131\u011f\u0131n\u0131n, m\u00f6vcudlu\u011funun s\u00fcbutu, d\u00f6vl\u0259t qurmaq v\u0259 [&hellip;]","og_url":"https:\/\/www.zerdab.com\/?p=21297","og_site_name":"Z\u0259rdab.com","article_published_time":"2015-11-09T10:17:26+00:00","author":"admin","twitter_card":"summary_large_image","twitter_misc":{"Written by":"admin","Est. reading time":"2 minutes"},"schema":{"@context":"https:\/\/schema.org","@graph":[{"@type":"Article","@id":"https:\/\/www.zerdab.com\/?p=21297#article","isPartOf":{"@id":"https:\/\/www.zerdab.com\/?p=21297"},"author":{"name":"admin","@id":"https:\/\/www.zerdab.com\/#\/schema\/person\/97079b7570c1e89ec0d9e138c3672136"},"headline":"Z\u0259rdabda D\u00f6vl\u0259t Bayra\u011f\u0131 G\u00fcn\u00fc qeyd olundu","datePublished":"2015-11-09T10:17:26+00:00","mainEntityOfPage":{"@id":"https:\/\/www.zerdab.com\/?p=21297"},"wordCount":373,"commentCount":0,"articleSection":["C\u018fM\u0130YY\u018fT"],"inLanguage":"az","potentialAction":[{"@type":"CommentAction","name":"Comment","target":["https:\/\/www.zerdab.com\/?p=21297#respond"]}]},{"@type":"WebPage","@id":"https:\/\/www.zerdab.com\/?p=21297","url":"https:\/\/www.zerdab.com\/?p=21297","name":"Z\u0259rdabda D\u00f6vl\u0259t Bayra\u011f\u0131 G\u00fcn\u00fc qeyd olundu - Z\u0259rdab.com","isPartOf":{"@id":"https:\/\/www.zerdab.com\/#website"},"datePublished":"2015-11-09T10:17:26+00:00","author":{"@id":"https:\/\/www.zerdab.com\/#\/schema\/person\/97079b7570c1e89ec0d9e138c3672136"},"breadcrumb":{"@id":"https:\/\/www.zerdab.com\/?p=21297#breadcrumb"},"inLanguage":"az","potentialAction":[{"@type":"ReadAction","target":["https:\/\/www.zerdab.com\/?p=21297"]}]},{"@type":"BreadcrumbList","@id":"https:\/\/www.zerdab.com\/?p=21297#breadcrumb","itemListElement":[{"@type":"ListItem","position":1,"name":"Home","item":"https:\/\/www.zerdab.com\/"},{"@type":"ListItem","position":2,"name":"Z\u0259rdabda D\u00f6vl\u0259t Bayra\u011f\u0131 G\u00fcn\u00fc qeyd olundu"}]},{"@type":"WebSite","@id":"https:\/\/www.zerdab.com\/#website","url":"https:\/\/www.zerdab.com\/","name":"Z\u0259rdab.com","description":"","potentialAction":[{"@type":"SearchAction","target":{"@type":"EntryPoint","urlTemplate":"https:\/\/www.zerdab.com\/?s={search_term_string}"},"query-input":{"@type":"PropertyValueSpecification","valueRequired":true,"valueName":"search_term_string"}}],"inLanguage":"az"},{"@type":"Person","@id":"https:\/\/www.zerdab.com\/#\/schema\/person\/97079b7570c1e89ec0d9e138c3672136","name":"admin","image":{"@type":"ImageObject","inLanguage":"az","@id":"https:\/\/www.zerdab.com\/#\/schema\/person\/image\/","url":"https:\/\/secure.gravatar.com\/avatar\/d9c52a9a27c32119cb6679a077fa3e2779e5f822c451cbf01098004361d466ec?s=96&d=mm&r=g","contentUrl":"https:\/\/secure.gravatar.com\/avatar\/d9c52a9a27c32119cb6679a077fa3e2779e5f822c451cbf01098004361d466ec?s=96&d=mm&r=g","caption":"admin"},"url":"https:\/\/www.zerdab.com\/?author=1"}]}},"_links":{"self":[{"href":"https:\/\/www.zerdab.com\/index.php?rest_route=\/wp\/v2\/posts\/21297","targetHints":{"allow":["GET"]}}],"collection":[{"href":"https:\/\/www.zerdab.com\/index.php?rest_route=\/wp\/v2\/posts"}],"about":[{"href":"https:\/\/www.zerdab.com\/index.php?rest_route=\/wp\/v2\/types\/post"}],"author":[{"embeddable":true,"href":"https:\/\/www.zerdab.com\/index.php?rest_route=\/wp\/v2\/users\/1"}],"replies":[{"embeddable":true,"href":"https:\/\/www.zerdab.com\/index.php?rest_route=%2Fwp%2Fv2%2Fcomments&post=21297"}],"version-history":[{"count":2,"href":"https:\/\/www.zerdab.com\/index.php?rest_route=\/wp\/v2\/posts\/21297\/revisions"}],"predecessor-version":[{"id":21301,"href":"https:\/\/www.zerdab.com\/index.php?rest_route=\/wp\/v2\/posts\/21297\/revisions\/21301"}],"wp:attachment":[{"href":"https:\/\/www.zerdab.com\/index.php?rest_route=%2Fwp%2Fv2%2Fmedia&parent=21297"}],"wp:term":[{"taxonomy":"category","embeddable":true,"href":"https:\/\/www.zerdab.com\/index.php?rest_route=%2Fwp%2Fv2%2Fcategories&post=21297"},{"taxonomy":"post_tag","embeddable":true,"href":"https:\/\/www.zerdab.com\/index.php?rest_route=%2Fwp%2Fv2%2Ftags&post=21297"}],"curies":[{"name":"wp","href":"https:\/\/api.w.org\/{rel}","templated":true}]}}