{"id":21322,"date":"2015-11-12T12:57:10","date_gmt":"2015-11-12T08:57:10","guid":{"rendered":"http:\/\/www.zerdab.com\/?p=21322"},"modified":"2015-11-12T12:57:10","modified_gmt":"2015-11-12T08:57:10","slug":"z%c9%99rdab-rayon-t%c9%99hsil-sob%c9%99sinin-mudirini-isd%c9%99n-cixardi","status":"publish","type":"post","link":"https:\/\/www.zerdab.com\/?p=21322","title":{"rendered":"Z\u0259rdab Rayon T\u0259hsil \u015e\u00f6b\u0259sinin m\u00fcdirini i\u015fd\u0259n \u00e7\u0131xard\u0131"},"content":{"rendered":"<figure id=\"attachment_21323\" aria-describedby=\"caption-attachment-21323\" style=\"width: 400px\" class=\"wp-caption aligncenter\"><a href=\"http:\/\/www.zerdab.com\/z%c9%99rdab-rayon-t%c9%99hsil-sob%c9%99sinin-mudirini-isd%c9%99n-cixardi\/mikayil-cabbarov-4\/\" rel=\"attachment wp-att-21323\"><img loading=\"lazy\" decoding=\"async\" class=\"size-full wp-image-21323\" src=\"http:\/\/www.zerdab.com\/wp-content\/uploads\/2015\/11\/Mikay\u0131l-Cabbarov.jpg\" alt=\"Mikay\u0131l Cabbarov\" width=\"400\" height=\"338\" \/><\/a><figcaption id=\"caption-attachment-21323\" class=\"wp-caption-text\">Mikay\u0131l Cabbarov<\/figcaption><\/figure>\n<p>Son iki ayda T\u0259hsil Nazirliyinin aparat\u0131nda v\u0259 tabeli qurumlarda bir s\u0131ra kadr d\u0259yi\u015fiklikl\u0259ri apar\u0131l\u0131b. \u201cQafqazinfo\u201dya daxil olan m\u0259lumata g\u00f6r\u0259, Mikay\u0131l Cabbarov Famil Mustafayev v\u0259 F\u0259rhad \u018fmirb\u0259yovu \u00f6z\u00fcn\u0259 m\u00fc\u015favir t\u0259yin edib.<\/p>\n<p>1975-ci ild\u0259n T\u0259hsil Nazirliyind\u0259 \u00e7al\u0131\u015fan Elm v\u0259 ali t\u0259hsil \u015f\u00f6b\u0259sinin m\u00fcdiri <strong>G\u00fclt\u0259kin H\u00fcseynova<\/strong>h\u0259min \u015f\u00f6b\u0259nin Elm sektorunun m\u00fcdiri v\u0259zif\u0259sin\u0259 ke\u00e7irilib.<\/p>\n<p>1997-ci ild\u0259n Nazirlikd\u0259 m\u00fcxt\u0259lif v\u0259zif\u0259l\u0259rd\u0259 i\u015fl\u0259mi\u015f T\u0259dris resurslar\u0131 \u015f\u00f6b\u0259sinin m\u00fcdiri <strong>Faiq \u015eahbazl\u0131<\/strong>tutdu\u011fu v\u0259zif\u0259d\u0259n azad edil\u0259r\u0259k T\u0259hsil Probleml\u0259ri \u0130nstitutunun direktor m\u00fcavini v\u0259zif\u0259sin\u0259 ke\u00e7irilmi\u015fdir. Onun yerin\u0259 2002-ci ild\u0259n T\u0259hsil Sektorunun \u0130nki\u015faf\u0131 \u00fczr\u0259 Layih\u0259nin \u018flaq\u0259l\u0259ndirm\u0259 Qrupunun meneceri, direktor m\u00fcavini v\u0259 direktoru v\u0259zif\u0259l\u0259rind\u0259 \u00e7al\u0131\u015fm\u0131\u015f Elvin R\u00fcst\u0259mov t\u0259yin edilib.<\/p>\n<p>Nazirliyin M\u0259kt\u0259bd\u0259nk\u0259nar f\u0259aliyy\u0259tin t\u0259\u015fkili \u015f\u00f6b\u0259sinin m\u00fcdiri v\u0259zif\u0259si <strong>Vasif M\u0259mm\u0259dova<\/strong> h\u0259val\u0259 edilib. V.M\u0259mm\u0259dov 2001-2010-cu ill\u0259rd\u0259 \u00f6z\u0259l sektorda, 2013-c\u00fc ild\u0259 \u201cV\u0259t\u0259n\u201d Respublika \u0130xtisasla\u015fm\u0131\u015f Olimpiya Ehtiyatlar\u0131 U\u015faq-G\u0259ncl\u0259r Futbol M\u0259kt\u0259binin direktoru, 2014-c\u00fc ild\u0259n is\u0259 T\u0259hsil Nazirliyind\u0259 sektor m\u00fcdiri, \u015f\u00f6b\u0259 m\u00fcdirinin m\u00fcavini v\u0259zif\u0259l\u0259rind\u0259 i\u015fl\u0259yib.<\/p>\n<p>M\u0259kt\u0259b\u0259q\u0259d\u0259r v\u0259 \u00fcmumi t\u0259hsil \u015f\u00f6b\u0259sinin \u00dcmumi t\u0259hsil sektorunun m\u00fcdiri <strong>Firidun H\u0259mz\u0259yev<\/strong>Sumqay\u0131t \u015e\u0259h\u0259r T\u0259hsil \u015e\u00f6b\u0259sinin m\u00fcdir m\u00fcavini v\u0259zif\u0259sin\u0259 ke\u00e7irilib.<\/p>\n<p>L\u0259nk\u0259ran D\u00f6vl\u0259t Universitetinin t\u0259dris i\u015fl\u0259ri \u00fczr\u0259 prorektoru v\u0259zif\u0259sin\u0259 Az\u0259rbaycan Texniki Universitetinin professoru <strong>Nizami Yusubov<\/strong> t\u0259yin edilib.<\/p>\n<p>Az\u0259rbaycan D\u00f6vl\u0259t M\u0259d\u0259niyy\u0259t v\u0259 \u0130nc\u0259s\u0259n\u0259t Universitetinin beyn\u0259lxalq \u0259laq\u0259l\u0259r v\u0259 t\u0259rbiy\u0259 i\u015fl\u0259ri \u00fczr\u0259 prorektoru v\u0259zif\u0259sin\u0259 <strong>G\u00fcl\u015f\u0259n \u018fliyeva<\/strong> t\u0259yin edilib. G.\u018fliyeva 2001-ci ild\u0259n h\u0259min universitetd\u0259 m\u00fc\u0259llim, ba\u015f m\u00fc\u0259llim, kafedra mudiri, professor v\u0259zif\u0259l\u0259rind\u0259 i\u015fl\u0259yib.<\/p>\n<p>Bak\u0131 Slavyan Universitetinin elmi i\u015fl\u0259r \u00fczr\u0259 prorektoru h\u0259min universitetd\u0259 1976-c\u0131 ild\u0259n m\u00fcxt\u0259lif v\u0259zif\u0259l\u0259rd\u0259 \u00e7al\u0131\u015fm\u0131\u015f <strong>Rafiq Novruzov<\/strong> t\u0259yin edilib.<\/p>\n<p>Az\u0259rbaycan D\u00f6vl\u0259t Neft v\u0259 S\u0259naye Universitetinin t\u0259dris i\u015fl\u0259ri \u00fczr\u0259 prorektoru <strong>Vaqif Qurbanov<\/strong> \u00f6z \u0259riz\u0259sin\u0259 \u0259sas\u0259n i\u015fd\u0259n azad edilmi\u015fdir. H\u0259min v\u0259zif\u0259y\u0259 is\u0259 Qas\u0131m M\u0259mm\u0259dov t\u0259yin olunub.<\/p>\n<p>\u00d6z \u0259riz\u0259l\u0259rin\u0259 \u0259sas\u0259n El\u015fad \u0130smib\u0259yli Az\u0259rbaycan Texniki Universitetinin elm v\u0259 texnika \u00fczr\u0259 prorektoru, <strong>\u00c7ingiz Ba\u011f\u0131rov<\/strong> Az\u0259rbaycan D\u00f6vl\u0259t M\u0259d\u0259niyy\u0259t v\u0259 \u0130nc\u0259s\u0259n\u0259t Universitetinin beyn\u0259lxalq \u0259laq\u0259l\u0259r \u00fczr\u0259 prorektoru, <strong>Nuhbaba \u015e\u0131x\u0131yev<\/strong> Az\u0259rbaycan D\u00f6vl\u0259t Neft v\u0259 S\u0259naye Universitetinin \u0130nzibati t\u0259s\u0259rr\u00fcfat i\u015fl\u0259ri \u00fczr\u0259 prorektoru v\u0259zif\u0259l\u0259rind\u0259n azad edilib.<\/p>\n<p>Z\u0259rdab Rayon T\u0259hsil \u015e\u00f6b\u0259sinin m\u00fcdiri <strong>Baba Babayev<\/strong> v\u0259 Saatl\u0131 Rayon T\u0259hsil \u015e\u00f6b\u0259sinin m\u00fcdiri<strong>\u015eamil Nur\u0259liyev<\/strong> v\u0259zif\u0259 funksiyalar\u0131n\u0131n icras\u0131nda ciddi n\u00f6qsanlara yol verdikl\u0259rin\u0259 g\u00f6r\u0259, Xocav\u0259nd Rayon T\u0259hsil \u015e\u00f6b\u0259sinin m\u00fcdiri <strong>\u015e\u0259fah\u0259t Yusifov<\/strong> d\u00f6vl\u0259t qullu\u011funda olman\u0131n ya\u015f h\u0259ddin\u0259 \u00e7atd\u0131\u011f\u0131na g\u00f6r\u0259, Yevlax Rayon T\u0259hsil \u015e\u00f6b\u0259sinin m\u00fcdiri <strong>Raqub Mirz\u0259yev<\/strong> \u00f6z \u0259riz\u0259sin\u0259 \u0259sas\u0259n tutduqlar\u0131 v\u0259zif\u0259d\u0259n azad edilib.<\/p>\n<p>Bak\u0131 \u015f\u0259h\u0259ri 55 n\u00f6mr\u0259li tam orta m\u0259kt\u0259bin direktoru <strong>Vahid D\u0259mirov<\/strong> v\u0259zif\u0259 funksiyalar\u0131n\u0131n icras\u0131nda, m\u0259kt\u0259b\u0259 r\u0259hb\u0259rlik v\u0259 n\u0259zar\u0259td\u0259 ciddi n\u00f6qsanlara yol verdiyin\u0259 g\u00f6r\u0259 tutdu\u011fu v\u0259zif\u0259d\u0259n azad edilib.<\/p>\n","protected":false},"excerpt":{"rendered":"<p>Son iki ayda T\u0259hsil Nazirliyinin aparat\u0131nda v\u0259 tabeli qurumlarda bir s\u0131ra kadr d\u0259yi\u015fiklikl\u0259ri apar\u0131l\u0131b. \u201cQafqazinfo\u201dya daxil olan m\u0259lumata g\u00f6r\u0259, Mikay\u0131l Cabbarov Famil Mustafayev v\u0259 F\u0259rhad \u018fmirb\u0259yovu \u00f6z\u00fcn\u0259 m\u00fc\u015favir t\u0259yin edib. 1975-ci ild\u0259n T\u0259hsil Nazirliyind\u0259 \u00e7al\u0131\u015fan Elm v\u0259 ali t\u0259hsil \u015f\u00f6b\u0259sinin m\u00fcdiri G\u00fclt\u0259kin H\u00fcseynovah\u0259min \u015f\u00f6b\u0259nin Elm sektorunun m\u00fcdiri v\u0259zif\u0259sin\u0259 ke\u00e7irilib. 1997-ci ild\u0259n Nazirlikd\u0259 m\u00fcxt\u0259lif v\u0259zif\u0259l\u0259rd\u0259 i\u015fl\u0259mi\u015f [&hellip;]<\/p>\n","protected":false},"author":1,"featured_media":0,"comment_status":"open","ping_status":"open","sticky":false,"template":"","format":"standard","meta":{"footnotes":""},"categories":[21],"tags":[],"class_list":{"0":"post-21322","1":"post","2":"type-post","3":"status-publish","4":"format-standard","6":"category-zrdab"},"yoast_head":"<!-- This site is optimized with the Yoast SEO plugin v27.0 - https:\/\/yoast.com\/product\/yoast-seo-wordpress\/ -->\n<title>Z\u0259rdab Rayon T\u0259hsil \u015e\u00f6b\u0259sinin m\u00fcdirini i\u015fd\u0259n \u00e7\u0131xard\u0131 - Z\u0259rdab.com<\/title>\n<meta name=\"robots\" content=\"index, follow, max-snippet:-1, max-image-preview:large, max-video-preview:-1\" \/>\n<link rel=\"canonical\" href=\"https:\/\/www.zerdab.com\/?p=21322\" \/>\n<meta property=\"og:locale\" content=\"az_AZ\" \/>\n<meta property=\"og:type\" content=\"article\" \/>\n<meta property=\"og:title\" content=\"Z\u0259rdab Rayon T\u0259hsil \u015e\u00f6b\u0259sinin m\u00fcdirini i\u015fd\u0259n \u00e7\u0131xard\u0131 - Z\u0259rdab.com\" \/>\n<meta property=\"og:description\" content=\"Son iki ayda T\u0259hsil Nazirliyinin aparat\u0131nda v\u0259 tabeli qurumlarda bir s\u0131ra kadr d\u0259yi\u015fiklikl\u0259ri apar\u0131l\u0131b. \u201cQafqazinfo\u201dya daxil olan m\u0259lumata g\u00f6r\u0259, Mikay\u0131l Cabbarov Famil Mustafayev v\u0259 F\u0259rhad \u018fmirb\u0259yovu \u00f6z\u00fcn\u0259 m\u00fc\u015favir t\u0259yin edib. 1975-ci ild\u0259n T\u0259hsil Nazirliyind\u0259 \u00e7al\u0131\u015fan Elm v\u0259 ali t\u0259hsil \u015f\u00f6b\u0259sinin m\u00fcdiri G\u00fclt\u0259kin H\u00fcseynovah\u0259min \u015f\u00f6b\u0259nin Elm sektorunun m\u00fcdiri v\u0259zif\u0259sin\u0259 ke\u00e7irilib. 1997-ci ild\u0259n Nazirlikd\u0259 m\u00fcxt\u0259lif v\u0259zif\u0259l\u0259rd\u0259 i\u015fl\u0259mi\u015f [&hellip;]\" \/>\n<meta property=\"og:url\" content=\"https:\/\/www.zerdab.com\/?p=21322\" \/>\n<meta property=\"og:site_name\" content=\"Z\u0259rdab.com\" \/>\n<meta property=\"article:published_time\" content=\"2015-11-12T08:57:10+00:00\" \/>\n<meta name=\"author\" content=\"admin\" \/>\n<meta name=\"twitter:card\" content=\"summary_large_image\" \/>\n<meta name=\"twitter:label1\" content=\"Written by\" \/>\n\t<meta name=\"twitter:data1\" content=\"admin\" \/>\n\t<meta name=\"twitter:label2\" content=\"Est. reading time\" \/>\n\t<meta name=\"twitter:data2\" content=\"3 minutes\" \/>\n<script type=\"application\/ld+json\" class=\"yoast-schema-graph\">{\"@context\":\"https:\/\/schema.org\",\"@graph\":[{\"@type\":\"Article\",\"@id\":\"https:\/\/www.zerdab.com\/?p=21322#article\",\"isPartOf\":{\"@id\":\"https:\/\/www.zerdab.com\/?p=21322\"},\"author\":{\"name\":\"admin\",\"@id\":\"https:\/\/www.zerdab.com\/#\/schema\/person\/97079b7570c1e89ec0d9e138c3672136\"},\"headline\":\"Z\u0259rdab Rayon T\u0259hsil \u015e\u00f6b\u0259sinin m\u00fcdirini i\u015fd\u0259n \u00e7\u0131xard\u0131\",\"datePublished\":\"2015-11-12T08:57:10+00:00\",\"mainEntityOfPage\":{\"@id\":\"https:\/\/www.zerdab.com\/?p=21322\"},\"wordCount\":671,\"commentCount\":0,\"articleSection\":[\"C\u018fM\u0130YY\u018fT\"],\"inLanguage\":\"az\",\"potentialAction\":[{\"@type\":\"CommentAction\",\"name\":\"Comment\",\"target\":[\"https:\/\/www.zerdab.com\/?p=21322#respond\"]}]},{\"@type\":\"WebPage\",\"@id\":\"https:\/\/www.zerdab.com\/?p=21322\",\"url\":\"https:\/\/www.zerdab.com\/?p=21322\",\"name\":\"Z\u0259rdab Rayon T\u0259hsil \u015e\u00f6b\u0259sinin m\u00fcdirini i\u015fd\u0259n \u00e7\u0131xard\u0131 - Z\u0259rdab.com\",\"isPartOf\":{\"@id\":\"https:\/\/www.zerdab.com\/#website\"},\"datePublished\":\"2015-11-12T08:57:10+00:00\",\"author\":{\"@id\":\"https:\/\/www.zerdab.com\/#\/schema\/person\/97079b7570c1e89ec0d9e138c3672136\"},\"breadcrumb\":{\"@id\":\"https:\/\/www.zerdab.com\/?p=21322#breadcrumb\"},\"inLanguage\":\"az\",\"potentialAction\":[{\"@type\":\"ReadAction\",\"target\":[\"https:\/\/www.zerdab.com\/?p=21322\"]}]},{\"@type\":\"BreadcrumbList\",\"@id\":\"https:\/\/www.zerdab.com\/?p=21322#breadcrumb\",\"itemListElement\":[{\"@type\":\"ListItem\",\"position\":1,\"name\":\"Home\",\"item\":\"https:\/\/www.zerdab.com\/\"},{\"@type\":\"ListItem\",\"position\":2,\"name\":\"Z\u0259rdab Rayon T\u0259hsil \u015e\u00f6b\u0259sinin m\u00fcdirini i\u015fd\u0259n \u00e7\u0131xard\u0131\"}]},{\"@type\":\"WebSite\",\"@id\":\"https:\/\/www.zerdab.com\/#website\",\"url\":\"https:\/\/www.zerdab.com\/\",\"name\":\"Z\u0259rdab.com\",\"description\":\"\",\"potentialAction\":[{\"@type\":\"SearchAction\",\"target\":{\"@type\":\"EntryPoint\",\"urlTemplate\":\"https:\/\/www.zerdab.com\/?s={search_term_string}\"},\"query-input\":{\"@type\":\"PropertyValueSpecification\",\"valueRequired\":true,\"valueName\":\"search_term_string\"}}],\"inLanguage\":\"az\"},{\"@type\":\"Person\",\"@id\":\"https:\/\/www.zerdab.com\/#\/schema\/person\/97079b7570c1e89ec0d9e138c3672136\",\"name\":\"admin\",\"image\":{\"@type\":\"ImageObject\",\"inLanguage\":\"az\",\"@id\":\"https:\/\/www.zerdab.com\/#\/schema\/person\/image\/\",\"url\":\"https:\/\/secure.gravatar.com\/avatar\/d9c52a9a27c32119cb6679a077fa3e2779e5f822c451cbf01098004361d466ec?s=96&d=mm&r=g\",\"contentUrl\":\"https:\/\/secure.gravatar.com\/avatar\/d9c52a9a27c32119cb6679a077fa3e2779e5f822c451cbf01098004361d466ec?s=96&d=mm&r=g\",\"caption\":\"admin\"},\"url\":\"https:\/\/www.zerdab.com\/?author=1\"}]}<\/script>\n<!-- \/ Yoast SEO plugin. -->","yoast_head_json":{"title":"Z\u0259rdab Rayon T\u0259hsil \u015e\u00f6b\u0259sinin m\u00fcdirini i\u015fd\u0259n \u00e7\u0131xard\u0131 - Z\u0259rdab.com","robots":{"index":"index","follow":"follow","max-snippet":"max-snippet:-1","max-image-preview":"max-image-preview:large","max-video-preview":"max-video-preview:-1"},"canonical":"https:\/\/www.zerdab.com\/?p=21322","og_locale":"az_AZ","og_type":"article","og_title":"Z\u0259rdab Rayon T\u0259hsil \u015e\u00f6b\u0259sinin m\u00fcdirini i\u015fd\u0259n \u00e7\u0131xard\u0131 - Z\u0259rdab.com","og_description":"Son iki ayda T\u0259hsil Nazirliyinin aparat\u0131nda v\u0259 tabeli qurumlarda bir s\u0131ra kadr d\u0259yi\u015fiklikl\u0259ri apar\u0131l\u0131b. \u201cQafqazinfo\u201dya daxil olan m\u0259lumata g\u00f6r\u0259, Mikay\u0131l Cabbarov Famil Mustafayev v\u0259 F\u0259rhad \u018fmirb\u0259yovu \u00f6z\u00fcn\u0259 m\u00fc\u015favir t\u0259yin edib. 1975-ci ild\u0259n T\u0259hsil Nazirliyind\u0259 \u00e7al\u0131\u015fan Elm v\u0259 ali t\u0259hsil \u015f\u00f6b\u0259sinin m\u00fcdiri G\u00fclt\u0259kin H\u00fcseynovah\u0259min \u015f\u00f6b\u0259nin Elm sektorunun m\u00fcdiri v\u0259zif\u0259sin\u0259 ke\u00e7irilib. 1997-ci ild\u0259n Nazirlikd\u0259 m\u00fcxt\u0259lif v\u0259zif\u0259l\u0259rd\u0259 i\u015fl\u0259mi\u015f [&hellip;]","og_url":"https:\/\/www.zerdab.com\/?p=21322","og_site_name":"Z\u0259rdab.com","article_published_time":"2015-11-12T08:57:10+00:00","author":"admin","twitter_card":"summary_large_image","twitter_misc":{"Written by":"admin","Est. reading time":"3 minutes"},"schema":{"@context":"https:\/\/schema.org","@graph":[{"@type":"Article","@id":"https:\/\/www.zerdab.com\/?p=21322#article","isPartOf":{"@id":"https:\/\/www.zerdab.com\/?p=21322"},"author":{"name":"admin","@id":"https:\/\/www.zerdab.com\/#\/schema\/person\/97079b7570c1e89ec0d9e138c3672136"},"headline":"Z\u0259rdab Rayon T\u0259hsil \u015e\u00f6b\u0259sinin m\u00fcdirini i\u015fd\u0259n \u00e7\u0131xard\u0131","datePublished":"2015-11-12T08:57:10+00:00","mainEntityOfPage":{"@id":"https:\/\/www.zerdab.com\/?p=21322"},"wordCount":671,"commentCount":0,"articleSection":["C\u018fM\u0130YY\u018fT"],"inLanguage":"az","potentialAction":[{"@type":"CommentAction","name":"Comment","target":["https:\/\/www.zerdab.com\/?p=21322#respond"]}]},{"@type":"WebPage","@id":"https:\/\/www.zerdab.com\/?p=21322","url":"https:\/\/www.zerdab.com\/?p=21322","name":"Z\u0259rdab Rayon T\u0259hsil \u015e\u00f6b\u0259sinin m\u00fcdirini i\u015fd\u0259n \u00e7\u0131xard\u0131 - Z\u0259rdab.com","isPartOf":{"@id":"https:\/\/www.zerdab.com\/#website"},"datePublished":"2015-11-12T08:57:10+00:00","author":{"@id":"https:\/\/www.zerdab.com\/#\/schema\/person\/97079b7570c1e89ec0d9e138c3672136"},"breadcrumb":{"@id":"https:\/\/www.zerdab.com\/?p=21322#breadcrumb"},"inLanguage":"az","potentialAction":[{"@type":"ReadAction","target":["https:\/\/www.zerdab.com\/?p=21322"]}]},{"@type":"BreadcrumbList","@id":"https:\/\/www.zerdab.com\/?p=21322#breadcrumb","itemListElement":[{"@type":"ListItem","position":1,"name":"Home","item":"https:\/\/www.zerdab.com\/"},{"@type":"ListItem","position":2,"name":"Z\u0259rdab Rayon T\u0259hsil \u015e\u00f6b\u0259sinin m\u00fcdirini i\u015fd\u0259n \u00e7\u0131xard\u0131"}]},{"@type":"WebSite","@id":"https:\/\/www.zerdab.com\/#website","url":"https:\/\/www.zerdab.com\/","name":"Z\u0259rdab.com","description":"","potentialAction":[{"@type":"SearchAction","target":{"@type":"EntryPoint","urlTemplate":"https:\/\/www.zerdab.com\/?s={search_term_string}"},"query-input":{"@type":"PropertyValueSpecification","valueRequired":true,"valueName":"search_term_string"}}],"inLanguage":"az"},{"@type":"Person","@id":"https:\/\/www.zerdab.com\/#\/schema\/person\/97079b7570c1e89ec0d9e138c3672136","name":"admin","image":{"@type":"ImageObject","inLanguage":"az","@id":"https:\/\/www.zerdab.com\/#\/schema\/person\/image\/","url":"https:\/\/secure.gravatar.com\/avatar\/d9c52a9a27c32119cb6679a077fa3e2779e5f822c451cbf01098004361d466ec?s=96&d=mm&r=g","contentUrl":"https:\/\/secure.gravatar.com\/avatar\/d9c52a9a27c32119cb6679a077fa3e2779e5f822c451cbf01098004361d466ec?s=96&d=mm&r=g","caption":"admin"},"url":"https:\/\/www.zerdab.com\/?author=1"}]}},"_links":{"self":[{"href":"https:\/\/www.zerdab.com\/index.php?rest_route=\/wp\/v2\/posts\/21322","targetHints":{"allow":["GET"]}}],"collection":[{"href":"https:\/\/www.zerdab.com\/index.php?rest_route=\/wp\/v2\/posts"}],"about":[{"href":"https:\/\/www.zerdab.com\/index.php?rest_route=\/wp\/v2\/types\/post"}],"author":[{"embeddable":true,"href":"https:\/\/www.zerdab.com\/index.php?rest_route=\/wp\/v2\/users\/1"}],"replies":[{"embeddable":true,"href":"https:\/\/www.zerdab.com\/index.php?rest_route=%2Fwp%2Fv2%2Fcomments&post=21322"}],"version-history":[{"count":2,"href":"https:\/\/www.zerdab.com\/index.php?rest_route=\/wp\/v2\/posts\/21322\/revisions"}],"predecessor-version":[{"id":21325,"href":"https:\/\/www.zerdab.com\/index.php?rest_route=\/wp\/v2\/posts\/21322\/revisions\/21325"}],"wp:attachment":[{"href":"https:\/\/www.zerdab.com\/index.php?rest_route=%2Fwp%2Fv2%2Fmedia&parent=21322"}],"wp:term":[{"taxonomy":"category","embeddable":true,"href":"https:\/\/www.zerdab.com\/index.php?rest_route=%2Fwp%2Fv2%2Fcategories&post=21322"},{"taxonomy":"post_tag","embeddable":true,"href":"https:\/\/www.zerdab.com\/index.php?rest_route=%2Fwp%2Fv2%2Ftags&post=21322"}],"curies":[{"name":"wp","href":"https:\/\/api.w.org\/{rel}","templated":true}]}}