{"id":21692,"date":"2015-12-11T07:03:02","date_gmt":"2015-12-11T03:03:02","guid":{"rendered":"http:\/\/www.zerdab.com\/?p=21692"},"modified":"2015-12-10T22:46:26","modified_gmt":"2015-12-10T18:46:26","slug":"z%c9%99rdab-rayon-m%c9%99rk%c9%99zi-kitabxanasinda-anim-t%c9%99dbiri-kecirildi-fotolar","status":"publish","type":"post","link":"https:\/\/www.zerdab.com\/?p=21692","title":{"rendered":"Z\u0259rdab Rayon M\u0259rk\u0259zi Kitabxanas\u0131nda an\u0131m t\u0259dbiri ke\u00e7irildi &#8211; FOTOLAR"},"content":{"rendered":"<p>Z\u0259rdab Rayon M\u0259rk\u0259zi Kitabxanas\u0131n\u0131n Oxuculara Xidm\u0259t \u015e\u00f6b\u0259sind\u0259 12 dekabr &#8211; \u00dcmummilli lider Heyd\u0259r \u018fliyevin an\u0131m g\u00fcn\u00fc il\u0259 \u0259laq\u0259dar \u201cXalqa ba\u011f\u0131\u015flanan \u00f6m\u00fcr\u201d adl\u0131 t\u0259dbir ke\u00e7irildi. T\u0259dbir Az\u0259rbaycan\u0131n d\u00f6vl\u0259t himni il\u0259 ba\u015flad\u0131 v\u0259 ulu \u00f6nd\u0259r Heyd\u0259r \u018fliyevin \u0259ziz xatir\u0259si bir d\u0259qiq\u0259lik s\u00fckutla yad edildi. T\u0259dbiri giri\u015f s\u00f6z\u00fc il\u0259 MKS-nin direktoru Nail\u0259 \u018fliyeva a\u00e7araq, Az\u0259rbaycan xalq\u0131n\u0131n m\u00fcdrik o\u011flu, dahi siyas\u0259t\u00e7i, d\u00fcnya \u015f\u00f6hr\u0259tli lider Heyd\u0259r \u018fliyevin respublikam\u0131z\u0131n m\u00fcst\u0259qilliyinin b\u0259rpas\u0131 v\u0259 qorunub saxlan\u0131lmas\u0131 istiqam\u0259tind\u0259 g\u00f6rd\u00fcy\u00fc i\u015fl\u0259r, apard\u0131\u011f\u0131 siyas\u0259td\u0259n dan\u0131\u015fd\u0131.<\/p>\n<p>T\u0259dbir \u201cXalqa ba\u011f\u0131\u015flanan \u00f6m\u00fcr\u201d adl\u0131 \u0259d\u0259bi-b\u0259dii kompozisiya il\u0259 davam etdirildi. Apar\u0131c\u0131lar Bahar F\u0259t\u0259liyeva v\u0259 Leyla Eldarzad\u0259 vur\u011fulad\u0131lar ki,\u00a0Az\u0259rbaycan xalq\u0131n\u0131n b\u00f6y\u00fck o\u011flu, z\u0259man\u0259mizin g\u00f6rk\u0259mli siyasi xadimi Heyd\u0259r \u018fliyevin v\u0259fat\u0131ndan\u00a0 12 il ke\u00e7ir. \u00dcr\u0259yi daim xalq, V\u0259t\u0259n \u00fc\u00e7\u00fcn d\u00f6y\u00fcn\u0259n ulu \u00f6nd\u0259rin parlaq ideyalar\u0131 bu g\u00fcn d\u0259 ya\u015fay\u0131r, xo\u015fb\u0259xt g\u0259l\u0259c\u0259y\u0259 ged\u0259n yolumuza i\u015f\u0131q sa\u00e7\u0131r.<\/p>\n<p>T\u0259dbird\u0259 2 v\u0259 3 sayl\u0131 orta m\u0259kt\u0259bin \u015fagirdl\u0259ri Maral Mirz\u0259yeva, M\u0259leyk\u0259 v\u0259 H\u0259s\u0259n Z\u0259rdabi, N\u0259zrin Hac\u0131zad\u0259, Aysu v\u0259 Xeyransa \u0130sayevalar s\u00f6yl\u0259diyi \u015feirl\u0259rl\u0259 ulu \u00f6nd\u0259r\u0259 olan b\u00f6y\u00fck m\u0259h\u0259bb\u0259tl\u0259rini g\u00f6st\u0259rdil\u0259r.<\/p>\n<p>T\u0259dbir i\u015ftirak\u00e7\u0131lar\u0131 \u201cHeyd\u0259r \u018fliyev M\u00fcst\u0259qil Az\u0259rbaycan D\u00f6vl\u0259tinin Memar\u0131d\u0131r\u201d adl\u0131 s\u0259rgi il\u0259 tan\u0131\u015f oldu v\u0259 kitabxanan\u0131n r\u0259ssam\u0131 Esmira Mirz\u0259yevan\u0131n ulu \u00f6d\u0259rimiz Heyd\u0259r \u018fliyevin xatir\u0259sin\u0259 h\u0259sr etdiyi \u0259l i\u015fl\u0259rin\u0259 bax\u0131\u015f ke\u00e7irildi.<\/p>\n<p><strong>Z\u0259rdab Rayon <\/strong><strong>M\u0259rk\u0259zi Kitabxanas\u0131<a href=\"http:\/\/www.zerdab.com\/?attachment_id=21706\" rel=\"attachment wp-att-21706\"><img loading=\"lazy\" decoding=\"async\" class=\"aligncenter size-large wp-image-21706\" src=\"http:\/\/www.zerdab.com\/wp-content\/uploads\/2015\/12\/Zerdab-kitabxana2-550x413.jpg\" alt=\"Zerdab kitabxana\" width=\"550\" height=\"413\" \/><\/a><\/strong><a href=\"http:\/\/www.zerdab.com\/?attachment_id=21694\" rel=\"attachment wp-att-21694\"><img loading=\"lazy\" decoding=\"async\" class=\"aligncenter size-large wp-image-21694\" src=\"http:\/\/www.zerdab.com\/wp-content\/uploads\/2015\/12\/Zerdab-kitabxana1-550x413.jpg\" alt=\"Zerdab kitabxana\" width=\"550\" height=\"413\" \/><\/a><\/p>\n","protected":false},"excerpt":{"rendered":"<p>Z\u0259rdab Rayon M\u0259rk\u0259zi Kitabxanas\u0131n\u0131n Oxuculara Xidm\u0259t \u015e\u00f6b\u0259sind\u0259 12 dekabr &#8211; \u00dcmummilli lider Heyd\u0259r \u018fliyevin an\u0131m g\u00fcn\u00fc il\u0259 \u0259laq\u0259dar \u201cXalqa ba\u011f\u0131\u015flanan \u00f6m\u00fcr\u201d adl\u0131 t\u0259dbir ke\u00e7irildi. T\u0259dbir Az\u0259rbaycan\u0131n d\u00f6vl\u0259t himni il\u0259 ba\u015flad\u0131 v\u0259 ulu \u00f6nd\u0259r Heyd\u0259r \u018fliyevin \u0259ziz xatir\u0259si bir d\u0259qiq\u0259lik s\u00fckutla yad edildi. T\u0259dbiri giri\u015f s\u00f6z\u00fc il\u0259 MKS-nin direktoru Nail\u0259 \u018fliyeva a\u00e7araq, Az\u0259rbaycan xalq\u0131n\u0131n m\u00fcdrik o\u011flu, [&hellip;]<\/p>\n","protected":false},"author":1,"featured_media":0,"comment_status":"open","ping_status":"open","sticky":false,"template":"","format":"standard","meta":{"footnotes":""},"categories":[21],"tags":[],"class_list":{"0":"post-21692","1":"post","2":"type-post","3":"status-publish","4":"format-standard","6":"category-zrdab"},"yoast_head":"<!-- This site is optimized with the Yoast SEO plugin v27.0 - https:\/\/yoast.com\/product\/yoast-seo-wordpress\/ -->\n<title>Z\u0259rdab Rayon M\u0259rk\u0259zi Kitabxanas\u0131nda an\u0131m t\u0259dbiri ke\u00e7irildi - FOTOLAR - Z\u0259rdab.com<\/title>\n<meta name=\"robots\" content=\"index, follow, max-snippet:-1, max-image-preview:large, max-video-preview:-1\" \/>\n<link rel=\"canonical\" href=\"https:\/\/www.zerdab.com\/?p=21692\" \/>\n<meta property=\"og:locale\" content=\"az_AZ\" \/>\n<meta property=\"og:type\" content=\"article\" \/>\n<meta property=\"og:title\" content=\"Z\u0259rdab Rayon M\u0259rk\u0259zi Kitabxanas\u0131nda an\u0131m t\u0259dbiri ke\u00e7irildi - FOTOLAR - Z\u0259rdab.com\" \/>\n<meta property=\"og:description\" content=\"Z\u0259rdab Rayon M\u0259rk\u0259zi Kitabxanas\u0131n\u0131n Oxuculara Xidm\u0259t \u015e\u00f6b\u0259sind\u0259 12 dekabr &#8211; \u00dcmummilli lider Heyd\u0259r \u018fliyevin an\u0131m g\u00fcn\u00fc il\u0259 \u0259laq\u0259dar \u201cXalqa ba\u011f\u0131\u015flanan \u00f6m\u00fcr\u201d adl\u0131 t\u0259dbir ke\u00e7irildi. T\u0259dbir Az\u0259rbaycan\u0131n d\u00f6vl\u0259t himni il\u0259 ba\u015flad\u0131 v\u0259 ulu \u00f6nd\u0259r Heyd\u0259r \u018fliyevin \u0259ziz xatir\u0259si bir d\u0259qiq\u0259lik s\u00fckutla yad edildi. T\u0259dbiri giri\u015f s\u00f6z\u00fc il\u0259 MKS-nin direktoru Nail\u0259 \u018fliyeva a\u00e7araq, Az\u0259rbaycan xalq\u0131n\u0131n m\u00fcdrik o\u011flu, [&hellip;]\" \/>\n<meta property=\"og:url\" content=\"https:\/\/www.zerdab.com\/?p=21692\" \/>\n<meta property=\"og:site_name\" content=\"Z\u0259rdab.com\" \/>\n<meta property=\"article:published_time\" content=\"2015-12-11T03:03:02+00:00\" \/>\n<meta property=\"og:image\" content=\"http:\/\/www.zerdab.com\/wp-content\/uploads\/2015\/12\/Zerdab-kitabxana2-550x413.jpg\" \/>\n<meta name=\"author\" content=\"admin\" \/>\n<meta name=\"twitter:card\" content=\"summary_large_image\" \/>\n<meta name=\"twitter:label1\" content=\"Written by\" \/>\n\t<meta name=\"twitter:data1\" content=\"admin\" \/>\n\t<meta name=\"twitter:label2\" content=\"Est. reading time\" \/>\n\t<meta name=\"twitter:data2\" content=\"2 minutes\" \/>\n<script type=\"application\/ld+json\" class=\"yoast-schema-graph\">{\"@context\":\"https:\/\/schema.org\",\"@graph\":[{\"@type\":\"Article\",\"@id\":\"https:\/\/www.zerdab.com\/?p=21692#article\",\"isPartOf\":{\"@id\":\"https:\/\/www.zerdab.com\/?p=21692\"},\"author\":{\"name\":\"admin\",\"@id\":\"https:\/\/www.zerdab.com\/#\/schema\/person\/97079b7570c1e89ec0d9e138c3672136\"},\"headline\":\"Z\u0259rdab Rayon M\u0259rk\u0259zi Kitabxanas\u0131nda an\u0131m t\u0259dbiri ke\u00e7irildi &#8211; FOTOLAR\",\"datePublished\":\"2015-12-11T03:03:02+00:00\",\"mainEntityOfPage\":{\"@id\":\"https:\/\/www.zerdab.com\/?p=21692\"},\"wordCount\":346,\"commentCount\":0,\"image\":{\"@id\":\"https:\/\/www.zerdab.com\/?p=21692#primaryimage\"},\"thumbnailUrl\":\"http:\/\/www.zerdab.com\/wp-content\/uploads\/2015\/12\/Zerdab-kitabxana2-550x413.jpg\",\"articleSection\":[\"C\u018fM\u0130YY\u018fT\"],\"inLanguage\":\"az\",\"potentialAction\":[{\"@type\":\"CommentAction\",\"name\":\"Comment\",\"target\":[\"https:\/\/www.zerdab.com\/?p=21692#respond\"]}]},{\"@type\":\"WebPage\",\"@id\":\"https:\/\/www.zerdab.com\/?p=21692\",\"url\":\"https:\/\/www.zerdab.com\/?p=21692\",\"name\":\"Z\u0259rdab Rayon M\u0259rk\u0259zi Kitabxanas\u0131nda an\u0131m t\u0259dbiri ke\u00e7irildi - FOTOLAR - Z\u0259rdab.com\",\"isPartOf\":{\"@id\":\"https:\/\/www.zerdab.com\/#website\"},\"primaryImageOfPage\":{\"@id\":\"https:\/\/www.zerdab.com\/?p=21692#primaryimage\"},\"image\":{\"@id\":\"https:\/\/www.zerdab.com\/?p=21692#primaryimage\"},\"thumbnailUrl\":\"http:\/\/www.zerdab.com\/wp-content\/uploads\/2015\/12\/Zerdab-kitabxana2-550x413.jpg\",\"datePublished\":\"2015-12-11T03:03:02+00:00\",\"author\":{\"@id\":\"https:\/\/www.zerdab.com\/#\/schema\/person\/97079b7570c1e89ec0d9e138c3672136\"},\"breadcrumb\":{\"@id\":\"https:\/\/www.zerdab.com\/?p=21692#breadcrumb\"},\"inLanguage\":\"az\",\"potentialAction\":[{\"@type\":\"ReadAction\",\"target\":[\"https:\/\/www.zerdab.com\/?p=21692\"]}]},{\"@type\":\"ImageObject\",\"inLanguage\":\"az\",\"@id\":\"https:\/\/www.zerdab.com\/?p=21692#primaryimage\",\"url\":\"\",\"contentUrl\":\"\"},{\"@type\":\"BreadcrumbList\",\"@id\":\"https:\/\/www.zerdab.com\/?p=21692#breadcrumb\",\"itemListElement\":[{\"@type\":\"ListItem\",\"position\":1,\"name\":\"Home\",\"item\":\"https:\/\/www.zerdab.com\/\"},{\"@type\":\"ListItem\",\"position\":2,\"name\":\"Z\u0259rdab Rayon M\u0259rk\u0259zi Kitabxanas\u0131nda an\u0131m t\u0259dbiri ke\u00e7irildi &#8211; FOTOLAR\"}]},{\"@type\":\"WebSite\",\"@id\":\"https:\/\/www.zerdab.com\/#website\",\"url\":\"https:\/\/www.zerdab.com\/\",\"name\":\"Z\u0259rdab.com\",\"description\":\"\",\"potentialAction\":[{\"@type\":\"SearchAction\",\"target\":{\"@type\":\"EntryPoint\",\"urlTemplate\":\"https:\/\/www.zerdab.com\/?s={search_term_string}\"},\"query-input\":{\"@type\":\"PropertyValueSpecification\",\"valueRequired\":true,\"valueName\":\"search_term_string\"}}],\"inLanguage\":\"az\"},{\"@type\":\"Person\",\"@id\":\"https:\/\/www.zerdab.com\/#\/schema\/person\/97079b7570c1e89ec0d9e138c3672136\",\"name\":\"admin\",\"image\":{\"@type\":\"ImageObject\",\"inLanguage\":\"az\",\"@id\":\"https:\/\/www.zerdab.com\/#\/schema\/person\/image\/\",\"url\":\"https:\/\/secure.gravatar.com\/avatar\/d9c52a9a27c32119cb6679a077fa3e2779e5f822c451cbf01098004361d466ec?s=96&d=mm&r=g\",\"contentUrl\":\"https:\/\/secure.gravatar.com\/avatar\/d9c52a9a27c32119cb6679a077fa3e2779e5f822c451cbf01098004361d466ec?s=96&d=mm&r=g\",\"caption\":\"admin\"},\"url\":\"https:\/\/www.zerdab.com\/?author=1\"}]}<\/script>\n<!-- \/ Yoast SEO plugin. -->","yoast_head_json":{"title":"Z\u0259rdab Rayon M\u0259rk\u0259zi Kitabxanas\u0131nda an\u0131m t\u0259dbiri ke\u00e7irildi - FOTOLAR - Z\u0259rdab.com","robots":{"index":"index","follow":"follow","max-snippet":"max-snippet:-1","max-image-preview":"max-image-preview:large","max-video-preview":"max-video-preview:-1"},"canonical":"https:\/\/www.zerdab.com\/?p=21692","og_locale":"az_AZ","og_type":"article","og_title":"Z\u0259rdab Rayon M\u0259rk\u0259zi Kitabxanas\u0131nda an\u0131m t\u0259dbiri ke\u00e7irildi - FOTOLAR - Z\u0259rdab.com","og_description":"Z\u0259rdab Rayon M\u0259rk\u0259zi Kitabxanas\u0131n\u0131n Oxuculara Xidm\u0259t \u015e\u00f6b\u0259sind\u0259 12 dekabr &#8211; \u00dcmummilli lider Heyd\u0259r \u018fliyevin an\u0131m g\u00fcn\u00fc il\u0259 \u0259laq\u0259dar \u201cXalqa ba\u011f\u0131\u015flanan \u00f6m\u00fcr\u201d adl\u0131 t\u0259dbir ke\u00e7irildi. T\u0259dbir Az\u0259rbaycan\u0131n d\u00f6vl\u0259t himni il\u0259 ba\u015flad\u0131 v\u0259 ulu \u00f6nd\u0259r Heyd\u0259r \u018fliyevin \u0259ziz xatir\u0259si bir d\u0259qiq\u0259lik s\u00fckutla yad edildi. T\u0259dbiri giri\u015f s\u00f6z\u00fc il\u0259 MKS-nin direktoru Nail\u0259 \u018fliyeva a\u00e7araq, Az\u0259rbaycan xalq\u0131n\u0131n m\u00fcdrik o\u011flu, [&hellip;]","og_url":"https:\/\/www.zerdab.com\/?p=21692","og_site_name":"Z\u0259rdab.com","article_published_time":"2015-12-11T03:03:02+00:00","og_image":[{"url":"http:\/\/www.zerdab.com\/wp-content\/uploads\/2015\/12\/Zerdab-kitabxana2-550x413.jpg","type":"","width":"","height":""}],"author":"admin","twitter_card":"summary_large_image","twitter_misc":{"Written by":"admin","Est. reading time":"2 minutes"},"schema":{"@context":"https:\/\/schema.org","@graph":[{"@type":"Article","@id":"https:\/\/www.zerdab.com\/?p=21692#article","isPartOf":{"@id":"https:\/\/www.zerdab.com\/?p=21692"},"author":{"name":"admin","@id":"https:\/\/www.zerdab.com\/#\/schema\/person\/97079b7570c1e89ec0d9e138c3672136"},"headline":"Z\u0259rdab Rayon M\u0259rk\u0259zi Kitabxanas\u0131nda an\u0131m t\u0259dbiri ke\u00e7irildi &#8211; FOTOLAR","datePublished":"2015-12-11T03:03:02+00:00","mainEntityOfPage":{"@id":"https:\/\/www.zerdab.com\/?p=21692"},"wordCount":346,"commentCount":0,"image":{"@id":"https:\/\/www.zerdab.com\/?p=21692#primaryimage"},"thumbnailUrl":"http:\/\/www.zerdab.com\/wp-content\/uploads\/2015\/12\/Zerdab-kitabxana2-550x413.jpg","articleSection":["C\u018fM\u0130YY\u018fT"],"inLanguage":"az","potentialAction":[{"@type":"CommentAction","name":"Comment","target":["https:\/\/www.zerdab.com\/?p=21692#respond"]}]},{"@type":"WebPage","@id":"https:\/\/www.zerdab.com\/?p=21692","url":"https:\/\/www.zerdab.com\/?p=21692","name":"Z\u0259rdab Rayon M\u0259rk\u0259zi Kitabxanas\u0131nda an\u0131m t\u0259dbiri ke\u00e7irildi - FOTOLAR - Z\u0259rdab.com","isPartOf":{"@id":"https:\/\/www.zerdab.com\/#website"},"primaryImageOfPage":{"@id":"https:\/\/www.zerdab.com\/?p=21692#primaryimage"},"image":{"@id":"https:\/\/www.zerdab.com\/?p=21692#primaryimage"},"thumbnailUrl":"http:\/\/www.zerdab.com\/wp-content\/uploads\/2015\/12\/Zerdab-kitabxana2-550x413.jpg","datePublished":"2015-12-11T03:03:02+00:00","author":{"@id":"https:\/\/www.zerdab.com\/#\/schema\/person\/97079b7570c1e89ec0d9e138c3672136"},"breadcrumb":{"@id":"https:\/\/www.zerdab.com\/?p=21692#breadcrumb"},"inLanguage":"az","potentialAction":[{"@type":"ReadAction","target":["https:\/\/www.zerdab.com\/?p=21692"]}]},{"@type":"ImageObject","inLanguage":"az","@id":"https:\/\/www.zerdab.com\/?p=21692#primaryimage","url":"","contentUrl":""},{"@type":"BreadcrumbList","@id":"https:\/\/www.zerdab.com\/?p=21692#breadcrumb","itemListElement":[{"@type":"ListItem","position":1,"name":"Home","item":"https:\/\/www.zerdab.com\/"},{"@type":"ListItem","position":2,"name":"Z\u0259rdab Rayon M\u0259rk\u0259zi Kitabxanas\u0131nda an\u0131m t\u0259dbiri ke\u00e7irildi &#8211; FOTOLAR"}]},{"@type":"WebSite","@id":"https:\/\/www.zerdab.com\/#website","url":"https:\/\/www.zerdab.com\/","name":"Z\u0259rdab.com","description":"","potentialAction":[{"@type":"SearchAction","target":{"@type":"EntryPoint","urlTemplate":"https:\/\/www.zerdab.com\/?s={search_term_string}"},"query-input":{"@type":"PropertyValueSpecification","valueRequired":true,"valueName":"search_term_string"}}],"inLanguage":"az"},{"@type":"Person","@id":"https:\/\/www.zerdab.com\/#\/schema\/person\/97079b7570c1e89ec0d9e138c3672136","name":"admin","image":{"@type":"ImageObject","inLanguage":"az","@id":"https:\/\/www.zerdab.com\/#\/schema\/person\/image\/","url":"https:\/\/secure.gravatar.com\/avatar\/d9c52a9a27c32119cb6679a077fa3e2779e5f822c451cbf01098004361d466ec?s=96&d=mm&r=g","contentUrl":"https:\/\/secure.gravatar.com\/avatar\/d9c52a9a27c32119cb6679a077fa3e2779e5f822c451cbf01098004361d466ec?s=96&d=mm&r=g","caption":"admin"},"url":"https:\/\/www.zerdab.com\/?author=1"}]}},"_links":{"self":[{"href":"https:\/\/www.zerdab.com\/index.php?rest_route=\/wp\/v2\/posts\/21692","targetHints":{"allow":["GET"]}}],"collection":[{"href":"https:\/\/www.zerdab.com\/index.php?rest_route=\/wp\/v2\/posts"}],"about":[{"href":"https:\/\/www.zerdab.com\/index.php?rest_route=\/wp\/v2\/types\/post"}],"author":[{"embeddable":true,"href":"https:\/\/www.zerdab.com\/index.php?rest_route=\/wp\/v2\/users\/1"}],"replies":[{"embeddable":true,"href":"https:\/\/www.zerdab.com\/index.php?rest_route=%2Fwp%2Fv2%2Fcomments&post=21692"}],"version-history":[{"count":4,"href":"https:\/\/www.zerdab.com\/index.php?rest_route=\/wp\/v2\/posts\/21692\/revisions"}],"predecessor-version":[{"id":21708,"href":"https:\/\/www.zerdab.com\/index.php?rest_route=\/wp\/v2\/posts\/21692\/revisions\/21708"}],"wp:attachment":[{"href":"https:\/\/www.zerdab.com\/index.php?rest_route=%2Fwp%2Fv2%2Fmedia&parent=21692"}],"wp:term":[{"taxonomy":"category","embeddable":true,"href":"https:\/\/www.zerdab.com\/index.php?rest_route=%2Fwp%2Fv2%2Fcategories&post=21692"},{"taxonomy":"post_tag","embeddable":true,"href":"https:\/\/www.zerdab.com\/index.php?rest_route=%2Fwp%2Fv2%2Ftags&post=21692"}],"curies":[{"name":"wp","href":"https:\/\/api.w.org\/{rel}","templated":true}]}}