{"id":21709,"date":"2015-12-11T07:30:22","date_gmt":"2015-12-11T03:30:22","guid":{"rendered":"http:\/\/www.zerdab.com\/?p=21709"},"modified":"2015-12-10T23:11:18","modified_gmt":"2015-12-10T19:11:18","slug":"qoruqbagi-k%c9%99nd-kitabxanasinda-ulu-ond%c9%99r-yad-edildi","status":"publish","type":"post","link":"https:\/\/www.zerdab.com\/?p=21709","title":{"rendered":"Qoruqba\u011f\u0131 k\u0259nd kitabxanas\u0131nda ulu \u00f6nd\u0259r yad edildi"},"content":{"rendered":"<p>Z\u0259rdab rayonunun Qoruqba\u011f\u0131 k\u0259nd 6 sayl\u0131 kitabxana filial\u0131nda xalq\u0131m\u0131z\u0131n \u00fcmummilli lideri Heyd\u0259r \u018fliyevin xatir\u0259sin\u0259 h\u0259sr olunan an\u0131m t\u0259dbiri ke\u00e7irilib. T\u0259dbird\u0259 Yast\u0131yol k\u0259nd 35 sayl\u0131 kitabxana filial\u0131n\u0131n n\u00fcmay\u0259nd\u0259l\u0259ri, ictimaiyy\u0259t n\u00fcmay\u0259nd\u0259l\u0259ri v\u0259 orta m\u0259kt\u0259b \u015fagirdl\u0259ri i\u015ftirak edibl\u0259r. Qoruqba\u011f\u0131 k\u0259nd 6 sayl\u0131 kitabxanan\u0131n m\u00fcdiri R\u0259smiyy\u0259 \u018fhm\u0259dova<\/p>\n<p>\u00e7\u0131x\u0131\u015f\u0131nda ulu \u00f6nd\u0259r Heyd\u0259r \u018fliyevin hakimiyy\u0259td\u0259 oldu\u011fu b\u00fct\u00fcn d\u00f6vrl\u0259rd\u0259 Az\u0259rbaycan d\u00f6vl\u0259t\u00e7iliyinin qorunmas\u0131nda, m\u00f6hk\u0259ml\u0259ndirilm\u0259sind\u0259 v\u0259 inki\u015faf\u0131nda misilsiz xidm\u0259tl\u0259r g\u00f6st\u0259rdiyini vur\u011fulay\u0131b.<\/p>\n<p>Kitabxana\u00e7\u0131lar T\u0259b\u0259ss\u00fcm X\u0259lilova, R\u00fcxsar\u0259 X\u0259lilova, m\u0259d\u0259niyy\u0259t i\u015fcisi \u015e\u0259f\u0259q Eyvazova \u00e7\u0131x\u0131\u015flar\u0131nda m\u00fcasir m\u00fcst\u0259qil Az\u0259rbaycan d\u00f6vl\u0259tinin memar\u0131 v\u0259 qurucusu olan dahi \u015f\u0259xsiyy\u0259t Heyd\u0259r \u018fliyevin ad\u0131n\u0131n \u00f6lk\u0259mizin tarixin\u0259 \u0259b\u0259di h\u0259kk edildiyini, \u00fcmummilli liderin xatir\u0259sinin xalq\u0131m\u0131z t\u0259r\u0259find\u0259n h\u0259mi\u015f\u0259 d\u0259rin ehtiramla yad olundu\u011funu bildirdil\u0259r.<\/p>\n<p><strong>G\u00fcl\u0259r Allahverdiyeva, Qoruqba\u011f\u0131 k\u0259ndi,<\/strong><\/p>\n<p><strong>6 sayl\u0131 kitabxanan\u0131n \u0259m\u0259kda\u015f\u0131.<a href=\"http:\/\/www.zerdab.com\/?attachment_id=21703\" rel=\"attachment wp-att-21703\"><img loading=\"lazy\" decoding=\"async\" class=\"aligncenter size-large wp-image-21703\" src=\"http:\/\/www.zerdab.com\/wp-content\/uploads\/2015\/12\/Qoruqba\u011f\u0131-kendi2-550x413.jpg\" alt=\"Qoruqba\u011f\u0131 kendi\" width=\"550\" height=\"413\" \/><\/a><a href=\"http:\/\/www.zerdab.com\/?attachment_id=21700\" rel=\"attachment wp-att-21700\"><img loading=\"lazy\" decoding=\"async\" class=\"aligncenter size-large wp-image-21700\" src=\"http:\/\/www.zerdab.com\/wp-content\/uploads\/2015\/12\/qor2-550x413.jpg\" alt=\"qor2\" width=\"550\" height=\"413\" \/><\/a><\/strong><a href=\"http:\/\/www.zerdab.com\/?attachment_id=21701\" rel=\"attachment wp-att-21701\"><img loading=\"lazy\" decoding=\"async\" class=\"aligncenter size-large wp-image-21701\" src=\"http:\/\/www.zerdab.com\/wp-content\/uploads\/2015\/12\/Qoruqba\u011f\u0131-kendi-550x413.jpg\" alt=\"Qoruqba\u011f\u0131 kendi\" width=\"550\" height=\"413\" \/><\/a><a href=\"http:\/\/www.zerdab.com\/?attachment_id=21702\" rel=\"attachment wp-att-21702\"><img loading=\"lazy\" decoding=\"async\" class=\"aligncenter size-large wp-image-21702\" src=\"http:\/\/www.zerdab.com\/wp-content\/uploads\/2015\/12\/Qoruqba\u011f\u0131-kendi1-550x413.jpg\" alt=\"Qoruqba\u011f\u0131 kendi1\" width=\"550\" height=\"413\" \/><\/a><\/p>\n","protected":false},"excerpt":{"rendered":"<p>Z\u0259rdab rayonunun Qoruqba\u011f\u0131 k\u0259nd 6 sayl\u0131 kitabxana filial\u0131nda xalq\u0131m\u0131z\u0131n \u00fcmummilli lideri Heyd\u0259r \u018fliyevin xatir\u0259sin\u0259 h\u0259sr olunan an\u0131m t\u0259dbiri ke\u00e7irilib. T\u0259dbird\u0259 Yast\u0131yol k\u0259nd 35 sayl\u0131 kitabxana filial\u0131n\u0131n n\u00fcmay\u0259nd\u0259l\u0259ri, ictimaiyy\u0259t n\u00fcmay\u0259nd\u0259l\u0259ri v\u0259 orta m\u0259kt\u0259b \u015fagirdl\u0259ri i\u015ftirak edibl\u0259r. Qoruqba\u011f\u0131 k\u0259nd 6 sayl\u0131 kitabxanan\u0131n m\u00fcdiri R\u0259smiyy\u0259 \u018fhm\u0259dova \u00e7\u0131x\u0131\u015f\u0131nda ulu \u00f6nd\u0259r Heyd\u0259r \u018fliyevin hakimiyy\u0259td\u0259 oldu\u011fu b\u00fct\u00fcn d\u00f6vrl\u0259rd\u0259 Az\u0259rbaycan d\u00f6vl\u0259t\u00e7iliyinin qorunmas\u0131nda, [&hellip;]<\/p>\n","protected":false},"author":1,"featured_media":0,"comment_status":"open","ping_status":"open","sticky":false,"template":"","format":"standard","meta":{"footnotes":""},"categories":[5],"tags":[],"class_list":{"0":"post-21709","1":"post","2":"type-post","3":"status-publish","4":"format-standard","6":"category-knd"},"yoast_head":"<!-- This site is optimized with the Yoast SEO plugin v27.0 - https:\/\/yoast.com\/product\/yoast-seo-wordpress\/ -->\n<title>Qoruqba\u011f\u0131 k\u0259nd kitabxanas\u0131nda ulu \u00f6nd\u0259r yad edildi - Z\u0259rdab.com<\/title>\n<meta name=\"robots\" content=\"index, follow, max-snippet:-1, max-image-preview:large, max-video-preview:-1\" \/>\n<link rel=\"canonical\" href=\"https:\/\/www.zerdab.com\/?p=21709\" \/>\n<meta property=\"og:locale\" content=\"az_AZ\" \/>\n<meta property=\"og:type\" content=\"article\" \/>\n<meta property=\"og:title\" content=\"Qoruqba\u011f\u0131 k\u0259nd kitabxanas\u0131nda ulu \u00f6nd\u0259r yad edildi - Z\u0259rdab.com\" \/>\n<meta property=\"og:description\" content=\"Z\u0259rdab rayonunun Qoruqba\u011f\u0131 k\u0259nd 6 sayl\u0131 kitabxana filial\u0131nda xalq\u0131m\u0131z\u0131n \u00fcmummilli lideri Heyd\u0259r \u018fliyevin xatir\u0259sin\u0259 h\u0259sr olunan an\u0131m t\u0259dbiri ke\u00e7irilib. T\u0259dbird\u0259 Yast\u0131yol k\u0259nd 35 sayl\u0131 kitabxana filial\u0131n\u0131n n\u00fcmay\u0259nd\u0259l\u0259ri, ictimaiyy\u0259t n\u00fcmay\u0259nd\u0259l\u0259ri v\u0259 orta m\u0259kt\u0259b \u015fagirdl\u0259ri i\u015ftirak edibl\u0259r. Qoruqba\u011f\u0131 k\u0259nd 6 sayl\u0131 kitabxanan\u0131n m\u00fcdiri R\u0259smiyy\u0259 \u018fhm\u0259dova \u00e7\u0131x\u0131\u015f\u0131nda ulu \u00f6nd\u0259r Heyd\u0259r \u018fliyevin hakimiyy\u0259td\u0259 oldu\u011fu b\u00fct\u00fcn d\u00f6vrl\u0259rd\u0259 Az\u0259rbaycan d\u00f6vl\u0259t\u00e7iliyinin qorunmas\u0131nda, [&hellip;]\" \/>\n<meta property=\"og:url\" content=\"https:\/\/www.zerdab.com\/?p=21709\" \/>\n<meta property=\"og:site_name\" content=\"Z\u0259rdab.com\" \/>\n<meta property=\"article:published_time\" content=\"2015-12-11T03:30:22+00:00\" \/>\n<meta property=\"og:image\" content=\"http:\/\/www.zerdab.com\/wp-content\/uploads\/2015\/12\/qor2-550x413.jpg\" \/>\n<meta name=\"author\" content=\"admin\" \/>\n<meta name=\"twitter:card\" content=\"summary_large_image\" \/>\n<meta name=\"twitter:label1\" content=\"Written by\" \/>\n\t<meta name=\"twitter:data1\" content=\"admin\" \/>\n\t<meta name=\"twitter:label2\" content=\"Est. reading time\" \/>\n\t<meta name=\"twitter:data2\" content=\"1 minute\" \/>\n<script type=\"application\/ld+json\" class=\"yoast-schema-graph\">{\"@context\":\"https:\/\/schema.org\",\"@graph\":[{\"@type\":\"Article\",\"@id\":\"https:\/\/www.zerdab.com\/?p=21709#article\",\"isPartOf\":{\"@id\":\"https:\/\/www.zerdab.com\/?p=21709\"},\"author\":{\"name\":\"admin\",\"@id\":\"https:\/\/www.zerdab.com\/#\/schema\/person\/97079b7570c1e89ec0d9e138c3672136\"},\"headline\":\"Qoruqba\u011f\u0131 k\u0259nd kitabxanas\u0131nda ulu \u00f6nd\u0259r yad edildi\",\"datePublished\":\"2015-12-11T03:30:22+00:00\",\"mainEntityOfPage\":{\"@id\":\"https:\/\/www.zerdab.com\/?p=21709\"},\"wordCount\":219,\"commentCount\":0,\"image\":{\"@id\":\"https:\/\/www.zerdab.com\/?p=21709#primaryimage\"},\"thumbnailUrl\":\"http:\/\/www.zerdab.com\/wp-content\/uploads\/2015\/12\/qor2-550x413.jpg\",\"articleSection\":[\"X\u018fB\u018fRL\u018fR\"],\"inLanguage\":\"az\",\"potentialAction\":[{\"@type\":\"CommentAction\",\"name\":\"Comment\",\"target\":[\"https:\/\/www.zerdab.com\/?p=21709#respond\"]}]},{\"@type\":\"WebPage\",\"@id\":\"https:\/\/www.zerdab.com\/?p=21709\",\"url\":\"https:\/\/www.zerdab.com\/?p=21709\",\"name\":\"Qoruqba\u011f\u0131 k\u0259nd kitabxanas\u0131nda ulu \u00f6nd\u0259r yad edildi - Z\u0259rdab.com\",\"isPartOf\":{\"@id\":\"https:\/\/www.zerdab.com\/#website\"},\"primaryImageOfPage\":{\"@id\":\"https:\/\/www.zerdab.com\/?p=21709#primaryimage\"},\"image\":{\"@id\":\"https:\/\/www.zerdab.com\/?p=21709#primaryimage\"},\"thumbnailUrl\":\"http:\/\/www.zerdab.com\/wp-content\/uploads\/2015\/12\/qor2-550x413.jpg\",\"datePublished\":\"2015-12-11T03:30:22+00:00\",\"author\":{\"@id\":\"https:\/\/www.zerdab.com\/#\/schema\/person\/97079b7570c1e89ec0d9e138c3672136\"},\"breadcrumb\":{\"@id\":\"https:\/\/www.zerdab.com\/?p=21709#breadcrumb\"},\"inLanguage\":\"az\",\"potentialAction\":[{\"@type\":\"ReadAction\",\"target\":[\"https:\/\/www.zerdab.com\/?p=21709\"]}]},{\"@type\":\"ImageObject\",\"inLanguage\":\"az\",\"@id\":\"https:\/\/www.zerdab.com\/?p=21709#primaryimage\",\"url\":\"\",\"contentUrl\":\"\"},{\"@type\":\"BreadcrumbList\",\"@id\":\"https:\/\/www.zerdab.com\/?p=21709#breadcrumb\",\"itemListElement\":[{\"@type\":\"ListItem\",\"position\":1,\"name\":\"Home\",\"item\":\"https:\/\/www.zerdab.com\/\"},{\"@type\":\"ListItem\",\"position\":2,\"name\":\"Qoruqba\u011f\u0131 k\u0259nd kitabxanas\u0131nda ulu \u00f6nd\u0259r yad edildi\"}]},{\"@type\":\"WebSite\",\"@id\":\"https:\/\/www.zerdab.com\/#website\",\"url\":\"https:\/\/www.zerdab.com\/\",\"name\":\"Z\u0259rdab.com\",\"description\":\"\",\"potentialAction\":[{\"@type\":\"SearchAction\",\"target\":{\"@type\":\"EntryPoint\",\"urlTemplate\":\"https:\/\/www.zerdab.com\/?s={search_term_string}\"},\"query-input\":{\"@type\":\"PropertyValueSpecification\",\"valueRequired\":true,\"valueName\":\"search_term_string\"}}],\"inLanguage\":\"az\"},{\"@type\":\"Person\",\"@id\":\"https:\/\/www.zerdab.com\/#\/schema\/person\/97079b7570c1e89ec0d9e138c3672136\",\"name\":\"admin\",\"image\":{\"@type\":\"ImageObject\",\"inLanguage\":\"az\",\"@id\":\"https:\/\/www.zerdab.com\/#\/schema\/person\/image\/\",\"url\":\"https:\/\/secure.gravatar.com\/avatar\/d9c52a9a27c32119cb6679a077fa3e2779e5f822c451cbf01098004361d466ec?s=96&d=mm&r=g\",\"contentUrl\":\"https:\/\/secure.gravatar.com\/avatar\/d9c52a9a27c32119cb6679a077fa3e2779e5f822c451cbf01098004361d466ec?s=96&d=mm&r=g\",\"caption\":\"admin\"},\"url\":\"https:\/\/www.zerdab.com\/?author=1\"}]}<\/script>\n<!-- \/ Yoast SEO plugin. -->","yoast_head_json":{"title":"Qoruqba\u011f\u0131 k\u0259nd kitabxanas\u0131nda ulu \u00f6nd\u0259r yad edildi - Z\u0259rdab.com","robots":{"index":"index","follow":"follow","max-snippet":"max-snippet:-1","max-image-preview":"max-image-preview:large","max-video-preview":"max-video-preview:-1"},"canonical":"https:\/\/www.zerdab.com\/?p=21709","og_locale":"az_AZ","og_type":"article","og_title":"Qoruqba\u011f\u0131 k\u0259nd kitabxanas\u0131nda ulu \u00f6nd\u0259r yad edildi - Z\u0259rdab.com","og_description":"Z\u0259rdab rayonunun Qoruqba\u011f\u0131 k\u0259nd 6 sayl\u0131 kitabxana filial\u0131nda xalq\u0131m\u0131z\u0131n \u00fcmummilli lideri Heyd\u0259r \u018fliyevin xatir\u0259sin\u0259 h\u0259sr olunan an\u0131m t\u0259dbiri ke\u00e7irilib. T\u0259dbird\u0259 Yast\u0131yol k\u0259nd 35 sayl\u0131 kitabxana filial\u0131n\u0131n n\u00fcmay\u0259nd\u0259l\u0259ri, ictimaiyy\u0259t n\u00fcmay\u0259nd\u0259l\u0259ri v\u0259 orta m\u0259kt\u0259b \u015fagirdl\u0259ri i\u015ftirak edibl\u0259r. Qoruqba\u011f\u0131 k\u0259nd 6 sayl\u0131 kitabxanan\u0131n m\u00fcdiri R\u0259smiyy\u0259 \u018fhm\u0259dova \u00e7\u0131x\u0131\u015f\u0131nda ulu \u00f6nd\u0259r Heyd\u0259r \u018fliyevin hakimiyy\u0259td\u0259 oldu\u011fu b\u00fct\u00fcn d\u00f6vrl\u0259rd\u0259 Az\u0259rbaycan d\u00f6vl\u0259t\u00e7iliyinin qorunmas\u0131nda, [&hellip;]","og_url":"https:\/\/www.zerdab.com\/?p=21709","og_site_name":"Z\u0259rdab.com","article_published_time":"2015-12-11T03:30:22+00:00","og_image":[{"url":"http:\/\/www.zerdab.com\/wp-content\/uploads\/2015\/12\/qor2-550x413.jpg","type":"","width":"","height":""}],"author":"admin","twitter_card":"summary_large_image","twitter_misc":{"Written by":"admin","Est. reading time":"1 minute"},"schema":{"@context":"https:\/\/schema.org","@graph":[{"@type":"Article","@id":"https:\/\/www.zerdab.com\/?p=21709#article","isPartOf":{"@id":"https:\/\/www.zerdab.com\/?p=21709"},"author":{"name":"admin","@id":"https:\/\/www.zerdab.com\/#\/schema\/person\/97079b7570c1e89ec0d9e138c3672136"},"headline":"Qoruqba\u011f\u0131 k\u0259nd kitabxanas\u0131nda ulu \u00f6nd\u0259r yad edildi","datePublished":"2015-12-11T03:30:22+00:00","mainEntityOfPage":{"@id":"https:\/\/www.zerdab.com\/?p=21709"},"wordCount":219,"commentCount":0,"image":{"@id":"https:\/\/www.zerdab.com\/?p=21709#primaryimage"},"thumbnailUrl":"http:\/\/www.zerdab.com\/wp-content\/uploads\/2015\/12\/qor2-550x413.jpg","articleSection":["X\u018fB\u018fRL\u018fR"],"inLanguage":"az","potentialAction":[{"@type":"CommentAction","name":"Comment","target":["https:\/\/www.zerdab.com\/?p=21709#respond"]}]},{"@type":"WebPage","@id":"https:\/\/www.zerdab.com\/?p=21709","url":"https:\/\/www.zerdab.com\/?p=21709","name":"Qoruqba\u011f\u0131 k\u0259nd kitabxanas\u0131nda ulu \u00f6nd\u0259r yad edildi - Z\u0259rdab.com","isPartOf":{"@id":"https:\/\/www.zerdab.com\/#website"},"primaryImageOfPage":{"@id":"https:\/\/www.zerdab.com\/?p=21709#primaryimage"},"image":{"@id":"https:\/\/www.zerdab.com\/?p=21709#primaryimage"},"thumbnailUrl":"http:\/\/www.zerdab.com\/wp-content\/uploads\/2015\/12\/qor2-550x413.jpg","datePublished":"2015-12-11T03:30:22+00:00","author":{"@id":"https:\/\/www.zerdab.com\/#\/schema\/person\/97079b7570c1e89ec0d9e138c3672136"},"breadcrumb":{"@id":"https:\/\/www.zerdab.com\/?p=21709#breadcrumb"},"inLanguage":"az","potentialAction":[{"@type":"ReadAction","target":["https:\/\/www.zerdab.com\/?p=21709"]}]},{"@type":"ImageObject","inLanguage":"az","@id":"https:\/\/www.zerdab.com\/?p=21709#primaryimage","url":"","contentUrl":""},{"@type":"BreadcrumbList","@id":"https:\/\/www.zerdab.com\/?p=21709#breadcrumb","itemListElement":[{"@type":"ListItem","position":1,"name":"Home","item":"https:\/\/www.zerdab.com\/"},{"@type":"ListItem","position":2,"name":"Qoruqba\u011f\u0131 k\u0259nd kitabxanas\u0131nda ulu \u00f6nd\u0259r yad edildi"}]},{"@type":"WebSite","@id":"https:\/\/www.zerdab.com\/#website","url":"https:\/\/www.zerdab.com\/","name":"Z\u0259rdab.com","description":"","potentialAction":[{"@type":"SearchAction","target":{"@type":"EntryPoint","urlTemplate":"https:\/\/www.zerdab.com\/?s={search_term_string}"},"query-input":{"@type":"PropertyValueSpecification","valueRequired":true,"valueName":"search_term_string"}}],"inLanguage":"az"},{"@type":"Person","@id":"https:\/\/www.zerdab.com\/#\/schema\/person\/97079b7570c1e89ec0d9e138c3672136","name":"admin","image":{"@type":"ImageObject","inLanguage":"az","@id":"https:\/\/www.zerdab.com\/#\/schema\/person\/image\/","url":"https:\/\/secure.gravatar.com\/avatar\/d9c52a9a27c32119cb6679a077fa3e2779e5f822c451cbf01098004361d466ec?s=96&d=mm&r=g","contentUrl":"https:\/\/secure.gravatar.com\/avatar\/d9c52a9a27c32119cb6679a077fa3e2779e5f822c451cbf01098004361d466ec?s=96&d=mm&r=g","caption":"admin"},"url":"https:\/\/www.zerdab.com\/?author=1"}]}},"_links":{"self":[{"href":"https:\/\/www.zerdab.com\/index.php?rest_route=\/wp\/v2\/posts\/21709","targetHints":{"allow":["GET"]}}],"collection":[{"href":"https:\/\/www.zerdab.com\/index.php?rest_route=\/wp\/v2\/posts"}],"about":[{"href":"https:\/\/www.zerdab.com\/index.php?rest_route=\/wp\/v2\/types\/post"}],"author":[{"embeddable":true,"href":"https:\/\/www.zerdab.com\/index.php?rest_route=\/wp\/v2\/users\/1"}],"replies":[{"embeddable":true,"href":"https:\/\/www.zerdab.com\/index.php?rest_route=%2Fwp%2Fv2%2Fcomments&post=21709"}],"version-history":[{"count":2,"href":"https:\/\/www.zerdab.com\/index.php?rest_route=\/wp\/v2\/posts\/21709\/revisions"}],"predecessor-version":[{"id":21711,"href":"https:\/\/www.zerdab.com\/index.php?rest_route=\/wp\/v2\/posts\/21709\/revisions\/21711"}],"wp:attachment":[{"href":"https:\/\/www.zerdab.com\/index.php?rest_route=%2Fwp%2Fv2%2Fmedia&parent=21709"}],"wp:term":[{"taxonomy":"category","embeddable":true,"href":"https:\/\/www.zerdab.com\/index.php?rest_route=%2Fwp%2Fv2%2Fcategories&post=21709"},{"taxonomy":"post_tag","embeddable":true,"href":"https:\/\/www.zerdab.com\/index.php?rest_route=%2Fwp%2Fv2%2Ftags&post=21709"}],"curies":[{"name":"wp","href":"https:\/\/api.w.org\/{rel}","templated":true}]}}