{"id":21715,"date":"2015-12-12T08:00:36","date_gmt":"2015-12-12T04:00:36","guid":{"rendered":"http:\/\/www.zerdab.com\/?p=21715"},"modified":"2015-12-13T22:02:03","modified_gmt":"2015-12-13T18:02:03","slug":"z%c9%99rdabda-umummilli-lider-heyd%c9%99r-%c9%99liyevin-anim-m%c9%99rasimi-kecirildi","status":"publish","type":"post","link":"https:\/\/www.zerdab.com\/?p=21715","title":{"rendered":"Z\u0259rdabda \u00fcmummilli lider Heyd\u0259r \u018fliyevin an\u0131m m\u0259rasimi ke\u00e7irildi"},"content":{"rendered":"<p>Z\u0259rdabda \u00fcmummilli lider Heyd\u0259r \u018fliyevin v\u0259fat\u0131n\u0131n 12-ci ild\u00f6n\u00fcm\u00fc il\u0259 \u0259laq\u0259dar \u00fcmumrayon m\u0259rasimi ke\u00e7irildi.<\/p>\n<p>An\u0131m m\u0259rasiminin i\u015ftirak\u00e7\u0131lar\u0131 dekabr\u0131n 12-d\u0259 s\u0259h\u0259r Heyd\u0259r park\u0131na g\u0259l\u0259r\u0259k \u00dcmummilli Liderin abid\u0259si \u00f6n\u00fcn\u0259 \u00e7i\u00e7\u0259kl\u0259r d\u00fcz\u00fcbl\u0259r.<\/p>\n<p>Parkda t\u0259\u015fkil olunan t\u0259dbird\u0259 \u201cHeyd\u0259r \u018fliyev m\u00fcst\u0259qil, demokratik, dinamik inki\u015faf ed\u0259n Az\u0259rbaycan d\u00f6vl\u0259tinin memar\u0131 v\u0259 qurucusudur\u201d m\u00f6vzusunda m\u0259ruz\u0259 dinl\u0259nilib. Qeyd edilib ki, Az\u0259rbaycan d\u00f6vl\u0259tinin tarixi v\u0259 taleyi Ulu \u00d6nd\u0259rin ad\u0131 il\u0259 s\u0131x ba\u011fl\u0131d\u0131r. Heyd\u0259r \u018fliyevin Az\u0259rbaycana r\u0259hb\u0259rlik etdiyi d\u00f6vrl\u0259rd\u0259 ictimai-siyasi, iqtisadi v\u0259 m\u0259d\u0259ni h\u0259yat\u0131n b\u00fct\u00fcn sah\u0259l\u0259rind\u0259 inki\u015faf, dir\u00e7\u0259li\u015f olub. M\u0259hz Heyd\u0259r \u018fliyev Az\u0259rbaycan\u0131 bir d\u00f6vl\u0259t kimi zaman\u0131n a\u011f\u0131r v\u0259 s\u0259rt s\u0131naqlar\u0131ndan \u00e7\u0131xar\u0131b. Canl\u0131 \u0259fsan\u0259y\u0259 \u00e7evril\u0259n Heyd\u0259r \u018fliyev q\u00fcdr\u0259tli siyasi xadim, \u0259v\u0259zolunmaz tarixi \u015f\u0259xsiyy\u0259t v\u0259 \u0259sl az\u0259rbaycanl\u0131 idi.<\/p>\n<p>\u00c7\u0131x\u0131\u015flarda Az\u0259rbaycan d\u00f6vl\u0259tinin s\u00fckan\u0131n\u0131n bu g\u00fcn d\u0259 etibarl\u0131 \u0259ll\u0259rd\u0259 oldu\u011fu vur\u011fulan\u0131b. Bildirilib ki, son ill\u0259rd\u0259 Prezident \u0130lham \u018fliyevin r\u0259hb\u0259rliyi il\u0259 \u00f6lk\u0259mizin sosial-iqtisadi inki\u015faf\u0131, regionlarda g\u00f6r\u00fcl\u0259n geni\u015fmiqyasl\u0131 abadl\u0131q v\u0259 quruculuq i\u015fl\u0259ri, insanlar\u0131n sosial probleml\u0259rinin h\u0259lli istiqam\u0259tind\u0259 at\u0131lan c\u0259sar\u0259tli add\u0131mlar, m\u00fcst\u0259qil Az\u0259rbaycan\u0131n beyn\u0259lxalq al\u0259md\u0259 artan n\u00fcfuzu Heyd\u0259r \u018fliyev ideyalar\u0131n\u0131n t\u0259nt\u0259n\u0259sidir.<\/p>\n<p>Sonra m\u0259kt\u0259blil\u0259rin haz\u0131rlad\u0131\u011f\u0131 kompozisiya n\u00fcmayi\u015f etdirilib.<\/p>\n<p>M\u0259rasim i\u015ftirak\u00e7\u0131lar\u0131 Ulu \u00d6nd\u0259rin an\u0131m g\u00fcn\u00fcn\u0259 h\u0259sr olunan m\u00fcsabiq\u0259d\u0259 qalib g\u0259l\u0259n divar q\u0259zetl\u0259rinin, \u00dcmummilli Liderin h\u0259yat v\u0259 f\u0259aliyy\u0259tind\u0259n b\u0259hs ed\u0259n kitablar\u0131n s\u0259rgisi v\u0259 foto-stendl\u0259rl\u0259 tan\u0131\u015f olublar.<\/p>\n<p>Heyd\u0259r \u018fliyev M\u0259rk\u0259zind\u0259 davam etdiril\u0259n t\u0259dbird\u0259 i\u015ftirak\u00e7\u0131lar burada Ulu \u00d6nd\u0259rin h\u0259yat v\u0259 f\u0259aliyy\u0259tini \u0259ks etdir\u0259n foto-s\u0259rgil\u0259r v\u0259 dig\u0259r s\u0259n\u0259dl\u0259rl\u0259 tan\u0131\u015f olub, s\u0259n\u0259dli film\u0259 bax\u0131blar.<\/p>\n<p>Zerdab.com<a href=\"http:\/\/www.zerdab.com\/z%c9%99rdabda-umummilli-lider-heyd%c9%99r-%c9%99liyevin-anim-m%c9%99rasimi-kecirildi\/z%c9%99rdab-76\/\" rel=\"attachment wp-att-21716\"><img loading=\"lazy\" decoding=\"async\" class=\"aligncenter size-large wp-image-21716\" src=\"http:\/\/www.zerdab.com\/wp-content\/uploads\/2015\/12\/Z\u0259rdab-1-550x366.jpg\" alt=\"Z\u0259rdab\" width=\"550\" height=\"366\" \/><\/a><a href=\"http:\/\/www.zerdab.com\/z%c9%99rdabda-umummilli-lider-heyd%c9%99r-%c9%99liyevin-anim-m%c9%99rasimi-kecirildi\/z%c9%99rdab2-26\/\" rel=\"attachment wp-att-21718\"><img loading=\"lazy\" decoding=\"async\" class=\"aligncenter size-large wp-image-21718\" src=\"http:\/\/www.zerdab.com\/wp-content\/uploads\/2015\/12\/Z\u0259rdab2-550x366.jpg\" alt=\"Z\u0259rdab\" width=\"550\" height=\"366\" \/><\/a><\/p>\n","protected":false},"excerpt":{"rendered":"<p>Z\u0259rdabda \u00fcmummilli lider Heyd\u0259r \u018fliyevin v\u0259fat\u0131n\u0131n 12-ci ild\u00f6n\u00fcm\u00fc il\u0259 \u0259laq\u0259dar \u00fcmumrayon m\u0259rasimi ke\u00e7irildi. An\u0131m m\u0259rasiminin i\u015ftirak\u00e7\u0131lar\u0131 dekabr\u0131n 12-d\u0259 s\u0259h\u0259r Heyd\u0259r park\u0131na g\u0259l\u0259r\u0259k \u00dcmummilli Liderin abid\u0259si \u00f6n\u00fcn\u0259 \u00e7i\u00e7\u0259kl\u0259r d\u00fcz\u00fcbl\u0259r. Parkda t\u0259\u015fkil olunan t\u0259dbird\u0259 \u201cHeyd\u0259r \u018fliyev m\u00fcst\u0259qil, demokratik, dinamik inki\u015faf ed\u0259n Az\u0259rbaycan d\u00f6vl\u0259tinin memar\u0131 v\u0259 qurucusudur\u201d m\u00f6vzusunda m\u0259ruz\u0259 dinl\u0259nilib. Qeyd edilib ki, Az\u0259rbaycan d\u00f6vl\u0259tinin tarixi v\u0259 taleyi [&hellip;]<\/p>\n","protected":false},"author":1,"featured_media":0,"comment_status":"open","ping_status":"open","sticky":false,"template":"","format":"standard","meta":{"footnotes":""},"categories":[5],"tags":[],"class_list":{"0":"post-21715","1":"post","2":"type-post","3":"status-publish","4":"format-standard","6":"category-knd"},"yoast_head":"<!-- This site is optimized with the Yoast SEO plugin v27.0 - https:\/\/yoast.com\/product\/yoast-seo-wordpress\/ -->\n<title>Z\u0259rdabda \u00fcmummilli lider Heyd\u0259r \u018fliyevin an\u0131m m\u0259rasimi ke\u00e7irildi - Z\u0259rdab.com<\/title>\n<meta name=\"robots\" content=\"index, follow, max-snippet:-1, max-image-preview:large, max-video-preview:-1\" \/>\n<link rel=\"canonical\" href=\"https:\/\/www.zerdab.com\/?p=21715\" \/>\n<meta property=\"og:locale\" content=\"az_AZ\" \/>\n<meta property=\"og:type\" content=\"article\" \/>\n<meta property=\"og:title\" content=\"Z\u0259rdabda \u00fcmummilli lider Heyd\u0259r \u018fliyevin an\u0131m m\u0259rasimi ke\u00e7irildi - Z\u0259rdab.com\" \/>\n<meta property=\"og:description\" content=\"Z\u0259rdabda \u00fcmummilli lider Heyd\u0259r \u018fliyevin v\u0259fat\u0131n\u0131n 12-ci ild\u00f6n\u00fcm\u00fc il\u0259 \u0259laq\u0259dar \u00fcmumrayon m\u0259rasimi ke\u00e7irildi. An\u0131m m\u0259rasiminin i\u015ftirak\u00e7\u0131lar\u0131 dekabr\u0131n 12-d\u0259 s\u0259h\u0259r Heyd\u0259r park\u0131na g\u0259l\u0259r\u0259k \u00dcmummilli Liderin abid\u0259si \u00f6n\u00fcn\u0259 \u00e7i\u00e7\u0259kl\u0259r d\u00fcz\u00fcbl\u0259r. Parkda t\u0259\u015fkil olunan t\u0259dbird\u0259 \u201cHeyd\u0259r \u018fliyev m\u00fcst\u0259qil, demokratik, dinamik inki\u015faf ed\u0259n Az\u0259rbaycan d\u00f6vl\u0259tinin memar\u0131 v\u0259 qurucusudur\u201d m\u00f6vzusunda m\u0259ruz\u0259 dinl\u0259nilib. Qeyd edilib ki, Az\u0259rbaycan d\u00f6vl\u0259tinin tarixi v\u0259 taleyi [&hellip;]\" \/>\n<meta property=\"og:url\" content=\"https:\/\/www.zerdab.com\/?p=21715\" \/>\n<meta property=\"og:site_name\" content=\"Z\u0259rdab.com\" \/>\n<meta property=\"article:published_time\" content=\"2015-12-12T04:00:36+00:00\" \/>\n<meta property=\"article:modified_time\" content=\"2015-12-13T18:02:03+00:00\" \/>\n<meta name=\"author\" content=\"admin\" \/>\n<meta name=\"twitter:card\" content=\"summary_large_image\" \/>\n<meta name=\"twitter:label1\" content=\"Written by\" \/>\n\t<meta name=\"twitter:data1\" content=\"admin\" \/>\n\t<meta name=\"twitter:label2\" content=\"Est. reading time\" \/>\n\t<meta name=\"twitter:data2\" content=\"2 minutes\" \/>\n<script type=\"application\/ld+json\" class=\"yoast-schema-graph\">{\"@context\":\"https:\/\/schema.org\",\"@graph\":[{\"@type\":\"Article\",\"@id\":\"https:\/\/www.zerdab.com\/?p=21715#article\",\"isPartOf\":{\"@id\":\"https:\/\/www.zerdab.com\/?p=21715\"},\"author\":{\"name\":\"admin\",\"@id\":\"https:\/\/www.zerdab.com\/#\/schema\/person\/97079b7570c1e89ec0d9e138c3672136\"},\"headline\":\"Z\u0259rdabda \u00fcmummilli lider Heyd\u0259r \u018fliyevin an\u0131m m\u0259rasimi ke\u00e7irildi\",\"datePublished\":\"2015-12-12T04:00:36+00:00\",\"dateModified\":\"2015-12-13T18:02:03+00:00\",\"mainEntityOfPage\":{\"@id\":\"https:\/\/www.zerdab.com\/?p=21715\"},\"wordCount\":403,\"commentCount\":0,\"articleSection\":[\"X\u018fB\u018fRL\u018fR\"],\"inLanguage\":\"az\",\"potentialAction\":[{\"@type\":\"CommentAction\",\"name\":\"Comment\",\"target\":[\"https:\/\/www.zerdab.com\/?p=21715#respond\"]}]},{\"@type\":\"WebPage\",\"@id\":\"https:\/\/www.zerdab.com\/?p=21715\",\"url\":\"https:\/\/www.zerdab.com\/?p=21715\",\"name\":\"Z\u0259rdabda \u00fcmummilli lider Heyd\u0259r \u018fliyevin an\u0131m m\u0259rasimi ke\u00e7irildi - Z\u0259rdab.com\",\"isPartOf\":{\"@id\":\"https:\/\/www.zerdab.com\/#website\"},\"datePublished\":\"2015-12-12T04:00:36+00:00\",\"dateModified\":\"2015-12-13T18:02:03+00:00\",\"author\":{\"@id\":\"https:\/\/www.zerdab.com\/#\/schema\/person\/97079b7570c1e89ec0d9e138c3672136\"},\"breadcrumb\":{\"@id\":\"https:\/\/www.zerdab.com\/?p=21715#breadcrumb\"},\"inLanguage\":\"az\",\"potentialAction\":[{\"@type\":\"ReadAction\",\"target\":[\"https:\/\/www.zerdab.com\/?p=21715\"]}]},{\"@type\":\"BreadcrumbList\",\"@id\":\"https:\/\/www.zerdab.com\/?p=21715#breadcrumb\",\"itemListElement\":[{\"@type\":\"ListItem\",\"position\":1,\"name\":\"Home\",\"item\":\"https:\/\/www.zerdab.com\/\"},{\"@type\":\"ListItem\",\"position\":2,\"name\":\"Z\u0259rdabda \u00fcmummilli lider Heyd\u0259r \u018fliyevin an\u0131m m\u0259rasimi ke\u00e7irildi\"}]},{\"@type\":\"WebSite\",\"@id\":\"https:\/\/www.zerdab.com\/#website\",\"url\":\"https:\/\/www.zerdab.com\/\",\"name\":\"Z\u0259rdab.com\",\"description\":\"\",\"potentialAction\":[{\"@type\":\"SearchAction\",\"target\":{\"@type\":\"EntryPoint\",\"urlTemplate\":\"https:\/\/www.zerdab.com\/?s={search_term_string}\"},\"query-input\":{\"@type\":\"PropertyValueSpecification\",\"valueRequired\":true,\"valueName\":\"search_term_string\"}}],\"inLanguage\":\"az\"},{\"@type\":\"Person\",\"@id\":\"https:\/\/www.zerdab.com\/#\/schema\/person\/97079b7570c1e89ec0d9e138c3672136\",\"name\":\"admin\",\"image\":{\"@type\":\"ImageObject\",\"inLanguage\":\"az\",\"@id\":\"https:\/\/www.zerdab.com\/#\/schema\/person\/image\/\",\"url\":\"https:\/\/secure.gravatar.com\/avatar\/d9c52a9a27c32119cb6679a077fa3e2779e5f822c451cbf01098004361d466ec?s=96&d=mm&r=g\",\"contentUrl\":\"https:\/\/secure.gravatar.com\/avatar\/d9c52a9a27c32119cb6679a077fa3e2779e5f822c451cbf01098004361d466ec?s=96&d=mm&r=g\",\"caption\":\"admin\"},\"url\":\"https:\/\/www.zerdab.com\/?author=1\"}]}<\/script>\n<!-- \/ Yoast SEO plugin. -->","yoast_head_json":{"title":"Z\u0259rdabda \u00fcmummilli lider Heyd\u0259r \u018fliyevin an\u0131m m\u0259rasimi ke\u00e7irildi - Z\u0259rdab.com","robots":{"index":"index","follow":"follow","max-snippet":"max-snippet:-1","max-image-preview":"max-image-preview:large","max-video-preview":"max-video-preview:-1"},"canonical":"https:\/\/www.zerdab.com\/?p=21715","og_locale":"az_AZ","og_type":"article","og_title":"Z\u0259rdabda \u00fcmummilli lider Heyd\u0259r \u018fliyevin an\u0131m m\u0259rasimi ke\u00e7irildi - Z\u0259rdab.com","og_description":"Z\u0259rdabda \u00fcmummilli lider Heyd\u0259r \u018fliyevin v\u0259fat\u0131n\u0131n 12-ci ild\u00f6n\u00fcm\u00fc il\u0259 \u0259laq\u0259dar \u00fcmumrayon m\u0259rasimi ke\u00e7irildi. An\u0131m m\u0259rasiminin i\u015ftirak\u00e7\u0131lar\u0131 dekabr\u0131n 12-d\u0259 s\u0259h\u0259r Heyd\u0259r park\u0131na g\u0259l\u0259r\u0259k \u00dcmummilli Liderin abid\u0259si \u00f6n\u00fcn\u0259 \u00e7i\u00e7\u0259kl\u0259r d\u00fcz\u00fcbl\u0259r. Parkda t\u0259\u015fkil olunan t\u0259dbird\u0259 \u201cHeyd\u0259r \u018fliyev m\u00fcst\u0259qil, demokratik, dinamik inki\u015faf ed\u0259n Az\u0259rbaycan d\u00f6vl\u0259tinin memar\u0131 v\u0259 qurucusudur\u201d m\u00f6vzusunda m\u0259ruz\u0259 dinl\u0259nilib. Qeyd edilib ki, Az\u0259rbaycan d\u00f6vl\u0259tinin tarixi v\u0259 taleyi [&hellip;]","og_url":"https:\/\/www.zerdab.com\/?p=21715","og_site_name":"Z\u0259rdab.com","article_published_time":"2015-12-12T04:00:36+00:00","article_modified_time":"2015-12-13T18:02:03+00:00","author":"admin","twitter_card":"summary_large_image","twitter_misc":{"Written by":"admin","Est. reading time":"2 minutes"},"schema":{"@context":"https:\/\/schema.org","@graph":[{"@type":"Article","@id":"https:\/\/www.zerdab.com\/?p=21715#article","isPartOf":{"@id":"https:\/\/www.zerdab.com\/?p=21715"},"author":{"name":"admin","@id":"https:\/\/www.zerdab.com\/#\/schema\/person\/97079b7570c1e89ec0d9e138c3672136"},"headline":"Z\u0259rdabda \u00fcmummilli lider Heyd\u0259r \u018fliyevin an\u0131m m\u0259rasimi ke\u00e7irildi","datePublished":"2015-12-12T04:00:36+00:00","dateModified":"2015-12-13T18:02:03+00:00","mainEntityOfPage":{"@id":"https:\/\/www.zerdab.com\/?p=21715"},"wordCount":403,"commentCount":0,"articleSection":["X\u018fB\u018fRL\u018fR"],"inLanguage":"az","potentialAction":[{"@type":"CommentAction","name":"Comment","target":["https:\/\/www.zerdab.com\/?p=21715#respond"]}]},{"@type":"WebPage","@id":"https:\/\/www.zerdab.com\/?p=21715","url":"https:\/\/www.zerdab.com\/?p=21715","name":"Z\u0259rdabda \u00fcmummilli lider Heyd\u0259r \u018fliyevin an\u0131m m\u0259rasimi ke\u00e7irildi - Z\u0259rdab.com","isPartOf":{"@id":"https:\/\/www.zerdab.com\/#website"},"datePublished":"2015-12-12T04:00:36+00:00","dateModified":"2015-12-13T18:02:03+00:00","author":{"@id":"https:\/\/www.zerdab.com\/#\/schema\/person\/97079b7570c1e89ec0d9e138c3672136"},"breadcrumb":{"@id":"https:\/\/www.zerdab.com\/?p=21715#breadcrumb"},"inLanguage":"az","potentialAction":[{"@type":"ReadAction","target":["https:\/\/www.zerdab.com\/?p=21715"]}]},{"@type":"BreadcrumbList","@id":"https:\/\/www.zerdab.com\/?p=21715#breadcrumb","itemListElement":[{"@type":"ListItem","position":1,"name":"Home","item":"https:\/\/www.zerdab.com\/"},{"@type":"ListItem","position":2,"name":"Z\u0259rdabda \u00fcmummilli lider Heyd\u0259r \u018fliyevin an\u0131m m\u0259rasimi ke\u00e7irildi"}]},{"@type":"WebSite","@id":"https:\/\/www.zerdab.com\/#website","url":"https:\/\/www.zerdab.com\/","name":"Z\u0259rdab.com","description":"","potentialAction":[{"@type":"SearchAction","target":{"@type":"EntryPoint","urlTemplate":"https:\/\/www.zerdab.com\/?s={search_term_string}"},"query-input":{"@type":"PropertyValueSpecification","valueRequired":true,"valueName":"search_term_string"}}],"inLanguage":"az"},{"@type":"Person","@id":"https:\/\/www.zerdab.com\/#\/schema\/person\/97079b7570c1e89ec0d9e138c3672136","name":"admin","image":{"@type":"ImageObject","inLanguage":"az","@id":"https:\/\/www.zerdab.com\/#\/schema\/person\/image\/","url":"https:\/\/secure.gravatar.com\/avatar\/d9c52a9a27c32119cb6679a077fa3e2779e5f822c451cbf01098004361d466ec?s=96&d=mm&r=g","contentUrl":"https:\/\/secure.gravatar.com\/avatar\/d9c52a9a27c32119cb6679a077fa3e2779e5f822c451cbf01098004361d466ec?s=96&d=mm&r=g","caption":"admin"},"url":"https:\/\/www.zerdab.com\/?author=1"}]}},"_links":{"self":[{"href":"https:\/\/www.zerdab.com\/index.php?rest_route=\/wp\/v2\/posts\/21715","targetHints":{"allow":["GET"]}}],"collection":[{"href":"https:\/\/www.zerdab.com\/index.php?rest_route=\/wp\/v2\/posts"}],"about":[{"href":"https:\/\/www.zerdab.com\/index.php?rest_route=\/wp\/v2\/types\/post"}],"author":[{"embeddable":true,"href":"https:\/\/www.zerdab.com\/index.php?rest_route=\/wp\/v2\/users\/1"}],"replies":[{"embeddable":true,"href":"https:\/\/www.zerdab.com\/index.php?rest_route=%2Fwp%2Fv2%2Fcomments&post=21715"}],"version-history":[{"count":2,"href":"https:\/\/www.zerdab.com\/index.php?rest_route=\/wp\/v2\/posts\/21715\/revisions"}],"predecessor-version":[{"id":21720,"href":"https:\/\/www.zerdab.com\/index.php?rest_route=\/wp\/v2\/posts\/21715\/revisions\/21720"}],"wp:attachment":[{"href":"https:\/\/www.zerdab.com\/index.php?rest_route=%2Fwp%2Fv2%2Fmedia&parent=21715"}],"wp:term":[{"taxonomy":"category","embeddable":true,"href":"https:\/\/www.zerdab.com\/index.php?rest_route=%2Fwp%2Fv2%2Fcategories&post=21715"},{"taxonomy":"post_tag","embeddable":true,"href":"https:\/\/www.zerdab.com\/index.php?rest_route=%2Fwp%2Fv2%2Ftags&post=21715"}],"curies":[{"name":"wp","href":"https:\/\/api.w.org\/{rel}","templated":true}]}}