{"id":21818,"date":"2015-12-20T20:36:16","date_gmt":"2015-12-20T16:36:16","guid":{"rendered":"http:\/\/www.zerdab.com\/?p=21818"},"modified":"2015-12-20T20:37:02","modified_gmt":"2015-12-20T16:37:02","slug":"z%c9%99rdab-rayon-prokurorlugunun-must%c9%99ntiqi-istefa-verdi-ortaya-faktlar-qoyacagam","status":"publish","type":"post","link":"https:\/\/www.zerdab.com\/?p=21818","title":{"rendered":"Z\u0259rdab Rayon Prokurorlu\u011funun m\u00fcst\u0259ntiqi istefa verdi &#8211; A\u00c7IQLAMA"},"content":{"rendered":"<p>M\u0259\u015fhur YAP-\u00e7\u0131, \u00ab91-l\u0259r\u00bbin \u00fczv\u00fc, ke\u00e7mi\u015f deputat v\u0259 M\u00fcdafi\u0259 Nazirliyinin m\u0259tbuat xidm\u0259tinin r\u0259hb\u0259ri olmu\u015f Eldar Sabiro\u011flunun o\u011flu R\u00fcf\u0259t S\u0259f\u0259rov prokurorluq orqanlar\u0131ndan istefa verib. Q\u0259rar\u0131 bar\u0259d\u0259 ilk olaraq\u00a0Azadliq.info-ya dan\u0131\u015fan R\u00fcf\u0259t S\u0259f\u0259rov sensasion a\u00e7\u0131qlamalar da verib.<\/p>\n<p><strong>\u00abPulu olan \u0259xlaqs\u0131zlar\u0131n \u00abnamuslu\u00bb \u00e7\u0131xmas\u0131\u2026\u00bb<\/strong><\/p>\n<p>R.S\u0259f\u0259rov bildirib ki, ikinci d\u0259r\u0259c\u0259li h\u00fcquq\u015f\u00fcnas kimi 5 ildir Z\u0259rdab rayon prokurorlu\u011funda m\u00fcst\u0259ntiq v\u0259zif\u0259sini tutur. Dediyin\u0259 g\u00f6r\u0259, bu ill\u0259r \u0259rzind\u0259 he\u00e7 kiml\u0259 \u015f\u0259xsi z\u0259mind\u0259 probleml\u0259ri olmay\u0131b. Bu g\u00fcn istefa verm\u0259si d\u0259 s\u0131rf \u00f6z\u00fcn\u00fcn ist\u0259yi il\u0259 ba\u011fl\u0131d\u0131r: \u00abAli t\u0259hsilimi ba\u015fa vurduqdan sonra t\u0259xmin\u0259n 6 il K\u0259nd T\u0259s\u0259rr\u00fcfat\u0131 Nazirliyind\u0259 aqrar h\u00fcquq sah\u0259sind\u0259 h\u00fcquq\u015f\u00fcnas kimi \u00e7al\u0131\u015fm\u0131\u015fam. 2011-ci ild\u0259 \u00fc\u00e7 m\u0259rh\u0259l\u0259li imtahandan sonra prokurorluq orqanlar\u0131na daxil olmu\u015fam. 5 il\u0259 yax\u0131nd\u0131r m\u00fcst\u0259ntiq kimi f\u0259aliyy\u0259t g\u00f6st\u0259rir\u0259m. Uzun m\u00fcdd\u0259tdir \u00f6lk\u0259d\u0259 t\u00fc\u011fyan ed\u0259n k\u00fctl\u0259vi namussuzluq, insanlar\u0131n haqq v\u0259 h\u00fcquqlar\u0131n\u0131n tapdanmas\u0131, pulu olan \u0259xlaqs\u0131zl\u0131qlar\u0131n \u00abnamuslu\u00bb \u00e7\u0131xmas\u0131 m\u0259ni bu q\u0259rar\u0131 q\u0259bul etm\u0259y\u0259 vadar etdi. M\u0259n buna radikal yox, normal q\u0259rar deyir\u0259m. Azadliq.info vasit\u0259si il\u0259 xalq\u0131ma m\u00fcraci\u0259t edir\u0259m. \u018fvv\u0259lc\u0259 xalq\u0131mdan d\u00f6n\u0259-d\u00f6n\u0259 \u00fczr ist\u0259yir\u0259m ki, bu q\u0259rar\u0131 verm\u0259kd\u0259 bir q\u0259d\u0259r gecikmi\u015f\u0259m. B\u0259lk\u0259 d\u0259 bu add\u0131m\u0131 2-3 il \u0259vv\u0259l atmal\u0131 idim. X\u00fcsusi vur\u011fulamaq ist\u0259yir\u0259m ki, \u015f\u0259xsi m\u00fcst\u0259vid\u0259 he\u00e7 kiml\u0259 he\u00e7 bir problemim olmay\u0131b. Ayl\u0131q maa\u015f\u0131m, dolan\u0131\u015f\u0131\u011f\u0131m, evim, \u015f\u0259xsi avtomobilim var. \u015e\u0259xsi planda he\u00e7 kimd\u0259n \u015fikay\u0259tim v\u0259 ya naraz\u0131l\u0131\u011f\u0131m yoxdur. Lakin ictimai m\u00fcst\u0259vid\u0259 v\u0259ziyy\u0259t \u00e7ox ac\u0131nacaql\u0131d\u0131r. Mill\u0259timin taleyind\u0259n h\u0259dsiz narahatam. Bu g\u00fcn o\u011frular, korrupsionerl\u0259r bay\u0131rda kefd\u0259-damaqdad\u0131r, z\u0259rr\u0259 q\u0259d\u0259r g\u00fcnah\u0131 olmayan insanlar is\u0259 h\u0259bsxanalarda \u00e7\u00fcr\u00fcy\u00fcr. Onlar\u0131n yegan\u0259 g\u00fcnah\u0131 h\u0259qiq\u0259ti s\u00f6yl\u0259m\u0259l\u0259ridir\u00bb.<\/p>\n<p><strong>\u00abAtam m\u0259ni \u00f6vladl\u0131qdan r\u0259dd ets\u0259 d\u0259\u2026\u00bb<\/strong><\/p>\n<p>R.S\u0259f\u0259rov bu a\u00e7\u0131qlamalar\u0131ndan sonra atas\u0131n\u0131n ondan \u00fcz d\u00f6nd\u0259r\u0259c\u0259yini, h\u0259tta r\u0259smi s\u0259viyy\u0259d\u0259 imtina ed\u0259c\u0259yini d\u0259 istisna etmir: \u00abAtam Eldar Sabiro\u011flu Yeni Az\u0259rbaycan Partiyas\u0131n\u0131n yarad\u0131c\u0131lar\u0131ndand\u0131r. Bu g\u00fcn d\u0259 h\u0259min partiyan\u0131n s\u0131ralar\u0131ndad\u0131r. Atam z\u0259ng edib m\u0259ni t\u0259nbeh etdi. B\u0259lk\u0259 d\u0259 m\u0259hk\u0259m\u0259 qaydas\u0131 il\u0259 m\u0259nd\u0259n imtina da ed\u0259c\u0259k.<\/p>\n<p>Azadliq.info vasit\u0259sil\u0259 atama m\u00fcraci\u0259t edir\u0259m. \u018fziz atam Eldar Sabiro\u011flu. Q\u0259tiyy\u0259n narahat olma. M\u0259ni \u00f6vladl\u0131qdan r\u0259dd ets\u0259n d\u0259, m\u0259nd\u0259n imtina ets\u0259n d\u0259 bil ki, s\u0259n, anam v\u0259 ba\u015fqa do\u011fmalar\u0131m n\u0259 q\u0259d\u0259r \u0259ziz olsan\u0131z da, m\u0259nim \u00fc\u00e7\u00fcn mill\u0259timin m\u00fcq\u0259dd\u0259sliyi daha \u00fcst\u00fcnd\u00fcr. Mill\u0259tim r\u0259zil g\u00fcnd\u0259dir. G\u00f6r\u00fcn, insanlar\u0131 n\u0259 g\u00fcn\u0259 sal\u0131blar ki, rayon prokurorlu\u011funda v\u0259t\u0259nda\u015f g\u0259lib m\u00fcst\u0259ntiqd\u0259n borc ist\u0259yir.<\/p>\n<p>Bu yax\u0131nlarda Corc Oruellin \u00ab1984\u00bb \u0259s\u0259rini t\u0259krar\u0259n oxudum. \u00d6z-\u00f6z\u00fcm\u0259 d\u00fc\u015f\u00fcnd\u00fcm ki, bu q\u0259rar\u0131 verm\u0259liy\u0259m v\u0259 qorxu hissimi m\u0259hv etm\u0259liy\u0259m. Sonra g\u00f6rd\u00fcm ki, qorxu hissi arxa, c\u0259sar\u0259t \u00f6n plana ke\u00e7ib\u00bb.<\/p>\n<p><strong>\u00ab\u0130nsanlar itd\u0259n bet\u0259r g\u00fcnd\u0259 ya\u015fay\u0131r\u00bb<\/strong><\/p>\n<p>\u0130stefa \u0259riz\u0259sini r\u0259sm\u0259n bazar ert\u0259si t\u0259qdim ed\u0259c\u0259yini dey\u0259n R.S\u0259f\u0259rov \u00abAzadl\u0131q\u00bb q\u0259zeti vasit\u0259sil\u0259 Ba\u015f prokuror Zakir Qaralova da m\u00fcraci\u0259t edib: \u00ab\u0130stefa \u0259riz\u0259mi faks yolu il\u0259 Ba\u015f prokurora \u00fcnvanlayacam. F\u00fcrs\u0259td\u0259n istifad\u0259 edib Zakir Qaralova t\u0259\u015f\u0259kk\u00fcr etm\u0259k ist\u0259yir\u0259m ki, nisbi d\u0259 olsa \u015f\u0259rait yarad\u0131l\u0131b v\u0259 insanlar imtahanlarda i\u015ftirak edib prokurorluq orqanlar\u0131nda i\u015f\u0259 d\u00fcz\u0259lirl\u0259r. Lakin o da reall\u0131qd\u0131r ki, he\u00e7 bir savad\u0131 olmayanlar imkanlar\u0131, pullar\u0131 oldu\u011funa g\u00f6r\u0259 \u015f\u0259h\u0259rin m\u0259rk\u0259zind\u0259 \u0259yl\u0259\u015fib istintaq apar\u0131r v\u0259 inqsanlar\u0131n tayleyi il\u0259 oynay\u0131rlar. El\u0259 d\u00fc\u015f\u00fcnm\u0259yin ki, R\u00fcf\u0259t S\u0259f\u0259rov bu g\u00fcn Z\u0259rdabda \u0259yl\u0259\u015fib v\u0259 n\u0259d\u0259ns\u0259 \u015fikay\u0259t\u00e7idir. Namusuma and i\u00e7ir\u0259m ki, Z\u0259rdabdan \u015fikay\u0259t\u00e7i deyil\u0259m. H\u0259s\u0259n b\u0259y Z\u0259rdabinin ruhu prokurorluq sistemin\u0259 nifr\u0259t edib ayr\u0131ld\u0131\u011f\u0131m\u0131 b\u0259yan em\u0259k c\u0259sar\u0259ti verib. M\u0259n bu fikrimi x\u00fcsusi qabartmaq ist\u0259yir\u0259m ki, kims\u0259 \u015f\u0259xsi problemimin oldu\u011funu d\u00fc\u015f\u00fcnm\u0259sin. R\u00fcf\u0259t S\u0259f\u0259rovun problemi \u015f\u0259xsi yox, ictimai m\u00fcst\u0259vid\u0259dir. Az\u0259rbaycanda insanlar itd\u0259n bet\u0259r g\u00fcnd\u0259 ya\u015fa\u0131rlar.<\/p>\n<p>M\u0259n buradan Ramiz Mehdiyev\u0259, onun b\u0259zi \u0259lalt\u0131lar\u0131na da m\u00fcraci\u0259t edir\u0259m. \u018fg\u0259r bu add\u0131m\u0131ma g\u00f6r\u0259 atam\u0131 t\u0259hqir predmetin\u0259 \u00e7evirs\u0259l\u0259r, be\u015fqat art\u0131q cavab alacaqlar. Buradan elan edir\u0259m, he\u00e7 n\u0259d\u0259n d\u0259 qorxmuram. 34 ya\u015f\u0131m var, qoy, qan\u0131m bu mill\u0259t\u0259 halal olsun\u00bb.<\/p>\n<p><strong>\u00abOrtaya faktlar qoyacam\u00bb<\/strong><\/p>\n<p>R\u00fcf\u0259t S\u0259f\u0259rov sonda onu da bildirib ki, Az\u0259rbaycan h\u00fcquq sisteminin n\u0259 q\u0259d\u0259r r\u0259zil v\u0259ziyy\u0259td\u0259 oldu\u011funu yax\u0131n g\u00fcnl\u0259rd\u0259 faktlarla ortaya qoyacaq: \u00abAz\u0259rbaycanda h\u00fcququn deyil, h\u00fcquqsuzlu\u011fun \u00fcst\u00fcnl\u00fcy\u00fc var. \u00d6lk\u0259d\u0259 azadl\u0131q ad\u0131na he\u00e7 n\u0259 qalmay\u0131b. Yaln\u0131z \u00ab\u00f6lm\u0259k azadl\u0131\u011f\u0131\u00bb var. X\u00fcsusi m\u00fclkiyy\u0259t qeyd-\u015f\u0259rtsiz r\u0259smi v\u0259 qeyri r\u0259smi har\u0131nlar t\u0259r\u0259find\u0259n q\u0259sb edilir. \u00d6lk\u0259 \u0259halisinin 90 faizi acd\u0131r. Bu v\u0259 buna b\u0259nz\u0259r ac\u0131 reall\u0131q m\u0259ni vadar etdi ki, qorxmadan xalq\u0131m\u0131n yan\u0131nda olum\u00bb.<\/p>\n","protected":false},"excerpt":{"rendered":"<p>M\u0259\u015fhur YAP-\u00e7\u0131, \u00ab91-l\u0259r\u00bbin \u00fczv\u00fc, ke\u00e7mi\u015f deputat v\u0259 M\u00fcdafi\u0259 Nazirliyinin m\u0259tbuat xidm\u0259tinin r\u0259hb\u0259ri olmu\u015f Eldar Sabiro\u011flunun o\u011flu R\u00fcf\u0259t S\u0259f\u0259rov prokurorluq orqanlar\u0131ndan istefa verib. Q\u0259rar\u0131 bar\u0259d\u0259 ilk olaraq\u00a0Azadliq.info-ya dan\u0131\u015fan R\u00fcf\u0259t S\u0259f\u0259rov sensasion a\u00e7\u0131qlamalar da verib. \u00abPulu olan \u0259xlaqs\u0131zlar\u0131n \u00abnamuslu\u00bb \u00e7\u0131xmas\u0131\u2026\u00bb R.S\u0259f\u0259rov bildirib ki, ikinci d\u0259r\u0259c\u0259li h\u00fcquq\u015f\u00fcnas kimi 5 ildir Z\u0259rdab rayon prokurorlu\u011funda m\u00fcst\u0259ntiq v\u0259zif\u0259sini tutur. Dediyin\u0259 g\u00f6r\u0259, [&hellip;]<\/p>\n","protected":false},"author":1,"featured_media":20983,"comment_status":"open","ping_status":"open","sticky":false,"template":"","format":"standard","meta":{"footnotes":""},"categories":[21],"tags":[],"class_list":{"0":"post-21818","1":"post","2":"type-post","3":"status-publish","4":"format-standard","5":"has-post-thumbnail","7":"category-zrdab"},"yoast_head":"<!-- This site is optimized with the Yoast SEO plugin v27.0 - https:\/\/yoast.com\/product\/yoast-seo-wordpress\/ -->\n<title>Z\u0259rdab Rayon Prokurorlu\u011funun m\u00fcst\u0259ntiqi istefa verdi - A\u00c7IQLAMA - Z\u0259rdab.com<\/title>\n<meta name=\"robots\" content=\"index, follow, max-snippet:-1, max-image-preview:large, max-video-preview:-1\" \/>\n<link rel=\"canonical\" href=\"https:\/\/www.zerdab.com\/?p=21818\" \/>\n<meta property=\"og:locale\" content=\"az_AZ\" \/>\n<meta property=\"og:type\" content=\"article\" \/>\n<meta property=\"og:title\" content=\"Z\u0259rdab Rayon Prokurorlu\u011funun m\u00fcst\u0259ntiqi istefa verdi - A\u00c7IQLAMA - Z\u0259rdab.com\" \/>\n<meta property=\"og:description\" content=\"M\u0259\u015fhur YAP-\u00e7\u0131, \u00ab91-l\u0259r\u00bbin \u00fczv\u00fc, ke\u00e7mi\u015f deputat v\u0259 M\u00fcdafi\u0259 Nazirliyinin m\u0259tbuat xidm\u0259tinin r\u0259hb\u0259ri olmu\u015f Eldar Sabiro\u011flunun o\u011flu R\u00fcf\u0259t S\u0259f\u0259rov prokurorluq orqanlar\u0131ndan istefa verib. Q\u0259rar\u0131 bar\u0259d\u0259 ilk olaraq\u00a0Azadliq.info-ya dan\u0131\u015fan R\u00fcf\u0259t S\u0259f\u0259rov sensasion a\u00e7\u0131qlamalar da verib. \u00abPulu olan \u0259xlaqs\u0131zlar\u0131n \u00abnamuslu\u00bb \u00e7\u0131xmas\u0131\u2026\u00bb R.S\u0259f\u0259rov bildirib ki, ikinci d\u0259r\u0259c\u0259li h\u00fcquq\u015f\u00fcnas kimi 5 ildir Z\u0259rdab rayon prokurorlu\u011funda m\u00fcst\u0259ntiq v\u0259zif\u0259sini tutur. Dediyin\u0259 g\u00f6r\u0259, [&hellip;]\" \/>\n<meta property=\"og:url\" content=\"https:\/\/www.zerdab.com\/?p=21818\" \/>\n<meta property=\"og:site_name\" content=\"Z\u0259rdab.com\" \/>\n<meta property=\"article:published_time\" content=\"2015-12-20T16:36:16+00:00\" \/>\n<meta property=\"article:modified_time\" content=\"2015-12-20T16:37:02+00:00\" \/>\n<meta property=\"og:image\" content=\"https:\/\/www.zerdab.com\/wp-content\/uploads\/2015\/10\/Z\u0259rdab3.jpg\" \/>\n\t<meta property=\"og:image:width\" content=\"550\" \/>\n\t<meta property=\"og:image:height\" content=\"309\" \/>\n\t<meta property=\"og:image:type\" content=\"image\/jpeg\" \/>\n<meta name=\"author\" content=\"admin\" \/>\n<meta name=\"twitter:card\" content=\"summary_large_image\" \/>\n<meta name=\"twitter:label1\" content=\"Written by\" \/>\n\t<meta name=\"twitter:data1\" content=\"admin\" \/>\n\t<meta name=\"twitter:label2\" content=\"Est. reading time\" \/>\n\t<meta name=\"twitter:data2\" content=\"5 minutes\" \/>\n<script type=\"application\/ld+json\" class=\"yoast-schema-graph\">{\"@context\":\"https:\/\/schema.org\",\"@graph\":[{\"@type\":\"Article\",\"@id\":\"https:\/\/www.zerdab.com\/?p=21818#article\",\"isPartOf\":{\"@id\":\"https:\/\/www.zerdab.com\/?p=21818\"},\"author\":{\"name\":\"admin\",\"@id\":\"https:\/\/www.zerdab.com\/#\/schema\/person\/97079b7570c1e89ec0d9e138c3672136\"},\"headline\":\"Z\u0259rdab Rayon Prokurorlu\u011funun m\u00fcst\u0259ntiqi istefa verdi &#8211; A\u00c7IQLAMA\",\"datePublished\":\"2015-12-20T16:36:16+00:00\",\"dateModified\":\"2015-12-20T16:37:02+00:00\",\"mainEntityOfPage\":{\"@id\":\"https:\/\/www.zerdab.com\/?p=21818\"},\"wordCount\":1050,\"commentCount\":0,\"image\":{\"@id\":\"https:\/\/www.zerdab.com\/?p=21818#primaryimage\"},\"thumbnailUrl\":\"https:\/\/www.zerdab.com\/wp-content\/uploads\/2015\/10\/Z\u0259rdab3.jpg\",\"articleSection\":[\"C\u018fM\u0130YY\u018fT\"],\"inLanguage\":\"az\",\"potentialAction\":[{\"@type\":\"CommentAction\",\"name\":\"Comment\",\"target\":[\"https:\/\/www.zerdab.com\/?p=21818#respond\"]}]},{\"@type\":\"WebPage\",\"@id\":\"https:\/\/www.zerdab.com\/?p=21818\",\"url\":\"https:\/\/www.zerdab.com\/?p=21818\",\"name\":\"Z\u0259rdab Rayon Prokurorlu\u011funun m\u00fcst\u0259ntiqi istefa verdi - A\u00c7IQLAMA - Z\u0259rdab.com\",\"isPartOf\":{\"@id\":\"https:\/\/www.zerdab.com\/#website\"},\"primaryImageOfPage\":{\"@id\":\"https:\/\/www.zerdab.com\/?p=21818#primaryimage\"},\"image\":{\"@id\":\"https:\/\/www.zerdab.com\/?p=21818#primaryimage\"},\"thumbnailUrl\":\"https:\/\/www.zerdab.com\/wp-content\/uploads\/2015\/10\/Z\u0259rdab3.jpg\",\"datePublished\":\"2015-12-20T16:36:16+00:00\",\"dateModified\":\"2015-12-20T16:37:02+00:00\",\"author\":{\"@id\":\"https:\/\/www.zerdab.com\/#\/schema\/person\/97079b7570c1e89ec0d9e138c3672136\"},\"breadcrumb\":{\"@id\":\"https:\/\/www.zerdab.com\/?p=21818#breadcrumb\"},\"inLanguage\":\"az\",\"potentialAction\":[{\"@type\":\"ReadAction\",\"target\":[\"https:\/\/www.zerdab.com\/?p=21818\"]}]},{\"@type\":\"ImageObject\",\"inLanguage\":\"az\",\"@id\":\"https:\/\/www.zerdab.com\/?p=21818#primaryimage\",\"url\":\"https:\/\/www.zerdab.com\/wp-content\/uploads\/2015\/10\/Z\u0259rdab3.jpg\",\"contentUrl\":\"https:\/\/www.zerdab.com\/wp-content\/uploads\/2015\/10\/Z\u0259rdab3.jpg\",\"width\":550,\"height\":309},{\"@type\":\"BreadcrumbList\",\"@id\":\"https:\/\/www.zerdab.com\/?p=21818#breadcrumb\",\"itemListElement\":[{\"@type\":\"ListItem\",\"position\":1,\"name\":\"Home\",\"item\":\"https:\/\/www.zerdab.com\/\"},{\"@type\":\"ListItem\",\"position\":2,\"name\":\"Z\u0259rdab Rayon Prokurorlu\u011funun m\u00fcst\u0259ntiqi istefa verdi &#8211; A\u00c7IQLAMA\"}]},{\"@type\":\"WebSite\",\"@id\":\"https:\/\/www.zerdab.com\/#website\",\"url\":\"https:\/\/www.zerdab.com\/\",\"name\":\"Z\u0259rdab.com\",\"description\":\"\",\"potentialAction\":[{\"@type\":\"SearchAction\",\"target\":{\"@type\":\"EntryPoint\",\"urlTemplate\":\"https:\/\/www.zerdab.com\/?s={search_term_string}\"},\"query-input\":{\"@type\":\"PropertyValueSpecification\",\"valueRequired\":true,\"valueName\":\"search_term_string\"}}],\"inLanguage\":\"az\"},{\"@type\":\"Person\",\"@id\":\"https:\/\/www.zerdab.com\/#\/schema\/person\/97079b7570c1e89ec0d9e138c3672136\",\"name\":\"admin\",\"image\":{\"@type\":\"ImageObject\",\"inLanguage\":\"az\",\"@id\":\"https:\/\/www.zerdab.com\/#\/schema\/person\/image\/\",\"url\":\"https:\/\/secure.gravatar.com\/avatar\/d9c52a9a27c32119cb6679a077fa3e2779e5f822c451cbf01098004361d466ec?s=96&d=mm&r=g\",\"contentUrl\":\"https:\/\/secure.gravatar.com\/avatar\/d9c52a9a27c32119cb6679a077fa3e2779e5f822c451cbf01098004361d466ec?s=96&d=mm&r=g\",\"caption\":\"admin\"},\"url\":\"https:\/\/www.zerdab.com\/?author=1\"}]}<\/script>\n<!-- \/ Yoast SEO plugin. -->","yoast_head_json":{"title":"Z\u0259rdab Rayon Prokurorlu\u011funun m\u00fcst\u0259ntiqi istefa verdi - A\u00c7IQLAMA - Z\u0259rdab.com","robots":{"index":"index","follow":"follow","max-snippet":"max-snippet:-1","max-image-preview":"max-image-preview:large","max-video-preview":"max-video-preview:-1"},"canonical":"https:\/\/www.zerdab.com\/?p=21818","og_locale":"az_AZ","og_type":"article","og_title":"Z\u0259rdab Rayon Prokurorlu\u011funun m\u00fcst\u0259ntiqi istefa verdi - A\u00c7IQLAMA - Z\u0259rdab.com","og_description":"M\u0259\u015fhur YAP-\u00e7\u0131, \u00ab91-l\u0259r\u00bbin \u00fczv\u00fc, ke\u00e7mi\u015f deputat v\u0259 M\u00fcdafi\u0259 Nazirliyinin m\u0259tbuat xidm\u0259tinin r\u0259hb\u0259ri olmu\u015f Eldar Sabiro\u011flunun o\u011flu R\u00fcf\u0259t S\u0259f\u0259rov prokurorluq orqanlar\u0131ndan istefa verib. Q\u0259rar\u0131 bar\u0259d\u0259 ilk olaraq\u00a0Azadliq.info-ya dan\u0131\u015fan R\u00fcf\u0259t S\u0259f\u0259rov sensasion a\u00e7\u0131qlamalar da verib. \u00abPulu olan \u0259xlaqs\u0131zlar\u0131n \u00abnamuslu\u00bb \u00e7\u0131xmas\u0131\u2026\u00bb R.S\u0259f\u0259rov bildirib ki, ikinci d\u0259r\u0259c\u0259li h\u00fcquq\u015f\u00fcnas kimi 5 ildir Z\u0259rdab rayon prokurorlu\u011funda m\u00fcst\u0259ntiq v\u0259zif\u0259sini tutur. Dediyin\u0259 g\u00f6r\u0259, [&hellip;]","og_url":"https:\/\/www.zerdab.com\/?p=21818","og_site_name":"Z\u0259rdab.com","article_published_time":"2015-12-20T16:36:16+00:00","article_modified_time":"2015-12-20T16:37:02+00:00","og_image":[{"width":550,"height":309,"url":"https:\/\/www.zerdab.com\/wp-content\/uploads\/2015\/10\/Z\u0259rdab3.jpg","type":"image\/jpeg"}],"author":"admin","twitter_card":"summary_large_image","twitter_misc":{"Written by":"admin","Est. reading time":"5 minutes"},"schema":{"@context":"https:\/\/schema.org","@graph":[{"@type":"Article","@id":"https:\/\/www.zerdab.com\/?p=21818#article","isPartOf":{"@id":"https:\/\/www.zerdab.com\/?p=21818"},"author":{"name":"admin","@id":"https:\/\/www.zerdab.com\/#\/schema\/person\/97079b7570c1e89ec0d9e138c3672136"},"headline":"Z\u0259rdab Rayon Prokurorlu\u011funun m\u00fcst\u0259ntiqi istefa verdi &#8211; A\u00c7IQLAMA","datePublished":"2015-12-20T16:36:16+00:00","dateModified":"2015-12-20T16:37:02+00:00","mainEntityOfPage":{"@id":"https:\/\/www.zerdab.com\/?p=21818"},"wordCount":1050,"commentCount":0,"image":{"@id":"https:\/\/www.zerdab.com\/?p=21818#primaryimage"},"thumbnailUrl":"https:\/\/www.zerdab.com\/wp-content\/uploads\/2015\/10\/Z\u0259rdab3.jpg","articleSection":["C\u018fM\u0130YY\u018fT"],"inLanguage":"az","potentialAction":[{"@type":"CommentAction","name":"Comment","target":["https:\/\/www.zerdab.com\/?p=21818#respond"]}]},{"@type":"WebPage","@id":"https:\/\/www.zerdab.com\/?p=21818","url":"https:\/\/www.zerdab.com\/?p=21818","name":"Z\u0259rdab Rayon Prokurorlu\u011funun m\u00fcst\u0259ntiqi istefa verdi - A\u00c7IQLAMA - Z\u0259rdab.com","isPartOf":{"@id":"https:\/\/www.zerdab.com\/#website"},"primaryImageOfPage":{"@id":"https:\/\/www.zerdab.com\/?p=21818#primaryimage"},"image":{"@id":"https:\/\/www.zerdab.com\/?p=21818#primaryimage"},"thumbnailUrl":"https:\/\/www.zerdab.com\/wp-content\/uploads\/2015\/10\/Z\u0259rdab3.jpg","datePublished":"2015-12-20T16:36:16+00:00","dateModified":"2015-12-20T16:37:02+00:00","author":{"@id":"https:\/\/www.zerdab.com\/#\/schema\/person\/97079b7570c1e89ec0d9e138c3672136"},"breadcrumb":{"@id":"https:\/\/www.zerdab.com\/?p=21818#breadcrumb"},"inLanguage":"az","potentialAction":[{"@type":"ReadAction","target":["https:\/\/www.zerdab.com\/?p=21818"]}]},{"@type":"ImageObject","inLanguage":"az","@id":"https:\/\/www.zerdab.com\/?p=21818#primaryimage","url":"https:\/\/www.zerdab.com\/wp-content\/uploads\/2015\/10\/Z\u0259rdab3.jpg","contentUrl":"https:\/\/www.zerdab.com\/wp-content\/uploads\/2015\/10\/Z\u0259rdab3.jpg","width":550,"height":309},{"@type":"BreadcrumbList","@id":"https:\/\/www.zerdab.com\/?p=21818#breadcrumb","itemListElement":[{"@type":"ListItem","position":1,"name":"Home","item":"https:\/\/www.zerdab.com\/"},{"@type":"ListItem","position":2,"name":"Z\u0259rdab Rayon Prokurorlu\u011funun m\u00fcst\u0259ntiqi istefa verdi &#8211; A\u00c7IQLAMA"}]},{"@type":"WebSite","@id":"https:\/\/www.zerdab.com\/#website","url":"https:\/\/www.zerdab.com\/","name":"Z\u0259rdab.com","description":"","potentialAction":[{"@type":"SearchAction","target":{"@type":"EntryPoint","urlTemplate":"https:\/\/www.zerdab.com\/?s={search_term_string}"},"query-input":{"@type":"PropertyValueSpecification","valueRequired":true,"valueName":"search_term_string"}}],"inLanguage":"az"},{"@type":"Person","@id":"https:\/\/www.zerdab.com\/#\/schema\/person\/97079b7570c1e89ec0d9e138c3672136","name":"admin","image":{"@type":"ImageObject","inLanguage":"az","@id":"https:\/\/www.zerdab.com\/#\/schema\/person\/image\/","url":"https:\/\/secure.gravatar.com\/avatar\/d9c52a9a27c32119cb6679a077fa3e2779e5f822c451cbf01098004361d466ec?s=96&d=mm&r=g","contentUrl":"https:\/\/secure.gravatar.com\/avatar\/d9c52a9a27c32119cb6679a077fa3e2779e5f822c451cbf01098004361d466ec?s=96&d=mm&r=g","caption":"admin"},"url":"https:\/\/www.zerdab.com\/?author=1"}]}},"_links":{"self":[{"href":"https:\/\/www.zerdab.com\/index.php?rest_route=\/wp\/v2\/posts\/21818","targetHints":{"allow":["GET"]}}],"collection":[{"href":"https:\/\/www.zerdab.com\/index.php?rest_route=\/wp\/v2\/posts"}],"about":[{"href":"https:\/\/www.zerdab.com\/index.php?rest_route=\/wp\/v2\/types\/post"}],"author":[{"embeddable":true,"href":"https:\/\/www.zerdab.com\/index.php?rest_route=\/wp\/v2\/users\/1"}],"replies":[{"embeddable":true,"href":"https:\/\/www.zerdab.com\/index.php?rest_route=%2Fwp%2Fv2%2Fcomments&post=21818"}],"version-history":[{"count":2,"href":"https:\/\/www.zerdab.com\/index.php?rest_route=\/wp\/v2\/posts\/21818\/revisions"}],"predecessor-version":[{"id":21821,"href":"https:\/\/www.zerdab.com\/index.php?rest_route=\/wp\/v2\/posts\/21818\/revisions\/21821"}],"wp:featuredmedia":[{"embeddable":true,"href":"https:\/\/www.zerdab.com\/index.php?rest_route=\/wp\/v2\/media\/20983"}],"wp:attachment":[{"href":"https:\/\/www.zerdab.com\/index.php?rest_route=%2Fwp%2Fv2%2Fmedia&parent=21818"}],"wp:term":[{"taxonomy":"category","embeddable":true,"href":"https:\/\/www.zerdab.com\/index.php?rest_route=%2Fwp%2Fv2%2Fcategories&post=21818"},{"taxonomy":"post_tag","embeddable":true,"href":"https:\/\/www.zerdab.com\/index.php?rest_route=%2Fwp%2Fv2%2Ftags&post=21818"}],"curies":[{"name":"wp","href":"https:\/\/api.w.org\/{rel}","templated":true}]}}