{"id":21877,"date":"2015-12-21T17:38:20","date_gmt":"2015-12-21T13:38:20","guid":{"rendered":"http:\/\/www.zerdab.com\/?p=21877"},"modified":"2015-12-21T18:02:50","modified_gmt":"2015-12-21T14:02:50","slug":"z%c9%99rdabin-prokuroru-m%c9%99n%c9%99-dedi-ki-s%c9%99n-bu-orqana-l%c9%99k%c9%99s%c9%99n","status":"publish","type":"post","link":"https:\/\/www.zerdab.com\/?p=21877","title":{"rendered":"\u201cZ\u0259rdab\u0131n prokuroru m\u0259n\u0259 dedi ki, s\u0259n bu orqana l\u0259k\u0259s\u0259n&#8230;\u201d"},"content":{"rendered":"<p><strong><a href=\"http:\/\/www.zerdab.com\/z%c9%99rdab-rayon-prokurorlugunun-must%c9%99ntiqi-istefa-verdi-ortaya-faktlar-qoyacagam\/ruf%c9%99t-s%c9%99f%c9%99rov\/\" rel=\"attachment wp-att-21819\"><img loading=\"lazy\" decoding=\"async\" class=\"aligncenter size-full wp-image-21819\" src=\"http:\/\/www.zerdab.com\/wp-content\/uploads\/2015\/12\/R\u00fcf\u0259t-S\u0259f\u0259rov.jpg\" alt=\"R\u00fcf\u0259t S\u0259f\u0259rov\" width=\"450\" height=\"330\" \/><\/a>Z\u0259rdab Rayon Prokurorlu\u011funun m\u00fcst\u0259ntiqi R\u00fcf\u0259t S\u0259f\u0259rovun b\u0259yanatlar\u0131 iki g\u00fcnd\u00fcr sosial \u015f\u0259b\u0259k\u0259l\u0259rd\u0259 dola\u015f\u0131r.<\/strong><\/p>\n<p>M\u00fcst\u0259ntiq dekabr\u0131n 20-d\u0259 s\u0259h\u0259r saatlar\u0131nda \u201cAzadl\u0131q\u201d radiosuna da z\u0259ng vurub. Prokurorluq orqan\u0131ndak\u0131 v\u0259zif\u0259sind\u0259n k\u00f6n\u00fcll\u00fc istefa verdiyini bildirib. O, bu add\u0131m\u0131n\u0131 indiki iqtidara etiraz \u0259lam\u0259ti kimi atd\u0131\u011f\u0131n\u0131 bildirib.<\/p>\n<p>\u018fvv\u0259ll\u0259r Milli M\u0259clisin \u00fczv\u00fc olmu\u015f, son iki il\u0259d\u0259k is\u0259 M\u00fcdafi\u0259 Nazirliyi m\u0259tbuat xidm\u0259tinin r\u0259hb\u0259ri v\u0259zif\u0259sind\u0259 \u00e7al\u0131\u015fm\u0131\u015f Eldar Sabiro\u011flunun o\u011flu olan R\u00fcf\u0259t S\u0259f\u0259rov ali h\u00fcquq t\u0259hsillidir. 2004-c\u00fc ilin dekabr\u0131ndan 2011-ci ilin oktyabr\u0131na q\u0259d\u0259r K\u0259nd T\u0259s\u0259rr\u00fcfat\u0131 Nazirliyind\u0259 ba\u015f h\u00fcquq\u015f\u00fcnas kimi f\u0259aliyy\u0259t g\u00f6st\u0259rib. 2011-ci ilin oktyabr\u0131ndan Z\u0259rdab Rayon Prokurorlu\u011funda m\u00fcst\u0259ntiq i\u015fl\u0259yir.<\/p>\n<p><strong>M\u00fcst\u0259ntiq (o, istefa \u0259riz\u0259sini h\u0259l\u0259 ba\u015f prokurora t\u0259qdim etm\u0259yib) deyir ki, x\u0259b\u0259r saytlar\u0131nda v\u0259 \u00f6z \u015f\u0259xsi facebook s\u0259hif\u0259sind\u0259 yer alan b\u0259yanatlar\u0131ndan sonra dekabr\u0131n 21-d\u0259 s\u0259h\u0259r saatlar\u0131nda ona bir ne\u00e7\u0259 d\u0259f\u0259 Z\u0259rdab rayon prokuroru z\u0259ng vurub v\u0259 naraz\u0131l\u0131\u011f\u0131n\u0131 bildirib:<\/strong> \u201c3-4 d\u0259f\u0259 z\u0259ng vurub m\u0259ni h\u0259r\u0259k\u0259tl\u0259rim\u0259 g\u00f6r\u0259 q\u0131nad\u0131. Dedi ki, Ba\u015f Prokurorluqdan t\u0259l\u0259sdirirl\u0259r, deyirl\u0259r, harada qald\u0131 bunun \u0259riz\u0259si. M\u0259n d\u0259 haz\u0131rda x\u0259st\u0259y\u0259m, y\u00fcks\u0259k h\u0259rar\u0259tim var&#8230; Bir azdan \u00f6z\u00fcm\u0259 g\u0259lib g\u00f6nd\u0259r\u0259c\u0259y\u0259m. Uza\u011f\u0131, g\u00fcnortaya q\u0259d\u0259r g\u00f6nd\u0259r\u0259c\u0259y\u0259m&#8230;\u201d<\/p>\n<p>D\u00fcn\u0259n yayd\u0131\u011f\u0131 b\u0259yanat\u0131n Ba\u015f Prokurorluqda nec\u0259 qar\u015f\u0131land\u0131\u011f\u0131na g\u0259linc\u0259 is\u0259 R.S\u0259f\u0259rov bildirib ki, buna g\u00f6r\u0259 onu q\u0131nay\u0131blar: \u201cZ\u0259rdab\u0131n prokuroru telefonda m\u0259n\u0259 dedi ki, s\u0259n prokurorluq orqan\u0131na l\u0259k\u0259s\u0259n. Hesab edir\u0259m ki, d\u00fcz d\u0259 deyir\u201d.<\/p>\n<p>\u201cQiyam\u00e7\u0131\u201d m\u00fcst\u0259ntiqin s\u00f6zl\u0259rin\u0259 g\u00f6r\u0259, ona Z\u0259rdab\u0131n prokurorundan ba\u015fqa z\u0259ng vuran olmay\u0131b: \u201cHe\u00e7 g\u00f6zl\u0259mir\u0259m d\u0259&#8230; Z\u0259ng vurub n\u0259 dey\u0259c\u0259kl\u0259r ki? G\u00f6zl\u0259dikl\u0259ri 3-4 c\u00fcml\u0259lik \u0259riz\u0259dir, bir azdan faksla g\u00f6nd\u0259r\u0259c\u0259y\u0259m\u201d.<\/p>\n<p><strong>Ail\u0259sinin, atas\u0131n\u0131n bu add\u0131m\u0131na m\u00fcnasib\u0259tin\u0259 g\u0259linc\u0259 is\u0259 R.S\u0259f\u0259rov bildirib ki, d\u00fcn\u0259nd\u0259n n\u0259inki atas\u0131, \u00fcmumiyy\u0259tl\u0259, qohumlar\u0131n\u0131n he\u00e7 biri il\u0259 \u00fcnsiyy\u0259ti, \u0259laq\u0259si olmay\u0131b:<\/strong> \u201cAtam\u0131n \u00f6z yolu var, o, Yeni Az\u0259rbaycan Partiyas\u0131n\u0131n yarad\u0131c\u0131lar\u0131ndan biridir. Heyd\u0259r \u018fliyevin misilsiz \u0259sg\u0259rl\u0259rind\u0259ndir. M\u0259n onun m\u00f6vqeyin\u0259 qar\u0131\u015fm\u0131ram. Ancaq ondan t\u0259l\u0259bim d\u0259 budur ki, o da m\u0259nim m\u00f6vqeyim\u0259 h\u00f6rm\u0259tl\u0259 yana\u015fs\u0131n\u201d.<\/p>\n<p><strong>M\u00fcst\u0259ntiq bundan sonrak\u0131 f\u0259aliyy\u0259ti il\u0259 ba\u011fl\u0131 suala cavabda deyib ki, bu haqda h\u0259l\u0259 d\u00fc\u015f\u00fcn\u00fcr:<\/strong> \u201cBilmir\u0259m niy\u0259 bel\u0259dir, ya c\u0259miyy\u0259td\u0259 maarifl\u0259ndirm\u0259nin a\u015fa\u011f\u0131 olmas\u0131ndand\u0131r, ya ba\u015fqa s\u0259b\u0259bd\u0259ndir, kim \u00f6z s\u00f6z\u00fcn\u00fc deyirs\u0259, deyirl\u0259r, g\u00f6r\u0259s\u0259n, hans\u0131 m\u00fcxalif\u0259t partiyas\u0131na \u00fczv olacaq&#8230; Ax\u0131 niy\u0259 m\u00fctl\u0259q hans\u0131sa partiyaya \u00fczv olmal\u0131yam? M\u0259n \u00f6z fikirl\u0259rimd\u0259 m\u00fcxalif\u0259td\u0259y\u0259m. G\u0259r\u0259k el\u0259 kimins\u0259 partiyas\u0131na \u00fczv olam? H\u0259l\u0259 ki, s\u0259rb\u0259st, he\u00e7 bir partiyan\u0131n \u00fczv\u00fc olmadan \u00f6z fikirl\u0259riml\u0259, d\u00fc\u015f\u00fcnc\u0259l\u0259riml\u0259 bu rejim\u0259 qar\u015f\u0131yam. Sonras\u0131 nec\u0259 olacaq, hans\u0131sa partiyaya \u00fczv olaca\u011fam, ya yox, bunu zaman g\u00f6st\u0259r\u0259r\u201d.<\/p>\n<p><strong>Virtualaz.org<\/strong><\/p>\n","protected":false},"excerpt":{"rendered":"<p>Z\u0259rdab Rayon Prokurorlu\u011funun m\u00fcst\u0259ntiqi R\u00fcf\u0259t S\u0259f\u0259rovun b\u0259yanatlar\u0131 iki g\u00fcnd\u00fcr sosial \u015f\u0259b\u0259k\u0259l\u0259rd\u0259 dola\u015f\u0131r. M\u00fcst\u0259ntiq dekabr\u0131n 20-d\u0259 s\u0259h\u0259r saatlar\u0131nda \u201cAzadl\u0131q\u201d radiosuna da z\u0259ng vurub. Prokurorluq orqan\u0131ndak\u0131 v\u0259zif\u0259sind\u0259n k\u00f6n\u00fcll\u00fc istefa verdiyini bildirib. O, bu add\u0131m\u0131n\u0131 indiki iqtidara etiraz \u0259lam\u0259ti kimi atd\u0131\u011f\u0131n\u0131 bildirib. \u018fvv\u0259ll\u0259r Milli M\u0259clisin \u00fczv\u00fc olmu\u015f, son iki il\u0259d\u0259k is\u0259 M\u00fcdafi\u0259 Nazirliyi m\u0259tbuat xidm\u0259tinin r\u0259hb\u0259ri v\u0259zif\u0259sind\u0259 \u00e7al\u0131\u015fm\u0131\u015f [&hellip;]<\/p>\n","protected":false},"author":1,"featured_media":0,"comment_status":"open","ping_status":"open","sticky":false,"template":"","format":"standard","meta":{"footnotes":""},"categories":[21],"tags":[],"class_list":{"0":"post-21877","1":"post","2":"type-post","3":"status-publish","4":"format-standard","6":"category-zrdab"},"yoast_head":"<!-- This site is optimized with the Yoast SEO plugin v27.0 - https:\/\/yoast.com\/product\/yoast-seo-wordpress\/ -->\n<title>\u201cZ\u0259rdab\u0131n prokuroru m\u0259n\u0259 dedi ki, s\u0259n bu orqana l\u0259k\u0259s\u0259n...\u201d - Z\u0259rdab.com<\/title>\n<meta name=\"robots\" content=\"index, follow, max-snippet:-1, max-image-preview:large, max-video-preview:-1\" \/>\n<link rel=\"canonical\" href=\"https:\/\/www.zerdab.com\/?p=21877\" \/>\n<meta property=\"og:locale\" content=\"az_AZ\" \/>\n<meta property=\"og:type\" content=\"article\" \/>\n<meta property=\"og:title\" content=\"\u201cZ\u0259rdab\u0131n prokuroru m\u0259n\u0259 dedi ki, s\u0259n bu orqana l\u0259k\u0259s\u0259n...\u201d - Z\u0259rdab.com\" \/>\n<meta property=\"og:description\" content=\"Z\u0259rdab Rayon Prokurorlu\u011funun m\u00fcst\u0259ntiqi R\u00fcf\u0259t S\u0259f\u0259rovun b\u0259yanatlar\u0131 iki g\u00fcnd\u00fcr sosial \u015f\u0259b\u0259k\u0259l\u0259rd\u0259 dola\u015f\u0131r. M\u00fcst\u0259ntiq dekabr\u0131n 20-d\u0259 s\u0259h\u0259r saatlar\u0131nda \u201cAzadl\u0131q\u201d radiosuna da z\u0259ng vurub. Prokurorluq orqan\u0131ndak\u0131 v\u0259zif\u0259sind\u0259n k\u00f6n\u00fcll\u00fc istefa verdiyini bildirib. O, bu add\u0131m\u0131n\u0131 indiki iqtidara etiraz \u0259lam\u0259ti kimi atd\u0131\u011f\u0131n\u0131 bildirib. \u018fvv\u0259ll\u0259r Milli M\u0259clisin \u00fczv\u00fc olmu\u015f, son iki il\u0259d\u0259k is\u0259 M\u00fcdafi\u0259 Nazirliyi m\u0259tbuat xidm\u0259tinin r\u0259hb\u0259ri v\u0259zif\u0259sind\u0259 \u00e7al\u0131\u015fm\u0131\u015f [&hellip;]\" \/>\n<meta property=\"og:url\" content=\"https:\/\/www.zerdab.com\/?p=21877\" \/>\n<meta property=\"og:site_name\" content=\"Z\u0259rdab.com\" \/>\n<meta property=\"article:published_time\" content=\"2015-12-21T13:38:20+00:00\" \/>\n<meta property=\"article:modified_time\" content=\"2015-12-21T14:02:50+00:00\" \/>\n<meta name=\"author\" content=\"admin\" \/>\n<meta name=\"twitter:card\" content=\"summary_large_image\" \/>\n<meta name=\"twitter:label1\" content=\"Written by\" \/>\n\t<meta name=\"twitter:data1\" content=\"admin\" \/>\n\t<meta name=\"twitter:label2\" content=\"Est. reading time\" \/>\n\t<meta name=\"twitter:data2\" content=\"3 minutes\" \/>\n<script type=\"application\/ld+json\" class=\"yoast-schema-graph\">{\"@context\":\"https:\/\/schema.org\",\"@graph\":[{\"@type\":\"Article\",\"@id\":\"https:\/\/www.zerdab.com\/?p=21877#article\",\"isPartOf\":{\"@id\":\"https:\/\/www.zerdab.com\/?p=21877\"},\"author\":{\"name\":\"admin\",\"@id\":\"https:\/\/www.zerdab.com\/#\/schema\/person\/97079b7570c1e89ec0d9e138c3672136\"},\"headline\":\"\u201cZ\u0259rdab\u0131n prokuroru m\u0259n\u0259 dedi ki, s\u0259n bu orqana l\u0259k\u0259s\u0259n&#8230;\u201d\",\"datePublished\":\"2015-12-21T13:38:20+00:00\",\"dateModified\":\"2015-12-21T14:02:50+00:00\",\"mainEntityOfPage\":{\"@id\":\"https:\/\/www.zerdab.com\/?p=21877\"},\"wordCount\":653,\"commentCount\":0,\"articleSection\":[\"C\u018fM\u0130YY\u018fT\"],\"inLanguage\":\"az\",\"potentialAction\":[{\"@type\":\"CommentAction\",\"name\":\"Comment\",\"target\":[\"https:\/\/www.zerdab.com\/?p=21877#respond\"]}]},{\"@type\":\"WebPage\",\"@id\":\"https:\/\/www.zerdab.com\/?p=21877\",\"url\":\"https:\/\/www.zerdab.com\/?p=21877\",\"name\":\"\u201cZ\u0259rdab\u0131n prokuroru m\u0259n\u0259 dedi ki, s\u0259n bu orqana l\u0259k\u0259s\u0259n...\u201d - Z\u0259rdab.com\",\"isPartOf\":{\"@id\":\"https:\/\/www.zerdab.com\/#website\"},\"datePublished\":\"2015-12-21T13:38:20+00:00\",\"dateModified\":\"2015-12-21T14:02:50+00:00\",\"author\":{\"@id\":\"https:\/\/www.zerdab.com\/#\/schema\/person\/97079b7570c1e89ec0d9e138c3672136\"},\"breadcrumb\":{\"@id\":\"https:\/\/www.zerdab.com\/?p=21877#breadcrumb\"},\"inLanguage\":\"az\",\"potentialAction\":[{\"@type\":\"ReadAction\",\"target\":[\"https:\/\/www.zerdab.com\/?p=21877\"]}]},{\"@type\":\"BreadcrumbList\",\"@id\":\"https:\/\/www.zerdab.com\/?p=21877#breadcrumb\",\"itemListElement\":[{\"@type\":\"ListItem\",\"position\":1,\"name\":\"Home\",\"item\":\"https:\/\/www.zerdab.com\/\"},{\"@type\":\"ListItem\",\"position\":2,\"name\":\"\u201cZ\u0259rdab\u0131n prokuroru m\u0259n\u0259 dedi ki, s\u0259n bu orqana l\u0259k\u0259s\u0259n&#8230;\u201d\"}]},{\"@type\":\"WebSite\",\"@id\":\"https:\/\/www.zerdab.com\/#website\",\"url\":\"https:\/\/www.zerdab.com\/\",\"name\":\"Z\u0259rdab.com\",\"description\":\"\",\"potentialAction\":[{\"@type\":\"SearchAction\",\"target\":{\"@type\":\"EntryPoint\",\"urlTemplate\":\"https:\/\/www.zerdab.com\/?s={search_term_string}\"},\"query-input\":{\"@type\":\"PropertyValueSpecification\",\"valueRequired\":true,\"valueName\":\"search_term_string\"}}],\"inLanguage\":\"az\"},{\"@type\":\"Person\",\"@id\":\"https:\/\/www.zerdab.com\/#\/schema\/person\/97079b7570c1e89ec0d9e138c3672136\",\"name\":\"admin\",\"image\":{\"@type\":\"ImageObject\",\"inLanguage\":\"az\",\"@id\":\"https:\/\/www.zerdab.com\/#\/schema\/person\/image\/\",\"url\":\"https:\/\/secure.gravatar.com\/avatar\/d9c52a9a27c32119cb6679a077fa3e2779e5f822c451cbf01098004361d466ec?s=96&d=mm&r=g\",\"contentUrl\":\"https:\/\/secure.gravatar.com\/avatar\/d9c52a9a27c32119cb6679a077fa3e2779e5f822c451cbf01098004361d466ec?s=96&d=mm&r=g\",\"caption\":\"admin\"},\"url\":\"https:\/\/www.zerdab.com\/?author=1\"}]}<\/script>\n<!-- \/ Yoast SEO plugin. -->","yoast_head_json":{"title":"\u201cZ\u0259rdab\u0131n prokuroru m\u0259n\u0259 dedi ki, s\u0259n bu orqana l\u0259k\u0259s\u0259n...\u201d - Z\u0259rdab.com","robots":{"index":"index","follow":"follow","max-snippet":"max-snippet:-1","max-image-preview":"max-image-preview:large","max-video-preview":"max-video-preview:-1"},"canonical":"https:\/\/www.zerdab.com\/?p=21877","og_locale":"az_AZ","og_type":"article","og_title":"\u201cZ\u0259rdab\u0131n prokuroru m\u0259n\u0259 dedi ki, s\u0259n bu orqana l\u0259k\u0259s\u0259n...\u201d - Z\u0259rdab.com","og_description":"Z\u0259rdab Rayon Prokurorlu\u011funun m\u00fcst\u0259ntiqi R\u00fcf\u0259t S\u0259f\u0259rovun b\u0259yanatlar\u0131 iki g\u00fcnd\u00fcr sosial \u015f\u0259b\u0259k\u0259l\u0259rd\u0259 dola\u015f\u0131r. M\u00fcst\u0259ntiq dekabr\u0131n 20-d\u0259 s\u0259h\u0259r saatlar\u0131nda \u201cAzadl\u0131q\u201d radiosuna da z\u0259ng vurub. Prokurorluq orqan\u0131ndak\u0131 v\u0259zif\u0259sind\u0259n k\u00f6n\u00fcll\u00fc istefa verdiyini bildirib. O, bu add\u0131m\u0131n\u0131 indiki iqtidara etiraz \u0259lam\u0259ti kimi atd\u0131\u011f\u0131n\u0131 bildirib. \u018fvv\u0259ll\u0259r Milli M\u0259clisin \u00fczv\u00fc olmu\u015f, son iki il\u0259d\u0259k is\u0259 M\u00fcdafi\u0259 Nazirliyi m\u0259tbuat xidm\u0259tinin r\u0259hb\u0259ri v\u0259zif\u0259sind\u0259 \u00e7al\u0131\u015fm\u0131\u015f [&hellip;]","og_url":"https:\/\/www.zerdab.com\/?p=21877","og_site_name":"Z\u0259rdab.com","article_published_time":"2015-12-21T13:38:20+00:00","article_modified_time":"2015-12-21T14:02:50+00:00","author":"admin","twitter_card":"summary_large_image","twitter_misc":{"Written by":"admin","Est. reading time":"3 minutes"},"schema":{"@context":"https:\/\/schema.org","@graph":[{"@type":"Article","@id":"https:\/\/www.zerdab.com\/?p=21877#article","isPartOf":{"@id":"https:\/\/www.zerdab.com\/?p=21877"},"author":{"name":"admin","@id":"https:\/\/www.zerdab.com\/#\/schema\/person\/97079b7570c1e89ec0d9e138c3672136"},"headline":"\u201cZ\u0259rdab\u0131n prokuroru m\u0259n\u0259 dedi ki, s\u0259n bu orqana l\u0259k\u0259s\u0259n&#8230;\u201d","datePublished":"2015-12-21T13:38:20+00:00","dateModified":"2015-12-21T14:02:50+00:00","mainEntityOfPage":{"@id":"https:\/\/www.zerdab.com\/?p=21877"},"wordCount":653,"commentCount":0,"articleSection":["C\u018fM\u0130YY\u018fT"],"inLanguage":"az","potentialAction":[{"@type":"CommentAction","name":"Comment","target":["https:\/\/www.zerdab.com\/?p=21877#respond"]}]},{"@type":"WebPage","@id":"https:\/\/www.zerdab.com\/?p=21877","url":"https:\/\/www.zerdab.com\/?p=21877","name":"\u201cZ\u0259rdab\u0131n prokuroru m\u0259n\u0259 dedi ki, s\u0259n bu orqana l\u0259k\u0259s\u0259n...\u201d - Z\u0259rdab.com","isPartOf":{"@id":"https:\/\/www.zerdab.com\/#website"},"datePublished":"2015-12-21T13:38:20+00:00","dateModified":"2015-12-21T14:02:50+00:00","author":{"@id":"https:\/\/www.zerdab.com\/#\/schema\/person\/97079b7570c1e89ec0d9e138c3672136"},"breadcrumb":{"@id":"https:\/\/www.zerdab.com\/?p=21877#breadcrumb"},"inLanguage":"az","potentialAction":[{"@type":"ReadAction","target":["https:\/\/www.zerdab.com\/?p=21877"]}]},{"@type":"BreadcrumbList","@id":"https:\/\/www.zerdab.com\/?p=21877#breadcrumb","itemListElement":[{"@type":"ListItem","position":1,"name":"Home","item":"https:\/\/www.zerdab.com\/"},{"@type":"ListItem","position":2,"name":"\u201cZ\u0259rdab\u0131n prokuroru m\u0259n\u0259 dedi ki, s\u0259n bu orqana l\u0259k\u0259s\u0259n&#8230;\u201d"}]},{"@type":"WebSite","@id":"https:\/\/www.zerdab.com\/#website","url":"https:\/\/www.zerdab.com\/","name":"Z\u0259rdab.com","description":"","potentialAction":[{"@type":"SearchAction","target":{"@type":"EntryPoint","urlTemplate":"https:\/\/www.zerdab.com\/?s={search_term_string}"},"query-input":{"@type":"PropertyValueSpecification","valueRequired":true,"valueName":"search_term_string"}}],"inLanguage":"az"},{"@type":"Person","@id":"https:\/\/www.zerdab.com\/#\/schema\/person\/97079b7570c1e89ec0d9e138c3672136","name":"admin","image":{"@type":"ImageObject","inLanguage":"az","@id":"https:\/\/www.zerdab.com\/#\/schema\/person\/image\/","url":"https:\/\/secure.gravatar.com\/avatar\/d9c52a9a27c32119cb6679a077fa3e2779e5f822c451cbf01098004361d466ec?s=96&d=mm&r=g","contentUrl":"https:\/\/secure.gravatar.com\/avatar\/d9c52a9a27c32119cb6679a077fa3e2779e5f822c451cbf01098004361d466ec?s=96&d=mm&r=g","caption":"admin"},"url":"https:\/\/www.zerdab.com\/?author=1"}]}},"_links":{"self":[{"href":"https:\/\/www.zerdab.com\/index.php?rest_route=\/wp\/v2\/posts\/21877","targetHints":{"allow":["GET"]}}],"collection":[{"href":"https:\/\/www.zerdab.com\/index.php?rest_route=\/wp\/v2\/posts"}],"about":[{"href":"https:\/\/www.zerdab.com\/index.php?rest_route=\/wp\/v2\/types\/post"}],"author":[{"embeddable":true,"href":"https:\/\/www.zerdab.com\/index.php?rest_route=\/wp\/v2\/users\/1"}],"replies":[{"embeddable":true,"href":"https:\/\/www.zerdab.com\/index.php?rest_route=%2Fwp%2Fv2%2Fcomments&post=21877"}],"version-history":[{"count":4,"href":"https:\/\/www.zerdab.com\/index.php?rest_route=\/wp\/v2\/posts\/21877\/revisions"}],"predecessor-version":[{"id":21881,"href":"https:\/\/www.zerdab.com\/index.php?rest_route=\/wp\/v2\/posts\/21877\/revisions\/21881"}],"wp:attachment":[{"href":"https:\/\/www.zerdab.com\/index.php?rest_route=%2Fwp%2Fv2%2Fmedia&parent=21877"}],"wp:term":[{"taxonomy":"category","embeddable":true,"href":"https:\/\/www.zerdab.com\/index.php?rest_route=%2Fwp%2Fv2%2Fcategories&post=21877"},{"taxonomy":"post_tag","embeddable":true,"href":"https:\/\/www.zerdab.com\/index.php?rest_route=%2Fwp%2Fv2%2Ftags&post=21877"}],"curies":[{"name":"wp","href":"https:\/\/api.w.org\/{rel}","templated":true}]}}