{"id":21887,"date":"2015-12-24T00:19:48","date_gmt":"2015-12-23T20:19:48","guid":{"rendered":"http:\/\/www.zerdab.com\/?p=21887"},"modified":"2026-02-20T14:35:27","modified_gmt":"2026-02-20T10:35:27","slug":"prezident-yaninda-fond-jurnalist-h%c9%99myerlimizi-mukafatlandirdi","status":"publish","type":"post","link":"https:\/\/www.zerdab.com\/?p=21887","title":{"rendered":"Prezident yan\u0131nda Fond jurnalist h\u0259myerlimizi m\u00fckafatland\u0131rd\u0131"},"content":{"rendered":"<p><a href=\"http:\/\/www.zerdab.com\/prezident-yaninda-fond-jurnalist-h%c9%99myerlimizi-mukafatlandirdi\/kivdf-5\/\" rel=\"attachment wp-att-21891\"><img loading=\"lazy\" decoding=\"async\" class=\"aligncenter size-large wp-image-21891\" src=\"http:\/\/www.zerdab.com\/wp-content\/uploads\/2015\/12\/K\u0130VDF.--550x538.jpg\" alt=\"K\u0130VDF\" width=\"550\" height=\"538\" \/><\/a>H\u0259myerlimiz jurnalist Nicat \u0130ntiqam\u0131n Az\u0259rbaycan Respublikas\u0131n\u0131n Prezidenti yan\u0131nda K\u00fctl\u0259vi \u0130nformasiya Vasit\u0259l\u0259rinin \u0130nki\u015faf\u0131na D\u00f6vl\u0259t D\u0259st\u0259yi Fondunun 31 dekabr &#8211; D\u00fcnya Az\u0259rbaycanl\u0131lar\u0131n H\u0259mr\u0259yliyi G\u00fcn\u00fc v\u0259 Yeni il m\u00fcnasib\u0259ti il\u0259 ke\u00e7irdiyi f\u0259rdi jurnalist yaz\u0131lar\u0131 m\u00fcsabiq\u0259sind\u0259 qalibl\u0259rd\u0259n olub. Bundan ba\u015fqa, h\u0259myerlimizin m\u0259qal\u0259si Az\u0259rbaycan Respublikas\u0131n\u0131n Prezidenti yan\u0131nda K\u00fctl\u0259vi \u0130nformasiya Vasit\u0259l\u0259rinin \u0130nki\u015faf\u0131na D\u00f6vl\u0259t D\u0259st\u0259yi Fondunun haz\u0131rlad\u0131\u011f\u0131 &#8220;S\u00f6z\u00fcn zirv\u0259sind\u0259&#8221; adl\u0131 kitabda \u0259n yax\u015f\u0131 m\u0259qal\u0259 kimi d\u0259rc olunub.<\/p>\n<p>Bu m\u00fcnasib\u0259tl\u0259 ke\u00e7iril\u0259n m\u00fckafatland\u0131r\u0131lma m\u0259rasimind\u0259 Fondun icra\u00e7\u0131 direktoru V\u00fcqar S\u0259f\u0259rli jurnalistl\u0259r\u0259 m\u00fcsabiq\u0259d\u0259 y\u00fcks\u0259k s\u0259viyy\u0259d\u0259 i\u015ftirak\u0131na g\u00f6r\u0259 t\u0259\u015f\u0259kk\u00fcr edib.<a href=\"http:\/\/www.zerdab.com\/prezident-yaninda-fond-jurnalist-h%c9%99myerlimizi-mukafatlandirdi\/kivdf-4\/\" rel=\"attachment wp-att-21889\"><img loading=\"lazy\" decoding=\"async\" class=\"aligncenter size-large wp-image-21889\" src=\"http:\/\/www.zerdab.com\/wp-content\/uploads\/2015\/12\/K\u0130VDF--550x366.jpg\" alt=\"K\u0130VDF\" width=\"550\" height=\"366\" \/><\/a><\/p>\n<p>V. S\u0259f\u0259rli bildirib ki, 2009-cu ild\u0259n 2015-ci ilin iyulunad\u0259k K\u0130VDF-nin elan etdiyi m\u00fcsabiq\u0259l\u0259rd\u0259 qalib g\u0259l\u0259n jurnalistl\u0259rin yaz\u0131lar\u0131 i\u00e7\u0259risind\u0259 \u0259n yax\u015f\u0131 100 yaz\u0131dan ibar\u0259t kitab \u00e7ap olunub.<\/p>\n<p>&#8220;\u0130ki sahil&#8221; q\u0259zetinin ba\u015f redaktoru V\u00fcqar R\u0259himzad\u0259 bildirib ki, yaz\u0131lar\u0131n qiym\u0259tl\u0259ndirilm\u0259si prosesind\u0259 keyfiyy\u0259t\u0259 \u00f6n\u0259m verilib.<\/p>\n<p>M\u0259tbuat \u015euras\u0131n\u0131n s\u0259dr m\u00fcavini M\u00fc\u015ffiq \u018fl\u0259sg\u0259rli bildirib ki, m\u00fcsabiq\u0259 \u00fc\u00e7\u00fcn t\u0259qdim olunan h\u0259r bir yaz\u0131 s\u0259tirb\u0259s\u0259tir oxunur: &#8220;Qiym\u0259tl\u0259ndirilm\u0259 zaman\u0131 keyfiyy\u0259t m\u0259s\u0259l\u0259sin\u0259 x\u00fcsusi \u00f6n\u0259m vermi\u015fik&#8221;.<\/p>\n<p>M\u0259tbuat \u015euras\u0131n\u0131n s\u0259dri, deputat \u018fflatun Ama\u015fov m\u00fcsabiq\u0259nin \u0259h\u0259miyy\u0259tini vur\u011fulay\u0131b.<\/p>\n<p>Milli M\u0259clisin \u00fczv\u00fc, &#8220;Yeni Az\u0259rbaycan&#8221; q\u0259zetinin ba\u015f redaktoru Hikm\u0259t Babao\u011flu milli m\u0259tbuat\u0131m\u0131zda pe\u015f\u0259kar jurnalistl\u0259rin say\u0131n\u0131n ilb\u0259il artd\u0131\u011f\u0131n\u0131 qeyd edib.<a href=\"http:\/\/www.zerdab.com\/prezident-yaninda-fond-jurnalist-h%c9%99myerlimizi-mukafatlandirdi\/sozun-zirv%c9%99si\/\" rel=\"attachment wp-att-21890\"><img loading=\"lazy\" decoding=\"async\" class=\"aligncenter size-large wp-image-21890\" src=\"http:\/\/www.zerdab.com\/wp-content\/uploads\/2015\/12\/s\u00f6z\u00fcn-zirv\u0259si-400x550.jpg\" alt=\"s\u00f6z\u00fcn zirv\u0259si\" width=\"400\" height=\"550\" \/><\/a><\/p>\n<p>M\u0259lumat \u00fc\u00e7\u00fcn bildir\u0259k ki, Az\u0259rbaycan Respublikas\u0131n\u0131n Prezidenti yan\u0131nda K\u00fctl\u0259vi \u0130nformasiya Vasit\u0259l\u0259rinin \u0130nki\u015faf\u0131na D\u00f6vl\u0259t D\u0259st\u0259yi Fondunun haz\u0131rlad\u0131\u011f\u0131 &#8220;S\u00f6z\u00fcn zirv\u0259sind\u0259&#8221; adl\u0131 kitabda Fondun 2009-2015-ci ill\u0259rd\u0259 ke\u00e7irdiyi f\u0259rdi jurnalist yaz\u0131lar\u0131 m\u00fcsabiq\u0259l\u0259rind\u0259 qalib olmu\u015f \u0259n yax\u015f\u0131 yaz\u0131lar toplan\u0131b.<\/p>\n<p>&#8220;Az\u0259rbaycan Respublikas\u0131n\u0131n Prezidenti yan\u0131nda K\u00fctl\u0259vi \u0130nformasiya Vasit\u0259l\u0259rinin \u0130nki\u015faf\u0131na D\u00f6vl\u0259t D\u0259st\u0259yi Konsepsiyas\u0131&#8221;nda \u0259ksini tapm\u0131\u015f 19 istiqam\u0259ti \u0259hat\u0259 ed\u0259n, Az\u0259rbaycan\u0131n m\u00fcst\u0259qillik d\u00f6vr\u00fcn\u00fcn sanball\u0131 salnam\u0259si olan bu yaz\u0131larda \u00f6lk\u0259mizin ictimai siyasi, sosial iqtisadi, humanitar h\u0259yat\u0131 il\u0259 ba\u011fl\u0131 m\u00fct\u0259r\u0259qqi islahatlar konseptual \u015f\u0259kild\u0259 i\u015f\u0131qland\u0131r\u0131l\u0131b. Kitab \u00f6lk\u0259mizin \u0259n m\u00fcasir tarixinin t\u0259dqiqat\u00e7\u0131lar\u0131, jurnalistl\u0259r v\u0259 \u00fcmum\u0259n geni\u015f oxucu auditoriyas\u0131 \u00fc\u00e7\u00fcn sanball\u0131 ensiklopedik m\u0259nb\u0259dir&#8221;,-dey\u0259 kitab\u0131n \u00f6n s\u00f6z\u00fcnd\u0259 bildirilib.<\/p>\n<p>Qeyd ed\u0259k ki, jurnalist Nicat \u0130ntiqam\u0131n kitabda d\u0259rc olunmu\u015f m\u0259qal\u0259sinin ad\u0131 bel\u0259dir: &#8220;Qocalar evind\u0259n ail\u0259y\u0259 qay\u0131tmaq yenid\u0259n do\u011fulmaq kimidir&#8221;.<\/p>\n<p>H\u0259myerlimizi h\u0259m Az\u0259rbaycan Respublikas\u0131n\u0131n Prezidenti yan\u0131nda K\u00fctl\u0259vi \u0130nformasiya Vasit\u0259l\u0259rinin \u0130nki\u015faf\u0131na D\u00f6vl\u0259t D\u0259st\u0259yi Fondunun ke\u00e7irdiyi m\u00fcsabiq\u0259d\u0259 qalib olmas\u0131, h\u0259m d\u0259 h\u0259min Fondun n\u0259\u015fr etdiyi &#8220;S\u00f6z\u00fcn zirv\u0259sind\u0259&#8221; adl\u0131 kitabda m\u0259qal\u0259sinin \u00e7ap olunmas\u0131 m\u00fcnasib\u0259ti il\u0259 t\u0259brik edirik.<\/p>\n<p><strong>Sevinc Vaqifq\u0131z\u0131<\/strong><\/p>\n","protected":false},"excerpt":{"rendered":"<p>H\u0259myerlimiz jurnalist Nicat \u0130ntiqam\u0131n Az\u0259rbaycan Respublikas\u0131n\u0131n Prezidenti yan\u0131nda K\u00fctl\u0259vi \u0130nformasiya Vasit\u0259l\u0259rinin \u0130nki\u015faf\u0131na D\u00f6vl\u0259t D\u0259st\u0259yi Fondunun 31 dekabr &#8211; D\u00fcnya Az\u0259rbaycanl\u0131lar\u0131n H\u0259mr\u0259yliyi G\u00fcn\u00fc v\u0259 Yeni il m\u00fcnasib\u0259ti il\u0259 ke\u00e7irdiyi f\u0259rdi jurnalist yaz\u0131lar\u0131 m\u00fcsabiq\u0259sind\u0259 qalibl\u0259rd\u0259n olub. Bundan ba\u015fqa, h\u0259myerlimizin m\u0259qal\u0259si Az\u0259rbaycan Respublikas\u0131n\u0131n Prezidenti yan\u0131nda K\u00fctl\u0259vi \u0130nformasiya Vasit\u0259l\u0259rinin \u0130nki\u015faf\u0131na D\u00f6vl\u0259t D\u0259st\u0259yi Fondunun haz\u0131rlad\u0131\u011f\u0131 &#8220;S\u00f6z\u00fcn zirv\u0259sind\u0259&#8221; adl\u0131 kitabda \u0259n [&hellip;]<\/p>\n","protected":false},"author":1,"featured_media":0,"comment_status":"open","ping_status":"open","sticky":false,"template":"","format":"gallery","meta":{"footnotes":""},"categories":[5],"tags":[],"class_list":{"0":"post-21887","1":"post","2":"type-post","3":"status-publish","4":"format-gallery","6":"category-knd","7":"post_format-post-format-gallery"},"yoast_head":"<!-- This site is optimized with the Yoast SEO plugin v27.0 - https:\/\/yoast.com\/product\/yoast-seo-wordpress\/ -->\n<title>Prezident yan\u0131nda Fond jurnalist h\u0259myerlimizi m\u00fckafatland\u0131rd\u0131 - Z\u0259rdab.com<\/title>\n<meta name=\"robots\" content=\"index, follow, max-snippet:-1, max-image-preview:large, max-video-preview:-1\" \/>\n<link rel=\"canonical\" href=\"https:\/\/www.zerdab.com\/?p=21887\" \/>\n<meta property=\"og:locale\" content=\"az_AZ\" \/>\n<meta property=\"og:type\" content=\"article\" \/>\n<meta property=\"og:title\" content=\"Prezident yan\u0131nda Fond jurnalist h\u0259myerlimizi m\u00fckafatland\u0131rd\u0131 - Z\u0259rdab.com\" \/>\n<meta property=\"og:description\" content=\"H\u0259myerlimiz jurnalist Nicat \u0130ntiqam\u0131n Az\u0259rbaycan Respublikas\u0131n\u0131n Prezidenti yan\u0131nda K\u00fctl\u0259vi \u0130nformasiya Vasit\u0259l\u0259rinin \u0130nki\u015faf\u0131na D\u00f6vl\u0259t D\u0259st\u0259yi Fondunun 31 dekabr &#8211; D\u00fcnya Az\u0259rbaycanl\u0131lar\u0131n H\u0259mr\u0259yliyi G\u00fcn\u00fc v\u0259 Yeni il m\u00fcnasib\u0259ti il\u0259 ke\u00e7irdiyi f\u0259rdi jurnalist yaz\u0131lar\u0131 m\u00fcsabiq\u0259sind\u0259 qalibl\u0259rd\u0259n olub. Bundan ba\u015fqa, h\u0259myerlimizin m\u0259qal\u0259si Az\u0259rbaycan Respublikas\u0131n\u0131n Prezidenti yan\u0131nda K\u00fctl\u0259vi \u0130nformasiya Vasit\u0259l\u0259rinin \u0130nki\u015faf\u0131na D\u00f6vl\u0259t D\u0259st\u0259yi Fondunun haz\u0131rlad\u0131\u011f\u0131 &#8220;S\u00f6z\u00fcn zirv\u0259sind\u0259&#8221; adl\u0131 kitabda \u0259n [&hellip;]\" \/>\n<meta property=\"og:url\" content=\"https:\/\/www.zerdab.com\/?p=21887\" \/>\n<meta property=\"og:site_name\" content=\"Z\u0259rdab.com\" \/>\n<meta property=\"article:published_time\" content=\"2015-12-23T20:19:48+00:00\" \/>\n<meta property=\"article:modified_time\" content=\"2026-02-20T10:35:27+00:00\" \/>\n<meta name=\"author\" content=\"admin\" \/>\n<meta name=\"twitter:card\" content=\"summary_large_image\" \/>\n<meta name=\"twitter:label1\" content=\"Written by\" \/>\n\t<meta name=\"twitter:data1\" content=\"admin\" \/>\n\t<meta name=\"twitter:label2\" content=\"Est. reading time\" \/>\n\t<meta name=\"twitter:data2\" content=\"3 minutes\" \/>\n<script type=\"application\/ld+json\" class=\"yoast-schema-graph\">{\"@context\":\"https:\/\/schema.org\",\"@graph\":[{\"@type\":\"Article\",\"@id\":\"https:\/\/www.zerdab.com\/?p=21887#article\",\"isPartOf\":{\"@id\":\"https:\/\/www.zerdab.com\/?p=21887\"},\"author\":{\"name\":\"admin\",\"@id\":\"https:\/\/www.zerdab.com\/#\/schema\/person\/97079b7570c1e89ec0d9e138c3672136\"},\"headline\":\"Prezident yan\u0131nda Fond jurnalist h\u0259myerlimizi m\u00fckafatland\u0131rd\u0131\",\"datePublished\":\"2015-12-23T20:19:48+00:00\",\"dateModified\":\"2026-02-20T10:35:27+00:00\",\"mainEntityOfPage\":{\"@id\":\"https:\/\/www.zerdab.com\/?p=21887\"},\"wordCount\":598,\"commentCount\":0,\"articleSection\":[\"X\u018fB\u018fRL\u018fR\"],\"inLanguage\":\"az\",\"potentialAction\":[{\"@type\":\"CommentAction\",\"name\":\"Comment\",\"target\":[\"https:\/\/www.zerdab.com\/?p=21887#respond\"]}]},{\"@type\":\"WebPage\",\"@id\":\"https:\/\/www.zerdab.com\/?p=21887\",\"url\":\"https:\/\/www.zerdab.com\/?p=21887\",\"name\":\"Prezident yan\u0131nda Fond jurnalist h\u0259myerlimizi m\u00fckafatland\u0131rd\u0131 - Z\u0259rdab.com\",\"isPartOf\":{\"@id\":\"https:\/\/www.zerdab.com\/#website\"},\"datePublished\":\"2015-12-23T20:19:48+00:00\",\"dateModified\":\"2026-02-20T10:35:27+00:00\",\"author\":{\"@id\":\"https:\/\/www.zerdab.com\/#\/schema\/person\/97079b7570c1e89ec0d9e138c3672136\"},\"breadcrumb\":{\"@id\":\"https:\/\/www.zerdab.com\/?p=21887#breadcrumb\"},\"inLanguage\":\"az\",\"potentialAction\":[{\"@type\":\"ReadAction\",\"target\":[\"https:\/\/www.zerdab.com\/?p=21887\"]}]},{\"@type\":\"BreadcrumbList\",\"@id\":\"https:\/\/www.zerdab.com\/?p=21887#breadcrumb\",\"itemListElement\":[{\"@type\":\"ListItem\",\"position\":1,\"name\":\"Home\",\"item\":\"https:\/\/www.zerdab.com\/\"},{\"@type\":\"ListItem\",\"position\":2,\"name\":\"Prezident yan\u0131nda Fond jurnalist h\u0259myerlimizi m\u00fckafatland\u0131rd\u0131\"}]},{\"@type\":\"WebSite\",\"@id\":\"https:\/\/www.zerdab.com\/#website\",\"url\":\"https:\/\/www.zerdab.com\/\",\"name\":\"Z\u0259rdab.com\",\"description\":\"\",\"potentialAction\":[{\"@type\":\"SearchAction\",\"target\":{\"@type\":\"EntryPoint\",\"urlTemplate\":\"https:\/\/www.zerdab.com\/?s={search_term_string}\"},\"query-input\":{\"@type\":\"PropertyValueSpecification\",\"valueRequired\":true,\"valueName\":\"search_term_string\"}}],\"inLanguage\":\"az\"},{\"@type\":\"Person\",\"@id\":\"https:\/\/www.zerdab.com\/#\/schema\/person\/97079b7570c1e89ec0d9e138c3672136\",\"name\":\"admin\",\"image\":{\"@type\":\"ImageObject\",\"inLanguage\":\"az\",\"@id\":\"https:\/\/www.zerdab.com\/#\/schema\/person\/image\/\",\"url\":\"https:\/\/secure.gravatar.com\/avatar\/d9c52a9a27c32119cb6679a077fa3e2779e5f822c451cbf01098004361d466ec?s=96&d=mm&r=g\",\"contentUrl\":\"https:\/\/secure.gravatar.com\/avatar\/d9c52a9a27c32119cb6679a077fa3e2779e5f822c451cbf01098004361d466ec?s=96&d=mm&r=g\",\"caption\":\"admin\"},\"url\":\"https:\/\/www.zerdab.com\/?author=1\"}]}<\/script>\n<!-- \/ Yoast SEO plugin. -->","yoast_head_json":{"title":"Prezident yan\u0131nda Fond jurnalist h\u0259myerlimizi m\u00fckafatland\u0131rd\u0131 - Z\u0259rdab.com","robots":{"index":"index","follow":"follow","max-snippet":"max-snippet:-1","max-image-preview":"max-image-preview:large","max-video-preview":"max-video-preview:-1"},"canonical":"https:\/\/www.zerdab.com\/?p=21887","og_locale":"az_AZ","og_type":"article","og_title":"Prezident yan\u0131nda Fond jurnalist h\u0259myerlimizi m\u00fckafatland\u0131rd\u0131 - Z\u0259rdab.com","og_description":"H\u0259myerlimiz jurnalist Nicat \u0130ntiqam\u0131n Az\u0259rbaycan Respublikas\u0131n\u0131n Prezidenti yan\u0131nda K\u00fctl\u0259vi \u0130nformasiya Vasit\u0259l\u0259rinin \u0130nki\u015faf\u0131na D\u00f6vl\u0259t D\u0259st\u0259yi Fondunun 31 dekabr &#8211; D\u00fcnya Az\u0259rbaycanl\u0131lar\u0131n H\u0259mr\u0259yliyi G\u00fcn\u00fc v\u0259 Yeni il m\u00fcnasib\u0259ti il\u0259 ke\u00e7irdiyi f\u0259rdi jurnalist yaz\u0131lar\u0131 m\u00fcsabiq\u0259sind\u0259 qalibl\u0259rd\u0259n olub. Bundan ba\u015fqa, h\u0259myerlimizin m\u0259qal\u0259si Az\u0259rbaycan Respublikas\u0131n\u0131n Prezidenti yan\u0131nda K\u00fctl\u0259vi \u0130nformasiya Vasit\u0259l\u0259rinin \u0130nki\u015faf\u0131na D\u00f6vl\u0259t D\u0259st\u0259yi Fondunun haz\u0131rlad\u0131\u011f\u0131 &#8220;S\u00f6z\u00fcn zirv\u0259sind\u0259&#8221; adl\u0131 kitabda \u0259n [&hellip;]","og_url":"https:\/\/www.zerdab.com\/?p=21887","og_site_name":"Z\u0259rdab.com","article_published_time":"2015-12-23T20:19:48+00:00","article_modified_time":"2026-02-20T10:35:27+00:00","author":"admin","twitter_card":"summary_large_image","twitter_misc":{"Written by":"admin","Est. reading time":"3 minutes"},"schema":{"@context":"https:\/\/schema.org","@graph":[{"@type":"Article","@id":"https:\/\/www.zerdab.com\/?p=21887#article","isPartOf":{"@id":"https:\/\/www.zerdab.com\/?p=21887"},"author":{"name":"admin","@id":"https:\/\/www.zerdab.com\/#\/schema\/person\/97079b7570c1e89ec0d9e138c3672136"},"headline":"Prezident yan\u0131nda Fond jurnalist h\u0259myerlimizi m\u00fckafatland\u0131rd\u0131","datePublished":"2015-12-23T20:19:48+00:00","dateModified":"2026-02-20T10:35:27+00:00","mainEntityOfPage":{"@id":"https:\/\/www.zerdab.com\/?p=21887"},"wordCount":598,"commentCount":0,"articleSection":["X\u018fB\u018fRL\u018fR"],"inLanguage":"az","potentialAction":[{"@type":"CommentAction","name":"Comment","target":["https:\/\/www.zerdab.com\/?p=21887#respond"]}]},{"@type":"WebPage","@id":"https:\/\/www.zerdab.com\/?p=21887","url":"https:\/\/www.zerdab.com\/?p=21887","name":"Prezident yan\u0131nda Fond jurnalist h\u0259myerlimizi m\u00fckafatland\u0131rd\u0131 - Z\u0259rdab.com","isPartOf":{"@id":"https:\/\/www.zerdab.com\/#website"},"datePublished":"2015-12-23T20:19:48+00:00","dateModified":"2026-02-20T10:35:27+00:00","author":{"@id":"https:\/\/www.zerdab.com\/#\/schema\/person\/97079b7570c1e89ec0d9e138c3672136"},"breadcrumb":{"@id":"https:\/\/www.zerdab.com\/?p=21887#breadcrumb"},"inLanguage":"az","potentialAction":[{"@type":"ReadAction","target":["https:\/\/www.zerdab.com\/?p=21887"]}]},{"@type":"BreadcrumbList","@id":"https:\/\/www.zerdab.com\/?p=21887#breadcrumb","itemListElement":[{"@type":"ListItem","position":1,"name":"Home","item":"https:\/\/www.zerdab.com\/"},{"@type":"ListItem","position":2,"name":"Prezident yan\u0131nda Fond jurnalist h\u0259myerlimizi m\u00fckafatland\u0131rd\u0131"}]},{"@type":"WebSite","@id":"https:\/\/www.zerdab.com\/#website","url":"https:\/\/www.zerdab.com\/","name":"Z\u0259rdab.com","description":"","potentialAction":[{"@type":"SearchAction","target":{"@type":"EntryPoint","urlTemplate":"https:\/\/www.zerdab.com\/?s={search_term_string}"},"query-input":{"@type":"PropertyValueSpecification","valueRequired":true,"valueName":"search_term_string"}}],"inLanguage":"az"},{"@type":"Person","@id":"https:\/\/www.zerdab.com\/#\/schema\/person\/97079b7570c1e89ec0d9e138c3672136","name":"admin","image":{"@type":"ImageObject","inLanguage":"az","@id":"https:\/\/www.zerdab.com\/#\/schema\/person\/image\/","url":"https:\/\/secure.gravatar.com\/avatar\/d9c52a9a27c32119cb6679a077fa3e2779e5f822c451cbf01098004361d466ec?s=96&d=mm&r=g","contentUrl":"https:\/\/secure.gravatar.com\/avatar\/d9c52a9a27c32119cb6679a077fa3e2779e5f822c451cbf01098004361d466ec?s=96&d=mm&r=g","caption":"admin"},"url":"https:\/\/www.zerdab.com\/?author=1"}]}},"_links":{"self":[{"href":"https:\/\/www.zerdab.com\/index.php?rest_route=\/wp\/v2\/posts\/21887","targetHints":{"allow":["GET"]}}],"collection":[{"href":"https:\/\/www.zerdab.com\/index.php?rest_route=\/wp\/v2\/posts"}],"about":[{"href":"https:\/\/www.zerdab.com\/index.php?rest_route=\/wp\/v2\/types\/post"}],"author":[{"embeddable":true,"href":"https:\/\/www.zerdab.com\/index.php?rest_route=\/wp\/v2\/users\/1"}],"replies":[{"embeddable":true,"href":"https:\/\/www.zerdab.com\/index.php?rest_route=%2Fwp%2Fv2%2Fcomments&post=21887"}],"version-history":[{"count":5,"href":"https:\/\/www.zerdab.com\/index.php?rest_route=\/wp\/v2\/posts\/21887\/revisions"}],"predecessor-version":[{"id":31863,"href":"https:\/\/www.zerdab.com\/index.php?rest_route=\/wp\/v2\/posts\/21887\/revisions\/31863"}],"wp:attachment":[{"href":"https:\/\/www.zerdab.com\/index.php?rest_route=%2Fwp%2Fv2%2Fmedia&parent=21887"}],"wp:term":[{"taxonomy":"category","embeddable":true,"href":"https:\/\/www.zerdab.com\/index.php?rest_route=%2Fwp%2Fv2%2Fcategories&post=21887"},{"taxonomy":"post_tag","embeddable":true,"href":"https:\/\/www.zerdab.com\/index.php?rest_route=%2Fwp%2Fv2%2Ftags&post=21887"}],"curies":[{"name":"wp","href":"https:\/\/api.w.org\/{rel}","templated":true}]}}