{"id":22029,"date":"2016-01-02T23:54:21","date_gmt":"2016-01-02T19:54:21","guid":{"rendered":"http:\/\/www.zerdab.com\/?p=22029"},"modified":"2016-01-02T23:54:21","modified_gmt":"2016-01-02T19:54:21","slug":"boyuk-v%c9%99t%c9%99n-muharib%c9%99sinin-z%c9%99rdabli-q%c9%99hr%c9%99mani-v%c9%99fat-etdi","status":"publish","type":"post","link":"https:\/\/www.zerdab.com\/?p=22029","title":{"rendered":"B\u00f6y\u00fck v\u0259t\u0259n m\u00fcharib\u0259sinin Z\u0259rdabl\u0131 q\u0259hr\u0259man\u0131 v\u0259fat etdi"},"content":{"rendered":"<p><a href=\"http:\/\/www.zerdab.com\/boyuk-v%c9%99t%c9%99n-muharib%c9%99sinin-z%c9%99rdabli-q%c9%99hr%c9%99mani-v%c9%99fat-etdi\/muradali-heyd%c9%99rov-12\/\" rel=\"attachment wp-att-22030\"><img loading=\"lazy\" decoding=\"async\" class=\"aligncenter size-large wp-image-22030\" src=\"http:\/\/www.zerdab.com\/wp-content\/uploads\/2016\/01\/Muradal\u0131-Heyd\u0259rov-550x413.jpg\" alt=\"Muradal\u0131 Heyd\u0259rov\" width=\"550\" height=\"413\" \/><\/a>\u00a0 B\u00f6y\u00fck v\u0259t\u0259n m\u00fcharib\u0259sinin 3 \u015f\u00f6hr\u0259t ordenli q\u0259hr\u0259man\u0131, h\u0259myerlimiz Muradal\u0131 Heyd\u0259rov v\u0259fat edib. Qeyd ed\u0259k ki, 94 ya\u015fl\u0131 Heyd\u0259rov Muradal\u0131 \u015eavaqat o\u011flu Z\u0259rdab\u0131n M\u0259mm\u0259dqas\u0131ml\u0131 k\u0259ndind\u0259 ya\u015fay\u0131rd\u0131. Prezident t\u0259qa\u00fcd\u00e7\u00fcs\u00fc idi. Allah r\u0259hm\u0259t el\u0259sin, m\u0259kan\u0131 c\u0259nn\u0259t olsun. M. Heyd\u0259rovu yax\u0131ndan tan\u0131mayanlar \u00fc\u00e7\u00fcn &#8220;\u018fkin\u00e7i&#8221; q\u0259zetinin redaktoru \u0130sam\u0259ddin \u018fhm\u0259dovun onun haqq\u0131nda yazm\u0131\u015f oldu\u011fu m\u0259qal\u0259ni t\u0259qdim edirik:<\/p>\n<p>&#8220;Muradal\u0131 \u015eavaqat o\u011flu Heyd\u0259rov 1922-ci il mart\u0131n 18-d\u0259 Z\u0259rdab rayonunun M\u0259mm\u0259dqas\u0131ml\u0131 k\u0259ndind\u0259 anadan olmu\u015fdur. M\u0259mm\u0259dqas\u0131ml\u0131 k\u0259ndind\u0259 ibtidai t\u0259hsil alm\u0131\u015f, sonra kolxozda s\u0131ravi \u0259m\u0259k\u00e7i kimi \u00e7al\u0131\u015fm\u0131\u015fd\u0131r. 1942-ci ild\u0259 B\u00f6y\u00fck V\u0259t\u0259n m\u00fcharib\u0259sin\u0259 \u00e7a\u011f\u0131r\u0131lm\u0131\u015f, 416-c\u0131 Az\u0259rbaycan diviziyas\u0131n\u0131n t\u0259rkibind\u0259 q\u0259hr\u0259manl\u0131qla dolu d\u00f6y\u00fc\u015f yoluna \u00e7\u0131xm\u0131\u015fd\u0131r.<\/p>\n<p>M. Heyd\u0259rov d\u00f6y\u00fc\u015f\u0259 at\u0131landa &#8211; 1942-ci ilin yay\u0131nda sovet ordusu a\u011f\u0131r g\u00fcnl\u0259r ya\u015fay\u0131rd\u0131. Volqayan\u0131 \u00e7\u00f6ll\u0259rd\u0259 v\u0259 Qafqaz da\u011flar\u0131 \u0259t\u0259kl\u0259rind\u0259 &#8211; yerd\u0259 v\u0259 g\u00f6yd\u0259 amans\u0131z d\u00f6y\u00fc\u015fl\u0259r gedirdi. M. Heyd\u0259rovu top\u00e7u t\u0259yin etdil\u0259r. 76 millimetrlik toplar batalyonu \u00f6n m\u00f6vqel\u0259rd\u0259 b\u00f6y\u00fck itkil\u0259r ver\u0259r\u0259k geri \u00e7\u0259kilm\u0259y\u0259 m\u0259cbur olan polku \u0259v\u0259z ed\u0259r\u0259k h\u00fccuma ke\u00e7m\u0259li idi. Onlar m\u00f6vqel\u0259rini t\u0259z\u0259c\u0259 tutma\u011fa ba\u015flay\u0131rd\u0131lar ki, m\u00fc\u015fahid\u0259\u00e7i q\u0131\u015fq\u0131rd\u0131: &#8211; &#8220;Alman tanklar\u0131 d\u00fcz \u00fcst\u00fcm\u00fcz\u0259 g\u0259lir&#8221;\u2026<\/p>\n<p>D\u0259rhal at\u0259\u015f \u0259mri verildi v\u0259 Muradal\u0131n\u0131n atd\u0131\u011f\u0131 m\u0259rmi d\u00fcz h\u0259d\u0259f\u0259 &#8211; \u00f6nd\u0259 g\u0259l\u0259n tanka d\u0259ydi. Tankdan t\u00fcnd qara t\u00fcst\u00fc qalxd\u0131. Ki\u00e7ik serjant M. Heyd\u0259rovun n\u00f6vb\u0259ti at\u0259\u015fi il\u0259 ikinci alman tank\u0131 da l\u0259ng\u0259r vurub yerind\u0259 qald\u0131. Amma qalan 4 tank top\u00e7ulara h\u00fccumu davam etdirirdi. Bununla bel\u0259 h\u0259min g\u00fcn Muradal\u0131gil bu zirehli v\u0259 z\u0259hmli d\u00f6y\u00fc\u015f ma\u015f\u0131nlar\u0131n\u0131n b\u00fct\u00fcn h\u0259ml\u0259l\u0259rini top at\u0259\u015fl\u0259ri il\u0259 d\u0259f etdil\u0259r. El\u0259 oldu ki, ilk d\u00f6y\u00fc\u015f g\u00fcn\u00fc bu z\u0259rdabl\u0131 igid h\u0259lak olan tu\u015flay\u0131c\u0131 ni\u015fan\u00e7\u0131n\u0131 da \u00f6z\u00fc \u0259v\u0259z etdi v\u0259 bu s\u0131naqdan da \u015f\u0259r\u0259fl\u0259, q\u0259hr\u0259manl\u0131qla \u00e7\u0131xd\u0131.<\/p>\n<p>Muradal\u0131 Heyd\u0259rov Terek v\u0259 Don \u00e7aylar\u0131n\u0131n sahill\u0259rind\u0259 d\u00fc\u015fm\u0259nl\u0259 vuru\u015fdu, Ukrayna v\u0259 Moldovan\u0131 azad etdi, Dnepr, Visla, Oder, \u015eiree \u00e7aylar\u0131n\u0131 d\u00f6y\u00fc\u015f\u0259 &#8211; d\u00f6y\u00fc\u015f\u0259 ke\u00e7di. \u00c7oxdan g\u00f6zl\u0259diyi Q\u0259l\u0259b\u0259 g\u00fcn\u00fcn\u00fc o, Berlind\u0259-Brandenburq darvazalar\u0131 \u00f6n\u00fcnd\u0259 qar\u015f\u0131lad\u0131.<\/p>\n<p>\u2026Ukraynada, m\u00fcharib\u0259nin q\u0131z\u011f\u0131n \u00e7a\u011f\u0131nda serjant Muradal\u0131 Heyd\u0259rovgilin batareyas\u0131 m\u00fchasir\u0259y\u0259 d\u00fc\u015fd\u00fc. Ba\u015f leytenant Abdullayevin komandir oldu\u011fu batareya qat-qat \u00fcst\u00fcn olan d\u00fc\u015fm\u0259nin h\u00fccumlar\u0131n\u0131 3 sutka d\u0259f ed\u0259 bildi. M\u0259rmil\u0259ri is\u0259 qurtarmaq \u00fczr\u0259 idi. V\u0259ziyy\u0259t \u00e7ox \u00fcmidsiz idi. Bu vaxt Heyd\u0259rov \u00e7ox \u00e7\u0259tin bir tap\u015f\u0131r\u0131\u011f\u0131 \u00fcz\u0259rin\u0259 g\u00f6t\u00fcr\u0259r\u0259k 6 \u0259sg\u0259rl\u0259 gec\u0259nin z\u00fclm\u0259tind\u0259 \u00e7ox ehtiyatla hitler\u00e7il\u0259rin s\u0259ng\u0259rl\u0259rind\u0259n ke\u00e7ib qon\u015fu batareyaya adlad\u0131. Komandir v\u0259ziyy\u0259ti bil\u0259n kimi m\u0259rmil\u0259rini a\u011f\u0131r v\u0259ziyy\u0259t\u0259 d\u00fc\u015f\u0259n artilleriya\u00e7\u0131larla b\u00f6l\u00fc\u015fd\u00fc, bir ne\u00e7\u0259 d\u00f6y\u00fc\u015f\u00e7\u00fcs\u00fcn\u00fc d\u0259 m\u0259rmil\u0259ri aparma\u011fa k\u00f6m\u0259k \u00fc\u00e7\u00fcn onlara qo\u015fdu. S\u00fcr\u00fcn\u0259-s\u00fcr\u00fcn\u0259 m\u0259rmil\u0259ri aparmaq \u00e7ox \u00e7\u0259tin idi. H\u0259r add\u0131mda da \u00f6l\u00fcm g\u00f6zl\u0259nilirdi. Amma Muradal\u0131gil \u00f6l\u00fcm bar\u0259d\u0259 he\u00e7 fikirl\u0259\u015fmirdil\u0259r d\u0259. G\u00fcll\u0259 v\u0131y\u0131lt\u0131s\u0131, m\u0259rmi u\u011fultusu alt\u0131nda onlar m\u0259rmil\u0259ri \u00fcmidl\u0259 yol g\u00f6zl\u0259y\u0259n d\u00f6y\u00fc\u015f dostlar\u0131na \u00e7atd\u0131rma\u011fa t\u0259l\u0259sirdil\u0259r\u2026<\/p>\n<p>G\u0259tirdikl\u0259ri m\u0259rmil\u0259rl\u0259 s\u00fcbh\u0259 q\u0259d\u0259r d\u00fc\u015fm\u0259nin qar\u015f\u0131s\u0131n\u0131 ald\u0131lar. Son m\u0259rmil\u0259rini atanda sovet ordusu b\u00fct\u00fcn c\u0259bh\u0259 boyu sars\u0131d\u0131c\u0131 h\u00fccuma ke\u00e7di. Almanlar m\u00fchasir\u0259y\u0259 d\u00fc\u015fm\u0259kd\u0259n ehtiyatlanaraq, d\u0259rhal m\u00f6vqel\u0259rini t\u0259rk edib s\u00fcr\u0259tl\u0259 q\u0259rb\u0259 t\u0259r\u0259f \u00e7\u0259kildil\u0259r\u2026<\/p>\n<p>Fa\u015fist Almaniyas\u0131 \u0259razisind\u0259 d\u00f6y\u00fc\u015f ged\u0259rk\u0259n Muradal\u0131 Heyd\u0259rov bir ne\u00e7\u0259 d\u00f6y\u00fc\u015f\u00e7\u00fcs\u00fc il\u0259 pusqu quraraq 13 d\u00fc\u015fm\u0259n \u0259sg\u0259rini m\u0259hv etdi, 18 \u0259sg\u0259r v\u0259 3 zabiti \u0259sir g\u00f6t\u00fcrd\u00fc\u2026<\/p>\n<p>K\u00fcstrin v\u0259 Berlin\u0259 h\u00fccum zaman\u0131 g\u00f6st\u0259rdiyi q\u0259hr\u0259manl\u0131qlara g\u00f6r\u0259 onun m\u00fckafatlar\u0131 s\u0131ras\u0131na II v\u0259 III d\u0259r\u0259c\u0259li \u015e\u00f6hr\u0259t ordenl\u0259ri d\u0259 \u0259lav\u0259 olundu. Muradal\u0131 Heyd\u0259rov 1946-c\u0131 ild\u0259 m\u00fcharib\u0259d\u0259n ev\u0259 yaxas\u0131nda SSR\u0130-nin 9 ordeni il\u0259 qay\u0131td\u0131.<\/p>\n<p>O, reyxstaq\u0131n divar\u0131na ad\u0131n\u0131 s\u00fcng\u00fc il\u0259 yazm\u0131\u015fd\u0131r.<\/p>\n<p>B\u00f6y\u00fck V\u0259t\u0259n m\u00fcharib\u0259si q\u0259hr\u0259man\u0131 Muradal\u0131 Heyd\u0259rov d\u00f6y\u00fc\u015fl\u0259rd\u0259ki \u015f\u00fcca\u0259tl\u0259rin\u0259 g\u00f6r\u0259 \u015e\u00f6hr\u0259t ordeninin h\u0259r 3 d\u0259r\u0259c\u0259si il\u0259 t\u0259ltif edilmi\u015f, bununla da Sovet \u0130ttifaq\u0131 Q\u0259hr\u0259man\u0131n\u0131n b\u00fct\u00fcn imtiyaz v\u0259 h\u00fcquqlar\u0131na sahib olmu\u015fdur. O, ikinci d\u0259r\u0259c\u0259li V\u0259t\u0259n m\u00fcharib\u0259si ordeni il\u0259 d\u0259 t\u0259ltif olunmu\u015fdur.<\/p>\n<p>Muradal\u0131 Heyd\u0259rovun ad\u0131 Rusiyan\u0131n, Ukraynan\u0131n, Moldovan\u0131n v\u0259 Avropan\u0131n bir \u00e7ox \u015f\u0259h\u0259r v\u0259 k\u0259ndl\u0259rinin &#8220;Bizi alman fa\u015fizmind\u0259n xilas ed\u0259nl\u0259r&#8221; xatir\u0259 memorial l\u00f6vh\u0259l\u0259rind\u0259 h\u0259kk olunmu\u015fdur.<\/p>\n<p>Ordu s\u0131ralar\u0131ndan ehtiyata burax\u0131landan sonra o, M\u0259mm\u0259dqas\u0131ml\u0131 k\u0259ndind\u0259 sudartan motorun mexaniki i\u015fl\u0259mi\u015fdir&#8221;.<a href=\"http:\/\/www.zerdab.com\/boyuk-v%c9%99t%c9%99n-muharib%c9%99sinin-z%c9%99rdabli-q%c9%99hr%c9%99mani-v%c9%99fat-etdi\/muradali-heyd%c9%99rov-14\/\" rel=\"attachment wp-att-22032\"><img loading=\"lazy\" decoding=\"async\" class=\"aligncenter size-large wp-image-22032\" src=\"http:\/\/www.zerdab.com\/wp-content\/uploads\/2016\/01\/Muradal\u0131-Heyd\u0259rov-1-1-550x413.jpg\" alt=\"Muradal\u0131 Heyd\u0259rov\" width=\"550\" height=\"413\" \/><\/a><a href=\"http:\/\/www.zerdab.com\/boyuk-v%c9%99t%c9%99n-muharib%c9%99sinin-z%c9%99rdabli-q%c9%99hr%c9%99mani-v%c9%99fat-etdi\/muradali-heyd%c9%99rov-13\/\" rel=\"attachment wp-att-22031\"><img loading=\"lazy\" decoding=\"async\" class=\"aligncenter size-large wp-image-22031\" src=\"http:\/\/www.zerdab.com\/wp-content\/uploads\/2016\/01\/Muradal\u0131-Heyd\u0259rov--550x413.jpg\" alt=\"Muradal\u0131 Heyd\u0259rov\" width=\"550\" height=\"413\" srcset=\"https:\/\/www.zerdab.com\/wp-content\/uploads\/2016\/01\/Muradal\u0131-Heyd\u0259rov--550x413.jpg 550w, https:\/\/www.zerdab.com\/wp-content\/uploads\/2016\/01\/Muradal\u0131-Heyd\u0259rov--400x300.jpg 400w, https:\/\/www.zerdab.com\/wp-content\/uploads\/2016\/01\/Muradal\u0131-Heyd\u0259rov--768x576.jpg 768w, https:\/\/www.zerdab.com\/wp-content\/uploads\/2016\/01\/Muradal\u0131-Heyd\u0259rov-.jpg 892w\" sizes=\"auto, (max-width: 550px) 100vw, 550px\" \/><\/a><\/p>\n","protected":false},"excerpt":{"rendered":"<p>\u00a0 B\u00f6y\u00fck v\u0259t\u0259n m\u00fcharib\u0259sinin 3 \u015f\u00f6hr\u0259t ordenli q\u0259hr\u0259man\u0131, h\u0259myerlimiz Muradal\u0131 Heyd\u0259rov v\u0259fat edib. Qeyd ed\u0259k ki, 94 ya\u015fl\u0131 Heyd\u0259rov Muradal\u0131 \u015eavaqat o\u011flu Z\u0259rdab\u0131n M\u0259mm\u0259dqas\u0131ml\u0131 k\u0259ndind\u0259 ya\u015fay\u0131rd\u0131. Prezident t\u0259qa\u00fcd\u00e7\u00fcs\u00fc idi. Allah r\u0259hm\u0259t el\u0259sin, m\u0259kan\u0131 c\u0259nn\u0259t olsun. M. Heyd\u0259rovu yax\u0131ndan tan\u0131mayanlar \u00fc\u00e7\u00fcn &#8220;\u018fkin\u00e7i&#8221; q\u0259zetinin redaktoru \u0130sam\u0259ddin \u018fhm\u0259dovun onun haqq\u0131nda yazm\u0131\u015f oldu\u011fu m\u0259qal\u0259ni t\u0259qdim edirik: &#8220;Muradal\u0131 \u015eavaqat o\u011flu [&hellip;]<\/p>\n","protected":false},"author":1,"featured_media":22031,"comment_status":"open","ping_status":"open","sticky":false,"template":"","format":"gallery","meta":{"footnotes":""},"categories":[21],"tags":[],"class_list":{"0":"post-22029","1":"post","2":"type-post","3":"status-publish","4":"format-gallery","5":"has-post-thumbnail","7":"category-zrdab","8":"post_format-post-format-gallery"},"yoast_head":"<!-- This site is optimized with the Yoast SEO plugin v27.0 - https:\/\/yoast.com\/product\/yoast-seo-wordpress\/ -->\n<title>B\u00f6y\u00fck v\u0259t\u0259n m\u00fcharib\u0259sinin Z\u0259rdabl\u0131 q\u0259hr\u0259man\u0131 v\u0259fat etdi - Z\u0259rdab.com<\/title>\n<meta name=\"robots\" content=\"index, follow, max-snippet:-1, max-image-preview:large, max-video-preview:-1\" \/>\n<link rel=\"canonical\" href=\"https:\/\/www.zerdab.com\/?p=22029\" \/>\n<meta property=\"og:locale\" content=\"az_AZ\" \/>\n<meta property=\"og:type\" content=\"article\" \/>\n<meta property=\"og:title\" content=\"B\u00f6y\u00fck v\u0259t\u0259n m\u00fcharib\u0259sinin Z\u0259rdabl\u0131 q\u0259hr\u0259man\u0131 v\u0259fat etdi - Z\u0259rdab.com\" \/>\n<meta property=\"og:description\" content=\"\u00a0 B\u00f6y\u00fck v\u0259t\u0259n m\u00fcharib\u0259sinin 3 \u015f\u00f6hr\u0259t ordenli q\u0259hr\u0259man\u0131, h\u0259myerlimiz Muradal\u0131 Heyd\u0259rov v\u0259fat edib. Qeyd ed\u0259k ki, 94 ya\u015fl\u0131 Heyd\u0259rov Muradal\u0131 \u015eavaqat o\u011flu Z\u0259rdab\u0131n M\u0259mm\u0259dqas\u0131ml\u0131 k\u0259ndind\u0259 ya\u015fay\u0131rd\u0131. Prezident t\u0259qa\u00fcd\u00e7\u00fcs\u00fc idi. Allah r\u0259hm\u0259t el\u0259sin, m\u0259kan\u0131 c\u0259nn\u0259t olsun. M. Heyd\u0259rovu yax\u0131ndan tan\u0131mayanlar \u00fc\u00e7\u00fcn &#8220;\u018fkin\u00e7i&#8221; q\u0259zetinin redaktoru \u0130sam\u0259ddin \u018fhm\u0259dovun onun haqq\u0131nda yazm\u0131\u015f oldu\u011fu m\u0259qal\u0259ni t\u0259qdim edirik: &#8220;Muradal\u0131 \u015eavaqat o\u011flu [&hellip;]\" \/>\n<meta property=\"og:url\" content=\"https:\/\/www.zerdab.com\/?p=22029\" \/>\n<meta property=\"og:site_name\" content=\"Z\u0259rdab.com\" \/>\n<meta property=\"article:published_time\" content=\"2016-01-02T19:54:21+00:00\" \/>\n<meta property=\"og:image\" content=\"https:\/\/www.zerdab.com\/wp-content\/uploads\/2016\/01\/Muradal\u0131-Heyd\u0259rov-.jpg\" \/>\n\t<meta property=\"og:image:width\" content=\"892\" \/>\n\t<meta property=\"og:image:height\" content=\"669\" \/>\n\t<meta property=\"og:image:type\" content=\"image\/jpeg\" \/>\n<meta name=\"author\" content=\"admin\" \/>\n<meta name=\"twitter:card\" content=\"summary_large_image\" \/>\n<meta name=\"twitter:label1\" content=\"Written by\" \/>\n\t<meta name=\"twitter:data1\" content=\"admin\" \/>\n\t<meta name=\"twitter:label2\" content=\"Est. reading time\" \/>\n\t<meta name=\"twitter:data2\" content=\"5 minutes\" \/>\n<script type=\"application\/ld+json\" class=\"yoast-schema-graph\">{\"@context\":\"https:\/\/schema.org\",\"@graph\":[{\"@type\":\"Article\",\"@id\":\"https:\/\/www.zerdab.com\/?p=22029#article\",\"isPartOf\":{\"@id\":\"https:\/\/www.zerdab.com\/?p=22029\"},\"author\":{\"name\":\"admin\",\"@id\":\"https:\/\/www.zerdab.com\/#\/schema\/person\/97079b7570c1e89ec0d9e138c3672136\"},\"headline\":\"B\u00f6y\u00fck v\u0259t\u0259n m\u00fcharib\u0259sinin Z\u0259rdabl\u0131 q\u0259hr\u0259man\u0131 v\u0259fat etdi\",\"datePublished\":\"2016-01-02T19:54:21+00:00\",\"mainEntityOfPage\":{\"@id\":\"https:\/\/www.zerdab.com\/?p=22029\"},\"wordCount\":1003,\"commentCount\":0,\"image\":{\"@id\":\"https:\/\/www.zerdab.com\/?p=22029#primaryimage\"},\"thumbnailUrl\":\"https:\/\/www.zerdab.com\/wp-content\/uploads\/2016\/01\/Muradal\u0131-Heyd\u0259rov-.jpg\",\"articleSection\":[\"C\u018fM\u0130YY\u018fT\"],\"inLanguage\":\"az\",\"potentialAction\":[{\"@type\":\"CommentAction\",\"name\":\"Comment\",\"target\":[\"https:\/\/www.zerdab.com\/?p=22029#respond\"]}]},{\"@type\":\"WebPage\",\"@id\":\"https:\/\/www.zerdab.com\/?p=22029\",\"url\":\"https:\/\/www.zerdab.com\/?p=22029\",\"name\":\"B\u00f6y\u00fck v\u0259t\u0259n m\u00fcharib\u0259sinin Z\u0259rdabl\u0131 q\u0259hr\u0259man\u0131 v\u0259fat etdi - Z\u0259rdab.com\",\"isPartOf\":{\"@id\":\"https:\/\/www.zerdab.com\/#website\"},\"primaryImageOfPage\":{\"@id\":\"https:\/\/www.zerdab.com\/?p=22029#primaryimage\"},\"image\":{\"@id\":\"https:\/\/www.zerdab.com\/?p=22029#primaryimage\"},\"thumbnailUrl\":\"https:\/\/www.zerdab.com\/wp-content\/uploads\/2016\/01\/Muradal\u0131-Heyd\u0259rov-.jpg\",\"datePublished\":\"2016-01-02T19:54:21+00:00\",\"author\":{\"@id\":\"https:\/\/www.zerdab.com\/#\/schema\/person\/97079b7570c1e89ec0d9e138c3672136\"},\"breadcrumb\":{\"@id\":\"https:\/\/www.zerdab.com\/?p=22029#breadcrumb\"},\"inLanguage\":\"az\",\"potentialAction\":[{\"@type\":\"ReadAction\",\"target\":[\"https:\/\/www.zerdab.com\/?p=22029\"]}]},{\"@type\":\"ImageObject\",\"inLanguage\":\"az\",\"@id\":\"https:\/\/www.zerdab.com\/?p=22029#primaryimage\",\"url\":\"https:\/\/www.zerdab.com\/wp-content\/uploads\/2016\/01\/Muradal\u0131-Heyd\u0259rov-.jpg\",\"contentUrl\":\"https:\/\/www.zerdab.com\/wp-content\/uploads\/2016\/01\/Muradal\u0131-Heyd\u0259rov-.jpg\",\"width\":892,\"height\":669,\"caption\":\"Muradal\u0131 Heyd\u0259rov\"},{\"@type\":\"BreadcrumbList\",\"@id\":\"https:\/\/www.zerdab.com\/?p=22029#breadcrumb\",\"itemListElement\":[{\"@type\":\"ListItem\",\"position\":1,\"name\":\"Home\",\"item\":\"https:\/\/www.zerdab.com\/\"},{\"@type\":\"ListItem\",\"position\":2,\"name\":\"B\u00f6y\u00fck v\u0259t\u0259n m\u00fcharib\u0259sinin Z\u0259rdabl\u0131 q\u0259hr\u0259man\u0131 v\u0259fat etdi\"}]},{\"@type\":\"WebSite\",\"@id\":\"https:\/\/www.zerdab.com\/#website\",\"url\":\"https:\/\/www.zerdab.com\/\",\"name\":\"Z\u0259rdab.com\",\"description\":\"\",\"potentialAction\":[{\"@type\":\"SearchAction\",\"target\":{\"@type\":\"EntryPoint\",\"urlTemplate\":\"https:\/\/www.zerdab.com\/?s={search_term_string}\"},\"query-input\":{\"@type\":\"PropertyValueSpecification\",\"valueRequired\":true,\"valueName\":\"search_term_string\"}}],\"inLanguage\":\"az\"},{\"@type\":\"Person\",\"@id\":\"https:\/\/www.zerdab.com\/#\/schema\/person\/97079b7570c1e89ec0d9e138c3672136\",\"name\":\"admin\",\"image\":{\"@type\":\"ImageObject\",\"inLanguage\":\"az\",\"@id\":\"https:\/\/www.zerdab.com\/#\/schema\/person\/image\/\",\"url\":\"https:\/\/secure.gravatar.com\/avatar\/d9c52a9a27c32119cb6679a077fa3e2779e5f822c451cbf01098004361d466ec?s=96&d=mm&r=g\",\"contentUrl\":\"https:\/\/secure.gravatar.com\/avatar\/d9c52a9a27c32119cb6679a077fa3e2779e5f822c451cbf01098004361d466ec?s=96&d=mm&r=g\",\"caption\":\"admin\"},\"url\":\"https:\/\/www.zerdab.com\/?author=1\"}]}<\/script>\n<!-- \/ Yoast SEO plugin. -->","yoast_head_json":{"title":"B\u00f6y\u00fck v\u0259t\u0259n m\u00fcharib\u0259sinin Z\u0259rdabl\u0131 q\u0259hr\u0259man\u0131 v\u0259fat etdi - Z\u0259rdab.com","robots":{"index":"index","follow":"follow","max-snippet":"max-snippet:-1","max-image-preview":"max-image-preview:large","max-video-preview":"max-video-preview:-1"},"canonical":"https:\/\/www.zerdab.com\/?p=22029","og_locale":"az_AZ","og_type":"article","og_title":"B\u00f6y\u00fck v\u0259t\u0259n m\u00fcharib\u0259sinin Z\u0259rdabl\u0131 q\u0259hr\u0259man\u0131 v\u0259fat etdi - Z\u0259rdab.com","og_description":"\u00a0 B\u00f6y\u00fck v\u0259t\u0259n m\u00fcharib\u0259sinin 3 \u015f\u00f6hr\u0259t ordenli q\u0259hr\u0259man\u0131, h\u0259myerlimiz Muradal\u0131 Heyd\u0259rov v\u0259fat edib. Qeyd ed\u0259k ki, 94 ya\u015fl\u0131 Heyd\u0259rov Muradal\u0131 \u015eavaqat o\u011flu Z\u0259rdab\u0131n M\u0259mm\u0259dqas\u0131ml\u0131 k\u0259ndind\u0259 ya\u015fay\u0131rd\u0131. Prezident t\u0259qa\u00fcd\u00e7\u00fcs\u00fc idi. Allah r\u0259hm\u0259t el\u0259sin, m\u0259kan\u0131 c\u0259nn\u0259t olsun. M. Heyd\u0259rovu yax\u0131ndan tan\u0131mayanlar \u00fc\u00e7\u00fcn &#8220;\u018fkin\u00e7i&#8221; q\u0259zetinin redaktoru \u0130sam\u0259ddin \u018fhm\u0259dovun onun haqq\u0131nda yazm\u0131\u015f oldu\u011fu m\u0259qal\u0259ni t\u0259qdim edirik: &#8220;Muradal\u0131 \u015eavaqat o\u011flu [&hellip;]","og_url":"https:\/\/www.zerdab.com\/?p=22029","og_site_name":"Z\u0259rdab.com","article_published_time":"2016-01-02T19:54:21+00:00","og_image":[{"width":892,"height":669,"url":"https:\/\/www.zerdab.com\/wp-content\/uploads\/2016\/01\/Muradal\u0131-Heyd\u0259rov-.jpg","type":"image\/jpeg"}],"author":"admin","twitter_card":"summary_large_image","twitter_misc":{"Written by":"admin","Est. reading time":"5 minutes"},"schema":{"@context":"https:\/\/schema.org","@graph":[{"@type":"Article","@id":"https:\/\/www.zerdab.com\/?p=22029#article","isPartOf":{"@id":"https:\/\/www.zerdab.com\/?p=22029"},"author":{"name":"admin","@id":"https:\/\/www.zerdab.com\/#\/schema\/person\/97079b7570c1e89ec0d9e138c3672136"},"headline":"B\u00f6y\u00fck v\u0259t\u0259n m\u00fcharib\u0259sinin Z\u0259rdabl\u0131 q\u0259hr\u0259man\u0131 v\u0259fat etdi","datePublished":"2016-01-02T19:54:21+00:00","mainEntityOfPage":{"@id":"https:\/\/www.zerdab.com\/?p=22029"},"wordCount":1003,"commentCount":0,"image":{"@id":"https:\/\/www.zerdab.com\/?p=22029#primaryimage"},"thumbnailUrl":"https:\/\/www.zerdab.com\/wp-content\/uploads\/2016\/01\/Muradal\u0131-Heyd\u0259rov-.jpg","articleSection":["C\u018fM\u0130YY\u018fT"],"inLanguage":"az","potentialAction":[{"@type":"CommentAction","name":"Comment","target":["https:\/\/www.zerdab.com\/?p=22029#respond"]}]},{"@type":"WebPage","@id":"https:\/\/www.zerdab.com\/?p=22029","url":"https:\/\/www.zerdab.com\/?p=22029","name":"B\u00f6y\u00fck v\u0259t\u0259n m\u00fcharib\u0259sinin Z\u0259rdabl\u0131 q\u0259hr\u0259man\u0131 v\u0259fat etdi - Z\u0259rdab.com","isPartOf":{"@id":"https:\/\/www.zerdab.com\/#website"},"primaryImageOfPage":{"@id":"https:\/\/www.zerdab.com\/?p=22029#primaryimage"},"image":{"@id":"https:\/\/www.zerdab.com\/?p=22029#primaryimage"},"thumbnailUrl":"https:\/\/www.zerdab.com\/wp-content\/uploads\/2016\/01\/Muradal\u0131-Heyd\u0259rov-.jpg","datePublished":"2016-01-02T19:54:21+00:00","author":{"@id":"https:\/\/www.zerdab.com\/#\/schema\/person\/97079b7570c1e89ec0d9e138c3672136"},"breadcrumb":{"@id":"https:\/\/www.zerdab.com\/?p=22029#breadcrumb"},"inLanguage":"az","potentialAction":[{"@type":"ReadAction","target":["https:\/\/www.zerdab.com\/?p=22029"]}]},{"@type":"ImageObject","inLanguage":"az","@id":"https:\/\/www.zerdab.com\/?p=22029#primaryimage","url":"https:\/\/www.zerdab.com\/wp-content\/uploads\/2016\/01\/Muradal\u0131-Heyd\u0259rov-.jpg","contentUrl":"https:\/\/www.zerdab.com\/wp-content\/uploads\/2016\/01\/Muradal\u0131-Heyd\u0259rov-.jpg","width":892,"height":669,"caption":"Muradal\u0131 Heyd\u0259rov"},{"@type":"BreadcrumbList","@id":"https:\/\/www.zerdab.com\/?p=22029#breadcrumb","itemListElement":[{"@type":"ListItem","position":1,"name":"Home","item":"https:\/\/www.zerdab.com\/"},{"@type":"ListItem","position":2,"name":"B\u00f6y\u00fck v\u0259t\u0259n m\u00fcharib\u0259sinin Z\u0259rdabl\u0131 q\u0259hr\u0259man\u0131 v\u0259fat etdi"}]},{"@type":"WebSite","@id":"https:\/\/www.zerdab.com\/#website","url":"https:\/\/www.zerdab.com\/","name":"Z\u0259rdab.com","description":"","potentialAction":[{"@type":"SearchAction","target":{"@type":"EntryPoint","urlTemplate":"https:\/\/www.zerdab.com\/?s={search_term_string}"},"query-input":{"@type":"PropertyValueSpecification","valueRequired":true,"valueName":"search_term_string"}}],"inLanguage":"az"},{"@type":"Person","@id":"https:\/\/www.zerdab.com\/#\/schema\/person\/97079b7570c1e89ec0d9e138c3672136","name":"admin","image":{"@type":"ImageObject","inLanguage":"az","@id":"https:\/\/www.zerdab.com\/#\/schema\/person\/image\/","url":"https:\/\/secure.gravatar.com\/avatar\/d9c52a9a27c32119cb6679a077fa3e2779e5f822c451cbf01098004361d466ec?s=96&d=mm&r=g","contentUrl":"https:\/\/secure.gravatar.com\/avatar\/d9c52a9a27c32119cb6679a077fa3e2779e5f822c451cbf01098004361d466ec?s=96&d=mm&r=g","caption":"admin"},"url":"https:\/\/www.zerdab.com\/?author=1"}]}},"_links":{"self":[{"href":"https:\/\/www.zerdab.com\/index.php?rest_route=\/wp\/v2\/posts\/22029","targetHints":{"allow":["GET"]}}],"collection":[{"href":"https:\/\/www.zerdab.com\/index.php?rest_route=\/wp\/v2\/posts"}],"about":[{"href":"https:\/\/www.zerdab.com\/index.php?rest_route=\/wp\/v2\/types\/post"}],"author":[{"embeddable":true,"href":"https:\/\/www.zerdab.com\/index.php?rest_route=\/wp\/v2\/users\/1"}],"replies":[{"embeddable":true,"href":"https:\/\/www.zerdab.com\/index.php?rest_route=%2Fwp%2Fv2%2Fcomments&post=22029"}],"version-history":[{"count":2,"href":"https:\/\/www.zerdab.com\/index.php?rest_route=\/wp\/v2\/posts\/22029\/revisions"}],"predecessor-version":[{"id":22034,"href":"https:\/\/www.zerdab.com\/index.php?rest_route=\/wp\/v2\/posts\/22029\/revisions\/22034"}],"wp:featuredmedia":[{"embeddable":true,"href":"https:\/\/www.zerdab.com\/index.php?rest_route=\/wp\/v2\/media\/22031"}],"wp:attachment":[{"href":"https:\/\/www.zerdab.com\/index.php?rest_route=%2Fwp%2Fv2%2Fmedia&parent=22029"}],"wp:term":[{"taxonomy":"category","embeddable":true,"href":"https:\/\/www.zerdab.com\/index.php?rest_route=%2Fwp%2Fv2%2Fcategories&post=22029"},{"taxonomy":"post_tag","embeddable":true,"href":"https:\/\/www.zerdab.com\/index.php?rest_route=%2Fwp%2Fv2%2Ftags&post=22029"}],"curies":[{"name":"wp","href":"https:\/\/api.w.org\/{rel}","templated":true}]}}