{"id":22041,"date":"2016-01-04T08:01:23","date_gmt":"2016-01-04T04:01:23","guid":{"rendered":"http:\/\/www.zerdab.com\/?p=22041"},"modified":"2016-01-04T21:25:41","modified_gmt":"2016-01-04T17:25:41","slug":"z%c9%99rdab-s%c9%99h%c9%99r-4-nomr%c9%99li-orta-m%c9%99kt%c9%99bd%c9%99-bayram-t%c9%99dbiri-kecirildi","status":"publish","type":"post","link":"https:\/\/www.zerdab.com\/?p=22041","title":{"rendered":"Z\u0259rdab \u015f\u0259h\u0259r 4 n\u00f6mr\u0259li orta m\u0259kt\u0259bd\u0259 bayram t\u0259dbiri ke\u00e7irilib"},"content":{"rendered":"<p><a href=\"http:\/\/www.zerdab.com\/z%c9%99rdab-s%c9%99h%c9%99r-4-nomr%c9%99li-orta-m%c9%99kt%c9%99bd%c9%99-bayram-t%c9%99dbiri-kecirildi\/olympus-digital-camera-5\/\" rel=\"attachment wp-att-22042\"><img loading=\"lazy\" decoding=\"async\" class=\"aligncenter size-large wp-image-22042\" src=\"http:\/\/www.zerdab.com\/wp-content\/uploads\/2016\/01\/Zerdab-mekteb-550x413.jpg\" alt=\"Zerdab\" width=\"550\" height=\"413\" \/><\/a>31 dekabr &#8211; D\u00fcnya Az\u0259rbaycanl\u0131lar\u0131n\u0131n H\u0259mr\u0259ylik G\u00fcn\u00fc v\u0259 Yeni il m\u00fcnasib\u0259til\u0259 Z\u0259rdab \u015f\u0259h\u0259r 4 n\u00f6mr\u0259li \u00fcmumi orta m\u0259kt\u0259bd\u0259 t\u0259dbir ke\u00e7irilib. M\u0259kt\u0259bin direktoru T\u0259hmin\u0259 C\u0259f\u0259rova \u00e7\u0131x\u0131\u015f ed\u0259r\u0259k, pedoqoji kollektivi v\u0259 \u015fagirdl\u0259ri t\u0259brik edib.<\/p>\n<p>Direktor bildirib ki, 1991-ci il dekabr\u0131n 16-da, o zaman Nax\u00e7\u0131van Muxtar Respublikas\u0131 Ali M\u0259clisinin s\u0259dri, sonradan m\u00fcst\u0259qil Az\u0259rbaycan Respublikas\u0131n\u0131n Prezidenti olmu\u015f \u00fcmummilli lider Heyd\u0259r \u018fliyev d\u00fcnya az\u0259rbaycanl\u0131lar\u0131n\u0131n birliyini yaratma\u011f\u0131n \u0259h\u0259miyy\u0259tini n\u0259z\u0259r\u0259 alaraq dekabr\u0131n 31-ni D\u00fcnya Az\u0259rbaycanl\u0131lar\u0131n\u0131n H\u0259mr\u0259ylik G\u00fcn\u00fc elan edib. Bel\u0259likl\u0259, b\u00fct\u00fcn az\u0259rbaycanl\u0131lar \u00fc\u00e7\u00fcn \u0259ziz olan 31 dekabr &#8211; D\u00fcnya Az\u0259rbaycanl\u0131lar\u0131n\u0131n H\u0259mr\u0259ylik G\u00fcn\u00fc d\u00f6vl\u0259t s\u0259viyy\u0259sind\u0259 bayram edilm\u0259y\u0259 ba\u015flan\u0131l\u0131b.<\/p>\n<p>T\u0259hmin\u0259 C\u0259f\u0259rova deyib ki, t\u0259kc\u0259 Az\u0259rbaycanda deyil, d\u00fcnyan\u0131n m\u00fcxt\u0259lif \u00f6lk\u0259l\u0259rind\u0259 ya\u015fayan h\u0259mv\u0259t\u0259nl\u0259rimiz bu g\u00fcn\u00fc b\u00f6y\u00fck f\u0259xr v\u0259 q\u00fcrur hissi il\u0259 qeyd etm\u0259kd\u0259dirl\u0259r.<\/p>\n<p>\u00d6lk\u0259 s\u0259viyy\u0259li idman yar\u0131\u015f\u0131nda II yeri tutan m\u0259kt\u0259bin \u015fagirdi M\u0259mm\u0259dov R\u00fcf\u0259t Zaur o\u011flu direktor t\u0259r\u0259find\u0259n diplomla m\u00fckafatland\u0131r\u0131l\u0131b.<\/p>\n<p>T\u0259dbir bayram \u015f\u0259nliyi il\u0259 davam etdirilib. \u015eagirdl\u0259rin ifa etdiyi musiqil\u0259r, mahn\u0131 v\u0259 r\u0259qsl\u0259r bayram \u0259hval-ruhiyy\u0259sin\u0259 daha da xo\u015f ovqat qat\u0131b.<\/p>\n<p><strong>Sevinc Vaqifq\u0131z\u0131<\/strong><\/p>\n<p><a href=\"http:\/\/www.zerdab.com\/z%c9%99rdab-s%c9%99h%c9%99r-4-nomr%c9%99li-orta-m%c9%99kt%c9%99bd%c9%99-bayram-t%c9%99dbiri-kecirildi\/olympus-digital-camera-7\/\" rel=\"attachment wp-att-22044\"><img loading=\"lazy\" decoding=\"async\" class=\"size-large wp-image-22044\" src=\"http:\/\/www.zerdab.com\/wp-content\/uploads\/2016\/01\/Zerdab-mekteb2-550x413.jpg\" alt=\"Zerdab\" width=\"550\" height=\"413\" \/><\/a><\/p>\n<p><img loading=\"lazy\" decoding=\"async\" class=\"size-large wp-image-22046\" src=\"http:\/\/www.zerdab.com\/wp-content\/uploads\/2016\/01\/Zerdab-mekteb4-550x413.jpg\" alt=\"Zerdab\" width=\"550\" height=\"413\" \/><\/p>\n<p><a href=\"http:\/\/www.zerdab.com\/z%c9%99rdab-s%c9%99h%c9%99r-4-nomr%c9%99li-orta-m%c9%99kt%c9%99bd%c9%99-bayram-t%c9%99dbiri-kecirildi\/olympus-digital-camera-6\/\" rel=\"attachment wp-att-22043\"><img loading=\"lazy\" decoding=\"async\" class=\"size-large wp-image-22043\" src=\"http:\/\/www.zerdab.com\/wp-content\/uploads\/2016\/01\/Zerdab-mekteb1-550x413.jpg\" alt=\"Zerdab\" width=\"550\" height=\"413\" \/><\/a><\/p>\n<p><a href=\"http:\/\/www.zerdab.com\/z%c9%99rdab-s%c9%99h%c9%99r-4-nomr%c9%99li-orta-m%c9%99kt%c9%99bd%c9%99-bayram-t%c9%99dbiri-kecirildi\/olympus-digital-camera-5\/\" rel=\"attachment wp-att-22042\"><img loading=\"lazy\" decoding=\"async\" class=\"aligncenter size-large wp-image-22042\" src=\"http:\/\/www.zerdab.com\/wp-content\/uploads\/2016\/01\/Zerdab-mekteb-550x413.jpg\" alt=\"Zerdab\" width=\"550\" height=\"413\" \/><\/a><\/p>\n","protected":false},"excerpt":{"rendered":"<p>31 dekabr &#8211; D\u00fcnya Az\u0259rbaycanl\u0131lar\u0131n\u0131n H\u0259mr\u0259ylik G\u00fcn\u00fc v\u0259 Yeni il m\u00fcnasib\u0259til\u0259 Z\u0259rdab \u015f\u0259h\u0259r 4 n\u00f6mr\u0259li \u00fcmumi orta m\u0259kt\u0259bd\u0259 t\u0259dbir ke\u00e7irilib. M\u0259kt\u0259bin direktoru T\u0259hmin\u0259 C\u0259f\u0259rova \u00e7\u0131x\u0131\u015f ed\u0259r\u0259k, pedoqoji kollektivi v\u0259 \u015fagirdl\u0259ri t\u0259brik edib. Direktor bildirib ki, 1991-ci il dekabr\u0131n 16-da, o zaman Nax\u00e7\u0131van Muxtar Respublikas\u0131 Ali M\u0259clisinin s\u0259dri, sonradan m\u00fcst\u0259qil Az\u0259rbaycan Respublikas\u0131n\u0131n Prezidenti olmu\u015f \u00fcmummilli lider [&hellip;]<\/p>\n","protected":false},"author":1,"featured_media":0,"comment_status":"open","ping_status":"open","sticky":false,"template":"","format":"gallery","meta":{"footnotes":""},"categories":[5],"tags":[],"class_list":{"0":"post-22041","1":"post","2":"type-post","3":"status-publish","4":"format-gallery","6":"category-knd","7":"post_format-post-format-gallery"},"yoast_head":"<!-- This site is optimized with the Yoast SEO plugin v27.0 - https:\/\/yoast.com\/product\/yoast-seo-wordpress\/ -->\n<title>Z\u0259rdab \u015f\u0259h\u0259r 4 n\u00f6mr\u0259li orta m\u0259kt\u0259bd\u0259 bayram t\u0259dbiri ke\u00e7irilib - Z\u0259rdab.com<\/title>\n<meta name=\"robots\" content=\"index, follow, max-snippet:-1, max-image-preview:large, max-video-preview:-1\" \/>\n<link rel=\"canonical\" href=\"https:\/\/www.zerdab.com\/?p=22041\" \/>\n<meta property=\"og:locale\" content=\"az_AZ\" \/>\n<meta property=\"og:type\" content=\"article\" \/>\n<meta property=\"og:title\" content=\"Z\u0259rdab \u015f\u0259h\u0259r 4 n\u00f6mr\u0259li orta m\u0259kt\u0259bd\u0259 bayram t\u0259dbiri ke\u00e7irilib - Z\u0259rdab.com\" \/>\n<meta property=\"og:description\" content=\"31 dekabr &#8211; D\u00fcnya Az\u0259rbaycanl\u0131lar\u0131n\u0131n H\u0259mr\u0259ylik G\u00fcn\u00fc v\u0259 Yeni il m\u00fcnasib\u0259til\u0259 Z\u0259rdab \u015f\u0259h\u0259r 4 n\u00f6mr\u0259li \u00fcmumi orta m\u0259kt\u0259bd\u0259 t\u0259dbir ke\u00e7irilib. M\u0259kt\u0259bin direktoru T\u0259hmin\u0259 C\u0259f\u0259rova \u00e7\u0131x\u0131\u015f ed\u0259r\u0259k, pedoqoji kollektivi v\u0259 \u015fagirdl\u0259ri t\u0259brik edib. Direktor bildirib ki, 1991-ci il dekabr\u0131n 16-da, o zaman Nax\u00e7\u0131van Muxtar Respublikas\u0131 Ali M\u0259clisinin s\u0259dri, sonradan m\u00fcst\u0259qil Az\u0259rbaycan Respublikas\u0131n\u0131n Prezidenti olmu\u015f \u00fcmummilli lider [&hellip;]\" \/>\n<meta property=\"og:url\" content=\"https:\/\/www.zerdab.com\/?p=22041\" \/>\n<meta property=\"og:site_name\" content=\"Z\u0259rdab.com\" \/>\n<meta property=\"article:published_time\" content=\"2016-01-04T04:01:23+00:00\" \/>\n<meta property=\"article:modified_time\" content=\"2016-01-04T17:25:41+00:00\" \/>\n<meta property=\"og:image\" content=\"http:\/\/www.zerdab.com\/wp-content\/uploads\/2016\/01\/Zerdab-mekteb-550x413.jpg\" \/>\n<meta name=\"author\" content=\"admin\" \/>\n<meta name=\"twitter:card\" content=\"summary_large_image\" \/>\n<meta name=\"twitter:label1\" content=\"Written by\" \/>\n\t<meta name=\"twitter:data1\" content=\"admin\" \/>\n\t<meta name=\"twitter:label2\" content=\"Est. reading time\" \/>\n\t<meta name=\"twitter:data2\" content=\"1 minute\" \/>\n<script type=\"application\/ld+json\" class=\"yoast-schema-graph\">{\"@context\":\"https:\/\/schema.org\",\"@graph\":[{\"@type\":\"Article\",\"@id\":\"https:\/\/www.zerdab.com\/?p=22041#article\",\"isPartOf\":{\"@id\":\"https:\/\/www.zerdab.com\/?p=22041\"},\"author\":{\"name\":\"admin\",\"@id\":\"https:\/\/www.zerdab.com\/#\/schema\/person\/97079b7570c1e89ec0d9e138c3672136\"},\"headline\":\"Z\u0259rdab \u015f\u0259h\u0259r 4 n\u00f6mr\u0259li orta m\u0259kt\u0259bd\u0259 bayram t\u0259dbiri ke\u00e7irilib\",\"datePublished\":\"2016-01-04T04:01:23+00:00\",\"dateModified\":\"2016-01-04T17:25:41+00:00\",\"mainEntityOfPage\":{\"@id\":\"https:\/\/www.zerdab.com\/?p=22041\"},\"wordCount\":290,\"commentCount\":0,\"image\":{\"@id\":\"https:\/\/www.zerdab.com\/?p=22041#primaryimage\"},\"thumbnailUrl\":\"http:\/\/www.zerdab.com\/wp-content\/uploads\/2016\/01\/Zerdab-mekteb-550x413.jpg\",\"articleSection\":[\"X\u018fB\u018fRL\u018fR\"],\"inLanguage\":\"az\",\"potentialAction\":[{\"@type\":\"CommentAction\",\"name\":\"Comment\",\"target\":[\"https:\/\/www.zerdab.com\/?p=22041#respond\"]}]},{\"@type\":\"WebPage\",\"@id\":\"https:\/\/www.zerdab.com\/?p=22041\",\"url\":\"https:\/\/www.zerdab.com\/?p=22041\",\"name\":\"Z\u0259rdab \u015f\u0259h\u0259r 4 n\u00f6mr\u0259li orta m\u0259kt\u0259bd\u0259 bayram t\u0259dbiri ke\u00e7irilib - Z\u0259rdab.com\",\"isPartOf\":{\"@id\":\"https:\/\/www.zerdab.com\/#website\"},\"primaryImageOfPage\":{\"@id\":\"https:\/\/www.zerdab.com\/?p=22041#primaryimage\"},\"image\":{\"@id\":\"https:\/\/www.zerdab.com\/?p=22041#primaryimage\"},\"thumbnailUrl\":\"http:\/\/www.zerdab.com\/wp-content\/uploads\/2016\/01\/Zerdab-mekteb-550x413.jpg\",\"datePublished\":\"2016-01-04T04:01:23+00:00\",\"dateModified\":\"2016-01-04T17:25:41+00:00\",\"author\":{\"@id\":\"https:\/\/www.zerdab.com\/#\/schema\/person\/97079b7570c1e89ec0d9e138c3672136\"},\"breadcrumb\":{\"@id\":\"https:\/\/www.zerdab.com\/?p=22041#breadcrumb\"},\"inLanguage\":\"az\",\"potentialAction\":[{\"@type\":\"ReadAction\",\"target\":[\"https:\/\/www.zerdab.com\/?p=22041\"]}]},{\"@type\":\"ImageObject\",\"inLanguage\":\"az\",\"@id\":\"https:\/\/www.zerdab.com\/?p=22041#primaryimage\",\"url\":\"\",\"contentUrl\":\"\"},{\"@type\":\"BreadcrumbList\",\"@id\":\"https:\/\/www.zerdab.com\/?p=22041#breadcrumb\",\"itemListElement\":[{\"@type\":\"ListItem\",\"position\":1,\"name\":\"Home\",\"item\":\"https:\/\/www.zerdab.com\/\"},{\"@type\":\"ListItem\",\"position\":2,\"name\":\"Z\u0259rdab \u015f\u0259h\u0259r 4 n\u00f6mr\u0259li orta m\u0259kt\u0259bd\u0259 bayram t\u0259dbiri ke\u00e7irilib\"}]},{\"@type\":\"WebSite\",\"@id\":\"https:\/\/www.zerdab.com\/#website\",\"url\":\"https:\/\/www.zerdab.com\/\",\"name\":\"Z\u0259rdab.com\",\"description\":\"\",\"potentialAction\":[{\"@type\":\"SearchAction\",\"target\":{\"@type\":\"EntryPoint\",\"urlTemplate\":\"https:\/\/www.zerdab.com\/?s={search_term_string}\"},\"query-input\":{\"@type\":\"PropertyValueSpecification\",\"valueRequired\":true,\"valueName\":\"search_term_string\"}}],\"inLanguage\":\"az\"},{\"@type\":\"Person\",\"@id\":\"https:\/\/www.zerdab.com\/#\/schema\/person\/97079b7570c1e89ec0d9e138c3672136\",\"name\":\"admin\",\"image\":{\"@type\":\"ImageObject\",\"inLanguage\":\"az\",\"@id\":\"https:\/\/www.zerdab.com\/#\/schema\/person\/image\/\",\"url\":\"https:\/\/secure.gravatar.com\/avatar\/d9c52a9a27c32119cb6679a077fa3e2779e5f822c451cbf01098004361d466ec?s=96&d=mm&r=g\",\"contentUrl\":\"https:\/\/secure.gravatar.com\/avatar\/d9c52a9a27c32119cb6679a077fa3e2779e5f822c451cbf01098004361d466ec?s=96&d=mm&r=g\",\"caption\":\"admin\"},\"url\":\"https:\/\/www.zerdab.com\/?author=1\"}]}<\/script>\n<!-- \/ Yoast SEO plugin. -->","yoast_head_json":{"title":"Z\u0259rdab \u015f\u0259h\u0259r 4 n\u00f6mr\u0259li orta m\u0259kt\u0259bd\u0259 bayram t\u0259dbiri ke\u00e7irilib - Z\u0259rdab.com","robots":{"index":"index","follow":"follow","max-snippet":"max-snippet:-1","max-image-preview":"max-image-preview:large","max-video-preview":"max-video-preview:-1"},"canonical":"https:\/\/www.zerdab.com\/?p=22041","og_locale":"az_AZ","og_type":"article","og_title":"Z\u0259rdab \u015f\u0259h\u0259r 4 n\u00f6mr\u0259li orta m\u0259kt\u0259bd\u0259 bayram t\u0259dbiri ke\u00e7irilib - Z\u0259rdab.com","og_description":"31 dekabr &#8211; D\u00fcnya Az\u0259rbaycanl\u0131lar\u0131n\u0131n H\u0259mr\u0259ylik G\u00fcn\u00fc v\u0259 Yeni il m\u00fcnasib\u0259til\u0259 Z\u0259rdab \u015f\u0259h\u0259r 4 n\u00f6mr\u0259li \u00fcmumi orta m\u0259kt\u0259bd\u0259 t\u0259dbir ke\u00e7irilib. M\u0259kt\u0259bin direktoru T\u0259hmin\u0259 C\u0259f\u0259rova \u00e7\u0131x\u0131\u015f ed\u0259r\u0259k, pedoqoji kollektivi v\u0259 \u015fagirdl\u0259ri t\u0259brik edib. Direktor bildirib ki, 1991-ci il dekabr\u0131n 16-da, o zaman Nax\u00e7\u0131van Muxtar Respublikas\u0131 Ali M\u0259clisinin s\u0259dri, sonradan m\u00fcst\u0259qil Az\u0259rbaycan Respublikas\u0131n\u0131n Prezidenti olmu\u015f \u00fcmummilli lider [&hellip;]","og_url":"https:\/\/www.zerdab.com\/?p=22041","og_site_name":"Z\u0259rdab.com","article_published_time":"2016-01-04T04:01:23+00:00","article_modified_time":"2016-01-04T17:25:41+00:00","og_image":[{"url":"http:\/\/www.zerdab.com\/wp-content\/uploads\/2016\/01\/Zerdab-mekteb-550x413.jpg","type":"","width":"","height":""}],"author":"admin","twitter_card":"summary_large_image","twitter_misc":{"Written by":"admin","Est. reading time":"1 minute"},"schema":{"@context":"https:\/\/schema.org","@graph":[{"@type":"Article","@id":"https:\/\/www.zerdab.com\/?p=22041#article","isPartOf":{"@id":"https:\/\/www.zerdab.com\/?p=22041"},"author":{"name":"admin","@id":"https:\/\/www.zerdab.com\/#\/schema\/person\/97079b7570c1e89ec0d9e138c3672136"},"headline":"Z\u0259rdab \u015f\u0259h\u0259r 4 n\u00f6mr\u0259li orta m\u0259kt\u0259bd\u0259 bayram t\u0259dbiri ke\u00e7irilib","datePublished":"2016-01-04T04:01:23+00:00","dateModified":"2016-01-04T17:25:41+00:00","mainEntityOfPage":{"@id":"https:\/\/www.zerdab.com\/?p=22041"},"wordCount":290,"commentCount":0,"image":{"@id":"https:\/\/www.zerdab.com\/?p=22041#primaryimage"},"thumbnailUrl":"http:\/\/www.zerdab.com\/wp-content\/uploads\/2016\/01\/Zerdab-mekteb-550x413.jpg","articleSection":["X\u018fB\u018fRL\u018fR"],"inLanguage":"az","potentialAction":[{"@type":"CommentAction","name":"Comment","target":["https:\/\/www.zerdab.com\/?p=22041#respond"]}]},{"@type":"WebPage","@id":"https:\/\/www.zerdab.com\/?p=22041","url":"https:\/\/www.zerdab.com\/?p=22041","name":"Z\u0259rdab \u015f\u0259h\u0259r 4 n\u00f6mr\u0259li orta m\u0259kt\u0259bd\u0259 bayram t\u0259dbiri ke\u00e7irilib - Z\u0259rdab.com","isPartOf":{"@id":"https:\/\/www.zerdab.com\/#website"},"primaryImageOfPage":{"@id":"https:\/\/www.zerdab.com\/?p=22041#primaryimage"},"image":{"@id":"https:\/\/www.zerdab.com\/?p=22041#primaryimage"},"thumbnailUrl":"http:\/\/www.zerdab.com\/wp-content\/uploads\/2016\/01\/Zerdab-mekteb-550x413.jpg","datePublished":"2016-01-04T04:01:23+00:00","dateModified":"2016-01-04T17:25:41+00:00","author":{"@id":"https:\/\/www.zerdab.com\/#\/schema\/person\/97079b7570c1e89ec0d9e138c3672136"},"breadcrumb":{"@id":"https:\/\/www.zerdab.com\/?p=22041#breadcrumb"},"inLanguage":"az","potentialAction":[{"@type":"ReadAction","target":["https:\/\/www.zerdab.com\/?p=22041"]}]},{"@type":"ImageObject","inLanguage":"az","@id":"https:\/\/www.zerdab.com\/?p=22041#primaryimage","url":"","contentUrl":""},{"@type":"BreadcrumbList","@id":"https:\/\/www.zerdab.com\/?p=22041#breadcrumb","itemListElement":[{"@type":"ListItem","position":1,"name":"Home","item":"https:\/\/www.zerdab.com\/"},{"@type":"ListItem","position":2,"name":"Z\u0259rdab \u015f\u0259h\u0259r 4 n\u00f6mr\u0259li orta m\u0259kt\u0259bd\u0259 bayram t\u0259dbiri ke\u00e7irilib"}]},{"@type":"WebSite","@id":"https:\/\/www.zerdab.com\/#website","url":"https:\/\/www.zerdab.com\/","name":"Z\u0259rdab.com","description":"","potentialAction":[{"@type":"SearchAction","target":{"@type":"EntryPoint","urlTemplate":"https:\/\/www.zerdab.com\/?s={search_term_string}"},"query-input":{"@type":"PropertyValueSpecification","valueRequired":true,"valueName":"search_term_string"}}],"inLanguage":"az"},{"@type":"Person","@id":"https:\/\/www.zerdab.com\/#\/schema\/person\/97079b7570c1e89ec0d9e138c3672136","name":"admin","image":{"@type":"ImageObject","inLanguage":"az","@id":"https:\/\/www.zerdab.com\/#\/schema\/person\/image\/","url":"https:\/\/secure.gravatar.com\/avatar\/d9c52a9a27c32119cb6679a077fa3e2779e5f822c451cbf01098004361d466ec?s=96&d=mm&r=g","contentUrl":"https:\/\/secure.gravatar.com\/avatar\/d9c52a9a27c32119cb6679a077fa3e2779e5f822c451cbf01098004361d466ec?s=96&d=mm&r=g","caption":"admin"},"url":"https:\/\/www.zerdab.com\/?author=1"}]}},"_links":{"self":[{"href":"https:\/\/www.zerdab.com\/index.php?rest_route=\/wp\/v2\/posts\/22041","targetHints":{"allow":["GET"]}}],"collection":[{"href":"https:\/\/www.zerdab.com\/index.php?rest_route=\/wp\/v2\/posts"}],"about":[{"href":"https:\/\/www.zerdab.com\/index.php?rest_route=\/wp\/v2\/types\/post"}],"author":[{"embeddable":true,"href":"https:\/\/www.zerdab.com\/index.php?rest_route=\/wp\/v2\/users\/1"}],"replies":[{"embeddable":true,"href":"https:\/\/www.zerdab.com\/index.php?rest_route=%2Fwp%2Fv2%2Fcomments&post=22041"}],"version-history":[{"count":3,"href":"https:\/\/www.zerdab.com\/index.php?rest_route=\/wp\/v2\/posts\/22041\/revisions"}],"predecessor-version":[{"id":22050,"href":"https:\/\/www.zerdab.com\/index.php?rest_route=\/wp\/v2\/posts\/22041\/revisions\/22050"}],"wp:attachment":[{"href":"https:\/\/www.zerdab.com\/index.php?rest_route=%2Fwp%2Fv2%2Fmedia&parent=22041"}],"wp:term":[{"taxonomy":"category","embeddable":true,"href":"https:\/\/www.zerdab.com\/index.php?rest_route=%2Fwp%2Fv2%2Fcategories&post=22041"},{"taxonomy":"post_tag","embeddable":true,"href":"https:\/\/www.zerdab.com\/index.php?rest_route=%2Fwp%2Fv2%2Ftags&post=22041"}],"curies":[{"name":"wp","href":"https:\/\/api.w.org\/{rel}","templated":true}]}}