{"id":22071,"date":"2016-01-09T10:44:59","date_gmt":"2016-01-09T06:44:59","guid":{"rendered":"http:\/\/www.zerdab.com\/?p=22071"},"modified":"2016-01-09T10:53:33","modified_gmt":"2016-01-09T06:53:33","slug":"mill%c9%99t-v%c9%99kilimiz-jal%c9%99-%c9%99liyeva-secicil%c9%99rin-q%c9%99bulunu-kecirdi-fotolar","status":"publish","type":"post","link":"https:\/\/www.zerdab.com\/?p=22071","title":{"rendered":"Mill\u0259t v\u0259kilimiz Jal\u0259 \u018fliyeva Z\u0259rdabda se\u00e7icil\u0259rin q\u0259bulunu ke\u00e7irdi &#8211; FOTOLAR"},"content":{"rendered":"<p><a href=\"http:\/\/www.zerdab.com\/mill%c9%99t-v%c9%99kilimiz-jal%c9%99-%c9%99liyeva-secicil%c9%99rin-q%c9%99bulunu-kecirdi-fotolar\/deputat-q%c9%99bul-z%c9%99rdab\/\" rel=\"attachment wp-att-22082\"><img loading=\"lazy\" decoding=\"async\" class=\"aligncenter size-large wp-image-22082\" src=\"http:\/\/www.zerdab.com\/wp-content\/uploads\/2016\/01\/Deputat-q\u0259bul-Z\u0259rdab-550x309.jpg\" alt=\"Jal\u0259 \u018fliyeva-q\u0259bul\" width=\"550\" height=\"309\" \/><\/a><strong>92 sayl\u0131 Z\u0259rdab-Ucar se\u00e7ki dair\u0259sind\u0259n mill\u0259t v\u0259kili Jal\u0259 \u018fliyeva bu g\u00fcnl\u0259rd\u0259 haqq d\u00fcnyas\u0131na qovu\u015fan b\u00f6y\u00fck v\u0259t\u0259n m\u00fcharib\u0259sinin 3 \u015f\u00f6hr\u0259t ordenli q\u0259hr\u0259man\u0131, rayonumuzun M\u0259mm\u0259dqas\u0131ml\u0131 k\u0259nd sakini Muradal\u0131 Heyd\u0259rovun yas m\u0259rasimind\u0259 i\u015ftirak edib, ail\u0259 \u00fczvl\u0259rin\u0259 ba\u015fsa\u011fl\u0131\u011f\u0131 verib. Zerdab.com sayt\u0131 x\u0259b\u0259r verir ki, mill\u0259t v\u0259kili Muradal\u0131 Heyd\u0259rovun ail\u0259sinin v\u0259ziyy\u0259ti il\u0259 maraqlan\u0131b, onlar\u0131 narahat ed\u0259n bir sosial m\u0259s\u0259l\u0259nin h\u0259ll olunmas\u0131 \u00fc\u00e7\u00fcn \u018fm\u0259k v\u0259 \u018fhalinin Sosial M\u00fcdafi\u0259si Nazirliyinin s\u0259lahiyy\u0259tli \u015f\u0259xsl\u0259ri il\u0259 dan\u0131\u015f\u0131qlar apar\u0131b v\u0259 m\u0259s\u0259l\u0259 yerind\u0259c\u0259 h\u0259ll edilib&#8230;<\/strong><\/p>\n<p><strong>N\u00f6vb\u0259ti g\u00fcn mill\u0259t v\u0259kili Z\u0259rdab \u015f\u0259h\u0259rind\u0259ki q\u0259rargah\u0131nda se\u00e7icil\u0259rin q\u0259bulunu ke\u00e7irib. M\u0259lumat \u00fc\u00e7\u00fcn bildir\u0259k ki, bu, Jal\u0259 \u018fliyevan\u0131n sonuncu parlament se\u00e7kil\u0259rind\u0259n sonrak\u0131 ilk q\u0259bulu idi.<\/strong><\/p>\n<p><strong>Q\u0259bulda 30-dan \u00e7ox se\u00e7ici i\u015ftirak edib.<\/strong><\/p>\n<p><strong>Deputat Z\u0259rdab \u015f\u0259h\u0259rind\u0259n, Burunlu, Otmanoba, K\u00f6rp\u00fck\u0259nd, \u018flv\u0259nd, N\u0259z\u0259ral\u0131l\u0131, \u018flib\u0259yli, \u015eahh\u00fcseynli, M\u0259mm\u0259dqas\u0131ml\u0131, \u00c7all\u0131 k\u0259ndl\u0259rind\u0259n, Qumlu ya\u015fay\u0131\u015f massivind\u0259n v\u0259 21 sayl\u0131 q\u0259s\u0259b\u0259d\u0259n olan se\u00e7icil\u0259ri q\u0259bul edib, onlar\u0131n probleml\u0259rinin h\u0259llin\u0259 k\u00f6m\u0259klik g\u00f6st\u0259rib.<\/strong><\/p>\n<p><strong>Bir ne\u00e7\u0259 se\u00e7ici deputata \u0259vv\u0259lki q\u0259bullar zaman\u0131 qald\u0131rd\u0131qlar\u0131 m\u0259s\u0259l\u0259l\u0259r h\u0259ll olundu\u011fu \u00fc\u00e7\u00fcn minn\u0259tdarl\u0131q bildirib v\u0259 sonuncu parlament se\u00e7kisind\u0259 yenid\u0259n mill\u0259t v\u0259kili se\u00e7ildiyi \u00fc\u00e7\u00fcn t\u0259brikl\u0259rini \u00e7atd\u0131r\u0131blar.<\/strong><\/p>\n<p><strong>21 sayl\u0131 q\u0259s\u0259b\u0259d\u0259n se\u00e7ici Fatma Qarayeva ail\u0259sinin 2 probleminin q\u0131sa m\u00fcdd\u0259td\u0259 h\u0259llin\u0259 yax\u0131ndan k\u00f6m\u0259klik g\u00f6st\u0259rdiyi \u00fc\u00e7\u00fcn mill\u0259t v\u0259kili Jal\u0259 \u018fliyevaya minn\u0259tdarl\u0131\u011f\u0131n\u0131 bildirib.<\/strong><\/p>\n<p><strong>Z\u0259rdab \u015f\u0259h\u0259r sakini, 2 u\u015faq atas\u0131 \u0130smay\u0131l Rzayev hemofiliya x\u0259st\u0259liyind\u0259n \u0259ziyy\u0259t \u00e7\u0259k\u0259n \u00f6vladlar\u0131n\u0131n m\u00fcalic\u0259sin\u0259 k\u00f6m\u0259klik g\u00f6st\u0259rdiyi \u00fc\u00e7\u00fcn deputata t\u0259\u015f\u0259kk\u00fcr edib, ba\u015fqa bir probleminin h\u0259llin\u0259 k\u00f6m\u0259klik g\u00f6st\u0259rilm\u0259sini d\u0259 xahi\u015f edib.<\/strong><\/p>\n<p><strong>Q\u0259bula g\u0259l\u0259nl\u0259rd\u0259n &#8211; a\u011f\u0131r x\u0259r\u00e7\u0259ng x\u0259st\u0259sinin paytaxtdak\u0131 m\u00fcvafiq x\u0259st\u0259xanada m\u00fcalic\u0259si \u00fc\u00e7\u00fcn m\u00fcvafiq qurumlarla dan\u0131\u015f\u0131qlar apar\u0131b v\u0259 m\u0259s\u0259l\u0259 h\u0259ll olunub.<\/strong><\/p>\n<p><strong>Se\u00e7icil\u0259r t\u0259r\u0259find\u0259n mill\u0259t v\u0259kilin\u0259 \u00fcnvanl\u0131 sosial yard\u0131mla ba\u011fl\u0131 da \u00e7oxsayl\u0131 m\u00fcraci\u0259tl\u0259r edilib. M\u00fcraci\u0259tl\u0259rd\u0259n bir ne\u00e7\u0259si yerind\u0259c\u0259 h\u0259llini tap\u0131b.<\/strong><\/p>\n<p><strong>H\u0259y\u0259tyan\u0131 torpaq sah\u0259sinin verilm\u0259si il\u0259 ba\u011fl\u0131 bir ne\u00e7\u0259 se\u00e7icinin deputat Jal\u0259 \u018fliyevaya m\u00fcraci\u0259ti il\u0259 \u0259laq\u0259dar m\u00fcvafiq qurumlarla dan\u0131\u015f\u0131qlar apar\u0131l\u0131b v\u0259 h\u0259llin\u0259 s\u00f6z verilib.<\/strong><\/p>\n<p><strong>Bir m\u00fcdd\u0259t \u00f6nc\u0259 ail\u0259 ba\u015f\u00e7\u0131s\u0131n\u0131 itirmi\u015f 5 u\u015faql\u0131 ana is\u0259 q\u0259bul zaman\u0131 \u00f6d\u0259ni\u015fli \u0259saslarla ali t\u0259hsil alan 2 \u00f6vlad\u0131n\u0131n t\u0259hsil x\u0259rcini \u00f6d\u0259y\u0259 bilm\u0259diyini v\u0259 bu m\u0259s\u0259l\u0259d\u0259 g\u00fcz\u0259\u015ft edilm\u0259sin\u0259 yard\u0131m\u00e7\u0131 olmas\u0131n\u0131 mill\u0259t v\u0259kilind\u0259n xahi\u015f edib. Ail\u0259y\u0259 k\u00f6m\u0259klik g\u00f6st\u0259rilib.<\/strong><\/p>\n<p><strong>S\u00f6z\u00fcged\u0259n ail\u0259nin I qrup \u0259lil olan bir u\u015fa\u011f\u0131n\u0131n reabilitasiyas\u0131 \u00fc\u00e7\u00fcn d\u0259 m\u00fcvafiq add\u0131m at\u0131l\u0131b.<\/strong><\/p>\n<p><strong>Q\u0259bul zaman\u0131 mill\u0259t v\u0259kilin\u0259 i\u015fl\u0259 t\u0259minatla ba\u011fl\u0131 da m\u00fcraci\u0259tl\u0259r edilib.<\/strong><\/p>\n<p><strong>Q\u0259bula g\u0259l\u0259n bir ne\u00e7\u0259 ail\u0259y\u0259, o c\u00fcml\u0259d\u0259n bir \u015f\u0259hid ail\u0259sin\u0259 mill\u0259t v\u0259kili Jal\u0259 \u018fliyeva t\u0259r\u0259find\u0259n maddi yard\u0131m g\u00f6st\u0259rilib.<\/strong><\/p>\n<p><strong>Se\u00e7icil\u0259rin dig\u0259r m\u00fcraci\u0259tl\u0259ri d\u0259 dinl\u0259nilib v\u0259 qanunvericilik \u0259sas\u0131nda \u0259riz\u0259l\u0259ri q\u0259bul edilib v\u0259 h\u0259lli \u00fc\u00e7\u00fcn \u0259laq\u0259dar qurumlara m\u00fcraci\u0259t olunacaq.<\/strong><\/p>\n<p><strong>Z\u0259rdab rayonundan olan 2 n\u0259f\u0259r ziyal\u0131 is\u0259 kitablar\u0131n\u0131n \u00e7ap\u0131na k\u00f6m\u0259klik g\u00f6st\u0259rilm\u0259sini xahi\u015f edibl\u0259r. Mill\u0259t v\u0259kili bu m\u0259s\u0259l\u0259d\u0259 d\u0259st\u0259yini \u0259sirg\u0259m\u0259y\u0259c\u0259yini bildirib. Ziyal\u0131lar H\u0259s\u0259n b\u0259y Z\u0259rdabi \u0259n\u0259n\u0259l\u0259rinin ya\u015fad\u0131lmas\u0131 v\u0259 davam etdirilm\u0259si i\u015find\u0259 onlara k\u00f6m\u0259kliyin\u0259 g\u00f6r\u0259 mill\u0259t v\u0259kili Jal\u0259 \u018fliyevaya d\u0259rin minn\u0259tdarl\u0131qlar\u0131n\u0131 bildiribl\u0259r.<\/strong><\/p>\n<p><strong>Sonda g\u00f6r\u00fc\u015fd\u0259 i\u015ftirak ed\u0259n se\u00e7icil\u0259r Jal\u0259 \u018fliyevan\u0131n deputat kimi f\u0259aliyy\u0259tind\u0259n raz\u0131l\u0131qlar\u0131n\u0131 ifad\u0259 edibl\u0259r v\u0259 h\u0259r zaman se\u00e7icil\u0259rl\u0259 ba\u011fl\u0131 m\u0259s\u0259l\u0259l\u0259r\u0259 b\u00f6y\u00fck h\u0259ssasl\u0131q v\u0259 qay\u011f\u0131 il\u0259 yana\u015fd\u0131\u011f\u0131n\u0131 deyibl\u0259r.<\/strong><\/p>\n<p><strong>Zerdab.com\u00a0<\/strong><a href=\"http:\/\/www.zerdab.com\/mill%c9%99t-v%c9%99kilimiz-jal%c9%99-%c9%99liyeva-secicil%c9%99rin-q%c9%99bulunu-kecirdi-fotolar\/deputat-q%c9%99bul-3\/\" rel=\"attachment wp-att-22081\"><img loading=\"lazy\" decoding=\"async\" class=\"aligncenter size-large wp-image-22081\" src=\"http:\/\/www.zerdab.com\/wp-content\/uploads\/2016\/01\/Deputat-q\u0259bul--550x309.jpg\" alt=\"Jal\u0259 \u018fliyeva-q\u0259bul\" width=\"550\" height=\"309\" \/><\/a><a href=\"http:\/\/www.zerdab.com\/mill%c9%99t-v%c9%99kilimiz-jal%c9%99-%c9%99liyeva-secicil%c9%99rin-q%c9%99bulunu-kecirdi-fotolar\/jal%c9%99-%c9%99liyeva-q%c9%99bul\/\" rel=\"attachment wp-att-22075\"><img loading=\"lazy\" decoding=\"async\" class=\"aligncenter size-large wp-image-22075\" src=\"http:\/\/www.zerdab.com\/wp-content\/uploads\/2016\/01\/Jal\u0259-\u018fliyeva-q\u0259bul.-550x309.jpg\" alt=\"Jal\u0259 \u018fliyeva-q\u0259bul\" width=\"550\" height=\"309\" \/><\/a><a href=\"http:\/\/www.zerdab.com\/mill%c9%99t-v%c9%99kilimiz-jal%c9%99-%c9%99liyeva-secicil%c9%99rin-q%c9%99bulunu-kecirdi-fotolar\/jal%c9%99-%c9%99liyeva-q%c9%99bul-3\/\" rel=\"attachment wp-att-22077\"><img loading=\"lazy\" decoding=\"async\" class=\"aligncenter size-large wp-image-22077\" src=\"http:\/\/www.zerdab.com\/wp-content\/uploads\/2016\/01\/Jal\u0259-\u018fliyeva-q\u0259bul--309x550.jpg\" alt=\"Jal\u0259 \u018fliyeva-q\u0259bul\" width=\"309\" height=\"550\" \/><\/a><a href=\"http:\/\/www.zerdab.com\/mill%c9%99t-v%c9%99kilimiz-jal%c9%99-%c9%99liyeva-secicil%c9%99rin-q%c9%99bulunu-kecirdi-fotolar\/jal%c9%99-%c9%99liyeva-q%c9%99bul1\/\" rel=\"attachment wp-att-22078\"><img loading=\"lazy\" decoding=\"async\" class=\"aligncenter size-large wp-image-22078\" src=\"http:\/\/www.zerdab.com\/wp-content\/uploads\/2016\/01\/Jal\u0259-\u018fliyeva-q\u0259bul1-550x309.jpg\" alt=\"Deputat q\u0259bul\" width=\"550\" height=\"309\" \/><\/a><a href=\"http:\/\/www.zerdab.com\/mill%c9%99t-v%c9%99kilimiz-jal%c9%99-%c9%99liyeva-secicil%c9%99rin-q%c9%99bulunu-kecirdi-fotolar\/deputat-q%c9%99bul-2\/\" rel=\"attachment wp-att-22080\"><img loading=\"lazy\" decoding=\"async\" class=\"aligncenter size-large wp-image-22080\" src=\"http:\/\/www.zerdab.com\/wp-content\/uploads\/2016\/01\/Deputat-q\u0259bul-550x309.jpg\" alt=\"Deputat q\u0259bul\" width=\"550\" height=\"309\" \/><\/a><a href=\"http:\/\/www.zerdab.com\/mill%c9%99t-v%c9%99kilimiz-jal%c9%99-%c9%99liyeva-secicil%c9%99rin-q%c9%99bulunu-kecirdi-fotolar\/jal%c9%99-%c9%99liyeva-q%c9%99bul-2\/\" rel=\"attachment wp-att-22076\"><img loading=\"lazy\" decoding=\"async\" class=\"aligncenter size-large wp-image-22076\" src=\"http:\/\/www.zerdab.com\/wp-content\/uploads\/2016\/01\/Jal\u0259-\u018fliyeva-q\u0259bul-550x278.jpg\" alt=\"Deputat q\u0259bul\" width=\"550\" height=\"278\" \/><\/a><\/p>\n<p><strong>\u00a0\u00a0\u00a0\u00a0<\/strong><\/p>\n","protected":false},"excerpt":{"rendered":"<p>92 sayl\u0131 Z\u0259rdab-Ucar se\u00e7ki dair\u0259sind\u0259n mill\u0259t v\u0259kili Jal\u0259 \u018fliyeva bu g\u00fcnl\u0259rd\u0259 haqq d\u00fcnyas\u0131na qovu\u015fan b\u00f6y\u00fck v\u0259t\u0259n m\u00fcharib\u0259sinin 3 \u015f\u00f6hr\u0259t ordenli q\u0259hr\u0259man\u0131, rayonumuzun M\u0259mm\u0259dqas\u0131ml\u0131 k\u0259nd sakini Muradal\u0131 Heyd\u0259rovun yas m\u0259rasimind\u0259 i\u015ftirak edib, ail\u0259 \u00fczvl\u0259rin\u0259 ba\u015fsa\u011fl\u0131\u011f\u0131 verib. Zerdab.com sayt\u0131 x\u0259b\u0259r verir ki, mill\u0259t v\u0259kili Muradal\u0131 Heyd\u0259rovun ail\u0259sinin v\u0259ziyy\u0259ti il\u0259 maraqlan\u0131b, onlar\u0131 narahat ed\u0259n bir sosial m\u0259s\u0259l\u0259nin h\u0259ll [&hellip;]<\/p>\n","protected":false},"author":1,"featured_media":0,"comment_status":"open","ping_status":"open","sticky":false,"template":"","format":"gallery","meta":{"footnotes":""},"categories":[5],"tags":[],"class_list":{"0":"post-22071","1":"post","2":"type-post","3":"status-publish","4":"format-gallery","6":"category-knd","7":"post_format-post-format-gallery"},"yoast_head":"<!-- This site is optimized with the Yoast SEO plugin v27.0 - https:\/\/yoast.com\/product\/yoast-seo-wordpress\/ -->\n<title>Mill\u0259t v\u0259kilimiz Jal\u0259 \u018fliyeva Z\u0259rdabda se\u00e7icil\u0259rin q\u0259bulunu ke\u00e7irdi - FOTOLAR - Z\u0259rdab.com<\/title>\n<meta name=\"robots\" content=\"index, follow, max-snippet:-1, max-image-preview:large, max-video-preview:-1\" \/>\n<link rel=\"canonical\" href=\"https:\/\/www.zerdab.com\/?p=22071\" \/>\n<meta property=\"og:locale\" content=\"az_AZ\" \/>\n<meta property=\"og:type\" content=\"article\" \/>\n<meta property=\"og:title\" content=\"Mill\u0259t v\u0259kilimiz Jal\u0259 \u018fliyeva Z\u0259rdabda se\u00e7icil\u0259rin q\u0259bulunu ke\u00e7irdi - FOTOLAR - Z\u0259rdab.com\" \/>\n<meta property=\"og:description\" content=\"92 sayl\u0131 Z\u0259rdab-Ucar se\u00e7ki dair\u0259sind\u0259n mill\u0259t v\u0259kili Jal\u0259 \u018fliyeva bu g\u00fcnl\u0259rd\u0259 haqq d\u00fcnyas\u0131na qovu\u015fan b\u00f6y\u00fck v\u0259t\u0259n m\u00fcharib\u0259sinin 3 \u015f\u00f6hr\u0259t ordenli q\u0259hr\u0259man\u0131, rayonumuzun M\u0259mm\u0259dqas\u0131ml\u0131 k\u0259nd sakini Muradal\u0131 Heyd\u0259rovun yas m\u0259rasimind\u0259 i\u015ftirak edib, ail\u0259 \u00fczvl\u0259rin\u0259 ba\u015fsa\u011fl\u0131\u011f\u0131 verib. Zerdab.com sayt\u0131 x\u0259b\u0259r verir ki, mill\u0259t v\u0259kili Muradal\u0131 Heyd\u0259rovun ail\u0259sinin v\u0259ziyy\u0259ti il\u0259 maraqlan\u0131b, onlar\u0131 narahat ed\u0259n bir sosial m\u0259s\u0259l\u0259nin h\u0259ll [&hellip;]\" \/>\n<meta property=\"og:url\" content=\"https:\/\/www.zerdab.com\/?p=22071\" \/>\n<meta property=\"og:site_name\" content=\"Z\u0259rdab.com\" \/>\n<meta property=\"article:published_time\" content=\"2016-01-09T06:44:59+00:00\" \/>\n<meta property=\"article:modified_time\" content=\"2016-01-09T06:53:33+00:00\" \/>\n<meta name=\"author\" content=\"admin\" \/>\n<meta name=\"twitter:card\" content=\"summary_large_image\" \/>\n<meta name=\"twitter:label1\" content=\"Written by\" \/>\n\t<meta name=\"twitter:data1\" content=\"admin\" \/>\n\t<meta name=\"twitter:label2\" content=\"Est. reading time\" \/>\n\t<meta name=\"twitter:data2\" content=\"4 minutes\" \/>\n<script type=\"application\/ld+json\" class=\"yoast-schema-graph\">{\"@context\":\"https:\/\/schema.org\",\"@graph\":[{\"@type\":\"Article\",\"@id\":\"https:\/\/www.zerdab.com\/?p=22071#article\",\"isPartOf\":{\"@id\":\"https:\/\/www.zerdab.com\/?p=22071\"},\"author\":{\"name\":\"admin\",\"@id\":\"https:\/\/www.zerdab.com\/#\/schema\/person\/97079b7570c1e89ec0d9e138c3672136\"},\"headline\":\"Mill\u0259t v\u0259kilimiz Jal\u0259 \u018fliyeva Z\u0259rdabda se\u00e7icil\u0259rin q\u0259bulunu ke\u00e7irdi &#8211; FOTOLAR\",\"datePublished\":\"2016-01-09T06:44:59+00:00\",\"dateModified\":\"2016-01-09T06:53:33+00:00\",\"mainEntityOfPage\":{\"@id\":\"https:\/\/www.zerdab.com\/?p=22071\"},\"wordCount\":835,\"commentCount\":0,\"articleSection\":[\"X\u018fB\u018fRL\u018fR\"],\"inLanguage\":\"az\",\"potentialAction\":[{\"@type\":\"CommentAction\",\"name\":\"Comment\",\"target\":[\"https:\/\/www.zerdab.com\/?p=22071#respond\"]}]},{\"@type\":\"WebPage\",\"@id\":\"https:\/\/www.zerdab.com\/?p=22071\",\"url\":\"https:\/\/www.zerdab.com\/?p=22071\",\"name\":\"Mill\u0259t v\u0259kilimiz Jal\u0259 \u018fliyeva Z\u0259rdabda se\u00e7icil\u0259rin q\u0259bulunu ke\u00e7irdi - FOTOLAR - Z\u0259rdab.com\",\"isPartOf\":{\"@id\":\"https:\/\/www.zerdab.com\/#website\"},\"datePublished\":\"2016-01-09T06:44:59+00:00\",\"dateModified\":\"2016-01-09T06:53:33+00:00\",\"author\":{\"@id\":\"https:\/\/www.zerdab.com\/#\/schema\/person\/97079b7570c1e89ec0d9e138c3672136\"},\"breadcrumb\":{\"@id\":\"https:\/\/www.zerdab.com\/?p=22071#breadcrumb\"},\"inLanguage\":\"az\",\"potentialAction\":[{\"@type\":\"ReadAction\",\"target\":[\"https:\/\/www.zerdab.com\/?p=22071\"]}]},{\"@type\":\"BreadcrumbList\",\"@id\":\"https:\/\/www.zerdab.com\/?p=22071#breadcrumb\",\"itemListElement\":[{\"@type\":\"ListItem\",\"position\":1,\"name\":\"Home\",\"item\":\"https:\/\/www.zerdab.com\/\"},{\"@type\":\"ListItem\",\"position\":2,\"name\":\"Mill\u0259t v\u0259kilimiz Jal\u0259 \u018fliyeva Z\u0259rdabda se\u00e7icil\u0259rin q\u0259bulunu ke\u00e7irdi &#8211; FOTOLAR\"}]},{\"@type\":\"WebSite\",\"@id\":\"https:\/\/www.zerdab.com\/#website\",\"url\":\"https:\/\/www.zerdab.com\/\",\"name\":\"Z\u0259rdab.com\",\"description\":\"\",\"potentialAction\":[{\"@type\":\"SearchAction\",\"target\":{\"@type\":\"EntryPoint\",\"urlTemplate\":\"https:\/\/www.zerdab.com\/?s={search_term_string}\"},\"query-input\":{\"@type\":\"PropertyValueSpecification\",\"valueRequired\":true,\"valueName\":\"search_term_string\"}}],\"inLanguage\":\"az\"},{\"@type\":\"Person\",\"@id\":\"https:\/\/www.zerdab.com\/#\/schema\/person\/97079b7570c1e89ec0d9e138c3672136\",\"name\":\"admin\",\"image\":{\"@type\":\"ImageObject\",\"inLanguage\":\"az\",\"@id\":\"https:\/\/www.zerdab.com\/#\/schema\/person\/image\/\",\"url\":\"https:\/\/secure.gravatar.com\/avatar\/d9c52a9a27c32119cb6679a077fa3e2779e5f822c451cbf01098004361d466ec?s=96&d=mm&r=g\",\"contentUrl\":\"https:\/\/secure.gravatar.com\/avatar\/d9c52a9a27c32119cb6679a077fa3e2779e5f822c451cbf01098004361d466ec?s=96&d=mm&r=g\",\"caption\":\"admin\"},\"url\":\"https:\/\/www.zerdab.com\/?author=1\"}]}<\/script>\n<!-- \/ Yoast SEO plugin. -->","yoast_head_json":{"title":"Mill\u0259t v\u0259kilimiz Jal\u0259 \u018fliyeva Z\u0259rdabda se\u00e7icil\u0259rin q\u0259bulunu ke\u00e7irdi - FOTOLAR - Z\u0259rdab.com","robots":{"index":"index","follow":"follow","max-snippet":"max-snippet:-1","max-image-preview":"max-image-preview:large","max-video-preview":"max-video-preview:-1"},"canonical":"https:\/\/www.zerdab.com\/?p=22071","og_locale":"az_AZ","og_type":"article","og_title":"Mill\u0259t v\u0259kilimiz Jal\u0259 \u018fliyeva Z\u0259rdabda se\u00e7icil\u0259rin q\u0259bulunu ke\u00e7irdi - FOTOLAR - Z\u0259rdab.com","og_description":"92 sayl\u0131 Z\u0259rdab-Ucar se\u00e7ki dair\u0259sind\u0259n mill\u0259t v\u0259kili Jal\u0259 \u018fliyeva bu g\u00fcnl\u0259rd\u0259 haqq d\u00fcnyas\u0131na qovu\u015fan b\u00f6y\u00fck v\u0259t\u0259n m\u00fcharib\u0259sinin 3 \u015f\u00f6hr\u0259t ordenli q\u0259hr\u0259man\u0131, rayonumuzun M\u0259mm\u0259dqas\u0131ml\u0131 k\u0259nd sakini Muradal\u0131 Heyd\u0259rovun yas m\u0259rasimind\u0259 i\u015ftirak edib, ail\u0259 \u00fczvl\u0259rin\u0259 ba\u015fsa\u011fl\u0131\u011f\u0131 verib. Zerdab.com sayt\u0131 x\u0259b\u0259r verir ki, mill\u0259t v\u0259kili Muradal\u0131 Heyd\u0259rovun ail\u0259sinin v\u0259ziyy\u0259ti il\u0259 maraqlan\u0131b, onlar\u0131 narahat ed\u0259n bir sosial m\u0259s\u0259l\u0259nin h\u0259ll [&hellip;]","og_url":"https:\/\/www.zerdab.com\/?p=22071","og_site_name":"Z\u0259rdab.com","article_published_time":"2016-01-09T06:44:59+00:00","article_modified_time":"2016-01-09T06:53:33+00:00","author":"admin","twitter_card":"summary_large_image","twitter_misc":{"Written by":"admin","Est. reading time":"4 minutes"},"schema":{"@context":"https:\/\/schema.org","@graph":[{"@type":"Article","@id":"https:\/\/www.zerdab.com\/?p=22071#article","isPartOf":{"@id":"https:\/\/www.zerdab.com\/?p=22071"},"author":{"name":"admin","@id":"https:\/\/www.zerdab.com\/#\/schema\/person\/97079b7570c1e89ec0d9e138c3672136"},"headline":"Mill\u0259t v\u0259kilimiz Jal\u0259 \u018fliyeva Z\u0259rdabda se\u00e7icil\u0259rin q\u0259bulunu ke\u00e7irdi &#8211; FOTOLAR","datePublished":"2016-01-09T06:44:59+00:00","dateModified":"2016-01-09T06:53:33+00:00","mainEntityOfPage":{"@id":"https:\/\/www.zerdab.com\/?p=22071"},"wordCount":835,"commentCount":0,"articleSection":["X\u018fB\u018fRL\u018fR"],"inLanguage":"az","potentialAction":[{"@type":"CommentAction","name":"Comment","target":["https:\/\/www.zerdab.com\/?p=22071#respond"]}]},{"@type":"WebPage","@id":"https:\/\/www.zerdab.com\/?p=22071","url":"https:\/\/www.zerdab.com\/?p=22071","name":"Mill\u0259t v\u0259kilimiz Jal\u0259 \u018fliyeva Z\u0259rdabda se\u00e7icil\u0259rin q\u0259bulunu ke\u00e7irdi - FOTOLAR - Z\u0259rdab.com","isPartOf":{"@id":"https:\/\/www.zerdab.com\/#website"},"datePublished":"2016-01-09T06:44:59+00:00","dateModified":"2016-01-09T06:53:33+00:00","author":{"@id":"https:\/\/www.zerdab.com\/#\/schema\/person\/97079b7570c1e89ec0d9e138c3672136"},"breadcrumb":{"@id":"https:\/\/www.zerdab.com\/?p=22071#breadcrumb"},"inLanguage":"az","potentialAction":[{"@type":"ReadAction","target":["https:\/\/www.zerdab.com\/?p=22071"]}]},{"@type":"BreadcrumbList","@id":"https:\/\/www.zerdab.com\/?p=22071#breadcrumb","itemListElement":[{"@type":"ListItem","position":1,"name":"Home","item":"https:\/\/www.zerdab.com\/"},{"@type":"ListItem","position":2,"name":"Mill\u0259t v\u0259kilimiz Jal\u0259 \u018fliyeva Z\u0259rdabda se\u00e7icil\u0259rin q\u0259bulunu ke\u00e7irdi &#8211; FOTOLAR"}]},{"@type":"WebSite","@id":"https:\/\/www.zerdab.com\/#website","url":"https:\/\/www.zerdab.com\/","name":"Z\u0259rdab.com","description":"","potentialAction":[{"@type":"SearchAction","target":{"@type":"EntryPoint","urlTemplate":"https:\/\/www.zerdab.com\/?s={search_term_string}"},"query-input":{"@type":"PropertyValueSpecification","valueRequired":true,"valueName":"search_term_string"}}],"inLanguage":"az"},{"@type":"Person","@id":"https:\/\/www.zerdab.com\/#\/schema\/person\/97079b7570c1e89ec0d9e138c3672136","name":"admin","image":{"@type":"ImageObject","inLanguage":"az","@id":"https:\/\/www.zerdab.com\/#\/schema\/person\/image\/","url":"https:\/\/secure.gravatar.com\/avatar\/d9c52a9a27c32119cb6679a077fa3e2779e5f822c451cbf01098004361d466ec?s=96&d=mm&r=g","contentUrl":"https:\/\/secure.gravatar.com\/avatar\/d9c52a9a27c32119cb6679a077fa3e2779e5f822c451cbf01098004361d466ec?s=96&d=mm&r=g","caption":"admin"},"url":"https:\/\/www.zerdab.com\/?author=1"}]}},"_links":{"self":[{"href":"https:\/\/www.zerdab.com\/index.php?rest_route=\/wp\/v2\/posts\/22071","targetHints":{"allow":["GET"]}}],"collection":[{"href":"https:\/\/www.zerdab.com\/index.php?rest_route=\/wp\/v2\/posts"}],"about":[{"href":"https:\/\/www.zerdab.com\/index.php?rest_route=\/wp\/v2\/types\/post"}],"author":[{"embeddable":true,"href":"https:\/\/www.zerdab.com\/index.php?rest_route=\/wp\/v2\/users\/1"}],"replies":[{"embeddable":true,"href":"https:\/\/www.zerdab.com\/index.php?rest_route=%2Fwp%2Fv2%2Fcomments&post=22071"}],"version-history":[{"count":11,"href":"https:\/\/www.zerdab.com\/index.php?rest_route=\/wp\/v2\/posts\/22071\/revisions"}],"predecessor-version":[{"id":22090,"href":"https:\/\/www.zerdab.com\/index.php?rest_route=\/wp\/v2\/posts\/22071\/revisions\/22090"}],"wp:attachment":[{"href":"https:\/\/www.zerdab.com\/index.php?rest_route=%2Fwp%2Fv2%2Fmedia&parent=22071"}],"wp:term":[{"taxonomy":"category","embeddable":true,"href":"https:\/\/www.zerdab.com\/index.php?rest_route=%2Fwp%2Fv2%2Fcategories&post=22071"},{"taxonomy":"post_tag","embeddable":true,"href":"https:\/\/www.zerdab.com\/index.php?rest_route=%2Fwp%2Fv2%2Ftags&post=22071"}],"curies":[{"name":"wp","href":"https:\/\/api.w.org\/{rel}","templated":true}]}}