{"id":221,"date":"2012-01-19T11:57:27","date_gmt":"2012-01-19T07:57:27","guid":{"rendered":"http:\/\/www.zerdab.com\/?p=221"},"modified":"2014-10-02T22:37:43","modified_gmt":"2014-10-02T17:37:43","slug":"z%c9%99rdabda-g%c9%99ncl%c9%99r-v%c9%99-idman-siyas%c9%99ti-ugurlar-perspektivl%c9%99r","status":"publish","type":"post","link":"https:\/\/www.zerdab.com\/?p=221","title":{"rendered":"Z\u0259rdabda g\u0259ncl\u0259r v\u0259 idman siyas\u0259ti: u\u011furlar, perspektivl\u0259r"},"content":{"rendered":"<p><a href=\"http:\/\/www.zerdab.com\/wp-content\/uploads\/2012\/01\/gencler31.jpg\"><img loading=\"lazy\" decoding=\"async\" class=\"alignleft size-full wp-image-226\" title=\"gencler3\" src=\"http:\/\/www.zerdab.com\/wp-content\/uploads\/2012\/01\/gencler31.jpg\" alt=\"\" width=\"320\" height=\"240\" \/><\/a>Z\u0259rdabda idman\u0131n m\u00fcxt\u0259lif n\u00f6vl\u0259ri inki\u015faf etdirilir. M\u00fcxt\u0259lif nailiyy\u0259tl\u0259r d\u0259 var. M\u0259s\u0259l\u0259n, q\u0131zlar aras\u0131nda \u015fahmat \u00fczr\u0259 respublika \u00e7empionat\u0131nda \u0130zz\u0259t R\u0259himli 2-ci yeri tutaraq Avropa \u00e7empionat\u0131nda i\u015ftirak etmi\u015f, 2009-cu ild\u0259 respublika \u00e7empionu olaraq Yunan\u0131standa ke\u00e7iril\u0259n m\u0259kt\u0259blil\u0259rin d\u00fcnya \u00e7empionat\u0131nda 5-ci yeri tutmu\u015fdur. \u015eahmat \u00fczr\u0259 ke\u00e7mi\u015f Az\u0259rbaycan \u00e7empionu F\u0259rid Zeynalov \u0130ran \u0130slam Respublikas\u0131nda ke\u00e7iril\u0259n beyn\u0259lxalq turnird\u0259 245 i\u015ftirak\u00e7\u0131 aras\u0131nda 25 \u0259n g\u00fcncl\u00fc \u015fahmat\u00e7\u0131 s\u0131ras\u0131na d\u00fc\u015fm\u00fc\u015fd\u00fcr.<br \/>\nTaekvondo\u00e7u q\u0131zlar\u0131n respublika \u00e7empionat\u0131nda N\u0259rmin Camalzad\u0259 g\u00fcm\u00fc\u015f medal, 5 q\u0131z idman\u00e7\u0131m\u0131z b\u00fcr\u00fcnc, 1 q\u0131z idman\u00e7\u0131m\u0131z &#8220;Qara k\u0259m\u0259r&#8221; qazanm\u0131\u015fd\u0131r.<br \/>\nG\u0259ncl\u0259rin v\u0259t\u0259np\u0259rv\u0259rlik t\u0259rbiy\u0259sind\u0259 b\u00f6y\u00fck rol oynayan h\u0259rbi idman oyunlar\u0131na diqq\u0259t artm\u0131\u015f, G\u0259lm\u0259 k\u0259nd orta m\u0259kt\u0259binin &#8220;C\u0259surlar&#8221; komandas\u0131 respublika turunun final m\u0259rh\u0259l\u0259sind\u0259 I yeri, \u015f\u0259h\u0259r 1 sayl\u0131 orta m\u0259kt\u0259bin &#8220;\u015eahin&#8221; komandas\u0131 is\u0259 5-ci yeri tutmu\u015flar.<br \/>\nOnu da qeyd ed\u0259k ki, G\u0259lm\u0259 k\u0259nd orta m\u0259kt\u0259bind\u0259 &#8220;C\u0259surlar&#8221; komandas\u0131 2009-cu ild\u0259 Bak\u0131 \u015f\u0259h\u0259rind\u0259 ke\u00e7iril\u0259n h\u0259rbi idman oyunlar\u0131n\u0131n respublika final\u0131nda b\u00fct\u00fcn r\u0259qibl\u0259rin\u0259 qalib g\u0259l\u0259r\u0259k \u00f6lk\u0259 tarixind\u0259 k\u0259nd komandas\u0131 olaraq ilk d\u0259f\u0259 \u00e7empion olmu\u015fdur. Komandan\u0131n \u00fczvl\u0259ri h\u0259r \u00fc\u00e7 m\u0259rh\u0259l\u0259d\u0259 rayonlar\u0131n, el\u0259c\u0259 d\u0259 Bak\u0131, Sumqay\u0131t, G\u0259nc\u0259 kimi g\u00fccl\u00fc \u0259n\u0259n\u0259l\u0259r\u0259 malik \u015f\u0259h\u0259rl\u0259rin komandalar\u0131n\u0131 arxada qoyaraq respublika \u00fczr\u0259 1-ci olmu\u015flar.<br \/>\nHaz\u0131rda Z\u0259rdab \u015f\u0259h\u0259rind\u0259, q\u0259s\u0259b\u0259 v\u0259 k\u0259ndl\u0259rd\u0259 49 idman qur\u011fusu, o c\u00fcml\u0259d\u0259n 26 sad\u0259 idman qur\u011fusu, 17 \u00f6rt\u00fcl\u00fc idman zal\u0131, 3 at\u0131c\u0131l\u0131q tiri, 2 u\u015faq g\u0259ncl\u0259r idman m\u0259kt\u0259bi, 1500 yerlik stadion daimi f\u0259aliyy\u0259td\u0259dir.<\/p>\n<p>Z\u0259rdab rayonunda b\u0259d\u0259n t\u0259rbiy\u0259si m\u00fc\u0259ssis\u0259l\u0259rinin f\u0259aliyy\u0259tini xarakteriz\u0259 ed\u0259n g\u00f6st\u0259ricil\u0259r<\/p>\n<p>&#8211; C\u0259mi idman qur\u011fular\u0131n\u0131n say\u0131: 51<br \/>\n&#8211; Stadionlar 1<br \/>\n&#8211; T\u0259hsil ocaqlar\u0131n\u0131n idman zallar\u0131: 19<br \/>\n&#8211; At\u0131c\u0131l\u0131q tirl\u0259ri: 3<br \/>\n&#8211; Sad\u0259 idman qur\u011fular\u0131: 27<br \/>\n&#8211; \u015eahmat klublar\u0131: 1<br \/>\n&#8211; B\u0259d\u0259n t\u0259rbiy\u0259si v\u0259 idmanla m\u0259\u015f\u011ful olanlar\u0131n say\u0131: 3400<br \/>\n&#8211; Birinci d\u0259r\u0259c\u0259li: 24<br \/>\n&#8211; Beyn\u0259lxalq yar\u0131\u015flar\u0131n m\u00fckafat\u00e7\u0131lar\u0131: 2<br \/>\n&#8211; \u0130dman m\u00fc\u0259ssis\u0259l\u0259rind\u0259 \u00e7al\u0131\u015fanlar\u0131n say\u0131: 133 n\u0259f\u0259r<\/p>\n<p>Bu r\u0259q\u0259ml\u0259r Z\u0259rdab rayon Statistika \u0130dar\u0259sinin r\u0259smi 2009-cu il\u0259 olan m\u0259lumatlar\u0131 \u0259sas\u0131nda hesablanm\u0131\u015fd\u0131r.<\/p>\n<p><a href=\"http:\/\/www.zerdab.com\/wp-content\/uploads\/2012\/01\/gencler.jpg\"><img loading=\"lazy\" decoding=\"async\" class=\"alignleft size-full wp-image-223\" title=\"Gencler\" src=\"http:\/\/www.zerdab.com\/wp-content\/uploads\/2012\/01\/gencler.jpg\" alt=\"\" width=\"520\" height=\"287\" \/><\/a>2009-cu ilin aprel ay\u0131nda \u00fcmummilli lider Heyd\u0259r \u018fliyevin anadan olmas\u0131n\u0131n 86-c\u0131 ild\u00f6n\u00fcm\u00fcn\u0259 h\u0259sr olunmu\u015f Prezident Kuboku u\u011frunda ke\u00e7iril\u0259n idman\u0131n karate &#8211; do n\u00f6v\u00fc \u00fczr\u0259 beyn\u0259lxalq turnird\u0259 rayonumuzun idman\u00e7\u0131lar\u0131 1 q\u0131z\u0131l, 2 g\u00fcm\u00fc\u015f, 4 b\u00fcr\u00fcnc medala layiq g\u00f6r\u00fclm\u00fc\u015fl\u0259r.<br \/>\nRegionlar\u0131n Sosial \u0130qtisadi \u0130nki\u015faf\u0131 D\u00f6vl\u0259t Proqramlar\u0131n\u0131n v\u0259 ona uy\u011fun yerli \u0130cra hakimiyy\u0259ti orqanlar\u0131n\u0131n geni\u015f t\u0259dbirl\u0259r plan\u0131n\u0131n h\u0259yata ke\u00e7irilm\u0259si yerl\u0259rd\u0259 g\u0259ncl\u0259rin m\u0259\u015f\u011fullu\u011funun artmas\u0131na imkan yaratm\u0131\u015fd\u0131r. Art\u0131q g\u0259ncl\u0259r ictimai faydal\u0131 \u0259m\u0259y\u0259 aktiv qo\u015fulur v\u0259 \u00f6z ya\u015fad\u0131qlar\u0131 b\u00f6lg\u0259l\u0259rd\u0259 istehsal\u0131n v\u0259 xidm\u0259tin art\u0131r\u0131lmas\u0131nda m\u00fch\u00fcm rol oynay\u0131rlar.<br \/>\n2003-2009-cu ill\u0259r \u0259rzind\u0259 Z\u0259rdab rayonunda m\u0259\u015f\u011ful g\u0259ncl\u0259rin say\u0131 105 faiz artm\u0131\u015fd\u0131r. H\u0259min ill\u0259rd\u0259 m\u0259\u015f\u011fulluq m\u0259rk\u0259zind\u0259 qeyd\u0259 al\u0131nan g\u0259ncl\u0259rin say\u0131 1,86 d\u0259f\u0259 azalm\u0131\u015fd\u0131r ki, bu da onlar\u0131n i\u015fl\u0259 t\u0259min olunmas\u0131na m\u00fcsb\u0259t t\u0259sir etmi\u015fdir. Rayonda f\u0259aliyy\u0259t g\u00f6st\u0259r\u0259n U\u015faq Yarad\u0131c\u0131l\u0131q M\u0259kt\u0259bind\u0259 \u00e7al\u0131\u015fan 29 n\u0259f\u0259r t\u0259\u015fkil edilmi\u015f 31 d\u0259rn\u0259y\u0259 465 g\u0259nci c\u0259lb etmi\u015fl\u0259r. Z\u0259rdab rayonunda g\u0259ncl\u0259rin bacar\u0131\u011f\u0131n\u0131 v\u0259 d\u00fcnyag\u00f6r\u00fc\u015f\u00fcn\u00fc i\u015f\u0131qland\u0131ran v\u0259 onlar\u0131 aktiv f\u0259aliyy\u0259t\u0259 c\u0259lb ed\u0259n G\u0259nc Texnikl\u0259r Stansiyas\u0131 vard\u0131r. Burada 87 d\u0259rn\u0259k f\u0259aliyy\u0259t g\u00f6st\u0259rir v\u0259 bu d\u0259rn\u0259kl\u0259r\u0259 1255 n\u0259f\u0259r g\u0259nc c\u0259lb edilmi\u015fdir.<br \/>\n2003-2009-cu ill\u0259rd\u0259 rayonun G\u0259nc Texnikl\u0259r Stansiyas\u0131nda \u00e7al\u0131\u015fan i\u015f\u00e7il\u0259rin say\u0131 &#8211; 24 n\u0259f\u0259r, d\u0259rn\u0259kl\u0259rin say\u0131 &#8211; vahid, d\u0259rn\u0259kl\u0259rd\u0259 m\u0259\u015f\u011ful olanlar\u0131n say\u0131 is\u0259 181 n\u0259f\u0259r artm\u0131\u015fd\u0131r.<\/p>\n<p>Z\u0259rdab rayonu \u00fczr\u0259 g\u0259ncl\u0259rin m\u0259\u015f\u011fullu\u011funu xarakteriz\u0259 ed\u0259n m\u0259lumatlar:<br \/>\nC\u0259mi: 14 min 266 n\u0259f\u0259r<br \/>\nKi\u015fil\u0259r: 7120<br \/>\nQad\u0131nlar: 7146<br \/>\nG\u0259nc ail\u0259l\u0259rin say\u0131: 184<br \/>\nG\u0259nc ail\u0259l\u0259r aras\u0131nda bo\u015fanmalar\u0131n say\u0131: 28<br \/>\nM\u0259\u015f\u011fullu m\u0259rk\u0259zind\u0259 qeyd\u0259 al\u0131nm\u0131\u015f g\u0259ncl\u0259rin say\u0131: 83<br \/>\nD\u0259rn\u0259kl\u0259rd\u0259 m\u0259\u015f\u011ful olanlar\u0131n say\u0131: 1255<br \/>\nBu r\u0259q\u0259ml\u0259r Z\u0259rdab rayon Statistika \u0130dar\u0259sinin r\u0259smi 2009-cu il\u0259 olan m\u0259lumatlar\u0131 \u0259sas\u0131nda hesablanm\u0131\u015fd\u0131r.<br \/>\nSuverenlik ill\u0259rind\u0259 \u00f6lk\u0259 r\u0259hb\u0259rliyinin idmana v\u0259 idman\u00e7\u0131lara g\u00f6st\u0259rdiyi h\u0259dsiz qay\u011f\u0131n\u0131n n\u0259tic\u0259sind\u0259 tan\u0131nm\u0131\u015f idman\u00e7\u0131lar\u0131n say\u0131 ilb\u0259il artmaqdad\u0131r.<\/p>\n<p><a href=\"http:\/\/www.zerdab.com\/wp-content\/uploads\/2012\/01\/gencler71.jpg\"><img loading=\"lazy\" decoding=\"async\" class=\"alignleft size-thumbnail wp-image-227\" title=\"gencler7\" src=\"http:\/\/www.zerdab.com\/wp-content\/uploads\/2012\/01\/gencler71-150x150.jpg\" alt=\"\" width=\"150\" height=\"150\" \/><\/a>Z\u0259rdab\u0131n tan\u0131nm\u0131\u015f idman\u00e7\u0131lar\u0131<\/p>\n<p>Allahverdiyev M\u0259hy\u0259ddin;1962-ci ild\u0259 Sumqay\u0131tda anadan olub. Valideynl\u0259ri Sumqay\u0131ta Z\u0259rdabdan k\u00f6\u00e7\u00fcbl\u0259r. M\u0259hy\u0259ddin g\u00fcl\u0259\u015f \u00fczr\u0259 \u00fc\u00e7qat d\u00fcnya \u00e7empionun ad\u0131n\u0131 qazanm\u0131\u015f, Az\u0259rbaycan Milli Olimpiya Komit\u0259sinin Prezidenti olmu\u015fdur.<\/p>\n<p>Abbaszad\u0259 Arzu \u018flabbas q\u0131z\u0131; 1992-ci ild\u0259 Z\u0259rdab \u015f\u0259h\u0259rind\u0259 anadan olub. 10 ya\u015fl\u0131 q\u0131zlar aras\u0131nda \u015fahmat \u00fczr\u0259 Az\u0259rbaycan \u00e7empionu (2001), Yunan\u0131standa ke\u00e7irilmi\u015f d\u00fcnya \u00e7empionat\u0131n\u0131n (2001) i\u015ftirak\u00e7\u0131s\u0131 (IV yer), Az\u0259rbaycan \u00e7empionat\u0131nda II yer (2003) tutmu\u015f \u015fahmat\u00e7\u0131, \u0130spaniyada ke\u00e7iril\u0259n Avropa \u00e7empionat\u0131n\u0131n i\u015ftirak\u00e7\u0131s\u0131. Az\u0259rbaycan \u0130dman Akademiyas\u0131n\u0131n t\u0259l\u0259b\u0259sidir.<\/p>\n<p>\u018fliyev K\u0259rim B\u00f6y\u00fckki\u015fi o\u011flu, \u015eahmat \u00fczr\u0259 ilk z\u0259rdabl\u0131 Az\u0259rbaycan \u00e7empionu; 1937-ci il aprelin 23-d\u0259 Z\u0259rdabda anadan olub, \u015f\u0259h\u0259r 1 sayl\u0131 orta m\u0259kt\u0259bini, 1960-c\u0131 ild\u0259 Az\u0259rbaycan Pedaqoji Universtetinin riyaziyyat fak\u00fclt\u0259sini bitirib, m\u00fc\u0259llim kimi Z\u0259rdab\u0131n m\u00fcxt\u0259lif t\u0259hsil ocaqlar\u0131nda \u00e7al\u0131\u015f\u0131b. \u015eahmata x\u00fcsusi mara\u011f\u0131 il\u0259 f\u0259rql\u0259nib v\u0259 1976-c\u0131 ild\u0259 \u015fahmat \u00fczr\u0259 Az\u0259rbaycan \u00e7empionu olub. Z\u0259rdab \u015f\u0259h\u0259r 3 sayl\u0131 orta m\u0259kt\u0259bin direktorudur.<\/p>\n<p>Camalzad\u0259 N\u0259rmin Akif q\u0131z\u0131: 1993-c\u00fc il sentyabr\u0131n 21-d\u0259 Z\u0259rdab \u015f\u0259h\u0259rind\u0259 anadan olub. Karatenin VKC n\u00f6v\u00fc \u00fczr\u0259 Az\u0259rbaycan \u00e7empionu, Prezident Kuboku u\u011frunda respublikam\u0131zda ke\u00e7iril\u0259n 2 beyn\u0259lxalq turnirin q\u0131z\u0131l m\u00fckafat\u00e7\u0131s\u0131, Az\u0259rbaycan kubokunun sahibidir. 2009-cu ilin sonlar\u0131nda Ukraynan\u0131n Odessa \u015f\u0259h\u0259rind\u0259 ke\u00e7iril\u0259n karatenin VKC n\u00f6v\u00fc \u00fczr\u0259 beyn\u0259lxalq turnirin q\u0131z\u0131l medal\u0131na v\u0259 &#8220;\u018fn texnikal\u0131 idman\u00e7\u0131&#8221; kubokuna layiq g\u00f6r\u00fclm\u00fc\u015fd\u00fcr. 2010-cu ilin Odessa \u015f\u0259h\u0259rind\u0259 ke\u00e7iril\u0259n beyn\u0259lxalq yar\u0131\u015fda Avropa \u00c7empionu ad\u0131na layiq g\u00f6r\u00fclm\u00fc\u015f, q\u0131z\u0131l medal v\u0259 d\u00fcnya kubokunu qazanm\u0131\u015fd\u0131r.<\/p>\n<p>Camalzad\u0259 Nihal\u0259 Akif q\u0131z\u0131: 1992-ci il avqustun 22-d\u0259 Z\u0259rdab \u015f\u0259h\u0259rind\u0259 anadan olub. Taekvondo \u00fczr\u0259 XIX Az\u0259rbaycan \u00e7empionat\u0131nda (2009-cu il) qalib g\u0259l\u0259r\u0259k q\u0131z\u0131l medal qazanm\u0131\u015fd\u0131r.<\/p>\n<p>R\u0259himli \u0130zz\u0259t Rauf q\u0131z\u0131: 1995-ci ild\u0259 Z\u0259rdab \u015f\u0259h\u0259rind\u0259 anadan olub. 2009-cu ild\u0259 14 ya\u015fl\u0131 q\u0131zlar aras\u0131nda \u015fahmat \u00fczr\u0259 Az\u0259rbaycan \u00e7empionu olmu\u015f, \u00f6lk\u0259 birinciliyind\u0259 ya\u015f\u0131dlar\u0131 aras\u0131nda d\u0259f\u0259l\u0259rl\u0259 II v\u0259 III yerl\u0259ri tutmu\u015fdur. Avropa v\u0259 d\u00fcnya \u00e7empionatlar\u0131nda i\u015ftirak edib, 2009-cu ild\u0259 Yunan\u0131standa ke\u00e7iril\u0259n V d\u00fcnya \u00e7empionat\u0131nda V yeri tutub.<\/p>\n<p>Zeynalov F\u0259rid Fariz o\u011flu: 1986-c\u0131 ild\u0259 Z\u0259rdab rayonunun G\u0259lm\u0259 k\u0259ndind\u0259 anadan olub. 2005-ci ild\u0259 20 ya\u015fl\u0131 o\u011flanlar aras\u0131nda \u015fahmat \u00fczr\u0259 Az\u0259rbaycan \u00e7empionu olub, Prezident kuboku u\u011frunda beyn\u0259lxalq turnird\u0259 II yeri tutub. \u015eahmat \u00fczr\u0259 d\u00fcnya \u00e7empionat\u0131n\u0131n i\u015ftirak\u00e7\u0131s\u0131d\u0131r. 2009-cu ild\u0259 \u0130randa ke\u00e7iril\u0259n beyn\u0259lxalq turnird\u0259 F\u0130DE ustas\u0131 normas\u0131n\u0131 \u00f6d\u0259yib.<\/p>\n<p>G\u0259lm\u0259 &#8220;C\u0259surlar&#8221;\u0131 &#8211; Az\u0259rbaycan \u00e7empionu<\/p>\n<p>G\u0259lm\u0259 k\u0259nd orta m\u0259kt\u0259binin komandas\u0131 2009-cu ild\u0259 &#8220;C\u0259surlar&#8221; h\u0259rbi-idman v\u0259 turizm oyunlar\u0131n\u0131n respublika final\u0131nda tarix yaz\u0131b. Komanda \u00f6lk\u0259mizin tarixind\u0259 ilk d\u0259f\u0259 olaraq k\u0259nd m\u0259kt\u0259bi komandas\u0131 kimi b\u00fct\u00fcn \u015f\u0259h\u0259r m\u0259kt\u0259bl\u0259rini d\u0259 gerid\u0259 qoyaraq &#8220;C\u0259surlar&#8221; h\u0259rbi-idman v\u0259 turizm oyunlar\u0131n\u0131n final m\u0259rh\u0259l\u0259sind\u0259 I yeri tutmaqla Az\u0259rbaycan \u00e7empionu ad\u0131n\u0131 qazan\u0131b.<\/p>\n<p><a href=\"http:\/\/www.zerdab.com\/wp-content\/uploads\/2012\/01\/gencler2.jpg\"><img loading=\"lazy\" decoding=\"async\" class=\"alignleft size-medium wp-image-225\" title=\"gencler2\" src=\"http:\/\/www.zerdab.com\/wp-content\/uploads\/2012\/01\/gencler2-300x196.jpg\" alt=\"\" width=\"300\" height=\"196\" \/><\/a><\/p>\n","protected":false},"excerpt":{"rendered":"<p>Z\u0259rdabda idman\u0131n m\u00fcxt\u0259lif n\u00f6vl\u0259ri inki\u015faf etdirilir. M\u00fcxt\u0259lif nailiyy\u0259tl\u0259r d\u0259 var. M\u0259s\u0259l\u0259n, q\u0131zlar aras\u0131nda \u015fahmat \u00fczr\u0259 respublika \u00e7empionat\u0131nda \u0130zz\u0259t R\u0259himli 2-ci yeri tutaraq Avropa \u00e7empionat\u0131nda i\u015ftirak etmi\u015f, 2009-cu ild\u0259 respublika \u00e7empionu olaraq Yunan\u0131standa ke\u00e7iril\u0259n m\u0259kt\u0259blil\u0259rin d\u00fcnya \u00e7empionat\u0131nda 5-ci yeri tutmu\u015fdur. \u015eahmat \u00fczr\u0259 ke\u00e7mi\u015f Az\u0259rbaycan \u00e7empionu F\u0259rid Zeynalov \u0130ran \u0130slam Respublikas\u0131nda ke\u00e7iril\u0259n beyn\u0259lxalq turnird\u0259 245 i\u015ftirak\u00e7\u0131 aras\u0131nda [&hellip;]<\/p>\n","protected":false},"author":1,"featured_media":0,"comment_status":"open","ping_status":"open","sticky":false,"template":"","format":"standard","meta":{"footnotes":""},"categories":[21],"tags":[],"class_list":{"0":"post-221","1":"post","2":"type-post","3":"status-publish","4":"format-standard","6":"category-zrdab"},"yoast_head":"<!-- This site is optimized with the Yoast SEO plugin v27.0 - https:\/\/yoast.com\/product\/yoast-seo-wordpress\/ -->\n<title>Z\u0259rdabda g\u0259ncl\u0259r v\u0259 idman siyas\u0259ti: u\u011furlar, perspektivl\u0259r - Z\u0259rdab.com<\/title>\n<meta name=\"robots\" content=\"index, follow, max-snippet:-1, max-image-preview:large, max-video-preview:-1\" \/>\n<link rel=\"canonical\" href=\"https:\/\/www.zerdab.com\/?p=221\" \/>\n<meta property=\"og:locale\" content=\"az_AZ\" \/>\n<meta property=\"og:type\" content=\"article\" \/>\n<meta property=\"og:title\" content=\"Z\u0259rdabda g\u0259ncl\u0259r v\u0259 idman siyas\u0259ti: u\u011furlar, perspektivl\u0259r - Z\u0259rdab.com\" \/>\n<meta property=\"og:description\" content=\"Z\u0259rdabda idman\u0131n m\u00fcxt\u0259lif n\u00f6vl\u0259ri inki\u015faf etdirilir. M\u00fcxt\u0259lif nailiyy\u0259tl\u0259r d\u0259 var. M\u0259s\u0259l\u0259n, q\u0131zlar aras\u0131nda \u015fahmat \u00fczr\u0259 respublika \u00e7empionat\u0131nda \u0130zz\u0259t R\u0259himli 2-ci yeri tutaraq Avropa \u00e7empionat\u0131nda i\u015ftirak etmi\u015f, 2009-cu ild\u0259 respublika \u00e7empionu olaraq Yunan\u0131standa ke\u00e7iril\u0259n m\u0259kt\u0259blil\u0259rin d\u00fcnya \u00e7empionat\u0131nda 5-ci yeri tutmu\u015fdur. \u015eahmat \u00fczr\u0259 ke\u00e7mi\u015f Az\u0259rbaycan \u00e7empionu F\u0259rid Zeynalov \u0130ran \u0130slam Respublikas\u0131nda ke\u00e7iril\u0259n beyn\u0259lxalq turnird\u0259 245 i\u015ftirak\u00e7\u0131 aras\u0131nda [&hellip;]\" \/>\n<meta property=\"og:url\" content=\"https:\/\/www.zerdab.com\/?p=221\" \/>\n<meta property=\"og:site_name\" content=\"Z\u0259rdab.com\" \/>\n<meta property=\"article:published_time\" content=\"2012-01-19T07:57:27+00:00\" \/>\n<meta property=\"article:modified_time\" content=\"2014-10-02T17:37:43+00:00\" \/>\n<meta property=\"og:image\" content=\"http:\/\/www.zerdab.com\/wp-content\/uploads\/2012\/01\/gencler31.jpg\" \/>\n<meta name=\"author\" content=\"admin\" \/>\n<meta name=\"twitter:card\" content=\"summary_large_image\" \/>\n<meta name=\"twitter:label1\" content=\"Written by\" \/>\n\t<meta name=\"twitter:data1\" content=\"admin\" \/>\n\t<meta name=\"twitter:label2\" content=\"Est. reading time\" \/>\n\t<meta name=\"twitter:data2\" content=\"7 minutes\" \/>\n<script type=\"application\/ld+json\" class=\"yoast-schema-graph\">{\"@context\":\"https:\/\/schema.org\",\"@graph\":[{\"@type\":\"Article\",\"@id\":\"https:\/\/www.zerdab.com\/?p=221#article\",\"isPartOf\":{\"@id\":\"https:\/\/www.zerdab.com\/?p=221\"},\"author\":{\"name\":\"admin\",\"@id\":\"https:\/\/www.zerdab.com\/#\/schema\/person\/97079b7570c1e89ec0d9e138c3672136\"},\"headline\":\"Z\u0259rdabda g\u0259ncl\u0259r v\u0259 idman siyas\u0259ti: u\u011furlar, perspektivl\u0259r\",\"datePublished\":\"2012-01-19T07:57:27+00:00\",\"dateModified\":\"2014-10-02T17:37:43+00:00\",\"mainEntityOfPage\":{\"@id\":\"https:\/\/www.zerdab.com\/?p=221\"},\"wordCount\":1508,\"commentCount\":1,\"image\":{\"@id\":\"https:\/\/www.zerdab.com\/?p=221#primaryimage\"},\"thumbnailUrl\":\"http:\/\/www.zerdab.com\/wp-content\/uploads\/2012\/01\/gencler31.jpg\",\"articleSection\":[\"C\u018fM\u0130YY\u018fT\"],\"inLanguage\":\"az\",\"potentialAction\":[{\"@type\":\"CommentAction\",\"name\":\"Comment\",\"target\":[\"https:\/\/www.zerdab.com\/?p=221#respond\"]}]},{\"@type\":\"WebPage\",\"@id\":\"https:\/\/www.zerdab.com\/?p=221\",\"url\":\"https:\/\/www.zerdab.com\/?p=221\",\"name\":\"Z\u0259rdabda g\u0259ncl\u0259r v\u0259 idman siyas\u0259ti: u\u011furlar, perspektivl\u0259r - Z\u0259rdab.com\",\"isPartOf\":{\"@id\":\"https:\/\/www.zerdab.com\/#website\"},\"primaryImageOfPage\":{\"@id\":\"https:\/\/www.zerdab.com\/?p=221#primaryimage\"},\"image\":{\"@id\":\"https:\/\/www.zerdab.com\/?p=221#primaryimage\"},\"thumbnailUrl\":\"http:\/\/www.zerdab.com\/wp-content\/uploads\/2012\/01\/gencler31.jpg\",\"datePublished\":\"2012-01-19T07:57:27+00:00\",\"dateModified\":\"2014-10-02T17:37:43+00:00\",\"author\":{\"@id\":\"https:\/\/www.zerdab.com\/#\/schema\/person\/97079b7570c1e89ec0d9e138c3672136\"},\"breadcrumb\":{\"@id\":\"https:\/\/www.zerdab.com\/?p=221#breadcrumb\"},\"inLanguage\":\"az\",\"potentialAction\":[{\"@type\":\"ReadAction\",\"target\":[\"https:\/\/www.zerdab.com\/?p=221\"]}]},{\"@type\":\"ImageObject\",\"inLanguage\":\"az\",\"@id\":\"https:\/\/www.zerdab.com\/?p=221#primaryimage\",\"url\":\"http:\/\/www.zerdab.com\/wp-content\/uploads\/2012\/01\/gencler31.jpg\",\"contentUrl\":\"http:\/\/www.zerdab.com\/wp-content\/uploads\/2012\/01\/gencler31.jpg\"},{\"@type\":\"BreadcrumbList\",\"@id\":\"https:\/\/www.zerdab.com\/?p=221#breadcrumb\",\"itemListElement\":[{\"@type\":\"ListItem\",\"position\":1,\"name\":\"Home\",\"item\":\"https:\/\/www.zerdab.com\/\"},{\"@type\":\"ListItem\",\"position\":2,\"name\":\"Z\u0259rdabda g\u0259ncl\u0259r v\u0259 idman siyas\u0259ti: u\u011furlar, perspektivl\u0259r\"}]},{\"@type\":\"WebSite\",\"@id\":\"https:\/\/www.zerdab.com\/#website\",\"url\":\"https:\/\/www.zerdab.com\/\",\"name\":\"Z\u0259rdab.com\",\"description\":\"\",\"potentialAction\":[{\"@type\":\"SearchAction\",\"target\":{\"@type\":\"EntryPoint\",\"urlTemplate\":\"https:\/\/www.zerdab.com\/?s={search_term_string}\"},\"query-input\":{\"@type\":\"PropertyValueSpecification\",\"valueRequired\":true,\"valueName\":\"search_term_string\"}}],\"inLanguage\":\"az\"},{\"@type\":\"Person\",\"@id\":\"https:\/\/www.zerdab.com\/#\/schema\/person\/97079b7570c1e89ec0d9e138c3672136\",\"name\":\"admin\",\"image\":{\"@type\":\"ImageObject\",\"inLanguage\":\"az\",\"@id\":\"https:\/\/www.zerdab.com\/#\/schema\/person\/image\/\",\"url\":\"https:\/\/secure.gravatar.com\/avatar\/d9c52a9a27c32119cb6679a077fa3e2779e5f822c451cbf01098004361d466ec?s=96&d=mm&r=g\",\"contentUrl\":\"https:\/\/secure.gravatar.com\/avatar\/d9c52a9a27c32119cb6679a077fa3e2779e5f822c451cbf01098004361d466ec?s=96&d=mm&r=g\",\"caption\":\"admin\"},\"url\":\"https:\/\/www.zerdab.com\/?author=1\"}]}<\/script>\n<!-- \/ Yoast SEO plugin. -->","yoast_head_json":{"title":"Z\u0259rdabda g\u0259ncl\u0259r v\u0259 idman siyas\u0259ti: u\u011furlar, perspektivl\u0259r - Z\u0259rdab.com","robots":{"index":"index","follow":"follow","max-snippet":"max-snippet:-1","max-image-preview":"max-image-preview:large","max-video-preview":"max-video-preview:-1"},"canonical":"https:\/\/www.zerdab.com\/?p=221","og_locale":"az_AZ","og_type":"article","og_title":"Z\u0259rdabda g\u0259ncl\u0259r v\u0259 idman siyas\u0259ti: u\u011furlar, perspektivl\u0259r - Z\u0259rdab.com","og_description":"Z\u0259rdabda idman\u0131n m\u00fcxt\u0259lif n\u00f6vl\u0259ri inki\u015faf etdirilir. M\u00fcxt\u0259lif nailiyy\u0259tl\u0259r d\u0259 var. M\u0259s\u0259l\u0259n, q\u0131zlar aras\u0131nda \u015fahmat \u00fczr\u0259 respublika \u00e7empionat\u0131nda \u0130zz\u0259t R\u0259himli 2-ci yeri tutaraq Avropa \u00e7empionat\u0131nda i\u015ftirak etmi\u015f, 2009-cu ild\u0259 respublika \u00e7empionu olaraq Yunan\u0131standa ke\u00e7iril\u0259n m\u0259kt\u0259blil\u0259rin d\u00fcnya \u00e7empionat\u0131nda 5-ci yeri tutmu\u015fdur. \u015eahmat \u00fczr\u0259 ke\u00e7mi\u015f Az\u0259rbaycan \u00e7empionu F\u0259rid Zeynalov \u0130ran \u0130slam Respublikas\u0131nda ke\u00e7iril\u0259n beyn\u0259lxalq turnird\u0259 245 i\u015ftirak\u00e7\u0131 aras\u0131nda [&hellip;]","og_url":"https:\/\/www.zerdab.com\/?p=221","og_site_name":"Z\u0259rdab.com","article_published_time":"2012-01-19T07:57:27+00:00","article_modified_time":"2014-10-02T17:37:43+00:00","og_image":[{"url":"http:\/\/www.zerdab.com\/wp-content\/uploads\/2012\/01\/gencler31.jpg","type":"","width":"","height":""}],"author":"admin","twitter_card":"summary_large_image","twitter_misc":{"Written by":"admin","Est. reading time":"7 minutes"},"schema":{"@context":"https:\/\/schema.org","@graph":[{"@type":"Article","@id":"https:\/\/www.zerdab.com\/?p=221#article","isPartOf":{"@id":"https:\/\/www.zerdab.com\/?p=221"},"author":{"name":"admin","@id":"https:\/\/www.zerdab.com\/#\/schema\/person\/97079b7570c1e89ec0d9e138c3672136"},"headline":"Z\u0259rdabda g\u0259ncl\u0259r v\u0259 idman siyas\u0259ti: u\u011furlar, perspektivl\u0259r","datePublished":"2012-01-19T07:57:27+00:00","dateModified":"2014-10-02T17:37:43+00:00","mainEntityOfPage":{"@id":"https:\/\/www.zerdab.com\/?p=221"},"wordCount":1508,"commentCount":1,"image":{"@id":"https:\/\/www.zerdab.com\/?p=221#primaryimage"},"thumbnailUrl":"http:\/\/www.zerdab.com\/wp-content\/uploads\/2012\/01\/gencler31.jpg","articleSection":["C\u018fM\u0130YY\u018fT"],"inLanguage":"az","potentialAction":[{"@type":"CommentAction","name":"Comment","target":["https:\/\/www.zerdab.com\/?p=221#respond"]}]},{"@type":"WebPage","@id":"https:\/\/www.zerdab.com\/?p=221","url":"https:\/\/www.zerdab.com\/?p=221","name":"Z\u0259rdabda g\u0259ncl\u0259r v\u0259 idman siyas\u0259ti: u\u011furlar, perspektivl\u0259r - Z\u0259rdab.com","isPartOf":{"@id":"https:\/\/www.zerdab.com\/#website"},"primaryImageOfPage":{"@id":"https:\/\/www.zerdab.com\/?p=221#primaryimage"},"image":{"@id":"https:\/\/www.zerdab.com\/?p=221#primaryimage"},"thumbnailUrl":"http:\/\/www.zerdab.com\/wp-content\/uploads\/2012\/01\/gencler31.jpg","datePublished":"2012-01-19T07:57:27+00:00","dateModified":"2014-10-02T17:37:43+00:00","author":{"@id":"https:\/\/www.zerdab.com\/#\/schema\/person\/97079b7570c1e89ec0d9e138c3672136"},"breadcrumb":{"@id":"https:\/\/www.zerdab.com\/?p=221#breadcrumb"},"inLanguage":"az","potentialAction":[{"@type":"ReadAction","target":["https:\/\/www.zerdab.com\/?p=221"]}]},{"@type":"ImageObject","inLanguage":"az","@id":"https:\/\/www.zerdab.com\/?p=221#primaryimage","url":"http:\/\/www.zerdab.com\/wp-content\/uploads\/2012\/01\/gencler31.jpg","contentUrl":"http:\/\/www.zerdab.com\/wp-content\/uploads\/2012\/01\/gencler31.jpg"},{"@type":"BreadcrumbList","@id":"https:\/\/www.zerdab.com\/?p=221#breadcrumb","itemListElement":[{"@type":"ListItem","position":1,"name":"Home","item":"https:\/\/www.zerdab.com\/"},{"@type":"ListItem","position":2,"name":"Z\u0259rdabda g\u0259ncl\u0259r v\u0259 idman siyas\u0259ti: u\u011furlar, perspektivl\u0259r"}]},{"@type":"WebSite","@id":"https:\/\/www.zerdab.com\/#website","url":"https:\/\/www.zerdab.com\/","name":"Z\u0259rdab.com","description":"","potentialAction":[{"@type":"SearchAction","target":{"@type":"EntryPoint","urlTemplate":"https:\/\/www.zerdab.com\/?s={search_term_string}"},"query-input":{"@type":"PropertyValueSpecification","valueRequired":true,"valueName":"search_term_string"}}],"inLanguage":"az"},{"@type":"Person","@id":"https:\/\/www.zerdab.com\/#\/schema\/person\/97079b7570c1e89ec0d9e138c3672136","name":"admin","image":{"@type":"ImageObject","inLanguage":"az","@id":"https:\/\/www.zerdab.com\/#\/schema\/person\/image\/","url":"https:\/\/secure.gravatar.com\/avatar\/d9c52a9a27c32119cb6679a077fa3e2779e5f822c451cbf01098004361d466ec?s=96&d=mm&r=g","contentUrl":"https:\/\/secure.gravatar.com\/avatar\/d9c52a9a27c32119cb6679a077fa3e2779e5f822c451cbf01098004361d466ec?s=96&d=mm&r=g","caption":"admin"},"url":"https:\/\/www.zerdab.com\/?author=1"}]}},"_links":{"self":[{"href":"https:\/\/www.zerdab.com\/index.php?rest_route=\/wp\/v2\/posts\/221","targetHints":{"allow":["GET"]}}],"collection":[{"href":"https:\/\/www.zerdab.com\/index.php?rest_route=\/wp\/v2\/posts"}],"about":[{"href":"https:\/\/www.zerdab.com\/index.php?rest_route=\/wp\/v2\/types\/post"}],"author":[{"embeddable":true,"href":"https:\/\/www.zerdab.com\/index.php?rest_route=\/wp\/v2\/users\/1"}],"replies":[{"embeddable":true,"href":"https:\/\/www.zerdab.com\/index.php?rest_route=%2Fwp%2Fv2%2Fcomments&post=221"}],"version-history":[{"count":3,"href":"https:\/\/www.zerdab.com\/index.php?rest_route=\/wp\/v2\/posts\/221\/revisions"}],"predecessor-version":[{"id":229,"href":"https:\/\/www.zerdab.com\/index.php?rest_route=\/wp\/v2\/posts\/221\/revisions\/229"}],"wp:attachment":[{"href":"https:\/\/www.zerdab.com\/index.php?rest_route=%2Fwp%2Fv2%2Fmedia&parent=221"}],"wp:term":[{"taxonomy":"category","embeddable":true,"href":"https:\/\/www.zerdab.com\/index.php?rest_route=%2Fwp%2Fv2%2Fcategories&post=221"},{"taxonomy":"post_tag","embeddable":true,"href":"https:\/\/www.zerdab.com\/index.php?rest_route=%2Fwp%2Fv2%2Ftags&post=221"}],"curies":[{"name":"wp","href":"https:\/\/api.w.org\/{rel}","templated":true}]}}