{"id":22174,"date":"2016-01-19T22:54:24","date_gmt":"2016-01-19T18:54:24","guid":{"rendered":"http:\/\/www.zerdab.com\/?p=22174"},"modified":"2016-01-19T22:54:24","modified_gmt":"2016-01-19T18:54:24","slug":"z%c9%99rdab-rayon-heyd%c9%99r-%c9%99liyev-m%c9%99rk%c9%99zind%c9%99-anim-t%c9%99dbiri-kecirildi","status":"publish","type":"post","link":"https:\/\/www.zerdab.com\/?p=22174","title":{"rendered":"Z\u0259rdab Rayon Heyd\u0259r \u018fliyev M\u0259rk\u0259zind\u0259 an\u0131m t\u0259dbiri ke\u00e7irildi"},"content":{"rendered":"<p><a href=\"http:\/\/www.zerdab.com\/z%c9%99rdab-rayon-heyd%c9%99r-%c9%99liyev-m%c9%99rk%c9%99zind%c9%99-anim-t%c9%99dbiri-kecirildi\/z%c9%99rdab5-13\/\" rel=\"attachment wp-att-22180\"><img loading=\"lazy\" decoding=\"async\" class=\"aligncenter size-large wp-image-22180\" src=\"http:\/\/www.zerdab.com\/wp-content\/uploads\/2016\/01\/Z\u0259rdab5-550x413.jpg\" alt=\"Z\u0259rdab\" width=\"550\" height=\"413\" \/><\/a>Z\u0259rdab Rayon Heyd\u0259r \u018fliyev M\u0259rk\u0259zind\u0259 &#8220;20 Yanvar faci\u0259si&#8221;nin 26-ci il d\u00f6n\u00fcm\u00fcn\u0259 h\u0259sr olunumu\u015f &#8220;20 Yanvar &#8211; \u00f6z azadl\u0131\u011f\u0131 u\u011frunda can\u0131ndan ke\u00e7m\u0259y\u0259 haz\u0131r olan xalq\u0131n s\u0131naq gec\u0259si&#8221; m\u00f6vzusunda &#8220;d\u0259yirmi masa&#8221; ke\u00e7irilib. T\u0259\u015fkil olunmu\u015f d\u0259yirmi masada t\u0259dbit i\u015ftirak\u00e7\u0131lar\u0131 20 Yanvar faci\u0259sinin 26-c\u0131 ild\u00f6n\u00fcm\u00fcn\u0259 h\u0259sr olunmu\u015f &#8220;20 yanvar q\u0259hr\u0259manl\u0131q tariximizin s\u0259hif\u0259si&#8221; ba\u015fl\u0131ql\u0131 s\u0259rgiyl\u0259 tan\u0131\u015f olublar. T\u0259dbir i\u015ftirak\u00e7\u0131lar\u0131 xalq\u0131m\u0131z\u0131n azadl\u0131\u011f\u0131 v\u0259 torpaqlar\u0131m\u0131z\u0131n m\u00fcdafi\u0259si u\u011frunda canlar\u0131ndan ke\u00e7mi\u015f \u015f\u0259hidl\u0259rin xatir\u0259sini bir d\u0259qiq\u0259lik s\u00fck\u00fctla yad etdikd\u0259n sonra, a\u00e7\u0131q elan edil\u0259n m\u0259rasimd\u0259 20 Yanvar faci\u0259sin\u0259 h\u0259sr olunmu\u015f video \u00e7arx n\u00fcmayi\u015f etdirilib. Sonra M\u0259rk\u0259zin direktoru K\u00f6n\u00fcl R\u0259himova &#8220;20 Yanvar hadis\u0259l\u0259rin\u0259 ilk d\u0259f\u0259 siyasi-huquqi qiym\u0259ti Heyd\u0259r \u018fliyev verdi&#8221; m\u00f6vzusunda \u00e7\u0131x\u0131\u015f edib.<\/p>\n<p>M\u0259rk\u0259zin \u0259m\u0259kda\u015f\u0131 X\u0259yal\u0259 Soltanova vur\u011fulay\u0131b ki, bu g\u00fcn 20 Yanvar hadis\u0259l\u0259rinin milli mat\u0259m, h\u00fczn g\u00fcn\u00fc kimi qeyd edirik, ancaq o m\u00fcdhi\u015f gec\u0259ni h\u0259m d\u0259 iftixar hissi il\u0259 xat\u0131rlay\u0131r\u0131q.. v\u0259 xat\u0131rlamal\u0131y\u0131q. Rayon 4 sayl\u0131 \u00fcmumi orta m\u0259kt\u0259bin m\u00fc\u0259llim\u0259l\u0259ri \u00e7\u0131x\u0131\u015flar\u0131nda Az\u0259rbaycan\u0131n milli-azadl\u0131q h\u0259r\u0259kat\u0131nda x\u00fcsusi yeri v\u0259 rolu olan, Az\u0259rbaycan tarixind\u0259 qan yadda\u015f\u0131 kimi yaz\u0131lm\u0131\u015f 20 Yanvar hadis\u0259l\u0259ri, eyni zamanda xalq\u0131m\u0131z\u0131n tarixind\u0259 bir q\u0259hr\u0259manl\u0131q s\u0259hif\u0259si olduqunu qeyd etdil\u0259r. G\u0259ncl\u0259rimizd\u0259, \u015fagirdl\u0259rimizd\u0259 v\u0259t\u0259np\u0259rv\u0259rlik ruhunun a\u015f\u0131lanmas\u0131, onlara 20 Yanvar h\u0259qiq\u0259tl\u0259rinin daha d\u0259rind\u0259n \u00e7atd\u0131r\u0131lmas\u0131 m\u0259qs\u0259di il\u0259 c\u0131x\u0131\u015f ed\u0259n rayon G\u0259ncl\u0259r v\u0259 \u0130dman \u0130d\u0259r\u0259sinin apar\u0131c\u0131 m\u0259sl\u0259h\u0259t\u00e7isi \u018fl\u0259kb\u0259r K\u0259rimov Az\u0259rbaycan g\u0259nci bu tarixi milli m\u0259fkur\u0259mizin oyan\u0131\u015f g\u00fcn\u00fc kimi daima xat\u0131rlamal\u0131, bu faci\u0259d\u0259 \u015f\u0259hid olan o\u011ful v\u0259 q\u0131zlar\u0131m\u0131z\u0131 q\u00fcrur v\u0259 iftixarla anmalar\u0131n\u0131 x\u00fcsusi olaraq qeyd etdi. Sonda rayon 4 sayl\u0131 \u00fcmumi orta m\u0259kt\u0259bin \u015fagirdl\u0259rinin ifalar\u0131nda 20 Yanvar \u015f\u0259hidl\u0259rinin \u015f\u0259r\u0259fin\u0259 h\u0259rbi v\u0259t\u0259np\u0259rv\u0259rlik m\u00f6vzusunda \u015ferl\u0259r s\u0259sl\u0259ndirildi, \u0259d\u0259bi-b\u0259dii kompazisiya n\u00fcmayi\u015f olundu.<\/p>\n<p>Zerdab.com<a href=\"http:\/\/www.zerdab.com\/z%c9%99rdab-rayon-heyd%c9%99r-%c9%99liyev-m%c9%99rk%c9%99zind%c9%99-anim-t%c9%99dbiri-kecirildi\/z%c9%99rdab-83\/\" rel=\"attachment wp-att-22175\"><br \/>\n<\/a> <a href=\"http:\/\/www.zerdab.com\/z%c9%99rdab-rayon-heyd%c9%99r-%c9%99liyev-m%c9%99rk%c9%99zind%c9%99-anim-t%c9%99dbiri-kecirildi\/z%c9%99rdab1-38\/\" rel=\"attachment wp-att-22176\"><img loading=\"lazy\" decoding=\"async\" class=\"aligncenter size-large wp-image-22176\" src=\"http:\/\/www.zerdab.com\/wp-content\/uploads\/2016\/01\/Z\u0259rdab1-550x413.jpg\" alt=\"Z\u0259rdab\" width=\"550\" height=\"413\" \/><\/a> <a href=\"http:\/\/www.zerdab.com\/z%c9%99rdab-rayon-heyd%c9%99r-%c9%99liyev-m%c9%99rk%c9%99zind%c9%99-anim-t%c9%99dbiri-kecirildi\/z%c9%99rdab2-30\/\" rel=\"attachment wp-att-22177\"><img loading=\"lazy\" decoding=\"async\" class=\"aligncenter size-large wp-image-22177\" src=\"http:\/\/www.zerdab.com\/wp-content\/uploads\/2016\/01\/Z\u0259rdab2-550x413.jpg\" alt=\"Z\u0259rdab\" width=\"550\" height=\"413\" \/><\/a> <a href=\"http:\/\/www.zerdab.com\/z%c9%99rdab-rayon-heyd%c9%99r-%c9%99liyev-m%c9%99rk%c9%99zind%c9%99-anim-t%c9%99dbiri-kecirildi\/z%c9%99rdab3-25\/\" rel=\"attachment wp-att-22178\"><img loading=\"lazy\" decoding=\"async\" class=\"aligncenter size-large wp-image-22178\" src=\"http:\/\/www.zerdab.com\/wp-content\/uploads\/2016\/01\/Z\u0259rdab3-550x413.jpg\" alt=\"Z\u0259rdab\" width=\"550\" height=\"413\" \/><\/a> <a href=\"http:\/\/www.zerdab.com\/z%c9%99rdab-rayon-heyd%c9%99r-%c9%99liyev-m%c9%99rk%c9%99zind%c9%99-anim-t%c9%99dbiri-kecirildi\/z%c9%99rdab4-23\/\" rel=\"attachment wp-att-22179\"><img loading=\"lazy\" decoding=\"async\" class=\"aligncenter size-large wp-image-22179\" src=\"http:\/\/www.zerdab.com\/wp-content\/uploads\/2016\/01\/Z\u0259rdab4-550x413.jpg\" alt=\"Z\u0259rdab\" width=\"550\" height=\"413\" \/><\/a> <a href=\"http:\/\/www.zerdab.com\/z%c9%99rdab-rayon-heyd%c9%99r-%c9%99liyev-m%c9%99rk%c9%99zind%c9%99-anim-t%c9%99dbiri-kecirildi\/z%c9%99rdab5-13\/\" rel=\"attachment wp-att-22180\"><img loading=\"lazy\" decoding=\"async\" class=\"aligncenter size-large wp-image-22180\" src=\"http:\/\/www.zerdab.com\/wp-content\/uploads\/2016\/01\/Z\u0259rdab5-550x413.jpg\" alt=\"Z\u0259rdab\" width=\"550\" height=\"413\" \/><\/a> <a href=\"http:\/\/www.zerdab.com\/z%c9%99rdab-rayon-heyd%c9%99r-%c9%99liyev-m%c9%99rk%c9%99zind%c9%99-anim-t%c9%99dbiri-kecirildi\/z%c9%99rdab6-12\/\" rel=\"attachment wp-att-22181\"><img loading=\"lazy\" decoding=\"async\" class=\"aligncenter size-large wp-image-22181\" src=\"http:\/\/www.zerdab.com\/wp-content\/uploads\/2016\/01\/Z\u0259rdab6-550x413.jpg\" alt=\"Z\u0259rdab\" width=\"550\" height=\"413\" \/><\/a> <a href=\"http:\/\/www.zerdab.com\/z%c9%99rdab-rayon-heyd%c9%99r-%c9%99liyev-m%c9%99rk%c9%99zind%c9%99-anim-t%c9%99dbiri-kecirildi\/z%c9%99rdab7-11\/\" rel=\"attachment wp-att-22182\"><img loading=\"lazy\" decoding=\"async\" class=\"aligncenter size-large wp-image-22182\" src=\"http:\/\/www.zerdab.com\/wp-content\/uploads\/2016\/01\/Z\u0259rdab7-550x413.jpg\" alt=\"Z\u0259rdab\" width=\"550\" height=\"413\" \/><\/a><a href=\"http:\/\/www.zerdab.com\/z%c9%99rdab-rayon-heyd%c9%99r-%c9%99liyev-m%c9%99rk%c9%99zind%c9%99-anim-t%c9%99dbiri-kecirildi\/z%c9%99rdab-83\/\" rel=\"attachment wp-att-22175\"><img loading=\"lazy\" decoding=\"async\" class=\"aligncenter size-large wp-image-22175\" src=\"http:\/\/www.zerdab.com\/wp-content\/uploads\/2016\/01\/Z\u0259rdab-2-550x413.jpg\" alt=\"Z\u0259rdab\" width=\"550\" height=\"413\" \/><\/a><\/p>\n","protected":false},"excerpt":{"rendered":"<p>Z\u0259rdab Rayon Heyd\u0259r \u018fliyev M\u0259rk\u0259zind\u0259 &#8220;20 Yanvar faci\u0259si&#8221;nin 26-ci il d\u00f6n\u00fcm\u00fcn\u0259 h\u0259sr olunumu\u015f &#8220;20 Yanvar &#8211; \u00f6z azadl\u0131\u011f\u0131 u\u011frunda can\u0131ndan ke\u00e7m\u0259y\u0259 haz\u0131r olan xalq\u0131n s\u0131naq gec\u0259si&#8221; m\u00f6vzusunda &#8220;d\u0259yirmi masa&#8221; ke\u00e7irilib. T\u0259\u015fkil olunmu\u015f d\u0259yirmi masada t\u0259dbit i\u015ftirak\u00e7\u0131lar\u0131 20 Yanvar faci\u0259sinin 26-c\u0131 ild\u00f6n\u00fcm\u00fcn\u0259 h\u0259sr olunmu\u015f &#8220;20 yanvar q\u0259hr\u0259manl\u0131q tariximizin s\u0259hif\u0259si&#8221; ba\u015fl\u0131ql\u0131 s\u0259rgiyl\u0259 tan\u0131\u015f olublar. T\u0259dbir i\u015ftirak\u00e7\u0131lar\u0131 xalq\u0131m\u0131z\u0131n [&hellip;]<\/p>\n","protected":false},"author":1,"featured_media":0,"comment_status":"open","ping_status":"open","sticky":false,"template":"","format":"gallery","meta":{"footnotes":""},"categories":[5],"tags":[],"class_list":{"0":"post-22174","1":"post","2":"type-post","3":"status-publish","4":"format-gallery","6":"category-knd","7":"post_format-post-format-gallery"},"yoast_head":"<!-- This site is optimized with the Yoast SEO plugin v27.0 - https:\/\/yoast.com\/product\/yoast-seo-wordpress\/ -->\n<title>Z\u0259rdab Rayon Heyd\u0259r \u018fliyev M\u0259rk\u0259zind\u0259 an\u0131m t\u0259dbiri ke\u00e7irildi - Z\u0259rdab.com<\/title>\n<meta name=\"robots\" content=\"index, follow, max-snippet:-1, max-image-preview:large, max-video-preview:-1\" \/>\n<link rel=\"canonical\" href=\"https:\/\/www.zerdab.com\/?p=22174\" \/>\n<meta property=\"og:locale\" content=\"az_AZ\" \/>\n<meta property=\"og:type\" content=\"article\" \/>\n<meta property=\"og:title\" content=\"Z\u0259rdab Rayon Heyd\u0259r \u018fliyev M\u0259rk\u0259zind\u0259 an\u0131m t\u0259dbiri ke\u00e7irildi - Z\u0259rdab.com\" \/>\n<meta property=\"og:description\" content=\"Z\u0259rdab Rayon Heyd\u0259r \u018fliyev M\u0259rk\u0259zind\u0259 &#8220;20 Yanvar faci\u0259si&#8221;nin 26-ci il d\u00f6n\u00fcm\u00fcn\u0259 h\u0259sr olunumu\u015f &#8220;20 Yanvar &#8211; \u00f6z azadl\u0131\u011f\u0131 u\u011frunda can\u0131ndan ke\u00e7m\u0259y\u0259 haz\u0131r olan xalq\u0131n s\u0131naq gec\u0259si&#8221; m\u00f6vzusunda &#8220;d\u0259yirmi masa&#8221; ke\u00e7irilib. T\u0259\u015fkil olunmu\u015f d\u0259yirmi masada t\u0259dbit i\u015ftirak\u00e7\u0131lar\u0131 20 Yanvar faci\u0259sinin 26-c\u0131 ild\u00f6n\u00fcm\u00fcn\u0259 h\u0259sr olunmu\u015f &#8220;20 yanvar q\u0259hr\u0259manl\u0131q tariximizin s\u0259hif\u0259si&#8221; ba\u015fl\u0131ql\u0131 s\u0259rgiyl\u0259 tan\u0131\u015f olublar. T\u0259dbir i\u015ftirak\u00e7\u0131lar\u0131 xalq\u0131m\u0131z\u0131n [&hellip;]\" \/>\n<meta property=\"og:url\" content=\"https:\/\/www.zerdab.com\/?p=22174\" \/>\n<meta property=\"og:site_name\" content=\"Z\u0259rdab.com\" \/>\n<meta property=\"article:published_time\" content=\"2016-01-19T18:54:24+00:00\" \/>\n<meta name=\"author\" content=\"admin\" \/>\n<meta name=\"twitter:card\" content=\"summary_large_image\" \/>\n<meta name=\"twitter:label1\" content=\"Written by\" \/>\n\t<meta name=\"twitter:data1\" content=\"admin\" \/>\n\t<meta name=\"twitter:label2\" content=\"Est. reading time\" \/>\n\t<meta name=\"twitter:data2\" content=\"2 minutes\" \/>\n<script type=\"application\/ld+json\" class=\"yoast-schema-graph\">{\"@context\":\"https:\/\/schema.org\",\"@graph\":[{\"@type\":\"Article\",\"@id\":\"https:\/\/www.zerdab.com\/?p=22174#article\",\"isPartOf\":{\"@id\":\"https:\/\/www.zerdab.com\/?p=22174\"},\"author\":{\"name\":\"admin\",\"@id\":\"https:\/\/www.zerdab.com\/#\/schema\/person\/97079b7570c1e89ec0d9e138c3672136\"},\"headline\":\"Z\u0259rdab Rayon Heyd\u0259r \u018fliyev M\u0259rk\u0259zind\u0259 an\u0131m t\u0259dbiri ke\u00e7irildi\",\"datePublished\":\"2016-01-19T18:54:24+00:00\",\"mainEntityOfPage\":{\"@id\":\"https:\/\/www.zerdab.com\/?p=22174\"},\"wordCount\":432,\"commentCount\":0,\"articleSection\":[\"X\u018fB\u018fRL\u018fR\"],\"inLanguage\":\"az\",\"potentialAction\":[{\"@type\":\"CommentAction\",\"name\":\"Comment\",\"target\":[\"https:\/\/www.zerdab.com\/?p=22174#respond\"]}]},{\"@type\":\"WebPage\",\"@id\":\"https:\/\/www.zerdab.com\/?p=22174\",\"url\":\"https:\/\/www.zerdab.com\/?p=22174\",\"name\":\"Z\u0259rdab Rayon Heyd\u0259r \u018fliyev M\u0259rk\u0259zind\u0259 an\u0131m t\u0259dbiri ke\u00e7irildi - Z\u0259rdab.com\",\"isPartOf\":{\"@id\":\"https:\/\/www.zerdab.com\/#website\"},\"datePublished\":\"2016-01-19T18:54:24+00:00\",\"author\":{\"@id\":\"https:\/\/www.zerdab.com\/#\/schema\/person\/97079b7570c1e89ec0d9e138c3672136\"},\"breadcrumb\":{\"@id\":\"https:\/\/www.zerdab.com\/?p=22174#breadcrumb\"},\"inLanguage\":\"az\",\"potentialAction\":[{\"@type\":\"ReadAction\",\"target\":[\"https:\/\/www.zerdab.com\/?p=22174\"]}]},{\"@type\":\"BreadcrumbList\",\"@id\":\"https:\/\/www.zerdab.com\/?p=22174#breadcrumb\",\"itemListElement\":[{\"@type\":\"ListItem\",\"position\":1,\"name\":\"Home\",\"item\":\"https:\/\/www.zerdab.com\/\"},{\"@type\":\"ListItem\",\"position\":2,\"name\":\"Z\u0259rdab Rayon Heyd\u0259r \u018fliyev M\u0259rk\u0259zind\u0259 an\u0131m t\u0259dbiri ke\u00e7irildi\"}]},{\"@type\":\"WebSite\",\"@id\":\"https:\/\/www.zerdab.com\/#website\",\"url\":\"https:\/\/www.zerdab.com\/\",\"name\":\"Z\u0259rdab.com\",\"description\":\"\",\"potentialAction\":[{\"@type\":\"SearchAction\",\"target\":{\"@type\":\"EntryPoint\",\"urlTemplate\":\"https:\/\/www.zerdab.com\/?s={search_term_string}\"},\"query-input\":{\"@type\":\"PropertyValueSpecification\",\"valueRequired\":true,\"valueName\":\"search_term_string\"}}],\"inLanguage\":\"az\"},{\"@type\":\"Person\",\"@id\":\"https:\/\/www.zerdab.com\/#\/schema\/person\/97079b7570c1e89ec0d9e138c3672136\",\"name\":\"admin\",\"image\":{\"@type\":\"ImageObject\",\"inLanguage\":\"az\",\"@id\":\"https:\/\/www.zerdab.com\/#\/schema\/person\/image\/\",\"url\":\"https:\/\/secure.gravatar.com\/avatar\/d9c52a9a27c32119cb6679a077fa3e2779e5f822c451cbf01098004361d466ec?s=96&d=mm&r=g\",\"contentUrl\":\"https:\/\/secure.gravatar.com\/avatar\/d9c52a9a27c32119cb6679a077fa3e2779e5f822c451cbf01098004361d466ec?s=96&d=mm&r=g\",\"caption\":\"admin\"},\"url\":\"https:\/\/www.zerdab.com\/?author=1\"}]}<\/script>\n<!-- \/ Yoast SEO plugin. -->","yoast_head_json":{"title":"Z\u0259rdab Rayon Heyd\u0259r \u018fliyev M\u0259rk\u0259zind\u0259 an\u0131m t\u0259dbiri ke\u00e7irildi - Z\u0259rdab.com","robots":{"index":"index","follow":"follow","max-snippet":"max-snippet:-1","max-image-preview":"max-image-preview:large","max-video-preview":"max-video-preview:-1"},"canonical":"https:\/\/www.zerdab.com\/?p=22174","og_locale":"az_AZ","og_type":"article","og_title":"Z\u0259rdab Rayon Heyd\u0259r \u018fliyev M\u0259rk\u0259zind\u0259 an\u0131m t\u0259dbiri ke\u00e7irildi - Z\u0259rdab.com","og_description":"Z\u0259rdab Rayon Heyd\u0259r \u018fliyev M\u0259rk\u0259zind\u0259 &#8220;20 Yanvar faci\u0259si&#8221;nin 26-ci il d\u00f6n\u00fcm\u00fcn\u0259 h\u0259sr olunumu\u015f &#8220;20 Yanvar &#8211; \u00f6z azadl\u0131\u011f\u0131 u\u011frunda can\u0131ndan ke\u00e7m\u0259y\u0259 haz\u0131r olan xalq\u0131n s\u0131naq gec\u0259si&#8221; m\u00f6vzusunda &#8220;d\u0259yirmi masa&#8221; ke\u00e7irilib. T\u0259\u015fkil olunmu\u015f d\u0259yirmi masada t\u0259dbit i\u015ftirak\u00e7\u0131lar\u0131 20 Yanvar faci\u0259sinin 26-c\u0131 ild\u00f6n\u00fcm\u00fcn\u0259 h\u0259sr olunmu\u015f &#8220;20 yanvar q\u0259hr\u0259manl\u0131q tariximizin s\u0259hif\u0259si&#8221; ba\u015fl\u0131ql\u0131 s\u0259rgiyl\u0259 tan\u0131\u015f olublar. T\u0259dbir i\u015ftirak\u00e7\u0131lar\u0131 xalq\u0131m\u0131z\u0131n [&hellip;]","og_url":"https:\/\/www.zerdab.com\/?p=22174","og_site_name":"Z\u0259rdab.com","article_published_time":"2016-01-19T18:54:24+00:00","author":"admin","twitter_card":"summary_large_image","twitter_misc":{"Written by":"admin","Est. reading time":"2 minutes"},"schema":{"@context":"https:\/\/schema.org","@graph":[{"@type":"Article","@id":"https:\/\/www.zerdab.com\/?p=22174#article","isPartOf":{"@id":"https:\/\/www.zerdab.com\/?p=22174"},"author":{"name":"admin","@id":"https:\/\/www.zerdab.com\/#\/schema\/person\/97079b7570c1e89ec0d9e138c3672136"},"headline":"Z\u0259rdab Rayon Heyd\u0259r \u018fliyev M\u0259rk\u0259zind\u0259 an\u0131m t\u0259dbiri ke\u00e7irildi","datePublished":"2016-01-19T18:54:24+00:00","mainEntityOfPage":{"@id":"https:\/\/www.zerdab.com\/?p=22174"},"wordCount":432,"commentCount":0,"articleSection":["X\u018fB\u018fRL\u018fR"],"inLanguage":"az","potentialAction":[{"@type":"CommentAction","name":"Comment","target":["https:\/\/www.zerdab.com\/?p=22174#respond"]}]},{"@type":"WebPage","@id":"https:\/\/www.zerdab.com\/?p=22174","url":"https:\/\/www.zerdab.com\/?p=22174","name":"Z\u0259rdab Rayon Heyd\u0259r \u018fliyev M\u0259rk\u0259zind\u0259 an\u0131m t\u0259dbiri ke\u00e7irildi - Z\u0259rdab.com","isPartOf":{"@id":"https:\/\/www.zerdab.com\/#website"},"datePublished":"2016-01-19T18:54:24+00:00","author":{"@id":"https:\/\/www.zerdab.com\/#\/schema\/person\/97079b7570c1e89ec0d9e138c3672136"},"breadcrumb":{"@id":"https:\/\/www.zerdab.com\/?p=22174#breadcrumb"},"inLanguage":"az","potentialAction":[{"@type":"ReadAction","target":["https:\/\/www.zerdab.com\/?p=22174"]}]},{"@type":"BreadcrumbList","@id":"https:\/\/www.zerdab.com\/?p=22174#breadcrumb","itemListElement":[{"@type":"ListItem","position":1,"name":"Home","item":"https:\/\/www.zerdab.com\/"},{"@type":"ListItem","position":2,"name":"Z\u0259rdab Rayon Heyd\u0259r \u018fliyev M\u0259rk\u0259zind\u0259 an\u0131m t\u0259dbiri ke\u00e7irildi"}]},{"@type":"WebSite","@id":"https:\/\/www.zerdab.com\/#website","url":"https:\/\/www.zerdab.com\/","name":"Z\u0259rdab.com","description":"","potentialAction":[{"@type":"SearchAction","target":{"@type":"EntryPoint","urlTemplate":"https:\/\/www.zerdab.com\/?s={search_term_string}"},"query-input":{"@type":"PropertyValueSpecification","valueRequired":true,"valueName":"search_term_string"}}],"inLanguage":"az"},{"@type":"Person","@id":"https:\/\/www.zerdab.com\/#\/schema\/person\/97079b7570c1e89ec0d9e138c3672136","name":"admin","image":{"@type":"ImageObject","inLanguage":"az","@id":"https:\/\/www.zerdab.com\/#\/schema\/person\/image\/","url":"https:\/\/secure.gravatar.com\/avatar\/d9c52a9a27c32119cb6679a077fa3e2779e5f822c451cbf01098004361d466ec?s=96&d=mm&r=g","contentUrl":"https:\/\/secure.gravatar.com\/avatar\/d9c52a9a27c32119cb6679a077fa3e2779e5f822c451cbf01098004361d466ec?s=96&d=mm&r=g","caption":"admin"},"url":"https:\/\/www.zerdab.com\/?author=1"}]}},"_links":{"self":[{"href":"https:\/\/www.zerdab.com\/index.php?rest_route=\/wp\/v2\/posts\/22174","targetHints":{"allow":["GET"]}}],"collection":[{"href":"https:\/\/www.zerdab.com\/index.php?rest_route=\/wp\/v2\/posts"}],"about":[{"href":"https:\/\/www.zerdab.com\/index.php?rest_route=\/wp\/v2\/types\/post"}],"author":[{"embeddable":true,"href":"https:\/\/www.zerdab.com\/index.php?rest_route=\/wp\/v2\/users\/1"}],"replies":[{"embeddable":true,"href":"https:\/\/www.zerdab.com\/index.php?rest_route=%2Fwp%2Fv2%2Fcomments&post=22174"}],"version-history":[{"count":2,"href":"https:\/\/www.zerdab.com\/index.php?rest_route=\/wp\/v2\/posts\/22174\/revisions"}],"predecessor-version":[{"id":22184,"href":"https:\/\/www.zerdab.com\/index.php?rest_route=\/wp\/v2\/posts\/22174\/revisions\/22184"}],"wp:attachment":[{"href":"https:\/\/www.zerdab.com\/index.php?rest_route=%2Fwp%2Fv2%2Fmedia&parent=22174"}],"wp:term":[{"taxonomy":"category","embeddable":true,"href":"https:\/\/www.zerdab.com\/index.php?rest_route=%2Fwp%2Fv2%2Fcategories&post=22174"},{"taxonomy":"post_tag","embeddable":true,"href":"https:\/\/www.zerdab.com\/index.php?rest_route=%2Fwp%2Fv2%2Ftags&post=22174"}],"curies":[{"name":"wp","href":"https:\/\/api.w.org\/{rel}","templated":true}]}}