{"id":22189,"date":"2016-01-20T14:01:47","date_gmt":"2016-01-20T10:01:47","guid":{"rendered":"http:\/\/www.zerdab.com\/?p=22189"},"modified":"2016-01-20T14:02:43","modified_gmt":"2016-01-20T10:02:43","slug":"z%c9%99rdabda-20-yanvar-faci%c9%99si-il%c9%99-bagli-umumrayon-anim-m%c9%99rasimi-kecirildi","status":"publish","type":"post","link":"https:\/\/www.zerdab.com\/?p=22189","title":{"rendered":"Z\u0259rdabda 20 Yanvar faci\u0259si il\u0259 ba\u011fl\u0131 \u00fcmumrayon an\u0131m m\u0259rasimi ke\u00e7irildi"},"content":{"rendered":"<p><a href=\"http:\/\/www.zerdab.com\/z%c9%99rdabda-20-yanvar-faci%c9%99si-il%c9%99-bagli-umumrayon-anim-m%c9%99rasimi-kecirildi\/z%c9%99rdab-84\/\" rel=\"attachment wp-att-22190\"><img loading=\"lazy\" decoding=\"async\" class=\"aligncenter size-large wp-image-22190\" src=\"http:\/\/www.zerdab.com\/wp-content\/uploads\/2016\/01\/Z\u0259rdab-3-550x365.jpg\" alt=\"Z\u0259rdab\" width=\"550\" height=\"365\" \/><\/a>Z\u0259rdab rayonunda 20 Yanvar faci\u0259sinin 26-ci ild\u00f6n\u00fcm\u00fc il\u0259 ba\u011fl\u0131 \u00fcmumrayon an\u0131m m\u0259rasimi ke\u00e7irilib. \u018fvv\u0259lc\u0259 \u015e\u0259hidl\u0259rin Xatir\u0259 park\u0131nda 20 Yanvar faci\u0259sinin 26-c\u0131 ild\u00f6n\u00fcm\u00fcn\u0259 h\u0259sr olunmu\u015f divar q\u0259zetl\u0259rin\u0259, r\u0259sm i\u015fl\u0259rin\u0259 v\u0259 kitab s\u0259rgisin\u0259 bax\u0131\u015f ke\u00e7irilib, daha sonra abid\u0259 \u00f6n\u00fcn\u0259 g\u00fcll\u0259r qoyulub. T\u0259dbird\u0259 \u00f6lk\u0259mizin m\u00fcst\u0259qilliyi u\u011frunda \u015f\u0259hid olmu\u015f v\u0259t\u0259n \u00f6vladlar\u0131n\u0131n ruhuna dualar verilib. Qeyd olunub ki, 20 Yanvar hadis\u0259l\u0259ri Az\u0259rbaycan\u0131n m\u00fcasir tarixin\u0259 \u0259n faci\u0259li g\u00fcnl\u0259rd\u0259n biri, eyni zamanda xalq\u0131m\u0131z\u0131n q\u0259hr\u0259manl\u0131q s\u0259hif\u0259si kimi daxil olmu\u015f, xalq\u0131n milli m\u00fcst\u0259qillik, azadl\u0131q u\u011frunda m\u00fcbariz\u0259sinin v\u0259 yenilm\u0259z irad\u0259sinin r\u0259mzin\u0259 \u00e7evrilib.<\/p>\n<p>Bildirilib ki, Az\u0259rbaycan\u0131n \u0259razi b\u00fct\u00f6vl\u00fcy\u00fc u\u011frunda d\u00f6y\u00fc\u015fl\u0259rd\u0259 Z\u0259rdab rayonu 130-a q\u0259d\u0259r \u015f\u0259hid verib, 90 n\u0259f\u0259rd\u0259n \u00e7ox g\u0259nc o\u011flanlar\u0131m\u0131z \u0259lil olublar. Rayonumuzda da \u015f\u0259hidl\u0259rin xatir\u0259sinin \u0259b\u0259dil\u0259\u015fdirilm\u0259si istiqam\u0259tind\u0259 m\u00fcxt\u0259lif t\u0259dbirl\u0259r g\u00f6r\u00fcl\u00fcb, 35 n\u0259f\u0259r\u0259 q\u0259d\u0259r \u015f\u0259hidimizin ad\u0131 m\u0259kt\u0259b v\u0259 k\u00fc\u00e7\u0259l\u0259r\u0259 verilib, \u015f\u0259h\u0259r m\u0259rk\u0259zind\u0259 \u015e\u0259hidl\u0259rin Xatir\u0259 park\u0131 yarad\u0131l\u0131b, b\u00fct\u00fcn t\u0259hsil m\u00fc\u0259ssis\u0259l\u0259rind\u0259 \u015f\u0259hidl\u0259r\u0259 xatir\u0259 abid\u0259si ucald\u0131l\u0131b.<\/p>\n<p>Saat 12:00-da rayon \u0259razisind\u0259 20 Yanvar \u015f\u0259hidl\u0259rinin xatir\u0259si bir d\u0259qiq\u0259lik s\u00fckutla yad edilib, avtomobill\u0259r v\u0259 g\u0259mi vasit\u0259sil\u0259 s\u0259s siqnallar\u0131 verilib. Rayonun idar\u0259, m\u00fc\u0259ssis\u0259 v\u0259 t\u0259\u015fkilatlar\u0131n\u0131n b\u00fct\u00fcn \u0259m\u0259k kollektivl\u0259ri \u015e\u0259hidl\u0259rin Xatir\u0259 park\u0131nda ucald\u0131lm\u0131\u015f abid\u0259nin \u00f6n\u00fcn\u0259 t\u0259r g\u00fcll\u0259r qoyublar. G\u00fcn \u0259rzind\u0259 rayon \u0259razisind\u0259ki m\u0259scidl\u0259rd\u0259 ehsan s\u00fcfr\u0259l\u0259ri a\u00e7\u0131l\u0131b, \u015f\u0259hidl\u0259rin ruhuna dualar oxunub.<\/p>\n<p><a href=\"http:\/\/www.zerdab.com\/z%c9%99rdabda-20-yanvar-faci%c9%99si-il%c9%99-bagli-umumrayon-anim-m%c9%99rasimi-kecirildi\/z%c9%99rdab1-39\/\" rel=\"attachment wp-att-22191\"><img loading=\"lazy\" decoding=\"async\" class=\"aligncenter size-large wp-image-22191\" src=\"http:\/\/www.zerdab.com\/wp-content\/uploads\/2016\/01\/Z\u0259rdab1-1-550x365.jpg\" alt=\"Z\u0259rdab\" width=\"550\" height=\"365\" \/><\/a> <a href=\"http:\/\/www.zerdab.com\/z%c9%99rdabda-20-yanvar-faci%c9%99si-il%c9%99-bagli-umumrayon-anim-m%c9%99rasimi-kecirildi\/z%c9%99rdab2-31\/\" rel=\"attachment wp-att-22192\"><img loading=\"lazy\" decoding=\"async\" class=\"aligncenter size-large wp-image-22192\" src=\"http:\/\/www.zerdab.com\/wp-content\/uploads\/2016\/01\/Z\u0259rdab2-1-550x365.jpg\" alt=\"Z\u0259rdab\" width=\"550\" height=\"365\" \/><\/a><\/p>\n<p>&nbsp;<\/p>\n","protected":false},"excerpt":{"rendered":"<p>Z\u0259rdab rayonunda 20 Yanvar faci\u0259sinin 26-ci ild\u00f6n\u00fcm\u00fc il\u0259 ba\u011fl\u0131 \u00fcmumrayon an\u0131m m\u0259rasimi ke\u00e7irilib. \u018fvv\u0259lc\u0259 \u015e\u0259hidl\u0259rin Xatir\u0259 park\u0131nda 20 Yanvar faci\u0259sinin 26-c\u0131 ild\u00f6n\u00fcm\u00fcn\u0259 h\u0259sr olunmu\u015f divar q\u0259zetl\u0259rin\u0259, r\u0259sm i\u015fl\u0259rin\u0259 v\u0259 kitab s\u0259rgisin\u0259 bax\u0131\u015f ke\u00e7irilib, daha sonra abid\u0259 \u00f6n\u00fcn\u0259 g\u00fcll\u0259r qoyulub. T\u0259dbird\u0259 \u00f6lk\u0259mizin m\u00fcst\u0259qilliyi u\u011frunda \u015f\u0259hid olmu\u015f v\u0259t\u0259n \u00f6vladlar\u0131n\u0131n ruhuna dualar verilib. Qeyd olunub ki, 20 Yanvar [&hellip;]<\/p>\n","protected":false},"author":1,"featured_media":0,"comment_status":"open","ping_status":"open","sticky":false,"template":"","format":"gallery","meta":{"footnotes":""},"categories":[21],"tags":[],"class_list":{"0":"post-22189","1":"post","2":"type-post","3":"status-publish","4":"format-gallery","6":"category-zrdab","7":"post_format-post-format-gallery"},"yoast_head":"<!-- This site is optimized with the Yoast SEO plugin v27.0 - https:\/\/yoast.com\/product\/yoast-seo-wordpress\/ -->\n<title>Z\u0259rdabda 20 Yanvar faci\u0259si il\u0259 ba\u011fl\u0131 \u00fcmumrayon an\u0131m m\u0259rasimi ke\u00e7irildi - Z\u0259rdab.com<\/title>\n<meta name=\"robots\" content=\"index, follow, max-snippet:-1, max-image-preview:large, max-video-preview:-1\" \/>\n<link rel=\"canonical\" href=\"https:\/\/www.zerdab.com\/?p=22189\" \/>\n<meta property=\"og:locale\" content=\"az_AZ\" \/>\n<meta property=\"og:type\" content=\"article\" \/>\n<meta property=\"og:title\" content=\"Z\u0259rdabda 20 Yanvar faci\u0259si il\u0259 ba\u011fl\u0131 \u00fcmumrayon an\u0131m m\u0259rasimi ke\u00e7irildi - Z\u0259rdab.com\" \/>\n<meta property=\"og:description\" content=\"Z\u0259rdab rayonunda 20 Yanvar faci\u0259sinin 26-ci ild\u00f6n\u00fcm\u00fc il\u0259 ba\u011fl\u0131 \u00fcmumrayon an\u0131m m\u0259rasimi ke\u00e7irilib. \u018fvv\u0259lc\u0259 \u015e\u0259hidl\u0259rin Xatir\u0259 park\u0131nda 20 Yanvar faci\u0259sinin 26-c\u0131 ild\u00f6n\u00fcm\u00fcn\u0259 h\u0259sr olunmu\u015f divar q\u0259zetl\u0259rin\u0259, r\u0259sm i\u015fl\u0259rin\u0259 v\u0259 kitab s\u0259rgisin\u0259 bax\u0131\u015f ke\u00e7irilib, daha sonra abid\u0259 \u00f6n\u00fcn\u0259 g\u00fcll\u0259r qoyulub. T\u0259dbird\u0259 \u00f6lk\u0259mizin m\u00fcst\u0259qilliyi u\u011frunda \u015f\u0259hid olmu\u015f v\u0259t\u0259n \u00f6vladlar\u0131n\u0131n ruhuna dualar verilib. Qeyd olunub ki, 20 Yanvar [&hellip;]\" \/>\n<meta property=\"og:url\" content=\"https:\/\/www.zerdab.com\/?p=22189\" \/>\n<meta property=\"og:site_name\" content=\"Z\u0259rdab.com\" \/>\n<meta property=\"article:published_time\" content=\"2016-01-20T10:01:47+00:00\" \/>\n<meta property=\"article:modified_time\" content=\"2016-01-20T10:02:43+00:00\" \/>\n<meta name=\"author\" content=\"admin\" \/>\n<meta name=\"twitter:card\" content=\"summary_large_image\" \/>\n<meta name=\"twitter:label1\" content=\"Written by\" \/>\n\t<meta name=\"twitter:data1\" content=\"admin\" \/>\n\t<meta name=\"twitter:label2\" content=\"Est. reading time\" \/>\n\t<meta name=\"twitter:data2\" content=\"2 minutes\" \/>\n<script type=\"application\/ld+json\" class=\"yoast-schema-graph\">{\"@context\":\"https:\/\/schema.org\",\"@graph\":[{\"@type\":\"Article\",\"@id\":\"https:\/\/www.zerdab.com\/?p=22189#article\",\"isPartOf\":{\"@id\":\"https:\/\/www.zerdab.com\/?p=22189\"},\"author\":{\"name\":\"admin\",\"@id\":\"https:\/\/www.zerdab.com\/#\/schema\/person\/97079b7570c1e89ec0d9e138c3672136\"},\"headline\":\"Z\u0259rdabda 20 Yanvar faci\u0259si il\u0259 ba\u011fl\u0131 \u00fcmumrayon an\u0131m m\u0259rasimi ke\u00e7irildi\",\"datePublished\":\"2016-01-20T10:01:47+00:00\",\"dateModified\":\"2016-01-20T10:02:43+00:00\",\"mainEntityOfPage\":{\"@id\":\"https:\/\/www.zerdab.com\/?p=22189\"},\"wordCount\":345,\"commentCount\":0,\"articleSection\":[\"C\u018fM\u0130YY\u018fT\"],\"inLanguage\":\"az\",\"potentialAction\":[{\"@type\":\"CommentAction\",\"name\":\"Comment\",\"target\":[\"https:\/\/www.zerdab.com\/?p=22189#respond\"]}]},{\"@type\":\"WebPage\",\"@id\":\"https:\/\/www.zerdab.com\/?p=22189\",\"url\":\"https:\/\/www.zerdab.com\/?p=22189\",\"name\":\"Z\u0259rdabda 20 Yanvar faci\u0259si il\u0259 ba\u011fl\u0131 \u00fcmumrayon an\u0131m m\u0259rasimi ke\u00e7irildi - Z\u0259rdab.com\",\"isPartOf\":{\"@id\":\"https:\/\/www.zerdab.com\/#website\"},\"datePublished\":\"2016-01-20T10:01:47+00:00\",\"dateModified\":\"2016-01-20T10:02:43+00:00\",\"author\":{\"@id\":\"https:\/\/www.zerdab.com\/#\/schema\/person\/97079b7570c1e89ec0d9e138c3672136\"},\"breadcrumb\":{\"@id\":\"https:\/\/www.zerdab.com\/?p=22189#breadcrumb\"},\"inLanguage\":\"az\",\"potentialAction\":[{\"@type\":\"ReadAction\",\"target\":[\"https:\/\/www.zerdab.com\/?p=22189\"]}]},{\"@type\":\"BreadcrumbList\",\"@id\":\"https:\/\/www.zerdab.com\/?p=22189#breadcrumb\",\"itemListElement\":[{\"@type\":\"ListItem\",\"position\":1,\"name\":\"Home\",\"item\":\"https:\/\/www.zerdab.com\/\"},{\"@type\":\"ListItem\",\"position\":2,\"name\":\"Z\u0259rdabda 20 Yanvar faci\u0259si il\u0259 ba\u011fl\u0131 \u00fcmumrayon an\u0131m m\u0259rasimi ke\u00e7irildi\"}]},{\"@type\":\"WebSite\",\"@id\":\"https:\/\/www.zerdab.com\/#website\",\"url\":\"https:\/\/www.zerdab.com\/\",\"name\":\"Z\u0259rdab.com\",\"description\":\"\",\"potentialAction\":[{\"@type\":\"SearchAction\",\"target\":{\"@type\":\"EntryPoint\",\"urlTemplate\":\"https:\/\/www.zerdab.com\/?s={search_term_string}\"},\"query-input\":{\"@type\":\"PropertyValueSpecification\",\"valueRequired\":true,\"valueName\":\"search_term_string\"}}],\"inLanguage\":\"az\"},{\"@type\":\"Person\",\"@id\":\"https:\/\/www.zerdab.com\/#\/schema\/person\/97079b7570c1e89ec0d9e138c3672136\",\"name\":\"admin\",\"image\":{\"@type\":\"ImageObject\",\"inLanguage\":\"az\",\"@id\":\"https:\/\/www.zerdab.com\/#\/schema\/person\/image\/\",\"url\":\"https:\/\/secure.gravatar.com\/avatar\/d9c52a9a27c32119cb6679a077fa3e2779e5f822c451cbf01098004361d466ec?s=96&d=mm&r=g\",\"contentUrl\":\"https:\/\/secure.gravatar.com\/avatar\/d9c52a9a27c32119cb6679a077fa3e2779e5f822c451cbf01098004361d466ec?s=96&d=mm&r=g\",\"caption\":\"admin\"},\"url\":\"https:\/\/www.zerdab.com\/?author=1\"}]}<\/script>\n<!-- \/ Yoast SEO plugin. -->","yoast_head_json":{"title":"Z\u0259rdabda 20 Yanvar faci\u0259si il\u0259 ba\u011fl\u0131 \u00fcmumrayon an\u0131m m\u0259rasimi ke\u00e7irildi - Z\u0259rdab.com","robots":{"index":"index","follow":"follow","max-snippet":"max-snippet:-1","max-image-preview":"max-image-preview:large","max-video-preview":"max-video-preview:-1"},"canonical":"https:\/\/www.zerdab.com\/?p=22189","og_locale":"az_AZ","og_type":"article","og_title":"Z\u0259rdabda 20 Yanvar faci\u0259si il\u0259 ba\u011fl\u0131 \u00fcmumrayon an\u0131m m\u0259rasimi ke\u00e7irildi - Z\u0259rdab.com","og_description":"Z\u0259rdab rayonunda 20 Yanvar faci\u0259sinin 26-ci ild\u00f6n\u00fcm\u00fc il\u0259 ba\u011fl\u0131 \u00fcmumrayon an\u0131m m\u0259rasimi ke\u00e7irilib. \u018fvv\u0259lc\u0259 \u015e\u0259hidl\u0259rin Xatir\u0259 park\u0131nda 20 Yanvar faci\u0259sinin 26-c\u0131 ild\u00f6n\u00fcm\u00fcn\u0259 h\u0259sr olunmu\u015f divar q\u0259zetl\u0259rin\u0259, r\u0259sm i\u015fl\u0259rin\u0259 v\u0259 kitab s\u0259rgisin\u0259 bax\u0131\u015f ke\u00e7irilib, daha sonra abid\u0259 \u00f6n\u00fcn\u0259 g\u00fcll\u0259r qoyulub. T\u0259dbird\u0259 \u00f6lk\u0259mizin m\u00fcst\u0259qilliyi u\u011frunda \u015f\u0259hid olmu\u015f v\u0259t\u0259n \u00f6vladlar\u0131n\u0131n ruhuna dualar verilib. Qeyd olunub ki, 20 Yanvar [&hellip;]","og_url":"https:\/\/www.zerdab.com\/?p=22189","og_site_name":"Z\u0259rdab.com","article_published_time":"2016-01-20T10:01:47+00:00","article_modified_time":"2016-01-20T10:02:43+00:00","author":"admin","twitter_card":"summary_large_image","twitter_misc":{"Written by":"admin","Est. reading time":"2 minutes"},"schema":{"@context":"https:\/\/schema.org","@graph":[{"@type":"Article","@id":"https:\/\/www.zerdab.com\/?p=22189#article","isPartOf":{"@id":"https:\/\/www.zerdab.com\/?p=22189"},"author":{"name":"admin","@id":"https:\/\/www.zerdab.com\/#\/schema\/person\/97079b7570c1e89ec0d9e138c3672136"},"headline":"Z\u0259rdabda 20 Yanvar faci\u0259si il\u0259 ba\u011fl\u0131 \u00fcmumrayon an\u0131m m\u0259rasimi ke\u00e7irildi","datePublished":"2016-01-20T10:01:47+00:00","dateModified":"2016-01-20T10:02:43+00:00","mainEntityOfPage":{"@id":"https:\/\/www.zerdab.com\/?p=22189"},"wordCount":345,"commentCount":0,"articleSection":["C\u018fM\u0130YY\u018fT"],"inLanguage":"az","potentialAction":[{"@type":"CommentAction","name":"Comment","target":["https:\/\/www.zerdab.com\/?p=22189#respond"]}]},{"@type":"WebPage","@id":"https:\/\/www.zerdab.com\/?p=22189","url":"https:\/\/www.zerdab.com\/?p=22189","name":"Z\u0259rdabda 20 Yanvar faci\u0259si il\u0259 ba\u011fl\u0131 \u00fcmumrayon an\u0131m m\u0259rasimi ke\u00e7irildi - Z\u0259rdab.com","isPartOf":{"@id":"https:\/\/www.zerdab.com\/#website"},"datePublished":"2016-01-20T10:01:47+00:00","dateModified":"2016-01-20T10:02:43+00:00","author":{"@id":"https:\/\/www.zerdab.com\/#\/schema\/person\/97079b7570c1e89ec0d9e138c3672136"},"breadcrumb":{"@id":"https:\/\/www.zerdab.com\/?p=22189#breadcrumb"},"inLanguage":"az","potentialAction":[{"@type":"ReadAction","target":["https:\/\/www.zerdab.com\/?p=22189"]}]},{"@type":"BreadcrumbList","@id":"https:\/\/www.zerdab.com\/?p=22189#breadcrumb","itemListElement":[{"@type":"ListItem","position":1,"name":"Home","item":"https:\/\/www.zerdab.com\/"},{"@type":"ListItem","position":2,"name":"Z\u0259rdabda 20 Yanvar faci\u0259si il\u0259 ba\u011fl\u0131 \u00fcmumrayon an\u0131m m\u0259rasimi ke\u00e7irildi"}]},{"@type":"WebSite","@id":"https:\/\/www.zerdab.com\/#website","url":"https:\/\/www.zerdab.com\/","name":"Z\u0259rdab.com","description":"","potentialAction":[{"@type":"SearchAction","target":{"@type":"EntryPoint","urlTemplate":"https:\/\/www.zerdab.com\/?s={search_term_string}"},"query-input":{"@type":"PropertyValueSpecification","valueRequired":true,"valueName":"search_term_string"}}],"inLanguage":"az"},{"@type":"Person","@id":"https:\/\/www.zerdab.com\/#\/schema\/person\/97079b7570c1e89ec0d9e138c3672136","name":"admin","image":{"@type":"ImageObject","inLanguage":"az","@id":"https:\/\/www.zerdab.com\/#\/schema\/person\/image\/","url":"https:\/\/secure.gravatar.com\/avatar\/d9c52a9a27c32119cb6679a077fa3e2779e5f822c451cbf01098004361d466ec?s=96&d=mm&r=g","contentUrl":"https:\/\/secure.gravatar.com\/avatar\/d9c52a9a27c32119cb6679a077fa3e2779e5f822c451cbf01098004361d466ec?s=96&d=mm&r=g","caption":"admin"},"url":"https:\/\/www.zerdab.com\/?author=1"}]}},"_links":{"self":[{"href":"https:\/\/www.zerdab.com\/index.php?rest_route=\/wp\/v2\/posts\/22189","targetHints":{"allow":["GET"]}}],"collection":[{"href":"https:\/\/www.zerdab.com\/index.php?rest_route=\/wp\/v2\/posts"}],"about":[{"href":"https:\/\/www.zerdab.com\/index.php?rest_route=\/wp\/v2\/types\/post"}],"author":[{"embeddable":true,"href":"https:\/\/www.zerdab.com\/index.php?rest_route=\/wp\/v2\/users\/1"}],"replies":[{"embeddable":true,"href":"https:\/\/www.zerdab.com\/index.php?rest_route=%2Fwp%2Fv2%2Fcomments&post=22189"}],"version-history":[{"count":3,"href":"https:\/\/www.zerdab.com\/index.php?rest_route=\/wp\/v2\/posts\/22189\/revisions"}],"predecessor-version":[{"id":22195,"href":"https:\/\/www.zerdab.com\/index.php?rest_route=\/wp\/v2\/posts\/22189\/revisions\/22195"}],"wp:attachment":[{"href":"https:\/\/www.zerdab.com\/index.php?rest_route=%2Fwp%2Fv2%2Fmedia&parent=22189"}],"wp:term":[{"taxonomy":"category","embeddable":true,"href":"https:\/\/www.zerdab.com\/index.php?rest_route=%2Fwp%2Fv2%2Fcategories&post=22189"},{"taxonomy":"post_tag","embeddable":true,"href":"https:\/\/www.zerdab.com\/index.php?rest_route=%2Fwp%2Fv2%2Ftags&post=22189"}],"curies":[{"name":"wp","href":"https:\/\/api.w.org\/{rel}","templated":true}]}}