{"id":22211,"date":"2016-01-22T14:52:54","date_gmt":"2016-01-22T10:52:54","guid":{"rendered":"http:\/\/www.zerdab.com\/?p=22211"},"modified":"2016-01-22T14:54:30","modified_gmt":"2016-01-22T10:54:30","slug":"n%c9%99qliyyat-naziri-ziya-m%c9%99mm%c9%99dov-z%c9%99rdabda-v%c9%99t%c9%99ndaslarla-gorusdu-fotolar","status":"publish","type":"post","link":"https:\/\/www.zerdab.com\/?p=22211","title":{"rendered":"N\u0259qliyyat naziri Ziya M\u0259mm\u0259dov Z\u0259rdabda v\u0259t\u0259nda\u015flarla g\u00f6r\u00fc\u015fd\u00fc &#8211; Fotolar"},"content":{"rendered":"<p><strong>Prezident \u0130lham \u018fliyevin g\u00f6st\u0259ri\u015f v\u0259 t\u00f6vsiy\u0259l\u0259rin\u0259 m\u00fcvafiq olaraq n\u0259qliyyat naziri Ziya M\u0259mm\u0259dov yanvar\u0131n 22-d\u0259 Z\u0259rdabda q\u0259bul ke\u00e7irib.<\/strong><\/p>\n<p>Zerdab.com sayt\u0131na nazirlikd\u0259n daxil olan m\u0259lumata g\u00f6r\u0259, nazir Hac\u0131qabul, K\u00fcrd\u0259mir, Z\u0259rdab rayonlar\u0131ndan olan v\u0259t\u0259nda\u015flar\u0131 q\u0259bul ed\u0259r\u0259k onlar\u0131n m\u00fcraci\u0259tl\u0259rini, \u015fikay\u0259t v\u0259 t\u0259klifl\u0259rini dinl\u0259yib.<\/p>\n<p>M\u00fcraci\u0259tl\u0259r \u0259sas\u0259n, Hac\u0131qabul \u015f\u0259h\u0259rind\u0259 m\u00fcasir tipli avtova\u011fzal binas\u0131n\u0131n tikintisi, Z\u0259rdab rayonunun 20-y\u0259 yax\u0131n k\u0259nd sakinl\u0259rinin Bak\u0131 \u015f\u0259h\u0259rin\u0259 gedi\u015f-g\u0259li\u015fl\u0259rinin daha rahat t\u0259min edilm\u0259si v\u0259 da\u015f\u0131nmas\u0131 \u00fc\u00e7\u00fcn A\u011fcab\u0259di-Bak\u0131-A\u011fcab\u0259di mar\u015frut x\u0259ttinin \u0259vv\u0259lki x\u0259tt \u00fczr\u0259 h\u0259r\u0259k\u0259tinin b\u0259rpas\u0131, Z\u0259rdab \u015f\u0259h\u0259rind\u0259 m\u00f6vcud \u015f\u0259h\u0259rdaxili s\u0259rni\u015fin da\u015f\u0131nmas\u0131nda xidm\u0259t s\u0259viyy\u0259sinin y\u00fcks\u0259ldilm\u0259si v\u0259 q\u0259rb b\u00f6lg\u0259sind\u0259n Bak\u0131 istiqam\u0259tind\u0259 h\u0259r\u0259k\u0259t ed\u0259n avtobuslar\u0131n Avtova\u011fzal \u0259razisin\u0259 daxil olmas\u0131 \u00fc\u00e7\u00fcn t\u0259dbirl\u0259rin g\u00f6r\u00fclm\u0259si v\u0259 dig\u0259r m\u0259s\u0259l\u0259l\u0259rl\u0259 ba\u011fl\u0131 olub.<\/p>\n<p>Q\u0259bul zaman\u0131 qald\u0131r\u0131lan m\u0259s\u0259l\u0259l\u0259rin b\u0259zil\u0259ri yerind\u0259c\u0259 h\u0259llini tap\u0131b. V\u0259t\u0259nda\u015flar\u0131n dig\u0259r m\u00fcraci\u0259tl\u0259ri il\u0259 ba\u011fl\u0131 nazirliyin aidiyy\u0259ti qurumlar\u0131n\u0131n r\u0259hb\u0259rl\u0259rin\u0259 tap\u015f\u0131r\u0131qlar verilib.<a href=\"http:\/\/www.zerdab.com\/n%c9%99qliyyat-naziri-ziya-m%c9%99mm%c9%99dov-z%c9%99rdabda-v%c9%99t%c9%99ndaslarla-gorusdu-fotolar\/z%c9%99rdab-85\/\" rel=\"attachment wp-att-22212\"><br \/>\n<\/a> <a href=\"http:\/\/www.zerdab.com\/n%c9%99qliyyat-naziri-ziya-m%c9%99mm%c9%99dov-z%c9%99rdabda-v%c9%99t%c9%99ndaslarla-gorusdu-fotolar\/z%c9%99rdab1-40\/\" rel=\"attachment wp-att-22213\"><br \/>\n<\/a><a href=\"http:\/\/www.zerdab.com\/n%c9%99qliyyat-naziri-ziya-m%c9%99mm%c9%99dov-z%c9%99rdabda-v%c9%99t%c9%99ndaslarla-gorusdu-fotolar\/z%c9%99rdab-85\/\" rel=\"attachment wp-att-22212\"><img loading=\"lazy\" decoding=\"async\" class=\"aligncenter size-large wp-image-22212\" src=\"http:\/\/www.zerdab.com\/wp-content\/uploads\/2016\/01\/Z\u0259rdab-4-550x345.jpg\" alt=\"Z\u0259rdab\" width=\"550\" height=\"345\" \/><\/a><\/p>\n","protected":false},"excerpt":{"rendered":"<p>Prezident \u0130lham \u018fliyevin g\u00f6st\u0259ri\u015f v\u0259 t\u00f6vsiy\u0259l\u0259rin\u0259 m\u00fcvafiq olaraq n\u0259qliyyat naziri Ziya M\u0259mm\u0259dov yanvar\u0131n 22-d\u0259 Z\u0259rdabda q\u0259bul ke\u00e7irib. Zerdab.com sayt\u0131na nazirlikd\u0259n daxil olan m\u0259lumata g\u00f6r\u0259, nazir Hac\u0131qabul, K\u00fcrd\u0259mir, Z\u0259rdab rayonlar\u0131ndan olan v\u0259t\u0259nda\u015flar\u0131 q\u0259bul ed\u0259r\u0259k onlar\u0131n m\u00fcraci\u0259tl\u0259rini, \u015fikay\u0259t v\u0259 t\u0259klifl\u0259rini dinl\u0259yib. M\u00fcraci\u0259tl\u0259r \u0259sas\u0259n, Hac\u0131qabul \u015f\u0259h\u0259rind\u0259 m\u00fcasir tipli avtova\u011fzal binas\u0131n\u0131n tikintisi, Z\u0259rdab rayonunun 20-y\u0259 yax\u0131n k\u0259nd sakinl\u0259rinin Bak\u0131 [&hellip;]<\/p>\n","protected":false},"author":1,"featured_media":0,"comment_status":"open","ping_status":"open","sticky":false,"template":"","format":"standard","meta":{"footnotes":""},"categories":[21],"tags":[],"class_list":{"0":"post-22211","1":"post","2":"type-post","3":"status-publish","4":"format-standard","6":"category-zrdab"},"yoast_head":"<!-- This site is optimized with the Yoast SEO plugin v27.0 - https:\/\/yoast.com\/product\/yoast-seo-wordpress\/ -->\n<title>N\u0259qliyyat naziri Ziya M\u0259mm\u0259dov Z\u0259rdabda v\u0259t\u0259nda\u015flarla g\u00f6r\u00fc\u015fd\u00fc - Fotolar - Z\u0259rdab.com<\/title>\n<meta name=\"robots\" content=\"index, follow, max-snippet:-1, max-image-preview:large, max-video-preview:-1\" \/>\n<link rel=\"canonical\" href=\"https:\/\/www.zerdab.com\/?p=22211\" \/>\n<meta property=\"og:locale\" content=\"az_AZ\" \/>\n<meta property=\"og:type\" content=\"article\" \/>\n<meta property=\"og:title\" content=\"N\u0259qliyyat naziri Ziya M\u0259mm\u0259dov Z\u0259rdabda v\u0259t\u0259nda\u015flarla g\u00f6r\u00fc\u015fd\u00fc - Fotolar - Z\u0259rdab.com\" \/>\n<meta property=\"og:description\" content=\"Prezident \u0130lham \u018fliyevin g\u00f6st\u0259ri\u015f v\u0259 t\u00f6vsiy\u0259l\u0259rin\u0259 m\u00fcvafiq olaraq n\u0259qliyyat naziri Ziya M\u0259mm\u0259dov yanvar\u0131n 22-d\u0259 Z\u0259rdabda q\u0259bul ke\u00e7irib. Zerdab.com sayt\u0131na nazirlikd\u0259n daxil olan m\u0259lumata g\u00f6r\u0259, nazir Hac\u0131qabul, K\u00fcrd\u0259mir, Z\u0259rdab rayonlar\u0131ndan olan v\u0259t\u0259nda\u015flar\u0131 q\u0259bul ed\u0259r\u0259k onlar\u0131n m\u00fcraci\u0259tl\u0259rini, \u015fikay\u0259t v\u0259 t\u0259klifl\u0259rini dinl\u0259yib. M\u00fcraci\u0259tl\u0259r \u0259sas\u0259n, Hac\u0131qabul \u015f\u0259h\u0259rind\u0259 m\u00fcasir tipli avtova\u011fzal binas\u0131n\u0131n tikintisi, Z\u0259rdab rayonunun 20-y\u0259 yax\u0131n k\u0259nd sakinl\u0259rinin Bak\u0131 [&hellip;]\" \/>\n<meta property=\"og:url\" content=\"https:\/\/www.zerdab.com\/?p=22211\" \/>\n<meta property=\"og:site_name\" content=\"Z\u0259rdab.com\" \/>\n<meta property=\"article:published_time\" content=\"2016-01-22T10:52:54+00:00\" \/>\n<meta property=\"article:modified_time\" content=\"2016-01-22T10:54:30+00:00\" \/>\n<meta name=\"author\" content=\"admin\" \/>\n<meta name=\"twitter:card\" content=\"summary_large_image\" \/>\n<meta name=\"twitter:label1\" content=\"Written by\" \/>\n\t<meta name=\"twitter:data1\" content=\"admin\" \/>\n\t<meta name=\"twitter:label2\" content=\"Est. reading time\" \/>\n\t<meta name=\"twitter:data2\" content=\"1 minute\" \/>\n<script type=\"application\/ld+json\" class=\"yoast-schema-graph\">{\"@context\":\"https:\/\/schema.org\",\"@graph\":[{\"@type\":\"Article\",\"@id\":\"https:\/\/www.zerdab.com\/?p=22211#article\",\"isPartOf\":{\"@id\":\"https:\/\/www.zerdab.com\/?p=22211\"},\"author\":{\"name\":\"admin\",\"@id\":\"https:\/\/www.zerdab.com\/#\/schema\/person\/97079b7570c1e89ec0d9e138c3672136\"},\"headline\":\"N\u0259qliyyat naziri Ziya M\u0259mm\u0259dov Z\u0259rdabda v\u0259t\u0259nda\u015flarla g\u00f6r\u00fc\u015fd\u00fc &#8211; Fotolar\",\"datePublished\":\"2016-01-22T10:52:54+00:00\",\"dateModified\":\"2016-01-22T10:54:30+00:00\",\"mainEntityOfPage\":{\"@id\":\"https:\/\/www.zerdab.com\/?p=22211\"},\"wordCount\":275,\"commentCount\":0,\"articleSection\":[\"C\u018fM\u0130YY\u018fT\"],\"inLanguage\":\"az\",\"potentialAction\":[{\"@type\":\"CommentAction\",\"name\":\"Comment\",\"target\":[\"https:\/\/www.zerdab.com\/?p=22211#respond\"]}]},{\"@type\":\"WebPage\",\"@id\":\"https:\/\/www.zerdab.com\/?p=22211\",\"url\":\"https:\/\/www.zerdab.com\/?p=22211\",\"name\":\"N\u0259qliyyat naziri Ziya M\u0259mm\u0259dov Z\u0259rdabda v\u0259t\u0259nda\u015flarla g\u00f6r\u00fc\u015fd\u00fc - Fotolar - Z\u0259rdab.com\",\"isPartOf\":{\"@id\":\"https:\/\/www.zerdab.com\/#website\"},\"datePublished\":\"2016-01-22T10:52:54+00:00\",\"dateModified\":\"2016-01-22T10:54:30+00:00\",\"author\":{\"@id\":\"https:\/\/www.zerdab.com\/#\/schema\/person\/97079b7570c1e89ec0d9e138c3672136\"},\"breadcrumb\":{\"@id\":\"https:\/\/www.zerdab.com\/?p=22211#breadcrumb\"},\"inLanguage\":\"az\",\"potentialAction\":[{\"@type\":\"ReadAction\",\"target\":[\"https:\/\/www.zerdab.com\/?p=22211\"]}]},{\"@type\":\"BreadcrumbList\",\"@id\":\"https:\/\/www.zerdab.com\/?p=22211#breadcrumb\",\"itemListElement\":[{\"@type\":\"ListItem\",\"position\":1,\"name\":\"Home\",\"item\":\"https:\/\/www.zerdab.com\/\"},{\"@type\":\"ListItem\",\"position\":2,\"name\":\"N\u0259qliyyat naziri Ziya M\u0259mm\u0259dov Z\u0259rdabda v\u0259t\u0259nda\u015flarla g\u00f6r\u00fc\u015fd\u00fc &#8211; Fotolar\"}]},{\"@type\":\"WebSite\",\"@id\":\"https:\/\/www.zerdab.com\/#website\",\"url\":\"https:\/\/www.zerdab.com\/\",\"name\":\"Z\u0259rdab.com\",\"description\":\"\",\"potentialAction\":[{\"@type\":\"SearchAction\",\"target\":{\"@type\":\"EntryPoint\",\"urlTemplate\":\"https:\/\/www.zerdab.com\/?s={search_term_string}\"},\"query-input\":{\"@type\":\"PropertyValueSpecification\",\"valueRequired\":true,\"valueName\":\"search_term_string\"}}],\"inLanguage\":\"az\"},{\"@type\":\"Person\",\"@id\":\"https:\/\/www.zerdab.com\/#\/schema\/person\/97079b7570c1e89ec0d9e138c3672136\",\"name\":\"admin\",\"image\":{\"@type\":\"ImageObject\",\"inLanguage\":\"az\",\"@id\":\"https:\/\/www.zerdab.com\/#\/schema\/person\/image\/\",\"url\":\"https:\/\/secure.gravatar.com\/avatar\/d9c52a9a27c32119cb6679a077fa3e2779e5f822c451cbf01098004361d466ec?s=96&d=mm&r=g\",\"contentUrl\":\"https:\/\/secure.gravatar.com\/avatar\/d9c52a9a27c32119cb6679a077fa3e2779e5f822c451cbf01098004361d466ec?s=96&d=mm&r=g\",\"caption\":\"admin\"},\"url\":\"https:\/\/www.zerdab.com\/?author=1\"}]}<\/script>\n<!-- \/ Yoast SEO plugin. -->","yoast_head_json":{"title":"N\u0259qliyyat naziri Ziya M\u0259mm\u0259dov Z\u0259rdabda v\u0259t\u0259nda\u015flarla g\u00f6r\u00fc\u015fd\u00fc - Fotolar - Z\u0259rdab.com","robots":{"index":"index","follow":"follow","max-snippet":"max-snippet:-1","max-image-preview":"max-image-preview:large","max-video-preview":"max-video-preview:-1"},"canonical":"https:\/\/www.zerdab.com\/?p=22211","og_locale":"az_AZ","og_type":"article","og_title":"N\u0259qliyyat naziri Ziya M\u0259mm\u0259dov Z\u0259rdabda v\u0259t\u0259nda\u015flarla g\u00f6r\u00fc\u015fd\u00fc - Fotolar - Z\u0259rdab.com","og_description":"Prezident \u0130lham \u018fliyevin g\u00f6st\u0259ri\u015f v\u0259 t\u00f6vsiy\u0259l\u0259rin\u0259 m\u00fcvafiq olaraq n\u0259qliyyat naziri Ziya M\u0259mm\u0259dov yanvar\u0131n 22-d\u0259 Z\u0259rdabda q\u0259bul ke\u00e7irib. Zerdab.com sayt\u0131na nazirlikd\u0259n daxil olan m\u0259lumata g\u00f6r\u0259, nazir Hac\u0131qabul, K\u00fcrd\u0259mir, Z\u0259rdab rayonlar\u0131ndan olan v\u0259t\u0259nda\u015flar\u0131 q\u0259bul ed\u0259r\u0259k onlar\u0131n m\u00fcraci\u0259tl\u0259rini, \u015fikay\u0259t v\u0259 t\u0259klifl\u0259rini dinl\u0259yib. M\u00fcraci\u0259tl\u0259r \u0259sas\u0259n, Hac\u0131qabul \u015f\u0259h\u0259rind\u0259 m\u00fcasir tipli avtova\u011fzal binas\u0131n\u0131n tikintisi, Z\u0259rdab rayonunun 20-y\u0259 yax\u0131n k\u0259nd sakinl\u0259rinin Bak\u0131 [&hellip;]","og_url":"https:\/\/www.zerdab.com\/?p=22211","og_site_name":"Z\u0259rdab.com","article_published_time":"2016-01-22T10:52:54+00:00","article_modified_time":"2016-01-22T10:54:30+00:00","author":"admin","twitter_card":"summary_large_image","twitter_misc":{"Written by":"admin","Est. reading time":"1 minute"},"schema":{"@context":"https:\/\/schema.org","@graph":[{"@type":"Article","@id":"https:\/\/www.zerdab.com\/?p=22211#article","isPartOf":{"@id":"https:\/\/www.zerdab.com\/?p=22211"},"author":{"name":"admin","@id":"https:\/\/www.zerdab.com\/#\/schema\/person\/97079b7570c1e89ec0d9e138c3672136"},"headline":"N\u0259qliyyat naziri Ziya M\u0259mm\u0259dov Z\u0259rdabda v\u0259t\u0259nda\u015flarla g\u00f6r\u00fc\u015fd\u00fc &#8211; Fotolar","datePublished":"2016-01-22T10:52:54+00:00","dateModified":"2016-01-22T10:54:30+00:00","mainEntityOfPage":{"@id":"https:\/\/www.zerdab.com\/?p=22211"},"wordCount":275,"commentCount":0,"articleSection":["C\u018fM\u0130YY\u018fT"],"inLanguage":"az","potentialAction":[{"@type":"CommentAction","name":"Comment","target":["https:\/\/www.zerdab.com\/?p=22211#respond"]}]},{"@type":"WebPage","@id":"https:\/\/www.zerdab.com\/?p=22211","url":"https:\/\/www.zerdab.com\/?p=22211","name":"N\u0259qliyyat naziri Ziya M\u0259mm\u0259dov Z\u0259rdabda v\u0259t\u0259nda\u015flarla g\u00f6r\u00fc\u015fd\u00fc - Fotolar - Z\u0259rdab.com","isPartOf":{"@id":"https:\/\/www.zerdab.com\/#website"},"datePublished":"2016-01-22T10:52:54+00:00","dateModified":"2016-01-22T10:54:30+00:00","author":{"@id":"https:\/\/www.zerdab.com\/#\/schema\/person\/97079b7570c1e89ec0d9e138c3672136"},"breadcrumb":{"@id":"https:\/\/www.zerdab.com\/?p=22211#breadcrumb"},"inLanguage":"az","potentialAction":[{"@type":"ReadAction","target":["https:\/\/www.zerdab.com\/?p=22211"]}]},{"@type":"BreadcrumbList","@id":"https:\/\/www.zerdab.com\/?p=22211#breadcrumb","itemListElement":[{"@type":"ListItem","position":1,"name":"Home","item":"https:\/\/www.zerdab.com\/"},{"@type":"ListItem","position":2,"name":"N\u0259qliyyat naziri Ziya M\u0259mm\u0259dov Z\u0259rdabda v\u0259t\u0259nda\u015flarla g\u00f6r\u00fc\u015fd\u00fc &#8211; Fotolar"}]},{"@type":"WebSite","@id":"https:\/\/www.zerdab.com\/#website","url":"https:\/\/www.zerdab.com\/","name":"Z\u0259rdab.com","description":"","potentialAction":[{"@type":"SearchAction","target":{"@type":"EntryPoint","urlTemplate":"https:\/\/www.zerdab.com\/?s={search_term_string}"},"query-input":{"@type":"PropertyValueSpecification","valueRequired":true,"valueName":"search_term_string"}}],"inLanguage":"az"},{"@type":"Person","@id":"https:\/\/www.zerdab.com\/#\/schema\/person\/97079b7570c1e89ec0d9e138c3672136","name":"admin","image":{"@type":"ImageObject","inLanguage":"az","@id":"https:\/\/www.zerdab.com\/#\/schema\/person\/image\/","url":"https:\/\/secure.gravatar.com\/avatar\/d9c52a9a27c32119cb6679a077fa3e2779e5f822c451cbf01098004361d466ec?s=96&d=mm&r=g","contentUrl":"https:\/\/secure.gravatar.com\/avatar\/d9c52a9a27c32119cb6679a077fa3e2779e5f822c451cbf01098004361d466ec?s=96&d=mm&r=g","caption":"admin"},"url":"https:\/\/www.zerdab.com\/?author=1"}]}},"_links":{"self":[{"href":"https:\/\/www.zerdab.com\/index.php?rest_route=\/wp\/v2\/posts\/22211","targetHints":{"allow":["GET"]}}],"collection":[{"href":"https:\/\/www.zerdab.com\/index.php?rest_route=\/wp\/v2\/posts"}],"about":[{"href":"https:\/\/www.zerdab.com\/index.php?rest_route=\/wp\/v2\/types\/post"}],"author":[{"embeddable":true,"href":"https:\/\/www.zerdab.com\/index.php?rest_route=\/wp\/v2\/users\/1"}],"replies":[{"embeddable":true,"href":"https:\/\/www.zerdab.com\/index.php?rest_route=%2Fwp%2Fv2%2Fcomments&post=22211"}],"version-history":[{"count":5,"href":"https:\/\/www.zerdab.com\/index.php?rest_route=\/wp\/v2\/posts\/22211\/revisions"}],"predecessor-version":[{"id":22218,"href":"https:\/\/www.zerdab.com\/index.php?rest_route=\/wp\/v2\/posts\/22211\/revisions\/22218"}],"wp:attachment":[{"href":"https:\/\/www.zerdab.com\/index.php?rest_route=%2Fwp%2Fv2%2Fmedia&parent=22211"}],"wp:term":[{"taxonomy":"category","embeddable":true,"href":"https:\/\/www.zerdab.com\/index.php?rest_route=%2Fwp%2Fv2%2Fcategories&post=22211"},{"taxonomy":"post_tag","embeddable":true,"href":"https:\/\/www.zerdab.com\/index.php?rest_route=%2Fwp%2Fv2%2Ftags&post=22211"}],"curies":[{"name":"wp","href":"https:\/\/api.w.org\/{rel}","templated":true}]}}