{"id":22278,"date":"2016-01-27T18:50:55","date_gmt":"2016-01-27T14:50:55","guid":{"rendered":"http:\/\/www.zerdab.com\/?p=22278"},"modified":"2016-01-27T19:51:56","modified_gmt":"2016-01-27T15:51:56","slug":"toxunulmaz-adam-yoxdur-hami-qanun-qarsisinda-cavabdehdir","status":"publish","type":"post","link":"https:\/\/www.zerdab.com\/?p=22278","title":{"rendered":"\u201cToxunulmaz adam yoxdur, ham\u0131 qanun qar\u015f\u0131s\u0131nda cavabdehdir\u201d"},"content":{"rendered":"<table cellspacing=\"0\" cellpadding=\"0\">\n<tbody>\n<tr>\n<td id=\"newsSpot\" colspan=\"2\"><span class=\"detail-spot\">\u201c\u0130dxal qar\u015f\u0131s\u0131nda duran b\u00fct\u00fcn s\u00fcni mane\u0259l\u0259r aradan g\u00f6t\u00fcr\u00fclm\u0259li, eyni zamanda daxili istehsal qorunmal\u0131d\u0131r\u201d.<\/span><\/td>\n<\/tr>\n<tr>\n<td colspan=\"2\"><\/td>\n<\/tr>\n<tr>\n<td id=\"newsText\" colspan=\"2\" valign=\"top\">\u201cAz\u0259rbaycanda ictimai-siyasi sabitlik b\u0259rq\u0259rar olub. G\u00f6rd\u00fcy\u00fcm\u00fcz i\u015fl\u0259rin mahiyy\u0259ti odur ki, daha g\u00fccl\u00fc d\u00f6vl\u0259t yaradaq ki, xalq\u0131m\u0131z rifah i\u00e7ind\u0259, t\u0259hl\u00fck\u0259siz \u015f\u0259raitd\u0259 ya\u015fas\u0131n\u201d. Bunu \u201cAz\u0259rbaycan Respublikas\u0131 regionlar\u0131n\u0131n 2014-2018-ci ill\u0259rd\u0259 sosial-iqtisadi inki\u015faf\u0131 D\u00f6vl\u0259t proqram\u0131\u201dn\u0131n icras\u0131n\u0131n ikinci ilinin yekunlar\u0131na h\u0259sr olunmu\u015f konfransda \u00e7\u0131x\u0131\u015f\u0131nda Az\u0259rbaycan Prezidenti \u0130lham \u018fliyev deyib.<\/p>\n<p>D\u00f6vl\u0259t ba\u015f\u00e7\u0131s\u0131 bildirib ki, \u00f6lk\u0259d\u0259 ictimai-siyasi sabitliyin t\u0259min olunmas\u0131 t\u0259bii hald\u0131r: \u201cXalq\u0131m\u0131z\u0131n vahid amal \u0259traf\u0131nla birl\u0259\u015fm\u0259si, u\u011furlar\u0131m\u0131z bunu t\u0259min edir. Baxmayaraq ki, \u0259traf \u00f6lk\u0259l\u0259rd\u0259 qar\u015f\u0131durmalar ba\u015f verir. Bel\u0259 olan halda Az\u0259rbaycan n\u00fcmun\u0259si d\u00fcnya \u00fc\u00e7\u00fcn \u0259h\u0259miyy\u0259tlidir v\u0259 bir \u00e7ox yerd\u0259 Az\u0259rbaycan t\u0259cr\u00fcb\u0259si \u00f6yr\u0259nilir. Az\u0259rbaycan demokratiya yolu il\u0259 s\u00fcr\u0259tl\u0259 ir\u0259lil\u0259yir. Bu bizim \u015f\u00fcurlu se\u00e7imimizdir. \u0130qtisadi inki\u015faf demokratik prosesd\u0259n k\u0259nar t\u0259min oluna bilm\u0259z. Ona g\u00f6r\u0259 d\u0259 Az\u0259rbaycanda iqtisadi v\u0259 demokratik islahatlar paralel apar\u0131l\u0131r. Parlament se\u00e7kil\u0259ri d\u0259 bunu s\u00fcbut etdi, se\u00e7kil\u0259r \u015f\u0259ffaf ke\u00e7di, Az\u0259rbaycan xalq\u0131n\u0131n arzular\u0131 tam t\u0259min edildi. Se\u00e7kinin n\u0259tic\u0259l\u0259ri apard\u0131\u011f\u0131m\u0131z siyas\u0259t\u0259 xalq\u0131m\u0131z\u0131n b\u00f6y\u00fck d\u0259st\u0259yini ortaya qoydu. Ona g\u00f6r\u0259 d\u0259 xalq\u0131m\u0131za minn\u0259tdaram. Xalq\u0131m\u0131z\u0131 \u0259min etm\u0259k ist\u0259yir\u0259m ki, d\u00fcnyadak\u0131 b\u00f6hrana baxmayaraq, Az\u0259rbaycan u\u011furla inki\u015faf ed\u0259c\u0259k\u201d.<\/p>\n<p>Prezident \u0130lham \u018fliyev bildirib ki, \u00f6lk\u0259 iqtisadiyyat\u0131n\u0131n \u0259sas g\u00f6st\u0259ricisi qeyri-neft s\u0259nayesinin 8,4 faiz artmas\u0131d\u0131r: \u201cK\u0259nd t\u0259s\u0259rr\u00fcfat\u0131na da son vaxtlar x\u00fcsusi diqq\u0259t g\u00f6st\u0259rilir, bu sah\u0259d\u0259 6,4 faiz art\u0131m olub. \u00c7al\u0131\u015fmal\u0131y\u0131q ki, b\u00f6hranl\u0131 \u015f\u0259raitd\u0259 d\u0259 iqtisadiyyat\u0131m\u0131z inki\u015faf etsin, 2016-c\u0131 ild\u0259 yeni i\u015f yerl\u0259ri, m\u00fc\u0259ssis\u0259l\u0259r yarad\u0131ls\u0131n\u201d.<\/p>\n<p>\u201cSosial siyas\u0259t, d\u0259rin iqtisadi islahatlar biz\u0259 bu v\u0259ziyy\u0259td\u0259n d\u0259 u\u011furla \u00e7\u0131xma\u011fa imkan ver\u0259c\u0259k\u201d<\/p>\n<p>D\u00f6vl\u0259t ba\u015f\u00e7\u0131s\u0131 bildirib ki, manat\u0131n m\u0259z\u0259nn\u0259sinin sona q\u0259d\u0259r sabit saxlan\u0131lmas\u0131na \u00e7al\u0131\u015f\u0131l\u0131b: \u201cNeftin qiym\u0259tinin 4 d\u0259f\u0259, qon\u015fu \u00f6lk\u0259l\u0259rin mili valyutalar\u0131n\u0131n 100 faiz d\u0259y\u0259rd\u0259n d\u00fc\u015fm\u0259si manat\u0131n m\u0259z\u0259nn\u0259sini sabit saxlama\u011fa imkan verm\u0259di. Ancaq n\u0259z\u0259r\u0259 almaq laz\u0131md\u0131r ki, biz bazar iqtisadiyyat\u0131 \u015f\u0259raitind\u0259 ya\u015fay\u0131r\u0131q. Sosial siyas\u0259t, d\u0259rin iqtisadi islahatlar biz\u0259 bu v\u0259ziyy\u0259td\u0259n d\u0259 u\u011furla \u00e7\u0131xma\u011fa imkan ver\u0259c\u0259k. 2016-c\u0131 il d\u0259rin iqtisadi islahatlar ili olmal\u0131d\u0131r v\u0259 olacaq. \u018flav\u0259 s\u0259r\u0259ncam v\u0259 f\u0259rmanlar da imzalanacaq ki, iqtisadiyyat\u0131m\u0131z g\u00fccl\u0259nsin\u201d.<\/p>\n<p>Prezident \u0130lham \u018fliyev bildirib ki, C\u0259nub qaz d\u0259hlizi Az\u0259rbaycana \u0259lav\u0259 siyasi, iqtisadi, maliyy\u0259 imkanlar\u0131 yaradacaq: \u201cBu d\u0259hliz onillikl\u0259r \u0259rzind\u0259 Az\u0259rbaycana iqtisadi m\u0259nf\u0259\u0259t, valyuta ax\u0131n\u0131 t\u0259min ed\u0259c\u0259k. Bu il C\u0259nub Qaz D\u0259hlizinin icras\u0131 il\u0259 ba\u011fl\u0131 \u0259lav\u0259 t\u0259dbirl\u0259r g\u00f6r\u00fcl\u0259c\u0259k\u201d.<\/p>\n<p>Prezident qeyd edib ki, 2015-ci ild\u0259 Az\u0259rbaycan \u00f6z\u00fcn\u00fc g\u00fccl\u00fc tranzit \u00f6lk\u0259si kimi t\u0259qdim edib: \u201c\u015eimaldan C\u0259nuba, \u015e\u0259rqd\u0259n Q\u0259rb\u0259 ged\u0259n yollar Az\u0259rbaycandan ke\u00e7ir. Az\u0259rbaycan \u0259v\u0259zolunmaz n\u0259qliyyat d\u0259hlizin\u0259 \u00e7evrilir, biz bu i\u015fl\u0259ri g\u00f6rm\u00fc\u015f\u00fck. N\u0259inki \u00c7ind\u0259n, Orta Asiyadan, Koreyadan da Avropaya y\u00fckl\u0259r Az\u0259rbaycan \u00fcz\u0259rind\u0259n getm\u0259y\u0259 ba\u015flay\u0131b. Eyni zamanda Avropadan, Ukraynadan \u00c7in\u0259 y\u00fckl\u0259r Az\u0259rbaycan \u00fcz\u0259rind\u0259n getm\u0259y\u0259 ba\u015flay\u0131b. B\u00fct\u00fcn bu imkanlar\u0131 biz yaratm\u0131\u015f\u0131q. Bu i\u015fl\u0259ri g\u00f6rm\u0259s\u0259ydik, Az\u0259rbaycan m\u00fch\u00fcm tranzit \u00f6lk\u0259sin\u0259 \u00e7evril\u0259 bil\u0259rdimi? T\u00fcrkiy\u0259 il\u0259 birlikd\u0259 TANAP-\u0131n \u0259sas\u0131n\u0131 qoymasaq, bu g\u00fcn Avropan\u0131n enerji t\u0259hl\u00fck\u0259sizliyi il\u0259 ba\u011fl\u0131 bu layih\u0259d\u0259n dan\u0131\u015f\u0131la bil\u0259rdimi?..\u201d<\/p>\n<p><strong>\u00a0\u201cAz\u0259rbaycanda geni\u015fmiqyasl\u0131 \u00f6z\u0259ll\u0259\u015fdirm\u0259 h\u0259yata ke\u00e7irilm\u0259lidir\u201d<\/strong><\/p>\n<p>D\u00f6vl\u0259t ba\u015f\u00e7\u0131s\u0131n\u0131n s\u00f6zl\u0259rin\u0259 g\u00f6r\u0259, Az\u0259rbaycanda geni\u015fmiqyasl\u0131 \u00f6z\u0259ll\u0259\u015fdirm\u0259 h\u0259yata ke\u00e7irilm\u0259lidir: \u201c\u00c7\u00fcnki el\u0259 m\u00fc\u0259ssis\u0259l\u0259r var, 20 ildir, i\u015fl\u0259mir, ancaq n\u0259d\u0259ns\u0259 \u00f6z\u0259ll\u0259\u015fdirm\u0259y\u0259 \u00e7\u0131xar\u0131lm\u0131r\u201d. O deyib ki, h\u0259r bir \u00f6z\u0259ll\u0259\u015fdiril\u0259n m\u00fc\u0259ssis\u0259nin g\u0259l\u0259c\u0259k f\u0259aliyy\u0259ti il\u0259 ba\u011fl\u0131 biznes-plan t\u0259qdim edilm\u0259lidir: \u201cBiznes-plan, m\u0259suliyy\u0259t, \u00f6hd\u0259lik n\u0259z\u0259r\u0259 al\u0131nmal\u0131d\u0131r. Yoxsa el\u0259 \u00e7\u0131xmas\u0131n ki, kims\u0259 m\u00fc\u0259ssis\u0259ni alacaq, yen\u0259 i\u015fl\u0259m\u0259y\u0259c\u0259k. Biz\u0259 apar\u0131c\u0131 xarici m\u0259sl\u0259h\u0259t\u00e7i \u015firk\u0259tl\u0259r laz\u0131md\u0131r, \u00e7\u00fcnki apar\u0131lan \u00f6z\u0259ll\u0259\u015fdirm\u0259 \u015f\u0259ffaf olmal\u0131, d\u00f6vl\u0259tin maraqlar\u0131 t\u0259min edilm\u0259lidir\u201d.<\/p>\n<p><strong>\u00a0\u201cBank sektorunun sa\u011flamla\u015fd\u0131r\u0131lmas\u0131 prosesi s\u00fcr\u0259tl\u0259ndirilm\u0259lidir\u201d<\/strong><\/p>\n<p>\u201cT\u0259l\u0259bl\u0259r\u0259 cavab verm\u0259y\u0259n, b\u00f6y\u00fck q\u00fcsurlar\u0131 olan banklar Az\u0259rbaycan\u0131n bank sektorunda f\u0259aliyy\u0259t g\u00f6st\u0259r\u0259 bilm\u0259z. Biz bank sektorunu sa\u011flamla\u015fd\u0131rmal\u0131y\u0131q. Bu proses t\u0259\u0259ss\u00fcf ki, l\u0259ng gedir, prosesi s\u00fcr\u0259tl\u0259ndirm\u0259liyik\u201d. Bunu Prezidenti \u0130lham \u018fliyev s\u00f6yl\u0259yib.<\/p>\n<p>D\u00f6vl\u0259t ba\u015f\u00e7\u0131s\u0131 deyib ki, bank sektoru iqtisadiyyat\u0131n real sektorunu daha \u00e7ox kreditl\u0259rl\u0259 t\u0259min etm\u0259lidir: \u201cM\u0259n g\u00f6st\u0259ri\u015f vermi\u015fdim ki, h\u0259r bir rayonda s\u0259naye zonas\u0131 yarad\u0131ls\u0131n, amma bu proses z\u0259if\u00a0 gedir. Bu g\u00fcn konfrans\u0131n davam\u0131nda bu m\u0259s\u0259l\u0259 geni\u015f m\u00fczakir\u0259 olunmal\u0131d\u0131r. B\u00f6lg\u0259l\u0259r\u0259 investisiya ax\u0131n\u0131n\u0131 daha \u00e7ox Az\u0259rbaycan d\u00f6vl\u0259ti, sahibkarlar t\u0259\u015fkil edirdil\u0259r. \u0130ndi icra hakimiyy\u0259tl\u0259ri daha f\u0259al olmal\u0131d\u0131r. N\u0259 q\u0259d\u0259r i\u015f yeri a\u00e7\u0131l\u0131b, m\u00fc\u0259ssis\u0259 yarad\u0131l\u0131b, investisiya c\u0259lb edilib? \u0130cra hakimiyy\u0259tl\u0259rinin f\u0259aliyy\u0259tin\u0259 buna \u0259sas\u0259n qiym\u0259t veril\u0259c\u0259k\u201d.<\/p>\n<p><strong>\u00a0\u201cSosial m\u0259suliyy\u0259t n\u0259z\u0259r\u0259 al\u0131nmal\u0131, \u015firk\u0259tl\u0259rd\u0259 ixtisarlara yol verilm\u0259m\u0259lidir\u201d<\/strong><\/p>\n<p>Prezidentin s\u00f6zl\u0259rin\u0259 g\u00f6r\u0259, sahibkarl\u0131\u011f\u0131n inki\u015faf\u0131 \u00fc\u00e7\u00fcn b\u00f6y\u00fck i\u015fl\u0259r g\u00f6r\u00fcl\u00fcb, ancaq yeni d\u00f6vr yeni yana\u015fmalar t\u0259l\u0259b edir. O bildirib ki, sahibkarl\u0131\u011f\u0131 inki\u015faf etdirm\u0259k, yerli istehsal\u0131 art\u0131rmaq \u00fc\u00e7\u00fcn \u0259lav\u0259 t\u0259dbirl\u0259r g\u00f6r\u00fclm\u0259lidir: \u201cAncaq ist\u0259yir\u0259m, yerl\u0259rd\u0259 sahibkarlar probleml\u0259ri dil\u0259 g\u0259tirsinl\u0259r ki, o probleml\u0259r h\u0259llini taps\u0131n\u201d.<\/p>\n<p>D\u00f6vl\u0259t ba\u015f\u00e7\u0131s\u0131 qeyd edib ki, \u00f6lk\u0259y\u0259 daha \u00e7ox xarici investisiya c\u0259lb olunmal\u0131d\u0131r. Onun s\u00f6zl\u0259rin\u0259 g\u00f6r\u0259, \u00fcmumilikd\u0259 Az\u0259rbaycanda investisiya m\u00fchiti yax\u015f\u0131d\u0131r: \u201cBel\u0259 olmasa, \u00f6lk\u0259miz\u0259 100 milyard xarici investisiya qoyulmazd\u0131. Sad\u0259c\u0259, indi \u00e7al\u0131\u015fmal\u0131y\u0131q ki, xarici investisiya qeyri-neft sektoruna c\u0259lb edilsin. Eyni zamanda, Az\u0259rbaycanda ixrac\u0131n t\u0259\u015fviqi mexanizmini yarad\u0131r\u0131q. Az\u0259rbaycanda r\u0259qab\u0259t qabiliyy\u0259tli m\u0259hsul istehsal ed\u0259n v\u0259 xaric\u0259 satan sahibkarlara g\u00fcz\u0259\u015ftl\u0259r edilm\u0259lidir\u201d.<\/p>\n<p>Prezidentin s\u00f6zl\u0259rin\u0259 g\u00f6r\u0259, yeni i\u015f yerl\u0259rinin yarad\u0131lmas\u0131na ehtiyac var, \u00e7\u00fcnki b\u0259zi i\u015f yerl\u0259ri ba\u011flan\u0131r: \u201cSon 12 ild\u0259 1 milyon 500 min i\u015f yeri yarad\u0131l\u0131b, 1 milyon i\u015f yeri daimidir. Dig\u0259r t\u0259r\u0259fd\u0259n, Az\u0259rbaycan \u0259halisi art\u0131b, bu il Az\u0259rbaycan \u0259halisi 9,7 milyon n\u0259f\u0259rdir. \u018fhalinin artmas\u0131 inki\u015faf\u0131n \u0259lam\u0259tidir. \u018fhalinin artmas\u0131 \u00fcst\u00fcnl\u00fckd\u00fcr, eyni zamanda bizi daha f\u0259al i\u015fl\u0259m\u0259y\u0259 \u00e7a\u011f\u0131r\u0131r. M\u0259n \u0259halinin artmas\u0131na sevinir\u0259m, ancaq infrastruktur, i\u015f yerl\u0259ri d\u0259 buna uy\u011fun artmal\u0131d\u0131r. Sosial m\u0259suliyy\u0259t n\u0259z\u0259r\u0259 al\u0131nmal\u0131, \u015firk\u0259tl\u0259rd\u0259 ixtisar hallar\u0131n\u0131n olmamas\u0131na \u00e7al\u0131\u015f\u0131lmal\u0131d\u0131r. \u0130\u015f yerl\u0259rinin a\u00e7\u0131lmas\u0131nda d\u00f6vl\u0259t \u015firk\u0259tl\u0259ri n\u00fcmun\u0259 g\u00f6st\u0259rm\u0259lidirl\u0259r. \u0130\u015fl\u0259rini itir\u0259n insanlar d\u00f6vl\u0259t \u015firk\u0259tl\u0259rin\u0259 m\u00fcraci\u0259t etsinl\u0259r, \u0259min\u0259m ki, i\u015f yerl\u0259ri olacaq. Sahibkarlar da bu prosesd\u0259 i\u015ftirak etm\u0259lidirl\u0259r. \u00c7\u00fcnki i\u015f adamlar\u0131na d\u00f6vl\u0259t h\u0259rt\u0259r\u0259fli d\u0259st\u0259k verir v\u0259 i\u015f adamlar\u0131 da sosial m\u0259suliyy\u0259tl\u0259rini d\u0259rk etm\u0259lidirl\u0259r\u201d.<\/p>\n<p>D\u00f6vl\u0259t ba\u015f\u00e7\u0131s\u0131 hesab edir ki, vergi u\u00e7otu v\u0259 statistikan\u0131n d\u00fczg\u00fcn apar\u0131lmas\u0131 da vacibdir: \u201cDey\u0259 bilm\u0259r\u0259m ki, bu istiqam\u0259td\u0259 ist\u0259diyimiz\u0259 nail olmu\u015fuq.\u00a0 Q\u00fcsurlar var, onlar aradan g\u00f6t\u00fcr\u00fclm\u0259lidir v\u0259 g\u00f6t\u00fcr\u00fcl\u00fcr. 2016-c\u0131 il bu sah\u0259d\u0259 d\u00f6n\u00fc\u015f olmal\u0131, maliyy\u0259, u\u00e7ot-statistika apar\u0131c\u0131 \u00f6lk\u0259l\u0259rin s\u0259viyy\u0259sin\u0259 uy\u011fun olmal\u0131d\u0131r. Biz harada n\u0259 i\u015fl\u0259r g\u00f6r\u00fcld\u00fcy\u00fcn\u00fc, harada hans\u0131 m\u0259hsullar istehsal edildiyini d\u0259qiq bilm\u0259liyik. Biz yerli istehsal\u0131 qorumal\u0131, bununla b\u0259rab\u0259r inhisar\u00e7\u0131l\u0131\u011fa yol verm\u0259m\u0259liyik. M\u0259n daxili istehsal\u0131n artmas\u0131n\u0131, ixrac qabiliyy\u0259tli m\u0259hsullar\u0131n istehsal\u0131n\u0131 ist\u0259yir\u0259m. Ancaq idxala s\u00fcni mane\u0259l\u0259r qoysaq, azad r\u0259qab\u0259t olmayacaq. \u0130nki\u015faf \u00fc\u00e7\u00fcn is\u0259 azad r\u0259qab\u0259t vacibdir. \u0130dxal qar\u015f\u0131s\u0131nda duran b\u00fct\u00fcn s\u00fcni mane\u0259l\u0259r aradan g\u00f6t\u00fcr\u00fclm\u0259li, eyni zamanda daxili istehsal qorunmal\u0131d\u0131r. D\u00f6vl\u0259t qurumlar\u0131 bu iki amili t\u0259min etm\u0259y\u0259 \u00e7al\u0131\u015fmal\u0131d\u0131rlar\u201d.<\/p>\n<p>Prezident son 12 ild\u0259 300 mehmanxana in\u015fa olundu\u011funa diqq\u0259t \u00e7\u0259k\u0259r\u0259k bildirib ki, \u00f6lk\u0259y\u0259 turist ax\u0131n\u0131 t\u0259min edilm\u0259lidir: \u201cElektron vizalar da burada \u00f6n\u0259mlidir\u201d.<\/p>\n<p>D\u00f6vl\u0259t ba\u015f\u00e7\u0131s\u0131 deyib ki, turizmin inki\u015faf\u0131 il\u0259 ba\u011fl\u0131 xal\u00e7a\u00e7\u0131l\u0131q da inki\u015faf etdirilm\u0259lidir: \u201cK\u0259ndl\u0259rd\u0259 \u015f\u0259rait yarad\u0131lmal\u0131d\u0131r ki, qad\u0131nlar xal\u00e7a\u00e7\u0131l\u0131qla m\u0259\u015f\u011ful olsunlar. Bunun \u00fc\u00e7\u00fcn onlar d\u0259zgah v\u0259 xammalla t\u0259min olunmal\u0131d\u0131r\u201d.<\/p>\n<p><strong>\u00a0Prezident \u0130lham \u018fliyev k\u0259nd t\u0259s\u0259rr\u00fcfat\u0131n\u0131n inki\u015faf\u0131 il\u0259 ba\u011fl\u0131 prioritet sah\u0259l\u0259ri a\u00e7\u0131qlay\u0131b<\/strong><\/p>\n<p>D\u00f6vl\u0259t ba\u015f\u00e7\u0131s\u0131 Az\u0259rbaycanda \u0259rzaq t\u0259hl\u00fck\u0259sizliyinin t\u0259min edilm\u0259sinin prioritet oldu\u011funu vur\u011fulay\u0131b. Prezident bildirib ki, ke\u00e7\u0259n il K\u0259nd T\u0259s\u0259rr\u00fcfat\u0131 ili olub: \u201c\u018fslind\u0259 is\u0259 h\u0259r il k\u0259nd t\u0259s\u0259rr\u00fcfat\u0131 ili kimi q\u0259bul olunmal\u0131d\u0131r. \u0130lk n\u00f6vb\u0259d\u0259 torpaq u\u00e7otu d\u0259qiq apar\u0131lmal\u0131d\u0131r. S\u0259n\u0259dd\u0259 bir sah\u0259dir, fermer ba\u015fqa \u00f6l\u00e7\u00fcd\u0259 sah\u0259d\u0259 i\u015fl\u0259yir. D\u00fczg\u00fcn u\u00e7ot v\u0259 s\u0259n\u0259dl\u0259\u015fm\u0259 apar\u0131lmal\u0131d\u0131r. Bu il bu istiqam\u0259td\u0259 ciddi i\u015fl\u0259r g\u00f6r\u00fclm\u0259lidir\u201d.<\/p>\n<p>Prezident \u0130lham \u018fliyev bildirib ki, k\u0259nd t\u0259s\u0259rr\u00fcfat\u0131n\u0131n inki\u015faf\u0131 \u00fc\u00e7\u00fcn b\u00f6y\u00fck meliorasiya layih\u0259l\u0259ri g\u00f6r\u00fcl\u00fcb, Taxtak\u00f6rp\u00fc, \u015e\u0259mkir su anbarlar\u0131 tikilib, Ceyranbatanda m\u00fcasir t\u0259mizl\u0259m\u0259 qur\u011fusu yarad\u0131l\u0131b: \u201cBel\u0259likl\u0259, Az\u0259rbaycanda on minl\u0259rl\u0259 hektar suvar\u0131lacaq, suvar\u0131lmal\u0131d\u0131r. \u015eimal rayonlar\u0131nda v\u0259 \u015e\u0259mkird\u0259 tezlikl\u0259 fermer t\u0259s\u0259rr\u00fcfatlar\u0131 yarad\u0131lmal\u0131d\u0131r. Heyvandarl\u0131\u011f\u0131n inki\u015faf\u0131 il\u0259 ba\u011fl\u0131 K\u0259nd T\u0259s\u0259rr\u00fcfat\u0131 Nazirliyi t\u0259klifl\u0259r t\u0259qdim edib. Biz \u0259vv\u0259ll\u0259r cins mallar al\u0131rd\u0131q, yen\u0259 al\u0131nacaq. Ancaq s\u00fcni mayaland\u0131rma inki\u015faf etdirilm\u0259lidir\u201d.<\/p>\n<p>D\u00f6vl\u0259t ba\u015f\u00e7\u0131s\u0131 qeyd edib ki, bitki\u00e7ilikd\u0259 d\u0259 b\u00f6y\u00fck inki\u015faf var: \u201cBiz pamb\u0131q\u00e7\u0131l\u0131qla daha geni\u015f m\u0259\u015f\u011ful olmal\u0131y\u0131q. Pamb\u0131q\u00e7\u0131l\u0131q h\u0259m \u00e7oxlu sayda i\u015f yeri, bu, h\u0259m d\u0259 valyuta g\u0259tir\u0259n m\u0259hsul dem\u0259kdir. Pamb\u0131\u011f\u0131 y\u0131\u011fan insanlara veril\u0259n pul art\u0131r\u0131lmal\u0131d\u0131r. M\u0259n\u0259 veril\u0259n m\u0259lumata g\u00f6r\u0259, 1 kq pamb\u0131\u011f\u0131 y\u0131\u011fanlara 42 q\u0259pik verilir. Bu, azd\u0131r, qiym\u0259t \u0259h\u0259miyy\u0259tli d\u0259r\u0259c\u0259d\u0259 qald\u0131r\u0131lmal\u0131d\u0131r. Biz t\u00fct\u00fcn\u00e7\u00fcl\u00fck v\u0259 \u00e7ay\u00e7\u0131l\u0131\u011f\u0131 da inki\u015faf etdirm\u0259li, canland\u0131rmal\u0131y\u0131q\u201d.<\/p>\n<p>\u0130. \u018fliyev bildirib ki, Az\u0259rbaycan \u00f6z\u00fcn\u00fc 92 faiz mal \u0259ti il\u0259 t\u0259min edir: \u201cQu\u015f \u0259ti il\u0259 98,6 faiz \u00f6z\u00fcm\u00fcz\u00fc t\u0259min edirik. Qu\u015f \u0259tinin istehsal\u0131nda son ill\u0259r b\u00f6y\u00fck art\u0131m var, \u00e7\u00fcnki d\u00f6vl\u0259t buna b\u00f6y\u00fck d\u0259st\u0259k verib. Ancaq qu\u015f \u0259tinin istehsal\u0131nda maya d\u0259y\u0259rind\u0259 xaricd\u0259n as\u0131l\u0131l\u0131q 65 faizdir. Burada as\u0131l\u0131l\u0131q dedikd\u0259, qar\u011f\u0131dal\u0131, soya, g\u00fcn\u0259baxandan s\u00f6hb\u0259t gedir. Sahibkarlar da bunu n\u0259z\u0259r\u0259 almal\u0131d\u0131rlar. \u00d6z\u00fcm\u00fcz\u00fc 96 faiz yumurta il\u0259 t\u0259min ets\u0259k d\u0259, 65 faiz maya d\u0259y\u0259rind\u0259 xaricd\u0259n as\u0131l\u0131l\u0131q var. S\u00fcd istehsal\u0131nda da yem v\u0259 d\u0259rman amilind\u0259n xaricd\u0259n as\u0131l\u0131l\u0131q var. Biz s\u00fcdl\u0259 \u00f6z\u00fcm\u00fcz\u00fc t\u0259min etm\u0259li v\u0259 ixrac da etm\u0259liyik\u201d.<\/p>\n<p>D\u00f6vl\u0259t ba\u015f\u00e7\u0131s\u0131 qeyd edib ki, tax\u0131l\u00e7\u0131l\u0131qda inki\u015faf var: \u201c2014-c\u00fc ild\u0259 2 milyon 300 min ton, 2015-ci ild\u0259 2 milyon 900 min ton tax\u0131l istehsal olunub. Amma biz \u00f6z\u00fcm\u00fcz\u00fc 100 faiz tax\u0131lla t\u0259min etm\u0259liyik. Tax\u0131l istehsal\u0131nda xaricd\u0259n 20 faiz as\u0131l\u0131l\u0131q var, bu as\u0131l\u0131l\u0131q da g\u00fcbr\u0259 v\u0259 d\u0259rmanla ba\u011fl\u0131d\u0131r\u201d.<\/p>\n<p>Prezident \u0130lham \u018fliyev g\u00fcbr\u0259 zavodunun tikintisinin s\u00fcr\u0259tl\u0259ndirilm\u0259sinin vacibliyini d\u0259 \u00f6n\u0259 \u00e7\u0259kib: \u201cD\u0259rman istehsal\u0131 il\u0259 ba\u011fl\u0131 da i\u015fl\u0259r g\u00f6r\u00fclm\u0259lidir. Duz, \u015f\u0259k\u0259r v\u0259 \u015f\u0259k\u0259r m\u0259hsullar\u0131 il\u0259 \u00f6z\u00fcm\u00fcz\u00fc \u0259sas\u0259n t\u0259min edirik. Ancaq burada 80 faiz xaricd\u0259n as\u0131l\u0131l\u0131q var, \u015f\u0259k\u0259r xammal\u0131 xaricd\u0259n g\u0259lir. Bunun \u00fc\u00e7\u00fcn daha \u00e7ox \u015f\u0259k\u0259r \u00e7u\u011funduru \u0259kilm\u0259lidir. Bitki ya\u011flar\u0131 v\u0259 marqarinl\u0259 67 faiz \u00f6z\u00fcm\u00fcz\u00fc t\u0259min edirik, 80 faiz xaricd\u0259n as\u0131l\u0131l\u0131q var. Burada da s\u00f6hb\u0259t \u0259sas\u0259n xammaldan gedir. K\u0259r\u0259 ya\u011f\u0131 il\u0259 60 faiz \u00f6z\u00fcm\u00fcz\u00fc t\u0259min edirik, 100 faiz t\u0259min ed\u0259 bil\u0259rik. Meyv\u0259-t\u0259r\u0259v\u0259z \u015fir\u0259l\u0259ri il\u0259 \u00f6z\u00fcm\u00fcz\u00fc t\u0259min ets\u0259k d\u0259, 10 faiz xarici faktordan as\u0131l\u0131l\u0131q var\u201d. D\u00f6vl\u0259t ba\u015f\u00e7\u0131s\u0131 deyib ki, b\u00fct\u00fcn bunlar inki\u015faf g\u00f6st\u0259ricil\u0259ridir: \u201cSovet d\u00f6vr\u00fcnd\u0259 ya\u011f\u0131,\u00a0 pendiri v\u0259 dig\u0259r m\u0259hsullar\u0131 Rusiyadan, Ukraynadan al\u0131rd\u0131q. \u0130ndi is\u0259 bu sah\u0259d\u0259 biz inki\u015faf etm\u0259kd\u0259yik\u201d.<\/td>\n<\/tr>\n<\/tbody>\n<\/table>\n","protected":false},"excerpt":{"rendered":"<p>\u201c\u0130dxal qar\u015f\u0131s\u0131nda duran b\u00fct\u00fcn s\u00fcni mane\u0259l\u0259r aradan g\u00f6t\u00fcr\u00fclm\u0259li, eyni zamanda daxili istehsal qorunmal\u0131d\u0131r\u201d. \u201cAz\u0259rbaycanda ictimai-siyasi sabitlik b\u0259rq\u0259rar olub. G\u00f6rd\u00fcy\u00fcm\u00fcz i\u015fl\u0259rin mahiyy\u0259ti odur ki, daha g\u00fccl\u00fc d\u00f6vl\u0259t yaradaq ki, xalq\u0131m\u0131z rifah i\u00e7ind\u0259, t\u0259hl\u00fck\u0259siz \u015f\u0259raitd\u0259 ya\u015fas\u0131n\u201d. Bunu \u201cAz\u0259rbaycan Respublikas\u0131 regionlar\u0131n\u0131n 2014-2018-ci ill\u0259rd\u0259 sosial-iqtisadi inki\u015faf\u0131 D\u00f6vl\u0259t proqram\u0131\u201dn\u0131n icras\u0131n\u0131n ikinci ilinin yekunlar\u0131na h\u0259sr olunmu\u015f konfransda \u00e7\u0131x\u0131\u015f\u0131nda Az\u0259rbaycan Prezidenti \u0130lham [&hellip;]<\/p>\n","protected":false},"author":1,"featured_media":0,"comment_status":"open","ping_status":"open","sticky":false,"template":"","format":"standard","meta":{"footnotes":""},"categories":[5],"tags":[],"class_list":{"0":"post-22278","1":"post","2":"type-post","3":"status-publish","4":"format-standard","6":"category-knd"},"yoast_head":"<!-- This site is optimized with the Yoast SEO plugin v27.0 - https:\/\/yoast.com\/product\/yoast-seo-wordpress\/ -->\n<title>\u201cToxunulmaz adam yoxdur, ham\u0131 qanun qar\u015f\u0131s\u0131nda cavabdehdir\u201d - Z\u0259rdab.com<\/title>\n<meta name=\"robots\" content=\"index, follow, max-snippet:-1, max-image-preview:large, max-video-preview:-1\" \/>\n<link rel=\"canonical\" href=\"https:\/\/www.zerdab.com\/?p=22278\" \/>\n<meta property=\"og:locale\" content=\"az_AZ\" \/>\n<meta property=\"og:type\" content=\"article\" \/>\n<meta property=\"og:title\" content=\"\u201cToxunulmaz adam yoxdur, ham\u0131 qanun qar\u015f\u0131s\u0131nda cavabdehdir\u201d - Z\u0259rdab.com\" \/>\n<meta property=\"og:description\" content=\"\u201c\u0130dxal qar\u015f\u0131s\u0131nda duran b\u00fct\u00fcn s\u00fcni mane\u0259l\u0259r aradan g\u00f6t\u00fcr\u00fclm\u0259li, eyni zamanda daxili istehsal qorunmal\u0131d\u0131r\u201d. \u201cAz\u0259rbaycanda ictimai-siyasi sabitlik b\u0259rq\u0259rar olub. G\u00f6rd\u00fcy\u00fcm\u00fcz i\u015fl\u0259rin mahiyy\u0259ti odur ki, daha g\u00fccl\u00fc d\u00f6vl\u0259t yaradaq ki, xalq\u0131m\u0131z rifah i\u00e7ind\u0259, t\u0259hl\u00fck\u0259siz \u015f\u0259raitd\u0259 ya\u015fas\u0131n\u201d. Bunu \u201cAz\u0259rbaycan Respublikas\u0131 regionlar\u0131n\u0131n 2014-2018-ci ill\u0259rd\u0259 sosial-iqtisadi inki\u015faf\u0131 D\u00f6vl\u0259t proqram\u0131\u201dn\u0131n icras\u0131n\u0131n ikinci ilinin yekunlar\u0131na h\u0259sr olunmu\u015f konfransda \u00e7\u0131x\u0131\u015f\u0131nda Az\u0259rbaycan Prezidenti \u0130lham [&hellip;]\" \/>\n<meta property=\"og:url\" content=\"https:\/\/www.zerdab.com\/?p=22278\" \/>\n<meta property=\"og:site_name\" content=\"Z\u0259rdab.com\" \/>\n<meta property=\"article:published_time\" content=\"2016-01-27T14:50:55+00:00\" \/>\n<meta property=\"article:modified_time\" content=\"2016-01-27T15:51:56+00:00\" \/>\n<meta name=\"author\" content=\"admin\" \/>\n<meta name=\"twitter:card\" content=\"summary_large_image\" \/>\n<meta name=\"twitter:label1\" content=\"Written by\" \/>\n\t<meta name=\"twitter:data1\" content=\"admin\" \/>\n\t<meta name=\"twitter:label2\" content=\"Est. reading time\" \/>\n\t<meta name=\"twitter:data2\" content=\"12 minutes\" \/>\n<script type=\"application\/ld+json\" class=\"yoast-schema-graph\">{\"@context\":\"https:\/\/schema.org\",\"@graph\":[{\"@type\":\"Article\",\"@id\":\"https:\/\/www.zerdab.com\/?p=22278#article\",\"isPartOf\":{\"@id\":\"https:\/\/www.zerdab.com\/?p=22278\"},\"author\":{\"name\":\"admin\",\"@id\":\"https:\/\/www.zerdab.com\/#\/schema\/person\/97079b7570c1e89ec0d9e138c3672136\"},\"headline\":\"\u201cToxunulmaz adam yoxdur, ham\u0131 qanun qar\u015f\u0131s\u0131nda cavabdehdir\u201d\",\"datePublished\":\"2016-01-27T14:50:55+00:00\",\"dateModified\":\"2016-01-27T15:51:56+00:00\",\"mainEntityOfPage\":{\"@id\":\"https:\/\/www.zerdab.com\/?p=22278\"},\"wordCount\":2503,\"commentCount\":0,\"articleSection\":[\"X\u018fB\u018fRL\u018fR\"],\"inLanguage\":\"az\",\"potentialAction\":[{\"@type\":\"CommentAction\",\"name\":\"Comment\",\"target\":[\"https:\/\/www.zerdab.com\/?p=22278#respond\"]}]},{\"@type\":\"WebPage\",\"@id\":\"https:\/\/www.zerdab.com\/?p=22278\",\"url\":\"https:\/\/www.zerdab.com\/?p=22278\",\"name\":\"\u201cToxunulmaz adam yoxdur, ham\u0131 qanun qar\u015f\u0131s\u0131nda cavabdehdir\u201d - Z\u0259rdab.com\",\"isPartOf\":{\"@id\":\"https:\/\/www.zerdab.com\/#website\"},\"datePublished\":\"2016-01-27T14:50:55+00:00\",\"dateModified\":\"2016-01-27T15:51:56+00:00\",\"author\":{\"@id\":\"https:\/\/www.zerdab.com\/#\/schema\/person\/97079b7570c1e89ec0d9e138c3672136\"},\"breadcrumb\":{\"@id\":\"https:\/\/www.zerdab.com\/?p=22278#breadcrumb\"},\"inLanguage\":\"az\",\"potentialAction\":[{\"@type\":\"ReadAction\",\"target\":[\"https:\/\/www.zerdab.com\/?p=22278\"]}]},{\"@type\":\"BreadcrumbList\",\"@id\":\"https:\/\/www.zerdab.com\/?p=22278#breadcrumb\",\"itemListElement\":[{\"@type\":\"ListItem\",\"position\":1,\"name\":\"Home\",\"item\":\"https:\/\/www.zerdab.com\/\"},{\"@type\":\"ListItem\",\"position\":2,\"name\":\"\u201cToxunulmaz adam yoxdur, ham\u0131 qanun qar\u015f\u0131s\u0131nda cavabdehdir\u201d\"}]},{\"@type\":\"WebSite\",\"@id\":\"https:\/\/www.zerdab.com\/#website\",\"url\":\"https:\/\/www.zerdab.com\/\",\"name\":\"Z\u0259rdab.com\",\"description\":\"\",\"potentialAction\":[{\"@type\":\"SearchAction\",\"target\":{\"@type\":\"EntryPoint\",\"urlTemplate\":\"https:\/\/www.zerdab.com\/?s={search_term_string}\"},\"query-input\":{\"@type\":\"PropertyValueSpecification\",\"valueRequired\":true,\"valueName\":\"search_term_string\"}}],\"inLanguage\":\"az\"},{\"@type\":\"Person\",\"@id\":\"https:\/\/www.zerdab.com\/#\/schema\/person\/97079b7570c1e89ec0d9e138c3672136\",\"name\":\"admin\",\"image\":{\"@type\":\"ImageObject\",\"inLanguage\":\"az\",\"@id\":\"https:\/\/www.zerdab.com\/#\/schema\/person\/image\/\",\"url\":\"https:\/\/secure.gravatar.com\/avatar\/d9c52a9a27c32119cb6679a077fa3e2779e5f822c451cbf01098004361d466ec?s=96&d=mm&r=g\",\"contentUrl\":\"https:\/\/secure.gravatar.com\/avatar\/d9c52a9a27c32119cb6679a077fa3e2779e5f822c451cbf01098004361d466ec?s=96&d=mm&r=g\",\"caption\":\"admin\"},\"url\":\"https:\/\/www.zerdab.com\/?author=1\"}]}<\/script>\n<!-- \/ Yoast SEO plugin. -->","yoast_head_json":{"title":"\u201cToxunulmaz adam yoxdur, ham\u0131 qanun qar\u015f\u0131s\u0131nda cavabdehdir\u201d - Z\u0259rdab.com","robots":{"index":"index","follow":"follow","max-snippet":"max-snippet:-1","max-image-preview":"max-image-preview:large","max-video-preview":"max-video-preview:-1"},"canonical":"https:\/\/www.zerdab.com\/?p=22278","og_locale":"az_AZ","og_type":"article","og_title":"\u201cToxunulmaz adam yoxdur, ham\u0131 qanun qar\u015f\u0131s\u0131nda cavabdehdir\u201d - Z\u0259rdab.com","og_description":"\u201c\u0130dxal qar\u015f\u0131s\u0131nda duran b\u00fct\u00fcn s\u00fcni mane\u0259l\u0259r aradan g\u00f6t\u00fcr\u00fclm\u0259li, eyni zamanda daxili istehsal qorunmal\u0131d\u0131r\u201d. \u201cAz\u0259rbaycanda ictimai-siyasi sabitlik b\u0259rq\u0259rar olub. G\u00f6rd\u00fcy\u00fcm\u00fcz i\u015fl\u0259rin mahiyy\u0259ti odur ki, daha g\u00fccl\u00fc d\u00f6vl\u0259t yaradaq ki, xalq\u0131m\u0131z rifah i\u00e7ind\u0259, t\u0259hl\u00fck\u0259siz \u015f\u0259raitd\u0259 ya\u015fas\u0131n\u201d. Bunu \u201cAz\u0259rbaycan Respublikas\u0131 regionlar\u0131n\u0131n 2014-2018-ci ill\u0259rd\u0259 sosial-iqtisadi inki\u015faf\u0131 D\u00f6vl\u0259t proqram\u0131\u201dn\u0131n icras\u0131n\u0131n ikinci ilinin yekunlar\u0131na h\u0259sr olunmu\u015f konfransda \u00e7\u0131x\u0131\u015f\u0131nda Az\u0259rbaycan Prezidenti \u0130lham [&hellip;]","og_url":"https:\/\/www.zerdab.com\/?p=22278","og_site_name":"Z\u0259rdab.com","article_published_time":"2016-01-27T14:50:55+00:00","article_modified_time":"2016-01-27T15:51:56+00:00","author":"admin","twitter_card":"summary_large_image","twitter_misc":{"Written by":"admin","Est. reading time":"12 minutes"},"schema":{"@context":"https:\/\/schema.org","@graph":[{"@type":"Article","@id":"https:\/\/www.zerdab.com\/?p=22278#article","isPartOf":{"@id":"https:\/\/www.zerdab.com\/?p=22278"},"author":{"name":"admin","@id":"https:\/\/www.zerdab.com\/#\/schema\/person\/97079b7570c1e89ec0d9e138c3672136"},"headline":"\u201cToxunulmaz adam yoxdur, ham\u0131 qanun qar\u015f\u0131s\u0131nda cavabdehdir\u201d","datePublished":"2016-01-27T14:50:55+00:00","dateModified":"2016-01-27T15:51:56+00:00","mainEntityOfPage":{"@id":"https:\/\/www.zerdab.com\/?p=22278"},"wordCount":2503,"commentCount":0,"articleSection":["X\u018fB\u018fRL\u018fR"],"inLanguage":"az","potentialAction":[{"@type":"CommentAction","name":"Comment","target":["https:\/\/www.zerdab.com\/?p=22278#respond"]}]},{"@type":"WebPage","@id":"https:\/\/www.zerdab.com\/?p=22278","url":"https:\/\/www.zerdab.com\/?p=22278","name":"\u201cToxunulmaz adam yoxdur, ham\u0131 qanun qar\u015f\u0131s\u0131nda cavabdehdir\u201d - Z\u0259rdab.com","isPartOf":{"@id":"https:\/\/www.zerdab.com\/#website"},"datePublished":"2016-01-27T14:50:55+00:00","dateModified":"2016-01-27T15:51:56+00:00","author":{"@id":"https:\/\/www.zerdab.com\/#\/schema\/person\/97079b7570c1e89ec0d9e138c3672136"},"breadcrumb":{"@id":"https:\/\/www.zerdab.com\/?p=22278#breadcrumb"},"inLanguage":"az","potentialAction":[{"@type":"ReadAction","target":["https:\/\/www.zerdab.com\/?p=22278"]}]},{"@type":"BreadcrumbList","@id":"https:\/\/www.zerdab.com\/?p=22278#breadcrumb","itemListElement":[{"@type":"ListItem","position":1,"name":"Home","item":"https:\/\/www.zerdab.com\/"},{"@type":"ListItem","position":2,"name":"\u201cToxunulmaz adam yoxdur, ham\u0131 qanun qar\u015f\u0131s\u0131nda cavabdehdir\u201d"}]},{"@type":"WebSite","@id":"https:\/\/www.zerdab.com\/#website","url":"https:\/\/www.zerdab.com\/","name":"Z\u0259rdab.com","description":"","potentialAction":[{"@type":"SearchAction","target":{"@type":"EntryPoint","urlTemplate":"https:\/\/www.zerdab.com\/?s={search_term_string}"},"query-input":{"@type":"PropertyValueSpecification","valueRequired":true,"valueName":"search_term_string"}}],"inLanguage":"az"},{"@type":"Person","@id":"https:\/\/www.zerdab.com\/#\/schema\/person\/97079b7570c1e89ec0d9e138c3672136","name":"admin","image":{"@type":"ImageObject","inLanguage":"az","@id":"https:\/\/www.zerdab.com\/#\/schema\/person\/image\/","url":"https:\/\/secure.gravatar.com\/avatar\/d9c52a9a27c32119cb6679a077fa3e2779e5f822c451cbf01098004361d466ec?s=96&d=mm&r=g","contentUrl":"https:\/\/secure.gravatar.com\/avatar\/d9c52a9a27c32119cb6679a077fa3e2779e5f822c451cbf01098004361d466ec?s=96&d=mm&r=g","caption":"admin"},"url":"https:\/\/www.zerdab.com\/?author=1"}]}},"_links":{"self":[{"href":"https:\/\/www.zerdab.com\/index.php?rest_route=\/wp\/v2\/posts\/22278","targetHints":{"allow":["GET"]}}],"collection":[{"href":"https:\/\/www.zerdab.com\/index.php?rest_route=\/wp\/v2\/posts"}],"about":[{"href":"https:\/\/www.zerdab.com\/index.php?rest_route=\/wp\/v2\/types\/post"}],"author":[{"embeddable":true,"href":"https:\/\/www.zerdab.com\/index.php?rest_route=\/wp\/v2\/users\/1"}],"replies":[{"embeddable":true,"href":"https:\/\/www.zerdab.com\/index.php?rest_route=%2Fwp%2Fv2%2Fcomments&post=22278"}],"version-history":[{"count":1,"href":"https:\/\/www.zerdab.com\/index.php?rest_route=\/wp\/v2\/posts\/22278\/revisions"}],"predecessor-version":[{"id":22280,"href":"https:\/\/www.zerdab.com\/index.php?rest_route=\/wp\/v2\/posts\/22278\/revisions\/22280"}],"wp:attachment":[{"href":"https:\/\/www.zerdab.com\/index.php?rest_route=%2Fwp%2Fv2%2Fmedia&parent=22278"}],"wp:term":[{"taxonomy":"category","embeddable":true,"href":"https:\/\/www.zerdab.com\/index.php?rest_route=%2Fwp%2Fv2%2Fcategories&post=22278"},{"taxonomy":"post_tag","embeddable":true,"href":"https:\/\/www.zerdab.com\/index.php?rest_route=%2Fwp%2Fv2%2Ftags&post=22278"}],"curies":[{"name":"wp","href":"https:\/\/api.w.org\/{rel}","templated":true}]}}