{"id":22365,"date":"2016-02-10T19:34:32","date_gmt":"2016-02-10T15:34:32","guid":{"rendered":"http:\/\/www.zerdab.com\/?p=22365"},"modified":"2016-02-10T19:34:32","modified_gmt":"2016-02-10T15:34:32","slug":"z%c9%99rdabdan-prezident-administrasiyasina-gond%c9%99ril%c9%99n-m%c9%99ktublar","status":"publish","type":"post","link":"https:\/\/www.zerdab.com\/?p=22365","title":{"rendered":"Z\u0259rdabdan Prezident Administrasiyas\u0131na g\u00f6nd\u0259ril\u0259n m\u0259ktublar"},"content":{"rendered":"<p>Az\u0259rbaycan Respublikas\u0131 Prezidenti Administrasiyas\u0131n\u0131n S\u0259n\u0259dl\u0259rl\u0259 v\u0259 v\u0259t\u0259nda\u015flar\u0131n m\u00fcraci\u0259tl\u0259ri il\u0259 i\u015f \u015f\u00f6b\u0259sinin m\u00fcdiri S\u00fcleyman \u0130smay\u0131lov respublika v\u0259t\u0259nda\u015flar\u0131n\u0131n \u00f6z m\u00fcraci\u0259tl\u0259rind\u0259 qald\u0131rd\u0131qlar\u0131 probleml\u0259rin h\u0259lli il\u0259 ba\u011fl\u0131 t\u0259hlil-m\u0259qal\u0259 haz\u0131rlay\u0131b. Zerdab.com sayt\u0131 h\u0259min m\u0259qal\u0259d\u0259n Z\u0259rdab rayonuna aid olan hiss\u0259l\u0259ri q\u0131sa ixtisarla t\u0259qdim edir.<\/p>\n<p>&#8220;Bir s\u0131ra m\u00fcraci\u0259tl\u0259rd\u0259 yer alan fikir v\u0259 m\u00fclahiz\u0259l\u0259r g\u00f6st\u0259rir ki, xalq\u0131m\u0131z\u0131n V\u0259t\u0259n u\u011frunda m\u00fcbariz\u0259 \u0259zmi y\u00fcks\u0259k s\u0259viyy\u0259d\u0259dir. N\u0259v\u0259si c\u0259bh\u0259 b\u00f6lg\u0259sind\u0259 \u0259sg\u0259ri borcunu yerin\u0259 yetir\u0259rk\u0259n q\u0259hr\u0259mancas\u0131na h\u0259lak olmu\u015f Z\u0259rdab\u0131n \u015e\u0259ft\u0259hal k\u0259ndind\u0259n \u018f. Mirz\u0259yev yaz\u0131r: &#8220;Hesab edir\u0259m ki, \u0259g\u0259r V\u0259t\u0259n u\u011frunda, torpaq u\u011frunda d\u00f6y\u00fc\u015f\u00fcr\u00fcks\u0259, \u015f\u0259hidl\u0259r verm\u0259yimiz qa\u00e7\u0131lmazd\u0131r&#8230; Ya\u015fl\u0131 olma\u011f\u0131ma baxmayaraq, bu g\u00fcn d\u0259 silah g\u00f6t\u00fcr\u0259r\u0259k c\u0259bh\u0259 b\u00f6lg\u0259sind\u0259 vuru\u015fma\u011fa haz\u0131ram&#8221;.<\/p>\n<p>&#8220;\u0130ndiki qlobal b\u00f6hran \u015f\u0259raitind\u0259 Az\u0259rbaycanda \u00f6z\u0259l sektorun v\u0259 sahibkarl\u0131\u011f\u0131n inki\u015faf\u0131 daha aktual xarakter da\u015f\u0131y\u0131r. \u00d6lk\u0259mizin \u00fcmumi iqtisadi inki\u015faf\u0131 \u00fc\u00e7\u00fcn sahibkarlara \u0259lveri\u015fli \u015f\u0259raitin yarad\u0131lmas\u0131 istiqam\u0259tind\u0259 2015-ci ild\u0259 bir s\u0131ra m\u00fch\u00fcm add\u0131mlar at\u0131lm\u0131\u015f, vacib q\u0259rarlar q\u0259bul edilmi\u015fdir. Bu q\u0259rarlar v\u0259t\u0259nda\u015flar, x\u00fcsusil\u0259 d\u0259 sahibkarlar t\u0259r\u0259find\u0259n b\u00f6y\u00fck sevincl\u0259 qar\u015f\u0131lanm\u0131\u015fd\u0131r. \u0130smay\u0131ll\u0131dan A.A\u011fayev, F.\u0130sayev, N.M\u0259h\u0259rr\u0259mov, T.Ba\u011f\u0131rova v\u0259 ba\u015fqalar\u0131n\u0131n m\u0259ktubunda deyildiyi kimi, &#8220;Az\u0259rbaycanda sahibkarl\u0131\u011f\u0131n inki\u015faf\u0131n\u0131n yeni d\u00f6vr\u00fc ba\u015flam\u0131\u015fd\u0131r&#8221;. V\u0259t\u0259nda\u015flar m\u00fch\u00fcm d\u00f6vl\u0259t strukturlar\u0131nda \u00f6zl\u0259rin\u0259 yer etmi\u015f, lakin t\u0259kc\u0259 sahibkarlara yox, h\u0259m d\u0259 d\u00f6vl\u0259tin siyas\u0259tin\u0259 arxadan z\u0259rb\u0259 vurmu\u015f \u015f\u0259xsl\u0259rin \u00f6z layiqli c\u0259zalar\u0131n\u0131 almas\u0131 \u00fc\u00e7\u00fcn \u00f6lk\u0259 Prezidentinin atd\u0131\u011f\u0131 s\u0259rt add\u0131mlar\u0131 m\u00fcsb\u0259t qiym\u0259tl\u0259ndirmi\u015fl\u0259r.<\/p>\n<p>Nax\u00e7\u0131van Muxtar Respublikas\u0131ndan, Bin\u0259q\u0259di, Qarada\u011f v\u0259 Yasamaldan, X\u0259z\u0259rin M\u0259rd\u0259kan, Nizaminin Ke\u015fl\u0259, Sumqay\u0131t\u0131n \u0130n\u015faat\u00e7\u0131lar, L\u0259nk\u0259ran\u0131n \u0130stisu, \u015eirvan\u0131n Bayraml\u0131, Ab\u015feronun Ceyranbatan q\u0259s\u0259b\u0259l\u0259rind\u0259n, G\u0259nc\u0259, A\u011fcab\u0259di, A\u011fstafa, Hac\u0131qabul, Qobustan, Neft\u00e7ala, Sabirabad, \u015eamax\u0131 v\u0259 Zaqataladan, G\u0259d\u0259b\u0259yin \u00c7alburun, Masall\u0131n\u0131n\u015eat\u0131roba, Z\u0259rdab\u0131n G\u00f6d\u0259kqobu k\u0259ndl\u0259rind\u0259n daxil olan m\u00fcraci\u0259tl\u0259rd\u0259 buna g\u00f6r\u0259 t\u0259\u015f\u0259kk\u00fcr bildirilir&#8221;.<\/p>\n<p>&#8220;\u00d6t\u0259n il m\u00fc\u0259lliml\u0259r \u00fc\u00e7\u00fcn d\u0259 \u0259lam\u0259tdar olmu\u015fdur. &#8220;D\u00f6vl\u0259t \u00fcmumi t\u0259hsil m\u00fc\u0259ssis\u0259l\u0259rind\u0259 \u00e7al\u0131\u015fan, bilik v\u0259 bacar\u0131qlar\u0131n\u0131n diaqnostik qiym\u0259tl\u0259ndirilm\u0259si apar\u0131lan m\u00fc\u0259lliml\u0259rin d\u0259rs y\u00fck\u00fcn\u00fcn v\u0259 \u0259m\u0259khaqq\u0131n\u0131n art\u0131r\u0131lmas\u0131 haqq\u0131nda&#8221; Az\u0259rbaycan Respublikas\u0131 Prezidentinin 2015-ci il 16 yanvar tarixli S\u0259r\u0259ncam\u0131 il\u0259 \u0259laq\u0259dar daxil olan \u00e7oxlu sayda minn\u0259tdarl\u0131q m\u0259ktublar\u0131 bu c\u0259h\u0259td\u0259n maraq do\u011furur. Nax\u00e7\u0131van Muxtar Respublikas\u0131ndan, Qarada\u011f\u0131n L\u00f6kbatan,Suraxan\u0131n\u0131n H\u00f6vsan q\u0259s\u0259b\u0259l\u0259rind\u0259n, Ab\u015feronun X\u0131rdalan \u015f\u0259h\u0259rind\u0259n, S\u0259bail, Astara, Da\u015fk\u0259s\u0259n, Qubadl\u0131 v\u0259 Z\u0259rdabdan, dig\u0259r \u015f\u0259h\u0259r v\u0259 rayonlardan daxil olan m\u0259ktublar\u0131 buna misal g\u00f6st\u0259rm\u0259k olar&#8221;.<\/p>\n<p>&#8220;\u00d6t\u0259n 2015-ci il \u00f6lk\u0259 tarixind\u0259 h\u0259m d\u0259 n\u00f6vb\u0259ti se\u00e7kil\u0259r ili kimi qald\u0131. Be\u015finci \u00e7a\u011f\u0131r\u0131\u015f Milli M\u0259clis\u0259 ke\u00e7iril\u0259n se\u00e7kil\u0259r Az\u0259rbaycan\u0131n h\u00fcquqi d\u00f6vl\u0259t quruculu\u011fu yolu il\u0259 inamla add\u0131mlad\u0131\u011f\u0131n\u0131 bir daha \u0259yani n\u00fcmayi\u015f etdirdi. S\u0259bail, A\u011fcab\u0259di, G\u00f6yg\u00f6l, Q\u0259b\u0259l\u0259, Qobustan, Qusar, \u015eu\u015fa v\u0259 Z\u0259rdabdan, Balak\u0259nin Qullar, L\u0259nk\u0259ran\u0131n Mamusta k\u0259ndl\u0259rind\u0259n, dig\u0259r \u015f\u0259h\u0259r v\u0259 rayonlardan v\u0259t\u0259nda\u015flar bu se\u00e7kil\u0259rin u\u011furla ke\u00e7irilm\u0259si v\u0259 hakim Yeni Az\u0259rbaycan Partiyas\u0131n\u0131n inaml\u0131 q\u0259l\u0259b\u0259si m\u00fcnasib\u0259til\u0259 \u00f6lk\u0259 Prezidentini t\u0259brik etmi\u015fl\u0259r. Bu se\u00e7kil\u0259r Yeni Az\u0259rbaycan Partiyas\u0131na, onun s\u0259dri Prezident \u0130lham \u018fliyev\u0259 xalq\u0131n inam v\u0259 etibar\u0131n\u0131n \u0259yani n\u00fcmayi\u015fin\u0259 \u00e7evrildi&#8221;.<\/p>\n<p>&#8220;\u018fhalinin i\u00e7m\u0259li su, qaz, elektrik enerjisi il\u0259 t\u0259chizat\u0131 v\u0259ziyy\u0259ti \u00f6lk\u0259 Prezidentinin daim diqq\u0259t m\u0259rk\u0259zind\u0259dir. Bu sah\u0259l\u0259rd\u0259 m\u00f6vcud v\u0259ziyy\u0259tin daha da yax\u015f\u0131la\u015fd\u0131r\u0131lmas\u0131 v\u0259 v\u0259t\u0259nda\u015flar\u0131 narahat ed\u0259n \u00e7at\u0131\u015fmazl\u0131qlar\u0131n aradan qald\u0131r\u0131lmas\u0131 \u00fc\u00e7\u00fcn 2015-ci ild\u0259 m\u00fch\u00fcm i\u015fl\u0259r g\u00f6r\u00fclm\u00fc\u015fd\u00fcr. B\u0259zi minn\u0259tdarl\u0131q m\u0259ktublar\u0131n\u0131 h\u0259min i\u015fl\u0259rin \u0259ks-s\u0259das\u0131 hesab etm\u0259k olar. M\u0259s\u0259l\u0259n, G\u0259nc\u0259nin M\u0259hs\u0259ti q\u0259s\u0259b\u0259sind\u0259n, L\u0259nk\u0259ran\u0131n Xolmili, O\u011fuzun Xa\u00e7maz, Salyan\u0131nYeni Uluxanl\u0131, A\u011fcab\u0259dinin R\u0259ncb\u0259rl\u0259r v\u0259 H\u00fcs\u00fcl\u00fc, Astaran\u0131n T\u00fcl\u0259g\u00fcvan, C\u0259lilabad\u0131n Babal\u0131, \u015eil\u0259v\u0259ng\u0259, Adnal\u0131, Ab\u0131\u015fabad, \u015eabanl\u0131, Hac\u0131cavadl\u0131, \u015e\u0131xlar, G\u0259d\u0259b\u0259yin N\u0259rimank\u0259nd,Goranboyun Azad, Hac\u0131qabulun Udulu v\u0259 Qubal\u0131, Sabirabad\u0131n \u018fhm\u0259dabad, T\u0259rt\u0259rinBorsunlu v\u0259 Sar\u0131cal\u0131, Z\u0259rdab\u0131n \u00c7all\u0131 v\u0259 Qoruqba\u011f\u0131, dig\u0259r \u015f\u0259h\u0259r v\u0259 rayonlar\u0131n k\u0259nd v\u0259 q\u0259s\u0259b\u0259l\u0259rind\u0259n daxil olan m\u0259ktublarda qaz x\u0259ttinin \u00e7\u0259kilm\u0259sin\u0259 v\u0259 t\u0259bii qaz\u0131n verilm\u0259sin\u0259, S\u0259bailin Badamdar q\u0259s\u0259b\u0259sind\u0259n, \u015e\u0259kinin \u015e\u0259ki, A\u011fcab\u0259dinin K\u00f6y\u00fck, B\u0259rd\u0259nin B\u0259cir\u0259van,G\u00f6yg\u00f6l\u00fcn Ha\u00e7aqaya, K\u00fcrd\u0259mirin Qo\u00e7ulu k\u0259ndl\u0259rind\u0259n v\u0259 ba\u015fqa yerl\u0259rd\u0259n daxil olmu\u015f m\u0259ktublarda k\u0259nd v\u0259 q\u0259s\u0259b\u0259l\u0259rin i\u00e7m\u0259li su probleminin aradan qald\u0131r\u0131lmas\u0131na, o c\u00fcml\u0259d\u0259n subartezian quyular\u0131n\u0131n qaz\u0131lmas\u0131na, su anbarlar\u0131n\u0131n tikilm\u0259sin\u0259, su x\u0259tl\u0259rinin \u00e7\u0259kilm\u0259sin\u0259 g\u00f6r\u0259 raz\u0131l\u0131q bildirmi\u015fl\u0259r&#8221;.<\/p>\n<p>&#8220;\u00d6lk\u0259 Prezidentinin 2015-ci ild\u0259 imzalad\u0131\u011f\u0131 m\u00fcvafiq f\u0259rmanlar da\u015f\u0131nmaz \u0259mlak\u0131n s\u0259n\u0259dl\u0259\u015fdirilm\u0259si i\u015fl\u0259rinin s\u00fcr\u0259tl\u0259ndirilm\u0259sin\u0259 \u015f\u0259rait yaratm\u0131\u015fd\u0131r. Bel\u0259 bir add\u0131m\u0131n at\u0131lmas\u0131 \u0259lb\u0259tt\u0259 ki, v\u0259t\u0259nda\u015flar t\u0259r\u0259find\u0259n b\u00f6y\u00fck raz\u0131l\u0131qla qar\u015f\u0131lanm\u0131\u015fd\u0131r. Nizami (Bak\u0131), S\u0259bail v\u0259 Suraxan\u0131dan, G\u0259nc\u0259nin G\u00fcl\u00fcstan q\u0259s\u0259b\u0259sind\u0259n m\u0259nzill\u0259rin, \u015eirvan, G\u00f6y\u00e7ay, Hac\u0131qabul v\u0259 Neft\u00e7aladan, Ab\u015feronun Goradil, G\u00f6yg\u00f6l\u00fcn \u00dc\u00e7t\u0259p\u0259, Sabirabad\u0131n Xanke\u00e7\u0259n k\u0259ndl\u0259rind\u0259n f\u0259rdi ya\u015fay\u0131\u015f evl\u0259rinin, Ming\u0259\u00e7evir v\u0259 A\u011fda\u015fdan, Sabirabad\u0131n Suqovu\u015fan, Salyan\u0131n Sarvan,Z\u0259rdab\u0131n Al\u0131canl\u0131 k\u0259ndl\u0259rind\u0259n torpa\u011f\u0131n, qeyri-ya\u015fay\u0131\u015f sah\u0259sinin s\u0259n\u0259dl\u0259\u015fdirilm\u0259sin\u0259 g\u00f6r\u0259 minn\u0259tdarl\u0131q etmi\u015fl\u0259r. Dig\u0259r \u015f\u0259h\u0259r v\u0259 rayonlardan bir \u00e7oxlar\u0131n\u0131n m\u0259ktublar\u0131 da bu m\u0259s\u0259l\u0259 il\u0259 \u0259laq\u0259dar olmu\u015fdur&#8221;.<\/p>\n<p><strong>&#8220;Az\u0259rbaycan Prezidenti d\u0259f\u0259l\u0259rl\u0259 b\u0259yan etmi\u015fdir ki, sabitlik olmasa, he\u00e7 bir inki\u015fafdan s\u00f6hb\u0259t ged\u0259 bilm\u0259z. \u00d6lk\u0259 v\u0259t\u0259nda\u015flar\u0131 da m\u00f6vcud sabitliy\u0259 g\u00f6r\u0259 d\u00f6vl\u0259t ba\u015f\u00e7\u0131s\u0131na h\u0259mi\u015f\u0259 minn\u0259tdard\u0131rlar.<\/strong> Nardaran hadis\u0259l\u0259ri zaman\u0131 onlar bu m\u00f6vqeni bir daha n\u00fcmayi\u015f etdirdil\u0259r. M\u0259ktublarda bel\u0259 bir qar\u015f\u0131durman\u0131n ba\u015f verm\u0259si, polis \u0259m\u0259kda\u015flar\u0131na silahl\u0131 m\u00fcqavim\u0259t g\u00f6st\u0259rilm\u0259si birm\u0259nal\u0131 \u015f\u0259kild\u0259 pisl\u0259nilir, onu t\u00f6r\u0259d\u0259nl\u0259rin \u0259m\u0259ll\u0259ri d\u00f6vl\u0259t\u0259 v\u0259 xalqa x\u0259yan\u0259t kimi qiym\u0259tl\u0259ndirilir v\u0259 h\u0259min \u015f\u0259xsl\u0259rin ciddi \u015f\u0259kild\u0259 c\u0259zaland\u0131r\u0131lmas\u0131 ist\u0259nilir. Din p\u0259rd\u0259si alt\u0131nda k\u00fctl\u0259vi i\u011fti\u015fa\u015flar t\u00f6r\u0259tm\u0259y\u0259, ictimai-siyasi sabitliyi pozma\u011fa \u00e7al\u0131\u015fanlara qar\u015f\u0131 d\u00f6vl\u0259t t\u0259r\u0259find\u0259n h\u0259yata ke\u00e7iril\u0259n q\u0259tiyy\u0259tli add\u0131mlar v\u0259t\u0259nda\u015flar t\u0259r\u0259find\u0259n yekdillikl\u0259 alq\u0131\u015flan\u0131r. <strong>Sabun\u00e7udan<\/strong> Z.\u018fliyev yaz\u0131r: \u201cNardaran q\u0259s\u0259b\u0259sind\u0259 bir qrup \u015f\u0259xsin h\u00fcquq m\u00fchafiz\u0259 orqanlar\u0131n\u0131n \u0259m\u0259kda\u015flar\u0131na qar\u015f\u0131 silahl\u0131 m\u00fcqavim\u0259t g\u00f6st\u0259rm\u0259sini q\u0259ti \u015f\u0259kild\u0259 pisl\u0259yirik. Rayonumuzda din p\u0259rd\u0259si alt\u0131nda gizl\u0259n\u0259n cinay\u0259tkarlar\u0131n tamamil\u0259 z\u0259r\u0259rsizl\u0259\u015fdirilm\u0259l\u0259rini ist\u0259yirik. Bu, bizim d\u00f6vl\u0259timiz\u0259 v\u0259 m\u00fcst\u0259qilliyimiz\u0259 vurulan z\u0259rb\u0259dir\u201d.<strong>G\u0259nc\u0259, Sumqay\u0131t, \u015e\u0259ki, B\u0259rd\u0259, La\u00e7\u0131n, Saatl\u0131, Ucar, Z\u0259rdab,<\/strong> dig\u0259r \u015f\u0259h\u0259r v\u0259 rayonlardan daxil olan m\u0259ktublar da bu q\u0259bild\u0259ndir&#8221;.<\/p>\n<p>(ard\u0131 var)<\/p>\n","protected":false},"excerpt":{"rendered":"<p>Az\u0259rbaycan Respublikas\u0131 Prezidenti Administrasiyas\u0131n\u0131n S\u0259n\u0259dl\u0259rl\u0259 v\u0259 v\u0259t\u0259nda\u015flar\u0131n m\u00fcraci\u0259tl\u0259ri il\u0259 i\u015f \u015f\u00f6b\u0259sinin m\u00fcdiri S\u00fcleyman \u0130smay\u0131lov respublika v\u0259t\u0259nda\u015flar\u0131n\u0131n \u00f6z m\u00fcraci\u0259tl\u0259rind\u0259 qald\u0131rd\u0131qlar\u0131 probleml\u0259rin h\u0259lli il\u0259 ba\u011fl\u0131 t\u0259hlil-m\u0259qal\u0259 haz\u0131rlay\u0131b. Zerdab.com sayt\u0131 h\u0259min m\u0259qal\u0259d\u0259n Z\u0259rdab rayonuna aid olan hiss\u0259l\u0259ri q\u0131sa ixtisarla t\u0259qdim edir. &#8220;Bir s\u0131ra m\u00fcraci\u0259tl\u0259rd\u0259 yer alan fikir v\u0259 m\u00fclahiz\u0259l\u0259r g\u00f6st\u0259rir ki, xalq\u0131m\u0131z\u0131n V\u0259t\u0259n u\u011frunda m\u00fcbariz\u0259 \u0259zmi y\u00fcks\u0259k s\u0259viyy\u0259d\u0259dir. [&hellip;]<\/p>\n","protected":false},"author":1,"featured_media":22153,"comment_status":"open","ping_status":"open","sticky":false,"template":"","format":"standard","meta":{"footnotes":""},"categories":[5],"tags":[],"class_list":{"0":"post-22365","1":"post","2":"type-post","3":"status-publish","4":"format-standard","5":"has-post-thumbnail","7":"category-knd"},"yoast_head":"<!-- This site is optimized with the Yoast SEO plugin v27.0 - https:\/\/yoast.com\/product\/yoast-seo-wordpress\/ -->\n<title>Z\u0259rdabdan Prezident Administrasiyas\u0131na g\u00f6nd\u0259ril\u0259n m\u0259ktublar - Z\u0259rdab.com<\/title>\n<meta name=\"robots\" content=\"index, follow, max-snippet:-1, max-image-preview:large, max-video-preview:-1\" \/>\n<link rel=\"canonical\" href=\"https:\/\/www.zerdab.com\/?p=22365\" \/>\n<meta property=\"og:locale\" content=\"az_AZ\" \/>\n<meta property=\"og:type\" content=\"article\" \/>\n<meta property=\"og:title\" content=\"Z\u0259rdabdan Prezident Administrasiyas\u0131na g\u00f6nd\u0259ril\u0259n m\u0259ktublar - Z\u0259rdab.com\" \/>\n<meta property=\"og:description\" content=\"Az\u0259rbaycan Respublikas\u0131 Prezidenti Administrasiyas\u0131n\u0131n S\u0259n\u0259dl\u0259rl\u0259 v\u0259 v\u0259t\u0259nda\u015flar\u0131n m\u00fcraci\u0259tl\u0259ri il\u0259 i\u015f \u015f\u00f6b\u0259sinin m\u00fcdiri S\u00fcleyman \u0130smay\u0131lov respublika v\u0259t\u0259nda\u015flar\u0131n\u0131n \u00f6z m\u00fcraci\u0259tl\u0259rind\u0259 qald\u0131rd\u0131qlar\u0131 probleml\u0259rin h\u0259lli il\u0259 ba\u011fl\u0131 t\u0259hlil-m\u0259qal\u0259 haz\u0131rlay\u0131b. Zerdab.com sayt\u0131 h\u0259min m\u0259qal\u0259d\u0259n Z\u0259rdab rayonuna aid olan hiss\u0259l\u0259ri q\u0131sa ixtisarla t\u0259qdim edir. &#8220;Bir s\u0131ra m\u00fcraci\u0259tl\u0259rd\u0259 yer alan fikir v\u0259 m\u00fclahiz\u0259l\u0259r g\u00f6st\u0259rir ki, xalq\u0131m\u0131z\u0131n V\u0259t\u0259n u\u011frunda m\u00fcbariz\u0259 \u0259zmi y\u00fcks\u0259k s\u0259viyy\u0259d\u0259dir. [&hellip;]\" \/>\n<meta property=\"og:url\" content=\"https:\/\/www.zerdab.com\/?p=22365\" \/>\n<meta property=\"og:site_name\" content=\"Z\u0259rdab.com\" \/>\n<meta property=\"article:published_time\" content=\"2016-02-10T15:34:32+00:00\" \/>\n<meta property=\"og:image\" content=\"https:\/\/www.zerdab.com\/wp-content\/uploads\/2016\/01\/Z\u0259rdab-1.jpg\" \/>\n\t<meta property=\"og:image:width\" content=\"960\" \/>\n\t<meta property=\"og:image:height\" content=\"637\" \/>\n\t<meta property=\"og:image:type\" content=\"image\/jpeg\" \/>\n<meta name=\"author\" content=\"admin\" \/>\n<meta name=\"twitter:card\" content=\"summary_large_image\" \/>\n<meta name=\"twitter:label1\" content=\"Written by\" \/>\n\t<meta name=\"twitter:data1\" content=\"admin\" \/>\n\t<meta name=\"twitter:label2\" content=\"Est. reading time\" \/>\n\t<meta name=\"twitter:data2\" content=\"8 minutes\" \/>\n<script type=\"application\/ld+json\" class=\"yoast-schema-graph\">{\"@context\":\"https:\/\/schema.org\",\"@graph\":[{\"@type\":\"Article\",\"@id\":\"https:\/\/www.zerdab.com\/?p=22365#article\",\"isPartOf\":{\"@id\":\"https:\/\/www.zerdab.com\/?p=22365\"},\"author\":{\"name\":\"admin\",\"@id\":\"https:\/\/www.zerdab.com\/#\/schema\/person\/97079b7570c1e89ec0d9e138c3672136\"},\"headline\":\"Z\u0259rdabdan Prezident Administrasiyas\u0131na g\u00f6nd\u0259ril\u0259n m\u0259ktublar\",\"datePublished\":\"2016-02-10T15:34:32+00:00\",\"mainEntityOfPage\":{\"@id\":\"https:\/\/www.zerdab.com\/?p=22365\"},\"wordCount\":1535,\"commentCount\":0,\"image\":{\"@id\":\"https:\/\/www.zerdab.com\/?p=22365#primaryimage\"},\"thumbnailUrl\":\"https:\/\/www.zerdab.com\/wp-content\/uploads\/2016\/01\/Z\u0259rdab-1.jpg\",\"articleSection\":[\"X\u018fB\u018fRL\u018fR\"],\"inLanguage\":\"az\",\"potentialAction\":[{\"@type\":\"CommentAction\",\"name\":\"Comment\",\"target\":[\"https:\/\/www.zerdab.com\/?p=22365#respond\"]}]},{\"@type\":\"WebPage\",\"@id\":\"https:\/\/www.zerdab.com\/?p=22365\",\"url\":\"https:\/\/www.zerdab.com\/?p=22365\",\"name\":\"Z\u0259rdabdan Prezident Administrasiyas\u0131na g\u00f6nd\u0259ril\u0259n m\u0259ktublar - Z\u0259rdab.com\",\"isPartOf\":{\"@id\":\"https:\/\/www.zerdab.com\/#website\"},\"primaryImageOfPage\":{\"@id\":\"https:\/\/www.zerdab.com\/?p=22365#primaryimage\"},\"image\":{\"@id\":\"https:\/\/www.zerdab.com\/?p=22365#primaryimage\"},\"thumbnailUrl\":\"https:\/\/www.zerdab.com\/wp-content\/uploads\/2016\/01\/Z\u0259rdab-1.jpg\",\"datePublished\":\"2016-02-10T15:34:32+00:00\",\"author\":{\"@id\":\"https:\/\/www.zerdab.com\/#\/schema\/person\/97079b7570c1e89ec0d9e138c3672136\"},\"breadcrumb\":{\"@id\":\"https:\/\/www.zerdab.com\/?p=22365#breadcrumb\"},\"inLanguage\":\"az\",\"potentialAction\":[{\"@type\":\"ReadAction\",\"target\":[\"https:\/\/www.zerdab.com\/?p=22365\"]}]},{\"@type\":\"ImageObject\",\"inLanguage\":\"az\",\"@id\":\"https:\/\/www.zerdab.com\/?p=22365#primaryimage\",\"url\":\"https:\/\/www.zerdab.com\/wp-content\/uploads\/2016\/01\/Z\u0259rdab-1.jpg\",\"contentUrl\":\"https:\/\/www.zerdab.com\/wp-content\/uploads\/2016\/01\/Z\u0259rdab-1.jpg\",\"width\":960,\"height\":637},{\"@type\":\"BreadcrumbList\",\"@id\":\"https:\/\/www.zerdab.com\/?p=22365#breadcrumb\",\"itemListElement\":[{\"@type\":\"ListItem\",\"position\":1,\"name\":\"Home\",\"item\":\"https:\/\/www.zerdab.com\/\"},{\"@type\":\"ListItem\",\"position\":2,\"name\":\"Z\u0259rdabdan Prezident Administrasiyas\u0131na g\u00f6nd\u0259ril\u0259n m\u0259ktublar\"}]},{\"@type\":\"WebSite\",\"@id\":\"https:\/\/www.zerdab.com\/#website\",\"url\":\"https:\/\/www.zerdab.com\/\",\"name\":\"Z\u0259rdab.com\",\"description\":\"\",\"potentialAction\":[{\"@type\":\"SearchAction\",\"target\":{\"@type\":\"EntryPoint\",\"urlTemplate\":\"https:\/\/www.zerdab.com\/?s={search_term_string}\"},\"query-input\":{\"@type\":\"PropertyValueSpecification\",\"valueRequired\":true,\"valueName\":\"search_term_string\"}}],\"inLanguage\":\"az\"},{\"@type\":\"Person\",\"@id\":\"https:\/\/www.zerdab.com\/#\/schema\/person\/97079b7570c1e89ec0d9e138c3672136\",\"name\":\"admin\",\"image\":{\"@type\":\"ImageObject\",\"inLanguage\":\"az\",\"@id\":\"https:\/\/www.zerdab.com\/#\/schema\/person\/image\/\",\"url\":\"https:\/\/secure.gravatar.com\/avatar\/d9c52a9a27c32119cb6679a077fa3e2779e5f822c451cbf01098004361d466ec?s=96&d=mm&r=g\",\"contentUrl\":\"https:\/\/secure.gravatar.com\/avatar\/d9c52a9a27c32119cb6679a077fa3e2779e5f822c451cbf01098004361d466ec?s=96&d=mm&r=g\",\"caption\":\"admin\"},\"url\":\"https:\/\/www.zerdab.com\/?author=1\"}]}<\/script>\n<!-- \/ Yoast SEO plugin. -->","yoast_head_json":{"title":"Z\u0259rdabdan Prezident Administrasiyas\u0131na g\u00f6nd\u0259ril\u0259n m\u0259ktublar - Z\u0259rdab.com","robots":{"index":"index","follow":"follow","max-snippet":"max-snippet:-1","max-image-preview":"max-image-preview:large","max-video-preview":"max-video-preview:-1"},"canonical":"https:\/\/www.zerdab.com\/?p=22365","og_locale":"az_AZ","og_type":"article","og_title":"Z\u0259rdabdan Prezident Administrasiyas\u0131na g\u00f6nd\u0259ril\u0259n m\u0259ktublar - Z\u0259rdab.com","og_description":"Az\u0259rbaycan Respublikas\u0131 Prezidenti Administrasiyas\u0131n\u0131n S\u0259n\u0259dl\u0259rl\u0259 v\u0259 v\u0259t\u0259nda\u015flar\u0131n m\u00fcraci\u0259tl\u0259ri il\u0259 i\u015f \u015f\u00f6b\u0259sinin m\u00fcdiri S\u00fcleyman \u0130smay\u0131lov respublika v\u0259t\u0259nda\u015flar\u0131n\u0131n \u00f6z m\u00fcraci\u0259tl\u0259rind\u0259 qald\u0131rd\u0131qlar\u0131 probleml\u0259rin h\u0259lli il\u0259 ba\u011fl\u0131 t\u0259hlil-m\u0259qal\u0259 haz\u0131rlay\u0131b. Zerdab.com sayt\u0131 h\u0259min m\u0259qal\u0259d\u0259n Z\u0259rdab rayonuna aid olan hiss\u0259l\u0259ri q\u0131sa ixtisarla t\u0259qdim edir. &#8220;Bir s\u0131ra m\u00fcraci\u0259tl\u0259rd\u0259 yer alan fikir v\u0259 m\u00fclahiz\u0259l\u0259r g\u00f6st\u0259rir ki, xalq\u0131m\u0131z\u0131n V\u0259t\u0259n u\u011frunda m\u00fcbariz\u0259 \u0259zmi y\u00fcks\u0259k s\u0259viyy\u0259d\u0259dir. [&hellip;]","og_url":"https:\/\/www.zerdab.com\/?p=22365","og_site_name":"Z\u0259rdab.com","article_published_time":"2016-02-10T15:34:32+00:00","og_image":[{"width":960,"height":637,"url":"https:\/\/www.zerdab.com\/wp-content\/uploads\/2016\/01\/Z\u0259rdab-1.jpg","type":"image\/jpeg"}],"author":"admin","twitter_card":"summary_large_image","twitter_misc":{"Written by":"admin","Est. reading time":"8 minutes"},"schema":{"@context":"https:\/\/schema.org","@graph":[{"@type":"Article","@id":"https:\/\/www.zerdab.com\/?p=22365#article","isPartOf":{"@id":"https:\/\/www.zerdab.com\/?p=22365"},"author":{"name":"admin","@id":"https:\/\/www.zerdab.com\/#\/schema\/person\/97079b7570c1e89ec0d9e138c3672136"},"headline":"Z\u0259rdabdan Prezident Administrasiyas\u0131na g\u00f6nd\u0259ril\u0259n m\u0259ktublar","datePublished":"2016-02-10T15:34:32+00:00","mainEntityOfPage":{"@id":"https:\/\/www.zerdab.com\/?p=22365"},"wordCount":1535,"commentCount":0,"image":{"@id":"https:\/\/www.zerdab.com\/?p=22365#primaryimage"},"thumbnailUrl":"https:\/\/www.zerdab.com\/wp-content\/uploads\/2016\/01\/Z\u0259rdab-1.jpg","articleSection":["X\u018fB\u018fRL\u018fR"],"inLanguage":"az","potentialAction":[{"@type":"CommentAction","name":"Comment","target":["https:\/\/www.zerdab.com\/?p=22365#respond"]}]},{"@type":"WebPage","@id":"https:\/\/www.zerdab.com\/?p=22365","url":"https:\/\/www.zerdab.com\/?p=22365","name":"Z\u0259rdabdan Prezident Administrasiyas\u0131na g\u00f6nd\u0259ril\u0259n m\u0259ktublar - Z\u0259rdab.com","isPartOf":{"@id":"https:\/\/www.zerdab.com\/#website"},"primaryImageOfPage":{"@id":"https:\/\/www.zerdab.com\/?p=22365#primaryimage"},"image":{"@id":"https:\/\/www.zerdab.com\/?p=22365#primaryimage"},"thumbnailUrl":"https:\/\/www.zerdab.com\/wp-content\/uploads\/2016\/01\/Z\u0259rdab-1.jpg","datePublished":"2016-02-10T15:34:32+00:00","author":{"@id":"https:\/\/www.zerdab.com\/#\/schema\/person\/97079b7570c1e89ec0d9e138c3672136"},"breadcrumb":{"@id":"https:\/\/www.zerdab.com\/?p=22365#breadcrumb"},"inLanguage":"az","potentialAction":[{"@type":"ReadAction","target":["https:\/\/www.zerdab.com\/?p=22365"]}]},{"@type":"ImageObject","inLanguage":"az","@id":"https:\/\/www.zerdab.com\/?p=22365#primaryimage","url":"https:\/\/www.zerdab.com\/wp-content\/uploads\/2016\/01\/Z\u0259rdab-1.jpg","contentUrl":"https:\/\/www.zerdab.com\/wp-content\/uploads\/2016\/01\/Z\u0259rdab-1.jpg","width":960,"height":637},{"@type":"BreadcrumbList","@id":"https:\/\/www.zerdab.com\/?p=22365#breadcrumb","itemListElement":[{"@type":"ListItem","position":1,"name":"Home","item":"https:\/\/www.zerdab.com\/"},{"@type":"ListItem","position":2,"name":"Z\u0259rdabdan Prezident Administrasiyas\u0131na g\u00f6nd\u0259ril\u0259n m\u0259ktublar"}]},{"@type":"WebSite","@id":"https:\/\/www.zerdab.com\/#website","url":"https:\/\/www.zerdab.com\/","name":"Z\u0259rdab.com","description":"","potentialAction":[{"@type":"SearchAction","target":{"@type":"EntryPoint","urlTemplate":"https:\/\/www.zerdab.com\/?s={search_term_string}"},"query-input":{"@type":"PropertyValueSpecification","valueRequired":true,"valueName":"search_term_string"}}],"inLanguage":"az"},{"@type":"Person","@id":"https:\/\/www.zerdab.com\/#\/schema\/person\/97079b7570c1e89ec0d9e138c3672136","name":"admin","image":{"@type":"ImageObject","inLanguage":"az","@id":"https:\/\/www.zerdab.com\/#\/schema\/person\/image\/","url":"https:\/\/secure.gravatar.com\/avatar\/d9c52a9a27c32119cb6679a077fa3e2779e5f822c451cbf01098004361d466ec?s=96&d=mm&r=g","contentUrl":"https:\/\/secure.gravatar.com\/avatar\/d9c52a9a27c32119cb6679a077fa3e2779e5f822c451cbf01098004361d466ec?s=96&d=mm&r=g","caption":"admin"},"url":"https:\/\/www.zerdab.com\/?author=1"}]}},"_links":{"self":[{"href":"https:\/\/www.zerdab.com\/index.php?rest_route=\/wp\/v2\/posts\/22365","targetHints":{"allow":["GET"]}}],"collection":[{"href":"https:\/\/www.zerdab.com\/index.php?rest_route=\/wp\/v2\/posts"}],"about":[{"href":"https:\/\/www.zerdab.com\/index.php?rest_route=\/wp\/v2\/types\/post"}],"author":[{"embeddable":true,"href":"https:\/\/www.zerdab.com\/index.php?rest_route=\/wp\/v2\/users\/1"}],"replies":[{"embeddable":true,"href":"https:\/\/www.zerdab.com\/index.php?rest_route=%2Fwp%2Fv2%2Fcomments&post=22365"}],"version-history":[{"count":1,"href":"https:\/\/www.zerdab.com\/index.php?rest_route=\/wp\/v2\/posts\/22365\/revisions"}],"predecessor-version":[{"id":22366,"href":"https:\/\/www.zerdab.com\/index.php?rest_route=\/wp\/v2\/posts\/22365\/revisions\/22366"}],"wp:featuredmedia":[{"embeddable":true,"href":"https:\/\/www.zerdab.com\/index.php?rest_route=\/wp\/v2\/media\/22153"}],"wp:attachment":[{"href":"https:\/\/www.zerdab.com\/index.php?rest_route=%2Fwp%2Fv2%2Fmedia&parent=22365"}],"wp:term":[{"taxonomy":"category","embeddable":true,"href":"https:\/\/www.zerdab.com\/index.php?rest_route=%2Fwp%2Fv2%2Fcategories&post=22365"},{"taxonomy":"post_tag","embeddable":true,"href":"https:\/\/www.zerdab.com\/index.php?rest_route=%2Fwp%2Fv2%2Ftags&post=22365"}],"curies":[{"name":"wp","href":"https:\/\/api.w.org\/{rel}","templated":true}]}}