{"id":22395,"date":"2016-02-16T22:10:39","date_gmt":"2016-02-16T18:10:39","guid":{"rendered":"http:\/\/www.zerdab.com\/?p=22395"},"modified":"2016-02-16T22:10:40","modified_gmt":"2016-02-16T18:10:40","slug":"h%c9%99s%c9%99n-b%c9%99y-z%c9%99rdabinin-t%c9%99s%c9%99bbusu-il%c9%99-insa-olunan-ovdan-d%c9%99y%c9%99rl%c9%99ndirilm%c9%99lidir","status":"publish","type":"post","link":"https:\/\/www.zerdab.com\/?p=22395","title":{"rendered":"&#8220;H\u0259s\u0259n b\u0259y Z\u0259rdabinin t\u0259\u015f\u0259bb\u00fcs\u00fc il\u0259 in\u015fa olunan OVDAN d\u0259y\u0259rl\u0259ndirilm\u0259lidir&#8221;"},"content":{"rendered":"<div><b><a href=\"http:\/\/www.zerdab.com\/h%c9%99s%c9%99n-b%c9%99y-z%c9%99rdabinin-t%c9%99s%c9%99bbusu-il%c9%99-insa-olunan-ovdan-d%c9%99y%c9%99rl%c9%99ndirilm%c9%99lidir\/xatir%c9%99-quliyeva\/\" rel=\"attachment wp-att-22396\"><img loading=\"lazy\" decoding=\"async\" class=\"aligncenter size-full wp-image-22396\" src=\"http:\/\/www.zerdab.com\/wp-content\/uploads\/2016\/02\/Xatir\u0259-Quliyeva.jpg\" alt=\"Xatir\u0259 Quliyeva\" width=\"408\" height=\"408\" srcset=\"https:\/\/www.zerdab.com\/wp-content\/uploads\/2016\/02\/Xatir\u0259-Quliyeva.jpg 408w, https:\/\/www.zerdab.com\/wp-content\/uploads\/2016\/02\/Xatir\u0259-Quliyeva-400x400.jpg 400w\" sizes=\"auto, (max-width: 408px) 100vw, 408px\" \/><\/a>Az\u0259rbaycan Respublikas\u0131 M\u0259d\u0259niyy\u0259t v\u0259 Turizm Naziri c\u0259nab \u018fb\u00fclf\u0259z Qarayev\u0259<\/b><\/div>\n<div><b><\/b><b>AMEA-n\u0131n F\u0259ls\u0259f\u0259 v\u0259 H\u00fcquq \u0130nstitutunun apar\u0131c\u0131 elmi i\u015f\u00e7isi, f\u0259ls\u0259f\u0259 \u00fczr\u0259 elml\u0259r doktoru, dosent<\/b><\/div>\n<div><b>Xatir\u0259 Quliyeva t\u0259r\u0259find\u0259n<\/b><\/div>\n<div><b><\/b><b>\u018fR\u0130Z\u018f<\/b><\/div>\n<div><b><\/b><b>C\u0259nab nazir!<\/b><\/div>\n<div>Yazaraq bildirir\u0259m ki, k\u00f6kl\u0259ri q\u0259dim d\u00f6vrl\u0259r\u0259 gedib \u00e7\u0131xan Az\u0259rbaycan tarixinin bir par\u00e7as\u0131 olan m\u0259d\u0259niyy\u0259t abid\u0259l\u0259rinin bug\u00fcn\u00fcn insanlar\u0131 aras\u0131nda t\u0259bli\u011f olunmas\u0131, g\u0259l\u0259c\u0259k n\u0259sill\u0259rin yadda\u015f s\u0259lnam\u0259si \u00a0\u00fc\u00e7\u00fcn qorunmas\u0131, hifz olunmas\u0131 i\u015fi ilk n\u00f6vb\u0259d\u0259 v\u0259t\u0259nda\u015fl\u0131q borcudur.<\/div>\n<div>Bu bax\u0131mdan diqq\u0259tiniz\u0259 \u00e7atd\u0131rmaq ist\u0259yir\u0259m ki, Bak\u0131n\u0131n Ab\u015feron yar\u0131madas\u0131nda Ma\u015fta\u011fa q\u0259s\u0259b\u0259si il\u0259 Bilg\u0259h q\u0259s\u0259b\u0259si aras\u0131nda m\u0259nim ulu babam \u201custa\u201d K\u0259bl\u0259 Hac\u0131qulunun in\u015fa etdiyi v\u0259 \u00fcz\u0259rind\u0259 d\u0259 ad\u0131 yaz\u0131lm\u0131\u015f Ovdan bir sakin t\u0259r\u0259find\u0259n \u00f6z h\u0259y\u0259tyan\u0131 sah\u0259sin\u0259 daxil edilmi\u015fdir.<\/div>\n<div>Bizim n\u0259slin bir n\u00fcmay\u0259nd\u0259si (qarda\u015f\u0131m) h\u0259min h\u0259y\u0259t sahibind\u0259n bunun s\u0259b\u0259bini \u00f6yr\u0259nm\u0259k ist\u0259dikd\u0259 o, bildirmi\u015fdir ki, Ovdan hasara al\u0131nmad\u0131\u011f\u0131 vaxtlarda \u0259razid\u0259 ya\u015fayanlar\u0131n zibilxanas\u0131na \u00e7evrilibmi\u015f, h\u0259m\u00e7inin oradan bir meyid \u00e7\u0131xm\u0131\u015fd\u0131r. Bu s\u0259b\u0259bl\u0259rd\u0259n d\u0259 h\u0259min \u015f\u0259xs OVDAN\u0131 \u00f6z h\u0259y\u0259tin\u0259 daxil etmi\u015fdir.<\/div>\n<div>C\u0259nab nazir, bu tarix v\u0259 tarix qar\u015f\u0131s\u0131nda bizim m\u0259suliyy\u0259t hissimiz bax\u0131m\u0131ndan bir b\u0259han\u0259 d\u0259 ola bil\u0259r. \u0130kincisi m\u0259g\u0259r tarixi abid\u0259l\u0259rin qarol\u00e7u i\u015f\u00e7il\u0259ri yoxdur?.. \u018fg\u0259r d\u00f6vl\u0259tin b\u00fct\u00fcn maddi-m\u0259n\u0259vi abid\u0259l\u0259ri bu c\u00fcr b\u0259sit arqumentl\u0259tl\u0259 h\u0259y\u0259tyan\u0131 sah\u0259l\u0259r\u0259 daxil edil\u0259rs\u0259 daha onlar\u0131n d\u00f6vl\u0259t\u0259 aid olmas\u0131ndan dan\u0131\u015fmaq olmaz ki &#8230;<\/div>\n<div>Halbuki, b\u00fct\u00fcn \u00f6lk\u0259miz boyu bel\u0259 tarixi abid\u0259l\u0259r vard\u0131r v\u0259 onlar m\u0259d\u0259niyy\u0259t \u2013 turizm sah\u0259si kimi qorunmaqda v\u0259 istifad\u0259 olunmaqdad\u0131r.<\/div>\n<div>Onu da qeyd edim ki, \u015f\u0259xsi n\u0259sil \u00a0m\u0259lumatlar\u0131ma g\u00f6r\u0259 bu OVDAN g\u00f6rk\u0259mli maarif\u00e7i H\u0259s\u0259n b\u0259y Z\u0259rdabinin t\u0259\u015f\u0259bb\u00fcs\u00fc il\u0259 bir z\u0259ngin varl\u0131 \u201cm\u0259\u015f\u0259di\u201d \u015f\u0259xs t\u0259r\u0259find\u0259n m\u0259nim ulu babam \u201custa \u201cK\u0259bl\u0259 Hac\u0131quluya in\u015fa etdirilmi\u015fdir.<\/div>\n<div>Ulu babam iki d\u0259f\u0259 Ma\u015fta\u011fa m\u0259scidinin minar\u0259sini d\u0259 in\u015fa etmi\u015fdir v\u0259 \u00fcmumiyy\u0259tl\u0259 d\u00f6vr\u00fcn\u00fcn tan\u0131nm\u0131\u015f memar\u0131 olmu\u015fdur. Ad\u0131 tarixd\u0259 ke\u00e7ir.<\/div>\n<div>H\u0259min Ovdan\u0131n in\u015fas\u0131ndan m\u0259qs\u0259d \u015f\u0259h\u0259r\u0259 ba\u011flardan Su \u00e7\u0259kilm\u0259si olmu\u015fdur. H.Z\u0259rdabi bu layih\u0259nin h\u0259yata ke\u00e7m\u0259si \u00fc\u00e7\u00fcn \u00e7ox z\u0259hm\u0259t \u00e7\u0259ks\u0259 d\u0259 bir erm\u0259ni (Ambarsum Melikov) ona mane olmu\u015f v\u0259 kanal\u0131n \u015e\u00fcv\u0259landa \u00f6z ba\u011f\u0131n\u0131n h\u0259y\u0259tind\u0259n \u00e7\u0259kilm\u0259sin\u0259 nail olmu\u015fdur. Z\u0259rdabinin bu hadis\u0259 il\u0259 ba\u011fl\u0131 ke\u00e7irdiyi \u00a0narahat\u00e7\u0131l\u0131qlar bar\u0259d\u0259 yaz\u0131l\u0131 materiallar \u00a0da (H\u0259nif\u0259 xan\u0131m (Abayeva)M\u0259likovan\u0131n xatir\u0259l\u0259ri v\u0259 s.) vard\u0131r.<\/div>\n<div>\u015e\u0259xsi n\u0259sil m\u0259lumatlar\u0131na (h\u0259m\u00e7inin d\u0259 art\u0131q m\u00fc\u0259yy\u0259n q\u0259d\u0259r ictimail\u0259\u015fib) g\u00f6r\u0259 bunu da \u0259lav\u0259 ed\u0259 bil\u0259r\u0259m ki, h\u0259min Ovdan\u0131n i\u00e7\u0259risind\u0259n biri paytaxt\u0131n m\u0259rk\u0259zin\u0259 olmaqla 3 istiqam\u0259t\u0259 yol vard\u0131r. \u00dcmumiyy\u0259tl\u0259, memarl\u0131q qurulu\u015funa g\u00f6r\u0259 bu Ovdan orjinal \u00fcslubdad\u0131r. Ondan m\u0259d\u0259niyy\u0259t abid\u0259si olmaqla yana\u015f\u0131 h\u0259m su t\u0259s\u0259rr\u00fcfat\u0131 kommunikasiya sisteml\u0259ri \u00fczr\u0259, h\u0259m d\u0259 xarici d\u00f6vl\u0259tl\u0259rd\u0259 oldu\u011fu kimi turizm bax\u0131m\u0131ndan istifad\u0259 etm\u0259k olar.<\/div>\n<div>B\u00fct\u00fcn bunlar\u0131 yazaraq \u00a0yuxar\u0131da da qeyd etdiyim kimi Bak\u0131n\u0131n Ab\u015feron yar\u0131madas\u0131nda Ma\u015fta\u011fa q\u0259s\u0259b\u0259si il\u0259 Bilg\u0259h q\u0259s\u0259b\u0259si aras\u0131nda m\u0259nim ulu babam \u201custa\u201d K\u0259bl\u0259 Hac\u0131qulunun in\u015fa etdiyi v\u0259 \u00fcz\u0259rind\u0259 d\u0259 ad\u0131 yaz\u0131lm\u0131\u015f Ovdan\u0131n bir sakin t\u0259r\u0259find\u0259n \u00f6z h\u0259y\u0259tyan\u0131 sah\u0259sin\u0259 daxil edilm\u0259si m\u0259s\u0259l\u0259sin\u0259 ayd\u0131nl\u0131q g\u0259tirilm\u0259si v\u0259 Az\u0259rbaycan\u0131n bu unikal tarixi abid\u0259sin\u0259 d\u00f6vl\u0259t qay\u011f\u0131s\u0131n\u0131n b\u0259rpa edilm\u0259sini tap\u015f\u0131ras\u0131n\u0131z, \u0259sas da bu m\u0259s\u0259l\u0259ni n\u0259zar\u0259t\u0259 g\u00f6t\u00fcrm\u0259yinizi xahi\u015f edir\u0259m .<\/div>\n","protected":false},"excerpt":{"rendered":"<p>Az\u0259rbaycan Respublikas\u0131 M\u0259d\u0259niyy\u0259t v\u0259 Turizm Naziri c\u0259nab \u018fb\u00fclf\u0259z Qarayev\u0259 AMEA-n\u0131n F\u0259ls\u0259f\u0259 v\u0259 H\u00fcquq \u0130nstitutunun apar\u0131c\u0131 elmi i\u015f\u00e7isi, f\u0259ls\u0259f\u0259 \u00fczr\u0259 elml\u0259r doktoru, dosent Xatir\u0259 Quliyeva t\u0259r\u0259find\u0259n \u018fR\u0130Z\u018f C\u0259nab nazir! Yazaraq bildirir\u0259m ki, k\u00f6kl\u0259ri q\u0259dim d\u00f6vrl\u0259r\u0259 gedib \u00e7\u0131xan Az\u0259rbaycan tarixinin bir par\u00e7as\u0131 olan m\u0259d\u0259niyy\u0259t abid\u0259l\u0259rinin bug\u00fcn\u00fcn insanlar\u0131 aras\u0131nda t\u0259bli\u011f olunmas\u0131, g\u0259l\u0259c\u0259k n\u0259sill\u0259rin yadda\u015f s\u0259lnam\u0259si \u00a0\u00fc\u00e7\u00fcn qorunmas\u0131, hifz [&hellip;]<\/p>\n","protected":false},"author":1,"featured_media":22396,"comment_status":"open","ping_status":"open","sticky":false,"template":"","format":"standard","meta":{"footnotes":""},"categories":[21],"tags":[],"class_list":{"0":"post-22395","1":"post","2":"type-post","3":"status-publish","4":"format-standard","5":"has-post-thumbnail","7":"category-zrdab"},"yoast_head":"<!-- This site is optimized with the Yoast SEO plugin v27.0 - https:\/\/yoast.com\/product\/yoast-seo-wordpress\/ -->\n<title>&quot;H\u0259s\u0259n b\u0259y Z\u0259rdabinin t\u0259\u015f\u0259bb\u00fcs\u00fc il\u0259 in\u015fa olunan OVDAN d\u0259y\u0259rl\u0259ndirilm\u0259lidir&quot; - Z\u0259rdab.com<\/title>\n<meta name=\"robots\" content=\"index, follow, max-snippet:-1, max-image-preview:large, max-video-preview:-1\" \/>\n<link rel=\"canonical\" href=\"https:\/\/www.zerdab.com\/?p=22395\" \/>\n<meta property=\"og:locale\" content=\"az_AZ\" \/>\n<meta property=\"og:type\" content=\"article\" \/>\n<meta property=\"og:title\" content=\"&quot;H\u0259s\u0259n b\u0259y Z\u0259rdabinin t\u0259\u015f\u0259bb\u00fcs\u00fc il\u0259 in\u015fa olunan OVDAN d\u0259y\u0259rl\u0259ndirilm\u0259lidir&quot; - Z\u0259rdab.com\" \/>\n<meta property=\"og:description\" content=\"Az\u0259rbaycan Respublikas\u0131 M\u0259d\u0259niyy\u0259t v\u0259 Turizm Naziri c\u0259nab \u018fb\u00fclf\u0259z Qarayev\u0259 AMEA-n\u0131n F\u0259ls\u0259f\u0259 v\u0259 H\u00fcquq \u0130nstitutunun apar\u0131c\u0131 elmi i\u015f\u00e7isi, f\u0259ls\u0259f\u0259 \u00fczr\u0259 elml\u0259r doktoru, dosent Xatir\u0259 Quliyeva t\u0259r\u0259find\u0259n \u018fR\u0130Z\u018f C\u0259nab nazir! Yazaraq bildirir\u0259m ki, k\u00f6kl\u0259ri q\u0259dim d\u00f6vrl\u0259r\u0259 gedib \u00e7\u0131xan Az\u0259rbaycan tarixinin bir par\u00e7as\u0131 olan m\u0259d\u0259niyy\u0259t abid\u0259l\u0259rinin bug\u00fcn\u00fcn insanlar\u0131 aras\u0131nda t\u0259bli\u011f olunmas\u0131, g\u0259l\u0259c\u0259k n\u0259sill\u0259rin yadda\u015f s\u0259lnam\u0259si \u00a0\u00fc\u00e7\u00fcn qorunmas\u0131, hifz [&hellip;]\" \/>\n<meta property=\"og:url\" content=\"https:\/\/www.zerdab.com\/?p=22395\" \/>\n<meta property=\"og:site_name\" content=\"Z\u0259rdab.com\" \/>\n<meta property=\"article:published_time\" content=\"2016-02-16T18:10:39+00:00\" \/>\n<meta property=\"article:modified_time\" content=\"2016-02-16T18:10:40+00:00\" \/>\n<meta property=\"og:image\" content=\"https:\/\/www.zerdab.com\/wp-content\/uploads\/2016\/02\/Xatir\u0259-Quliyeva.jpg\" \/>\n\t<meta property=\"og:image:width\" content=\"408\" \/>\n\t<meta property=\"og:image:height\" content=\"408\" \/>\n\t<meta property=\"og:image:type\" content=\"image\/jpeg\" \/>\n<meta name=\"author\" content=\"admin\" \/>\n<meta name=\"twitter:card\" content=\"summary_large_image\" \/>\n<meta name=\"twitter:label1\" content=\"Written by\" \/>\n\t<meta name=\"twitter:data1\" content=\"admin\" \/>\n\t<meta name=\"twitter:label2\" content=\"Est. reading time\" \/>\n\t<meta name=\"twitter:data2\" content=\"4 minutes\" \/>\n<script type=\"application\/ld+json\" class=\"yoast-schema-graph\">{\"@context\":\"https:\/\/schema.org\",\"@graph\":[{\"@type\":\"Article\",\"@id\":\"https:\/\/www.zerdab.com\/?p=22395#article\",\"isPartOf\":{\"@id\":\"https:\/\/www.zerdab.com\/?p=22395\"},\"author\":{\"name\":\"admin\",\"@id\":\"https:\/\/www.zerdab.com\/#\/schema\/person\/97079b7570c1e89ec0d9e138c3672136\"},\"headline\":\"&#8220;H\u0259s\u0259n b\u0259y Z\u0259rdabinin t\u0259\u015f\u0259bb\u00fcs\u00fc il\u0259 in\u015fa olunan OVDAN d\u0259y\u0259rl\u0259ndirilm\u0259lidir&#8221;\",\"datePublished\":\"2016-02-16T18:10:39+00:00\",\"dateModified\":\"2016-02-16T18:10:40+00:00\",\"mainEntityOfPage\":{\"@id\":\"https:\/\/www.zerdab.com\/?p=22395\"},\"wordCount\":790,\"commentCount\":0,\"image\":{\"@id\":\"https:\/\/www.zerdab.com\/?p=22395#primaryimage\"},\"thumbnailUrl\":\"https:\/\/www.zerdab.com\/wp-content\/uploads\/2016\/02\/Xatir\u0259-Quliyeva.jpg\",\"articleSection\":[\"C\u018fM\u0130YY\u018fT\"],\"inLanguage\":\"az\",\"potentialAction\":[{\"@type\":\"CommentAction\",\"name\":\"Comment\",\"target\":[\"https:\/\/www.zerdab.com\/?p=22395#respond\"]}]},{\"@type\":\"WebPage\",\"@id\":\"https:\/\/www.zerdab.com\/?p=22395\",\"url\":\"https:\/\/www.zerdab.com\/?p=22395\",\"name\":\"\\\"H\u0259s\u0259n b\u0259y Z\u0259rdabinin t\u0259\u015f\u0259bb\u00fcs\u00fc il\u0259 in\u015fa olunan OVDAN d\u0259y\u0259rl\u0259ndirilm\u0259lidir\\\" - Z\u0259rdab.com\",\"isPartOf\":{\"@id\":\"https:\/\/www.zerdab.com\/#website\"},\"primaryImageOfPage\":{\"@id\":\"https:\/\/www.zerdab.com\/?p=22395#primaryimage\"},\"image\":{\"@id\":\"https:\/\/www.zerdab.com\/?p=22395#primaryimage\"},\"thumbnailUrl\":\"https:\/\/www.zerdab.com\/wp-content\/uploads\/2016\/02\/Xatir\u0259-Quliyeva.jpg\",\"datePublished\":\"2016-02-16T18:10:39+00:00\",\"dateModified\":\"2016-02-16T18:10:40+00:00\",\"author\":{\"@id\":\"https:\/\/www.zerdab.com\/#\/schema\/person\/97079b7570c1e89ec0d9e138c3672136\"},\"breadcrumb\":{\"@id\":\"https:\/\/www.zerdab.com\/?p=22395#breadcrumb\"},\"inLanguage\":\"az\",\"potentialAction\":[{\"@type\":\"ReadAction\",\"target\":[\"https:\/\/www.zerdab.com\/?p=22395\"]}]},{\"@type\":\"ImageObject\",\"inLanguage\":\"az\",\"@id\":\"https:\/\/www.zerdab.com\/?p=22395#primaryimage\",\"url\":\"https:\/\/www.zerdab.com\/wp-content\/uploads\/2016\/02\/Xatir\u0259-Quliyeva.jpg\",\"contentUrl\":\"https:\/\/www.zerdab.com\/wp-content\/uploads\/2016\/02\/Xatir\u0259-Quliyeva.jpg\",\"width\":408,\"height\":408,\"caption\":\"Xatir\u0259 Quliyeva\"},{\"@type\":\"BreadcrumbList\",\"@id\":\"https:\/\/www.zerdab.com\/?p=22395#breadcrumb\",\"itemListElement\":[{\"@type\":\"ListItem\",\"position\":1,\"name\":\"Home\",\"item\":\"https:\/\/www.zerdab.com\/\"},{\"@type\":\"ListItem\",\"position\":2,\"name\":\"&#8220;H\u0259s\u0259n b\u0259y Z\u0259rdabinin t\u0259\u015f\u0259bb\u00fcs\u00fc il\u0259 in\u015fa olunan OVDAN d\u0259y\u0259rl\u0259ndirilm\u0259lidir&#8221;\"}]},{\"@type\":\"WebSite\",\"@id\":\"https:\/\/www.zerdab.com\/#website\",\"url\":\"https:\/\/www.zerdab.com\/\",\"name\":\"Z\u0259rdab.com\",\"description\":\"\",\"potentialAction\":[{\"@type\":\"SearchAction\",\"target\":{\"@type\":\"EntryPoint\",\"urlTemplate\":\"https:\/\/www.zerdab.com\/?s={search_term_string}\"},\"query-input\":{\"@type\":\"PropertyValueSpecification\",\"valueRequired\":true,\"valueName\":\"search_term_string\"}}],\"inLanguage\":\"az\"},{\"@type\":\"Person\",\"@id\":\"https:\/\/www.zerdab.com\/#\/schema\/person\/97079b7570c1e89ec0d9e138c3672136\",\"name\":\"admin\",\"image\":{\"@type\":\"ImageObject\",\"inLanguage\":\"az\",\"@id\":\"https:\/\/www.zerdab.com\/#\/schema\/person\/image\/\",\"url\":\"https:\/\/secure.gravatar.com\/avatar\/d9c52a9a27c32119cb6679a077fa3e2779e5f822c451cbf01098004361d466ec?s=96&d=mm&r=g\",\"contentUrl\":\"https:\/\/secure.gravatar.com\/avatar\/d9c52a9a27c32119cb6679a077fa3e2779e5f822c451cbf01098004361d466ec?s=96&d=mm&r=g\",\"caption\":\"admin\"},\"url\":\"https:\/\/www.zerdab.com\/?author=1\"}]}<\/script>\n<!-- \/ Yoast SEO plugin. -->","yoast_head_json":{"title":"\"H\u0259s\u0259n b\u0259y Z\u0259rdabinin t\u0259\u015f\u0259bb\u00fcs\u00fc il\u0259 in\u015fa olunan OVDAN d\u0259y\u0259rl\u0259ndirilm\u0259lidir\" - Z\u0259rdab.com","robots":{"index":"index","follow":"follow","max-snippet":"max-snippet:-1","max-image-preview":"max-image-preview:large","max-video-preview":"max-video-preview:-1"},"canonical":"https:\/\/www.zerdab.com\/?p=22395","og_locale":"az_AZ","og_type":"article","og_title":"\"H\u0259s\u0259n b\u0259y Z\u0259rdabinin t\u0259\u015f\u0259bb\u00fcs\u00fc il\u0259 in\u015fa olunan OVDAN d\u0259y\u0259rl\u0259ndirilm\u0259lidir\" - Z\u0259rdab.com","og_description":"Az\u0259rbaycan Respublikas\u0131 M\u0259d\u0259niyy\u0259t v\u0259 Turizm Naziri c\u0259nab \u018fb\u00fclf\u0259z Qarayev\u0259 AMEA-n\u0131n F\u0259ls\u0259f\u0259 v\u0259 H\u00fcquq \u0130nstitutunun apar\u0131c\u0131 elmi i\u015f\u00e7isi, f\u0259ls\u0259f\u0259 \u00fczr\u0259 elml\u0259r doktoru, dosent Xatir\u0259 Quliyeva t\u0259r\u0259find\u0259n \u018fR\u0130Z\u018f C\u0259nab nazir! Yazaraq bildirir\u0259m ki, k\u00f6kl\u0259ri q\u0259dim d\u00f6vrl\u0259r\u0259 gedib \u00e7\u0131xan Az\u0259rbaycan tarixinin bir par\u00e7as\u0131 olan m\u0259d\u0259niyy\u0259t abid\u0259l\u0259rinin bug\u00fcn\u00fcn insanlar\u0131 aras\u0131nda t\u0259bli\u011f olunmas\u0131, g\u0259l\u0259c\u0259k n\u0259sill\u0259rin yadda\u015f s\u0259lnam\u0259si \u00a0\u00fc\u00e7\u00fcn qorunmas\u0131, hifz [&hellip;]","og_url":"https:\/\/www.zerdab.com\/?p=22395","og_site_name":"Z\u0259rdab.com","article_published_time":"2016-02-16T18:10:39+00:00","article_modified_time":"2016-02-16T18:10:40+00:00","og_image":[{"width":408,"height":408,"url":"https:\/\/www.zerdab.com\/wp-content\/uploads\/2016\/02\/Xatir\u0259-Quliyeva.jpg","type":"image\/jpeg"}],"author":"admin","twitter_card":"summary_large_image","twitter_misc":{"Written by":"admin","Est. reading time":"4 minutes"},"schema":{"@context":"https:\/\/schema.org","@graph":[{"@type":"Article","@id":"https:\/\/www.zerdab.com\/?p=22395#article","isPartOf":{"@id":"https:\/\/www.zerdab.com\/?p=22395"},"author":{"name":"admin","@id":"https:\/\/www.zerdab.com\/#\/schema\/person\/97079b7570c1e89ec0d9e138c3672136"},"headline":"&#8220;H\u0259s\u0259n b\u0259y Z\u0259rdabinin t\u0259\u015f\u0259bb\u00fcs\u00fc il\u0259 in\u015fa olunan OVDAN d\u0259y\u0259rl\u0259ndirilm\u0259lidir&#8221;","datePublished":"2016-02-16T18:10:39+00:00","dateModified":"2016-02-16T18:10:40+00:00","mainEntityOfPage":{"@id":"https:\/\/www.zerdab.com\/?p=22395"},"wordCount":790,"commentCount":0,"image":{"@id":"https:\/\/www.zerdab.com\/?p=22395#primaryimage"},"thumbnailUrl":"https:\/\/www.zerdab.com\/wp-content\/uploads\/2016\/02\/Xatir\u0259-Quliyeva.jpg","articleSection":["C\u018fM\u0130YY\u018fT"],"inLanguage":"az","potentialAction":[{"@type":"CommentAction","name":"Comment","target":["https:\/\/www.zerdab.com\/?p=22395#respond"]}]},{"@type":"WebPage","@id":"https:\/\/www.zerdab.com\/?p=22395","url":"https:\/\/www.zerdab.com\/?p=22395","name":"\"H\u0259s\u0259n b\u0259y Z\u0259rdabinin t\u0259\u015f\u0259bb\u00fcs\u00fc il\u0259 in\u015fa olunan OVDAN d\u0259y\u0259rl\u0259ndirilm\u0259lidir\" - Z\u0259rdab.com","isPartOf":{"@id":"https:\/\/www.zerdab.com\/#website"},"primaryImageOfPage":{"@id":"https:\/\/www.zerdab.com\/?p=22395#primaryimage"},"image":{"@id":"https:\/\/www.zerdab.com\/?p=22395#primaryimage"},"thumbnailUrl":"https:\/\/www.zerdab.com\/wp-content\/uploads\/2016\/02\/Xatir\u0259-Quliyeva.jpg","datePublished":"2016-02-16T18:10:39+00:00","dateModified":"2016-02-16T18:10:40+00:00","author":{"@id":"https:\/\/www.zerdab.com\/#\/schema\/person\/97079b7570c1e89ec0d9e138c3672136"},"breadcrumb":{"@id":"https:\/\/www.zerdab.com\/?p=22395#breadcrumb"},"inLanguage":"az","potentialAction":[{"@type":"ReadAction","target":["https:\/\/www.zerdab.com\/?p=22395"]}]},{"@type":"ImageObject","inLanguage":"az","@id":"https:\/\/www.zerdab.com\/?p=22395#primaryimage","url":"https:\/\/www.zerdab.com\/wp-content\/uploads\/2016\/02\/Xatir\u0259-Quliyeva.jpg","contentUrl":"https:\/\/www.zerdab.com\/wp-content\/uploads\/2016\/02\/Xatir\u0259-Quliyeva.jpg","width":408,"height":408,"caption":"Xatir\u0259 Quliyeva"},{"@type":"BreadcrumbList","@id":"https:\/\/www.zerdab.com\/?p=22395#breadcrumb","itemListElement":[{"@type":"ListItem","position":1,"name":"Home","item":"https:\/\/www.zerdab.com\/"},{"@type":"ListItem","position":2,"name":"&#8220;H\u0259s\u0259n b\u0259y Z\u0259rdabinin t\u0259\u015f\u0259bb\u00fcs\u00fc il\u0259 in\u015fa olunan OVDAN d\u0259y\u0259rl\u0259ndirilm\u0259lidir&#8221;"}]},{"@type":"WebSite","@id":"https:\/\/www.zerdab.com\/#website","url":"https:\/\/www.zerdab.com\/","name":"Z\u0259rdab.com","description":"","potentialAction":[{"@type":"SearchAction","target":{"@type":"EntryPoint","urlTemplate":"https:\/\/www.zerdab.com\/?s={search_term_string}"},"query-input":{"@type":"PropertyValueSpecification","valueRequired":true,"valueName":"search_term_string"}}],"inLanguage":"az"},{"@type":"Person","@id":"https:\/\/www.zerdab.com\/#\/schema\/person\/97079b7570c1e89ec0d9e138c3672136","name":"admin","image":{"@type":"ImageObject","inLanguage":"az","@id":"https:\/\/www.zerdab.com\/#\/schema\/person\/image\/","url":"https:\/\/secure.gravatar.com\/avatar\/d9c52a9a27c32119cb6679a077fa3e2779e5f822c451cbf01098004361d466ec?s=96&d=mm&r=g","contentUrl":"https:\/\/secure.gravatar.com\/avatar\/d9c52a9a27c32119cb6679a077fa3e2779e5f822c451cbf01098004361d466ec?s=96&d=mm&r=g","caption":"admin"},"url":"https:\/\/www.zerdab.com\/?author=1"}]}},"_links":{"self":[{"href":"https:\/\/www.zerdab.com\/index.php?rest_route=\/wp\/v2\/posts\/22395","targetHints":{"allow":["GET"]}}],"collection":[{"href":"https:\/\/www.zerdab.com\/index.php?rest_route=\/wp\/v2\/posts"}],"about":[{"href":"https:\/\/www.zerdab.com\/index.php?rest_route=\/wp\/v2\/types\/post"}],"author":[{"embeddable":true,"href":"https:\/\/www.zerdab.com\/index.php?rest_route=\/wp\/v2\/users\/1"}],"replies":[{"embeddable":true,"href":"https:\/\/www.zerdab.com\/index.php?rest_route=%2Fwp%2Fv2%2Fcomments&post=22395"}],"version-history":[{"count":2,"href":"https:\/\/www.zerdab.com\/index.php?rest_route=\/wp\/v2\/posts\/22395\/revisions"}],"predecessor-version":[{"id":22398,"href":"https:\/\/www.zerdab.com\/index.php?rest_route=\/wp\/v2\/posts\/22395\/revisions\/22398"}],"wp:featuredmedia":[{"embeddable":true,"href":"https:\/\/www.zerdab.com\/index.php?rest_route=\/wp\/v2\/media\/22396"}],"wp:attachment":[{"href":"https:\/\/www.zerdab.com\/index.php?rest_route=%2Fwp%2Fv2%2Fmedia&parent=22395"}],"wp:term":[{"taxonomy":"category","embeddable":true,"href":"https:\/\/www.zerdab.com\/index.php?rest_route=%2Fwp%2Fv2%2Fcategories&post=22395"},{"taxonomy":"post_tag","embeddable":true,"href":"https:\/\/www.zerdab.com\/index.php?rest_route=%2Fwp%2Fv2%2Ftags&post=22395"}],"curies":[{"name":"wp","href":"https:\/\/api.w.org\/{rel}","templated":true}]}}