{"id":22419,"date":"2016-02-18T18:45:54","date_gmt":"2016-02-18T14:45:54","guid":{"rendered":"http:\/\/www.zerdab.com\/?p=22419"},"modified":"2016-02-18T23:46:13","modified_gmt":"2016-02-18T19:46:13","slug":"z%c9%99rdabin-icra-bascisi-agir-ittihamlara-cavab-verdi","status":"publish","type":"post","link":"https:\/\/www.zerdab.com\/?p=22419","title":{"rendered":"Z\u0259rdab\u0131n icra ba\u015f\u00e7\u0131s\u0131 a\u011f\u0131r ittihamlara cavab verdi"},"content":{"rendered":"<p><b>Z\u0259rdab Rayon \u0130cra Hakimiyy\u0259tinin ba\u015f\u00e7\u0131s\u0131 L\u00fctf\u0259li Babayev rayon sakini \u015e\u0259f\u0259q S\u0259f\u0259r\u0259liyevan\u0131n onun \u00fcnvan\u0131na s\u0259sl\u0259ndirdiyi ittihamla ayd\u0131nl\u0131q g\u0259tirib. <\/b><\/p>\n<p>O, <b>AzNews.az<\/b>-a a\u00e7\u0131qlamas\u0131nda bildirib ki, deyil\u0259nl\u0259rin he\u00e7 bir \u0259sas\u0131 yoxdur:<b> \u201cO, h\u0259bsd\u0259n tam \u00e7\u0131xmay\u0131b. \u018fg\u0259r \u00e7\u0131x\u0131bsa da m\u0259n onu g\u00f6rm\u0259mi\u015f\u0259m. \u0130cra ba\u015f\u00e7\u0131s\u0131 hans\u0131sa bir texniki i\u015f\u00e7i il\u0259 \u00fczl\u0259\u015fm\u0259z. Y\u0259qin ki, bu b\u00f6htanlar\u0131na g\u00f6r\u0259 o, ikinci d\u0259f\u0259 yen\u0259 d\u0259 m\u0259hk\u0259m\u0259y\u0259 qar\u015f\u0131s\u0131na \u00e7\u0131xacaq. \u018fg\u0259r o, bel\u0259 bir a\u00e7\u0131qlama il\u0259 \u00e7\u0131x\u0131\u015f edibs\u0259, m\u0259n onu m\u0259hk\u0259m\u0259y\u0259 ver\u0259c\u0259y\u0259m\u201d.<br \/>\n<\/b><br \/>\nL. Babayev onu da qeyd edib ki, \u0259g\u0259r \u015e. S\u0259f\u0259r\u0259liyevan\u0131n dedikl\u0259ri h\u0259qiq\u0259tdirs\u0259, o zaman m\u0259hk\u0259m\u0259y\u0259 m\u00fcraci\u0259t el\u0259sin: <b>\u201cM\u0259ni versin m\u0259hk\u0259m\u0259y\u0259\u201d. <\/b><\/p>\n<p>Xat\u0131rladaq ki, 1 il 17 g\u00fcn h\u0259bsd\u0259 qald\u0131qdan sonra Apellyasiya M\u0259hk\u0259m\u0259sinin q\u0259rar\u0131yla azadl\u0131\u011fa \u00e7\u0131xan \u015e\u0259f\u0259q \u015e\u0259f\u0259r\u0259liyeva Z\u0259rdab Rayon \u0130cra Hakimiyy\u0259tinin ba\u015f\u00e7\u0131s\u0131 L. Babayevin \u00fcnvan\u0131na a\u011f\u0131r ittihamlar ittihamlar s\u0259sl\u0259ndirib. O, AzNews.az-\u0131n redaksiyas\u0131na g\u0259l\u0259r\u0259k, <a href=\"http:\/\/www.aznews.az\/index.php?c=news&amp;id=101791\">B\u0130LD\u0130R\u0130B<\/a> ki, rayon icra ba\u015f\u00e7\u0131s\u0131 L.Babayev t\u0259r\u0259find\u0259n yen\u0259 d\u0259 t\u0259qib olunur.<br \/>\nXat\u0131rladaq ki, 2012-ci ild\u0259 Z\u0259rdab rayon icra hakimi L.Babayevin 50 ya\u015fl\u0131 \u015e.S\u0259f\u0259r\u0259liyevaya t\u0259cav\u00fcz etm\u0259k ist\u0259m\u0259si il\u0259 ba\u011fl\u0131 m\u0259lumatlar yay\u0131lm\u0131\u015fd\u0131. \u015e.S\u0259f\u0259r\u0259liyeva icra ba\u015f\u00e7\u0131s\u0131n\u0131 \u0259xlaqla bir araya s\u0131\u011fmayan \u0259m\u0259ll\u0259rd\u0259 ittiham etmi\u015fdi. Daha sonra L.Babayev Yasamal rayon m\u0259hk\u0259m\u0259sin\u0259 m\u00fcraci\u0259t ed\u0259r\u0259k \u015e.S\u0259f\u0259r\u0259liyevan\u0131n ona b\u00f6htan atd\u0131\u011f\u0131n\u0131 bildirmi\u015fdi. \u015e.S\u0259f\u0259r\u0259liyeva m\u0259hk\u0259m\u0259d\u0259 b\u00fct\u00fcn faktlar\u0131 t\u0259qdim ets\u0259 d\u0259, hakim onun bar\u0259sind\u0259 4 il 6 ay m\u00fcdd\u0259tin\u0259 h\u0259bs q\u0259rar\u0131 \u00e7\u0131xarm\u0131\u015fd\u0131.<\/p>\n<p><b>Bahar R\u00dcST\u018fML\u0130<br \/>\nAzNews.az<\/b><\/p>\n","protected":false},"excerpt":{"rendered":"<p>Z\u0259rdab Rayon \u0130cra Hakimiyy\u0259tinin ba\u015f\u00e7\u0131s\u0131 L\u00fctf\u0259li Babayev rayon sakini \u015e\u0259f\u0259q S\u0259f\u0259r\u0259liyevan\u0131n onun \u00fcnvan\u0131na s\u0259sl\u0259ndirdiyi ittihamla ayd\u0131nl\u0131q g\u0259tirib. O, AzNews.az-a a\u00e7\u0131qlamas\u0131nda bildirib ki, deyil\u0259nl\u0259rin he\u00e7 bir \u0259sas\u0131 yoxdur: \u201cO, h\u0259bsd\u0259n tam \u00e7\u0131xmay\u0131b. \u018fg\u0259r \u00e7\u0131x\u0131bsa da m\u0259n onu g\u00f6rm\u0259mi\u015f\u0259m. \u0130cra ba\u015f\u00e7\u0131s\u0131 hans\u0131sa bir texniki i\u015f\u00e7i il\u0259 \u00fczl\u0259\u015fm\u0259z. Y\u0259qin ki, bu b\u00f6htanlar\u0131na g\u00f6r\u0259 o, ikinci d\u0259f\u0259 yen\u0259 d\u0259 [&hellip;]<\/p>\n","protected":false},"author":1,"featured_media":0,"comment_status":"open","ping_status":"open","sticky":false,"template":"","format":"standard","meta":{"footnotes":""},"categories":[21],"tags":[],"class_list":{"0":"post-22419","1":"post","2":"type-post","3":"status-publish","4":"format-standard","6":"category-zrdab"},"yoast_head":"<!-- This site is optimized with the Yoast SEO plugin v27.0 - https:\/\/yoast.com\/product\/yoast-seo-wordpress\/ -->\n<title>Z\u0259rdab\u0131n icra ba\u015f\u00e7\u0131s\u0131 a\u011f\u0131r ittihamlara cavab verdi - Z\u0259rdab.com<\/title>\n<meta name=\"robots\" content=\"index, follow, max-snippet:-1, max-image-preview:large, max-video-preview:-1\" \/>\n<link rel=\"canonical\" href=\"https:\/\/www.zerdab.com\/?p=22419\" \/>\n<meta property=\"og:locale\" content=\"az_AZ\" \/>\n<meta property=\"og:type\" content=\"article\" \/>\n<meta property=\"og:title\" content=\"Z\u0259rdab\u0131n icra ba\u015f\u00e7\u0131s\u0131 a\u011f\u0131r ittihamlara cavab verdi - Z\u0259rdab.com\" \/>\n<meta property=\"og:description\" content=\"Z\u0259rdab Rayon \u0130cra Hakimiyy\u0259tinin ba\u015f\u00e7\u0131s\u0131 L\u00fctf\u0259li Babayev rayon sakini \u015e\u0259f\u0259q S\u0259f\u0259r\u0259liyevan\u0131n onun \u00fcnvan\u0131na s\u0259sl\u0259ndirdiyi ittihamla ayd\u0131nl\u0131q g\u0259tirib. O, AzNews.az-a a\u00e7\u0131qlamas\u0131nda bildirib ki, deyil\u0259nl\u0259rin he\u00e7 bir \u0259sas\u0131 yoxdur: \u201cO, h\u0259bsd\u0259n tam \u00e7\u0131xmay\u0131b. \u018fg\u0259r \u00e7\u0131x\u0131bsa da m\u0259n onu g\u00f6rm\u0259mi\u015f\u0259m. \u0130cra ba\u015f\u00e7\u0131s\u0131 hans\u0131sa bir texniki i\u015f\u00e7i il\u0259 \u00fczl\u0259\u015fm\u0259z. Y\u0259qin ki, bu b\u00f6htanlar\u0131na g\u00f6r\u0259 o, ikinci d\u0259f\u0259 yen\u0259 d\u0259 [&hellip;]\" \/>\n<meta property=\"og:url\" content=\"https:\/\/www.zerdab.com\/?p=22419\" \/>\n<meta property=\"og:site_name\" content=\"Z\u0259rdab.com\" \/>\n<meta property=\"article:published_time\" content=\"2016-02-18T14:45:54+00:00\" \/>\n<meta property=\"article:modified_time\" content=\"2016-02-18T19:46:13+00:00\" \/>\n<meta name=\"author\" content=\"admin\" \/>\n<meta name=\"twitter:card\" content=\"summary_large_image\" \/>\n<meta name=\"twitter:label1\" content=\"Written by\" \/>\n\t<meta name=\"twitter:data1\" content=\"admin\" \/>\n\t<meta name=\"twitter:label2\" content=\"Est. reading time\" \/>\n\t<meta name=\"twitter:data2\" content=\"2 minutes\" \/>\n<script type=\"application\/ld+json\" class=\"yoast-schema-graph\">{\"@context\":\"https:\/\/schema.org\",\"@graph\":[{\"@type\":\"Article\",\"@id\":\"https:\/\/www.zerdab.com\/?p=22419#article\",\"isPartOf\":{\"@id\":\"https:\/\/www.zerdab.com\/?p=22419\"},\"author\":{\"name\":\"admin\",\"@id\":\"https:\/\/www.zerdab.com\/#\/schema\/person\/97079b7570c1e89ec0d9e138c3672136\"},\"headline\":\"Z\u0259rdab\u0131n icra ba\u015f\u00e7\u0131s\u0131 a\u011f\u0131r ittihamlara cavab verdi\",\"datePublished\":\"2016-02-18T14:45:54+00:00\",\"dateModified\":\"2016-02-18T19:46:13+00:00\",\"mainEntityOfPage\":{\"@id\":\"https:\/\/www.zerdab.com\/?p=22419\"},\"wordCount\":366,\"commentCount\":0,\"articleSection\":[\"C\u018fM\u0130YY\u018fT\"],\"inLanguage\":\"az\",\"potentialAction\":[{\"@type\":\"CommentAction\",\"name\":\"Comment\",\"target\":[\"https:\/\/www.zerdab.com\/?p=22419#respond\"]}]},{\"@type\":\"WebPage\",\"@id\":\"https:\/\/www.zerdab.com\/?p=22419\",\"url\":\"https:\/\/www.zerdab.com\/?p=22419\",\"name\":\"Z\u0259rdab\u0131n icra ba\u015f\u00e7\u0131s\u0131 a\u011f\u0131r ittihamlara cavab verdi - Z\u0259rdab.com\",\"isPartOf\":{\"@id\":\"https:\/\/www.zerdab.com\/#website\"},\"datePublished\":\"2016-02-18T14:45:54+00:00\",\"dateModified\":\"2016-02-18T19:46:13+00:00\",\"author\":{\"@id\":\"https:\/\/www.zerdab.com\/#\/schema\/person\/97079b7570c1e89ec0d9e138c3672136\"},\"breadcrumb\":{\"@id\":\"https:\/\/www.zerdab.com\/?p=22419#breadcrumb\"},\"inLanguage\":\"az\",\"potentialAction\":[{\"@type\":\"ReadAction\",\"target\":[\"https:\/\/www.zerdab.com\/?p=22419\"]}]},{\"@type\":\"BreadcrumbList\",\"@id\":\"https:\/\/www.zerdab.com\/?p=22419#breadcrumb\",\"itemListElement\":[{\"@type\":\"ListItem\",\"position\":1,\"name\":\"Home\",\"item\":\"https:\/\/www.zerdab.com\/\"},{\"@type\":\"ListItem\",\"position\":2,\"name\":\"Z\u0259rdab\u0131n icra ba\u015f\u00e7\u0131s\u0131 a\u011f\u0131r ittihamlara cavab verdi\"}]},{\"@type\":\"WebSite\",\"@id\":\"https:\/\/www.zerdab.com\/#website\",\"url\":\"https:\/\/www.zerdab.com\/\",\"name\":\"Z\u0259rdab.com\",\"description\":\"\",\"potentialAction\":[{\"@type\":\"SearchAction\",\"target\":{\"@type\":\"EntryPoint\",\"urlTemplate\":\"https:\/\/www.zerdab.com\/?s={search_term_string}\"},\"query-input\":{\"@type\":\"PropertyValueSpecification\",\"valueRequired\":true,\"valueName\":\"search_term_string\"}}],\"inLanguage\":\"az\"},{\"@type\":\"Person\",\"@id\":\"https:\/\/www.zerdab.com\/#\/schema\/person\/97079b7570c1e89ec0d9e138c3672136\",\"name\":\"admin\",\"image\":{\"@type\":\"ImageObject\",\"inLanguage\":\"az\",\"@id\":\"https:\/\/www.zerdab.com\/#\/schema\/person\/image\/\",\"url\":\"https:\/\/secure.gravatar.com\/avatar\/d9c52a9a27c32119cb6679a077fa3e2779e5f822c451cbf01098004361d466ec?s=96&d=mm&r=g\",\"contentUrl\":\"https:\/\/secure.gravatar.com\/avatar\/d9c52a9a27c32119cb6679a077fa3e2779e5f822c451cbf01098004361d466ec?s=96&d=mm&r=g\",\"caption\":\"admin\"},\"url\":\"https:\/\/www.zerdab.com\/?author=1\"}]}<\/script>\n<!-- \/ Yoast SEO plugin. -->","yoast_head_json":{"title":"Z\u0259rdab\u0131n icra ba\u015f\u00e7\u0131s\u0131 a\u011f\u0131r ittihamlara cavab verdi - Z\u0259rdab.com","robots":{"index":"index","follow":"follow","max-snippet":"max-snippet:-1","max-image-preview":"max-image-preview:large","max-video-preview":"max-video-preview:-1"},"canonical":"https:\/\/www.zerdab.com\/?p=22419","og_locale":"az_AZ","og_type":"article","og_title":"Z\u0259rdab\u0131n icra ba\u015f\u00e7\u0131s\u0131 a\u011f\u0131r ittihamlara cavab verdi - Z\u0259rdab.com","og_description":"Z\u0259rdab Rayon \u0130cra Hakimiyy\u0259tinin ba\u015f\u00e7\u0131s\u0131 L\u00fctf\u0259li Babayev rayon sakini \u015e\u0259f\u0259q S\u0259f\u0259r\u0259liyevan\u0131n onun \u00fcnvan\u0131na s\u0259sl\u0259ndirdiyi ittihamla ayd\u0131nl\u0131q g\u0259tirib. O, AzNews.az-a a\u00e7\u0131qlamas\u0131nda bildirib ki, deyil\u0259nl\u0259rin he\u00e7 bir \u0259sas\u0131 yoxdur: \u201cO, h\u0259bsd\u0259n tam \u00e7\u0131xmay\u0131b. \u018fg\u0259r \u00e7\u0131x\u0131bsa da m\u0259n onu g\u00f6rm\u0259mi\u015f\u0259m. \u0130cra ba\u015f\u00e7\u0131s\u0131 hans\u0131sa bir texniki i\u015f\u00e7i il\u0259 \u00fczl\u0259\u015fm\u0259z. Y\u0259qin ki, bu b\u00f6htanlar\u0131na g\u00f6r\u0259 o, ikinci d\u0259f\u0259 yen\u0259 d\u0259 [&hellip;]","og_url":"https:\/\/www.zerdab.com\/?p=22419","og_site_name":"Z\u0259rdab.com","article_published_time":"2016-02-18T14:45:54+00:00","article_modified_time":"2016-02-18T19:46:13+00:00","author":"admin","twitter_card":"summary_large_image","twitter_misc":{"Written by":"admin","Est. reading time":"2 minutes"},"schema":{"@context":"https:\/\/schema.org","@graph":[{"@type":"Article","@id":"https:\/\/www.zerdab.com\/?p=22419#article","isPartOf":{"@id":"https:\/\/www.zerdab.com\/?p=22419"},"author":{"name":"admin","@id":"https:\/\/www.zerdab.com\/#\/schema\/person\/97079b7570c1e89ec0d9e138c3672136"},"headline":"Z\u0259rdab\u0131n icra ba\u015f\u00e7\u0131s\u0131 a\u011f\u0131r ittihamlara cavab verdi","datePublished":"2016-02-18T14:45:54+00:00","dateModified":"2016-02-18T19:46:13+00:00","mainEntityOfPage":{"@id":"https:\/\/www.zerdab.com\/?p=22419"},"wordCount":366,"commentCount":0,"articleSection":["C\u018fM\u0130YY\u018fT"],"inLanguage":"az","potentialAction":[{"@type":"CommentAction","name":"Comment","target":["https:\/\/www.zerdab.com\/?p=22419#respond"]}]},{"@type":"WebPage","@id":"https:\/\/www.zerdab.com\/?p=22419","url":"https:\/\/www.zerdab.com\/?p=22419","name":"Z\u0259rdab\u0131n icra ba\u015f\u00e7\u0131s\u0131 a\u011f\u0131r ittihamlara cavab verdi - Z\u0259rdab.com","isPartOf":{"@id":"https:\/\/www.zerdab.com\/#website"},"datePublished":"2016-02-18T14:45:54+00:00","dateModified":"2016-02-18T19:46:13+00:00","author":{"@id":"https:\/\/www.zerdab.com\/#\/schema\/person\/97079b7570c1e89ec0d9e138c3672136"},"breadcrumb":{"@id":"https:\/\/www.zerdab.com\/?p=22419#breadcrumb"},"inLanguage":"az","potentialAction":[{"@type":"ReadAction","target":["https:\/\/www.zerdab.com\/?p=22419"]}]},{"@type":"BreadcrumbList","@id":"https:\/\/www.zerdab.com\/?p=22419#breadcrumb","itemListElement":[{"@type":"ListItem","position":1,"name":"Home","item":"https:\/\/www.zerdab.com\/"},{"@type":"ListItem","position":2,"name":"Z\u0259rdab\u0131n icra ba\u015f\u00e7\u0131s\u0131 a\u011f\u0131r ittihamlara cavab verdi"}]},{"@type":"WebSite","@id":"https:\/\/www.zerdab.com\/#website","url":"https:\/\/www.zerdab.com\/","name":"Z\u0259rdab.com","description":"","potentialAction":[{"@type":"SearchAction","target":{"@type":"EntryPoint","urlTemplate":"https:\/\/www.zerdab.com\/?s={search_term_string}"},"query-input":{"@type":"PropertyValueSpecification","valueRequired":true,"valueName":"search_term_string"}}],"inLanguage":"az"},{"@type":"Person","@id":"https:\/\/www.zerdab.com\/#\/schema\/person\/97079b7570c1e89ec0d9e138c3672136","name":"admin","image":{"@type":"ImageObject","inLanguage":"az","@id":"https:\/\/www.zerdab.com\/#\/schema\/person\/image\/","url":"https:\/\/secure.gravatar.com\/avatar\/d9c52a9a27c32119cb6679a077fa3e2779e5f822c451cbf01098004361d466ec?s=96&d=mm&r=g","contentUrl":"https:\/\/secure.gravatar.com\/avatar\/d9c52a9a27c32119cb6679a077fa3e2779e5f822c451cbf01098004361d466ec?s=96&d=mm&r=g","caption":"admin"},"url":"https:\/\/www.zerdab.com\/?author=1"}]}},"_links":{"self":[{"href":"https:\/\/www.zerdab.com\/index.php?rest_route=\/wp\/v2\/posts\/22419","targetHints":{"allow":["GET"]}}],"collection":[{"href":"https:\/\/www.zerdab.com\/index.php?rest_route=\/wp\/v2\/posts"}],"about":[{"href":"https:\/\/www.zerdab.com\/index.php?rest_route=\/wp\/v2\/types\/post"}],"author":[{"embeddable":true,"href":"https:\/\/www.zerdab.com\/index.php?rest_route=\/wp\/v2\/users\/1"}],"replies":[{"embeddable":true,"href":"https:\/\/www.zerdab.com\/index.php?rest_route=%2Fwp%2Fv2%2Fcomments&post=22419"}],"version-history":[{"count":1,"href":"https:\/\/www.zerdab.com\/index.php?rest_route=\/wp\/v2\/posts\/22419\/revisions"}],"predecessor-version":[{"id":22421,"href":"https:\/\/www.zerdab.com\/index.php?rest_route=\/wp\/v2\/posts\/22419\/revisions\/22421"}],"wp:attachment":[{"href":"https:\/\/www.zerdab.com\/index.php?rest_route=%2Fwp%2Fv2%2Fmedia&parent=22419"}],"wp:term":[{"taxonomy":"category","embeddable":true,"href":"https:\/\/www.zerdab.com\/index.php?rest_route=%2Fwp%2Fv2%2Fcategories&post=22419"},{"taxonomy":"post_tag","embeddable":true,"href":"https:\/\/www.zerdab.com\/index.php?rest_route=%2Fwp%2Fv2%2Ftags&post=22419"}],"curies":[{"name":"wp","href":"https:\/\/api.w.org\/{rel}","templated":true}]}}