{"id":22437,"date":"2016-02-20T23:55:44","date_gmt":"2016-02-20T19:55:44","guid":{"rendered":"http:\/\/www.zerdab.com\/?p=22437"},"modified":"2016-02-20T23:55:44","modified_gmt":"2016-02-20T19:55:44","slug":"z%c9%99rdabda-q%c9%99tl-tor%c9%99d%c9%99n-27-yasli-g%c9%99ncin-m%c9%99hk%c9%99m%c9%99si-bitdi","status":"publish","type":"post","link":"https:\/\/www.zerdab.com\/?p=22437","title":{"rendered":"Z\u0259rdabda q\u0259tl t\u00f6r\u0259d\u0259n 27 ya\u015fl\u0131 g\u0259ncin m\u0259hk\u0259m\u0259si bitdi"},"content":{"rendered":"<p><strong>D\u0259h\u015f\u0259tli q\u0259tl t\u00f6r\u0259tm\u0259kd\u0259 t\u0259qsirli bilin\u0259n 1989-cu il t\u0259v\u0259ll\u00fcdl\u00fc V\u00fcsal Mehdiyevin m\u0259hk\u0259m\u0259si ba\u015fa \u00e7at\u0131b.\u00a0<\/strong><\/p>\n<p>\u0130ttihama g\u00f6r\u0259, V\u00fcsal Mehdiyev 6 dekabr 2014-c\u00fc il tarixd\u0259 Z\u0259rdab rayonunun D\u0259liqu\u015f\u00e7u k\u0259ndind\u0259, qon\u015fuluqda ya\u015fayan R\u0259\u015fad Zeynalovun mobil telefondan onun h\u0259yat yolda\u015f\u0131 Elnur\u0259 Manafl\u0131n\u0131n telefonuna z\u0259ng etdiyinin \u015fahidi olub. Bir ne\u00e7\u0259 g\u00fcn sonra is\u0259 arvad\u0131na R\u0259\u015fad Zeynalovun intim \u0259laq\u0259 t\u0259klif etdiyini e\u015fidib, el\u0259c\u0259 d\u0259 h\u0259mk\u0259ndlil\u0259ri aras\u0131nda namusunu qoruya bilm\u0259y\u0259n \u015f\u0259xsl\u0259r bar\u0259sind\u0259 dedi-qodunun ona \u00fcnvanland\u0131\u011f\u0131n\u0131 g\u00fcman edib. Q\u0131sqanc \u0259r qon\u015fu R\u0259\u015fad Zeynalovu \u00f6ld\u00fcrm\u0259k q\u0259rar\u0131na g\u0259lib.<\/p>\n<p>O, dekabr\u0131n 29-da R\u0259\u015fad Zeynalov dig\u0259r tan\u0131\u015flarla birg\u0259 \u00f6z\u00fcn\u00fcn &#8220;Mercedes Benz&#8221; markal\u0131 avtomobili il\u0259 Z\u0259rdab rayonunun G\u0259lm\u0259 k\u0259ndind\u0259ki kafey\u0259 gedib.<\/p>\n<p>O, h\u0259min g\u00fcn saat gec\u0259 12-nin yar\u0131s\u0131 rad\u0259l\u0259rind\u0259 idar\u0259 etdiyi avtomobild\u0259 ya\u015fad\u0131qlar\u0131 D\u0259liqu\u015f\u00e7u k\u0259ndin\u0259 qay\u0131dark\u0259n R\u0259\u015fad Zeynalovu Z\u0259rdab\u0131n H\u00fcseynxanl\u0131 k\u0259ndi \u0259razisind\u0259 satl\u0131q x\u0131rda buynuzlu heyvanlara baxmaq ad\u0131 il\u0259 aldad\u0131b v\u0259 h\u0259min k\u0259nd sakini Sahib\u0259t Bayramova m\u0259xsus \u0259kin sah\u0259sin\u0259 apar\u0131b.<\/p>\n<p>Orada V\u00fcsal Mehdiyev t\u0259k\u0259rin \u00e7alaya d\u00fc\u015fm\u0259sini b\u0259han\u0259 ed\u0259r\u0259k R\u0259\u015fad Zeynalova avtomobild\u0259n \u00e7\u0131xaraq baxma\u011f\u0131 xahi\u015f edib. Bu zaman R\u0259\u015fada yax\u0131nla\u015f\u0131b, b\u0131\u00e7aqla d\u00f6\u015f nahiy\u0259sin\u0259 z\u0259rb\u0259 vurub. Z\u0259rb\u0259l\u0259ri vurduqca ondan qisas almaq ist\u0259diyini d\u0259 s\u00f6yl\u0259yib. R\u0259\u015fad qatilin \u0259lind\u0259n \u00e7\u0131xaraq qa\u00e7ma\u011fa ba\u015flay\u0131b. Amma V\u00fcsal R\u0259\u015fad\u0131n arxas\u0131nca qa\u00e7araq tutub, b\u0131\u00e7aqla b\u0259d\u0259nin\u0259 daha bir ne\u00e7\u0259 z\u0259rb\u0259 vurub.<\/p>\n<p>Art\u0131q R\u0259\u015fad Zeynalovun m\u00fcqavim\u0259t g\u00f6st\u0259rm\u0259diyini g\u00f6r\u00fcb, sonda b\u0131\u00e7aqla qurban\u0131n\u0131n ba\u015f nahiy\u0259sin\u0259 daha bir z\u0259rb\u0259 endirib. R\u0259\u015fad Zeynalov ald\u0131\u011f\u0131 x\u0259sar\u0259tl\u0259rd\u0259n \u00f6l\u00fcb.<\/p>\n<p>Daha sonra V\u00fcsal Mehdiyev avtomobild\u0259 olan yar\u0131mlitrlik plastik qabdak\u0131 benzini meyitin \u00fcz\u0259rin\u0259 t\u00f6k\u00fcb yand\u0131r\u0131b.<\/p>\n<p>V\u00fcsal Mehdiyev Cinay\u0259t M\u0259c\u0259ll\u0259sinin 120.2.4-c\u00fc (x\u00fcsusi amans\u0131zl\u0131qla v\u0259 ya \u00fcmumi t\u0259hl\u00fck\u0259li \u00fcsulla adam \u00f6ld\u00fcrm\u0259) madd\u0259si il\u0259 ittiham olunub. L\u0259nk\u0259ran A\u011f\u0131r Cinay\u0259tl\u0259r M\u0259hk\u0259m\u0259si onu 15 il azadl\u0131qdan m\u0259hrum edib.<\/p>\n<p>H\u00f6kmd\u0259n naraz\u0131 qalan Ba\u015f Prokurorluq apelyasiya protesti ver\u0259r\u0259k, V\u00fcsal Mehdiyevin c\u0259zas\u0131n\u0131n a\u011f\u0131rla\u015fd\u0131r\u0131lmas\u0131n\u0131 ist\u0259yib. Eyni t\u0259l\u0259bl\u0259 z\u0259r\u0259r\u00e7\u0259kmi\u015f t\u0259r\u0259f d\u0259 apelyasiya \u015fikay\u0259ti verib.<\/p>\n<p>V\u00fcsal Mehdiyev is\u0259 c\u0259zas\u0131n\u0131n y\u00fcng\u00fcll\u0259\u015fdirilm\u0259sini ist\u0259yib. T\u0259r\u0259fl\u0259rin \u015fikay\u0259ti ara\u015fd\u0131r\u0131lmas\u0131 \u00fc\u00e7\u00fcn \u015eirvan Apelyasiya M\u0259hk\u0259m\u0259sin\u0259 g\u00f6nd\u0259rilib.<\/p>\n<p>M\u0259hk\u0259m\u0259d\u0259 V\u00fcsal Mehdiyev ona verilmi\u015f ittiham \u00fczr\u0259 \u00f6z\u00fcn\u00fc qism\u0259n t\u0259qsirli bilib. O\u00a0bildirib ki, m\u0259rhum R\u0259\u015fad Zeynalovla qon\u015fuluqda ya\u015fay\u0131b, h\u0259m\u00e7inin \u0259vv\u0259ll\u0259r dostluq m\u00fcnasib\u0259tind\u0259 olublar: &#8220;R\u0259\u015fad arvad\u0131ma s\u00f6z at\u0131b, yax\u0131nl\u0131q t\u0259klif edib. Bu s\u00f6zl\u0259ri e\u015fitdikd\u0259 s\u0259brim t\u00fck\u0259ndi, onu c\u0259zaland\u0131rmaq q\u0259rar\u0131na g\u0259ldim. Buna m\u0259qam g\u00f6zl\u0259dim. \u0130\u015fl\u0259diyim ma\u011fazadan m\u0259tb\u0259x b\u0131\u00e7a\u011f\u0131 g\u00f6t\u00fcr\u0259r\u0259k ma\u015f\u0131n\u0131ma qoydum ki, R\u0259\u015fadla haqq-hesab \u00e7\u0259kim&#8221;<\/p>\n<p>T\u0259qsirl\u0259ndiril\u0259n \u015f\u0259xsin s\u00f6zl\u0259rin\u0259 g\u00f6r\u0259, dekabr\u0131n 29-da R\u0259\u015faddan qisas alma\u011f\u0131 n\u0259z\u0259rd\u0259 tutdu\u011fundan \u00e7ayxana yan\u0131nda dayanaraq onu g\u00f6zl\u0259yib: &#8220;\u0130ki n\u0259f\u0259rl\u0259 \u00e7ayxanadan \u00e7\u0131xan R\u0259\u015fad onlar\u0131 rayonun G\u0259lm\u0259 k\u0259ndind\u0259ki kafey\u0259 aparma\u011f\u0131m\u0131 xahi\u015f etdi. M\u0259n d\u0259 raz\u0131la\u015fd\u0131m. Bu vaxt R\u0259\u015fadgil Elg\u00fcn\u00fc d\u0259 \u00e7a\u011f\u0131rd\u0131lar. Onlar\u0131n d\u00f6rd\u00fcn\u00fc d\u0259 avtoma\u015f\u0131n\u0131mda h\u0259min kafey\u0259 g\u0259tirdim. Orada bir ne\u00e7\u0259 bakal piv\u0259 i\u00e7dik.<\/p>\n<p>R\u0259\u015fadgill\u0259 Z\u0259rdab \u015f\u0259h\u0259rind\u0259ki kafey\u0259 getdik, orada \u00e7ay i\u00e7dikd\u0259n sonra R\u0259\u015fad\u0131 bir b\u0259han\u0259 il\u0259 \u00f6z\u00fcml\u0259, Elg\u00fcngild\u0259n ayr\u0131 salmaq \u00fc\u00e7\u00fcn ev\u0259 ba\u015fqa yolla ged\u0259c\u0259yimi dedim. R\u0259\u015fad qon\u015fum oldu\u011fundan avtoma\u015f\u0131n\u0131mda qald\u0131.<\/p>\n<p>Ma\u015f\u0131n\u0131 bir q\u0259d\u0259r s\u00fcrd\u00fcm, sonra guya ma\u015f\u0131n\u0131n t\u0259k\u0259rinin \u00e7alaya d\u00fc\u015fd\u00fcy\u00fcn\u00fc b\u0259han\u0259 ed\u0259r\u0259k, kims\u0259siz bir yerd\u0259 saxlad\u0131m. R\u0259\u015fada d\u00fc\u015f\u0259r\u0259k t\u0259k\u0259r\u0259 baxma\u011f\u0131 t\u0259klif etdim&#8221;.<\/p>\n<p>V\u00fcsal Mehdiyev bildirib ki, R\u0259\u015fad ma\u015f\u0131ndan d\u00fc\u015f\u0259r\u0259k t\u0259k\u0259r\u0259 bax\u0131b, ona he\u00e7 n\u0259 olmad\u0131\u011f\u0131n\u0131 deyib: &#8220;R\u0259\u015fad k\u0259nara \u00e7\u0259kil\u0259r\u0259k t\u0259bii ehtiyac\u0131n\u0131 \u00f6d\u0259m\u0259y\u0259 ba\u015flad\u0131. Bu m\u0259qamdan istifad\u0259 ed\u0259r\u0259k \u0259vv\u0259lc\u0259d\u0259n ma\u015f\u0131na qoydu\u011fum b\u0131\u00e7a\u011f\u0131 g\u00f6t\u00fcrd\u00fcm, yax\u0131nla\u015faraq n\u0259y\u0259 g\u00f6r\u0259 m\u0259ni tan\u0131\u015flar\u0131n yan\u0131nda \u0259l\u0259 sald\u0131\u011f\u0131n\u0131 soru\u015fdum. R\u0259\u015fad cavab\u0131nda g\u00fcld\u00fc.<\/p>\n<p>Bundan q\u0259z\u0259bl\u0259n\u0259r\u0259k \u0259limd\u0259ki b\u0131\u00e7aqla R\u0259\u015fad\u0131n sin\u0259sin\u0259 z\u0259rb\u0259 endirdim. Z\u0259rb\u0259d\u0259n bir az geri at\u0131lan R\u0259\u015fad &#8220;\u0259, n\u0259 edirs\u0259n&#8221; dey\u0259r\u0259k h\u0259r\u0259k\u0259timin s\u0259b\u0259bini soru\u015fdu. M\u0259n d\u0259 ona: &#8220;B\u0259s bilmirdin adam\u0131n arvad\u0131na sata\u015f\u0131b, onu \u0259l\u0259 salanda n\u0259 olur?..&#8221; dedim. Ona anlatd\u0131m ki, bunu namusuma l\u0259k\u0259 g\u0259tirdiyi, l\u0259yaq\u0259timi al\u00e7altd\u0131\u011f\u0131 \u00fc\u00e7\u00fcn edir\u0259m. Bu s\u00f6zl\u0259ri e\u015fid\u0259nd\u0259 \u0259limd\u0259 b\u0131\u00e7a\u011f\u0131 g\u00f6r\u0259n R\u0259\u015fad aralanaraq qa\u00e7ma\u011fa ba\u015flad\u0131&#8221;.<\/p>\n<p>V\u00fcsal Mehdiyev qeyd edib ki, R\u0259\u015fad\u0131 t\u0259qib edib, ona \u00e7ataraq k\u00fcr\u0259k nahiy\u0259sin\u0259 b\u0131\u00e7aqla z\u0259rb\u0259l\u0259r vurub: &#8220;Bundan sonra R\u0259\u015fad yer\u0259 y\u0131x\u0131ld\u0131. M\u0259n d\u0259 onun \u00fcst\u00fcn\u0259 \u00e7\u00f6k\u0259r\u0259k b\u0131\u00e7aqla z\u0259rb\u0259l\u0259r endirdim. O, m\u00fcqavim\u0259t g\u00f6st\u0259rm\u0259y\u0259, \u0259limd\u0259n tutaraq b\u0131\u00e7aq z\u0259rb\u0259l\u0259rind\u0259n m\u00fcdafi\u0259 olunma\u011fa \u00e7al\u0131\u015fd\u0131.<\/p>\n<p>Ancaq q\u0259z\u0259bd\u0259n \u00f6z\u00fcmd\u0259 deyildim. M\u0259qs\u0259dim R\u0259\u015fad\u0131 \u00f6ld\u00fcrm\u0259k idi. Ona g\u00f6r\u0259 yer\u0259 y\u0131x\u0131lm\u0131\u015f R\u0259\u015fada haras\u0131na ne\u00e7\u0259 b\u0131\u00e7aq z\u0259rb\u0259si vurdu\u011fumu xat\u0131rlam\u0131ram. Lakin z\u0259rb\u0259ni R\u0259\u015fad\u0131n bo\u011faz nahiy\u0259sin\u0259 vurdu\u011fum v\u0259 bundan sonra R\u0259\u015fad\u0131n h\u0259r\u0259k\u0259tsiz qald\u0131\u011f\u0131 yad\u0131mdad\u0131r. Art\u0131q n\u0259f\u0259si g\u0259lm\u0259diyini g\u00f6r\u0259nd\u0259 \u00f6ld\u00fcy\u00fcn\u00fc bildim.<\/p>\n<p>Sonra bir q\u0259d\u0259r \u00f6z\u00fcm\u0259 g\u0259ldim, t\u00f6r\u0259tdiyim cinay\u0259tin izini itirm\u0259k \u00fc\u00e7\u00fcn avtomobild\u0259 motorlu mi\u015far \u00fc\u00e7\u00fcn haz\u0131rlad\u0131\u011f\u0131m s\u00fcrtg\u00fc ya\u011f\u0131 il\u0259 qat\u0131\u015f\u0131q olan 0,5 litrlik \u015f\u00fc\u015f\u0259 butulkadak\u0131 benzini g\u00f6t\u00fcrd\u00fcm, R\u0259\u015fad\u0131n meyitinin \u00fcz\u0259rin\u0259 t\u00f6kd\u00fcm. Kibritl\u0259 al\u0131\u015fd\u0131raraq onun meyitini yand\u0131rd\u0131m, avtoma\u015f\u0131n\u0131ma minib s\u00fcr\u0259tl\u0259 hadis\u0259 yerind\u0259n uzaqla\u015fd\u0131m&#8221;.<\/p>\n<p>T\u0259qsirl\u0259ndiril\u0259n \u015f\u0259xsin s\u00f6zl\u0259rin\u0259 g\u00f6r\u0259, \u0259vv\u0259l polis\u0259 ged\u0259r\u0259k t\u00f6r\u0259tdiyi \u0259m\u0259l bar\u0259d\u0259 m\u0259lumat verm\u0259k ist\u0259yib: &#8220;Lakin bunu d\u0259rhal etm\u0259yi bacarmad\u0131m. Sonradan istintaqda t\u00f6r\u0259tdiyim \u0259m\u0259li s\u0259mimi etiraf el\u0259dim. Lakin ibtidai istintaq zaman\u0131 hadis\u0259nin t\u0259siri alt\u0131nda oldu\u011fumdan R\u0259\u015fad Zeynalovun \u00fcst\u00fcn\u0259 benzin t\u00f6k\u0259rk\u0259n onun \u00f6lm\u00fc\u015f oldu\u011funu bilm\u0259yimi v\u0259 bunu izi itirm\u0259k \u00fc\u00e7\u00fcn etdiyimi dem\u0259dim. Bu m\u0259qam\u0131n ifad\u0259md\u0259 nec\u0259 \u0259ks olundu\u011funun mahiyy\u0259tin\u0259 d\u0259 varmad\u0131m. Ona g\u00f6r\u0259 d\u0259 ibtidai istintaqda bu hal \u00fczr\u0259 verdiyim ilk ifad\u0259mi t\u0259sdiq etmir\u0259m.<\/p>\n<p>R\u0259\u015fad Zeynalovu namusuma x\u0259l\u0259l g\u0259tir\u0259n h\u0259r\u0259k\u0259t ed\u0259r\u0259k l\u0259yaq\u0259timi al\u00e7altd\u0131\u011f\u0131 s\u0259b\u0259bind\u0259n \u00f6ld\u00fcrm\u00fc\u015f\u0259m. R\u0259\u015fad Zeynalova iztirab verm\u0259k, onu q\u0259ddarl\u0131qla \u00f6ld\u00fcrm\u0259k, diri-diri yand\u0131rmaq fikrim olmay\u0131b v\u0259 bu m\u0259qs\u0259dl\u0259 onun \u00fcst\u00fcn\u0259 benzin t\u00f6k\u0259r\u0259k yand\u0131rmam\u0131\u015fam. T\u00f6r\u0259tdiyim \u0259m\u0259ld\u0259n pe\u015fmanam&#8221;.<\/p>\n<p>Z\u0259r\u0259r\u00e7\u0259kmi\u015f \u015f\u0259xsin h\u00fcquqi varisi olan atas\u0131 \u0130n\u015fallah Zeynalovun s\u00f6zl\u0259rin\u0259 g\u00f6r\u0259, R\u0259\u015fad t\u0259bi\u0259t\u0259n m\u00fclayim, qon\u015fularla mehriban m\u00fcnasib\u0259td\u0259 olan adam idi: &#8220;V\u00fcsal Mehdiyev arvad\u0131 v\u0259 valideynl\u0259ri il\u0259 biziml\u0259 \u00e7\u0259p\u0259r qon\u015fulu\u011funda ya\u015fay\u0131b, m\u00fcnasib\u0259tl\u0259rimiz yax\u015f\u0131 olub. Sonuncu d\u0259f\u0259 o\u011flum R\u0259\u015fad\u0131 29 dekabr 2014-c\u00fc il tarixd\u0259 evd\u0259 g\u00f6rm\u00fc\u015f\u0259m. Bundan sonra R\u0259\u015fad V\u00fcsal Mehdiyevin ma\u011fazas\u0131na gedib ki, nisy\u0259 ald\u0131\u011f\u0131 pres ipinin pulunu \u00f6d\u0259sin, bu zaman mobil telefonunu evd\u0259 qoyub. O\u011flumun ax\u015fam niy\u0259 ev\u0259 qay\u0131tmamas\u0131 il\u0259 maraqland\u0131m. Yolda\u015f\u0131m R\u0259\u015fad\u0131n ev\u0259 qay\u0131tmad\u0131\u011f\u0131n\u0131 v\u0259 evd\u0259 gec\u0259l\u0259m\u0259diyini dedi.<\/p>\n<p>Bundan \u015f\u00fcbh\u0259l\u0259n\u0259r\u0259k d\u0259rhal Z\u0259rdab Rayon Polis \u015e\u00f6b\u0259sin\u0259 m\u0259lumat verdim, o\u011flumla ba\u011fl\u0131 m\u0259lumatlar\u0131 olub-olmad\u0131\u011f\u0131n\u0131 soru\u015fdum. Orada ad\u0131n\u0131 bilm\u0259diyim bir polis \u0259m\u0259kda\u015f\u0131 H\u00fcseynxanl\u0131 k\u0259nd \u0259razisind\u0259 hadis\u0259 ba\u015f verdiyini bildirdi, onunla m\u0259scid\u0259 getm\u0259yi t\u0259klif etdi.<\/p>\n<p>Birlikd\u0259 m\u0259scid\u0259 g\u0259ldikd\u0259 orada yuyulan meyitin paltarlar\u0131n\u0131n R\u0259\u015fada m\u0259xsus oldu\u011funu g\u00f6rd\u00fcm. Sonrada istintaq orqan\u0131ndan ald\u0131\u011f\u0131m m\u0259lumatdan bildim ki, o\u011flum qon\u015fumuz V\u00fcsal Mehdiyev t\u0259r\u0259find\u0259n \u00f6ld\u00fcr\u00fcl\u00fcb.<\/p>\n<p>R\u0259\u015fad\u0131n V\u00fcsal Mehdiyevin arvad\u0131na sata\u015fmas\u0131, ona atmacalar atmas\u0131 bar\u0259d\u0259 \u0259vv\u0259ll\u0259r he\u00e7 bir m\u0259lumat\u0131m olmay\u0131b, o\u011flumun bel\u0259 h\u0259r\u0259k\u0259tl\u0259r etm\u0259sin\u0259 inanm\u0131ram. Hesab edir\u0259m ki, V\u00fcsal Mehdiyev o\u011flumu x\u00fcsusi amans\u0131zl\u0131qla \u00f6ld\u00fcr\u00fcb&#8221;.<\/p>\n<p>\u0130n\u015fallah Zeynalovun v\u0259kili Ad\u0259m M\u0259mm\u0259dov prokurorlu\u011fun protestinin t\u0259min, m\u0259hkum edilmi\u015f \u015f\u0259xsin m\u00fcdafi\u0259\u00e7isinin apelyasiya \u015fikay\u0259tinin is\u0259 r\u0259dd olunmas\u0131 bar\u0259d\u0259 q\u0259rar q\u0259bulunu xahi\u015f edib. N\u00fcmay\u0259nd\u0259 V\u00fcsal Mehdiyevin ittiham olundu\u011fu madd\u0259nin sanksiyas\u0131nda n\u0259z\u0259rd\u0259 tutulmu\u015f \u0259n yuxar\u0131 h\u0259dd\u0259, 20 il v\u0259 ya \u00f6m\u00fcrl\u00fck azadl\u0131qdan m\u0259hrumetm\u0259 c\u0259zas\u0131n\u0131n t\u0259yin olunmas\u0131n\u0131 ist\u0259yib.<\/p>\n<p>D\u00f6vl\u0259t ittiham\u00e7\u0131s\u0131 \u018fdal\u0259t \u018fzimov bildirib ki, V\u00fcsal Mehdiyevin c\u0259zas\u0131n\u0131n a\u011f\u0131rla\u015fd\u0131r\u0131lmas\u0131 bar\u0259d\u0259 q\u0259rar q\u0259bulu \u00fc\u00e7\u00fcn \u0259saslar var.<\/p>\n<p>V\u00fcsal Mehdiyevin v\u0259kili Ruhid \u018fkb\u0259rov apelyasiya \u015fikay\u0259tinin d\u0259lill\u0259rin\u0259 uy\u011fun \u00e7\u0131x\u0131\u015f edib. O, qeyd edib ki, m\u00fcdafi\u0259 etdiyi \u015f\u0259xsin \u0259m\u0259li Cinay\u0259t M\u0259c\u0259ll\u0259sinin 120.1-ci (q\u0259sd\u0259n adam \u00f6ld\u00fcrm\u0259) madd\u0259si il\u0259 t\u00f6vsif olunmas\u0131 \u00fc\u00e7\u00fcn \u0259saslar var.<\/p>\n<p>Ruhid \u018fkb\u0259rov m\u00fcdafi\u0259 etdiyi \u015f\u0259xsin c\u0259zas\u0131n\u0131n daha y\u00fcng\u00fcl c\u0259za il\u0259 \u0259v\u0259z edilm\u0259sini, prokurorlu\u011fun protestinin, h\u0259m\u00e7inin z\u0259r\u0259r\u00e7\u0259kmi\u015f t\u0259r\u0259fin apelyasiya \u015fikay\u0259tinin t\u0259min edilm\u0259m\u0259sini xahi\u015f edib.<\/p>\n<p>Hakim kollegiyas\u0131 sonda prokurorlu\u011fun protestinin t\u0259min edilm\u0259si bar\u0259d\u0259 q\u0259rar a\u00e7\u0131qlay\u0131b. V\u00fcsal Mehdiyevin c\u0259zas\u0131 17 il\u0259 q\u0259d\u0259r art\u0131r\u0131l\u0131b. Teleqraf.com<\/p>\n<p>&nbsp;<\/p>\n","protected":false},"excerpt":{"rendered":"<p>D\u0259h\u015f\u0259tli q\u0259tl t\u00f6r\u0259tm\u0259kd\u0259 t\u0259qsirli bilin\u0259n 1989-cu il t\u0259v\u0259ll\u00fcdl\u00fc V\u00fcsal Mehdiyevin m\u0259hk\u0259m\u0259si ba\u015fa \u00e7at\u0131b.\u00a0 \u0130ttihama g\u00f6r\u0259, V\u00fcsal Mehdiyev 6 dekabr 2014-c\u00fc il tarixd\u0259 Z\u0259rdab rayonunun D\u0259liqu\u015f\u00e7u k\u0259ndind\u0259, qon\u015fuluqda ya\u015fayan R\u0259\u015fad Zeynalovun mobil telefondan onun h\u0259yat yolda\u015f\u0131 Elnur\u0259 Manafl\u0131n\u0131n telefonuna z\u0259ng etdiyinin \u015fahidi olub. Bir ne\u00e7\u0259 g\u00fcn sonra is\u0259 arvad\u0131na R\u0259\u015fad Zeynalovun intim \u0259laq\u0259 t\u0259klif etdiyini e\u015fidib, [&hellip;]<\/p>\n","protected":false},"author":1,"featured_media":0,"comment_status":"open","ping_status":"open","sticky":false,"template":"","format":"standard","meta":{"footnotes":""},"categories":[46],"tags":[],"class_list":{"0":"post-22437","1":"post","2":"type-post","3":"status-publish","4":"format-standard","6":"category-hadis"},"yoast_head":"<!-- This site is optimized with the Yoast SEO plugin v27.0 - https:\/\/yoast.com\/product\/yoast-seo-wordpress\/ -->\n<title>Z\u0259rdabda q\u0259tl t\u00f6r\u0259d\u0259n 27 ya\u015fl\u0131 g\u0259ncin m\u0259hk\u0259m\u0259si bitdi - Z\u0259rdab.com<\/title>\n<meta name=\"robots\" content=\"index, follow, max-snippet:-1, max-image-preview:large, max-video-preview:-1\" \/>\n<link rel=\"canonical\" href=\"https:\/\/www.zerdab.com\/?p=22437\" \/>\n<meta property=\"og:locale\" content=\"az_AZ\" \/>\n<meta property=\"og:type\" content=\"article\" \/>\n<meta property=\"og:title\" content=\"Z\u0259rdabda q\u0259tl t\u00f6r\u0259d\u0259n 27 ya\u015fl\u0131 g\u0259ncin m\u0259hk\u0259m\u0259si bitdi - Z\u0259rdab.com\" \/>\n<meta property=\"og:description\" content=\"D\u0259h\u015f\u0259tli q\u0259tl t\u00f6r\u0259tm\u0259kd\u0259 t\u0259qsirli bilin\u0259n 1989-cu il t\u0259v\u0259ll\u00fcdl\u00fc V\u00fcsal Mehdiyevin m\u0259hk\u0259m\u0259si ba\u015fa \u00e7at\u0131b.\u00a0 \u0130ttihama g\u00f6r\u0259, V\u00fcsal Mehdiyev 6 dekabr 2014-c\u00fc il tarixd\u0259 Z\u0259rdab rayonunun D\u0259liqu\u015f\u00e7u k\u0259ndind\u0259, qon\u015fuluqda ya\u015fayan R\u0259\u015fad Zeynalovun mobil telefondan onun h\u0259yat yolda\u015f\u0131 Elnur\u0259 Manafl\u0131n\u0131n telefonuna z\u0259ng etdiyinin \u015fahidi olub. Bir ne\u00e7\u0259 g\u00fcn sonra is\u0259 arvad\u0131na R\u0259\u015fad Zeynalovun intim \u0259laq\u0259 t\u0259klif etdiyini e\u015fidib, [&hellip;]\" \/>\n<meta property=\"og:url\" content=\"https:\/\/www.zerdab.com\/?p=22437\" \/>\n<meta property=\"og:site_name\" content=\"Z\u0259rdab.com\" \/>\n<meta property=\"article:published_time\" content=\"2016-02-20T19:55:44+00:00\" \/>\n<meta name=\"author\" content=\"admin\" \/>\n<meta name=\"twitter:card\" content=\"summary_large_image\" \/>\n<meta name=\"twitter:label1\" content=\"Written by\" \/>\n\t<meta name=\"twitter:data1\" content=\"admin\" \/>\n\t<meta name=\"twitter:label2\" content=\"Est. reading time\" \/>\n\t<meta name=\"twitter:data2\" content=\"10 minutes\" \/>\n<script type=\"application\/ld+json\" class=\"yoast-schema-graph\">{\"@context\":\"https:\/\/schema.org\",\"@graph\":[{\"@type\":\"Article\",\"@id\":\"https:\/\/www.zerdab.com\/?p=22437#article\",\"isPartOf\":{\"@id\":\"https:\/\/www.zerdab.com\/?p=22437\"},\"author\":{\"name\":\"admin\",\"@id\":\"https:\/\/www.zerdab.com\/#\/schema\/person\/97079b7570c1e89ec0d9e138c3672136\"},\"headline\":\"Z\u0259rdabda q\u0259tl t\u00f6r\u0259d\u0259n 27 ya\u015fl\u0131 g\u0259ncin m\u0259hk\u0259m\u0259si bitdi\",\"datePublished\":\"2016-02-20T19:55:44+00:00\",\"mainEntityOfPage\":{\"@id\":\"https:\/\/www.zerdab.com\/?p=22437\"},\"wordCount\":1921,\"commentCount\":0,\"articleSection\":[\"HAD\u0130S\u018f\"],\"inLanguage\":\"az\",\"potentialAction\":[{\"@type\":\"CommentAction\",\"name\":\"Comment\",\"target\":[\"https:\/\/www.zerdab.com\/?p=22437#respond\"]}]},{\"@type\":\"WebPage\",\"@id\":\"https:\/\/www.zerdab.com\/?p=22437\",\"url\":\"https:\/\/www.zerdab.com\/?p=22437\",\"name\":\"Z\u0259rdabda q\u0259tl t\u00f6r\u0259d\u0259n 27 ya\u015fl\u0131 g\u0259ncin m\u0259hk\u0259m\u0259si bitdi - Z\u0259rdab.com\",\"isPartOf\":{\"@id\":\"https:\/\/www.zerdab.com\/#website\"},\"datePublished\":\"2016-02-20T19:55:44+00:00\",\"author\":{\"@id\":\"https:\/\/www.zerdab.com\/#\/schema\/person\/97079b7570c1e89ec0d9e138c3672136\"},\"breadcrumb\":{\"@id\":\"https:\/\/www.zerdab.com\/?p=22437#breadcrumb\"},\"inLanguage\":\"az\",\"potentialAction\":[{\"@type\":\"ReadAction\",\"target\":[\"https:\/\/www.zerdab.com\/?p=22437\"]}]},{\"@type\":\"BreadcrumbList\",\"@id\":\"https:\/\/www.zerdab.com\/?p=22437#breadcrumb\",\"itemListElement\":[{\"@type\":\"ListItem\",\"position\":1,\"name\":\"Home\",\"item\":\"https:\/\/www.zerdab.com\/\"},{\"@type\":\"ListItem\",\"position\":2,\"name\":\"Z\u0259rdabda q\u0259tl t\u00f6r\u0259d\u0259n 27 ya\u015fl\u0131 g\u0259ncin m\u0259hk\u0259m\u0259si bitdi\"}]},{\"@type\":\"WebSite\",\"@id\":\"https:\/\/www.zerdab.com\/#website\",\"url\":\"https:\/\/www.zerdab.com\/\",\"name\":\"Z\u0259rdab.com\",\"description\":\"\",\"potentialAction\":[{\"@type\":\"SearchAction\",\"target\":{\"@type\":\"EntryPoint\",\"urlTemplate\":\"https:\/\/www.zerdab.com\/?s={search_term_string}\"},\"query-input\":{\"@type\":\"PropertyValueSpecification\",\"valueRequired\":true,\"valueName\":\"search_term_string\"}}],\"inLanguage\":\"az\"},{\"@type\":\"Person\",\"@id\":\"https:\/\/www.zerdab.com\/#\/schema\/person\/97079b7570c1e89ec0d9e138c3672136\",\"name\":\"admin\",\"image\":{\"@type\":\"ImageObject\",\"inLanguage\":\"az\",\"@id\":\"https:\/\/www.zerdab.com\/#\/schema\/person\/image\/\",\"url\":\"https:\/\/secure.gravatar.com\/avatar\/d9c52a9a27c32119cb6679a077fa3e2779e5f822c451cbf01098004361d466ec?s=96&d=mm&r=g\",\"contentUrl\":\"https:\/\/secure.gravatar.com\/avatar\/d9c52a9a27c32119cb6679a077fa3e2779e5f822c451cbf01098004361d466ec?s=96&d=mm&r=g\",\"caption\":\"admin\"},\"url\":\"https:\/\/www.zerdab.com\/?author=1\"}]}<\/script>\n<!-- \/ Yoast SEO plugin. -->","yoast_head_json":{"title":"Z\u0259rdabda q\u0259tl t\u00f6r\u0259d\u0259n 27 ya\u015fl\u0131 g\u0259ncin m\u0259hk\u0259m\u0259si bitdi - Z\u0259rdab.com","robots":{"index":"index","follow":"follow","max-snippet":"max-snippet:-1","max-image-preview":"max-image-preview:large","max-video-preview":"max-video-preview:-1"},"canonical":"https:\/\/www.zerdab.com\/?p=22437","og_locale":"az_AZ","og_type":"article","og_title":"Z\u0259rdabda q\u0259tl t\u00f6r\u0259d\u0259n 27 ya\u015fl\u0131 g\u0259ncin m\u0259hk\u0259m\u0259si bitdi - Z\u0259rdab.com","og_description":"D\u0259h\u015f\u0259tli q\u0259tl t\u00f6r\u0259tm\u0259kd\u0259 t\u0259qsirli bilin\u0259n 1989-cu il t\u0259v\u0259ll\u00fcdl\u00fc V\u00fcsal Mehdiyevin m\u0259hk\u0259m\u0259si ba\u015fa \u00e7at\u0131b.\u00a0 \u0130ttihama g\u00f6r\u0259, V\u00fcsal Mehdiyev 6 dekabr 2014-c\u00fc il tarixd\u0259 Z\u0259rdab rayonunun D\u0259liqu\u015f\u00e7u k\u0259ndind\u0259, qon\u015fuluqda ya\u015fayan R\u0259\u015fad Zeynalovun mobil telefondan onun h\u0259yat yolda\u015f\u0131 Elnur\u0259 Manafl\u0131n\u0131n telefonuna z\u0259ng etdiyinin \u015fahidi olub. Bir ne\u00e7\u0259 g\u00fcn sonra is\u0259 arvad\u0131na R\u0259\u015fad Zeynalovun intim \u0259laq\u0259 t\u0259klif etdiyini e\u015fidib, [&hellip;]","og_url":"https:\/\/www.zerdab.com\/?p=22437","og_site_name":"Z\u0259rdab.com","article_published_time":"2016-02-20T19:55:44+00:00","author":"admin","twitter_card":"summary_large_image","twitter_misc":{"Written by":"admin","Est. reading time":"10 minutes"},"schema":{"@context":"https:\/\/schema.org","@graph":[{"@type":"Article","@id":"https:\/\/www.zerdab.com\/?p=22437#article","isPartOf":{"@id":"https:\/\/www.zerdab.com\/?p=22437"},"author":{"name":"admin","@id":"https:\/\/www.zerdab.com\/#\/schema\/person\/97079b7570c1e89ec0d9e138c3672136"},"headline":"Z\u0259rdabda q\u0259tl t\u00f6r\u0259d\u0259n 27 ya\u015fl\u0131 g\u0259ncin m\u0259hk\u0259m\u0259si bitdi","datePublished":"2016-02-20T19:55:44+00:00","mainEntityOfPage":{"@id":"https:\/\/www.zerdab.com\/?p=22437"},"wordCount":1921,"commentCount":0,"articleSection":["HAD\u0130S\u018f"],"inLanguage":"az","potentialAction":[{"@type":"CommentAction","name":"Comment","target":["https:\/\/www.zerdab.com\/?p=22437#respond"]}]},{"@type":"WebPage","@id":"https:\/\/www.zerdab.com\/?p=22437","url":"https:\/\/www.zerdab.com\/?p=22437","name":"Z\u0259rdabda q\u0259tl t\u00f6r\u0259d\u0259n 27 ya\u015fl\u0131 g\u0259ncin m\u0259hk\u0259m\u0259si bitdi - Z\u0259rdab.com","isPartOf":{"@id":"https:\/\/www.zerdab.com\/#website"},"datePublished":"2016-02-20T19:55:44+00:00","author":{"@id":"https:\/\/www.zerdab.com\/#\/schema\/person\/97079b7570c1e89ec0d9e138c3672136"},"breadcrumb":{"@id":"https:\/\/www.zerdab.com\/?p=22437#breadcrumb"},"inLanguage":"az","potentialAction":[{"@type":"ReadAction","target":["https:\/\/www.zerdab.com\/?p=22437"]}]},{"@type":"BreadcrumbList","@id":"https:\/\/www.zerdab.com\/?p=22437#breadcrumb","itemListElement":[{"@type":"ListItem","position":1,"name":"Home","item":"https:\/\/www.zerdab.com\/"},{"@type":"ListItem","position":2,"name":"Z\u0259rdabda q\u0259tl t\u00f6r\u0259d\u0259n 27 ya\u015fl\u0131 g\u0259ncin m\u0259hk\u0259m\u0259si bitdi"}]},{"@type":"WebSite","@id":"https:\/\/www.zerdab.com\/#website","url":"https:\/\/www.zerdab.com\/","name":"Z\u0259rdab.com","description":"","potentialAction":[{"@type":"SearchAction","target":{"@type":"EntryPoint","urlTemplate":"https:\/\/www.zerdab.com\/?s={search_term_string}"},"query-input":{"@type":"PropertyValueSpecification","valueRequired":true,"valueName":"search_term_string"}}],"inLanguage":"az"},{"@type":"Person","@id":"https:\/\/www.zerdab.com\/#\/schema\/person\/97079b7570c1e89ec0d9e138c3672136","name":"admin","image":{"@type":"ImageObject","inLanguage":"az","@id":"https:\/\/www.zerdab.com\/#\/schema\/person\/image\/","url":"https:\/\/secure.gravatar.com\/avatar\/d9c52a9a27c32119cb6679a077fa3e2779e5f822c451cbf01098004361d466ec?s=96&d=mm&r=g","contentUrl":"https:\/\/secure.gravatar.com\/avatar\/d9c52a9a27c32119cb6679a077fa3e2779e5f822c451cbf01098004361d466ec?s=96&d=mm&r=g","caption":"admin"},"url":"https:\/\/www.zerdab.com\/?author=1"}]}},"_links":{"self":[{"href":"https:\/\/www.zerdab.com\/index.php?rest_route=\/wp\/v2\/posts\/22437","targetHints":{"allow":["GET"]}}],"collection":[{"href":"https:\/\/www.zerdab.com\/index.php?rest_route=\/wp\/v2\/posts"}],"about":[{"href":"https:\/\/www.zerdab.com\/index.php?rest_route=\/wp\/v2\/types\/post"}],"author":[{"embeddable":true,"href":"https:\/\/www.zerdab.com\/index.php?rest_route=\/wp\/v2\/users\/1"}],"replies":[{"embeddable":true,"href":"https:\/\/www.zerdab.com\/index.php?rest_route=%2Fwp%2Fv2%2Fcomments&post=22437"}],"version-history":[{"count":1,"href":"https:\/\/www.zerdab.com\/index.php?rest_route=\/wp\/v2\/posts\/22437\/revisions"}],"predecessor-version":[{"id":22439,"href":"https:\/\/www.zerdab.com\/index.php?rest_route=\/wp\/v2\/posts\/22437\/revisions\/22439"}],"wp:attachment":[{"href":"https:\/\/www.zerdab.com\/index.php?rest_route=%2Fwp%2Fv2%2Fmedia&parent=22437"}],"wp:term":[{"taxonomy":"category","embeddable":true,"href":"https:\/\/www.zerdab.com\/index.php?rest_route=%2Fwp%2Fv2%2Fcategories&post=22437"},{"taxonomy":"post_tag","embeddable":true,"href":"https:\/\/www.zerdab.com\/index.php?rest_route=%2Fwp%2Fv2%2Ftags&post=22437"}],"curies":[{"name":"wp","href":"https:\/\/api.w.org\/{rel}","templated":true}]}}