{"id":22440,"date":"2016-02-23T13:35:45","date_gmt":"2016-02-23T09:35:45","guid":{"rendered":"http:\/\/www.zerdab.com\/?p=22440"},"modified":"2016-02-23T13:35:45","modified_gmt":"2016-02-23T09:35:45","slug":"z%c9%99rdabda-yeni-is-yerl%c9%99ri-acilacaqmi","status":"publish","type":"post","link":"https:\/\/www.zerdab.com\/?p=22440","title":{"rendered":"Z\u0259rdabda yeni i\u015f yerl\u0259ri a\u00e7\u0131lacaqm\u0131?"},"content":{"rendered":"<p>\u00d6lk\u0259 Prezidentinin sahibkarl\u0131\u011f\u0131n inki\u015faf etdirilm\u0259si, \u0259halinin m\u0259\u015f\u011fulluq s\u0259viyy\u0259sinin art\u0131r\u0131lmas\u0131, yeni i\u015f yerl\u0259rinin a\u00e7\u0131lmas\u0131 v\u0259 s\u0259rmay\u0259l\u0259rin c\u0259lb edilm\u0259si il\u0259 ba\u011fl\u0131 tap\u015f\u0131r\u0131qlar\u0131n\u0131n icras\u0131n\u0131 t\u0259min etm\u0259k m\u0259qs\u0259dil\u0259 22 fevral 2016-c\u0131 il tarixd\u0259 Z\u0259rdab Rayon \u0130cra Hakimiyy\u0259tind\u0259 yarad\u0131lm\u0131\u015f x\u00fcsusi q\u0259rargah\u0131n n\u00f6vb\u0259ti iclas\u0131 ke\u00e7irilmi\u015fdir. \u0130clasda q\u0259rargah\u0131n \u00fczvl\u0259ri, yerli icra v\u0259 b\u0259l\u0259diyy\u0259 orqanlar\u0131n\u0131n, idar\u0259, m\u00fc\u0259ssis\u0259 v\u0259 t\u0259\u015fkilatlar\u0131n r\u0259hb\u0259rl\u0259ri, sahibkarlar i\u015ftirak etmi\u015fl\u0259r.<br \/>\n\u0130clas\u0131 giri\u015f s\u00f6z\u00fc il\u0259 q\u0259rargah\u0131n r\u0259hb\u0259ri, Z\u0259rdab Rayon \u0130cra Hakimiyy\u0259tinin ba\u015f\u00e7\u0131s\u0131 L\u00fctv\u0259li Babayev a\u00e7m\u0131\u015fd\u0131r. Qar\u015f\u0131ya qoyulmu\u015f v\u0259zif\u0259l\u0259rin icras\u0131n\u0131 t\u0259min etm\u0259k m\u0259qs\u0259dil\u0259 yarad\u0131lm\u0131\u015f q\u0259rargah\u0131n imkanlar\u0131ndan s\u0259m\u0259r\u0259li istifad\u0259 edilm\u0259sinin z\u0259ruriliyini vur\u011fulayan icra ba\u015f\u00e7\u0131s\u0131 q\u0259rargah \u00fczvl\u0259rin\u0259 konkret tap\u015f\u0131r\u0131qlar vermi\u015fdir.<br \/>\nRayon \u0130cra Hakimiyy\u0259ti ba\u015f\u00e7\u0131s\u0131n\u0131n birinci m\u00fcavini, q\u0259rargah\u0131n \u00fczv\u00fc R\u0259hman Feyzullayev \u00e7\u0131x\u0131\u015f ed\u0259r\u0259k q\u0259rargah\u0131n f\u0259aliyy\u0259ti bar\u0259d\u0259 m\u0259lumat vermi\u015fdir. Qeyd olunmu\u015fdur ki, 01 fevral 2016-c\u0131 il tarixd\u0259n yeni yarad\u0131lm\u0131\u015f i\u015f yerl\u0259rin\u0259 263 n\u0259f\u0259r i\u015f\u00e7i q\u0259bul olunmu\u015fdur. Haz\u0131rda rayon \u0259razisind\u0259 t\u0259hsil m\u00fc\u0259ssis\u0259l\u0259ri \u00fczr\u0259 30, s\u0259hiyy\u0259 m\u00fc\u0259ssis\u0259l\u0259ri \u00fczr\u0259 118, Ekologiya v\u0259 T\u0259bii S\u0259rv\u0259tl\u0259r Nazirliyi \u00fczr\u0259 24, Meliorasiya v\u0259 Su T\u0259s\u0259rr\u00fcfat\u0131 ASC \u00fczr\u0259 8, \u201cAz\u0259ri\u015f\u0131q\u201d ASC \u00fczr\u0259 8, \u201cAz\u0259ravtoyolservis\u201d ASC \u00fczr\u0259 4, dig\u0259r qurumlar \u00fczr\u0259 6 vakant i\u015f yeri vard\u0131r. Regional Me\u015f\u0259salma M\u00fc\u0259ssis\u0259si \u00fczr\u0259 200 hektar \u0259razid\u0259 me\u015f\u0259 \u00f6rt\u00fcy\u00fcn\u00fcn sal\u0131nmas\u0131 il\u0259 ba\u011fl\u0131 2 layih\u0259nin h\u0259yata ke\u00e7irilm\u0259si, \u201cRam-S\u00fcd\u201d MMC-nin, Heyd\u0259r \u018fliyev Fondunun t\u0259\u015f\u0259bb\u00fcs\u00fc il\u0259 tikilmi\u015f 50 yerlik k\u00f6rp\u0259l\u0259r evi-u\u015faq ba\u011f\u00e7as\u0131n\u0131n, G\u0259ncl\u0259r M\u0259rk\u0259zinin, K\u0259nd T\u0259s\u0259rr\u00fcfat\u0131 Nazirliyinin rayon \u015f\u00f6b\u0259sinin, 4 yol \u0259razisind\u0259ki ticar\u0259t obyektinin, t\u0259r\u0259v\u0259z yeti\u015fdirm\u0259k \u00fc\u00e7\u00fcn istilikxanan\u0131n yax\u0131n perspektivd\u0259 f\u0259aliyy\u0259t\u0259 ba\u015flamas\u0131 n\u0259tic\u0259sind\u0259 daha 375 yeni i\u015f yerinin yaranaca\u011f\u0131 g\u00f6zl\u0259nilir.<br \/>\n\u0130clasda \u201cZ\u0259rdab-pamb\u0131q\u201d ATSC-nin icra\u00e7\u0131 direktoru S\u0259xav\u0259t F\u0259t\u0259liyev, Suvarma Sisteml\u0259ri \u0130dar\u0259sinin r\u0259isi Mirc\u0259lal Mirz\u0259yev, T\u0259rt\u0259r Regional Qaz \u0130stismar \u0130dar\u0259sinin Z\u0259rdab Xidm\u0259ti Sah\u0259sinin r\u0259isi Co\u015fqun Qarayev, Z\u0259rdab Elektrik \u015e\u0259b\u0259k\u0259sinin r\u0259isi Faiq H\u0259mz\u0259yev, Regional Me\u015f\u0259salma M\u00fc\u0259ssis\u0259sinin direktoru B\u0259xtiyar F\u0259t\u0259liyev \u00e7\u0131x\u0131\u015f ed\u0259r\u0259k \u0259halinin m\u0259\u015f\u011fullu\u011funun yax\u015f\u0131la\u015fd\u0131r\u0131lmas\u0131 istiqam\u0259tind\u0259 at\u0131lan add\u0131mlar bar\u0259d\u0259 q\u0131sa m\u0259lumat vermi\u015f, bu istiqam\u0259td\u0259 g\u00f6r\u00fcl\u0259n i\u015fl\u0259rin bundan sonra da davam etdiril\u0259c\u0259yini vur\u011fulam\u0131\u015flar.<\/p>\n","protected":false},"excerpt":{"rendered":"<p>\u00d6lk\u0259 Prezidentinin sahibkarl\u0131\u011f\u0131n inki\u015faf etdirilm\u0259si, \u0259halinin m\u0259\u015f\u011fulluq s\u0259viyy\u0259sinin art\u0131r\u0131lmas\u0131, yeni i\u015f yerl\u0259rinin a\u00e7\u0131lmas\u0131 v\u0259 s\u0259rmay\u0259l\u0259rin c\u0259lb edilm\u0259si il\u0259 ba\u011fl\u0131 tap\u015f\u0131r\u0131qlar\u0131n\u0131n icras\u0131n\u0131 t\u0259min etm\u0259k m\u0259qs\u0259dil\u0259 22 fevral 2016-c\u0131 il tarixd\u0259 Z\u0259rdab Rayon \u0130cra Hakimiyy\u0259tind\u0259 yarad\u0131lm\u0131\u015f x\u00fcsusi q\u0259rargah\u0131n n\u00f6vb\u0259ti iclas\u0131 ke\u00e7irilmi\u015fdir. \u0130clasda q\u0259rargah\u0131n \u00fczvl\u0259ri, yerli icra v\u0259 b\u0259l\u0259diyy\u0259 orqanlar\u0131n\u0131n, idar\u0259, m\u00fc\u0259ssis\u0259 v\u0259 t\u0259\u015fkilatlar\u0131n r\u0259hb\u0259rl\u0259ri, sahibkarlar i\u015ftirak etmi\u015fl\u0259r. [&hellip;]<\/p>\n","protected":false},"author":1,"featured_media":0,"comment_status":"open","ping_status":"open","sticky":false,"template":"","format":"standard","meta":{"footnotes":""},"categories":[5],"tags":[],"class_list":{"0":"post-22440","1":"post","2":"type-post","3":"status-publish","4":"format-standard","6":"category-knd"},"yoast_head":"<!-- This site is optimized with the Yoast SEO plugin v27.0 - https:\/\/yoast.com\/product\/yoast-seo-wordpress\/ -->\n<title>Z\u0259rdabda yeni i\u015f yerl\u0259ri a\u00e7\u0131lacaqm\u0131? - Z\u0259rdab.com<\/title>\n<meta name=\"robots\" content=\"index, follow, max-snippet:-1, max-image-preview:large, max-video-preview:-1\" \/>\n<link rel=\"canonical\" href=\"https:\/\/www.zerdab.com\/?p=22440\" \/>\n<meta property=\"og:locale\" content=\"az_AZ\" \/>\n<meta property=\"og:type\" content=\"article\" \/>\n<meta property=\"og:title\" content=\"Z\u0259rdabda yeni i\u015f yerl\u0259ri a\u00e7\u0131lacaqm\u0131? - Z\u0259rdab.com\" \/>\n<meta property=\"og:description\" content=\"\u00d6lk\u0259 Prezidentinin sahibkarl\u0131\u011f\u0131n inki\u015faf etdirilm\u0259si, \u0259halinin m\u0259\u015f\u011fulluq s\u0259viyy\u0259sinin art\u0131r\u0131lmas\u0131, yeni i\u015f yerl\u0259rinin a\u00e7\u0131lmas\u0131 v\u0259 s\u0259rmay\u0259l\u0259rin c\u0259lb edilm\u0259si il\u0259 ba\u011fl\u0131 tap\u015f\u0131r\u0131qlar\u0131n\u0131n icras\u0131n\u0131 t\u0259min etm\u0259k m\u0259qs\u0259dil\u0259 22 fevral 2016-c\u0131 il tarixd\u0259 Z\u0259rdab Rayon \u0130cra Hakimiyy\u0259tind\u0259 yarad\u0131lm\u0131\u015f x\u00fcsusi q\u0259rargah\u0131n n\u00f6vb\u0259ti iclas\u0131 ke\u00e7irilmi\u015fdir. \u0130clasda q\u0259rargah\u0131n \u00fczvl\u0259ri, yerli icra v\u0259 b\u0259l\u0259diyy\u0259 orqanlar\u0131n\u0131n, idar\u0259, m\u00fc\u0259ssis\u0259 v\u0259 t\u0259\u015fkilatlar\u0131n r\u0259hb\u0259rl\u0259ri, sahibkarlar i\u015ftirak etmi\u015fl\u0259r. [&hellip;]\" \/>\n<meta property=\"og:url\" content=\"https:\/\/www.zerdab.com\/?p=22440\" \/>\n<meta property=\"og:site_name\" content=\"Z\u0259rdab.com\" \/>\n<meta property=\"article:published_time\" content=\"2016-02-23T09:35:45+00:00\" \/>\n<meta name=\"author\" content=\"admin\" \/>\n<meta name=\"twitter:card\" content=\"summary_large_image\" \/>\n<meta name=\"twitter:label1\" content=\"Written by\" \/>\n\t<meta name=\"twitter:data1\" content=\"admin\" \/>\n\t<meta name=\"twitter:label2\" content=\"Est. reading time\" \/>\n\t<meta name=\"twitter:data2\" content=\"3 minutes\" \/>\n<script type=\"application\/ld+json\" class=\"yoast-schema-graph\">{\"@context\":\"https:\/\/schema.org\",\"@graph\":[{\"@type\":\"Article\",\"@id\":\"https:\/\/www.zerdab.com\/?p=22440#article\",\"isPartOf\":{\"@id\":\"https:\/\/www.zerdab.com\/?p=22440\"},\"author\":{\"name\":\"admin\",\"@id\":\"https:\/\/www.zerdab.com\/#\/schema\/person\/97079b7570c1e89ec0d9e138c3672136\"},\"headline\":\"Z\u0259rdabda yeni i\u015f yerl\u0259ri a\u00e7\u0131lacaqm\u0131?\",\"datePublished\":\"2016-02-23T09:35:45+00:00\",\"mainEntityOfPage\":{\"@id\":\"https:\/\/www.zerdab.com\/?p=22440\"},\"wordCount\":513,\"commentCount\":0,\"articleSection\":[\"X\u018fB\u018fRL\u018fR\"],\"inLanguage\":\"az\",\"potentialAction\":[{\"@type\":\"CommentAction\",\"name\":\"Comment\",\"target\":[\"https:\/\/www.zerdab.com\/?p=22440#respond\"]}]},{\"@type\":\"WebPage\",\"@id\":\"https:\/\/www.zerdab.com\/?p=22440\",\"url\":\"https:\/\/www.zerdab.com\/?p=22440\",\"name\":\"Z\u0259rdabda yeni i\u015f yerl\u0259ri a\u00e7\u0131lacaqm\u0131? - Z\u0259rdab.com\",\"isPartOf\":{\"@id\":\"https:\/\/www.zerdab.com\/#website\"},\"datePublished\":\"2016-02-23T09:35:45+00:00\",\"author\":{\"@id\":\"https:\/\/www.zerdab.com\/#\/schema\/person\/97079b7570c1e89ec0d9e138c3672136\"},\"breadcrumb\":{\"@id\":\"https:\/\/www.zerdab.com\/?p=22440#breadcrumb\"},\"inLanguage\":\"az\",\"potentialAction\":[{\"@type\":\"ReadAction\",\"target\":[\"https:\/\/www.zerdab.com\/?p=22440\"]}]},{\"@type\":\"BreadcrumbList\",\"@id\":\"https:\/\/www.zerdab.com\/?p=22440#breadcrumb\",\"itemListElement\":[{\"@type\":\"ListItem\",\"position\":1,\"name\":\"Home\",\"item\":\"https:\/\/www.zerdab.com\/\"},{\"@type\":\"ListItem\",\"position\":2,\"name\":\"Z\u0259rdabda yeni i\u015f yerl\u0259ri a\u00e7\u0131lacaqm\u0131?\"}]},{\"@type\":\"WebSite\",\"@id\":\"https:\/\/www.zerdab.com\/#website\",\"url\":\"https:\/\/www.zerdab.com\/\",\"name\":\"Z\u0259rdab.com\",\"description\":\"\",\"potentialAction\":[{\"@type\":\"SearchAction\",\"target\":{\"@type\":\"EntryPoint\",\"urlTemplate\":\"https:\/\/www.zerdab.com\/?s={search_term_string}\"},\"query-input\":{\"@type\":\"PropertyValueSpecification\",\"valueRequired\":true,\"valueName\":\"search_term_string\"}}],\"inLanguage\":\"az\"},{\"@type\":\"Person\",\"@id\":\"https:\/\/www.zerdab.com\/#\/schema\/person\/97079b7570c1e89ec0d9e138c3672136\",\"name\":\"admin\",\"image\":{\"@type\":\"ImageObject\",\"inLanguage\":\"az\",\"@id\":\"https:\/\/www.zerdab.com\/#\/schema\/person\/image\/\",\"url\":\"https:\/\/secure.gravatar.com\/avatar\/d9c52a9a27c32119cb6679a077fa3e2779e5f822c451cbf01098004361d466ec?s=96&d=mm&r=g\",\"contentUrl\":\"https:\/\/secure.gravatar.com\/avatar\/d9c52a9a27c32119cb6679a077fa3e2779e5f822c451cbf01098004361d466ec?s=96&d=mm&r=g\",\"caption\":\"admin\"},\"url\":\"https:\/\/www.zerdab.com\/?author=1\"}]}<\/script>\n<!-- \/ Yoast SEO plugin. -->","yoast_head_json":{"title":"Z\u0259rdabda yeni i\u015f yerl\u0259ri a\u00e7\u0131lacaqm\u0131? - Z\u0259rdab.com","robots":{"index":"index","follow":"follow","max-snippet":"max-snippet:-1","max-image-preview":"max-image-preview:large","max-video-preview":"max-video-preview:-1"},"canonical":"https:\/\/www.zerdab.com\/?p=22440","og_locale":"az_AZ","og_type":"article","og_title":"Z\u0259rdabda yeni i\u015f yerl\u0259ri a\u00e7\u0131lacaqm\u0131? - Z\u0259rdab.com","og_description":"\u00d6lk\u0259 Prezidentinin sahibkarl\u0131\u011f\u0131n inki\u015faf etdirilm\u0259si, \u0259halinin m\u0259\u015f\u011fulluq s\u0259viyy\u0259sinin art\u0131r\u0131lmas\u0131, yeni i\u015f yerl\u0259rinin a\u00e7\u0131lmas\u0131 v\u0259 s\u0259rmay\u0259l\u0259rin c\u0259lb edilm\u0259si il\u0259 ba\u011fl\u0131 tap\u015f\u0131r\u0131qlar\u0131n\u0131n icras\u0131n\u0131 t\u0259min etm\u0259k m\u0259qs\u0259dil\u0259 22 fevral 2016-c\u0131 il tarixd\u0259 Z\u0259rdab Rayon \u0130cra Hakimiyy\u0259tind\u0259 yarad\u0131lm\u0131\u015f x\u00fcsusi q\u0259rargah\u0131n n\u00f6vb\u0259ti iclas\u0131 ke\u00e7irilmi\u015fdir. \u0130clasda q\u0259rargah\u0131n \u00fczvl\u0259ri, yerli icra v\u0259 b\u0259l\u0259diyy\u0259 orqanlar\u0131n\u0131n, idar\u0259, m\u00fc\u0259ssis\u0259 v\u0259 t\u0259\u015fkilatlar\u0131n r\u0259hb\u0259rl\u0259ri, sahibkarlar i\u015ftirak etmi\u015fl\u0259r. [&hellip;]","og_url":"https:\/\/www.zerdab.com\/?p=22440","og_site_name":"Z\u0259rdab.com","article_published_time":"2016-02-23T09:35:45+00:00","author":"admin","twitter_card":"summary_large_image","twitter_misc":{"Written by":"admin","Est. reading time":"3 minutes"},"schema":{"@context":"https:\/\/schema.org","@graph":[{"@type":"Article","@id":"https:\/\/www.zerdab.com\/?p=22440#article","isPartOf":{"@id":"https:\/\/www.zerdab.com\/?p=22440"},"author":{"name":"admin","@id":"https:\/\/www.zerdab.com\/#\/schema\/person\/97079b7570c1e89ec0d9e138c3672136"},"headline":"Z\u0259rdabda yeni i\u015f yerl\u0259ri a\u00e7\u0131lacaqm\u0131?","datePublished":"2016-02-23T09:35:45+00:00","mainEntityOfPage":{"@id":"https:\/\/www.zerdab.com\/?p=22440"},"wordCount":513,"commentCount":0,"articleSection":["X\u018fB\u018fRL\u018fR"],"inLanguage":"az","potentialAction":[{"@type":"CommentAction","name":"Comment","target":["https:\/\/www.zerdab.com\/?p=22440#respond"]}]},{"@type":"WebPage","@id":"https:\/\/www.zerdab.com\/?p=22440","url":"https:\/\/www.zerdab.com\/?p=22440","name":"Z\u0259rdabda yeni i\u015f yerl\u0259ri a\u00e7\u0131lacaqm\u0131? - Z\u0259rdab.com","isPartOf":{"@id":"https:\/\/www.zerdab.com\/#website"},"datePublished":"2016-02-23T09:35:45+00:00","author":{"@id":"https:\/\/www.zerdab.com\/#\/schema\/person\/97079b7570c1e89ec0d9e138c3672136"},"breadcrumb":{"@id":"https:\/\/www.zerdab.com\/?p=22440#breadcrumb"},"inLanguage":"az","potentialAction":[{"@type":"ReadAction","target":["https:\/\/www.zerdab.com\/?p=22440"]}]},{"@type":"BreadcrumbList","@id":"https:\/\/www.zerdab.com\/?p=22440#breadcrumb","itemListElement":[{"@type":"ListItem","position":1,"name":"Home","item":"https:\/\/www.zerdab.com\/"},{"@type":"ListItem","position":2,"name":"Z\u0259rdabda yeni i\u015f yerl\u0259ri a\u00e7\u0131lacaqm\u0131?"}]},{"@type":"WebSite","@id":"https:\/\/www.zerdab.com\/#website","url":"https:\/\/www.zerdab.com\/","name":"Z\u0259rdab.com","description":"","potentialAction":[{"@type":"SearchAction","target":{"@type":"EntryPoint","urlTemplate":"https:\/\/www.zerdab.com\/?s={search_term_string}"},"query-input":{"@type":"PropertyValueSpecification","valueRequired":true,"valueName":"search_term_string"}}],"inLanguage":"az"},{"@type":"Person","@id":"https:\/\/www.zerdab.com\/#\/schema\/person\/97079b7570c1e89ec0d9e138c3672136","name":"admin","image":{"@type":"ImageObject","inLanguage":"az","@id":"https:\/\/www.zerdab.com\/#\/schema\/person\/image\/","url":"https:\/\/secure.gravatar.com\/avatar\/d9c52a9a27c32119cb6679a077fa3e2779e5f822c451cbf01098004361d466ec?s=96&d=mm&r=g","contentUrl":"https:\/\/secure.gravatar.com\/avatar\/d9c52a9a27c32119cb6679a077fa3e2779e5f822c451cbf01098004361d466ec?s=96&d=mm&r=g","caption":"admin"},"url":"https:\/\/www.zerdab.com\/?author=1"}]}},"_links":{"self":[{"href":"https:\/\/www.zerdab.com\/index.php?rest_route=\/wp\/v2\/posts\/22440","targetHints":{"allow":["GET"]}}],"collection":[{"href":"https:\/\/www.zerdab.com\/index.php?rest_route=\/wp\/v2\/posts"}],"about":[{"href":"https:\/\/www.zerdab.com\/index.php?rest_route=\/wp\/v2\/types\/post"}],"author":[{"embeddable":true,"href":"https:\/\/www.zerdab.com\/index.php?rest_route=\/wp\/v2\/users\/1"}],"replies":[{"embeddable":true,"href":"https:\/\/www.zerdab.com\/index.php?rest_route=%2Fwp%2Fv2%2Fcomments&post=22440"}],"version-history":[{"count":1,"href":"https:\/\/www.zerdab.com\/index.php?rest_route=\/wp\/v2\/posts\/22440\/revisions"}],"predecessor-version":[{"id":22442,"href":"https:\/\/www.zerdab.com\/index.php?rest_route=\/wp\/v2\/posts\/22440\/revisions\/22442"}],"wp:attachment":[{"href":"https:\/\/www.zerdab.com\/index.php?rest_route=%2Fwp%2Fv2%2Fmedia&parent=22440"}],"wp:term":[{"taxonomy":"category","embeddable":true,"href":"https:\/\/www.zerdab.com\/index.php?rest_route=%2Fwp%2Fv2%2Fcategories&post=22440"},{"taxonomy":"post_tag","embeddable":true,"href":"https:\/\/www.zerdab.com\/index.php?rest_route=%2Fwp%2Fv2%2Ftags&post=22440"}],"curies":[{"name":"wp","href":"https:\/\/api.w.org\/{rel}","templated":true}]}}