{"id":22529,"date":"2016-03-09T19:48:04","date_gmt":"2016-03-09T15:48:04","guid":{"rendered":"http:\/\/www.zerdab.com\/?p=22529"},"modified":"2016-03-09T19:48:04","modified_gmt":"2016-03-09T15:48:04","slug":"z%c9%99rdab-rayon-sakini-intihar-edib","status":"publish","type":"post","link":"https:\/\/www.zerdab.com\/?p=22529","title":{"rendered":"Z\u0259rdab rayon sakini intihar edib"},"content":{"rendered":"<p>Z\u0259rdab rayon sakini intihar edib.\u00a0Bu g\u00fcn g\u00fcnd\u00fcz saatlar\u0131nda rayonun M\u0259likli k\u0259ndind\u0259 k\u0259nd sakini, 1963-c\u00fc il t\u0259v\u0259ll\u00fcdl\u00fc \u00a0Ya\u015far M\u00fczl\u00fc o\u011flu H\u0259s\u0259nov ya\u015fad\u0131\u011f\u0131 evd\u0259 \u00f6z\u00fcn\u00fc as\u0131b. Onun hans\u0131 s\u0259b\u0259bd\u0259n intihar etm\u0259si h\u0259l\u0259lik m\u0259lum deyil.\u00a0M\u0259lumata g\u00f6r\u0259, m\u0259rhum qon\u015fu Sar\u0131qaya k\u0259ndind\u0259 rus dili m\u00fc\u0259llimi i\u015fl\u0259yib. S\u0259hh\u0259tind\u0259 yaranm\u0131\u015f psixi probleml\u0259 ba\u011fl\u0131 bir ne\u00e7\u0259 il \u0259vv\u0259l m\u0259kt\u0259bd\u0259n uzaqla\u015fd\u0131r\u0131l\u0131b.\u00a0Faktla ba\u011fl\u0131 ara\u015fd\u0131rma apar\u0131l\u0131r.<\/p>\n","protected":false},"excerpt":{"rendered":"<p>Z\u0259rdab rayon sakini intihar edib.\u00a0Bu g\u00fcn g\u00fcnd\u00fcz saatlar\u0131nda rayonun M\u0259likli k\u0259ndind\u0259 k\u0259nd sakini, 1963-c\u00fc il t\u0259v\u0259ll\u00fcdl\u00fc \u00a0Ya\u015far M\u00fczl\u00fc o\u011flu H\u0259s\u0259nov ya\u015fad\u0131\u011f\u0131 evd\u0259 \u00f6z\u00fcn\u00fc as\u0131b. Onun hans\u0131 s\u0259b\u0259bd\u0259n intihar etm\u0259si h\u0259l\u0259lik m\u0259lum deyil.\u00a0M\u0259lumata g\u00f6r\u0259, m\u0259rhum qon\u015fu Sar\u0131qaya k\u0259ndind\u0259 rus dili m\u00fc\u0259llimi i\u015fl\u0259yib. S\u0259hh\u0259tind\u0259 yaranm\u0131\u015f psixi probleml\u0259 ba\u011fl\u0131 bir ne\u00e7\u0259 il \u0259vv\u0259l m\u0259kt\u0259bd\u0259n uzaqla\u015fd\u0131r\u0131l\u0131b.\u00a0Faktla ba\u011fl\u0131 ara\u015fd\u0131rma apar\u0131l\u0131r.<\/p>\n","protected":false},"author":1,"featured_media":22118,"comment_status":"open","ping_status":"open","sticky":false,"template":"","format":"standard","meta":{"footnotes":""},"categories":[46],"tags":[],"class_list":{"0":"post-22529","1":"post","2":"type-post","3":"status-publish","4":"format-standard","5":"has-post-thumbnail","7":"category-hadis"},"yoast_head":"<!-- This site is optimized with the Yoast SEO plugin v27.0 - https:\/\/yoast.com\/product\/yoast-seo-wordpress\/ -->\n<title>Z\u0259rdab rayon sakini intihar edib - Z\u0259rdab.com<\/title>\n<meta name=\"robots\" content=\"index, follow, max-snippet:-1, max-image-preview:large, max-video-preview:-1\" \/>\n<link rel=\"canonical\" href=\"https:\/\/www.zerdab.com\/?p=22529\" \/>\n<meta property=\"og:locale\" content=\"az_AZ\" \/>\n<meta property=\"og:type\" content=\"article\" \/>\n<meta property=\"og:title\" content=\"Z\u0259rdab rayon sakini intihar edib - Z\u0259rdab.com\" \/>\n<meta property=\"og:description\" content=\"Z\u0259rdab rayon sakini intihar edib.\u00a0Bu g\u00fcn g\u00fcnd\u00fcz saatlar\u0131nda rayonun M\u0259likli k\u0259ndind\u0259 k\u0259nd sakini, 1963-c\u00fc il t\u0259v\u0259ll\u00fcdl\u00fc \u00a0Ya\u015far M\u00fczl\u00fc o\u011flu H\u0259s\u0259nov ya\u015fad\u0131\u011f\u0131 evd\u0259 \u00f6z\u00fcn\u00fc as\u0131b. Onun hans\u0131 s\u0259b\u0259bd\u0259n intihar etm\u0259si h\u0259l\u0259lik m\u0259lum deyil.\u00a0M\u0259lumata g\u00f6r\u0259, m\u0259rhum qon\u015fu Sar\u0131qaya k\u0259ndind\u0259 rus dili m\u00fc\u0259llimi i\u015fl\u0259yib. S\u0259hh\u0259tind\u0259 yaranm\u0131\u015f psixi probleml\u0259 ba\u011fl\u0131 bir ne\u00e7\u0259 il \u0259vv\u0259l m\u0259kt\u0259bd\u0259n uzaqla\u015fd\u0131r\u0131l\u0131b.\u00a0Faktla ba\u011fl\u0131 ara\u015fd\u0131rma apar\u0131l\u0131r.\" \/>\n<meta property=\"og:url\" content=\"https:\/\/www.zerdab.com\/?p=22529\" \/>\n<meta property=\"og:site_name\" content=\"Z\u0259rdab.com\" \/>\n<meta property=\"article:published_time\" content=\"2016-03-09T15:48:04+00:00\" \/>\n<meta property=\"og:image\" content=\"https:\/\/www.zerdab.com\/wp-content\/uploads\/2016\/01\/Z\u0259rdab.jpg\" \/>\n\t<meta property=\"og:image:width\" content=\"960\" \/>\n\t<meta property=\"og:image:height\" content=\"637\" \/>\n\t<meta property=\"og:image:type\" content=\"image\/jpeg\" \/>\n<meta name=\"author\" content=\"admin\" \/>\n<meta name=\"twitter:card\" content=\"summary_large_image\" \/>\n<meta name=\"twitter:label1\" content=\"Written by\" \/>\n\t<meta name=\"twitter:data1\" content=\"admin\" \/>\n\t<meta name=\"twitter:label2\" content=\"Est. reading time\" \/>\n\t<meta name=\"twitter:data2\" content=\"1 minute\" \/>\n<script type=\"application\/ld+json\" class=\"yoast-schema-graph\">{\"@context\":\"https:\/\/schema.org\",\"@graph\":[{\"@type\":\"Article\",\"@id\":\"https:\/\/www.zerdab.com\/?p=22529#article\",\"isPartOf\":{\"@id\":\"https:\/\/www.zerdab.com\/?p=22529\"},\"author\":{\"name\":\"admin\",\"@id\":\"https:\/\/www.zerdab.com\/#\/schema\/person\/97079b7570c1e89ec0d9e138c3672136\"},\"headline\":\"Z\u0259rdab rayon sakini intihar edib\",\"datePublished\":\"2016-03-09T15:48:04+00:00\",\"mainEntityOfPage\":{\"@id\":\"https:\/\/www.zerdab.com\/?p=22529\"},\"wordCount\":115,\"commentCount\":0,\"image\":{\"@id\":\"https:\/\/www.zerdab.com\/?p=22529#primaryimage\"},\"thumbnailUrl\":\"https:\/\/www.zerdab.com\/wp-content\/uploads\/2016\/01\/Z\u0259rdab.jpg\",\"articleSection\":[\"HAD\u0130S\u018f\"],\"inLanguage\":\"az\",\"potentialAction\":[{\"@type\":\"CommentAction\",\"name\":\"Comment\",\"target\":[\"https:\/\/www.zerdab.com\/?p=22529#respond\"]}]},{\"@type\":\"WebPage\",\"@id\":\"https:\/\/www.zerdab.com\/?p=22529\",\"url\":\"https:\/\/www.zerdab.com\/?p=22529\",\"name\":\"Z\u0259rdab rayon sakini intihar edib - Z\u0259rdab.com\",\"isPartOf\":{\"@id\":\"https:\/\/www.zerdab.com\/#website\"},\"primaryImageOfPage\":{\"@id\":\"https:\/\/www.zerdab.com\/?p=22529#primaryimage\"},\"image\":{\"@id\":\"https:\/\/www.zerdab.com\/?p=22529#primaryimage\"},\"thumbnailUrl\":\"https:\/\/www.zerdab.com\/wp-content\/uploads\/2016\/01\/Z\u0259rdab.jpg\",\"datePublished\":\"2016-03-09T15:48:04+00:00\",\"author\":{\"@id\":\"https:\/\/www.zerdab.com\/#\/schema\/person\/97079b7570c1e89ec0d9e138c3672136\"},\"breadcrumb\":{\"@id\":\"https:\/\/www.zerdab.com\/?p=22529#breadcrumb\"},\"inLanguage\":\"az\",\"potentialAction\":[{\"@type\":\"ReadAction\",\"target\":[\"https:\/\/www.zerdab.com\/?p=22529\"]}]},{\"@type\":\"ImageObject\",\"inLanguage\":\"az\",\"@id\":\"https:\/\/www.zerdab.com\/?p=22529#primaryimage\",\"url\":\"https:\/\/www.zerdab.com\/wp-content\/uploads\/2016\/01\/Z\u0259rdab.jpg\",\"contentUrl\":\"https:\/\/www.zerdab.com\/wp-content\/uploads\/2016\/01\/Z\u0259rdab.jpg\",\"width\":960,\"height\":637},{\"@type\":\"BreadcrumbList\",\"@id\":\"https:\/\/www.zerdab.com\/?p=22529#breadcrumb\",\"itemListElement\":[{\"@type\":\"ListItem\",\"position\":1,\"name\":\"Home\",\"item\":\"https:\/\/www.zerdab.com\/\"},{\"@type\":\"ListItem\",\"position\":2,\"name\":\"Z\u0259rdab rayon sakini intihar edib\"}]},{\"@type\":\"WebSite\",\"@id\":\"https:\/\/www.zerdab.com\/#website\",\"url\":\"https:\/\/www.zerdab.com\/\",\"name\":\"Z\u0259rdab.com\",\"description\":\"\",\"potentialAction\":[{\"@type\":\"SearchAction\",\"target\":{\"@type\":\"EntryPoint\",\"urlTemplate\":\"https:\/\/www.zerdab.com\/?s={search_term_string}\"},\"query-input\":{\"@type\":\"PropertyValueSpecification\",\"valueRequired\":true,\"valueName\":\"search_term_string\"}}],\"inLanguage\":\"az\"},{\"@type\":\"Person\",\"@id\":\"https:\/\/www.zerdab.com\/#\/schema\/person\/97079b7570c1e89ec0d9e138c3672136\",\"name\":\"admin\",\"image\":{\"@type\":\"ImageObject\",\"inLanguage\":\"az\",\"@id\":\"https:\/\/www.zerdab.com\/#\/schema\/person\/image\/\",\"url\":\"https:\/\/secure.gravatar.com\/avatar\/d9c52a9a27c32119cb6679a077fa3e2779e5f822c451cbf01098004361d466ec?s=96&d=mm&r=g\",\"contentUrl\":\"https:\/\/secure.gravatar.com\/avatar\/d9c52a9a27c32119cb6679a077fa3e2779e5f822c451cbf01098004361d466ec?s=96&d=mm&r=g\",\"caption\":\"admin\"},\"url\":\"https:\/\/www.zerdab.com\/?author=1\"}]}<\/script>\n<!-- \/ Yoast SEO plugin. -->","yoast_head_json":{"title":"Z\u0259rdab rayon sakini intihar edib - Z\u0259rdab.com","robots":{"index":"index","follow":"follow","max-snippet":"max-snippet:-1","max-image-preview":"max-image-preview:large","max-video-preview":"max-video-preview:-1"},"canonical":"https:\/\/www.zerdab.com\/?p=22529","og_locale":"az_AZ","og_type":"article","og_title":"Z\u0259rdab rayon sakini intihar edib - Z\u0259rdab.com","og_description":"Z\u0259rdab rayon sakini intihar edib.\u00a0Bu g\u00fcn g\u00fcnd\u00fcz saatlar\u0131nda rayonun M\u0259likli k\u0259ndind\u0259 k\u0259nd sakini, 1963-c\u00fc il t\u0259v\u0259ll\u00fcdl\u00fc \u00a0Ya\u015far M\u00fczl\u00fc o\u011flu H\u0259s\u0259nov ya\u015fad\u0131\u011f\u0131 evd\u0259 \u00f6z\u00fcn\u00fc as\u0131b. Onun hans\u0131 s\u0259b\u0259bd\u0259n intihar etm\u0259si h\u0259l\u0259lik m\u0259lum deyil.\u00a0M\u0259lumata g\u00f6r\u0259, m\u0259rhum qon\u015fu Sar\u0131qaya k\u0259ndind\u0259 rus dili m\u00fc\u0259llimi i\u015fl\u0259yib. S\u0259hh\u0259tind\u0259 yaranm\u0131\u015f psixi probleml\u0259 ba\u011fl\u0131 bir ne\u00e7\u0259 il \u0259vv\u0259l m\u0259kt\u0259bd\u0259n uzaqla\u015fd\u0131r\u0131l\u0131b.\u00a0Faktla ba\u011fl\u0131 ara\u015fd\u0131rma apar\u0131l\u0131r.","og_url":"https:\/\/www.zerdab.com\/?p=22529","og_site_name":"Z\u0259rdab.com","article_published_time":"2016-03-09T15:48:04+00:00","og_image":[{"width":960,"height":637,"url":"https:\/\/www.zerdab.com\/wp-content\/uploads\/2016\/01\/Z\u0259rdab.jpg","type":"image\/jpeg"}],"author":"admin","twitter_card":"summary_large_image","twitter_misc":{"Written by":"admin","Est. reading time":"1 minute"},"schema":{"@context":"https:\/\/schema.org","@graph":[{"@type":"Article","@id":"https:\/\/www.zerdab.com\/?p=22529#article","isPartOf":{"@id":"https:\/\/www.zerdab.com\/?p=22529"},"author":{"name":"admin","@id":"https:\/\/www.zerdab.com\/#\/schema\/person\/97079b7570c1e89ec0d9e138c3672136"},"headline":"Z\u0259rdab rayon sakini intihar edib","datePublished":"2016-03-09T15:48:04+00:00","mainEntityOfPage":{"@id":"https:\/\/www.zerdab.com\/?p=22529"},"wordCount":115,"commentCount":0,"image":{"@id":"https:\/\/www.zerdab.com\/?p=22529#primaryimage"},"thumbnailUrl":"https:\/\/www.zerdab.com\/wp-content\/uploads\/2016\/01\/Z\u0259rdab.jpg","articleSection":["HAD\u0130S\u018f"],"inLanguage":"az","potentialAction":[{"@type":"CommentAction","name":"Comment","target":["https:\/\/www.zerdab.com\/?p=22529#respond"]}]},{"@type":"WebPage","@id":"https:\/\/www.zerdab.com\/?p=22529","url":"https:\/\/www.zerdab.com\/?p=22529","name":"Z\u0259rdab rayon sakini intihar edib - Z\u0259rdab.com","isPartOf":{"@id":"https:\/\/www.zerdab.com\/#website"},"primaryImageOfPage":{"@id":"https:\/\/www.zerdab.com\/?p=22529#primaryimage"},"image":{"@id":"https:\/\/www.zerdab.com\/?p=22529#primaryimage"},"thumbnailUrl":"https:\/\/www.zerdab.com\/wp-content\/uploads\/2016\/01\/Z\u0259rdab.jpg","datePublished":"2016-03-09T15:48:04+00:00","author":{"@id":"https:\/\/www.zerdab.com\/#\/schema\/person\/97079b7570c1e89ec0d9e138c3672136"},"breadcrumb":{"@id":"https:\/\/www.zerdab.com\/?p=22529#breadcrumb"},"inLanguage":"az","potentialAction":[{"@type":"ReadAction","target":["https:\/\/www.zerdab.com\/?p=22529"]}]},{"@type":"ImageObject","inLanguage":"az","@id":"https:\/\/www.zerdab.com\/?p=22529#primaryimage","url":"https:\/\/www.zerdab.com\/wp-content\/uploads\/2016\/01\/Z\u0259rdab.jpg","contentUrl":"https:\/\/www.zerdab.com\/wp-content\/uploads\/2016\/01\/Z\u0259rdab.jpg","width":960,"height":637},{"@type":"BreadcrumbList","@id":"https:\/\/www.zerdab.com\/?p=22529#breadcrumb","itemListElement":[{"@type":"ListItem","position":1,"name":"Home","item":"https:\/\/www.zerdab.com\/"},{"@type":"ListItem","position":2,"name":"Z\u0259rdab rayon sakini intihar edib"}]},{"@type":"WebSite","@id":"https:\/\/www.zerdab.com\/#website","url":"https:\/\/www.zerdab.com\/","name":"Z\u0259rdab.com","description":"","potentialAction":[{"@type":"SearchAction","target":{"@type":"EntryPoint","urlTemplate":"https:\/\/www.zerdab.com\/?s={search_term_string}"},"query-input":{"@type":"PropertyValueSpecification","valueRequired":true,"valueName":"search_term_string"}}],"inLanguage":"az"},{"@type":"Person","@id":"https:\/\/www.zerdab.com\/#\/schema\/person\/97079b7570c1e89ec0d9e138c3672136","name":"admin","image":{"@type":"ImageObject","inLanguage":"az","@id":"https:\/\/www.zerdab.com\/#\/schema\/person\/image\/","url":"https:\/\/secure.gravatar.com\/avatar\/d9c52a9a27c32119cb6679a077fa3e2779e5f822c451cbf01098004361d466ec?s=96&d=mm&r=g","contentUrl":"https:\/\/secure.gravatar.com\/avatar\/d9c52a9a27c32119cb6679a077fa3e2779e5f822c451cbf01098004361d466ec?s=96&d=mm&r=g","caption":"admin"},"url":"https:\/\/www.zerdab.com\/?author=1"}]}},"_links":{"self":[{"href":"https:\/\/www.zerdab.com\/index.php?rest_route=\/wp\/v2\/posts\/22529","targetHints":{"allow":["GET"]}}],"collection":[{"href":"https:\/\/www.zerdab.com\/index.php?rest_route=\/wp\/v2\/posts"}],"about":[{"href":"https:\/\/www.zerdab.com\/index.php?rest_route=\/wp\/v2\/types\/post"}],"author":[{"embeddable":true,"href":"https:\/\/www.zerdab.com\/index.php?rest_route=\/wp\/v2\/users\/1"}],"replies":[{"embeddable":true,"href":"https:\/\/www.zerdab.com\/index.php?rest_route=%2Fwp%2Fv2%2Fcomments&post=22529"}],"version-history":[{"count":1,"href":"https:\/\/www.zerdab.com\/index.php?rest_route=\/wp\/v2\/posts\/22529\/revisions"}],"predecessor-version":[{"id":22530,"href":"https:\/\/www.zerdab.com\/index.php?rest_route=\/wp\/v2\/posts\/22529\/revisions\/22530"}],"wp:featuredmedia":[{"embeddable":true,"href":"https:\/\/www.zerdab.com\/index.php?rest_route=\/wp\/v2\/media\/22118"}],"wp:attachment":[{"href":"https:\/\/www.zerdab.com\/index.php?rest_route=%2Fwp%2Fv2%2Fmedia&parent=22529"}],"wp:term":[{"taxonomy":"category","embeddable":true,"href":"https:\/\/www.zerdab.com\/index.php?rest_route=%2Fwp%2Fv2%2Fcategories&post=22529"},{"taxonomy":"post_tag","embeddable":true,"href":"https:\/\/www.zerdab.com\/index.php?rest_route=%2Fwp%2Fv2%2Ftags&post=22529"}],"curies":[{"name":"wp","href":"https:\/\/api.w.org\/{rel}","templated":true}]}}