{"id":22571,"date":"2016-03-13T23:43:41","date_gmt":"2016-03-13T19:43:41","guid":{"rendered":"http:\/\/www.zerdab.com\/?p=22571"},"modified":"2016-03-13T23:43:41","modified_gmt":"2016-03-13T19:43:41","slug":"z%c9%99rdablini-q%c9%99tl%c9%99-yetir%c9%99n-4-erm%c9%99ni-c%c9%99zalandirilir","status":"publish","type":"post","link":"https:\/\/www.zerdab.com\/?p=22571","title":{"rendered":"Z\u0259rdabl\u0131n\u0131 q\u0259tl\u0259 yetir\u0259n 4 erm\u0259ni c\u0259zaland\u0131r\u0131l\u0131r"},"content":{"rendered":"<div class=\"ans-content-row\">\n<div class=\"ans-content-col ans-col-12\">Ke\u00e7\u0259n il sentyabr ay\u0131nda Rusiyan\u0131n <a href=\"https:\/\/az.wikipedia.org\/wiki\/Sankt-Peterburq\">Sankt-Peterburq<\/a> \u015f\u0259h\u0259rind\u0259 \u00f6ld\u00fcr\u00fcl\u0259n 39 ya\u015fl\u0131 Az\u0259rbaycan v\u0259t\u0259nda\u015f\u0131n\u0131n qatill\u0259ri yax\u0131n g\u00fcnl\u0259rd\u0259 m\u0259hk\u0259m\u0259 qar\u015f\u0131s\u0131na \u00e7\u0131xar\u0131lacaq. ANS PRESS-in m\u0259lumat\u0131na g\u00f6r\u0259, Pu\u015fkin rayon m\u0259hk\u0259m\u0259sinin baxaca\u011f\u0131 i\u015fd\u0259 h\u0259myerlimizi o\u011furlamaq v\u0259 q\u0259tl\u0259 yetirm\u0259kd\u0259 ittiham olunanlar d\u00f6rd Erm\u0259nistan v\u0259t\u0259nda\u015f\u0131d\u0131r.<\/p>\n<div class=\"ans-content-row\">\n<div class=\"ans-content-col ans-col-12\">\n<div class=\"ans-content-block\">\n<div class=\"ans-row bg__white\">\n<div class=\"ans-article-body\">\n<div class=\"ans-article-content\">\n<div class=\"ans-content-row\">\n<div class=\"ans-content-col ans-col-12\">\n<div class=\"ans-content-block\">\n<p>33 v\u0259 42 ya\u015f aras\u0131 olan cinay\u0259tkarlar\u0131n ham\u0131s\u0131 saxlan\u0131l\u0131b. Sankt-Perterburq polisinin verdiyi x\u0259b\u0259r\u0259 g\u00f6r\u0259, sentyabr ay\u0131n\u0131n 15-n\u0259 ke\u00e7\u0259n gec\u0259 az\u0259rbaycanl\u0131n\u0131n itkin d\u00fc\u015fm\u0259si bar\u0259d\u0259 polis\u0259 onun h\u0259yat yolda\u015f\u0131 x\u0259b\u0259r verib.<\/p>\n<p>Apar\u0131lan istintaq t\u0259dbirl\u0259ri n\u0259tic\u0259sind\u0259 Arman Arakelyan, A\u015fot\u00a0Orbelyan v\u0259 Qayk Tadevosyan saxlan\u0131l\u0131b. Dig\u0259rinin ad\u0131 is\u0259 h\u0259l\u0259lik a\u00e7\u0131qlanm\u0131r. \u0130stintaq m\u0259lumat\u0131na g\u00f6r\u0259, \u00f6ld\u00fcr\u00fcl\u0259n il\u0259 ittiham olunanlar aras\u0131nda &#8220;\u015ea\u015fl\u0131\u00e7n\u0131y\u00a0dvorik&#8221; kafesind\u0259 m\u00fcnaqi\u015f\u0259 ba\u015f verib.<\/p><\/div>\n<\/div>\n<\/div>\n<div class=\"ans-content-row\">\n<div class=\"ans-content-col ans-col-12\">\n<div class=\"ans-content-block\">\n<div class=\"ans-content-img-wrap\"><img decoding=\"async\" src=\"http:\/\/www.anspress.com\/media\/image\/56e08e62ca2c9\/600@0\" alt=\"&quot;\u015ea\u015fl\u0131\u00e7n\u0131y dvorik&quot; kafesi\" \/><\/p>\n<div class=\"ans-media-caption\">&#8220;\u015ea\u015fl\u0131\u00e7n\u0131y dvorik&#8221; kafesi<\/div>\n<\/div>\n<\/div>\n<\/div>\n<\/div>\n<div class=\"ans-content-row\">\n<div class=\"ans-content-col ans-col-12\">\n<div class=\"ans-content-block\">\n<p>M\u00fcnaqi\u015f\u0259 n\u0259tic\u0259sind\u0259 erm\u0259nil\u0259r birl\u0259\u015f\u0259r\u0259k az\u0259rbaycanl\u0131n\u0131 d\u00f6y\u00fcb v\u0259 daha sonra onu \u201cVolkswagen Touareg\u201d avtomobilinin baqaj\u0131na qoyaraq <a href=\"https:\/\/ru.wikipedia.org\/wiki\/%D0%9A%D1%80%D0%B0%D1%81%D0%BD%D1%8B%D0%B9_%D0%91%D0%BE%D1%80_%28%D0%A2%D0%BE%D1%81%D0%BD%D0%B5%D0%BD%D1%81%D0%BA%D0%B8%D0%B9_%D1%80%D0%B0%D0%B9%D0%BE%D0%BD%29\">Krasn\u0131y Bor<\/a> q\u0259s\u0259b\u0259sin\u0259 apar\u0131blar. Burada bo\u015f sah\u0259d\u0259 Arakelyan h\u0259myerlimiz\u0259 15 b\u0131\u00e7aq z\u0259rb\u0259si vuraraq onu q\u0259tl\u0259 yetirib.<\/p>\n<p>Bundan sonra erm\u0259nil\u0259r c\u0259s\u0259di basd\u0131raraq, onun avtomobilini yand\u0131r\u0131b. Arman Arakelyan, A\u015fot Orbelyan v\u0259 Qayk Tadevosyana insan o\u011furlu\u011fu v\u0259 q\u0259tl\u0259 yetirm\u0259k madd\u0259l\u0259ri il\u0259 ittiham elan olunub.<\/p>\n<\/div>\n<\/div>\n<\/div>\n<div class=\"ans-content-row\">\n<div class=\"ans-content-col ans-col-12\">\n<div class=\"ans-content-block\">Analoji hadis\u0259 \u00f6t\u0259n il\u00a0<a href=\"https:\/\/az.wikipedia.org\/wiki\/Ukrayna\">Ukraynada<\/a> ba\u015f verib.\u00a0Yalta\u00a0\u015f\u0259h\u0259rind\u0259ki \u201cPu\u015fkinski\u201d bazar\u0131nda ba\u015f ver\u0259n hadis\u0259d\u0259 erm\u0259ni \u0259silli \u015f\u0259xs \u0259sl\u0259n Z\u0259rdab rayonundan olan Rahil \u018fbd\u00fclr\u0259hman o\u011flu Mehdiyevi b\u0131\u00e7aqlay\u0131b.<\/div>\n<\/div>\n<\/div>\n<div class=\"ans-content-row\">\n<div class=\"ans-content-col ans-col-12\">\n<div class=\"ans-content-block\">\n<p>Hadis\u0259\u00a0n\u0259tic\u0259sind\u0259\u00a0az\u0259rbaycanl\u0131 ke\u00e7inib. Az\u0259rbaycanl\u0131 bazarda erm\u0259ninin \u00f6z h\u0259myerlisind\u0259n 0,5 kiloqram \u00e7iy\u0259l\u0259k o\u011furlad\u0131\u011f\u0131n\u0131 g\u00f6r\u00fcb v\u0259 onu o\u011furlu\u011fa g\u00f6r\u0259 m\u0259z\u0259mm\u0259t etm\u0259y\u0259 ba\u015flay\u0131b.\u00a0Bu s\u0259b\u0259bd\u0259n onlar\u0131n aras\u0131nda m\u00fcbahis\u0259 ba\u015f verib.<\/p>\n<p>M\u00fcbahis\u0259y\u0259 R.Mehdiyev m\u00fcdaxil\u0259 edib. \u018frazid\u0259n uzaqla\u015fan erm\u0259ni az sonra hadis\u0259 yerin\u0259 b\u0131\u00e7aqla silahlanm\u0131\u015f \u00fc\u00e7 h\u0259myerlisi il\u0259 d\u00f6n\u00fcb. Onlardan biri dava zaman\u0131 b\u0131\u00e7a\u011f\u0131 Rahilin \u00fcr\u0259yin\u0259 sanc\u0131b. Erm\u0259nil\u0259r hadis\u0259 yerind\u0259n qa\u00e7ark\u0259n az\u0259rbaycanl\u0131n\u0131n \u00fcz\u0259rind\u0259n q\u0131z\u0131l boyunba\u011f\u0131n\u0131 v\u0259 dig\u0259r qiym\u0259tli \u0259\u015fyalar\u0131 g\u00f6t\u00fcr\u00fcbl\u0259r.<\/p>\n<\/div>\n<\/div>\n<\/div>\n<\/div>\n<\/div>\n<\/div>\n<\/div>\n<\/div>\n<\/div>\n<\/div>\n<\/div>\n","protected":false},"excerpt":{"rendered":"<p>Ke\u00e7\u0259n il sentyabr ay\u0131nda Rusiyan\u0131n Sankt-Peterburq \u015f\u0259h\u0259rind\u0259 \u00f6ld\u00fcr\u00fcl\u0259n 39 ya\u015fl\u0131 Az\u0259rbaycan v\u0259t\u0259nda\u015f\u0131n\u0131n qatill\u0259ri yax\u0131n g\u00fcnl\u0259rd\u0259 m\u0259hk\u0259m\u0259 qar\u015f\u0131s\u0131na \u00e7\u0131xar\u0131lacaq. ANS PRESS-in m\u0259lumat\u0131na g\u00f6r\u0259, Pu\u015fkin rayon m\u0259hk\u0259m\u0259sinin baxaca\u011f\u0131 i\u015fd\u0259 h\u0259myerlimizi o\u011furlamaq v\u0259 q\u0259tl\u0259 yetirm\u0259kd\u0259 ittiham olunanlar d\u00f6rd Erm\u0259nistan v\u0259t\u0259nda\u015f\u0131d\u0131r. 33 v\u0259 42 ya\u015f aras\u0131 olan cinay\u0259tkarlar\u0131n ham\u0131s\u0131 saxlan\u0131l\u0131b. Sankt-Perterburq polisinin verdiyi x\u0259b\u0259r\u0259 g\u00f6r\u0259, sentyabr ay\u0131n\u0131n 15-n\u0259 ke\u00e7\u0259n [&hellip;]<\/p>\n","protected":false},"author":1,"featured_media":0,"comment_status":"open","ping_status":"open","sticky":false,"template":"","format":"standard","meta":{"footnotes":""},"categories":[46],"tags":[],"class_list":{"0":"post-22571","1":"post","2":"type-post","3":"status-publish","4":"format-standard","6":"category-hadis"},"yoast_head":"<!-- This site is optimized with the Yoast SEO plugin v27.0 - https:\/\/yoast.com\/product\/yoast-seo-wordpress\/ -->\n<title>Z\u0259rdabl\u0131n\u0131 q\u0259tl\u0259 yetir\u0259n 4 erm\u0259ni c\u0259zaland\u0131r\u0131l\u0131r - Z\u0259rdab.com<\/title>\n<meta name=\"robots\" content=\"index, follow, max-snippet:-1, max-image-preview:large, max-video-preview:-1\" \/>\n<link rel=\"canonical\" href=\"https:\/\/www.zerdab.com\/?p=22571\" \/>\n<meta property=\"og:locale\" content=\"az_AZ\" \/>\n<meta property=\"og:type\" content=\"article\" \/>\n<meta property=\"og:title\" content=\"Z\u0259rdabl\u0131n\u0131 q\u0259tl\u0259 yetir\u0259n 4 erm\u0259ni c\u0259zaland\u0131r\u0131l\u0131r - Z\u0259rdab.com\" \/>\n<meta property=\"og:description\" content=\"Ke\u00e7\u0259n il sentyabr ay\u0131nda Rusiyan\u0131n Sankt-Peterburq \u015f\u0259h\u0259rind\u0259 \u00f6ld\u00fcr\u00fcl\u0259n 39 ya\u015fl\u0131 Az\u0259rbaycan v\u0259t\u0259nda\u015f\u0131n\u0131n qatill\u0259ri yax\u0131n g\u00fcnl\u0259rd\u0259 m\u0259hk\u0259m\u0259 qar\u015f\u0131s\u0131na \u00e7\u0131xar\u0131lacaq. ANS PRESS-in m\u0259lumat\u0131na g\u00f6r\u0259, Pu\u015fkin rayon m\u0259hk\u0259m\u0259sinin baxaca\u011f\u0131 i\u015fd\u0259 h\u0259myerlimizi o\u011furlamaq v\u0259 q\u0259tl\u0259 yetirm\u0259kd\u0259 ittiham olunanlar d\u00f6rd Erm\u0259nistan v\u0259t\u0259nda\u015f\u0131d\u0131r. 33 v\u0259 42 ya\u015f aras\u0131 olan cinay\u0259tkarlar\u0131n ham\u0131s\u0131 saxlan\u0131l\u0131b. Sankt-Perterburq polisinin verdiyi x\u0259b\u0259r\u0259 g\u00f6r\u0259, sentyabr ay\u0131n\u0131n 15-n\u0259 ke\u00e7\u0259n [&hellip;]\" \/>\n<meta property=\"og:url\" content=\"https:\/\/www.zerdab.com\/?p=22571\" \/>\n<meta property=\"og:site_name\" content=\"Z\u0259rdab.com\" \/>\n<meta property=\"article:published_time\" content=\"2016-03-13T19:43:41+00:00\" \/>\n<meta property=\"og:image\" content=\"http:\/\/www.anspress.com\/media\/image\/56e08e62ca2c9\/600@0\" \/>\n<meta name=\"author\" content=\"admin\" \/>\n<meta name=\"twitter:card\" content=\"summary_large_image\" \/>\n<meta name=\"twitter:label1\" content=\"Written by\" \/>\n\t<meta name=\"twitter:data1\" content=\"admin\" \/>\n\t<meta name=\"twitter:label2\" content=\"Est. reading time\" \/>\n\t<meta name=\"twitter:data2\" content=\"2 minutes\" \/>\n<script type=\"application\/ld+json\" class=\"yoast-schema-graph\">{\"@context\":\"https:\/\/schema.org\",\"@graph\":[{\"@type\":\"Article\",\"@id\":\"https:\/\/www.zerdab.com\/?p=22571#article\",\"isPartOf\":{\"@id\":\"https:\/\/www.zerdab.com\/?p=22571\"},\"author\":{\"name\":\"admin\",\"@id\":\"https:\/\/www.zerdab.com\/#\/schema\/person\/97079b7570c1e89ec0d9e138c3672136\"},\"headline\":\"Z\u0259rdabl\u0131n\u0131 q\u0259tl\u0259 yetir\u0259n 4 erm\u0259ni c\u0259zaland\u0131r\u0131l\u0131r\",\"datePublished\":\"2016-03-13T19:43:41+00:00\",\"mainEntityOfPage\":{\"@id\":\"https:\/\/www.zerdab.com\/?p=22571\"},\"wordCount\":457,\"commentCount\":0,\"image\":{\"@id\":\"https:\/\/www.zerdab.com\/?p=22571#primaryimage\"},\"thumbnailUrl\":\"http:\/\/www.anspress.com\/media\/image\/56e08e62ca2c9\/600@0\",\"articleSection\":[\"HAD\u0130S\u018f\"],\"inLanguage\":\"az\",\"potentialAction\":[{\"@type\":\"CommentAction\",\"name\":\"Comment\",\"target\":[\"https:\/\/www.zerdab.com\/?p=22571#respond\"]}]},{\"@type\":\"WebPage\",\"@id\":\"https:\/\/www.zerdab.com\/?p=22571\",\"url\":\"https:\/\/www.zerdab.com\/?p=22571\",\"name\":\"Z\u0259rdabl\u0131n\u0131 q\u0259tl\u0259 yetir\u0259n 4 erm\u0259ni c\u0259zaland\u0131r\u0131l\u0131r - Z\u0259rdab.com\",\"isPartOf\":{\"@id\":\"https:\/\/www.zerdab.com\/#website\"},\"primaryImageOfPage\":{\"@id\":\"https:\/\/www.zerdab.com\/?p=22571#primaryimage\"},\"image\":{\"@id\":\"https:\/\/www.zerdab.com\/?p=22571#primaryimage\"},\"thumbnailUrl\":\"http:\/\/www.anspress.com\/media\/image\/56e08e62ca2c9\/600@0\",\"datePublished\":\"2016-03-13T19:43:41+00:00\",\"author\":{\"@id\":\"https:\/\/www.zerdab.com\/#\/schema\/person\/97079b7570c1e89ec0d9e138c3672136\"},\"breadcrumb\":{\"@id\":\"https:\/\/www.zerdab.com\/?p=22571#breadcrumb\"},\"inLanguage\":\"az\",\"potentialAction\":[{\"@type\":\"ReadAction\",\"target\":[\"https:\/\/www.zerdab.com\/?p=22571\"]}]},{\"@type\":\"ImageObject\",\"inLanguage\":\"az\",\"@id\":\"https:\/\/www.zerdab.com\/?p=22571#primaryimage\",\"url\":\"http:\/\/www.anspress.com\/media\/image\/56e08e62ca2c9\/600@0\",\"contentUrl\":\"http:\/\/www.anspress.com\/media\/image\/56e08e62ca2c9\/600@0\"},{\"@type\":\"BreadcrumbList\",\"@id\":\"https:\/\/www.zerdab.com\/?p=22571#breadcrumb\",\"itemListElement\":[{\"@type\":\"ListItem\",\"position\":1,\"name\":\"Home\",\"item\":\"https:\/\/www.zerdab.com\/\"},{\"@type\":\"ListItem\",\"position\":2,\"name\":\"Z\u0259rdabl\u0131n\u0131 q\u0259tl\u0259 yetir\u0259n 4 erm\u0259ni c\u0259zaland\u0131r\u0131l\u0131r\"}]},{\"@type\":\"WebSite\",\"@id\":\"https:\/\/www.zerdab.com\/#website\",\"url\":\"https:\/\/www.zerdab.com\/\",\"name\":\"Z\u0259rdab.com\",\"description\":\"\",\"potentialAction\":[{\"@type\":\"SearchAction\",\"target\":{\"@type\":\"EntryPoint\",\"urlTemplate\":\"https:\/\/www.zerdab.com\/?s={search_term_string}\"},\"query-input\":{\"@type\":\"PropertyValueSpecification\",\"valueRequired\":true,\"valueName\":\"search_term_string\"}}],\"inLanguage\":\"az\"},{\"@type\":\"Person\",\"@id\":\"https:\/\/www.zerdab.com\/#\/schema\/person\/97079b7570c1e89ec0d9e138c3672136\",\"name\":\"admin\",\"image\":{\"@type\":\"ImageObject\",\"inLanguage\":\"az\",\"@id\":\"https:\/\/www.zerdab.com\/#\/schema\/person\/image\/\",\"url\":\"https:\/\/secure.gravatar.com\/avatar\/d9c52a9a27c32119cb6679a077fa3e2779e5f822c451cbf01098004361d466ec?s=96&d=mm&r=g\",\"contentUrl\":\"https:\/\/secure.gravatar.com\/avatar\/d9c52a9a27c32119cb6679a077fa3e2779e5f822c451cbf01098004361d466ec?s=96&d=mm&r=g\",\"caption\":\"admin\"},\"url\":\"https:\/\/www.zerdab.com\/?author=1\"}]}<\/script>\n<!-- \/ Yoast SEO plugin. -->","yoast_head_json":{"title":"Z\u0259rdabl\u0131n\u0131 q\u0259tl\u0259 yetir\u0259n 4 erm\u0259ni c\u0259zaland\u0131r\u0131l\u0131r - Z\u0259rdab.com","robots":{"index":"index","follow":"follow","max-snippet":"max-snippet:-1","max-image-preview":"max-image-preview:large","max-video-preview":"max-video-preview:-1"},"canonical":"https:\/\/www.zerdab.com\/?p=22571","og_locale":"az_AZ","og_type":"article","og_title":"Z\u0259rdabl\u0131n\u0131 q\u0259tl\u0259 yetir\u0259n 4 erm\u0259ni c\u0259zaland\u0131r\u0131l\u0131r - Z\u0259rdab.com","og_description":"Ke\u00e7\u0259n il sentyabr ay\u0131nda Rusiyan\u0131n Sankt-Peterburq \u015f\u0259h\u0259rind\u0259 \u00f6ld\u00fcr\u00fcl\u0259n 39 ya\u015fl\u0131 Az\u0259rbaycan v\u0259t\u0259nda\u015f\u0131n\u0131n qatill\u0259ri yax\u0131n g\u00fcnl\u0259rd\u0259 m\u0259hk\u0259m\u0259 qar\u015f\u0131s\u0131na \u00e7\u0131xar\u0131lacaq. ANS PRESS-in m\u0259lumat\u0131na g\u00f6r\u0259, Pu\u015fkin rayon m\u0259hk\u0259m\u0259sinin baxaca\u011f\u0131 i\u015fd\u0259 h\u0259myerlimizi o\u011furlamaq v\u0259 q\u0259tl\u0259 yetirm\u0259kd\u0259 ittiham olunanlar d\u00f6rd Erm\u0259nistan v\u0259t\u0259nda\u015f\u0131d\u0131r. 33 v\u0259 42 ya\u015f aras\u0131 olan cinay\u0259tkarlar\u0131n ham\u0131s\u0131 saxlan\u0131l\u0131b. Sankt-Perterburq polisinin verdiyi x\u0259b\u0259r\u0259 g\u00f6r\u0259, sentyabr ay\u0131n\u0131n 15-n\u0259 ke\u00e7\u0259n [&hellip;]","og_url":"https:\/\/www.zerdab.com\/?p=22571","og_site_name":"Z\u0259rdab.com","article_published_time":"2016-03-13T19:43:41+00:00","og_image":[{"url":"http:\/\/www.anspress.com\/media\/image\/56e08e62ca2c9\/600@0","type":"","width":"","height":""}],"author":"admin","twitter_card":"summary_large_image","twitter_misc":{"Written by":"admin","Est. reading time":"2 minutes"},"schema":{"@context":"https:\/\/schema.org","@graph":[{"@type":"Article","@id":"https:\/\/www.zerdab.com\/?p=22571#article","isPartOf":{"@id":"https:\/\/www.zerdab.com\/?p=22571"},"author":{"name":"admin","@id":"https:\/\/www.zerdab.com\/#\/schema\/person\/97079b7570c1e89ec0d9e138c3672136"},"headline":"Z\u0259rdabl\u0131n\u0131 q\u0259tl\u0259 yetir\u0259n 4 erm\u0259ni c\u0259zaland\u0131r\u0131l\u0131r","datePublished":"2016-03-13T19:43:41+00:00","mainEntityOfPage":{"@id":"https:\/\/www.zerdab.com\/?p=22571"},"wordCount":457,"commentCount":0,"image":{"@id":"https:\/\/www.zerdab.com\/?p=22571#primaryimage"},"thumbnailUrl":"http:\/\/www.anspress.com\/media\/image\/56e08e62ca2c9\/600@0","articleSection":["HAD\u0130S\u018f"],"inLanguage":"az","potentialAction":[{"@type":"CommentAction","name":"Comment","target":["https:\/\/www.zerdab.com\/?p=22571#respond"]}]},{"@type":"WebPage","@id":"https:\/\/www.zerdab.com\/?p=22571","url":"https:\/\/www.zerdab.com\/?p=22571","name":"Z\u0259rdabl\u0131n\u0131 q\u0259tl\u0259 yetir\u0259n 4 erm\u0259ni c\u0259zaland\u0131r\u0131l\u0131r - Z\u0259rdab.com","isPartOf":{"@id":"https:\/\/www.zerdab.com\/#website"},"primaryImageOfPage":{"@id":"https:\/\/www.zerdab.com\/?p=22571#primaryimage"},"image":{"@id":"https:\/\/www.zerdab.com\/?p=22571#primaryimage"},"thumbnailUrl":"http:\/\/www.anspress.com\/media\/image\/56e08e62ca2c9\/600@0","datePublished":"2016-03-13T19:43:41+00:00","author":{"@id":"https:\/\/www.zerdab.com\/#\/schema\/person\/97079b7570c1e89ec0d9e138c3672136"},"breadcrumb":{"@id":"https:\/\/www.zerdab.com\/?p=22571#breadcrumb"},"inLanguage":"az","potentialAction":[{"@type":"ReadAction","target":["https:\/\/www.zerdab.com\/?p=22571"]}]},{"@type":"ImageObject","inLanguage":"az","@id":"https:\/\/www.zerdab.com\/?p=22571#primaryimage","url":"http:\/\/www.anspress.com\/media\/image\/56e08e62ca2c9\/600@0","contentUrl":"http:\/\/www.anspress.com\/media\/image\/56e08e62ca2c9\/600@0"},{"@type":"BreadcrumbList","@id":"https:\/\/www.zerdab.com\/?p=22571#breadcrumb","itemListElement":[{"@type":"ListItem","position":1,"name":"Home","item":"https:\/\/www.zerdab.com\/"},{"@type":"ListItem","position":2,"name":"Z\u0259rdabl\u0131n\u0131 q\u0259tl\u0259 yetir\u0259n 4 erm\u0259ni c\u0259zaland\u0131r\u0131l\u0131r"}]},{"@type":"WebSite","@id":"https:\/\/www.zerdab.com\/#website","url":"https:\/\/www.zerdab.com\/","name":"Z\u0259rdab.com","description":"","potentialAction":[{"@type":"SearchAction","target":{"@type":"EntryPoint","urlTemplate":"https:\/\/www.zerdab.com\/?s={search_term_string}"},"query-input":{"@type":"PropertyValueSpecification","valueRequired":true,"valueName":"search_term_string"}}],"inLanguage":"az"},{"@type":"Person","@id":"https:\/\/www.zerdab.com\/#\/schema\/person\/97079b7570c1e89ec0d9e138c3672136","name":"admin","image":{"@type":"ImageObject","inLanguage":"az","@id":"https:\/\/www.zerdab.com\/#\/schema\/person\/image\/","url":"https:\/\/secure.gravatar.com\/avatar\/d9c52a9a27c32119cb6679a077fa3e2779e5f822c451cbf01098004361d466ec?s=96&d=mm&r=g","contentUrl":"https:\/\/secure.gravatar.com\/avatar\/d9c52a9a27c32119cb6679a077fa3e2779e5f822c451cbf01098004361d466ec?s=96&d=mm&r=g","caption":"admin"},"url":"https:\/\/www.zerdab.com\/?author=1"}]}},"_links":{"self":[{"href":"https:\/\/www.zerdab.com\/index.php?rest_route=\/wp\/v2\/posts\/22571","targetHints":{"allow":["GET"]}}],"collection":[{"href":"https:\/\/www.zerdab.com\/index.php?rest_route=\/wp\/v2\/posts"}],"about":[{"href":"https:\/\/www.zerdab.com\/index.php?rest_route=\/wp\/v2\/types\/post"}],"author":[{"embeddable":true,"href":"https:\/\/www.zerdab.com\/index.php?rest_route=\/wp\/v2\/users\/1"}],"replies":[{"embeddable":true,"href":"https:\/\/www.zerdab.com\/index.php?rest_route=%2Fwp%2Fv2%2Fcomments&post=22571"}],"version-history":[{"count":1,"href":"https:\/\/www.zerdab.com\/index.php?rest_route=\/wp\/v2\/posts\/22571\/revisions"}],"predecessor-version":[{"id":22573,"href":"https:\/\/www.zerdab.com\/index.php?rest_route=\/wp\/v2\/posts\/22571\/revisions\/22573"}],"wp:attachment":[{"href":"https:\/\/www.zerdab.com\/index.php?rest_route=%2Fwp%2Fv2%2Fmedia&parent=22571"}],"wp:term":[{"taxonomy":"category","embeddable":true,"href":"https:\/\/www.zerdab.com\/index.php?rest_route=%2Fwp%2Fv2%2Fcategories&post=22571"},{"taxonomy":"post_tag","embeddable":true,"href":"https:\/\/www.zerdab.com\/index.php?rest_route=%2Fwp%2Fv2%2Ftags&post=22571"}],"curies":[{"name":"wp","href":"https:\/\/api.w.org\/{rel}","templated":true}]}}