{"id":22621,"date":"2016-04-02T10:58:54","date_gmt":"2016-04-02T05:58:54","guid":{"rendered":"http:\/\/www.zerdab.com\/?p=22621"},"modified":"2016-04-02T11:00:42","modified_gmt":"2016-04-02T06:00:42","slug":"az%c9%99rbaycanlilarin-soyqirimi-gunu-z%c9%99rdabda-muxt%c9%99lif-t%c9%99dbirl%c9%99rl%c9%99-qeyd-olunub","status":"publish","type":"post","link":"https:\/\/www.zerdab.com\/?p=22621","title":{"rendered":"Az\u0259rbaycanl\u0131lar\u0131n Soyq\u0131r\u0131m\u0131 G\u00fcn\u00fc Z\u0259rdabda m\u00fcxt\u0259lif t\u0259dbirl\u0259rl\u0259 qeyd olunub"},"content":{"rendered":"<p>Z\u0259rdabda 31 Mart &#8211; Az\u0259rbaycanl\u0131lar\u0131n Soyq\u0131r\u0131m\u0131 G\u00fcn\u00fc il\u0259 \u0259laq\u0259dar k\u00fctl\u0259vi t\u0259dbirl\u0259r ke\u00e7irilib.<\/p>\n<p>T\u0259dbirl\u0259r proqram\u0131na m\u00fcvafiq olaraq mart\u0131n 30-da rayon g\u0259ncl\u0259rinin v\u0259 YAP f\u0259allar\u0131n\u0131n bir qrupu Quba k\u00fctl\u0259vi m\u0259zarl\u0131\u011f\u0131n\u0131 ziyar\u0259t edibl\u0259r.<\/p>\n<p>Mart\u0131n 31-d\u0259 is\u0259 ictimaiyy\u0259t n\u00fcmay\u0259nd\u0259l\u0259rinin i\u015ftirak\u0131 il\u0259 \u00fcmumrayon t\u0259dbiri ke\u00e7irilib.<\/p>\n<p>T\u0259dbir i\u015ftirak\u00e7\u0131lar\u0131 \u0259vv\u0259lc\u0259 az\u0259rbaycanl\u0131lar\u0131n soyq\u0131r\u0131m\u0131 qurbanlar\u0131n\u0131n xatir\u0259sin\u0259 ucald\u0131lan abid\u0259 kompleksini ziyar\u0259t edib, \u00f6n\u00fcn\u0259 g\u00fcl d\u0259st\u0259l\u0259ri qoyublar.<\/p>\n<p>M\u0259rasimd\u0259 \u00e7\u0131x\u0131\u015f ed\u0259nl\u0259r tarix\u0259n erm\u0259nil\u0259rin m\u0259krli i\u015f\u011fal\u00e7\u0131l\u0131q siyas\u0259ti v\u0259 bu siyas\u0259t n\u0259tic\u0259sind\u0259 xalq\u0131m\u0131za qar\u015f\u0131 h\u0259yata ke\u00e7irdikl\u0259ri q\u0259tliamlardan dan\u0131\u015f\u0131blar. Bildirilib ki, ulu \u00f6nd\u0259r Heyd\u0259r \u018fliyev hakimiyy\u0259t\u0259 qay\u0131td\u0131qdan sonra erm\u0259nil\u0259rin m\u0259krli niyy\u0259tl\u0259rinin ara\u015fd\u0131r\u0131lmas\u0131 v\u0259 \u00fcz\u0259 \u00e7\u0131xar\u0131lmas\u0131, onlar\u0131n t\u00f6r\u0259tdikl\u0259ri soyq\u0131r\u0131m\u0131 faktlar\u0131n\u0131n d\u00fcnya ictimaiyy\u0259tin\u0259 \u00e7atd\u0131r\u0131lmas\u0131 sah\u0259sind\u0259 ciddi t\u0259dbirl\u0259r g\u00f6r\u00fcb. M\u0259hz \u00dcmummilli Liderin 1998-ci il mart\u0131n 26-da imzalad\u0131\u011f\u0131 F\u0259rmanla 31 Mart &#8211; Az\u0259rbaycanl\u0131lar\u0131n Soyq\u0131r\u0131m\u0131 G\u00fcn\u00fc elan olunub.<\/p>\n<p>Sonda soyq\u0131r\u0131m\u0131na h\u0259sr olunan kompozisiya n\u00fcmayi\u015f etdirilib.<\/p>\n<p>G\u00fcn \u0259rzind\u0259 rayonun b\u00fct\u00fcn m\u0259scidl\u0259rind\u0259 soyq\u0131r\u0131m\u0131 qurbanlar\u0131n\u0131n xatir\u0259sin\u0259 dini m\u0259rasiml\u0259r t\u0259\u015fkil olunub.<a href=\"http:\/\/www.zerdab.com\/az%c9%99rbaycanlilarin-soyqirimi-gunu-z%c9%99rdabda-muxt%c9%99lif-t%c9%99dbirl%c9%99rl%c9%99-qeyd-olunub\/z%c9%99rdab-99\/\" rel=\"attachment wp-att-22624\"><img loading=\"lazy\" decoding=\"async\" class=\"aligncenter size-large wp-image-22624\" src=\"http:\/\/www.zerdab.com\/wp-content\/uploads\/2016\/04\/Z\u0259rdab-1-550x367.jpg\" alt=\"Z\u0259rdab\" width=\"550\" height=\"367\" \/><\/a><a href=\"http:\/\/www.zerdab.com\/az%c9%99rbaycanlilarin-soyqirimi-gunu-z%c9%99rdabda-muxt%c9%99lif-t%c9%99dbirl%c9%99rl%c9%99-qeyd-olunub\/z%c9%99rdab-100\/\" rel=\"attachment wp-att-22626\"><img loading=\"lazy\" decoding=\"async\" class=\"aligncenter size-large wp-image-22626\" src=\"http:\/\/www.zerdab.com\/wp-content\/uploads\/2016\/04\/Z\u0259rdab-2-550x367.jpg\" alt=\"Z\u0259rdab\" width=\"550\" height=\"367\" \/><\/a><\/p>\n","protected":false},"excerpt":{"rendered":"<p>Z\u0259rdabda 31 Mart &#8211; Az\u0259rbaycanl\u0131lar\u0131n Soyq\u0131r\u0131m\u0131 G\u00fcn\u00fc il\u0259 \u0259laq\u0259dar k\u00fctl\u0259vi t\u0259dbirl\u0259r ke\u00e7irilib. T\u0259dbirl\u0259r proqram\u0131na m\u00fcvafiq olaraq mart\u0131n 30-da rayon g\u0259ncl\u0259rinin v\u0259 YAP f\u0259allar\u0131n\u0131n bir qrupu Quba k\u00fctl\u0259vi m\u0259zarl\u0131\u011f\u0131n\u0131 ziyar\u0259t edibl\u0259r. Mart\u0131n 31-d\u0259 is\u0259 ictimaiyy\u0259t n\u00fcmay\u0259nd\u0259l\u0259rinin i\u015ftirak\u0131 il\u0259 \u00fcmumrayon t\u0259dbiri ke\u00e7irilib. T\u0259dbir i\u015ftirak\u00e7\u0131lar\u0131 \u0259vv\u0259lc\u0259 az\u0259rbaycanl\u0131lar\u0131n soyq\u0131r\u0131m\u0131 qurbanlar\u0131n\u0131n xatir\u0259sin\u0259 ucald\u0131lan abid\u0259 kompleksini ziyar\u0259t edib, \u00f6n\u00fcn\u0259 g\u00fcl d\u0259st\u0259l\u0259ri [&hellip;]<\/p>\n","protected":false},"author":1,"featured_media":0,"comment_status":"open","ping_status":"open","sticky":false,"template":"","format":"standard","meta":{"footnotes":""},"categories":[5],"tags":[],"class_list":{"0":"post-22621","1":"post","2":"type-post","3":"status-publish","4":"format-standard","6":"category-knd"},"yoast_head":"<!-- This site is optimized with the Yoast SEO plugin v27.0 - https:\/\/yoast.com\/product\/yoast-seo-wordpress\/ -->\n<title>Az\u0259rbaycanl\u0131lar\u0131n Soyq\u0131r\u0131m\u0131 G\u00fcn\u00fc Z\u0259rdabda m\u00fcxt\u0259lif t\u0259dbirl\u0259rl\u0259 qeyd olunub - Z\u0259rdab.com<\/title>\n<meta name=\"robots\" content=\"index, follow, max-snippet:-1, max-image-preview:large, max-video-preview:-1\" \/>\n<link rel=\"canonical\" href=\"https:\/\/www.zerdab.com\/?p=22621\" \/>\n<meta property=\"og:locale\" content=\"az_AZ\" \/>\n<meta property=\"og:type\" content=\"article\" \/>\n<meta property=\"og:title\" content=\"Az\u0259rbaycanl\u0131lar\u0131n Soyq\u0131r\u0131m\u0131 G\u00fcn\u00fc Z\u0259rdabda m\u00fcxt\u0259lif t\u0259dbirl\u0259rl\u0259 qeyd olunub - Z\u0259rdab.com\" \/>\n<meta property=\"og:description\" content=\"Z\u0259rdabda 31 Mart &#8211; Az\u0259rbaycanl\u0131lar\u0131n Soyq\u0131r\u0131m\u0131 G\u00fcn\u00fc il\u0259 \u0259laq\u0259dar k\u00fctl\u0259vi t\u0259dbirl\u0259r ke\u00e7irilib. T\u0259dbirl\u0259r proqram\u0131na m\u00fcvafiq olaraq mart\u0131n 30-da rayon g\u0259ncl\u0259rinin v\u0259 YAP f\u0259allar\u0131n\u0131n bir qrupu Quba k\u00fctl\u0259vi m\u0259zarl\u0131\u011f\u0131n\u0131 ziyar\u0259t edibl\u0259r. Mart\u0131n 31-d\u0259 is\u0259 ictimaiyy\u0259t n\u00fcmay\u0259nd\u0259l\u0259rinin i\u015ftirak\u0131 il\u0259 \u00fcmumrayon t\u0259dbiri ke\u00e7irilib. T\u0259dbir i\u015ftirak\u00e7\u0131lar\u0131 \u0259vv\u0259lc\u0259 az\u0259rbaycanl\u0131lar\u0131n soyq\u0131r\u0131m\u0131 qurbanlar\u0131n\u0131n xatir\u0259sin\u0259 ucald\u0131lan abid\u0259 kompleksini ziyar\u0259t edib, \u00f6n\u00fcn\u0259 g\u00fcl d\u0259st\u0259l\u0259ri [&hellip;]\" \/>\n<meta property=\"og:url\" content=\"https:\/\/www.zerdab.com\/?p=22621\" \/>\n<meta property=\"og:site_name\" content=\"Z\u0259rdab.com\" \/>\n<meta property=\"article:published_time\" content=\"2016-04-02T05:58:54+00:00\" \/>\n<meta property=\"article:modified_time\" content=\"2016-04-02T06:00:42+00:00\" \/>\n<meta name=\"author\" content=\"admin\" \/>\n<meta name=\"twitter:card\" content=\"summary_large_image\" \/>\n<meta name=\"twitter:label1\" content=\"Written by\" \/>\n\t<meta name=\"twitter:data1\" content=\"admin\" \/>\n\t<meta name=\"twitter:label2\" content=\"Est. reading time\" \/>\n\t<meta name=\"twitter:data2\" content=\"1 minute\" \/>\n<script type=\"application\/ld+json\" class=\"yoast-schema-graph\">{\"@context\":\"https:\/\/schema.org\",\"@graph\":[{\"@type\":\"Article\",\"@id\":\"https:\/\/www.zerdab.com\/?p=22621#article\",\"isPartOf\":{\"@id\":\"https:\/\/www.zerdab.com\/?p=22621\"},\"author\":{\"name\":\"admin\",\"@id\":\"https:\/\/www.zerdab.com\/#\/schema\/person\/97079b7570c1e89ec0d9e138c3672136\"},\"headline\":\"Az\u0259rbaycanl\u0131lar\u0131n Soyq\u0131r\u0131m\u0131 G\u00fcn\u00fc Z\u0259rdabda m\u00fcxt\u0259lif t\u0259dbirl\u0259rl\u0259 qeyd olunub\",\"datePublished\":\"2016-04-02T05:58:54+00:00\",\"dateModified\":\"2016-04-02T06:00:42+00:00\",\"mainEntityOfPage\":{\"@id\":\"https:\/\/www.zerdab.com\/?p=22621\"},\"wordCount\":290,\"commentCount\":0,\"articleSection\":[\"X\u018fB\u018fRL\u018fR\"],\"inLanguage\":\"az\",\"potentialAction\":[{\"@type\":\"CommentAction\",\"name\":\"Comment\",\"target\":[\"https:\/\/www.zerdab.com\/?p=22621#respond\"]}]},{\"@type\":\"WebPage\",\"@id\":\"https:\/\/www.zerdab.com\/?p=22621\",\"url\":\"https:\/\/www.zerdab.com\/?p=22621\",\"name\":\"Az\u0259rbaycanl\u0131lar\u0131n Soyq\u0131r\u0131m\u0131 G\u00fcn\u00fc Z\u0259rdabda m\u00fcxt\u0259lif t\u0259dbirl\u0259rl\u0259 qeyd olunub - Z\u0259rdab.com\",\"isPartOf\":{\"@id\":\"https:\/\/www.zerdab.com\/#website\"},\"datePublished\":\"2016-04-02T05:58:54+00:00\",\"dateModified\":\"2016-04-02T06:00:42+00:00\",\"author\":{\"@id\":\"https:\/\/www.zerdab.com\/#\/schema\/person\/97079b7570c1e89ec0d9e138c3672136\"},\"breadcrumb\":{\"@id\":\"https:\/\/www.zerdab.com\/?p=22621#breadcrumb\"},\"inLanguage\":\"az\",\"potentialAction\":[{\"@type\":\"ReadAction\",\"target\":[\"https:\/\/www.zerdab.com\/?p=22621\"]}]},{\"@type\":\"BreadcrumbList\",\"@id\":\"https:\/\/www.zerdab.com\/?p=22621#breadcrumb\",\"itemListElement\":[{\"@type\":\"ListItem\",\"position\":1,\"name\":\"Home\",\"item\":\"https:\/\/www.zerdab.com\/\"},{\"@type\":\"ListItem\",\"position\":2,\"name\":\"Az\u0259rbaycanl\u0131lar\u0131n Soyq\u0131r\u0131m\u0131 G\u00fcn\u00fc Z\u0259rdabda m\u00fcxt\u0259lif t\u0259dbirl\u0259rl\u0259 qeyd olunub\"}]},{\"@type\":\"WebSite\",\"@id\":\"https:\/\/www.zerdab.com\/#website\",\"url\":\"https:\/\/www.zerdab.com\/\",\"name\":\"Z\u0259rdab.com\",\"description\":\"\",\"potentialAction\":[{\"@type\":\"SearchAction\",\"target\":{\"@type\":\"EntryPoint\",\"urlTemplate\":\"https:\/\/www.zerdab.com\/?s={search_term_string}\"},\"query-input\":{\"@type\":\"PropertyValueSpecification\",\"valueRequired\":true,\"valueName\":\"search_term_string\"}}],\"inLanguage\":\"az\"},{\"@type\":\"Person\",\"@id\":\"https:\/\/www.zerdab.com\/#\/schema\/person\/97079b7570c1e89ec0d9e138c3672136\",\"name\":\"admin\",\"image\":{\"@type\":\"ImageObject\",\"inLanguage\":\"az\",\"@id\":\"https:\/\/www.zerdab.com\/#\/schema\/person\/image\/\",\"url\":\"https:\/\/secure.gravatar.com\/avatar\/d9c52a9a27c32119cb6679a077fa3e2779e5f822c451cbf01098004361d466ec?s=96&d=mm&r=g\",\"contentUrl\":\"https:\/\/secure.gravatar.com\/avatar\/d9c52a9a27c32119cb6679a077fa3e2779e5f822c451cbf01098004361d466ec?s=96&d=mm&r=g\",\"caption\":\"admin\"},\"url\":\"https:\/\/www.zerdab.com\/?author=1\"}]}<\/script>\n<!-- \/ Yoast SEO plugin. -->","yoast_head_json":{"title":"Az\u0259rbaycanl\u0131lar\u0131n Soyq\u0131r\u0131m\u0131 G\u00fcn\u00fc Z\u0259rdabda m\u00fcxt\u0259lif t\u0259dbirl\u0259rl\u0259 qeyd olunub - Z\u0259rdab.com","robots":{"index":"index","follow":"follow","max-snippet":"max-snippet:-1","max-image-preview":"max-image-preview:large","max-video-preview":"max-video-preview:-1"},"canonical":"https:\/\/www.zerdab.com\/?p=22621","og_locale":"az_AZ","og_type":"article","og_title":"Az\u0259rbaycanl\u0131lar\u0131n Soyq\u0131r\u0131m\u0131 G\u00fcn\u00fc Z\u0259rdabda m\u00fcxt\u0259lif t\u0259dbirl\u0259rl\u0259 qeyd olunub - Z\u0259rdab.com","og_description":"Z\u0259rdabda 31 Mart &#8211; Az\u0259rbaycanl\u0131lar\u0131n Soyq\u0131r\u0131m\u0131 G\u00fcn\u00fc il\u0259 \u0259laq\u0259dar k\u00fctl\u0259vi t\u0259dbirl\u0259r ke\u00e7irilib. T\u0259dbirl\u0259r proqram\u0131na m\u00fcvafiq olaraq mart\u0131n 30-da rayon g\u0259ncl\u0259rinin v\u0259 YAP f\u0259allar\u0131n\u0131n bir qrupu Quba k\u00fctl\u0259vi m\u0259zarl\u0131\u011f\u0131n\u0131 ziyar\u0259t edibl\u0259r. Mart\u0131n 31-d\u0259 is\u0259 ictimaiyy\u0259t n\u00fcmay\u0259nd\u0259l\u0259rinin i\u015ftirak\u0131 il\u0259 \u00fcmumrayon t\u0259dbiri ke\u00e7irilib. T\u0259dbir i\u015ftirak\u00e7\u0131lar\u0131 \u0259vv\u0259lc\u0259 az\u0259rbaycanl\u0131lar\u0131n soyq\u0131r\u0131m\u0131 qurbanlar\u0131n\u0131n xatir\u0259sin\u0259 ucald\u0131lan abid\u0259 kompleksini ziyar\u0259t edib, \u00f6n\u00fcn\u0259 g\u00fcl d\u0259st\u0259l\u0259ri [&hellip;]","og_url":"https:\/\/www.zerdab.com\/?p=22621","og_site_name":"Z\u0259rdab.com","article_published_time":"2016-04-02T05:58:54+00:00","article_modified_time":"2016-04-02T06:00:42+00:00","author":"admin","twitter_card":"summary_large_image","twitter_misc":{"Written by":"admin","Est. reading time":"1 minute"},"schema":{"@context":"https:\/\/schema.org","@graph":[{"@type":"Article","@id":"https:\/\/www.zerdab.com\/?p=22621#article","isPartOf":{"@id":"https:\/\/www.zerdab.com\/?p=22621"},"author":{"name":"admin","@id":"https:\/\/www.zerdab.com\/#\/schema\/person\/97079b7570c1e89ec0d9e138c3672136"},"headline":"Az\u0259rbaycanl\u0131lar\u0131n Soyq\u0131r\u0131m\u0131 G\u00fcn\u00fc Z\u0259rdabda m\u00fcxt\u0259lif t\u0259dbirl\u0259rl\u0259 qeyd olunub","datePublished":"2016-04-02T05:58:54+00:00","dateModified":"2016-04-02T06:00:42+00:00","mainEntityOfPage":{"@id":"https:\/\/www.zerdab.com\/?p=22621"},"wordCount":290,"commentCount":0,"articleSection":["X\u018fB\u018fRL\u018fR"],"inLanguage":"az","potentialAction":[{"@type":"CommentAction","name":"Comment","target":["https:\/\/www.zerdab.com\/?p=22621#respond"]}]},{"@type":"WebPage","@id":"https:\/\/www.zerdab.com\/?p=22621","url":"https:\/\/www.zerdab.com\/?p=22621","name":"Az\u0259rbaycanl\u0131lar\u0131n Soyq\u0131r\u0131m\u0131 G\u00fcn\u00fc Z\u0259rdabda m\u00fcxt\u0259lif t\u0259dbirl\u0259rl\u0259 qeyd olunub - Z\u0259rdab.com","isPartOf":{"@id":"https:\/\/www.zerdab.com\/#website"},"datePublished":"2016-04-02T05:58:54+00:00","dateModified":"2016-04-02T06:00:42+00:00","author":{"@id":"https:\/\/www.zerdab.com\/#\/schema\/person\/97079b7570c1e89ec0d9e138c3672136"},"breadcrumb":{"@id":"https:\/\/www.zerdab.com\/?p=22621#breadcrumb"},"inLanguage":"az","potentialAction":[{"@type":"ReadAction","target":["https:\/\/www.zerdab.com\/?p=22621"]}]},{"@type":"BreadcrumbList","@id":"https:\/\/www.zerdab.com\/?p=22621#breadcrumb","itemListElement":[{"@type":"ListItem","position":1,"name":"Home","item":"https:\/\/www.zerdab.com\/"},{"@type":"ListItem","position":2,"name":"Az\u0259rbaycanl\u0131lar\u0131n Soyq\u0131r\u0131m\u0131 G\u00fcn\u00fc Z\u0259rdabda m\u00fcxt\u0259lif t\u0259dbirl\u0259rl\u0259 qeyd olunub"}]},{"@type":"WebSite","@id":"https:\/\/www.zerdab.com\/#website","url":"https:\/\/www.zerdab.com\/","name":"Z\u0259rdab.com","description":"","potentialAction":[{"@type":"SearchAction","target":{"@type":"EntryPoint","urlTemplate":"https:\/\/www.zerdab.com\/?s={search_term_string}"},"query-input":{"@type":"PropertyValueSpecification","valueRequired":true,"valueName":"search_term_string"}}],"inLanguage":"az"},{"@type":"Person","@id":"https:\/\/www.zerdab.com\/#\/schema\/person\/97079b7570c1e89ec0d9e138c3672136","name":"admin","image":{"@type":"ImageObject","inLanguage":"az","@id":"https:\/\/www.zerdab.com\/#\/schema\/person\/image\/","url":"https:\/\/secure.gravatar.com\/avatar\/d9c52a9a27c32119cb6679a077fa3e2779e5f822c451cbf01098004361d466ec?s=96&d=mm&r=g","contentUrl":"https:\/\/secure.gravatar.com\/avatar\/d9c52a9a27c32119cb6679a077fa3e2779e5f822c451cbf01098004361d466ec?s=96&d=mm&r=g","caption":"admin"},"url":"https:\/\/www.zerdab.com\/?author=1"}]}},"_links":{"self":[{"href":"https:\/\/www.zerdab.com\/index.php?rest_route=\/wp\/v2\/posts\/22621","targetHints":{"allow":["GET"]}}],"collection":[{"href":"https:\/\/www.zerdab.com\/index.php?rest_route=\/wp\/v2\/posts"}],"about":[{"href":"https:\/\/www.zerdab.com\/index.php?rest_route=\/wp\/v2\/types\/post"}],"author":[{"embeddable":true,"href":"https:\/\/www.zerdab.com\/index.php?rest_route=\/wp\/v2\/users\/1"}],"replies":[{"embeddable":true,"href":"https:\/\/www.zerdab.com\/index.php?rest_route=%2Fwp%2Fv2%2Fcomments&post=22621"}],"version-history":[{"count":3,"href":"https:\/\/www.zerdab.com\/index.php?rest_route=\/wp\/v2\/posts\/22621\/revisions"}],"predecessor-version":[{"id":22627,"href":"https:\/\/www.zerdab.com\/index.php?rest_route=\/wp\/v2\/posts\/22621\/revisions\/22627"}],"wp:attachment":[{"href":"https:\/\/www.zerdab.com\/index.php?rest_route=%2Fwp%2Fv2%2Fmedia&parent=22621"}],"wp:term":[{"taxonomy":"category","embeddable":true,"href":"https:\/\/www.zerdab.com\/index.php?rest_route=%2Fwp%2Fv2%2Fcategories&post=22621"},{"taxonomy":"post_tag","embeddable":true,"href":"https:\/\/www.zerdab.com\/index.php?rest_route=%2Fwp%2Fv2%2Ftags&post=22621"}],"curies":[{"name":"wp","href":"https:\/\/api.w.org\/{rel}","templated":true}]}}