{"id":22810,"date":"2016-05-07T15:48:57","date_gmt":"2016-05-07T10:48:57","guid":{"rendered":"http:\/\/www.zerdab.com\/?p=22810"},"modified":"2016-05-07T15:49:34","modified_gmt":"2016-05-07T10:49:34","slug":"z%c9%99rdab-rayon-heyd%c9%99r-%c9%99liyev-m%c9%99rk%c9%99zind%c9%99-ulu-ond%c9%99rin-z%c9%99ngin-irsi-oyr%c9%99nilir","status":"publish","type":"post","link":"https:\/\/www.zerdab.com\/?p=22810","title":{"rendered":"Z\u0259rdab Rayon Heyd\u0259r \u018fliyev M\u0259rk\u0259zind\u0259 ulu \u00f6nd\u0259rin z\u0259ngin irsi \u00f6yr\u0259nilir"},"content":{"rendered":"<p>Az\u0259rbaycan xalq\u0131n\u0131n \u00fcmummilli lideri Heyd\u0259r \u018fliyevin anadan olmas\u0131n\u0131n 93 illiyi v\u0259 z\u0259ngin irsinin \u00f6yr\u0259nilm\u0259si, t\u0259bli\u011fi m\u0259qs\u0259ldi il\u0259 Z\u0259rdab Rayon Heyd\u0259r \u018fliyev M\u0259rk\u0259zind\u0259 rayonunun \u00fcmumt\u0259hsil m\u0259kt\u0259bl\u0259rinin \u015fagirdl\u0259ri \u00fc\u00e7\u00fcn tarix d\u0259rsl\u0259ri ke\u00e7irilib. Bu bar\u0259d\u0259<strong> Zerdab.com<\/strong> sayt\u0131na M\u0259rk\u0259zd\u0259n m\u0259lumat verilib. Bel\u0259 ki, Rayon 1 sayl\u0131 m\u0259kt\u0259b &#8211; litseyin, rayon \u00fcmumi orta m\u0259kt\u0259bin v\u0259 2, 3 sayl\u0131 tam orta m\u0259kt\u0259bl\u0259rin \u015fagirdl\u0259rin\u0259 &#8220;Ulu \u00f6nd\u0259r Heyd\u0259r \u018fliyev m\u00fcst\u0259qil Az\u0259rbaycan\u0131n memar\u0131 v\u0259 qurucusudur&#8221; v\u0259 &#8220;\u00dcmummilli lider Heyd\u0259r \u018fliyevin ideyalar\u0131 m\u00fcasir Az\u0259rbaycan\u0131n sosial-iqtisadi inki\u015faf\u0131n\u0131n t\u0259minat\u00e7\u0131s\u0131d\u0131r&#8221; m\u00f6vzular\u0131nda m\u00fchazir\u0259l\u0259r oxunub.<\/p>\n<p>Sevinc Vaqifq\u0131z\u0131<\/p>\n<p><a href=\"http:\/\/www.zerdab.com\/z%c9%99rdab-rayon-heyd%c9%99r-%c9%99liyev-m%c9%99rk%c9%99zind%c9%99-ulu-ond%c9%99rin-z%c9%99ngin-irsi-oyr%c9%99nilir\/hey\/\" rel=\"attachment wp-att-22812\"><img loading=\"lazy\" decoding=\"async\" class=\"aligncenter size-large wp-image-22812\" src=\"http:\/\/www.zerdab.com\/wp-content\/uploads\/2016\/05\/hey-550x309.jpg\" alt=\"Z\u0259rdab Rayon Heyd\u0259r \u018fliyev M\u0259rk\u0259zi\" width=\"550\" height=\"309\" \/><\/a><a href=\"http:\/\/www.zerdab.com\/z%c9%99rdab-rayon-heyd%c9%99r-%c9%99liyev-m%c9%99rk%c9%99zind%c9%99-ulu-ond%c9%99rin-z%c9%99ngin-irsi-oyr%c9%99nilir\/hey1\/\" rel=\"attachment wp-att-22813\"><img loading=\"lazy\" decoding=\"async\" class=\"aligncenter size-large wp-image-22813\" src=\"http:\/\/www.zerdab.com\/wp-content\/uploads\/2016\/05\/hey1-550x309.jpg\" alt=\"Z\u0259rdab Rayon Heyd\u0259r \u018fliyev M\u0259rk\u0259zi\" width=\"550\" height=\"309\" \/><\/a><a href=\"http:\/\/www.zerdab.com\/z%c9%99rdab-rayon-heyd%c9%99r-%c9%99liyev-m%c9%99rk%c9%99zind%c9%99-ulu-ond%c9%99rin-z%c9%99ngin-irsi-oyr%c9%99nilir\/hey2\/\" rel=\"attachment wp-att-22814\"><img loading=\"lazy\" decoding=\"async\" class=\"aligncenter size-large wp-image-22814\" src=\"http:\/\/www.zerdab.com\/wp-content\/uploads\/2016\/05\/hey2-550x309.jpg\" alt=\"hey2\" width=\"550\" height=\"309\" \/><\/a><a href=\"http:\/\/www.zerdab.com\/z%c9%99rdab-rayon-heyd%c9%99r-%c9%99liyev-m%c9%99rk%c9%99zind%c9%99-ulu-ond%c9%99rin-z%c9%99ngin-irsi-oyr%c9%99nilir\/hey4\/\" rel=\"attachment wp-att-22811\"><img loading=\"lazy\" decoding=\"async\" class=\"aligncenter size-large wp-image-22811\" src=\"http:\/\/www.zerdab.com\/wp-content\/uploads\/2016\/05\/hey4-550x309.jpg\" alt=\"Z\u0259rdab Rayon Heyd\u0259r \u018fliyev M\u0259rk\u0259zi\" width=\"550\" height=\"309\" \/><\/a><\/p>\n","protected":false},"excerpt":{"rendered":"<p>Az\u0259rbaycan xalq\u0131n\u0131n \u00fcmummilli lideri Heyd\u0259r \u018fliyevin anadan olmas\u0131n\u0131n 93 illiyi v\u0259 z\u0259ngin irsinin \u00f6yr\u0259nilm\u0259si, t\u0259bli\u011fi m\u0259qs\u0259ldi il\u0259 Z\u0259rdab Rayon Heyd\u0259r \u018fliyev M\u0259rk\u0259zind\u0259 rayonunun \u00fcmumt\u0259hsil m\u0259kt\u0259bl\u0259rinin \u015fagirdl\u0259ri \u00fc\u00e7\u00fcn tarix d\u0259rsl\u0259ri ke\u00e7irilib. Bu bar\u0259d\u0259 Zerdab.com sayt\u0131na M\u0259rk\u0259zd\u0259n m\u0259lumat verilib. Bel\u0259 ki, Rayon 1 sayl\u0131 m\u0259kt\u0259b &#8211; litseyin, rayon \u00fcmumi orta m\u0259kt\u0259bin v\u0259 2, 3 sayl\u0131 tam orta [&hellip;]<\/p>\n","protected":false},"author":1,"featured_media":0,"comment_status":"open","ping_status":"open","sticky":false,"template":"","format":"standard","meta":{"footnotes":""},"categories":[21],"tags":[],"class_list":{"0":"post-22810","1":"post","2":"type-post","3":"status-publish","4":"format-standard","6":"category-zrdab"},"yoast_head":"<!-- This site is optimized with the Yoast SEO plugin v27.0 - https:\/\/yoast.com\/product\/yoast-seo-wordpress\/ -->\n<title>Z\u0259rdab Rayon Heyd\u0259r \u018fliyev M\u0259rk\u0259zind\u0259 ulu \u00f6nd\u0259rin z\u0259ngin irsi \u00f6yr\u0259nilir - Z\u0259rdab.com<\/title>\n<meta name=\"robots\" content=\"index, follow, max-snippet:-1, max-image-preview:large, max-video-preview:-1\" \/>\n<link rel=\"canonical\" href=\"https:\/\/www.zerdab.com\/?p=22810\" \/>\n<meta property=\"og:locale\" content=\"az_AZ\" \/>\n<meta property=\"og:type\" content=\"article\" \/>\n<meta property=\"og:title\" content=\"Z\u0259rdab Rayon Heyd\u0259r \u018fliyev M\u0259rk\u0259zind\u0259 ulu \u00f6nd\u0259rin z\u0259ngin irsi \u00f6yr\u0259nilir - Z\u0259rdab.com\" \/>\n<meta property=\"og:description\" content=\"Az\u0259rbaycan xalq\u0131n\u0131n \u00fcmummilli lideri Heyd\u0259r \u018fliyevin anadan olmas\u0131n\u0131n 93 illiyi v\u0259 z\u0259ngin irsinin \u00f6yr\u0259nilm\u0259si, t\u0259bli\u011fi m\u0259qs\u0259ldi il\u0259 Z\u0259rdab Rayon Heyd\u0259r \u018fliyev M\u0259rk\u0259zind\u0259 rayonunun \u00fcmumt\u0259hsil m\u0259kt\u0259bl\u0259rinin \u015fagirdl\u0259ri \u00fc\u00e7\u00fcn tarix d\u0259rsl\u0259ri ke\u00e7irilib. Bu bar\u0259d\u0259 Zerdab.com sayt\u0131na M\u0259rk\u0259zd\u0259n m\u0259lumat verilib. Bel\u0259 ki, Rayon 1 sayl\u0131 m\u0259kt\u0259b &#8211; litseyin, rayon \u00fcmumi orta m\u0259kt\u0259bin v\u0259 2, 3 sayl\u0131 tam orta [&hellip;]\" \/>\n<meta property=\"og:url\" content=\"https:\/\/www.zerdab.com\/?p=22810\" \/>\n<meta property=\"og:site_name\" content=\"Z\u0259rdab.com\" \/>\n<meta property=\"article:published_time\" content=\"2016-05-07T10:48:57+00:00\" \/>\n<meta property=\"article:modified_time\" content=\"2016-05-07T10:49:34+00:00\" \/>\n<meta property=\"og:image\" content=\"http:\/\/www.zerdab.com\/wp-content\/uploads\/2016\/05\/hey-550x309.jpg\" \/>\n<meta name=\"author\" content=\"admin\" \/>\n<meta name=\"twitter:card\" content=\"summary_large_image\" \/>\n<meta name=\"twitter:label1\" content=\"Written by\" \/>\n\t<meta name=\"twitter:data1\" content=\"admin\" \/>\n\t<meta name=\"twitter:label2\" content=\"Est. reading time\" \/>\n\t<meta name=\"twitter:data2\" content=\"1 minute\" \/>\n<script type=\"application\/ld+json\" class=\"yoast-schema-graph\">{\"@context\":\"https:\/\/schema.org\",\"@graph\":[{\"@type\":\"Article\",\"@id\":\"https:\/\/www.zerdab.com\/?p=22810#article\",\"isPartOf\":{\"@id\":\"https:\/\/www.zerdab.com\/?p=22810\"},\"author\":{\"name\":\"admin\",\"@id\":\"https:\/\/www.zerdab.com\/#\/schema\/person\/97079b7570c1e89ec0d9e138c3672136\"},\"headline\":\"Z\u0259rdab Rayon Heyd\u0259r \u018fliyev M\u0259rk\u0259zind\u0259 ulu \u00f6nd\u0259rin z\u0259ngin irsi \u00f6yr\u0259nilir\",\"datePublished\":\"2016-05-07T10:48:57+00:00\",\"dateModified\":\"2016-05-07T10:49:34+00:00\",\"mainEntityOfPage\":{\"@id\":\"https:\/\/www.zerdab.com\/?p=22810\"},\"wordCount\":158,\"commentCount\":0,\"image\":{\"@id\":\"https:\/\/www.zerdab.com\/?p=22810#primaryimage\"},\"thumbnailUrl\":\"http:\/\/www.zerdab.com\/wp-content\/uploads\/2016\/05\/hey-550x309.jpg\",\"articleSection\":[\"C\u018fM\u0130YY\u018fT\"],\"inLanguage\":\"az\",\"potentialAction\":[{\"@type\":\"CommentAction\",\"name\":\"Comment\",\"target\":[\"https:\/\/www.zerdab.com\/?p=22810#respond\"]}]},{\"@type\":\"WebPage\",\"@id\":\"https:\/\/www.zerdab.com\/?p=22810\",\"url\":\"https:\/\/www.zerdab.com\/?p=22810\",\"name\":\"Z\u0259rdab Rayon Heyd\u0259r \u018fliyev M\u0259rk\u0259zind\u0259 ulu \u00f6nd\u0259rin z\u0259ngin irsi \u00f6yr\u0259nilir - Z\u0259rdab.com\",\"isPartOf\":{\"@id\":\"https:\/\/www.zerdab.com\/#website\"},\"primaryImageOfPage\":{\"@id\":\"https:\/\/www.zerdab.com\/?p=22810#primaryimage\"},\"image\":{\"@id\":\"https:\/\/www.zerdab.com\/?p=22810#primaryimage\"},\"thumbnailUrl\":\"http:\/\/www.zerdab.com\/wp-content\/uploads\/2016\/05\/hey-550x309.jpg\",\"datePublished\":\"2016-05-07T10:48:57+00:00\",\"dateModified\":\"2016-05-07T10:49:34+00:00\",\"author\":{\"@id\":\"https:\/\/www.zerdab.com\/#\/schema\/person\/97079b7570c1e89ec0d9e138c3672136\"},\"breadcrumb\":{\"@id\":\"https:\/\/www.zerdab.com\/?p=22810#breadcrumb\"},\"inLanguage\":\"az\",\"potentialAction\":[{\"@type\":\"ReadAction\",\"target\":[\"https:\/\/www.zerdab.com\/?p=22810\"]}]},{\"@type\":\"ImageObject\",\"inLanguage\":\"az\",\"@id\":\"https:\/\/www.zerdab.com\/?p=22810#primaryimage\",\"url\":\"\",\"contentUrl\":\"\"},{\"@type\":\"BreadcrumbList\",\"@id\":\"https:\/\/www.zerdab.com\/?p=22810#breadcrumb\",\"itemListElement\":[{\"@type\":\"ListItem\",\"position\":1,\"name\":\"Home\",\"item\":\"https:\/\/www.zerdab.com\/\"},{\"@type\":\"ListItem\",\"position\":2,\"name\":\"Z\u0259rdab Rayon Heyd\u0259r \u018fliyev M\u0259rk\u0259zind\u0259 ulu \u00f6nd\u0259rin z\u0259ngin irsi \u00f6yr\u0259nilir\"}]},{\"@type\":\"WebSite\",\"@id\":\"https:\/\/www.zerdab.com\/#website\",\"url\":\"https:\/\/www.zerdab.com\/\",\"name\":\"Z\u0259rdab.com\",\"description\":\"\",\"potentialAction\":[{\"@type\":\"SearchAction\",\"target\":{\"@type\":\"EntryPoint\",\"urlTemplate\":\"https:\/\/www.zerdab.com\/?s={search_term_string}\"},\"query-input\":{\"@type\":\"PropertyValueSpecification\",\"valueRequired\":true,\"valueName\":\"search_term_string\"}}],\"inLanguage\":\"az\"},{\"@type\":\"Person\",\"@id\":\"https:\/\/www.zerdab.com\/#\/schema\/person\/97079b7570c1e89ec0d9e138c3672136\",\"name\":\"admin\",\"image\":{\"@type\":\"ImageObject\",\"inLanguage\":\"az\",\"@id\":\"https:\/\/www.zerdab.com\/#\/schema\/person\/image\/\",\"url\":\"https:\/\/secure.gravatar.com\/avatar\/d9c52a9a27c32119cb6679a077fa3e2779e5f822c451cbf01098004361d466ec?s=96&d=mm&r=g\",\"contentUrl\":\"https:\/\/secure.gravatar.com\/avatar\/d9c52a9a27c32119cb6679a077fa3e2779e5f822c451cbf01098004361d466ec?s=96&d=mm&r=g\",\"caption\":\"admin\"},\"url\":\"https:\/\/www.zerdab.com\/?author=1\"}]}<\/script>\n<!-- \/ Yoast SEO plugin. -->","yoast_head_json":{"title":"Z\u0259rdab Rayon Heyd\u0259r \u018fliyev M\u0259rk\u0259zind\u0259 ulu \u00f6nd\u0259rin z\u0259ngin irsi \u00f6yr\u0259nilir - Z\u0259rdab.com","robots":{"index":"index","follow":"follow","max-snippet":"max-snippet:-1","max-image-preview":"max-image-preview:large","max-video-preview":"max-video-preview:-1"},"canonical":"https:\/\/www.zerdab.com\/?p=22810","og_locale":"az_AZ","og_type":"article","og_title":"Z\u0259rdab Rayon Heyd\u0259r \u018fliyev M\u0259rk\u0259zind\u0259 ulu \u00f6nd\u0259rin z\u0259ngin irsi \u00f6yr\u0259nilir - Z\u0259rdab.com","og_description":"Az\u0259rbaycan xalq\u0131n\u0131n \u00fcmummilli lideri Heyd\u0259r \u018fliyevin anadan olmas\u0131n\u0131n 93 illiyi v\u0259 z\u0259ngin irsinin \u00f6yr\u0259nilm\u0259si, t\u0259bli\u011fi m\u0259qs\u0259ldi il\u0259 Z\u0259rdab Rayon Heyd\u0259r \u018fliyev M\u0259rk\u0259zind\u0259 rayonunun \u00fcmumt\u0259hsil m\u0259kt\u0259bl\u0259rinin \u015fagirdl\u0259ri \u00fc\u00e7\u00fcn tarix d\u0259rsl\u0259ri ke\u00e7irilib. Bu bar\u0259d\u0259 Zerdab.com sayt\u0131na M\u0259rk\u0259zd\u0259n m\u0259lumat verilib. Bel\u0259 ki, Rayon 1 sayl\u0131 m\u0259kt\u0259b &#8211; litseyin, rayon \u00fcmumi orta m\u0259kt\u0259bin v\u0259 2, 3 sayl\u0131 tam orta [&hellip;]","og_url":"https:\/\/www.zerdab.com\/?p=22810","og_site_name":"Z\u0259rdab.com","article_published_time":"2016-05-07T10:48:57+00:00","article_modified_time":"2016-05-07T10:49:34+00:00","og_image":[{"url":"http:\/\/www.zerdab.com\/wp-content\/uploads\/2016\/05\/hey-550x309.jpg","type":"","width":"","height":""}],"author":"admin","twitter_card":"summary_large_image","twitter_misc":{"Written by":"admin","Est. reading time":"1 minute"},"schema":{"@context":"https:\/\/schema.org","@graph":[{"@type":"Article","@id":"https:\/\/www.zerdab.com\/?p=22810#article","isPartOf":{"@id":"https:\/\/www.zerdab.com\/?p=22810"},"author":{"name":"admin","@id":"https:\/\/www.zerdab.com\/#\/schema\/person\/97079b7570c1e89ec0d9e138c3672136"},"headline":"Z\u0259rdab Rayon Heyd\u0259r \u018fliyev M\u0259rk\u0259zind\u0259 ulu \u00f6nd\u0259rin z\u0259ngin irsi \u00f6yr\u0259nilir","datePublished":"2016-05-07T10:48:57+00:00","dateModified":"2016-05-07T10:49:34+00:00","mainEntityOfPage":{"@id":"https:\/\/www.zerdab.com\/?p=22810"},"wordCount":158,"commentCount":0,"image":{"@id":"https:\/\/www.zerdab.com\/?p=22810#primaryimage"},"thumbnailUrl":"http:\/\/www.zerdab.com\/wp-content\/uploads\/2016\/05\/hey-550x309.jpg","articleSection":["C\u018fM\u0130YY\u018fT"],"inLanguage":"az","potentialAction":[{"@type":"CommentAction","name":"Comment","target":["https:\/\/www.zerdab.com\/?p=22810#respond"]}]},{"@type":"WebPage","@id":"https:\/\/www.zerdab.com\/?p=22810","url":"https:\/\/www.zerdab.com\/?p=22810","name":"Z\u0259rdab Rayon Heyd\u0259r \u018fliyev M\u0259rk\u0259zind\u0259 ulu \u00f6nd\u0259rin z\u0259ngin irsi \u00f6yr\u0259nilir - Z\u0259rdab.com","isPartOf":{"@id":"https:\/\/www.zerdab.com\/#website"},"primaryImageOfPage":{"@id":"https:\/\/www.zerdab.com\/?p=22810#primaryimage"},"image":{"@id":"https:\/\/www.zerdab.com\/?p=22810#primaryimage"},"thumbnailUrl":"http:\/\/www.zerdab.com\/wp-content\/uploads\/2016\/05\/hey-550x309.jpg","datePublished":"2016-05-07T10:48:57+00:00","dateModified":"2016-05-07T10:49:34+00:00","author":{"@id":"https:\/\/www.zerdab.com\/#\/schema\/person\/97079b7570c1e89ec0d9e138c3672136"},"breadcrumb":{"@id":"https:\/\/www.zerdab.com\/?p=22810#breadcrumb"},"inLanguage":"az","potentialAction":[{"@type":"ReadAction","target":["https:\/\/www.zerdab.com\/?p=22810"]}]},{"@type":"ImageObject","inLanguage":"az","@id":"https:\/\/www.zerdab.com\/?p=22810#primaryimage","url":"","contentUrl":""},{"@type":"BreadcrumbList","@id":"https:\/\/www.zerdab.com\/?p=22810#breadcrumb","itemListElement":[{"@type":"ListItem","position":1,"name":"Home","item":"https:\/\/www.zerdab.com\/"},{"@type":"ListItem","position":2,"name":"Z\u0259rdab Rayon Heyd\u0259r \u018fliyev M\u0259rk\u0259zind\u0259 ulu \u00f6nd\u0259rin z\u0259ngin irsi \u00f6yr\u0259nilir"}]},{"@type":"WebSite","@id":"https:\/\/www.zerdab.com\/#website","url":"https:\/\/www.zerdab.com\/","name":"Z\u0259rdab.com","description":"","potentialAction":[{"@type":"SearchAction","target":{"@type":"EntryPoint","urlTemplate":"https:\/\/www.zerdab.com\/?s={search_term_string}"},"query-input":{"@type":"PropertyValueSpecification","valueRequired":true,"valueName":"search_term_string"}}],"inLanguage":"az"},{"@type":"Person","@id":"https:\/\/www.zerdab.com\/#\/schema\/person\/97079b7570c1e89ec0d9e138c3672136","name":"admin","image":{"@type":"ImageObject","inLanguage":"az","@id":"https:\/\/www.zerdab.com\/#\/schema\/person\/image\/","url":"https:\/\/secure.gravatar.com\/avatar\/d9c52a9a27c32119cb6679a077fa3e2779e5f822c451cbf01098004361d466ec?s=96&d=mm&r=g","contentUrl":"https:\/\/secure.gravatar.com\/avatar\/d9c52a9a27c32119cb6679a077fa3e2779e5f822c451cbf01098004361d466ec?s=96&d=mm&r=g","caption":"admin"},"url":"https:\/\/www.zerdab.com\/?author=1"}]}},"_links":{"self":[{"href":"https:\/\/www.zerdab.com\/index.php?rest_route=\/wp\/v2\/posts\/22810","targetHints":{"allow":["GET"]}}],"collection":[{"href":"https:\/\/www.zerdab.com\/index.php?rest_route=\/wp\/v2\/posts"}],"about":[{"href":"https:\/\/www.zerdab.com\/index.php?rest_route=\/wp\/v2\/types\/post"}],"author":[{"embeddable":true,"href":"https:\/\/www.zerdab.com\/index.php?rest_route=\/wp\/v2\/users\/1"}],"replies":[{"embeddable":true,"href":"https:\/\/www.zerdab.com\/index.php?rest_route=%2Fwp%2Fv2%2Fcomments&post=22810"}],"version-history":[{"count":3,"href":"https:\/\/www.zerdab.com\/index.php?rest_route=\/wp\/v2\/posts\/22810\/revisions"}],"predecessor-version":[{"id":22818,"href":"https:\/\/www.zerdab.com\/index.php?rest_route=\/wp\/v2\/posts\/22810\/revisions\/22818"}],"wp:attachment":[{"href":"https:\/\/www.zerdab.com\/index.php?rest_route=%2Fwp%2Fv2%2Fmedia&parent=22810"}],"wp:term":[{"taxonomy":"category","embeddable":true,"href":"https:\/\/www.zerdab.com\/index.php?rest_route=%2Fwp%2Fv2%2Fcategories&post=22810"},{"taxonomy":"post_tag","embeddable":true,"href":"https:\/\/www.zerdab.com\/index.php?rest_route=%2Fwp%2Fv2%2Ftags&post=22810"}],"curies":[{"name":"wp","href":"https:\/\/api.w.org\/{rel}","templated":true}]}}