{"id":22855,"date":"2016-05-11T23:03:55","date_gmt":"2016-05-11T18:03:55","guid":{"rendered":"http:\/\/www.zerdab.com\/?p=22855"},"modified":"2016-05-12T23:40:04","modified_gmt":"2016-05-12T18:40:04","slug":"z%c9%99rdabda-ulu-ond%c9%99rin-anadan-olmasinin-93-cu-ildonumu-qeyd-olunub","status":"publish","type":"post","link":"https:\/\/www.zerdab.com\/?p=22855","title":{"rendered":"Z\u0259rdabda Ulu \u00d6nd\u0259rin anadan olmas\u0131n\u0131n 93-c\u00fc ild\u00f6n\u00fcm\u00fc qeyd olunub"},"content":{"rendered":"<p>Z\u0259rdabda Ulu \u00d6nd\u0259r Heyd\u0259r \u018fliyevin anadan olmas\u0131n\u0131n 93-c\u00fc ild\u00f6n\u00fcm<span class=\"text_exposed_show\">\u00fc m\u00fcnasib\u0259til\u0259 silsil\u0259 t\u0259dbirl\u0259r ke\u00e7irilmi\u015fdir. \u018fvv\u0259lc\u0259 Z\u0259rdab rayon ictimaiyy\u0259ti \u00dcmummilli liderimizin abid\u0259si \u00f6n\u00fcn\u0259 g\u00fcl d\u0259st\u0259l\u0259ri d\u00fczm\u00fc\u015fd\u00fcr. Ulu \u00d6nd\u0259rin z\u0259ngin v\u0259 \u015f\u0259r\u0259fli \u00f6m\u00fcr yolundan s\u00f6z a\u00e7an Rayon \u0130cra Hakimiyy\u0259tinin ba\u015f\u00e7\u0131s\u0131 L\u00fctv\u0259li Babayev Ulu \u00d6nd\u0259rimiz Heyd\u0259r \u018fliyevin tarixi xidm\u0259tl\u0259rind\u0259n \u0259trafl\u0131 dan\u0131\u015fm\u0131\u015fd\u0131r. Bildirmi\u015fdir ki, o, nadir tarixi \u015f\u0259xsiyy\u0259t olmaqla m\u00fcst\u0259qilliyimizin qorunub saxlan\u0131lmas\u0131, d\u00f6vl\u0259t t\u0259sisatlar\u0131n\u0131n yarad\u0131lmas\u0131, az\u0259rbaycan\u00e7\u0131l\u0131q m\u0259fkur\u0259sinin formala\u015fmas\u0131 istiqam\u0259tl\u0259rind\u0259 misilsiz xidm\u0259tl\u0259r g\u00f6st\u0259rmi\u015fdir. \u0130cra ba\u015f\u00e7\u0131s\u0131 vur\u011fulam\u0131\u015fd\u0131r ki, Ulu \u00d6nd\u0259rin biz\u0259 irs qoyub getdiyi milli d\u00f6vl\u0259t\u00e7ilik t\u0259cr\u00fcb\u0259si d\u0259rind\u0259n \u00f6yr\u0259nilm\u0259li, g\u0259nc n\u0259sl\u0259 t\u0259bli\u011f olunmal\u0131d\u0131r.<br \/>\nSilsil\u0259 t\u0259dbirl\u0259r \u00e7\u0259r\u00e7iv\u0259sind\u0259 z\u0259rdabl\u0131lar Heyd\u0259r \u018fliyev M\u0259rk\u0259zind\u0259ki eksponatlarla tan\u0131\u015f olmu\u015f, Ulu \u00d6nd\u0259rin f\u0259aliyy\u0259tini \u0259ks etdir\u0259n film\u0259 baxm\u0131\u015flar. \u00dcmummilli liderimizin ad\u0131n\u0131 da\u015f\u0131yan parkda t\u0259\u015fkil edil\u0259n \u0259l i\u015fl\u0259rind\u0259n ibar\u0259t s\u0259rgi v\u0259 divar q\u0259zetl\u0259ri maraqla izl\u0259nilmi\u015fdir. Kitab s\u0259rgisind\u0259 200 adda 1200 n\u00fcsx\u0259d\u0259n \u00e7ox kitab n\u00fcmayi\u015f olunmu\u015fdur. M\u00fcst\u0259qil d\u00f6vl\u0259timizin banisi Heyd\u0259r \u018fliyev\u0259 h\u0259sr edilmi\u015f kitablar, klassik v\u0259 m\u00fcasir \u0259d\u0259biyyat n\u00fcmun\u0259l\u0259ri, m\u00fcasir Az\u0259rbaycan\u0131n u\u011furlar\u0131ndan b\u0259hs ed\u0259n jurnal v\u0259 d\u0259rgil\u0259r d\u0259 mara\u011fa s\u0259b\u0259b olmu\u015fdur.<br \/>\nDaha sonra Z\u0259rdab rayonunun idar\u0259, m\u00fc\u0259ssis\u0259 v\u0259 t\u0259\u015fkilatlar\u0131nda \u00e7al\u0131\u015fan 1000 n\u0259f\u0259r sakinin i\u015ftirak\u0131 il\u0259 Z\u0259rdab-Ucar avtomobil yolunun k\u0259narlar\u0131nda 3500 \u0259d\u0259d qovaq, \u00e7inar, eldar \u015fam\u0131, g\u00f6vr\u00fcc, s\u00f6y\u00fcd, qaraa\u011fac, s\u0259rv v\u0259 dig\u0259r a\u011faclar \u0259kilmi\u015fdir. Yeni v\u0259 m\u00f6vcud ya\u015f\u0131ll\u0131qlara aqrotexniki qulluq g\u00f6st\u0259rilmi\u015fdir.<\/span><\/p>\n<p><a href=\"http:\/\/www.zerdab.com\/z%c9%99rdabda-ulu-ond%c9%99rin-anadan-olmasinin-93-cu-ildonumu-qeyd-olunub\/z%c9%99rdab-106\/\" rel=\"attachment wp-att-22856\"><img loading=\"lazy\" decoding=\"async\" class=\"aligncenter size-full wp-image-22856\" src=\"http:\/\/www.zerdab.com\/wp-content\/uploads\/2016\/05\/Z\u0259rdab-2.jpg\" alt=\"Z\u0259rdab\" width=\"665\" height=\"442\" \/><\/a> <a href=\"http:\/\/www.zerdab.com\/z%c9%99rdabda-ulu-ond%c9%99rin-anadan-olmasinin-93-cu-ildonumu-qeyd-olunub\/z%c9%99rdab1-51\/\" rel=\"attachment wp-att-22857\"><img loading=\"lazy\" decoding=\"async\" class=\"aligncenter size-mainslider wp-image-22857\" src=\"http:\/\/www.zerdab.com\/wp-content\/uploads\/2016\/05\/Z\u0259rdab1-2.jpg\" alt=\"Z\u0259rdab1\" width=\"665\" height=\"442\" \/><\/a> <a href=\"http:\/\/www.zerdab.com\/z%c9%99rdabda-ulu-ond%c9%99rin-anadan-olmasinin-93-cu-ildonumu-qeyd-olunub\/z%c9%99rdab2-39\/\" rel=\"attachment wp-att-22858\"><img loading=\"lazy\" decoding=\"async\" class=\"aligncenter size-mainslider wp-image-22858\" src=\"http:\/\/www.zerdab.com\/wp-content\/uploads\/2016\/05\/Z\u0259rdab2-1.jpg\" alt=\"Z\u0259rdab2\" width=\"665\" height=\"442\" \/><\/a> <a href=\"http:\/\/www.zerdab.com\/z%c9%99rdabda-ulu-ond%c9%99rin-anadan-olmasinin-93-cu-ildonumu-qeyd-olunub\/z%c9%99rdab3-33\/\" rel=\"attachment wp-att-22859\"><img loading=\"lazy\" decoding=\"async\" class=\"aligncenter size-mainslider wp-image-22859\" src=\"http:\/\/www.zerdab.com\/wp-content\/uploads\/2016\/05\/Z\u0259rdab3-1.jpg\" alt=\"Z\u0259rdab3\" width=\"665\" height=\"442\" \/><\/a> <a href=\"http:\/\/www.zerdab.com\/z%c9%99rdabda-ulu-ond%c9%99rin-anadan-olmasinin-93-cu-ildonumu-qeyd-olunub\/z%c9%99rdab4-30\/\" rel=\"attachment wp-att-22860\"><img loading=\"lazy\" decoding=\"async\" class=\"aligncenter size-mainslider wp-image-22860\" src=\"http:\/\/www.zerdab.com\/wp-content\/uploads\/2016\/05\/Z\u0259rdab4-1.jpg\" alt=\"Z\u0259rdab4\" width=\"665\" height=\"442\" \/><\/a> <a href=\"http:\/\/www.zerdab.com\/z%c9%99rdabda-ulu-ond%c9%99rin-anadan-olmasinin-93-cu-ildonumu-qeyd-olunub\/z%c9%99rdab5-18\/\" rel=\"attachment wp-att-22861\"><img loading=\"lazy\" decoding=\"async\" class=\"aligncenter size-full wp-image-22861\" src=\"http:\/\/www.zerdab.com\/wp-content\/uploads\/2016\/05\/Z\u0259rdab5-1.jpg\" alt=\"Z\u0259rdab5\" width=\"665\" height=\"442\" \/><\/a><\/p>\n","protected":false},"excerpt":{"rendered":"<p>Z\u0259rdabda Ulu \u00d6nd\u0259r Heyd\u0259r \u018fliyevin anadan olmas\u0131n\u0131n 93-c\u00fc ild\u00f6n\u00fcm\u00fc m\u00fcnasib\u0259til\u0259 silsil\u0259 t\u0259dbirl\u0259r ke\u00e7irilmi\u015fdir. \u018fvv\u0259lc\u0259 Z\u0259rdab rayon ictimaiyy\u0259ti \u00dcmummilli liderimizin abid\u0259si \u00f6n\u00fcn\u0259 g\u00fcl d\u0259st\u0259l\u0259ri d\u00fczm\u00fc\u015fd\u00fcr. Ulu \u00d6nd\u0259rin z\u0259ngin v\u0259 \u015f\u0259r\u0259fli \u00f6m\u00fcr yolundan s\u00f6z a\u00e7an Rayon \u0130cra Hakimiyy\u0259tinin ba\u015f\u00e7\u0131s\u0131 L\u00fctv\u0259li Babayev Ulu \u00d6nd\u0259rimiz Heyd\u0259r \u018fliyevin tarixi xidm\u0259tl\u0259rind\u0259n \u0259trafl\u0131 dan\u0131\u015fm\u0131\u015fd\u0131r. Bildirmi\u015fdir ki, o, nadir tarixi \u015f\u0259xsiyy\u0259t olmaqla m\u00fcst\u0259qilliyimizin [&hellip;]<\/p>\n","protected":false},"author":1,"featured_media":0,"comment_status":"open","ping_status":"open","sticky":false,"template":"","format":"standard","meta":{"footnotes":""},"categories":[5],"tags":[],"class_list":{"0":"post-22855","1":"post","2":"type-post","3":"status-publish","4":"format-standard","6":"category-knd"},"yoast_head":"<!-- This site is optimized with the Yoast SEO plugin v27.0 - https:\/\/yoast.com\/product\/yoast-seo-wordpress\/ -->\n<title>Z\u0259rdabda Ulu \u00d6nd\u0259rin anadan olmas\u0131n\u0131n 93-c\u00fc ild\u00f6n\u00fcm\u00fc qeyd olunub - Z\u0259rdab.com<\/title>\n<meta name=\"robots\" content=\"index, follow, max-snippet:-1, max-image-preview:large, max-video-preview:-1\" \/>\n<link rel=\"canonical\" href=\"https:\/\/www.zerdab.com\/?p=22855\" \/>\n<meta property=\"og:locale\" content=\"az_AZ\" \/>\n<meta property=\"og:type\" content=\"article\" \/>\n<meta property=\"og:title\" content=\"Z\u0259rdabda Ulu \u00d6nd\u0259rin anadan olmas\u0131n\u0131n 93-c\u00fc ild\u00f6n\u00fcm\u00fc qeyd olunub - Z\u0259rdab.com\" \/>\n<meta property=\"og:description\" content=\"Z\u0259rdabda Ulu \u00d6nd\u0259r Heyd\u0259r \u018fliyevin anadan olmas\u0131n\u0131n 93-c\u00fc ild\u00f6n\u00fcm\u00fc m\u00fcnasib\u0259til\u0259 silsil\u0259 t\u0259dbirl\u0259r ke\u00e7irilmi\u015fdir. \u018fvv\u0259lc\u0259 Z\u0259rdab rayon ictimaiyy\u0259ti \u00dcmummilli liderimizin abid\u0259si \u00f6n\u00fcn\u0259 g\u00fcl d\u0259st\u0259l\u0259ri d\u00fczm\u00fc\u015fd\u00fcr. Ulu \u00d6nd\u0259rin z\u0259ngin v\u0259 \u015f\u0259r\u0259fli \u00f6m\u00fcr yolundan s\u00f6z a\u00e7an Rayon \u0130cra Hakimiyy\u0259tinin ba\u015f\u00e7\u0131s\u0131 L\u00fctv\u0259li Babayev Ulu \u00d6nd\u0259rimiz Heyd\u0259r \u018fliyevin tarixi xidm\u0259tl\u0259rind\u0259n \u0259trafl\u0131 dan\u0131\u015fm\u0131\u015fd\u0131r. Bildirmi\u015fdir ki, o, nadir tarixi \u015f\u0259xsiyy\u0259t olmaqla m\u00fcst\u0259qilliyimizin [&hellip;]\" \/>\n<meta property=\"og:url\" content=\"https:\/\/www.zerdab.com\/?p=22855\" \/>\n<meta property=\"og:site_name\" content=\"Z\u0259rdab.com\" \/>\n<meta property=\"article:published_time\" content=\"2016-05-11T18:03:55+00:00\" \/>\n<meta property=\"article:modified_time\" content=\"2016-05-12T18:40:04+00:00\" \/>\n<meta name=\"author\" content=\"admin\" \/>\n<meta name=\"twitter:card\" content=\"summary_large_image\" \/>\n<meta name=\"twitter:label1\" content=\"Written by\" \/>\n\t<meta name=\"twitter:data1\" content=\"admin\" \/>\n\t<meta name=\"twitter:label2\" content=\"Est. reading time\" \/>\n\t<meta name=\"twitter:data2\" content=\"2 minutes\" \/>\n<script type=\"application\/ld+json\" class=\"yoast-schema-graph\">{\"@context\":\"https:\/\/schema.org\",\"@graph\":[{\"@type\":\"Article\",\"@id\":\"https:\/\/www.zerdab.com\/?p=22855#article\",\"isPartOf\":{\"@id\":\"https:\/\/www.zerdab.com\/?p=22855\"},\"author\":{\"name\":\"admin\",\"@id\":\"https:\/\/www.zerdab.com\/#\/schema\/person\/97079b7570c1e89ec0d9e138c3672136\"},\"headline\":\"Z\u0259rdabda Ulu \u00d6nd\u0259rin anadan olmas\u0131n\u0131n 93-c\u00fc ild\u00f6n\u00fcm\u00fc qeyd olunub\",\"datePublished\":\"2016-05-11T18:03:55+00:00\",\"dateModified\":\"2016-05-12T18:40:04+00:00\",\"mainEntityOfPage\":{\"@id\":\"https:\/\/www.zerdab.com\/?p=22855\"},\"wordCount\":376,\"commentCount\":0,\"articleSection\":[\"X\u018fB\u018fRL\u018fR\"],\"inLanguage\":\"az\",\"potentialAction\":[{\"@type\":\"CommentAction\",\"name\":\"Comment\",\"target\":[\"https:\/\/www.zerdab.com\/?p=22855#respond\"]}]},{\"@type\":\"WebPage\",\"@id\":\"https:\/\/www.zerdab.com\/?p=22855\",\"url\":\"https:\/\/www.zerdab.com\/?p=22855\",\"name\":\"Z\u0259rdabda Ulu \u00d6nd\u0259rin anadan olmas\u0131n\u0131n 93-c\u00fc ild\u00f6n\u00fcm\u00fc qeyd olunub - Z\u0259rdab.com\",\"isPartOf\":{\"@id\":\"https:\/\/www.zerdab.com\/#website\"},\"datePublished\":\"2016-05-11T18:03:55+00:00\",\"dateModified\":\"2016-05-12T18:40:04+00:00\",\"author\":{\"@id\":\"https:\/\/www.zerdab.com\/#\/schema\/person\/97079b7570c1e89ec0d9e138c3672136\"},\"breadcrumb\":{\"@id\":\"https:\/\/www.zerdab.com\/?p=22855#breadcrumb\"},\"inLanguage\":\"az\",\"potentialAction\":[{\"@type\":\"ReadAction\",\"target\":[\"https:\/\/www.zerdab.com\/?p=22855\"]}]},{\"@type\":\"BreadcrumbList\",\"@id\":\"https:\/\/www.zerdab.com\/?p=22855#breadcrumb\",\"itemListElement\":[{\"@type\":\"ListItem\",\"position\":1,\"name\":\"Home\",\"item\":\"https:\/\/www.zerdab.com\/\"},{\"@type\":\"ListItem\",\"position\":2,\"name\":\"Z\u0259rdabda Ulu \u00d6nd\u0259rin anadan olmas\u0131n\u0131n 93-c\u00fc ild\u00f6n\u00fcm\u00fc qeyd olunub\"}]},{\"@type\":\"WebSite\",\"@id\":\"https:\/\/www.zerdab.com\/#website\",\"url\":\"https:\/\/www.zerdab.com\/\",\"name\":\"Z\u0259rdab.com\",\"description\":\"\",\"potentialAction\":[{\"@type\":\"SearchAction\",\"target\":{\"@type\":\"EntryPoint\",\"urlTemplate\":\"https:\/\/www.zerdab.com\/?s={search_term_string}\"},\"query-input\":{\"@type\":\"PropertyValueSpecification\",\"valueRequired\":true,\"valueName\":\"search_term_string\"}}],\"inLanguage\":\"az\"},{\"@type\":\"Person\",\"@id\":\"https:\/\/www.zerdab.com\/#\/schema\/person\/97079b7570c1e89ec0d9e138c3672136\",\"name\":\"admin\",\"image\":{\"@type\":\"ImageObject\",\"inLanguage\":\"az\",\"@id\":\"https:\/\/www.zerdab.com\/#\/schema\/person\/image\/\",\"url\":\"https:\/\/secure.gravatar.com\/avatar\/d9c52a9a27c32119cb6679a077fa3e2779e5f822c451cbf01098004361d466ec?s=96&d=mm&r=g\",\"contentUrl\":\"https:\/\/secure.gravatar.com\/avatar\/d9c52a9a27c32119cb6679a077fa3e2779e5f822c451cbf01098004361d466ec?s=96&d=mm&r=g\",\"caption\":\"admin\"},\"url\":\"https:\/\/www.zerdab.com\/?author=1\"}]}<\/script>\n<!-- \/ Yoast SEO plugin. -->","yoast_head_json":{"title":"Z\u0259rdabda Ulu \u00d6nd\u0259rin anadan olmas\u0131n\u0131n 93-c\u00fc ild\u00f6n\u00fcm\u00fc qeyd olunub - Z\u0259rdab.com","robots":{"index":"index","follow":"follow","max-snippet":"max-snippet:-1","max-image-preview":"max-image-preview:large","max-video-preview":"max-video-preview:-1"},"canonical":"https:\/\/www.zerdab.com\/?p=22855","og_locale":"az_AZ","og_type":"article","og_title":"Z\u0259rdabda Ulu \u00d6nd\u0259rin anadan olmas\u0131n\u0131n 93-c\u00fc ild\u00f6n\u00fcm\u00fc qeyd olunub - Z\u0259rdab.com","og_description":"Z\u0259rdabda Ulu \u00d6nd\u0259r Heyd\u0259r \u018fliyevin anadan olmas\u0131n\u0131n 93-c\u00fc ild\u00f6n\u00fcm\u00fc m\u00fcnasib\u0259til\u0259 silsil\u0259 t\u0259dbirl\u0259r ke\u00e7irilmi\u015fdir. \u018fvv\u0259lc\u0259 Z\u0259rdab rayon ictimaiyy\u0259ti \u00dcmummilli liderimizin abid\u0259si \u00f6n\u00fcn\u0259 g\u00fcl d\u0259st\u0259l\u0259ri d\u00fczm\u00fc\u015fd\u00fcr. Ulu \u00d6nd\u0259rin z\u0259ngin v\u0259 \u015f\u0259r\u0259fli \u00f6m\u00fcr yolundan s\u00f6z a\u00e7an Rayon \u0130cra Hakimiyy\u0259tinin ba\u015f\u00e7\u0131s\u0131 L\u00fctv\u0259li Babayev Ulu \u00d6nd\u0259rimiz Heyd\u0259r \u018fliyevin tarixi xidm\u0259tl\u0259rind\u0259n \u0259trafl\u0131 dan\u0131\u015fm\u0131\u015fd\u0131r. Bildirmi\u015fdir ki, o, nadir tarixi \u015f\u0259xsiyy\u0259t olmaqla m\u00fcst\u0259qilliyimizin [&hellip;]","og_url":"https:\/\/www.zerdab.com\/?p=22855","og_site_name":"Z\u0259rdab.com","article_published_time":"2016-05-11T18:03:55+00:00","article_modified_time":"2016-05-12T18:40:04+00:00","author":"admin","twitter_card":"summary_large_image","twitter_misc":{"Written by":"admin","Est. reading time":"2 minutes"},"schema":{"@context":"https:\/\/schema.org","@graph":[{"@type":"Article","@id":"https:\/\/www.zerdab.com\/?p=22855#article","isPartOf":{"@id":"https:\/\/www.zerdab.com\/?p=22855"},"author":{"name":"admin","@id":"https:\/\/www.zerdab.com\/#\/schema\/person\/97079b7570c1e89ec0d9e138c3672136"},"headline":"Z\u0259rdabda Ulu \u00d6nd\u0259rin anadan olmas\u0131n\u0131n 93-c\u00fc ild\u00f6n\u00fcm\u00fc qeyd olunub","datePublished":"2016-05-11T18:03:55+00:00","dateModified":"2016-05-12T18:40:04+00:00","mainEntityOfPage":{"@id":"https:\/\/www.zerdab.com\/?p=22855"},"wordCount":376,"commentCount":0,"articleSection":["X\u018fB\u018fRL\u018fR"],"inLanguage":"az","potentialAction":[{"@type":"CommentAction","name":"Comment","target":["https:\/\/www.zerdab.com\/?p=22855#respond"]}]},{"@type":"WebPage","@id":"https:\/\/www.zerdab.com\/?p=22855","url":"https:\/\/www.zerdab.com\/?p=22855","name":"Z\u0259rdabda Ulu \u00d6nd\u0259rin anadan olmas\u0131n\u0131n 93-c\u00fc ild\u00f6n\u00fcm\u00fc qeyd olunub - Z\u0259rdab.com","isPartOf":{"@id":"https:\/\/www.zerdab.com\/#website"},"datePublished":"2016-05-11T18:03:55+00:00","dateModified":"2016-05-12T18:40:04+00:00","author":{"@id":"https:\/\/www.zerdab.com\/#\/schema\/person\/97079b7570c1e89ec0d9e138c3672136"},"breadcrumb":{"@id":"https:\/\/www.zerdab.com\/?p=22855#breadcrumb"},"inLanguage":"az","potentialAction":[{"@type":"ReadAction","target":["https:\/\/www.zerdab.com\/?p=22855"]}]},{"@type":"BreadcrumbList","@id":"https:\/\/www.zerdab.com\/?p=22855#breadcrumb","itemListElement":[{"@type":"ListItem","position":1,"name":"Home","item":"https:\/\/www.zerdab.com\/"},{"@type":"ListItem","position":2,"name":"Z\u0259rdabda Ulu \u00d6nd\u0259rin anadan olmas\u0131n\u0131n 93-c\u00fc ild\u00f6n\u00fcm\u00fc qeyd olunub"}]},{"@type":"WebSite","@id":"https:\/\/www.zerdab.com\/#website","url":"https:\/\/www.zerdab.com\/","name":"Z\u0259rdab.com","description":"","potentialAction":[{"@type":"SearchAction","target":{"@type":"EntryPoint","urlTemplate":"https:\/\/www.zerdab.com\/?s={search_term_string}"},"query-input":{"@type":"PropertyValueSpecification","valueRequired":true,"valueName":"search_term_string"}}],"inLanguage":"az"},{"@type":"Person","@id":"https:\/\/www.zerdab.com\/#\/schema\/person\/97079b7570c1e89ec0d9e138c3672136","name":"admin","image":{"@type":"ImageObject","inLanguage":"az","@id":"https:\/\/www.zerdab.com\/#\/schema\/person\/image\/","url":"https:\/\/secure.gravatar.com\/avatar\/d9c52a9a27c32119cb6679a077fa3e2779e5f822c451cbf01098004361d466ec?s=96&d=mm&r=g","contentUrl":"https:\/\/secure.gravatar.com\/avatar\/d9c52a9a27c32119cb6679a077fa3e2779e5f822c451cbf01098004361d466ec?s=96&d=mm&r=g","caption":"admin"},"url":"https:\/\/www.zerdab.com\/?author=1"}]}},"_links":{"self":[{"href":"https:\/\/www.zerdab.com\/index.php?rest_route=\/wp\/v2\/posts\/22855","targetHints":{"allow":["GET"]}}],"collection":[{"href":"https:\/\/www.zerdab.com\/index.php?rest_route=\/wp\/v2\/posts"}],"about":[{"href":"https:\/\/www.zerdab.com\/index.php?rest_route=\/wp\/v2\/types\/post"}],"author":[{"embeddable":true,"href":"https:\/\/www.zerdab.com\/index.php?rest_route=\/wp\/v2\/users\/1"}],"replies":[{"embeddable":true,"href":"https:\/\/www.zerdab.com\/index.php?rest_route=%2Fwp%2Fv2%2Fcomments&post=22855"}],"version-history":[{"count":2,"href":"https:\/\/www.zerdab.com\/index.php?rest_route=\/wp\/v2\/posts\/22855\/revisions"}],"predecessor-version":[{"id":22863,"href":"https:\/\/www.zerdab.com\/index.php?rest_route=\/wp\/v2\/posts\/22855\/revisions\/22863"}],"wp:attachment":[{"href":"https:\/\/www.zerdab.com\/index.php?rest_route=%2Fwp%2Fv2%2Fmedia&parent=22855"}],"wp:term":[{"taxonomy":"category","embeddable":true,"href":"https:\/\/www.zerdab.com\/index.php?rest_route=%2Fwp%2Fv2%2Fcategories&post=22855"},{"taxonomy":"post_tag","embeddable":true,"href":"https:\/\/www.zerdab.com\/index.php?rest_route=%2Fwp%2Fv2%2Ftags&post=22855"}],"curies":[{"name":"wp","href":"https:\/\/api.w.org\/{rel}","templated":true}]}}