{"id":22864,"date":"2016-05-12T18:05:22","date_gmt":"2016-05-12T13:05:22","guid":{"rendered":"http:\/\/www.zerdab.com\/?p=22864"},"modified":"2016-05-12T18:05:22","modified_gmt":"2016-05-12T13:05:22","slug":"olk%c9%99nin-v%c9%99zif%c9%99li-m%c9%99murlari-z%c9%99rdabli-fermerin-t%c9%99s%c9%99rrufatina-g%c9%99ldil%c9%99r-fotolar","status":"publish","type":"post","link":"https:\/\/www.zerdab.com\/?p=22864","title":{"rendered":"\u00d6lk\u0259nin v\u0259zif\u0259li m\u0259murlar\u0131 Z\u0259rdabl\u0131 fermerin t\u0259s\u0259rr\u00fcfat\u0131na g\u0259ldil\u0259r &#8211; FOTOLAR"},"content":{"rendered":"<p>Z\u0259rdabda aqrar sektorun inki\u015faf perspektivl\u0259rin\u0259 h\u0259sr olunan m\u00fc\u015favir\u0259 ke\u00e7irilib.<\/p>\n<p>M\u00fc\u015favir\u0259d\u0259 fermerl\u0259rin t\u0259klifl\u0259ri dinl\u0259nilib, onlar\u0131n qay\u011f\u0131 v\u0259 probleml\u0259rinin o<span class=\"text_exposed_show\">perativ h\u0259lli n\u0259zar\u0259t\u0259 g\u00f6t\u00fcr\u00fcl\u00fcb.<\/span><\/p>\n<div class=\"text_exposed_show\">\n<p>Z\u0259rdabda k\u0259nd t\u0259s\u0259rr\u00fcfat\u0131 i\u015fl\u0259rinin gedi\u015fin\u0259 v\u0259 aqrar sektorun inki\u015faf perspektivl\u0259rin\u0259 h\u0259sr olunan m\u00fc\u015favir\u0259 ke\u00e7irilib.<\/p>\n<p>M\u00fc\u015favir\u0259d\u0259 i\u015ftirak ed\u0259n Az\u0259rbaycan Respublikas\u0131 Prezidenti Administrasiyas\u0131n\u0131n aqrar siyas\u0259t m\u0259s\u0259l\u0259l\u0259ri \u015f\u00f6b\u0259sinin m\u00fcdiri Az\u0259r \u018fmiraslanov, Prezident Administrasiyas\u0131n\u0131n m\u0259sul i\u015f\u00e7isi \u0130brahim Mustafayev, k\u0259nd t\u0259s\u0259rr\u00fcfat\u0131 nazirinin m\u00fcavini Seyf\u0259ddin Tal\u0131bov, iqtisadiyyat nazirinin m\u00fcavini Sahib M\u0259mm\u0259dov, f\u00f6vq\u0259lad\u0259 hallar nazirinin m\u00fcavini Tapd\u0131q \u018fmiraslanov, Meliorasiya v\u0259 Su T\u0259s\u0259rr\u00fcfat\u0131 ASC-nin s\u0259dr m\u00fcavini Zakir Quliyev, habel\u0259 rayon r\u0259hb\u0259rl\u0259ri v\u0259 m\u00fcvafiq qurumlar\u0131n n\u00fcmay\u0259nd\u0259l\u0259ri \u0259vv\u0259lc\u0259 yerl\u0259r\u0259 ged\u0259r\u0259k fermerl\u0259rl\u0259 g\u00f6r\u00fc\u015f\u00fcb, t\u0259s\u0259rr\u00fcfat i\u015fl\u0259rinin gedi\u015fi il\u0259 maraqlan\u0131blar.<\/p>\n<p>Heyd\u0259r \u018fliyev M\u0259rk\u0259zind\u0259 ke\u00e7iril\u0259n, m\u00fct\u0259x\u0259ssisl\u0259rin, fermerl\u0259rin, aqrar sektorda \u00e7al\u0131\u015fan sahibkarlar\u0131n v\u0259 m\u00fcvafiq idar\u0259 v\u0259 t\u0259\u015fkilat r\u0259hb\u0259rl\u0259rinin i\u015ftirak etdikl\u0259ri m\u00fc\u015favir\u0259ni rayon icra hakimiyy\u0259tinin ba\u015f\u00e7\u0131s\u0131 L\u00fctv\u0259li Babayev a\u00e7araq Z\u0259rdabda sosial-iqtisadi sah\u0259l\u0259rd\u0259 h\u0259yata ke\u00e7iril\u0259n layih\u0259l\u0259r, cari ild\u0259n etibar\u0259n pamb\u0131q\u00e7\u0131l\u0131\u011f\u0131n v\u0259 barama\u00e7\u0131l\u0131\u011f\u0131n inki\u015faf\u0131 istiqam\u0259tind\u0259 g\u00f6r\u00fcl\u0259n i\u015fl\u0259r bar\u0259d\u0259 q\u0131sa m\u0259lumat verib.<\/p>\n<p>M\u00fc\u015favir\u0259d\u0259 \u00e7\u0131x\u0131\u015f ed\u0259n Az\u0259r \u018fmiraslanov \u00f6lk\u0259mizd\u0259 k\u0259nd t\u0259s\u0259rr\u00fcfat\u0131n\u0131n inki\u015faf\u0131 istiqam\u0259tind\u0259 yeni m\u0259rh\u0259l\u0259nin ba\u015fland\u0131\u011f\u0131n\u0131 vur\u011fulay\u0131b, Prezident \u0130lham \u018fliyevin t\u00f6vsiy\u0259 v\u0259 tap\u015f\u0131r\u0131qlar\u0131n\u0131 diqq\u0259t\u0259 \u00e7atd\u0131r\u0131b. X\u00fcsusil\u0259, ixrac y\u00f6n\u00fcml\u00fc m\u0259hsullar\u0131n, o c\u00fcml\u0259d\u0259n pamb\u0131q\u00e7\u0131l\u0131\u011f\u0131n v\u0259 barama\u00e7\u0131l\u0131\u011f\u0131n inki\u015faf\u0131 istiqam\u0259tind\u0259 respublikam\u0131zda g\u00f6r\u00fcl\u0259n i\u015fl\u0259rd\u0259n, bu sah\u0259l\u0259r\u0259 d\u00f6vl\u0259t d\u0259st\u0259yind\u0259n b\u0259hs ed\u0259n A.\u018fmiraslanov Z\u0259rdab rayonunda vaxtil\u0259 \u0259n\u0259n\u0259vi olan h\u0259min sah\u0259l\u0259rin perspektivl\u0259rind\u0259n dan\u0131\u015f\u0131b.<\/p>\n<p>Prezidenti Administrasiyas\u0131n\u0131n \u015f\u00f6b\u0259 m\u00fcdiri deyib ki, pamb\u0131q\u00e7\u0131l\u0131qda ilkin m\u0259rh\u0259l\u0259 &#8211; torpaq sah\u0259l\u0259rinin ayr\u0131lmas\u0131 m\u0259s\u0259l\u0259si h\u0259ll olunub, bu sah\u0259d\u0259 mane\u0259l\u0259r aradan qald\u0131r\u0131l\u0131b. Q\u0131sa m\u00fcdd\u0259td\u0259 kifay\u0259t q\u0259d\u0259r \u00e7iyid v\u0259 s\u0259pin aqreqatlar\u0131 g\u0259tirilib v\u0259 \u0259kin kampaniyas\u0131 ba\u015fa \u00e7atd\u0131r\u0131l\u0131b. Art\u0131q yax\u0131n g\u00fcnl\u0259rd\u0259 respublikam\u0131za bec\u0259rm\u0259 texnikas\u0131 da g\u0259tiril\u0259c\u0259k.<\/p>\n<p>A.\u018fmiraslanov fermer Asif Mahmudovun t\u0259s\u0259rr\u00fcfat\u0131nda oldu\u011funu, burada k\u0259nd t\u0259s\u0259rr\u00fcfat\u0131n\u0131n bir ne\u00e7\u0259 istiqam\u0259t \u00fczr\u0259 inki\u015faf etdirildiyini v\u0259 yax\u015f\u0131 n\u0259tic\u0259l\u0259r qazan\u0131ld\u0131\u011f\u0131n\u0131 vur\u011fulay\u0131b. Qeyd edib ki, birg\u0259 t\u0259s\u0259rr\u00fcfat\u00e7\u0131l\u0131q meyll\u0259ri, kooperativl\u0259r\u0259 mara\u011f\u0131n g\u00fccl\u0259ndirilm\u0259si yax\u015f\u0131 s\u0259m\u0259r\u0259 ver\u0259c\u0259k. \u018flb\u0259tt\u0259, bu istiqam\u0259td\u0259 maarifl\u0259ndirm\u0259 i\u015fl\u0259rinin apar\u0131lmas\u0131 da z\u0259ruridir.<\/p>\n<p>Prezident \u0130lham \u018fliyevin Az\u0259rbaycanda k\u0259nd t\u0259s\u0259rr\u00fcfat\u0131n\u0131n inki\u015faf potensial\u0131n\u0131n y\u00fcks\u0259k oldu\u011fu fikrini diqq\u0259t\u0259 \u00e7atd\u0131ran sahibkar A.Mahmudov Z\u0259rdab rayonunda n\u0259inki tax\u0131l\u00e7\u0131l\u0131q, pamb\u0131q\u00e7\u0131l\u0131q v\u0259 barama\u00e7\u0131l\u0131\u011f\u0131n, habel\u0259 qeyri-\u0259n\u0259n\u0259vi sah\u0259l\u0259rin inki\u015faf\u0131 \u00fc\u00e7\u00fcn d\u0259 yax\u015f\u0131 imkanlar oldu\u011funu bildirib.<\/p>\n<p>Sonra m\u00fc\u015favir\u0259 diskussiya \u015f\u0259raitind\u0259 davam etdirilib. Fermerl\u0259ri, \u00fcmum\u0259n torpaq m\u00fclkiyy\u0259t\u00e7il\u0259rini maraqland\u0131ran suallar cavabland\u0131r\u0131l\u0131b, onlar\u0131n qay\u011f\u0131 v\u0259 probleml\u0259rinin operativ h\u0259lli diqq\u0259t m\u0259rk\u0259zind\u0259 saxlan\u0131l\u0131b. M\u00fc\u015favir\u0259d\u0259 s\u0259m\u0259r\u0259siz istifad\u0259 edil\u0259n torpaqlar\u0131n pamb\u0131q \u0259kini d\u00f6vriyy\u0259sin\u0259 c\u0259lb edilm\u0259si, tut ba\u011flar\u0131n\u0131n b\u0259rpas\u0131 \u00fc\u00e7\u00fcn tingl\u0259rin verilm\u0259si, cam\u0131\u015f\u00e7\u0131l\u0131\u011f\u0131n inki\u015faf\u0131, kartofbasd\u0131ran v\u0259 \u00e7\u0131xaran, habel\u0259 qar\u011f\u0131dal\u0131 s\u0259p\u0259n aqreqatlar\u0131n \u201cAqrolizinq\u201d ASC-nin x\u0259tti il\u0259 g\u0259tirilm\u0259si, pamb\u0131\u011f\u0131n al\u0131\u015f qiym\u0259tinin art\u0131r\u0131lmas\u0131, istismar m\u00fcdd\u0259tini ba\u015fa vuran kanallar\u0131n yenil\u0259nm\u0259si kimi t\u0259klifl\u0259r s\u0259sl\u0259ndirilib. T\u0259klif v\u0259 m\u00fcraci\u0259tl\u0259r ara\u015fd\u0131r\u0131laraq h\u0259ll olunmaq \u00fc\u00e7\u00fcn n\u0259zar\u0259t\u0259 g\u00f6t\u00fcr\u00fcl\u00fcb.<a href=\"http:\/\/www.zerdab.com\/olk%c9%99nin-v%c9%99zif%c9%99li-m%c9%99murlari-z%c9%99rdabli-fermerin-t%c9%99s%c9%99rrufatina-g%c9%99ldil%c9%99r-fotolar\/z%c9%99rdab-107\/\" rel=\"attachment wp-att-22865\"><img loading=\"lazy\" decoding=\"async\" class=\"aligncenter size-full wp-image-22865\" src=\"http:\/\/www.zerdab.com\/wp-content\/uploads\/2016\/05\/Z\u0259rdab-3.jpg\" alt=\"Z\u0259rdab\" width=\"665\" height=\"499\" \/><\/a> <a href=\"http:\/\/www.zerdab.com\/olk%c9%99nin-v%c9%99zif%c9%99li-m%c9%99murlari-z%c9%99rdabli-fermerin-t%c9%99s%c9%99rrufatina-g%c9%99ldil%c9%99r-fotolar\/z%c9%99rdab1-52\/\" rel=\"attachment wp-att-22866\"><img loading=\"lazy\" decoding=\"async\" class=\"aligncenter size-mainslider wp-image-22866\" src=\"http:\/\/www.zerdab.com\/wp-content\/uploads\/2016\/05\/Z\u0259rdab1-3.jpg\" alt=\"Z\u0259rdab1\" width=\"665\" height=\"499\" \/><\/a> <a href=\"http:\/\/www.zerdab.com\/olk%c9%99nin-v%c9%99zif%c9%99li-m%c9%99murlari-z%c9%99rdabli-fermerin-t%c9%99s%c9%99rrufatina-g%c9%99ldil%c9%99r-fotolar\/z%c9%99rdab2-40\/\" rel=\"attachment wp-att-22867\"><img loading=\"lazy\" decoding=\"async\" class=\"aligncenter size-mainslider wp-image-22867\" src=\"http:\/\/www.zerdab.com\/wp-content\/uploads\/2016\/05\/Z\u0259rdab2-2.jpg\" alt=\"Z\u0259rdab2\" width=\"665\" height=\"499\" \/><\/a> <a href=\"http:\/\/www.zerdab.com\/olk%c9%99nin-v%c9%99zif%c9%99li-m%c9%99murlari-z%c9%99rdabli-fermerin-t%c9%99s%c9%99rrufatina-g%c9%99ldil%c9%99r-fotolar\/z%c9%99rdab3-34\/\" rel=\"attachment wp-att-22868\"><img loading=\"lazy\" decoding=\"async\" class=\"aligncenter size-mainslider wp-image-22868\" src=\"http:\/\/www.zerdab.com\/wp-content\/uploads\/2016\/05\/Z\u0259rdab3-2.jpg\" alt=\"Z\u0259rdab3\" width=\"665\" height=\"499\" \/><\/a> <a href=\"http:\/\/www.zerdab.com\/olk%c9%99nin-v%c9%99zif%c9%99li-m%c9%99murlari-z%c9%99rdabli-fermerin-t%c9%99s%c9%99rrufatina-g%c9%99ldil%c9%99r-fotolar\/z%c9%99rdab4-31\/\" rel=\"attachment wp-att-22869\"><img loading=\"lazy\" decoding=\"async\" class=\"aligncenter size-full wp-image-22869\" src=\"http:\/\/www.zerdab.com\/wp-content\/uploads\/2016\/05\/Z\u0259rdab4-2.jpg\" alt=\"Z\u0259rdab4\" width=\"665\" height=\"499\" \/><\/a> <a href=\"http:\/\/www.zerdab.com\/olk%c9%99nin-v%c9%99zif%c9%99li-m%c9%99murlari-z%c9%99rdabli-fermerin-t%c9%99s%c9%99rrufatina-g%c9%99ldil%c9%99r-fotolar\/z%c9%99rdab5-19\/\" rel=\"attachment wp-att-22870\"><img loading=\"lazy\" decoding=\"async\" class=\"aligncenter size-mainslider wp-image-22870\" src=\"http:\/\/www.zerdab.com\/wp-content\/uploads\/2016\/05\/Z\u0259rdab5-2.jpg\" alt=\"Z\u0259rdab5\" width=\"665\" height=\"499\" \/><\/a> <a href=\"http:\/\/www.zerdab.com\/olk%c9%99nin-v%c9%99zif%c9%99li-m%c9%99murlari-z%c9%99rdabli-fermerin-t%c9%99s%c9%99rrufatina-g%c9%99ldil%c9%99r-fotolar\/z%c9%99rdab6-17\/\" rel=\"attachment wp-att-22871\"><img loading=\"lazy\" decoding=\"async\" class=\"aligncenter size-mainslider wp-image-22871\" src=\"http:\/\/www.zerdab.com\/wp-content\/uploads\/2016\/05\/Z\u0259rdab6-1.jpg\" alt=\"Z\u0259rdab6\" width=\"665\" height=\"499\" \/><\/a><\/p>\n<\/div>\n","protected":false},"excerpt":{"rendered":"<p>Z\u0259rdabda aqrar sektorun inki\u015faf perspektivl\u0259rin\u0259 h\u0259sr olunan m\u00fc\u015favir\u0259 ke\u00e7irilib. M\u00fc\u015favir\u0259d\u0259 fermerl\u0259rin t\u0259klifl\u0259ri dinl\u0259nilib, onlar\u0131n qay\u011f\u0131 v\u0259 probleml\u0259rinin operativ h\u0259lli n\u0259zar\u0259t\u0259 g\u00f6t\u00fcr\u00fcl\u00fcb. Z\u0259rdabda k\u0259nd t\u0259s\u0259rr\u00fcfat\u0131 i\u015fl\u0259rinin gedi\u015fin\u0259 v\u0259 aqrar sektorun inki\u015faf perspektivl\u0259rin\u0259 h\u0259sr olunan m\u00fc\u015favir\u0259 ke\u00e7irilib. M\u00fc\u015favir\u0259d\u0259 i\u015ftirak ed\u0259n Az\u0259rbaycan Respublikas\u0131 Prezidenti Administrasiyas\u0131n\u0131n aqrar siyas\u0259t m\u0259s\u0259l\u0259l\u0259ri \u015f\u00f6b\u0259sinin m\u00fcdiri Az\u0259r \u018fmiraslanov, Prezident Administrasiyas\u0131n\u0131n m\u0259sul i\u015f\u00e7isi \u0130brahim Mustafayev, [&hellip;]<\/p>\n","protected":false},"author":1,"featured_media":0,"comment_status":"open","ping_status":"open","sticky":false,"template":"","format":"standard","meta":{"footnotes":""},"categories":[21],"tags":[],"class_list":{"0":"post-22864","1":"post","2":"type-post","3":"status-publish","4":"format-standard","6":"category-zrdab"},"yoast_head":"<!-- This site is optimized with the Yoast SEO plugin v27.0 - https:\/\/yoast.com\/product\/yoast-seo-wordpress\/ -->\n<title>\u00d6lk\u0259nin v\u0259zif\u0259li m\u0259murlar\u0131 Z\u0259rdabl\u0131 fermerin t\u0259s\u0259rr\u00fcfat\u0131na g\u0259ldil\u0259r - FOTOLAR - Z\u0259rdab.com<\/title>\n<meta name=\"robots\" content=\"index, follow, max-snippet:-1, max-image-preview:large, max-video-preview:-1\" \/>\n<link rel=\"canonical\" href=\"https:\/\/www.zerdab.com\/?p=22864\" \/>\n<meta property=\"og:locale\" content=\"az_AZ\" \/>\n<meta property=\"og:type\" content=\"article\" \/>\n<meta property=\"og:title\" content=\"\u00d6lk\u0259nin v\u0259zif\u0259li m\u0259murlar\u0131 Z\u0259rdabl\u0131 fermerin t\u0259s\u0259rr\u00fcfat\u0131na g\u0259ldil\u0259r - FOTOLAR - Z\u0259rdab.com\" \/>\n<meta property=\"og:description\" content=\"Z\u0259rdabda aqrar sektorun inki\u015faf perspektivl\u0259rin\u0259 h\u0259sr olunan m\u00fc\u015favir\u0259 ke\u00e7irilib. M\u00fc\u015favir\u0259d\u0259 fermerl\u0259rin t\u0259klifl\u0259ri dinl\u0259nilib, onlar\u0131n qay\u011f\u0131 v\u0259 probleml\u0259rinin operativ h\u0259lli n\u0259zar\u0259t\u0259 g\u00f6t\u00fcr\u00fcl\u00fcb. Z\u0259rdabda k\u0259nd t\u0259s\u0259rr\u00fcfat\u0131 i\u015fl\u0259rinin gedi\u015fin\u0259 v\u0259 aqrar sektorun inki\u015faf perspektivl\u0259rin\u0259 h\u0259sr olunan m\u00fc\u015favir\u0259 ke\u00e7irilib. M\u00fc\u015favir\u0259d\u0259 i\u015ftirak ed\u0259n Az\u0259rbaycan Respublikas\u0131 Prezidenti Administrasiyas\u0131n\u0131n aqrar siyas\u0259t m\u0259s\u0259l\u0259l\u0259ri \u015f\u00f6b\u0259sinin m\u00fcdiri Az\u0259r \u018fmiraslanov, Prezident Administrasiyas\u0131n\u0131n m\u0259sul i\u015f\u00e7isi \u0130brahim Mustafayev, [&hellip;]\" \/>\n<meta property=\"og:url\" content=\"https:\/\/www.zerdab.com\/?p=22864\" \/>\n<meta property=\"og:site_name\" content=\"Z\u0259rdab.com\" \/>\n<meta property=\"article:published_time\" content=\"2016-05-12T13:05:22+00:00\" \/>\n<meta name=\"author\" content=\"admin\" \/>\n<meta name=\"twitter:card\" content=\"summary_large_image\" \/>\n<meta name=\"twitter:label1\" content=\"Written by\" \/>\n\t<meta name=\"twitter:data1\" content=\"admin\" \/>\n\t<meta name=\"twitter:label2\" content=\"Est. reading time\" \/>\n\t<meta name=\"twitter:data2\" content=\"4 minutes\" \/>\n<script type=\"application\/ld+json\" class=\"yoast-schema-graph\">{\"@context\":\"https:\/\/schema.org\",\"@graph\":[{\"@type\":\"Article\",\"@id\":\"https:\/\/www.zerdab.com\/?p=22864#article\",\"isPartOf\":{\"@id\":\"https:\/\/www.zerdab.com\/?p=22864\"},\"author\":{\"name\":\"admin\",\"@id\":\"https:\/\/www.zerdab.com\/#\/schema\/person\/97079b7570c1e89ec0d9e138c3672136\"},\"headline\":\"\u00d6lk\u0259nin v\u0259zif\u0259li m\u0259murlar\u0131 Z\u0259rdabl\u0131 fermerin t\u0259s\u0259rr\u00fcfat\u0131na g\u0259ldil\u0259r &#8211; FOTOLAR\",\"datePublished\":\"2016-05-12T13:05:22+00:00\",\"mainEntityOfPage\":{\"@id\":\"https:\/\/www.zerdab.com\/?p=22864\"},\"wordCount\":813,\"commentCount\":0,\"articleSection\":[\"C\u018fM\u0130YY\u018fT\"],\"inLanguage\":\"az\",\"potentialAction\":[{\"@type\":\"CommentAction\",\"name\":\"Comment\",\"target\":[\"https:\/\/www.zerdab.com\/?p=22864#respond\"]}]},{\"@type\":\"WebPage\",\"@id\":\"https:\/\/www.zerdab.com\/?p=22864\",\"url\":\"https:\/\/www.zerdab.com\/?p=22864\",\"name\":\"\u00d6lk\u0259nin v\u0259zif\u0259li m\u0259murlar\u0131 Z\u0259rdabl\u0131 fermerin t\u0259s\u0259rr\u00fcfat\u0131na g\u0259ldil\u0259r - FOTOLAR - Z\u0259rdab.com\",\"isPartOf\":{\"@id\":\"https:\/\/www.zerdab.com\/#website\"},\"datePublished\":\"2016-05-12T13:05:22+00:00\",\"author\":{\"@id\":\"https:\/\/www.zerdab.com\/#\/schema\/person\/97079b7570c1e89ec0d9e138c3672136\"},\"breadcrumb\":{\"@id\":\"https:\/\/www.zerdab.com\/?p=22864#breadcrumb\"},\"inLanguage\":\"az\",\"potentialAction\":[{\"@type\":\"ReadAction\",\"target\":[\"https:\/\/www.zerdab.com\/?p=22864\"]}]},{\"@type\":\"BreadcrumbList\",\"@id\":\"https:\/\/www.zerdab.com\/?p=22864#breadcrumb\",\"itemListElement\":[{\"@type\":\"ListItem\",\"position\":1,\"name\":\"Home\",\"item\":\"https:\/\/www.zerdab.com\/\"},{\"@type\":\"ListItem\",\"position\":2,\"name\":\"\u00d6lk\u0259nin v\u0259zif\u0259li m\u0259murlar\u0131 Z\u0259rdabl\u0131 fermerin t\u0259s\u0259rr\u00fcfat\u0131na g\u0259ldil\u0259r &#8211; FOTOLAR\"}]},{\"@type\":\"WebSite\",\"@id\":\"https:\/\/www.zerdab.com\/#website\",\"url\":\"https:\/\/www.zerdab.com\/\",\"name\":\"Z\u0259rdab.com\",\"description\":\"\",\"potentialAction\":[{\"@type\":\"SearchAction\",\"target\":{\"@type\":\"EntryPoint\",\"urlTemplate\":\"https:\/\/www.zerdab.com\/?s={search_term_string}\"},\"query-input\":{\"@type\":\"PropertyValueSpecification\",\"valueRequired\":true,\"valueName\":\"search_term_string\"}}],\"inLanguage\":\"az\"},{\"@type\":\"Person\",\"@id\":\"https:\/\/www.zerdab.com\/#\/schema\/person\/97079b7570c1e89ec0d9e138c3672136\",\"name\":\"admin\",\"image\":{\"@type\":\"ImageObject\",\"inLanguage\":\"az\",\"@id\":\"https:\/\/www.zerdab.com\/#\/schema\/person\/image\/\",\"url\":\"https:\/\/secure.gravatar.com\/avatar\/d9c52a9a27c32119cb6679a077fa3e2779e5f822c451cbf01098004361d466ec?s=96&d=mm&r=g\",\"contentUrl\":\"https:\/\/secure.gravatar.com\/avatar\/d9c52a9a27c32119cb6679a077fa3e2779e5f822c451cbf01098004361d466ec?s=96&d=mm&r=g\",\"caption\":\"admin\"},\"url\":\"https:\/\/www.zerdab.com\/?author=1\"}]}<\/script>\n<!-- \/ Yoast SEO plugin. -->","yoast_head_json":{"title":"\u00d6lk\u0259nin v\u0259zif\u0259li m\u0259murlar\u0131 Z\u0259rdabl\u0131 fermerin t\u0259s\u0259rr\u00fcfat\u0131na g\u0259ldil\u0259r - FOTOLAR - Z\u0259rdab.com","robots":{"index":"index","follow":"follow","max-snippet":"max-snippet:-1","max-image-preview":"max-image-preview:large","max-video-preview":"max-video-preview:-1"},"canonical":"https:\/\/www.zerdab.com\/?p=22864","og_locale":"az_AZ","og_type":"article","og_title":"\u00d6lk\u0259nin v\u0259zif\u0259li m\u0259murlar\u0131 Z\u0259rdabl\u0131 fermerin t\u0259s\u0259rr\u00fcfat\u0131na g\u0259ldil\u0259r - FOTOLAR - Z\u0259rdab.com","og_description":"Z\u0259rdabda aqrar sektorun inki\u015faf perspektivl\u0259rin\u0259 h\u0259sr olunan m\u00fc\u015favir\u0259 ke\u00e7irilib. M\u00fc\u015favir\u0259d\u0259 fermerl\u0259rin t\u0259klifl\u0259ri dinl\u0259nilib, onlar\u0131n qay\u011f\u0131 v\u0259 probleml\u0259rinin operativ h\u0259lli n\u0259zar\u0259t\u0259 g\u00f6t\u00fcr\u00fcl\u00fcb. Z\u0259rdabda k\u0259nd t\u0259s\u0259rr\u00fcfat\u0131 i\u015fl\u0259rinin gedi\u015fin\u0259 v\u0259 aqrar sektorun inki\u015faf perspektivl\u0259rin\u0259 h\u0259sr olunan m\u00fc\u015favir\u0259 ke\u00e7irilib. M\u00fc\u015favir\u0259d\u0259 i\u015ftirak ed\u0259n Az\u0259rbaycan Respublikas\u0131 Prezidenti Administrasiyas\u0131n\u0131n aqrar siyas\u0259t m\u0259s\u0259l\u0259l\u0259ri \u015f\u00f6b\u0259sinin m\u00fcdiri Az\u0259r \u018fmiraslanov, Prezident Administrasiyas\u0131n\u0131n m\u0259sul i\u015f\u00e7isi \u0130brahim Mustafayev, [&hellip;]","og_url":"https:\/\/www.zerdab.com\/?p=22864","og_site_name":"Z\u0259rdab.com","article_published_time":"2016-05-12T13:05:22+00:00","author":"admin","twitter_card":"summary_large_image","twitter_misc":{"Written by":"admin","Est. reading time":"4 minutes"},"schema":{"@context":"https:\/\/schema.org","@graph":[{"@type":"Article","@id":"https:\/\/www.zerdab.com\/?p=22864#article","isPartOf":{"@id":"https:\/\/www.zerdab.com\/?p=22864"},"author":{"name":"admin","@id":"https:\/\/www.zerdab.com\/#\/schema\/person\/97079b7570c1e89ec0d9e138c3672136"},"headline":"\u00d6lk\u0259nin v\u0259zif\u0259li m\u0259murlar\u0131 Z\u0259rdabl\u0131 fermerin t\u0259s\u0259rr\u00fcfat\u0131na g\u0259ldil\u0259r &#8211; FOTOLAR","datePublished":"2016-05-12T13:05:22+00:00","mainEntityOfPage":{"@id":"https:\/\/www.zerdab.com\/?p=22864"},"wordCount":813,"commentCount":0,"articleSection":["C\u018fM\u0130YY\u018fT"],"inLanguage":"az","potentialAction":[{"@type":"CommentAction","name":"Comment","target":["https:\/\/www.zerdab.com\/?p=22864#respond"]}]},{"@type":"WebPage","@id":"https:\/\/www.zerdab.com\/?p=22864","url":"https:\/\/www.zerdab.com\/?p=22864","name":"\u00d6lk\u0259nin v\u0259zif\u0259li m\u0259murlar\u0131 Z\u0259rdabl\u0131 fermerin t\u0259s\u0259rr\u00fcfat\u0131na g\u0259ldil\u0259r - FOTOLAR - Z\u0259rdab.com","isPartOf":{"@id":"https:\/\/www.zerdab.com\/#website"},"datePublished":"2016-05-12T13:05:22+00:00","author":{"@id":"https:\/\/www.zerdab.com\/#\/schema\/person\/97079b7570c1e89ec0d9e138c3672136"},"breadcrumb":{"@id":"https:\/\/www.zerdab.com\/?p=22864#breadcrumb"},"inLanguage":"az","potentialAction":[{"@type":"ReadAction","target":["https:\/\/www.zerdab.com\/?p=22864"]}]},{"@type":"BreadcrumbList","@id":"https:\/\/www.zerdab.com\/?p=22864#breadcrumb","itemListElement":[{"@type":"ListItem","position":1,"name":"Home","item":"https:\/\/www.zerdab.com\/"},{"@type":"ListItem","position":2,"name":"\u00d6lk\u0259nin v\u0259zif\u0259li m\u0259murlar\u0131 Z\u0259rdabl\u0131 fermerin t\u0259s\u0259rr\u00fcfat\u0131na g\u0259ldil\u0259r &#8211; FOTOLAR"}]},{"@type":"WebSite","@id":"https:\/\/www.zerdab.com\/#website","url":"https:\/\/www.zerdab.com\/","name":"Z\u0259rdab.com","description":"","potentialAction":[{"@type":"SearchAction","target":{"@type":"EntryPoint","urlTemplate":"https:\/\/www.zerdab.com\/?s={search_term_string}"},"query-input":{"@type":"PropertyValueSpecification","valueRequired":true,"valueName":"search_term_string"}}],"inLanguage":"az"},{"@type":"Person","@id":"https:\/\/www.zerdab.com\/#\/schema\/person\/97079b7570c1e89ec0d9e138c3672136","name":"admin","image":{"@type":"ImageObject","inLanguage":"az","@id":"https:\/\/www.zerdab.com\/#\/schema\/person\/image\/","url":"https:\/\/secure.gravatar.com\/avatar\/d9c52a9a27c32119cb6679a077fa3e2779e5f822c451cbf01098004361d466ec?s=96&d=mm&r=g","contentUrl":"https:\/\/secure.gravatar.com\/avatar\/d9c52a9a27c32119cb6679a077fa3e2779e5f822c451cbf01098004361d466ec?s=96&d=mm&r=g","caption":"admin"},"url":"https:\/\/www.zerdab.com\/?author=1"}]}},"_links":{"self":[{"href":"https:\/\/www.zerdab.com\/index.php?rest_route=\/wp\/v2\/posts\/22864","targetHints":{"allow":["GET"]}}],"collection":[{"href":"https:\/\/www.zerdab.com\/index.php?rest_route=\/wp\/v2\/posts"}],"about":[{"href":"https:\/\/www.zerdab.com\/index.php?rest_route=\/wp\/v2\/types\/post"}],"author":[{"embeddable":true,"href":"https:\/\/www.zerdab.com\/index.php?rest_route=\/wp\/v2\/users\/1"}],"replies":[{"embeddable":true,"href":"https:\/\/www.zerdab.com\/index.php?rest_route=%2Fwp%2Fv2%2Fcomments&post=22864"}],"version-history":[{"count":2,"href":"https:\/\/www.zerdab.com\/index.php?rest_route=\/wp\/v2\/posts\/22864\/revisions"}],"predecessor-version":[{"id":22873,"href":"https:\/\/www.zerdab.com\/index.php?rest_route=\/wp\/v2\/posts\/22864\/revisions\/22873"}],"wp:attachment":[{"href":"https:\/\/www.zerdab.com\/index.php?rest_route=%2Fwp%2Fv2%2Fmedia&parent=22864"}],"wp:term":[{"taxonomy":"category","embeddable":true,"href":"https:\/\/www.zerdab.com\/index.php?rest_route=%2Fwp%2Fv2%2Fcategories&post=22864"},{"taxonomy":"post_tag","embeddable":true,"href":"https:\/\/www.zerdab.com\/index.php?rest_route=%2Fwp%2Fv2%2Ftags&post=22864"}],"curies":[{"name":"wp","href":"https:\/\/api.w.org\/{rel}","templated":true}]}}