{"id":231,"date":"2012-01-21T09:25:22","date_gmt":"2012-01-21T09:25:22","guid":{"rendered":"http:\/\/www.zerdab.com\/?p=231"},"modified":"2012-01-21T09:25:22","modified_gmt":"2012-01-21T09:25:22","slug":"20-yanvar-s%c9%99hidl%c9%99ri-z%c9%99rdabda-yad-olundu","status":"publish","type":"post","link":"https:\/\/www.zerdab.com\/?p=231","title":{"rendered":"20 yanvar \u015f\u0259hidl\u0259ri Z\u0259rdabda yad olundu"},"content":{"rendered":"<p><a href=\"http:\/\/www.zerdab.com\/wp-content\/uploads\/2012\/01\/20Y-2.jpg\"><img loading=\"lazy\" decoding=\"async\" class=\"alignleft size-medium wp-image-232\" title=\"20 YANVAR\" src=\"http:\/\/www.zerdab.com\/wp-content\/uploads\/2012\/01\/20Y-2-300x212.jpg\" alt=\"\" width=\"300\" height=\"212\" \/><\/a>1990-c\u0131 il yanvar\u0131n 20-d\u0259 Bak\u0131da ba\u015f vermi\u015f hadis\u0259l\u0259rin 22-ci ild\u00f6n\u00fcm\u00fc il\u0259 \u0259laq\u0259dar Z\u0259rdab rayonunda an\u0131m m\u0259rasimi ke\u00e7irildi. Rayon r\u0259hb\u0259rliyi v\u0259 ictimaiyy\u0259t n\u00fcmay\u0259nd\u0259l\u0259ri \u015f\u0259hidl\u0259rin xatir\u0259sin\u0259 ucald\u0131lm\u0131\u015f abid\u0259 kompleksini ziyar\u0259t etdi, \u00f6n\u00fcn\u0259 g\u00fcl d\u0259st\u0259l\u0259ri qoydu. Daha sonra t\u0259dbir Z\u0259rdab rayon \u0130cra Hakimiyy\u0259tind\u0259 davam etdirildi. T\u0259dbird\u0259 \u00e7\u0131x\u0131\u015f ed\u0259n rayon \u0130cra Hakimiyy\u0259tinin ba\u015f\u00e7\u0131s\u0131 L\u00fctv\u0259li Babayev bildirdi ki, h\u0259min hadis\u0259l\u0259r xalq\u0131m\u0131z\u0131n yadda\u015f\u0131ndan he\u00e7 bir zaman silinm\u0259y\u0259c\u0259k.<\/p>\n<p><a href=\"http:\/\/www.zerdab.com\/wp-content\/uploads\/2012\/01\/20Y1.jpg\"><img loading=\"lazy\" decoding=\"async\" class=\"alignleft size-medium wp-image-233\" title=\"20 YANVAR 1990\" src=\"http:\/\/www.zerdab.com\/wp-content\/uploads\/2012\/01\/20Y1-300x212.jpg\" alt=\"\" width=\"300\" height=\"212\" \/><\/a>L\u00fctv\u0259li Babayev bu qanl\u0131 gec\u0259nin h\u0259m d\u0259 xalq\u0131m\u0131z \u00fc\u00e7\u00fcn \u015fanl\u0131 bir gec\u0259 oldu\u011funu s\u00f6yl\u0259di. Onun s\u00f6zl\u0259rin\u0259 g\u00f6r\u0259, 22 il \u0259vv\u0259l Bak\u0131da, el\u0259c\u0259 d\u0259 \u00f6lk\u0259mizin dig\u0259r b\u00f6lg\u0259l\u0259rind\u0259 ba\u015f ver\u0259n hadis\u0259l\u0259r insanlar\u0131n \u015f\u00fcurunda \u00e7evrili\u015f etdi: &#8220;\u00dcmummilli lider Heyd\u0259r \u018fliyev is\u0259 Bak\u0131da ba\u015f ver\u0259n hadis\u0259l\u0259rin s\u0259h\u0259risi g\u00fcn, b\u00f6y\u00fck c\u0259sar\u0259t n\u00fcmayi\u015f etdir\u0259r\u0259k Az\u0259rbaycan\u0131n Moskvadak\u0131 daimi n\u00fcmay\u0259nd\u0259liyin\u0259 g\u0259ldi v\u0259 b\u0259yanat verdi. Heyd\u0259r \u018fliyev bu hadis\u0259l\u0259rin sovet r\u0259hb\u0259rliyinin \u00f6z v\u0259t\u0259nda\u015flar\u0131na qar\u015f\u0131 cinay\u0259t \u0259m\u0259li oldu\u011funu vur\u011fulad\u0131. Xalq\u0131m\u0131z, o c\u00fcml\u0259d\u0259n Z\u0259rdab sakinl\u0259ri bu hadis\u0259l\u0259ri h\u0259r zaman q\u00fcrurla xat\u0131rlayacaqlar&#8221;.<br \/>\nDaha sonra m\u0259kt\u0259blil\u0259rin \u0259l i\u015fl\u0259rind\u0259n ibar\u0259t r\u0259sm \u0259s\u0259rl\u0259rin\u0259 bax\u0131\u015f ke\u00e7irildi.<\/p>\n<p>www.zerdab.com<\/p>\n","protected":false},"excerpt":{"rendered":"<p>1990-c\u0131 il yanvar\u0131n 20-d\u0259 Bak\u0131da ba\u015f vermi\u015f hadis\u0259l\u0259rin 22-ci ild\u00f6n\u00fcm\u00fc il\u0259 \u0259laq\u0259dar Z\u0259rdab rayonunda an\u0131m m\u0259rasimi ke\u00e7irildi. Rayon r\u0259hb\u0259rliyi v\u0259 ictimaiyy\u0259t n\u00fcmay\u0259nd\u0259l\u0259ri \u015f\u0259hidl\u0259rin xatir\u0259sin\u0259 ucald\u0131lm\u0131\u015f abid\u0259 kompleksini ziyar\u0259t etdi, \u00f6n\u00fcn\u0259 g\u00fcl d\u0259st\u0259l\u0259ri qoydu. Daha sonra t\u0259dbir Z\u0259rdab rayon \u0130cra Hakimiyy\u0259tind\u0259 davam etdirildi. T\u0259dbird\u0259 \u00e7\u0131x\u0131\u015f ed\u0259n rayon \u0130cra Hakimiyy\u0259tinin ba\u015f\u00e7\u0131s\u0131 L\u00fctv\u0259li Babayev bildirdi ki, h\u0259min hadis\u0259l\u0259r [&hellip;]<\/p>\n","protected":false},"author":1,"featured_media":0,"comment_status":"open","ping_status":"open","sticky":false,"template":"","format":"standard","meta":{"footnotes":""},"categories":[5],"tags":[],"class_list":{"0":"post-231","1":"post","2":"type-post","3":"status-publish","4":"format-standard","6":"category-knd"},"yoast_head":"<!-- This site is optimized with the Yoast SEO plugin v27.0 - https:\/\/yoast.com\/product\/yoast-seo-wordpress\/ -->\n<title>20 yanvar \u015f\u0259hidl\u0259ri Z\u0259rdabda yad olundu - Z\u0259rdab.com<\/title>\n<meta name=\"robots\" content=\"index, follow, max-snippet:-1, max-image-preview:large, max-video-preview:-1\" \/>\n<link rel=\"canonical\" href=\"https:\/\/www.zerdab.com\/?p=231\" \/>\n<meta property=\"og:locale\" content=\"az_AZ\" \/>\n<meta property=\"og:type\" content=\"article\" \/>\n<meta property=\"og:title\" content=\"20 yanvar \u015f\u0259hidl\u0259ri Z\u0259rdabda yad olundu - Z\u0259rdab.com\" \/>\n<meta property=\"og:description\" content=\"1990-c\u0131 il yanvar\u0131n 20-d\u0259 Bak\u0131da ba\u015f vermi\u015f hadis\u0259l\u0259rin 22-ci ild\u00f6n\u00fcm\u00fc il\u0259 \u0259laq\u0259dar Z\u0259rdab rayonunda an\u0131m m\u0259rasimi ke\u00e7irildi. Rayon r\u0259hb\u0259rliyi v\u0259 ictimaiyy\u0259t n\u00fcmay\u0259nd\u0259l\u0259ri \u015f\u0259hidl\u0259rin xatir\u0259sin\u0259 ucald\u0131lm\u0131\u015f abid\u0259 kompleksini ziyar\u0259t etdi, \u00f6n\u00fcn\u0259 g\u00fcl d\u0259st\u0259l\u0259ri qoydu. Daha sonra t\u0259dbir Z\u0259rdab rayon \u0130cra Hakimiyy\u0259tind\u0259 davam etdirildi. T\u0259dbird\u0259 \u00e7\u0131x\u0131\u015f ed\u0259n rayon \u0130cra Hakimiyy\u0259tinin ba\u015f\u00e7\u0131s\u0131 L\u00fctv\u0259li Babayev bildirdi ki, h\u0259min hadis\u0259l\u0259r [&hellip;]\" \/>\n<meta property=\"og:url\" content=\"https:\/\/www.zerdab.com\/?p=231\" \/>\n<meta property=\"og:site_name\" content=\"Z\u0259rdab.com\" \/>\n<meta property=\"article:published_time\" content=\"2012-01-21T09:25:22+00:00\" \/>\n<meta property=\"og:image\" content=\"http:\/\/www.zerdab.com\/wp-content\/uploads\/2012\/01\/20Y-2-300x212.jpg\" \/>\n<meta name=\"author\" content=\"admin\" \/>\n<meta name=\"twitter:card\" content=\"summary_large_image\" \/>\n<meta name=\"twitter:label1\" content=\"Written by\" \/>\n\t<meta name=\"twitter:data1\" content=\"admin\" \/>\n\t<meta name=\"twitter:label2\" content=\"Est. reading time\" \/>\n\t<meta name=\"twitter:data2\" content=\"1 minute\" \/>\n<script type=\"application\/ld+json\" class=\"yoast-schema-graph\">{\"@context\":\"https:\/\/schema.org\",\"@graph\":[{\"@type\":\"Article\",\"@id\":\"https:\/\/www.zerdab.com\/?p=231#article\",\"isPartOf\":{\"@id\":\"https:\/\/www.zerdab.com\/?p=231\"},\"author\":{\"name\":\"admin\",\"@id\":\"https:\/\/www.zerdab.com\/#\/schema\/person\/97079b7570c1e89ec0d9e138c3672136\"},\"headline\":\"20 yanvar \u015f\u0259hidl\u0259ri Z\u0259rdabda yad olundu\",\"datePublished\":\"2012-01-21T09:25:22+00:00\",\"mainEntityOfPage\":{\"@id\":\"https:\/\/www.zerdab.com\/?p=231\"},\"wordCount\":288,\"commentCount\":0,\"image\":{\"@id\":\"https:\/\/www.zerdab.com\/?p=231#primaryimage\"},\"thumbnailUrl\":\"http:\/\/www.zerdab.com\/wp-content\/uploads\/2012\/01\/20Y-2-300x212.jpg\",\"articleSection\":[\"X\u018fB\u018fRL\u018fR\"],\"inLanguage\":\"az\",\"potentialAction\":[{\"@type\":\"CommentAction\",\"name\":\"Comment\",\"target\":[\"https:\/\/www.zerdab.com\/?p=231#respond\"]}]},{\"@type\":\"WebPage\",\"@id\":\"https:\/\/www.zerdab.com\/?p=231\",\"url\":\"https:\/\/www.zerdab.com\/?p=231\",\"name\":\"20 yanvar \u015f\u0259hidl\u0259ri Z\u0259rdabda yad olundu - Z\u0259rdab.com\",\"isPartOf\":{\"@id\":\"https:\/\/www.zerdab.com\/#website\"},\"primaryImageOfPage\":{\"@id\":\"https:\/\/www.zerdab.com\/?p=231#primaryimage\"},\"image\":{\"@id\":\"https:\/\/www.zerdab.com\/?p=231#primaryimage\"},\"thumbnailUrl\":\"http:\/\/www.zerdab.com\/wp-content\/uploads\/2012\/01\/20Y-2-300x212.jpg\",\"datePublished\":\"2012-01-21T09:25:22+00:00\",\"author\":{\"@id\":\"https:\/\/www.zerdab.com\/#\/schema\/person\/97079b7570c1e89ec0d9e138c3672136\"},\"breadcrumb\":{\"@id\":\"https:\/\/www.zerdab.com\/?p=231#breadcrumb\"},\"inLanguage\":\"az\",\"potentialAction\":[{\"@type\":\"ReadAction\",\"target\":[\"https:\/\/www.zerdab.com\/?p=231\"]}]},{\"@type\":\"ImageObject\",\"inLanguage\":\"az\",\"@id\":\"https:\/\/www.zerdab.com\/?p=231#primaryimage\",\"url\":\"\",\"contentUrl\":\"\"},{\"@type\":\"BreadcrumbList\",\"@id\":\"https:\/\/www.zerdab.com\/?p=231#breadcrumb\",\"itemListElement\":[{\"@type\":\"ListItem\",\"position\":1,\"name\":\"Home\",\"item\":\"https:\/\/www.zerdab.com\/\"},{\"@type\":\"ListItem\",\"position\":2,\"name\":\"20 yanvar \u015f\u0259hidl\u0259ri Z\u0259rdabda yad olundu\"}]},{\"@type\":\"WebSite\",\"@id\":\"https:\/\/www.zerdab.com\/#website\",\"url\":\"https:\/\/www.zerdab.com\/\",\"name\":\"Z\u0259rdab.com\",\"description\":\"\",\"potentialAction\":[{\"@type\":\"SearchAction\",\"target\":{\"@type\":\"EntryPoint\",\"urlTemplate\":\"https:\/\/www.zerdab.com\/?s={search_term_string}\"},\"query-input\":{\"@type\":\"PropertyValueSpecification\",\"valueRequired\":true,\"valueName\":\"search_term_string\"}}],\"inLanguage\":\"az\"},{\"@type\":\"Person\",\"@id\":\"https:\/\/www.zerdab.com\/#\/schema\/person\/97079b7570c1e89ec0d9e138c3672136\",\"name\":\"admin\",\"image\":{\"@type\":\"ImageObject\",\"inLanguage\":\"az\",\"@id\":\"https:\/\/www.zerdab.com\/#\/schema\/person\/image\/\",\"url\":\"https:\/\/secure.gravatar.com\/avatar\/d9c52a9a27c32119cb6679a077fa3e2779e5f822c451cbf01098004361d466ec?s=96&d=mm&r=g\",\"contentUrl\":\"https:\/\/secure.gravatar.com\/avatar\/d9c52a9a27c32119cb6679a077fa3e2779e5f822c451cbf01098004361d466ec?s=96&d=mm&r=g\",\"caption\":\"admin\"},\"url\":\"https:\/\/www.zerdab.com\/?author=1\"}]}<\/script>\n<!-- \/ Yoast SEO plugin. -->","yoast_head_json":{"title":"20 yanvar \u015f\u0259hidl\u0259ri Z\u0259rdabda yad olundu - Z\u0259rdab.com","robots":{"index":"index","follow":"follow","max-snippet":"max-snippet:-1","max-image-preview":"max-image-preview:large","max-video-preview":"max-video-preview:-1"},"canonical":"https:\/\/www.zerdab.com\/?p=231","og_locale":"az_AZ","og_type":"article","og_title":"20 yanvar \u015f\u0259hidl\u0259ri Z\u0259rdabda yad olundu - Z\u0259rdab.com","og_description":"1990-c\u0131 il yanvar\u0131n 20-d\u0259 Bak\u0131da ba\u015f vermi\u015f hadis\u0259l\u0259rin 22-ci ild\u00f6n\u00fcm\u00fc il\u0259 \u0259laq\u0259dar Z\u0259rdab rayonunda an\u0131m m\u0259rasimi ke\u00e7irildi. Rayon r\u0259hb\u0259rliyi v\u0259 ictimaiyy\u0259t n\u00fcmay\u0259nd\u0259l\u0259ri \u015f\u0259hidl\u0259rin xatir\u0259sin\u0259 ucald\u0131lm\u0131\u015f abid\u0259 kompleksini ziyar\u0259t etdi, \u00f6n\u00fcn\u0259 g\u00fcl d\u0259st\u0259l\u0259ri qoydu. Daha sonra t\u0259dbir Z\u0259rdab rayon \u0130cra Hakimiyy\u0259tind\u0259 davam etdirildi. T\u0259dbird\u0259 \u00e7\u0131x\u0131\u015f ed\u0259n rayon \u0130cra Hakimiyy\u0259tinin ba\u015f\u00e7\u0131s\u0131 L\u00fctv\u0259li Babayev bildirdi ki, h\u0259min hadis\u0259l\u0259r [&hellip;]","og_url":"https:\/\/www.zerdab.com\/?p=231","og_site_name":"Z\u0259rdab.com","article_published_time":"2012-01-21T09:25:22+00:00","og_image":[{"url":"http:\/\/www.zerdab.com\/wp-content\/uploads\/2012\/01\/20Y-2-300x212.jpg","type":"","width":"","height":""}],"author":"admin","twitter_card":"summary_large_image","twitter_misc":{"Written by":"admin","Est. reading time":"1 minute"},"schema":{"@context":"https:\/\/schema.org","@graph":[{"@type":"Article","@id":"https:\/\/www.zerdab.com\/?p=231#article","isPartOf":{"@id":"https:\/\/www.zerdab.com\/?p=231"},"author":{"name":"admin","@id":"https:\/\/www.zerdab.com\/#\/schema\/person\/97079b7570c1e89ec0d9e138c3672136"},"headline":"20 yanvar \u015f\u0259hidl\u0259ri Z\u0259rdabda yad olundu","datePublished":"2012-01-21T09:25:22+00:00","mainEntityOfPage":{"@id":"https:\/\/www.zerdab.com\/?p=231"},"wordCount":288,"commentCount":0,"image":{"@id":"https:\/\/www.zerdab.com\/?p=231#primaryimage"},"thumbnailUrl":"http:\/\/www.zerdab.com\/wp-content\/uploads\/2012\/01\/20Y-2-300x212.jpg","articleSection":["X\u018fB\u018fRL\u018fR"],"inLanguage":"az","potentialAction":[{"@type":"CommentAction","name":"Comment","target":["https:\/\/www.zerdab.com\/?p=231#respond"]}]},{"@type":"WebPage","@id":"https:\/\/www.zerdab.com\/?p=231","url":"https:\/\/www.zerdab.com\/?p=231","name":"20 yanvar \u015f\u0259hidl\u0259ri Z\u0259rdabda yad olundu - Z\u0259rdab.com","isPartOf":{"@id":"https:\/\/www.zerdab.com\/#website"},"primaryImageOfPage":{"@id":"https:\/\/www.zerdab.com\/?p=231#primaryimage"},"image":{"@id":"https:\/\/www.zerdab.com\/?p=231#primaryimage"},"thumbnailUrl":"http:\/\/www.zerdab.com\/wp-content\/uploads\/2012\/01\/20Y-2-300x212.jpg","datePublished":"2012-01-21T09:25:22+00:00","author":{"@id":"https:\/\/www.zerdab.com\/#\/schema\/person\/97079b7570c1e89ec0d9e138c3672136"},"breadcrumb":{"@id":"https:\/\/www.zerdab.com\/?p=231#breadcrumb"},"inLanguage":"az","potentialAction":[{"@type":"ReadAction","target":["https:\/\/www.zerdab.com\/?p=231"]}]},{"@type":"ImageObject","inLanguage":"az","@id":"https:\/\/www.zerdab.com\/?p=231#primaryimage","url":"","contentUrl":""},{"@type":"BreadcrumbList","@id":"https:\/\/www.zerdab.com\/?p=231#breadcrumb","itemListElement":[{"@type":"ListItem","position":1,"name":"Home","item":"https:\/\/www.zerdab.com\/"},{"@type":"ListItem","position":2,"name":"20 yanvar \u015f\u0259hidl\u0259ri Z\u0259rdabda yad olundu"}]},{"@type":"WebSite","@id":"https:\/\/www.zerdab.com\/#website","url":"https:\/\/www.zerdab.com\/","name":"Z\u0259rdab.com","description":"","potentialAction":[{"@type":"SearchAction","target":{"@type":"EntryPoint","urlTemplate":"https:\/\/www.zerdab.com\/?s={search_term_string}"},"query-input":{"@type":"PropertyValueSpecification","valueRequired":true,"valueName":"search_term_string"}}],"inLanguage":"az"},{"@type":"Person","@id":"https:\/\/www.zerdab.com\/#\/schema\/person\/97079b7570c1e89ec0d9e138c3672136","name":"admin","image":{"@type":"ImageObject","inLanguage":"az","@id":"https:\/\/www.zerdab.com\/#\/schema\/person\/image\/","url":"https:\/\/secure.gravatar.com\/avatar\/d9c52a9a27c32119cb6679a077fa3e2779e5f822c451cbf01098004361d466ec?s=96&d=mm&r=g","contentUrl":"https:\/\/secure.gravatar.com\/avatar\/d9c52a9a27c32119cb6679a077fa3e2779e5f822c451cbf01098004361d466ec?s=96&d=mm&r=g","caption":"admin"},"url":"https:\/\/www.zerdab.com\/?author=1"}]}},"_links":{"self":[{"href":"https:\/\/www.zerdab.com\/index.php?rest_route=\/wp\/v2\/posts\/231","targetHints":{"allow":["GET"]}}],"collection":[{"href":"https:\/\/www.zerdab.com\/index.php?rest_route=\/wp\/v2\/posts"}],"about":[{"href":"https:\/\/www.zerdab.com\/index.php?rest_route=\/wp\/v2\/types\/post"}],"author":[{"embeddable":true,"href":"https:\/\/www.zerdab.com\/index.php?rest_route=\/wp\/v2\/users\/1"}],"replies":[{"embeddable":true,"href":"https:\/\/www.zerdab.com\/index.php?rest_route=%2Fwp%2Fv2%2Fcomments&post=231"}],"version-history":[{"count":1,"href":"https:\/\/www.zerdab.com\/index.php?rest_route=\/wp\/v2\/posts\/231\/revisions"}],"predecessor-version":[{"id":234,"href":"https:\/\/www.zerdab.com\/index.php?rest_route=\/wp\/v2\/posts\/231\/revisions\/234"}],"wp:attachment":[{"href":"https:\/\/www.zerdab.com\/index.php?rest_route=%2Fwp%2Fv2%2Fmedia&parent=231"}],"wp:term":[{"taxonomy":"category","embeddable":true,"href":"https:\/\/www.zerdab.com\/index.php?rest_route=%2Fwp%2Fv2%2Fcategories&post=231"},{"taxonomy":"post_tag","embeddable":true,"href":"https:\/\/www.zerdab.com\/index.php?rest_route=%2Fwp%2Fv2%2Ftags&post=231"}],"curies":[{"name":"wp","href":"https:\/\/api.w.org\/{rel}","templated":true}]}}