{"id":23165,"date":"2016-07-26T14:58:24","date_gmt":"2016-07-26T10:58:24","guid":{"rendered":"http:\/\/www.zerdab.com\/?p=23165"},"modified":"2016-07-26T14:59:34","modified_gmt":"2016-07-26T10:59:34","slug":"z%c9%99rdabda-h%c9%99rbi-xidm%c9%99td%c9%99n-qayidan-g%c9%99ncl%c9%99rl%c9%99-gorus-kecirildi-fotolar","status":"publish","type":"post","link":"https:\/\/www.zerdab.com\/?p=23165","title":{"rendered":"Z\u0259rdabda h\u0259rbi xidm\u0259td\u0259n qay\u0131dan g\u0259ncl\u0259rl\u0259 g\u00f6r\u00fc\u015f ke\u00e7irildi &#8211; FOTOLAR"},"content":{"rendered":"<p>&nbsp;<\/p>\n<p><a href=\"http:\/\/www.zerdab.com\/z%c9%99rdabda-h%c9%99rbi-xidm%c9%99td%c9%99n-qayidan-g%c9%99ncl%c9%99rl%c9%99-gorus-kecirildi-fotolar\/zerdab-rayonu3-12\/\" rel=\"attachment wp-att-23169\"><img loading=\"lazy\" decoding=\"async\" class=\"aligncenter size-large wp-image-23169\" src=\"http:\/\/www.zerdab.com\/wp-content\/uploads\/2016\/07\/Zerdab-rayonu3-550x366.jpg\" alt=\"Zerdab rayonu\" width=\"550\" height=\"366\" \/><\/a>Z\u0259rdab rayonunda h\u0259rbi xidm\u0259td\u0259n t\u0259rxis olunan g\u0259ncl\u0259rl\u0259 rayon ictimaiyy\u0259t n\u00fcmay\u0259nd\u0259l\u0259rinin g\u00f6r\u00fc\u015f\u00fc ke\u00e7irilib. <span style=\"color: #ff0000;\"><strong>Zerdab.com<\/strong><\/span> sayt\u0131 x\u0259b\u0259r verir ki, g\u00f6r\u00fc\u015f Heyd\u0259r \u018fliyev M\u0259rk\u0259zind\u0259 ba\u015f tutub. Z\u0259rdab Rayon \u0130cra Hakimiyy\u0259ti ba\u015f\u00e7\u0131s\u0131n\u0131n birinci m\u00fcavini R\u0259hman Feyzullayev t\u0259dbird\u0259 \u00e7\u0131x\u0131\u015f ed\u0259r\u0259k, orduda m\u0259n\u0259vi-psixoloji durumun y\u00fcks\u0259k s\u0259viyy\u0259d\u0259 oldu\u011funu qeyd edib, ordu v\u0259 xalq\u0131n daim h\u0259mr\u0259y oldu\u011funu bildirib. Qeyd edilib ki, rayonumuzda g\u0259cl\u0259rin ordu s\u0131ralar\u0131nda h\u0259rbi xidm\u0259t\u0259 haz\u0131rlanmas\u0131 istiqam\u0259tind\u0259 son ill\u0259r \u00e7ox i\u015fl\u0259r g\u00f6r\u00fcl\u00fcb, g\u0259ncl\u0259rin h\u0259rbi v\u0259t\u0259np\u0259rv\u0259rlik t\u0259rbiy\u0259si i\u015fl\u0259ri g\u00fccl\u0259ndirilib.<a href=\"http:\/\/www.zerdab.com\/z%c9%99rdabda-h%c9%99rbi-xidm%c9%99td%c9%99n-qayidan-g%c9%99ncl%c9%99rl%c9%99-gorus-kecirildi-fotolar\/zerdab-rayonu1-15\/\" rel=\"attachment wp-att-23167\"><img loading=\"lazy\" decoding=\"async\" class=\"aligncenter size-large wp-image-23167\" src=\"http:\/\/www.zerdab.com\/wp-content\/uploads\/2016\/07\/Zerdab-rayonu1-365x550.jpg\" alt=\"Zerdab rayonu\" width=\"365\" height=\"550\" \/><\/a><\/p>\n<p>T\u0259dbird\u0259 S\u0259f\u0259rb\u0259rlik v\u0259 H\u0259rbi Xidm\u0259t\u0259 \u00c7a\u011f\u0131r\u0131\u015f \u00fczr\u0259 D\u00f6vl\u0259t Xidm\u0259tinin rayon b\u00f6lm\u0259sinin r\u0259isi El\u015f\u0259n H\u0259s\u0259nov \u00e7\u0131x\u0131\u015f ed\u0259r\u0259k bildirib ki, \u00fcmummilli lider Heyd\u0259r \u018fliyev siyas\u0259tinin layiqli davam\u00e7\u0131s\u0131 c\u0259nab Prezident \u0130lham \u018fliyevin r\u0259hb\u0259rliyi il\u0259 \u00f6lk\u0259mizd\u0259 ordu quruculu\u011fu sah\u0259sind\u0259 d\u0259 m\u00fch\u00fcm ir\u0259lil\u0259yi\u015fl\u0259r\u0259 nail olunub: &#8220;Ordumuzun yeni m\u00fcasir silahlarla, texnikalarla, artilleriya v\u0259 hava h\u00fccumundan m\u00fcdafi\u0259 qur\u011fular\u0131 il\u0259, zirehli ma\u015f\u0131nlarla t\u0259chiz olunmas\u0131, ordu quruculu\u011funa ayr\u0131lan v\u0259saitl\u0259r buna bariz n\u00fcmun\u0259dir&#8221;. V\u0259t\u0259n qar\u015f\u0131s\u0131nda borclar\u0131n\u0131 yerin\u0259 yetirm\u0259kd\u0259n \u015f\u0259r\u0259f hissi duyduqlar\u0131n\u0131 dey\u0259n h\u0259rbi xidm\u0259td\u0259n t\u0259rxis olunan g\u0259ncl\u0259r onlara g\u00f6st\u0259ril\u0259n diqq\u0259td\u0259n raz\u0131l\u0131qlar\u0131n\u0131 bildiribl\u0259r. Sonda ordu s\u0131ralar\u0131ndan t\u0259rxis olunan g\u0259ncl\u0259r\u0259 h\u0259rbi biletl\u0259r v\u0259 h\u0259diyy\u0259l\u0259r verilib.<\/p>\n<p><strong>Zerdab.com<a href=\"http:\/\/www.zerdab.com\/z%c9%99rdabda-h%c9%99rbi-xidm%c9%99td%c9%99n-qayidan-g%c9%99ncl%c9%99rl%c9%99-gorus-kecirildi-fotolar\/zerdab-rayonu2-13\/\" rel=\"attachment wp-att-23168\"><img loading=\"lazy\" decoding=\"async\" class=\"aligncenter size-large wp-image-23168\" src=\"http:\/\/www.zerdab.com\/wp-content\/uploads\/2016\/07\/Zerdab-rayonu2-550x366.jpg\" alt=\"Zerdab rayonu\" width=\"550\" height=\"366\" \/><\/a> <a href=\"http:\/\/www.zerdab.com\/z%c9%99rdabda-h%c9%99rbi-xidm%c9%99td%c9%99n-qayidan-g%c9%99ncl%c9%99rl%c9%99-gorus-kecirildi-fotolar\/zerdab-rayonu3-12\/\" rel=\"attachment wp-att-23169\"><img loading=\"lazy\" decoding=\"async\" class=\"aligncenter size-large wp-image-23169\" src=\"http:\/\/www.zerdab.com\/wp-content\/uploads\/2016\/07\/Zerdab-rayonu3-550x366.jpg\" alt=\"Zerdab rayonu3\" width=\"550\" height=\"366\" \/><\/a><\/strong><\/p>\n","protected":false},"excerpt":{"rendered":"<p>&nbsp; Z\u0259rdab rayonunda h\u0259rbi xidm\u0259td\u0259n t\u0259rxis olunan g\u0259ncl\u0259rl\u0259 rayon ictimaiyy\u0259t n\u00fcmay\u0259nd\u0259l\u0259rinin g\u00f6r\u00fc\u015f\u00fc ke\u00e7irilib. Zerdab.com sayt\u0131 x\u0259b\u0259r verir ki, g\u00f6r\u00fc\u015f Heyd\u0259r \u018fliyev M\u0259rk\u0259zind\u0259 ba\u015f tutub. Z\u0259rdab Rayon \u0130cra Hakimiyy\u0259ti ba\u015f\u00e7\u0131s\u0131n\u0131n birinci m\u00fcavini R\u0259hman Feyzullayev t\u0259dbird\u0259 \u00e7\u0131x\u0131\u015f ed\u0259r\u0259k, orduda m\u0259n\u0259vi-psixoloji durumun y\u00fcks\u0259k s\u0259viyy\u0259d\u0259 oldu\u011funu qeyd edib, ordu v\u0259 xalq\u0131n daim h\u0259mr\u0259y oldu\u011funu bildirib. Qeyd edilib ki, rayonumuzda [&hellip;]<\/p>\n","protected":false},"author":1,"featured_media":0,"comment_status":"open","ping_status":"open","sticky":false,"template":"","format":"standard","meta":{"footnotes":""},"categories":[21],"tags":[],"class_list":{"0":"post-23165","1":"post","2":"type-post","3":"status-publish","4":"format-standard","6":"category-zrdab"},"yoast_head":"<!-- This site is optimized with the Yoast SEO plugin v27.0 - https:\/\/yoast.com\/product\/yoast-seo-wordpress\/ -->\n<title>Z\u0259rdabda h\u0259rbi xidm\u0259td\u0259n qay\u0131dan g\u0259ncl\u0259rl\u0259 g\u00f6r\u00fc\u015f ke\u00e7irildi - FOTOLAR - Z\u0259rdab.com<\/title>\n<meta name=\"robots\" content=\"index, follow, max-snippet:-1, max-image-preview:large, max-video-preview:-1\" \/>\n<link rel=\"canonical\" href=\"https:\/\/www.zerdab.com\/?p=23165\" \/>\n<meta property=\"og:locale\" content=\"az_AZ\" \/>\n<meta property=\"og:type\" content=\"article\" \/>\n<meta property=\"og:title\" content=\"Z\u0259rdabda h\u0259rbi xidm\u0259td\u0259n qay\u0131dan g\u0259ncl\u0259rl\u0259 g\u00f6r\u00fc\u015f ke\u00e7irildi - FOTOLAR - Z\u0259rdab.com\" \/>\n<meta property=\"og:description\" content=\"&nbsp; Z\u0259rdab rayonunda h\u0259rbi xidm\u0259td\u0259n t\u0259rxis olunan g\u0259ncl\u0259rl\u0259 rayon ictimaiyy\u0259t n\u00fcmay\u0259nd\u0259l\u0259rinin g\u00f6r\u00fc\u015f\u00fc ke\u00e7irilib. Zerdab.com sayt\u0131 x\u0259b\u0259r verir ki, g\u00f6r\u00fc\u015f Heyd\u0259r \u018fliyev M\u0259rk\u0259zind\u0259 ba\u015f tutub. Z\u0259rdab Rayon \u0130cra Hakimiyy\u0259ti ba\u015f\u00e7\u0131s\u0131n\u0131n birinci m\u00fcavini R\u0259hman Feyzullayev t\u0259dbird\u0259 \u00e7\u0131x\u0131\u015f ed\u0259r\u0259k, orduda m\u0259n\u0259vi-psixoloji durumun y\u00fcks\u0259k s\u0259viyy\u0259d\u0259 oldu\u011funu qeyd edib, ordu v\u0259 xalq\u0131n daim h\u0259mr\u0259y oldu\u011funu bildirib. Qeyd edilib ki, rayonumuzda [&hellip;]\" \/>\n<meta property=\"og:url\" content=\"https:\/\/www.zerdab.com\/?p=23165\" \/>\n<meta property=\"og:site_name\" content=\"Z\u0259rdab.com\" \/>\n<meta property=\"article:published_time\" content=\"2016-07-26T10:58:24+00:00\" \/>\n<meta property=\"article:modified_time\" content=\"2016-07-26T10:59:34+00:00\" \/>\n<meta property=\"og:image\" content=\"http:\/\/www.zerdab.com\/wp-content\/uploads\/2016\/07\/Zerdab-rayonu3-550x366.jpg\" \/>\n<meta name=\"author\" content=\"admin\" \/>\n<meta name=\"twitter:card\" content=\"summary_large_image\" \/>\n<meta name=\"twitter:label1\" content=\"Written by\" \/>\n\t<meta name=\"twitter:data1\" content=\"admin\" \/>\n\t<meta name=\"twitter:label2\" content=\"Est. reading time\" \/>\n\t<meta name=\"twitter:data2\" content=\"2 minutes\" \/>\n<script type=\"application\/ld+json\" class=\"yoast-schema-graph\">{\"@context\":\"https:\/\/schema.org\",\"@graph\":[{\"@type\":\"Article\",\"@id\":\"https:\/\/www.zerdab.com\/?p=23165#article\",\"isPartOf\":{\"@id\":\"https:\/\/www.zerdab.com\/?p=23165\"},\"author\":{\"name\":\"admin\",\"@id\":\"https:\/\/www.zerdab.com\/#\/schema\/person\/97079b7570c1e89ec0d9e138c3672136\"},\"headline\":\"Z\u0259rdabda h\u0259rbi xidm\u0259td\u0259n qay\u0131dan g\u0259ncl\u0259rl\u0259 g\u00f6r\u00fc\u015f ke\u00e7irildi &#8211; FOTOLAR\",\"datePublished\":\"2016-07-26T10:58:24+00:00\",\"dateModified\":\"2016-07-26T10:59:34+00:00\",\"mainEntityOfPage\":{\"@id\":\"https:\/\/www.zerdab.com\/?p=23165\"},\"wordCount\":335,\"commentCount\":0,\"image\":{\"@id\":\"https:\/\/www.zerdab.com\/?p=23165#primaryimage\"},\"thumbnailUrl\":\"http:\/\/www.zerdab.com\/wp-content\/uploads\/2016\/07\/Zerdab-rayonu3-550x366.jpg\",\"articleSection\":[\"C\u018fM\u0130YY\u018fT\"],\"inLanguage\":\"az\",\"potentialAction\":[{\"@type\":\"CommentAction\",\"name\":\"Comment\",\"target\":[\"https:\/\/www.zerdab.com\/?p=23165#respond\"]}]},{\"@type\":\"WebPage\",\"@id\":\"https:\/\/www.zerdab.com\/?p=23165\",\"url\":\"https:\/\/www.zerdab.com\/?p=23165\",\"name\":\"Z\u0259rdabda h\u0259rbi xidm\u0259td\u0259n qay\u0131dan g\u0259ncl\u0259rl\u0259 g\u00f6r\u00fc\u015f ke\u00e7irildi - FOTOLAR - Z\u0259rdab.com\",\"isPartOf\":{\"@id\":\"https:\/\/www.zerdab.com\/#website\"},\"primaryImageOfPage\":{\"@id\":\"https:\/\/www.zerdab.com\/?p=23165#primaryimage\"},\"image\":{\"@id\":\"https:\/\/www.zerdab.com\/?p=23165#primaryimage\"},\"thumbnailUrl\":\"http:\/\/www.zerdab.com\/wp-content\/uploads\/2016\/07\/Zerdab-rayonu3-550x366.jpg\",\"datePublished\":\"2016-07-26T10:58:24+00:00\",\"dateModified\":\"2016-07-26T10:59:34+00:00\",\"author\":{\"@id\":\"https:\/\/www.zerdab.com\/#\/schema\/person\/97079b7570c1e89ec0d9e138c3672136\"},\"breadcrumb\":{\"@id\":\"https:\/\/www.zerdab.com\/?p=23165#breadcrumb\"},\"inLanguage\":\"az\",\"potentialAction\":[{\"@type\":\"ReadAction\",\"target\":[\"https:\/\/www.zerdab.com\/?p=23165\"]}]},{\"@type\":\"ImageObject\",\"inLanguage\":\"az\",\"@id\":\"https:\/\/www.zerdab.com\/?p=23165#primaryimage\",\"url\":\"\",\"contentUrl\":\"\"},{\"@type\":\"BreadcrumbList\",\"@id\":\"https:\/\/www.zerdab.com\/?p=23165#breadcrumb\",\"itemListElement\":[{\"@type\":\"ListItem\",\"position\":1,\"name\":\"Home\",\"item\":\"https:\/\/www.zerdab.com\/\"},{\"@type\":\"ListItem\",\"position\":2,\"name\":\"Z\u0259rdabda h\u0259rbi xidm\u0259td\u0259n qay\u0131dan g\u0259ncl\u0259rl\u0259 g\u00f6r\u00fc\u015f ke\u00e7irildi &#8211; FOTOLAR\"}]},{\"@type\":\"WebSite\",\"@id\":\"https:\/\/www.zerdab.com\/#website\",\"url\":\"https:\/\/www.zerdab.com\/\",\"name\":\"Z\u0259rdab.com\",\"description\":\"\",\"potentialAction\":[{\"@type\":\"SearchAction\",\"target\":{\"@type\":\"EntryPoint\",\"urlTemplate\":\"https:\/\/www.zerdab.com\/?s={search_term_string}\"},\"query-input\":{\"@type\":\"PropertyValueSpecification\",\"valueRequired\":true,\"valueName\":\"search_term_string\"}}],\"inLanguage\":\"az\"},{\"@type\":\"Person\",\"@id\":\"https:\/\/www.zerdab.com\/#\/schema\/person\/97079b7570c1e89ec0d9e138c3672136\",\"name\":\"admin\",\"image\":{\"@type\":\"ImageObject\",\"inLanguage\":\"az\",\"@id\":\"https:\/\/www.zerdab.com\/#\/schema\/person\/image\/\",\"url\":\"https:\/\/secure.gravatar.com\/avatar\/d9c52a9a27c32119cb6679a077fa3e2779e5f822c451cbf01098004361d466ec?s=96&d=mm&r=g\",\"contentUrl\":\"https:\/\/secure.gravatar.com\/avatar\/d9c52a9a27c32119cb6679a077fa3e2779e5f822c451cbf01098004361d466ec?s=96&d=mm&r=g\",\"caption\":\"admin\"},\"url\":\"https:\/\/www.zerdab.com\/?author=1\"}]}<\/script>\n<!-- \/ Yoast SEO plugin. -->","yoast_head_json":{"title":"Z\u0259rdabda h\u0259rbi xidm\u0259td\u0259n qay\u0131dan g\u0259ncl\u0259rl\u0259 g\u00f6r\u00fc\u015f ke\u00e7irildi - FOTOLAR - Z\u0259rdab.com","robots":{"index":"index","follow":"follow","max-snippet":"max-snippet:-1","max-image-preview":"max-image-preview:large","max-video-preview":"max-video-preview:-1"},"canonical":"https:\/\/www.zerdab.com\/?p=23165","og_locale":"az_AZ","og_type":"article","og_title":"Z\u0259rdabda h\u0259rbi xidm\u0259td\u0259n qay\u0131dan g\u0259ncl\u0259rl\u0259 g\u00f6r\u00fc\u015f ke\u00e7irildi - FOTOLAR - Z\u0259rdab.com","og_description":"&nbsp; Z\u0259rdab rayonunda h\u0259rbi xidm\u0259td\u0259n t\u0259rxis olunan g\u0259ncl\u0259rl\u0259 rayon ictimaiyy\u0259t n\u00fcmay\u0259nd\u0259l\u0259rinin g\u00f6r\u00fc\u015f\u00fc ke\u00e7irilib. Zerdab.com sayt\u0131 x\u0259b\u0259r verir ki, g\u00f6r\u00fc\u015f Heyd\u0259r \u018fliyev M\u0259rk\u0259zind\u0259 ba\u015f tutub. Z\u0259rdab Rayon \u0130cra Hakimiyy\u0259ti ba\u015f\u00e7\u0131s\u0131n\u0131n birinci m\u00fcavini R\u0259hman Feyzullayev t\u0259dbird\u0259 \u00e7\u0131x\u0131\u015f ed\u0259r\u0259k, orduda m\u0259n\u0259vi-psixoloji durumun y\u00fcks\u0259k s\u0259viyy\u0259d\u0259 oldu\u011funu qeyd edib, ordu v\u0259 xalq\u0131n daim h\u0259mr\u0259y oldu\u011funu bildirib. Qeyd edilib ki, rayonumuzda [&hellip;]","og_url":"https:\/\/www.zerdab.com\/?p=23165","og_site_name":"Z\u0259rdab.com","article_published_time":"2016-07-26T10:58:24+00:00","article_modified_time":"2016-07-26T10:59:34+00:00","og_image":[{"url":"http:\/\/www.zerdab.com\/wp-content\/uploads\/2016\/07\/Zerdab-rayonu3-550x366.jpg","type":"","width":"","height":""}],"author":"admin","twitter_card":"summary_large_image","twitter_misc":{"Written by":"admin","Est. reading time":"2 minutes"},"schema":{"@context":"https:\/\/schema.org","@graph":[{"@type":"Article","@id":"https:\/\/www.zerdab.com\/?p=23165#article","isPartOf":{"@id":"https:\/\/www.zerdab.com\/?p=23165"},"author":{"name":"admin","@id":"https:\/\/www.zerdab.com\/#\/schema\/person\/97079b7570c1e89ec0d9e138c3672136"},"headline":"Z\u0259rdabda h\u0259rbi xidm\u0259td\u0259n qay\u0131dan g\u0259ncl\u0259rl\u0259 g\u00f6r\u00fc\u015f ke\u00e7irildi &#8211; FOTOLAR","datePublished":"2016-07-26T10:58:24+00:00","dateModified":"2016-07-26T10:59:34+00:00","mainEntityOfPage":{"@id":"https:\/\/www.zerdab.com\/?p=23165"},"wordCount":335,"commentCount":0,"image":{"@id":"https:\/\/www.zerdab.com\/?p=23165#primaryimage"},"thumbnailUrl":"http:\/\/www.zerdab.com\/wp-content\/uploads\/2016\/07\/Zerdab-rayonu3-550x366.jpg","articleSection":["C\u018fM\u0130YY\u018fT"],"inLanguage":"az","potentialAction":[{"@type":"CommentAction","name":"Comment","target":["https:\/\/www.zerdab.com\/?p=23165#respond"]}]},{"@type":"WebPage","@id":"https:\/\/www.zerdab.com\/?p=23165","url":"https:\/\/www.zerdab.com\/?p=23165","name":"Z\u0259rdabda h\u0259rbi xidm\u0259td\u0259n qay\u0131dan g\u0259ncl\u0259rl\u0259 g\u00f6r\u00fc\u015f ke\u00e7irildi - FOTOLAR - Z\u0259rdab.com","isPartOf":{"@id":"https:\/\/www.zerdab.com\/#website"},"primaryImageOfPage":{"@id":"https:\/\/www.zerdab.com\/?p=23165#primaryimage"},"image":{"@id":"https:\/\/www.zerdab.com\/?p=23165#primaryimage"},"thumbnailUrl":"http:\/\/www.zerdab.com\/wp-content\/uploads\/2016\/07\/Zerdab-rayonu3-550x366.jpg","datePublished":"2016-07-26T10:58:24+00:00","dateModified":"2016-07-26T10:59:34+00:00","author":{"@id":"https:\/\/www.zerdab.com\/#\/schema\/person\/97079b7570c1e89ec0d9e138c3672136"},"breadcrumb":{"@id":"https:\/\/www.zerdab.com\/?p=23165#breadcrumb"},"inLanguage":"az","potentialAction":[{"@type":"ReadAction","target":["https:\/\/www.zerdab.com\/?p=23165"]}]},{"@type":"ImageObject","inLanguage":"az","@id":"https:\/\/www.zerdab.com\/?p=23165#primaryimage","url":"","contentUrl":""},{"@type":"BreadcrumbList","@id":"https:\/\/www.zerdab.com\/?p=23165#breadcrumb","itemListElement":[{"@type":"ListItem","position":1,"name":"Home","item":"https:\/\/www.zerdab.com\/"},{"@type":"ListItem","position":2,"name":"Z\u0259rdabda h\u0259rbi xidm\u0259td\u0259n qay\u0131dan g\u0259ncl\u0259rl\u0259 g\u00f6r\u00fc\u015f ke\u00e7irildi &#8211; FOTOLAR"}]},{"@type":"WebSite","@id":"https:\/\/www.zerdab.com\/#website","url":"https:\/\/www.zerdab.com\/","name":"Z\u0259rdab.com","description":"","potentialAction":[{"@type":"SearchAction","target":{"@type":"EntryPoint","urlTemplate":"https:\/\/www.zerdab.com\/?s={search_term_string}"},"query-input":{"@type":"PropertyValueSpecification","valueRequired":true,"valueName":"search_term_string"}}],"inLanguage":"az"},{"@type":"Person","@id":"https:\/\/www.zerdab.com\/#\/schema\/person\/97079b7570c1e89ec0d9e138c3672136","name":"admin","image":{"@type":"ImageObject","inLanguage":"az","@id":"https:\/\/www.zerdab.com\/#\/schema\/person\/image\/","url":"https:\/\/secure.gravatar.com\/avatar\/d9c52a9a27c32119cb6679a077fa3e2779e5f822c451cbf01098004361d466ec?s=96&d=mm&r=g","contentUrl":"https:\/\/secure.gravatar.com\/avatar\/d9c52a9a27c32119cb6679a077fa3e2779e5f822c451cbf01098004361d466ec?s=96&d=mm&r=g","caption":"admin"},"url":"https:\/\/www.zerdab.com\/?author=1"}]}},"_links":{"self":[{"href":"https:\/\/www.zerdab.com\/index.php?rest_route=\/wp\/v2\/posts\/23165","targetHints":{"allow":["GET"]}}],"collection":[{"href":"https:\/\/www.zerdab.com\/index.php?rest_route=\/wp\/v2\/posts"}],"about":[{"href":"https:\/\/www.zerdab.com\/index.php?rest_route=\/wp\/v2\/types\/post"}],"author":[{"embeddable":true,"href":"https:\/\/www.zerdab.com\/index.php?rest_route=\/wp\/v2\/users\/1"}],"replies":[{"embeddable":true,"href":"https:\/\/www.zerdab.com\/index.php?rest_route=%2Fwp%2Fv2%2Fcomments&post=23165"}],"version-history":[{"count":4,"href":"https:\/\/www.zerdab.com\/index.php?rest_route=\/wp\/v2\/posts\/23165\/revisions"}],"predecessor-version":[{"id":23173,"href":"https:\/\/www.zerdab.com\/index.php?rest_route=\/wp\/v2\/posts\/23165\/revisions\/23173"}],"wp:attachment":[{"href":"https:\/\/www.zerdab.com\/index.php?rest_route=%2Fwp%2Fv2%2Fmedia&parent=23165"}],"wp:term":[{"taxonomy":"category","embeddable":true,"href":"https:\/\/www.zerdab.com\/index.php?rest_route=%2Fwp%2Fv2%2Fcategories&post=23165"},{"taxonomy":"post_tag","embeddable":true,"href":"https:\/\/www.zerdab.com\/index.php?rest_route=%2Fwp%2Fv2%2Ftags&post=23165"}],"curies":[{"name":"wp","href":"https:\/\/api.w.org\/{rel}","templated":true}]}}