{"id":23207,"date":"2016-07-31T14:57:24","date_gmt":"2016-07-31T10:57:24","guid":{"rendered":"http:\/\/www.zerdab.com\/?p=23207"},"modified":"2016-07-31T15:04:36","modified_gmt":"2016-07-31T11:04:36","slug":"z%c9%99rdabda-s%c9%99hidin-m%c9%99zari-uz%c9%99rind%c9%99ki-bayraq-niy%c9%99-endirilib","status":"publish","type":"post","link":"https:\/\/www.zerdab.com\/?p=23207","title":{"rendered":"Z\u0259rdabda \u015f\u0259hidin m\u0259zar\u0131 \u00fcz\u0259rind\u0259ki bayraq niy\u0259 endirilib?"},"content":{"rendered":"<p>&nbsp;<\/p>\n<p><a href=\"http:\/\/www.zerdab.com\/z%c9%99rdabda-s%c9%99hidin-m%c9%99zari-uz%c9%99rind%c9%99ki-bayraq-niy%c9%99-endirilib\/nurlan2\/\" rel=\"attachment wp-att-23212\"><img loading=\"lazy\" decoding=\"async\" class=\"aligncenter size-large wp-image-23212\" src=\"http:\/\/www.zerdab.com\/wp-content\/uploads\/2016\/07\/Nurlan2-413x550.jpg\" alt=\"Nurlan2\" width=\"413\" height=\"550\" \/><\/a>Aprel d\u00f6y\u00fc\u015fl\u0259rind\u0259 q\u0259hr\u0259mancas\u0131na h\u0259lak olmu\u015f Z\u0259rdabdan olan \u015f\u0259hid Nurlan Rasim o\u011flu Abdullazad\u0259nin ail\u0259sin\u0259 t\u0259zyiql\u0259r olmas\u0131 bar\u0259d\u0259 saytlarda x\u0259b\u0259r yay\u0131l\u0131b. Zerdab.com x\u0259b\u0259r verir ki, \u015f\u0259hidin atas\u0131 &#8220;Dunyamedia.com&#8221; sayt\u0131na a\u00e7\u0131qlamas\u0131nda deyib ki, \u00f6z hesab\u0131na o\u011flunun m\u0259zar\u0131n\u0131n yax\u0131nl\u0131\u011f\u0131nda d\u00fcz\u0259ltdirdiyi dir\u0259kd\u0259n asd\u0131\u011f\u0131 d\u00f6vl\u0259t bayra\u011f\u0131 endirilib. \u015e\u0259hid atas\u0131 Rasim Abdullayev buna etiraz\u0131n\u0131 bildir\u0259r\u0259k, o\u011flunun v\u0259t\u0259n v\u0259 bu bayra\u011f\u0131n dal\u011falanmas\u0131 \u00fc\u00e7\u00fcn \u015f\u0259hid oldu\u011funu, h\u0259m\u00e7inin \u00f6z\u00fcn\u00fcn v\u0259 yolda\u015f\u0131n\u0131n bu bayraqdan t\u0259s\u0259lli ald\u0131qlar\u0131n\u0131 bildirib.<a href=\"http:\/\/www.zerdab.com\/z%c9%99rdabda-s%c9%99hidin-m%c9%99zari-uz%c9%99rind%c9%99ki-bayraq-niy%c9%99-endirilib\/nurlan\/\" rel=\"attachment wp-att-23210\"><img loading=\"lazy\" decoding=\"async\" class=\"aligncenter size-large wp-image-23210\" src=\"http:\/\/www.zerdab.com\/wp-content\/uploads\/2016\/07\/Nurlan-413x550.jpg\" alt=\"Nurlan\" width=\"413\" height=\"550\" \/><\/a><\/p>\n<p>Rasim Abdullayev v\u0259 onun h\u0259yat yolda\u015f\u0131 bu t\u0259zyiql\u0259rin davam ed\u0259c\u0259yi v\u0259 bayra\u011f\u0131n yerin\u0259 qaytar\u0131lmayaca\u011f\u0131 t\u0259qdird\u0259 \u00f6zl\u0259rini yand\u0131racaqlar\u0131n\u0131 bildiribl\u0259r.<\/p>\n<p>Zerdab.com sayt\u0131 m\u0259s\u0259l\u0259nin h\u00fcquqi y\u00f6nl\u0259rin\u0259 ayd\u0131nl\u0131q g\u0259tirm\u0259y\u0259 \u00e7al\u0131\u015f\u0131b. Qanunla \u015f\u0259hidin m\u0259zar\u0131n\u0131n \u00fcst\u00fcnd\u0259ki dir\u0259kd\u0259n Az\u0259rbaycan bayra\u011f\u0131 as\u0131la bil\u0259rmi? Qanun buna m\u0259hdudiyy\u0259t qoyur, yoxsa icaz\u0259 var?<\/p>\n<p>Ara\u015fd\u0131rmam\u0131z zaman\u0131 qanunvercilikd\u0259 bu m\u0259s\u0259l\u0259d\u0259 bir q\u0259d\u0259r bo\u015flu\u011fun oldu\u011fu ortaya \u00e7\u0131xd\u0131.<\/p>\n<p><strong>&#8220;Y\u0259qin ki, bunu \u0259sas g\u00f6t\u00fcr\u00fcb&#8221;<\/strong><\/p>\n<figure id=\"attachment_23209\" aria-describedby=\"caption-attachment-23209\" style=\"width: 550px\" class=\"wp-caption aligncenter\"><a href=\"http:\/\/www.zerdab.com\/z%c9%99rdabda-s%c9%99hidin-m%c9%99zari-uz%c9%99rind%c9%99ki-bayraq-niy%c9%99-endirilib\/%c9%99lim%c9%99mm%c9%99d-nuriyev\/\" rel=\"attachment wp-att-23209\"><img loading=\"lazy\" decoding=\"async\" class=\"size-large wp-image-23209\" src=\"http:\/\/www.zerdab.com\/wp-content\/uploads\/2016\/07\/\u018flim\u0259mm\u0259d-Nuriyev-550x519.jpg\" alt=\"\u018flim\u0259mm\u0259d Nuriyev\" width=\"550\" height=\"519\" \/><\/a><figcaption id=\"caption-attachment-23209\" class=\"wp-caption-text\"><strong>\u018flim\u0259mm\u0259d Nuriyev<\/strong><\/figcaption><\/figure>\n<p>&#8220;Konstitusiya&#8221; Ara\u015fd\u0131rmalar Fondunun prezidenti, h\u00fcquq\u015f\u00fcnas \u018flm\u0259mm\u0259d Nuriyev<strong> Zerdab.com<\/strong> sayt\u0131na a\u00e7\u0131qlamas\u0131nda m\u0259s\u0259l\u0259 il\u0259 ba\u011fl\u0131 bel\u0259 dan\u0131\u015fd\u0131: &#8220;Bu m\u0259s\u0259l\u0259 il\u0259 \u0259laq\u0259dar yeni qaydalar haz\u0131rlan\u0131r. Qeyd edim ki, &#8220;Az\u0259rbaycan Respublikas\u0131 D\u00f6vl\u0259t bayra\u011f\u0131n\u0131n istifad\u0259si qaydalar\u0131 haqq\u0131nda&#8221; qanun var. Az\u0259rbaycan bayra\u011f\u0131 harada, hans\u0131 formatda v\u0259 nec\u0259 yerl\u0259\u015fdiril\u0259 bil\u0259r &#8211; bu qanunda \u00f6z \u0259ksini tap\u0131b. H\u0259min qanunda \u015f\u0259hid m\u0259zarlar\u0131 il\u0259 ba\u011fl\u0131 m\u0259s\u0259l\u0259 n\u0259z\u0259rd\u0259 tutulmam\u0131\u015fd\u0131. Lakin aprel d\u00f6y\u00fc\u015fl\u0259rind\u0259n sonra bel\u0259 bir m\u0259s\u0259l\u0259 g\u00fcnd\u0259m\u0259 g\u0259ldi ki, \u015f\u0259hid m\u0259zarlar\u0131 x\u00fcsusi qaydada t\u0259rtib olunsun. Y\u0259ni h\u0259m ba\u015f da\u015f\u0131, h\u0259m d\u0259 dig\u0259r atributlarla ba\u011fl\u0131. Bir daha deyir\u0259m, bu m\u0259s\u0259l\u0259 il\u0259 ba\u011fl\u0131 haz\u0131rda konkret m\u00fczakir\u0259l\u0259r gedir, h\u0259l\u0259 ki, h\u0259r hans\u0131 bir q\u0259rar yoxdur. M\u00fczakir\u0259l\u0259r gedir v\u0259 t\u0259klifl\u0259r d\u0259 var ki, m\u0259zar\u0131n, ba\u015f da\u015f\u0131n\u0131n \u00fcz\u0259rind\u0259 ay-ulduz v\u0259 s. d\u0259 olsun. M\u0259nim bildiyim\u0259 g\u00f6r\u0259 Nazirl\u0259r Kabineti bununla ba\u011fl\u0131 qaydalar\u0131 haz\u0131rlay\u0131r. Nec\u0259 olaca\u011f\u0131n\u0131 indid\u0259n dey\u0259 bilm\u0259rik. Z\u0259rdab\u0131n r\u0259hb\u0259ri d\u0259 y\u0259qin ki, bunu \u0259sas g\u00f6t\u00fcr\u00fcb&#8221;.<\/p>\n<p>Lakin h\u00fcquq\u015f\u00fcnas \u018flm\u0259mm\u0259d Nuriyev qeyd etdi ki, praktikada bu kimi hallar var: &#8220;Ayr\u0131-ayr\u0131 q\u0259biristanl\u0131qlara gets\u0259k, \u015f\u0259hid m\u0259zarlar\u0131 f\u0259rql\u0259nir. H\u0259l\u0259 ki, \u015f\u0259hid m\u0259zarlar\u0131n\u0131n nec\u0259 t\u0259rtib edilm\u0259si il\u0259 ba\u011fl\u0131 qaydalar yoxdur. \u018fg\u0259r icaz\u0259 verilm\u0259yibs\u0259, g\u00f6zl\u0259m\u0259k t\u00f6vsiy\u0259 olunur. Y\u0259ni bu m\u0259s\u0259l\u0259y\u0259 ayd\u0131nl\u0131q g\u0259tirilsin v\u0259 bel\u0259 dey\u0259k, icraya y\u00f6n\u0259ldilsin&#8221;.<\/p>\n<p>\u018f. Nuriyev bildirdi ki, Az\u0259rbaycan\u0131n ayr\u0131-ayr\u0131 b\u00f6lg\u0259l\u0259rind\u0259 \u015f\u0259hid m\u0259zarlar\u0131n\u0131n \u00fcz\u0259rind\u0259 Az\u0259rbaycan bayra\u011f\u0131n\u0131n dal\u011falanmas\u0131na rast g\u0259lm\u0259k m\u00fcmk\u00fcnd\u00fcr: &#8220;Praktikada var bu m\u0259s\u0259l\u0259l\u0259r, qanunda is\u0259 h\u0259l\u0259 ki, yoxdur&#8221;.<\/p>\n<p><strong>&#8220;Qanunda bununla ba\u011fl\u0131 m\u0259hdudiyy\u0259t yoxdur&#8221;<\/strong><\/p>\n<figure id=\"attachment_23208\" aria-describedby=\"caption-attachment-23208\" style=\"width: 550px\" class=\"wp-caption aligncenter\"><a href=\"http:\/\/www.zerdab.com\/z%c9%99rdabda-s%c9%99hidin-m%c9%99zari-uz%c9%99rind%c9%99ki-bayraq-niy%c9%99-endirilib\/%c9%99fqan-dostuyev\/\" rel=\"attachment wp-att-23208\"><img loading=\"lazy\" decoding=\"async\" class=\"size-large wp-image-23208\" src=\"http:\/\/www.zerdab.com\/wp-content\/uploads\/2016\/07\/\u018ffqan-Dostuyev-550x550.jpg\" alt=\"\u018ffqan Dostuyev\" width=\"550\" height=\"550\" \/><\/a><figcaption id=\"caption-attachment-23208\" class=\"wp-caption-text\"><strong>H\u00fcquq\u015f\u00fcnas \u018ffqan Dostuyev<\/strong><\/figcaption><\/figure>\n<p>H\u00fcquq\u015f\u00fcnas \u018ffqan Dostuyev is\u0259 <strong>Zerdab.com<\/strong> sayt\u0131na m\u00fcsahib\u0259sind\u0259 qanunda bununla ba\u011fl\u0131 konkret t\u0259kzibin olmad\u0131\u011f\u0131n\u0131 dedi: &#8221;<\/p>\n<p>&#8220;Az\u0259rbaycan Respublikas\u0131 D\u00f6vl\u0259t bayra\u011f\u0131n\u0131n istifad\u0259si qaydalar\u0131 haqq\u0131nda&#8221; qanunun 2-ci madd\u0259sind\u0259 Az\u0259rbaycan Respublikas\u0131 D\u00f6vl\u0259t bayra\u011f\u0131n\u0131n qald\u0131r\u0131lmal\u0131 oldu\u011fu yerl\u0259r t\u0259sbit olunub. \u015e\u0259hid m\u0259zar\u0131n\u0131n \u00fcz\u0259rind\u0259 d\u00f6vl\u0259t bayra\u011f\u0131n\u0131n qald\u0131r\u0131lmas\u0131na g\u0259linc\u0259, s\u00f6z\u00fcged\u0259n qanunda bununla ba\u011fl\u0131 he\u00e7 bir m\u0259hdudiyy\u0259t yoxdur.<\/p>\n<p>H\u0259min qanunun 7.2-ci madd\u0259sin\u0259 \u0259sas\u0259n, Az\u0259rbaycan Respublikas\u0131n\u0131n v\u0259fat etmi\u015f (h\u0259lak olmu\u015f) v\u0259t\u0259nda\u015flar\u0131na h\u0259rbi ehtiram g\u00f6st\u0259rilm\u0259si il\u0259 ba\u011fl\u0131 Az\u0259rbaycan Respublikas\u0131 D\u00f6vl\u0259t bayra\u011f\u0131n\u0131n istifad\u0259si qaydalar\u0131 m\u00fcvafiq icra hakimiyy\u0259ti orqan\u0131 t\u0259r\u0259find\u0259n m\u00fc\u0259yy\u0259n edilir. Birm\u0259nal\u0131 \u015f\u0259kild\u0259 h\u0259min qanunda \u015f\u0259hid m\u0259zar\u0131 \u00fcst\u00fcn\u0259 bayra\u011f\u0131n qald\u0131r\u0131lmas\u0131na m\u0259hdudiyy\u0259t qoyan madd\u0259 yoxdur. D\u00f6vl\u0259t bayra\u011f\u0131 masalar\u0131n v\u0259 k\u00fcrs\u00fcl\u0259rin \u00fcz\u0259rin\u0259 s\u0259ril\u0259 bilm\u0259z, oturulan v\u0259 ayaq bas\u0131lan yer\u0259 qoyula bilm\u0259z&#8221;.<\/p>\n<p><strong>\u00dcz\u0259rind\u0259 Az\u0259rbaycan bayra\u011f\u0131 dal\u011faland\u0131r\u0131lan aprel \u015f\u0259hidl\u0259ri az deyil<\/strong><\/p>\n<p>M\u0259s\u0259l\u0259 il\u0259 \u0259laq\u0259dar internetd\u0259 \u015f\u0259hid m\u0259zarlar\u0131 il\u0259 ba\u011fl\u0131 ara\u015fd\u0131rma apard\u0131q. M\u0259lum oldu ki, \u00fcz\u0259rind\u0259 Az\u0259rbaycan bayra\u011f\u0131 dal\u011faland\u0131r\u0131lan aprel \u015f\u0259hidl\u0259ri az deyil.<\/p>\n<p>M\u0259s\u0259l\u0259n, Neft\u00e7alada aprel \u015f\u0259hidi Samid \u0130manovun m\u0259zar\u0131 yax\u0131nl\u0131\u011f\u0131nda basd\u0131r\u0131lm\u0131\u015f dir\u0259kd\u0259 Az\u0259rbaycan bayra\u011f\u0131 dal\u011falan\u0131r. (M\u0259nb\u0259: atv.az). Fotonu t\u0259qdim edirik.<a href=\"http:\/\/www.zerdab.com\/z%c9%99rdabda-s%c9%99hidin-m%c9%99zari-uz%c9%99rind%c9%99ki-bayraq-niy%c9%99-endirilib\/sehid-3\/\" rel=\"attachment wp-att-23213\"><img loading=\"lazy\" decoding=\"async\" class=\"aligncenter size-large wp-image-23213\" src=\"http:\/\/www.zerdab.com\/wp-content\/uploads\/2016\/07\/sehid-413x550.jpg\" alt=\"sehid\" width=\"413\" height=\"550\" \/><\/a><\/p>\n<p>Bak\u0131n\u0131n Bin\u0259q\u0259di rayonunda aprel \u015f\u0259hidi Emin Ba\u011f\u0131rovun m\u0259zar\u0131 yax\u0131nl\u0131\u011f\u0131nda basd\u0131r\u0131lm\u0131\u015f 2 dir\u0259kd\u0259 Az\u0259rbaycan bayra\u011f\u0131 dal\u011falanmaqdad\u0131r. H\u0259min fotonu da t\u0259qdim edirik.<a href=\"http:\/\/www.zerdab.com\/z%c9%99rdabda-s%c9%99hidin-m%c9%99zari-uz%c9%99rind%c9%99ki-bayraq-niy%c9%99-endirilib\/sehid2\/\" rel=\"attachment wp-att-23214\"><img loading=\"lazy\" decoding=\"async\" class=\"aligncenter size-full wp-image-23214\" src=\"http:\/\/www.zerdab.com\/wp-content\/uploads\/2016\/07\/sehid2.jpg\" alt=\"sehid2\" width=\"480\" height=\"480\" \/><\/a><\/p>\n<p><strong>Bu, \u015f\u0259hidin valideynl\u0259ri \u00fc\u00e7\u00fcn t\u0259s\u0259lli m\u0259nb\u0259yi olard\u0131<\/strong><\/p>\n<p>H\u0259r k\u0259s\u0259 b\u0259llidir ki, \u015f\u0259hidin valideynl\u0259rinin onun m\u0259zar\u0131 \u00fcz\u0259rind\u0259 Az\u0259rbaycan bayra\u011f\u0131n\u0131n dal\u011falanmas\u0131n\u0131 ist\u0259m\u0259l\u0259ri onlar\u0131n xo\u015f niyy\u0259tind\u0259n ir\u0259li g\u0259lir v\u0259 bu, onlar \u00fc\u00e7\u00fcn t\u0259s\u0259lli m\u0259nb\u0259yidir. \u018fn az\u0131ndan onu qeyd ed\u0259k ki, yegan\u0259 o\u011flunu h\u0259rb\u00e7i g\u00f6rm\u0259k, \u015f\u0259hid verm\u0259k h\u0259r insan\u0131n i\u015fi deyil.<\/p>\n<p>Z\u0259rdabda L\u00fctv\u0259li Babayevin r\u0259hb\u0259rliyi il\u0259 \u015f\u0259hid ail\u0259l\u0259rin\u0259 daim b\u00f6y\u00fck diqq\u0259t v\u0259 qay\u011f\u0131 g\u00f6st\u0259rilib. \u0130nanaq ki, bu m\u0259s\u0259l\u0259 d\u0259 tezlikl\u0259 h\u0259r k\u0259si qane ed\u0259c\u0259k formada \u00f6z h\u0259llini tapacaq.<\/p>\n<p>Sonda qeyd ed\u0259k ki, Abdullazad\u0259 Nurlan Rasim o\u011flu bu il aprelin 5-d\u0259 c\u0259bh\u0259d\u0259 ged\u0259n d\u00f6y\u00fc\u015fl\u0259rd\u0259 q\u0259hr\u0259mancas\u0131na \u015f\u0259hid olub. Evin t\u0259k o\u011flu idi. \u00d6l\u00fcm\u00fcnd\u0259n sonra &#8220;H\u0259rbi xidm\u0259td\u0259 f\u0259rql\u0259nm\u0259y\u0259 g\u00f6r\u0259&#8221; 3-c\u00fc d\u0259r\u0259c\u0259li medalla t\u0259ltif olunub.<\/p>\n<p><span style=\"color: #ff0000;\"><strong>Zerdab.com<a href=\"http:\/\/www.zerdab.com\/z%c9%99rdabda-s%c9%99hidin-m%c9%99zari-uz%c9%99rind%c9%99ki-bayraq-niy%c9%99-endirilib\/nurlan3\/\" rel=\"attachment wp-att-23216\"><img loading=\"lazy\" decoding=\"async\" class=\"aligncenter size-large wp-image-23216\" src=\"http:\/\/www.zerdab.com\/wp-content\/uploads\/2016\/07\/Nurlan3-550x365.jpg\" alt=\"Nurlan3\" width=\"550\" height=\"365\" \/><\/a><\/strong><\/span><\/p>\n","protected":false},"excerpt":{"rendered":"<p>&nbsp; Aprel d\u00f6y\u00fc\u015fl\u0259rind\u0259 q\u0259hr\u0259mancas\u0131na h\u0259lak olmu\u015f Z\u0259rdabdan olan \u015f\u0259hid Nurlan Rasim o\u011flu Abdullazad\u0259nin ail\u0259sin\u0259 t\u0259zyiql\u0259r olmas\u0131 bar\u0259d\u0259 saytlarda x\u0259b\u0259r yay\u0131l\u0131b. Zerdab.com x\u0259b\u0259r verir ki, \u015f\u0259hidin atas\u0131 &#8220;Dunyamedia.com&#8221; sayt\u0131na a\u00e7\u0131qlamas\u0131nda deyib ki, \u00f6z hesab\u0131na o\u011flunun m\u0259zar\u0131n\u0131n yax\u0131nl\u0131\u011f\u0131nda d\u00fcz\u0259ltdirdiyi dir\u0259kd\u0259n asd\u0131\u011f\u0131 d\u00f6vl\u0259t bayra\u011f\u0131 endirilib. \u015e\u0259hid atas\u0131 Rasim Abdullayev buna etiraz\u0131n\u0131 bildir\u0259r\u0259k, o\u011flunun v\u0259t\u0259n v\u0259 bu bayra\u011f\u0131n dal\u011falanmas\u0131 [&hellip;]<\/p>\n","protected":false},"author":1,"featured_media":0,"comment_status":"open","ping_status":"open","sticky":false,"template":"","format":"standard","meta":{"footnotes":""},"categories":[21],"tags":[],"class_list":{"0":"post-23207","1":"post","2":"type-post","3":"status-publish","4":"format-standard","6":"category-zrdab"},"yoast_head":"<!-- This site is optimized with the Yoast SEO plugin v27.0 - https:\/\/yoast.com\/product\/yoast-seo-wordpress\/ -->\n<title>Z\u0259rdabda \u015f\u0259hidin m\u0259zar\u0131 \u00fcz\u0259rind\u0259ki bayraq niy\u0259 endirilib? - Z\u0259rdab.com<\/title>\n<meta name=\"robots\" content=\"index, follow, max-snippet:-1, max-image-preview:large, max-video-preview:-1\" \/>\n<link rel=\"canonical\" href=\"https:\/\/www.zerdab.com\/?p=23207\" \/>\n<meta property=\"og:locale\" content=\"az_AZ\" \/>\n<meta property=\"og:type\" content=\"article\" \/>\n<meta property=\"og:title\" content=\"Z\u0259rdabda \u015f\u0259hidin m\u0259zar\u0131 \u00fcz\u0259rind\u0259ki bayraq niy\u0259 endirilib? - Z\u0259rdab.com\" \/>\n<meta property=\"og:description\" content=\"&nbsp; Aprel d\u00f6y\u00fc\u015fl\u0259rind\u0259 q\u0259hr\u0259mancas\u0131na h\u0259lak olmu\u015f Z\u0259rdabdan olan \u015f\u0259hid Nurlan Rasim o\u011flu Abdullazad\u0259nin ail\u0259sin\u0259 t\u0259zyiql\u0259r olmas\u0131 bar\u0259d\u0259 saytlarda x\u0259b\u0259r yay\u0131l\u0131b. Zerdab.com x\u0259b\u0259r verir ki, \u015f\u0259hidin atas\u0131 &#8220;Dunyamedia.com&#8221; sayt\u0131na a\u00e7\u0131qlamas\u0131nda deyib ki, \u00f6z hesab\u0131na o\u011flunun m\u0259zar\u0131n\u0131n yax\u0131nl\u0131\u011f\u0131nda d\u00fcz\u0259ltdirdiyi dir\u0259kd\u0259n asd\u0131\u011f\u0131 d\u00f6vl\u0259t bayra\u011f\u0131 endirilib. \u015e\u0259hid atas\u0131 Rasim Abdullayev buna etiraz\u0131n\u0131 bildir\u0259r\u0259k, o\u011flunun v\u0259t\u0259n v\u0259 bu bayra\u011f\u0131n dal\u011falanmas\u0131 [&hellip;]\" \/>\n<meta property=\"og:url\" content=\"https:\/\/www.zerdab.com\/?p=23207\" \/>\n<meta property=\"og:site_name\" content=\"Z\u0259rdab.com\" \/>\n<meta property=\"article:published_time\" content=\"2016-07-31T10:57:24+00:00\" \/>\n<meta property=\"article:modified_time\" content=\"2016-07-31T11:04:36+00:00\" \/>\n<meta property=\"og:image\" content=\"http:\/\/www.zerdab.com\/wp-content\/uploads\/2016\/07\/Nurlan2-413x550.jpg\" \/>\n<meta name=\"author\" content=\"admin\" \/>\n<meta name=\"twitter:card\" content=\"summary_large_image\" \/>\n<meta name=\"twitter:label1\" content=\"Written by\" \/>\n\t<meta name=\"twitter:data1\" content=\"admin\" \/>\n\t<meta name=\"twitter:label2\" content=\"Est. reading time\" \/>\n\t<meta name=\"twitter:data2\" content=\"6 minutes\" \/>\n<script type=\"application\/ld+json\" class=\"yoast-schema-graph\">{\"@context\":\"https:\/\/schema.org\",\"@graph\":[{\"@type\":\"Article\",\"@id\":\"https:\/\/www.zerdab.com\/?p=23207#article\",\"isPartOf\":{\"@id\":\"https:\/\/www.zerdab.com\/?p=23207\"},\"author\":{\"name\":\"admin\",\"@id\":\"https:\/\/www.zerdab.com\/#\/schema\/person\/97079b7570c1e89ec0d9e138c3672136\"},\"headline\":\"Z\u0259rdabda \u015f\u0259hidin m\u0259zar\u0131 \u00fcz\u0259rind\u0259ki bayraq niy\u0259 endirilib?\",\"datePublished\":\"2016-07-31T10:57:24+00:00\",\"dateModified\":\"2016-07-31T11:04:36+00:00\",\"mainEntityOfPage\":{\"@id\":\"https:\/\/www.zerdab.com\/?p=23207\"},\"wordCount\":1149,\"commentCount\":0,\"image\":{\"@id\":\"https:\/\/www.zerdab.com\/?p=23207#primaryimage\"},\"thumbnailUrl\":\"http:\/\/www.zerdab.com\/wp-content\/uploads\/2016\/07\/Nurlan2-413x550.jpg\",\"articleSection\":[\"C\u018fM\u0130YY\u018fT\"],\"inLanguage\":\"az\",\"potentialAction\":[{\"@type\":\"CommentAction\",\"name\":\"Comment\",\"target\":[\"https:\/\/www.zerdab.com\/?p=23207#respond\"]}]},{\"@type\":\"WebPage\",\"@id\":\"https:\/\/www.zerdab.com\/?p=23207\",\"url\":\"https:\/\/www.zerdab.com\/?p=23207\",\"name\":\"Z\u0259rdabda \u015f\u0259hidin m\u0259zar\u0131 \u00fcz\u0259rind\u0259ki bayraq niy\u0259 endirilib? - Z\u0259rdab.com\",\"isPartOf\":{\"@id\":\"https:\/\/www.zerdab.com\/#website\"},\"primaryImageOfPage\":{\"@id\":\"https:\/\/www.zerdab.com\/?p=23207#primaryimage\"},\"image\":{\"@id\":\"https:\/\/www.zerdab.com\/?p=23207#primaryimage\"},\"thumbnailUrl\":\"http:\/\/www.zerdab.com\/wp-content\/uploads\/2016\/07\/Nurlan2-413x550.jpg\",\"datePublished\":\"2016-07-31T10:57:24+00:00\",\"dateModified\":\"2016-07-31T11:04:36+00:00\",\"author\":{\"@id\":\"https:\/\/www.zerdab.com\/#\/schema\/person\/97079b7570c1e89ec0d9e138c3672136\"},\"breadcrumb\":{\"@id\":\"https:\/\/www.zerdab.com\/?p=23207#breadcrumb\"},\"inLanguage\":\"az\",\"potentialAction\":[{\"@type\":\"ReadAction\",\"target\":[\"https:\/\/www.zerdab.com\/?p=23207\"]}]},{\"@type\":\"ImageObject\",\"inLanguage\":\"az\",\"@id\":\"https:\/\/www.zerdab.com\/?p=23207#primaryimage\",\"url\":\"\",\"contentUrl\":\"\"},{\"@type\":\"BreadcrumbList\",\"@id\":\"https:\/\/www.zerdab.com\/?p=23207#breadcrumb\",\"itemListElement\":[{\"@type\":\"ListItem\",\"position\":1,\"name\":\"Home\",\"item\":\"https:\/\/www.zerdab.com\/\"},{\"@type\":\"ListItem\",\"position\":2,\"name\":\"Z\u0259rdabda \u015f\u0259hidin m\u0259zar\u0131 \u00fcz\u0259rind\u0259ki bayraq niy\u0259 endirilib?\"}]},{\"@type\":\"WebSite\",\"@id\":\"https:\/\/www.zerdab.com\/#website\",\"url\":\"https:\/\/www.zerdab.com\/\",\"name\":\"Z\u0259rdab.com\",\"description\":\"\",\"potentialAction\":[{\"@type\":\"SearchAction\",\"target\":{\"@type\":\"EntryPoint\",\"urlTemplate\":\"https:\/\/www.zerdab.com\/?s={search_term_string}\"},\"query-input\":{\"@type\":\"PropertyValueSpecification\",\"valueRequired\":true,\"valueName\":\"search_term_string\"}}],\"inLanguage\":\"az\"},{\"@type\":\"Person\",\"@id\":\"https:\/\/www.zerdab.com\/#\/schema\/person\/97079b7570c1e89ec0d9e138c3672136\",\"name\":\"admin\",\"image\":{\"@type\":\"ImageObject\",\"inLanguage\":\"az\",\"@id\":\"https:\/\/www.zerdab.com\/#\/schema\/person\/image\/\",\"url\":\"https:\/\/secure.gravatar.com\/avatar\/d9c52a9a27c32119cb6679a077fa3e2779e5f822c451cbf01098004361d466ec?s=96&d=mm&r=g\",\"contentUrl\":\"https:\/\/secure.gravatar.com\/avatar\/d9c52a9a27c32119cb6679a077fa3e2779e5f822c451cbf01098004361d466ec?s=96&d=mm&r=g\",\"caption\":\"admin\"},\"url\":\"https:\/\/www.zerdab.com\/?author=1\"}]}<\/script>\n<!-- \/ Yoast SEO plugin. -->","yoast_head_json":{"title":"Z\u0259rdabda \u015f\u0259hidin m\u0259zar\u0131 \u00fcz\u0259rind\u0259ki bayraq niy\u0259 endirilib? - Z\u0259rdab.com","robots":{"index":"index","follow":"follow","max-snippet":"max-snippet:-1","max-image-preview":"max-image-preview:large","max-video-preview":"max-video-preview:-1"},"canonical":"https:\/\/www.zerdab.com\/?p=23207","og_locale":"az_AZ","og_type":"article","og_title":"Z\u0259rdabda \u015f\u0259hidin m\u0259zar\u0131 \u00fcz\u0259rind\u0259ki bayraq niy\u0259 endirilib? - Z\u0259rdab.com","og_description":"&nbsp; Aprel d\u00f6y\u00fc\u015fl\u0259rind\u0259 q\u0259hr\u0259mancas\u0131na h\u0259lak olmu\u015f Z\u0259rdabdan olan \u015f\u0259hid Nurlan Rasim o\u011flu Abdullazad\u0259nin ail\u0259sin\u0259 t\u0259zyiql\u0259r olmas\u0131 bar\u0259d\u0259 saytlarda x\u0259b\u0259r yay\u0131l\u0131b. Zerdab.com x\u0259b\u0259r verir ki, \u015f\u0259hidin atas\u0131 &#8220;Dunyamedia.com&#8221; sayt\u0131na a\u00e7\u0131qlamas\u0131nda deyib ki, \u00f6z hesab\u0131na o\u011flunun m\u0259zar\u0131n\u0131n yax\u0131nl\u0131\u011f\u0131nda d\u00fcz\u0259ltdirdiyi dir\u0259kd\u0259n asd\u0131\u011f\u0131 d\u00f6vl\u0259t bayra\u011f\u0131 endirilib. \u015e\u0259hid atas\u0131 Rasim Abdullayev buna etiraz\u0131n\u0131 bildir\u0259r\u0259k, o\u011flunun v\u0259t\u0259n v\u0259 bu bayra\u011f\u0131n dal\u011falanmas\u0131 [&hellip;]","og_url":"https:\/\/www.zerdab.com\/?p=23207","og_site_name":"Z\u0259rdab.com","article_published_time":"2016-07-31T10:57:24+00:00","article_modified_time":"2016-07-31T11:04:36+00:00","og_image":[{"url":"http:\/\/www.zerdab.com\/wp-content\/uploads\/2016\/07\/Nurlan2-413x550.jpg","type":"","width":"","height":""}],"author":"admin","twitter_card":"summary_large_image","twitter_misc":{"Written by":"admin","Est. reading time":"6 minutes"},"schema":{"@context":"https:\/\/schema.org","@graph":[{"@type":"Article","@id":"https:\/\/www.zerdab.com\/?p=23207#article","isPartOf":{"@id":"https:\/\/www.zerdab.com\/?p=23207"},"author":{"name":"admin","@id":"https:\/\/www.zerdab.com\/#\/schema\/person\/97079b7570c1e89ec0d9e138c3672136"},"headline":"Z\u0259rdabda \u015f\u0259hidin m\u0259zar\u0131 \u00fcz\u0259rind\u0259ki bayraq niy\u0259 endirilib?","datePublished":"2016-07-31T10:57:24+00:00","dateModified":"2016-07-31T11:04:36+00:00","mainEntityOfPage":{"@id":"https:\/\/www.zerdab.com\/?p=23207"},"wordCount":1149,"commentCount":0,"image":{"@id":"https:\/\/www.zerdab.com\/?p=23207#primaryimage"},"thumbnailUrl":"http:\/\/www.zerdab.com\/wp-content\/uploads\/2016\/07\/Nurlan2-413x550.jpg","articleSection":["C\u018fM\u0130YY\u018fT"],"inLanguage":"az","potentialAction":[{"@type":"CommentAction","name":"Comment","target":["https:\/\/www.zerdab.com\/?p=23207#respond"]}]},{"@type":"WebPage","@id":"https:\/\/www.zerdab.com\/?p=23207","url":"https:\/\/www.zerdab.com\/?p=23207","name":"Z\u0259rdabda \u015f\u0259hidin m\u0259zar\u0131 \u00fcz\u0259rind\u0259ki bayraq niy\u0259 endirilib? - Z\u0259rdab.com","isPartOf":{"@id":"https:\/\/www.zerdab.com\/#website"},"primaryImageOfPage":{"@id":"https:\/\/www.zerdab.com\/?p=23207#primaryimage"},"image":{"@id":"https:\/\/www.zerdab.com\/?p=23207#primaryimage"},"thumbnailUrl":"http:\/\/www.zerdab.com\/wp-content\/uploads\/2016\/07\/Nurlan2-413x550.jpg","datePublished":"2016-07-31T10:57:24+00:00","dateModified":"2016-07-31T11:04:36+00:00","author":{"@id":"https:\/\/www.zerdab.com\/#\/schema\/person\/97079b7570c1e89ec0d9e138c3672136"},"breadcrumb":{"@id":"https:\/\/www.zerdab.com\/?p=23207#breadcrumb"},"inLanguage":"az","potentialAction":[{"@type":"ReadAction","target":["https:\/\/www.zerdab.com\/?p=23207"]}]},{"@type":"ImageObject","inLanguage":"az","@id":"https:\/\/www.zerdab.com\/?p=23207#primaryimage","url":"","contentUrl":""},{"@type":"BreadcrumbList","@id":"https:\/\/www.zerdab.com\/?p=23207#breadcrumb","itemListElement":[{"@type":"ListItem","position":1,"name":"Home","item":"https:\/\/www.zerdab.com\/"},{"@type":"ListItem","position":2,"name":"Z\u0259rdabda \u015f\u0259hidin m\u0259zar\u0131 \u00fcz\u0259rind\u0259ki bayraq niy\u0259 endirilib?"}]},{"@type":"WebSite","@id":"https:\/\/www.zerdab.com\/#website","url":"https:\/\/www.zerdab.com\/","name":"Z\u0259rdab.com","description":"","potentialAction":[{"@type":"SearchAction","target":{"@type":"EntryPoint","urlTemplate":"https:\/\/www.zerdab.com\/?s={search_term_string}"},"query-input":{"@type":"PropertyValueSpecification","valueRequired":true,"valueName":"search_term_string"}}],"inLanguage":"az"},{"@type":"Person","@id":"https:\/\/www.zerdab.com\/#\/schema\/person\/97079b7570c1e89ec0d9e138c3672136","name":"admin","image":{"@type":"ImageObject","inLanguage":"az","@id":"https:\/\/www.zerdab.com\/#\/schema\/person\/image\/","url":"https:\/\/secure.gravatar.com\/avatar\/d9c52a9a27c32119cb6679a077fa3e2779e5f822c451cbf01098004361d466ec?s=96&d=mm&r=g","contentUrl":"https:\/\/secure.gravatar.com\/avatar\/d9c52a9a27c32119cb6679a077fa3e2779e5f822c451cbf01098004361d466ec?s=96&d=mm&r=g","caption":"admin"},"url":"https:\/\/www.zerdab.com\/?author=1"}]}},"_links":{"self":[{"href":"https:\/\/www.zerdab.com\/index.php?rest_route=\/wp\/v2\/posts\/23207","targetHints":{"allow":["GET"]}}],"collection":[{"href":"https:\/\/www.zerdab.com\/index.php?rest_route=\/wp\/v2\/posts"}],"about":[{"href":"https:\/\/www.zerdab.com\/index.php?rest_route=\/wp\/v2\/types\/post"}],"author":[{"embeddable":true,"href":"https:\/\/www.zerdab.com\/index.php?rest_route=\/wp\/v2\/users\/1"}],"replies":[{"embeddable":true,"href":"https:\/\/www.zerdab.com\/index.php?rest_route=%2Fwp%2Fv2%2Fcomments&post=23207"}],"version-history":[{"count":5,"href":"https:\/\/www.zerdab.com\/index.php?rest_route=\/wp\/v2\/posts\/23207\/revisions"}],"predecessor-version":[{"id":23221,"href":"https:\/\/www.zerdab.com\/index.php?rest_route=\/wp\/v2\/posts\/23207\/revisions\/23221"}],"wp:attachment":[{"href":"https:\/\/www.zerdab.com\/index.php?rest_route=%2Fwp%2Fv2%2Fmedia&parent=23207"}],"wp:term":[{"taxonomy":"category","embeddable":true,"href":"https:\/\/www.zerdab.com\/index.php?rest_route=%2Fwp%2Fv2%2Fcategories&post=23207"},{"taxonomy":"post_tag","embeddable":true,"href":"https:\/\/www.zerdab.com\/index.php?rest_route=%2Fwp%2Fv2%2Ftags&post=23207"}],"curies":[{"name":"wp","href":"https:\/\/api.w.org\/{rel}","templated":true}]}}