{"id":23237,"date":"2016-08-03T18:20:20","date_gmt":"2016-08-03T14:20:20","guid":{"rendered":"http:\/\/www.zerdab.com\/?p=23237"},"modified":"2016-08-05T16:03:43","modified_gmt":"2016-08-05T12:03:43","slug":"h%c9%99myerlimiz-prezident-yaninda-dovl%c9%99t-idar%c9%99cilik-akademiyasinin-mu%c9%99llimi-tahir-k%c9%99rimov","status":"publish","type":"post","link":"https:\/\/www.zerdab.com\/?p=23237","title":{"rendered":"H\u0259myerlimiz, Prezident yan\u0131nda D\u00f6vl\u0259t \u0130dar\u0259\u00e7ilik Akademiyas\u0131n\u0131n m\u00fc\u0259llimi Tahir K\u0259rimov"},"content":{"rendered":"<p>&nbsp;<\/p>\n<p>K\u0259rimov Tahir Abdulk\u0259rim o\u011flu 1950-ci il yanvar\u0131n 1-d\u0259 Z\u0259rdab rayonunun \u015e\u0259ft\u0259hal k\u0259ndind\u0259 anadan olub. Orta m\u0259kt\u0259bi rayonumuzda bitirib. Ali m\u0259kt\u0259bi u\u011furla tamamlay\u0131b. Haz\u0131rda Az\u0259rbaycan Respublikas\u0131n\u0131n Prezidenti yan\u0131nda D\u00f6vl\u0259t \u0130dar\u0259\u00e7ilik Akademiyas\u0131n\u0131n \u015f\u00f6b\u0259 m\u00fcdiri, m\u00fc\u0259llimidir.<\/p>\n<p>Tahir K\u0259rimov do\u011fma rayonuna, el-obas\u0131na ba\u011fl\u0131 ziyal\u0131lardand\u0131r. Bir a\u011fsaqqal ziyal\u0131 kimi Bak\u0131da ya\u015fayan\u00a0h\u0259myerlil\u0259rinin d\u0259 probleml\u0259rinin h\u0259llin\u0259 \u00e7al\u0131\u015f\u0131r, onlar\u0131 \u00f6z \u0259traf\u0131nda toplay\u0131r, m\u0259sl\u0259h\u0259tl\u0259rini \u0259sirg\u0259mir.<\/p>\n<p>Tahir m\u00fc\u0259llim h\u0259m d\u0259 g\u00f6z\u0259l ail\u0259 ba\u015f\u00e7\u0131s\u0131d\u0131r. <span style=\"color: #3366ff;\"><strong>Zerdab.com<\/strong><\/span> sayt\u0131 olaraq d\u0259y\u0259rli h\u0259myerlimiz\u0259 uzun \u00f6m\u00fcr, cansa\u011fl\u0131\u011f\u0131, i\u015fl\u0259rind\u0259 u\u011furlar arzulay\u0131r\u0131q.<\/p>\n<p><span style=\"color: #0000ff;\"><strong>Zerdab.com<\/strong><\/span><\/p>\n","protected":false},"excerpt":{"rendered":"<p>&nbsp; K\u0259rimov Tahir Abdulk\u0259rim o\u011flu 1950-ci il yanvar\u0131n 1-d\u0259 Z\u0259rdab rayonunun \u015e\u0259ft\u0259hal k\u0259ndind\u0259 anadan olub. Orta m\u0259kt\u0259bi rayonumuzda bitirib. Ali m\u0259kt\u0259bi u\u011furla tamamlay\u0131b. Haz\u0131rda Az\u0259rbaycan Respublikas\u0131n\u0131n Prezidenti yan\u0131nda D\u00f6vl\u0259t \u0130dar\u0259\u00e7ilik Akademiyas\u0131n\u0131n \u015f\u00f6b\u0259 m\u00fcdiri, m\u00fc\u0259llimidir. Tahir K\u0259rimov do\u011fma rayonuna, el-obas\u0131na ba\u011fl\u0131 ziyal\u0131lardand\u0131r. Bir a\u011fsaqqal ziyal\u0131 kimi Bak\u0131da ya\u015fayan\u00a0h\u0259myerlil\u0259rinin d\u0259 probleml\u0259rinin h\u0259llin\u0259 \u00e7al\u0131\u015f\u0131r, onlar\u0131 \u00f6z \u0259traf\u0131nda toplay\u0131r, [&hellip;]<\/p>\n","protected":false},"author":1,"featured_media":0,"comment_status":"open","ping_status":"open","sticky":false,"template":"","format":"standard","meta":{"footnotes":""},"categories":[7],"tags":[],"class_list":{"0":"post-23237","1":"post","2":"type-post","3":"status-publish","4":"format-standard","6":"category-ziyalilar"},"yoast_head":"<!-- This site is optimized with the Yoast SEO plugin v27.0 - https:\/\/yoast.com\/product\/yoast-seo-wordpress\/ -->\n<title>H\u0259myerlimiz, Prezident yan\u0131nda D\u00f6vl\u0259t \u0130dar\u0259\u00e7ilik Akademiyas\u0131n\u0131n m\u00fc\u0259llimi Tahir K\u0259rimov - Z\u0259rdab.com<\/title>\n<meta name=\"robots\" content=\"index, follow, max-snippet:-1, max-image-preview:large, max-video-preview:-1\" \/>\n<link rel=\"canonical\" href=\"https:\/\/www.zerdab.com\/?p=23237\" \/>\n<meta property=\"og:locale\" content=\"az_AZ\" \/>\n<meta property=\"og:type\" content=\"article\" \/>\n<meta property=\"og:title\" content=\"H\u0259myerlimiz, Prezident yan\u0131nda D\u00f6vl\u0259t \u0130dar\u0259\u00e7ilik Akademiyas\u0131n\u0131n m\u00fc\u0259llimi Tahir K\u0259rimov - Z\u0259rdab.com\" \/>\n<meta property=\"og:description\" content=\"&nbsp; K\u0259rimov Tahir Abdulk\u0259rim o\u011flu 1950-ci il yanvar\u0131n 1-d\u0259 Z\u0259rdab rayonunun \u015e\u0259ft\u0259hal k\u0259ndind\u0259 anadan olub. Orta m\u0259kt\u0259bi rayonumuzda bitirib. Ali m\u0259kt\u0259bi u\u011furla tamamlay\u0131b. Haz\u0131rda Az\u0259rbaycan Respublikas\u0131n\u0131n Prezidenti yan\u0131nda D\u00f6vl\u0259t \u0130dar\u0259\u00e7ilik Akademiyas\u0131n\u0131n \u015f\u00f6b\u0259 m\u00fcdiri, m\u00fc\u0259llimidir. Tahir K\u0259rimov do\u011fma rayonuna, el-obas\u0131na ba\u011fl\u0131 ziyal\u0131lardand\u0131r. Bir a\u011fsaqqal ziyal\u0131 kimi Bak\u0131da ya\u015fayan\u00a0h\u0259myerlil\u0259rinin d\u0259 probleml\u0259rinin h\u0259llin\u0259 \u00e7al\u0131\u015f\u0131r, onlar\u0131 \u00f6z \u0259traf\u0131nda toplay\u0131r, [&hellip;]\" \/>\n<meta property=\"og:url\" content=\"https:\/\/www.zerdab.com\/?p=23237\" \/>\n<meta property=\"og:site_name\" content=\"Z\u0259rdab.com\" \/>\n<meta property=\"article:published_time\" content=\"2016-08-03T14:20:20+00:00\" \/>\n<meta property=\"article:modified_time\" content=\"2016-08-05T12:03:43+00:00\" \/>\n<meta name=\"author\" content=\"admin\" \/>\n<meta name=\"twitter:card\" content=\"summary_large_image\" \/>\n<meta name=\"twitter:label1\" content=\"Written by\" \/>\n\t<meta name=\"twitter:data1\" content=\"admin\" \/>\n\t<meta name=\"twitter:label2\" content=\"Est. reading time\" \/>\n\t<meta name=\"twitter:data2\" content=\"1 minute\" \/>\n<script type=\"application\/ld+json\" class=\"yoast-schema-graph\">{\"@context\":\"https:\/\/schema.org\",\"@graph\":[{\"@type\":\"Article\",\"@id\":\"https:\/\/www.zerdab.com\/?p=23237#article\",\"isPartOf\":{\"@id\":\"https:\/\/www.zerdab.com\/?p=23237\"},\"author\":{\"name\":\"admin\",\"@id\":\"https:\/\/www.zerdab.com\/#\/schema\/person\/97079b7570c1e89ec0d9e138c3672136\"},\"headline\":\"H\u0259myerlimiz, Prezident yan\u0131nda D\u00f6vl\u0259t \u0130dar\u0259\u00e7ilik Akademiyas\u0131n\u0131n m\u00fc\u0259llimi Tahir K\u0259rimov\",\"datePublished\":\"2016-08-03T14:20:20+00:00\",\"dateModified\":\"2016-08-05T12:03:43+00:00\",\"mainEntityOfPage\":{\"@id\":\"https:\/\/www.zerdab.com\/?p=23237\"},\"wordCount\":160,\"commentCount\":0,\"articleSection\":[\"F\u018fXRL\u018fR\u0130M\u0130Z\"],\"inLanguage\":\"az\",\"potentialAction\":[{\"@type\":\"CommentAction\",\"name\":\"Comment\",\"target\":[\"https:\/\/www.zerdab.com\/?p=23237#respond\"]}]},{\"@type\":\"WebPage\",\"@id\":\"https:\/\/www.zerdab.com\/?p=23237\",\"url\":\"https:\/\/www.zerdab.com\/?p=23237\",\"name\":\"H\u0259myerlimiz, Prezident yan\u0131nda D\u00f6vl\u0259t \u0130dar\u0259\u00e7ilik Akademiyas\u0131n\u0131n m\u00fc\u0259llimi Tahir K\u0259rimov - Z\u0259rdab.com\",\"isPartOf\":{\"@id\":\"https:\/\/www.zerdab.com\/#website\"},\"datePublished\":\"2016-08-03T14:20:20+00:00\",\"dateModified\":\"2016-08-05T12:03:43+00:00\",\"author\":{\"@id\":\"https:\/\/www.zerdab.com\/#\/schema\/person\/97079b7570c1e89ec0d9e138c3672136\"},\"breadcrumb\":{\"@id\":\"https:\/\/www.zerdab.com\/?p=23237#breadcrumb\"},\"inLanguage\":\"az\",\"potentialAction\":[{\"@type\":\"ReadAction\",\"target\":[\"https:\/\/www.zerdab.com\/?p=23237\"]}]},{\"@type\":\"BreadcrumbList\",\"@id\":\"https:\/\/www.zerdab.com\/?p=23237#breadcrumb\",\"itemListElement\":[{\"@type\":\"ListItem\",\"position\":1,\"name\":\"Home\",\"item\":\"https:\/\/www.zerdab.com\/\"},{\"@type\":\"ListItem\",\"position\":2,\"name\":\"H\u0259myerlimiz, Prezident yan\u0131nda D\u00f6vl\u0259t \u0130dar\u0259\u00e7ilik Akademiyas\u0131n\u0131n m\u00fc\u0259llimi Tahir K\u0259rimov\"}]},{\"@type\":\"WebSite\",\"@id\":\"https:\/\/www.zerdab.com\/#website\",\"url\":\"https:\/\/www.zerdab.com\/\",\"name\":\"Z\u0259rdab.com\",\"description\":\"\",\"potentialAction\":[{\"@type\":\"SearchAction\",\"target\":{\"@type\":\"EntryPoint\",\"urlTemplate\":\"https:\/\/www.zerdab.com\/?s={search_term_string}\"},\"query-input\":{\"@type\":\"PropertyValueSpecification\",\"valueRequired\":true,\"valueName\":\"search_term_string\"}}],\"inLanguage\":\"az\"},{\"@type\":\"Person\",\"@id\":\"https:\/\/www.zerdab.com\/#\/schema\/person\/97079b7570c1e89ec0d9e138c3672136\",\"name\":\"admin\",\"image\":{\"@type\":\"ImageObject\",\"inLanguage\":\"az\",\"@id\":\"https:\/\/www.zerdab.com\/#\/schema\/person\/image\/\",\"url\":\"https:\/\/secure.gravatar.com\/avatar\/d9c52a9a27c32119cb6679a077fa3e2779e5f822c451cbf01098004361d466ec?s=96&d=mm&r=g\",\"contentUrl\":\"https:\/\/secure.gravatar.com\/avatar\/d9c52a9a27c32119cb6679a077fa3e2779e5f822c451cbf01098004361d466ec?s=96&d=mm&r=g\",\"caption\":\"admin\"},\"url\":\"https:\/\/www.zerdab.com\/?author=1\"}]}<\/script>\n<!-- \/ Yoast SEO plugin. -->","yoast_head_json":{"title":"H\u0259myerlimiz, Prezident yan\u0131nda D\u00f6vl\u0259t \u0130dar\u0259\u00e7ilik Akademiyas\u0131n\u0131n m\u00fc\u0259llimi Tahir K\u0259rimov - Z\u0259rdab.com","robots":{"index":"index","follow":"follow","max-snippet":"max-snippet:-1","max-image-preview":"max-image-preview:large","max-video-preview":"max-video-preview:-1"},"canonical":"https:\/\/www.zerdab.com\/?p=23237","og_locale":"az_AZ","og_type":"article","og_title":"H\u0259myerlimiz, Prezident yan\u0131nda D\u00f6vl\u0259t \u0130dar\u0259\u00e7ilik Akademiyas\u0131n\u0131n m\u00fc\u0259llimi Tahir K\u0259rimov - Z\u0259rdab.com","og_description":"&nbsp; K\u0259rimov Tahir Abdulk\u0259rim o\u011flu 1950-ci il yanvar\u0131n 1-d\u0259 Z\u0259rdab rayonunun \u015e\u0259ft\u0259hal k\u0259ndind\u0259 anadan olub. Orta m\u0259kt\u0259bi rayonumuzda bitirib. Ali m\u0259kt\u0259bi u\u011furla tamamlay\u0131b. Haz\u0131rda Az\u0259rbaycan Respublikas\u0131n\u0131n Prezidenti yan\u0131nda D\u00f6vl\u0259t \u0130dar\u0259\u00e7ilik Akademiyas\u0131n\u0131n \u015f\u00f6b\u0259 m\u00fcdiri, m\u00fc\u0259llimidir. Tahir K\u0259rimov do\u011fma rayonuna, el-obas\u0131na ba\u011fl\u0131 ziyal\u0131lardand\u0131r. Bir a\u011fsaqqal ziyal\u0131 kimi Bak\u0131da ya\u015fayan\u00a0h\u0259myerlil\u0259rinin d\u0259 probleml\u0259rinin h\u0259llin\u0259 \u00e7al\u0131\u015f\u0131r, onlar\u0131 \u00f6z \u0259traf\u0131nda toplay\u0131r, [&hellip;]","og_url":"https:\/\/www.zerdab.com\/?p=23237","og_site_name":"Z\u0259rdab.com","article_published_time":"2016-08-03T14:20:20+00:00","article_modified_time":"2016-08-05T12:03:43+00:00","author":"admin","twitter_card":"summary_large_image","twitter_misc":{"Written by":"admin","Est. reading time":"1 minute"},"schema":{"@context":"https:\/\/schema.org","@graph":[{"@type":"Article","@id":"https:\/\/www.zerdab.com\/?p=23237#article","isPartOf":{"@id":"https:\/\/www.zerdab.com\/?p=23237"},"author":{"name":"admin","@id":"https:\/\/www.zerdab.com\/#\/schema\/person\/97079b7570c1e89ec0d9e138c3672136"},"headline":"H\u0259myerlimiz, Prezident yan\u0131nda D\u00f6vl\u0259t \u0130dar\u0259\u00e7ilik Akademiyas\u0131n\u0131n m\u00fc\u0259llimi Tahir K\u0259rimov","datePublished":"2016-08-03T14:20:20+00:00","dateModified":"2016-08-05T12:03:43+00:00","mainEntityOfPage":{"@id":"https:\/\/www.zerdab.com\/?p=23237"},"wordCount":160,"commentCount":0,"articleSection":["F\u018fXRL\u018fR\u0130M\u0130Z"],"inLanguage":"az","potentialAction":[{"@type":"CommentAction","name":"Comment","target":["https:\/\/www.zerdab.com\/?p=23237#respond"]}]},{"@type":"WebPage","@id":"https:\/\/www.zerdab.com\/?p=23237","url":"https:\/\/www.zerdab.com\/?p=23237","name":"H\u0259myerlimiz, Prezident yan\u0131nda D\u00f6vl\u0259t \u0130dar\u0259\u00e7ilik Akademiyas\u0131n\u0131n m\u00fc\u0259llimi Tahir K\u0259rimov - Z\u0259rdab.com","isPartOf":{"@id":"https:\/\/www.zerdab.com\/#website"},"datePublished":"2016-08-03T14:20:20+00:00","dateModified":"2016-08-05T12:03:43+00:00","author":{"@id":"https:\/\/www.zerdab.com\/#\/schema\/person\/97079b7570c1e89ec0d9e138c3672136"},"breadcrumb":{"@id":"https:\/\/www.zerdab.com\/?p=23237#breadcrumb"},"inLanguage":"az","potentialAction":[{"@type":"ReadAction","target":["https:\/\/www.zerdab.com\/?p=23237"]}]},{"@type":"BreadcrumbList","@id":"https:\/\/www.zerdab.com\/?p=23237#breadcrumb","itemListElement":[{"@type":"ListItem","position":1,"name":"Home","item":"https:\/\/www.zerdab.com\/"},{"@type":"ListItem","position":2,"name":"H\u0259myerlimiz, Prezident yan\u0131nda D\u00f6vl\u0259t \u0130dar\u0259\u00e7ilik Akademiyas\u0131n\u0131n m\u00fc\u0259llimi Tahir K\u0259rimov"}]},{"@type":"WebSite","@id":"https:\/\/www.zerdab.com\/#website","url":"https:\/\/www.zerdab.com\/","name":"Z\u0259rdab.com","description":"","potentialAction":[{"@type":"SearchAction","target":{"@type":"EntryPoint","urlTemplate":"https:\/\/www.zerdab.com\/?s={search_term_string}"},"query-input":{"@type":"PropertyValueSpecification","valueRequired":true,"valueName":"search_term_string"}}],"inLanguage":"az"},{"@type":"Person","@id":"https:\/\/www.zerdab.com\/#\/schema\/person\/97079b7570c1e89ec0d9e138c3672136","name":"admin","image":{"@type":"ImageObject","inLanguage":"az","@id":"https:\/\/www.zerdab.com\/#\/schema\/person\/image\/","url":"https:\/\/secure.gravatar.com\/avatar\/d9c52a9a27c32119cb6679a077fa3e2779e5f822c451cbf01098004361d466ec?s=96&d=mm&r=g","contentUrl":"https:\/\/secure.gravatar.com\/avatar\/d9c52a9a27c32119cb6679a077fa3e2779e5f822c451cbf01098004361d466ec?s=96&d=mm&r=g","caption":"admin"},"url":"https:\/\/www.zerdab.com\/?author=1"}]}},"_links":{"self":[{"href":"https:\/\/www.zerdab.com\/index.php?rest_route=\/wp\/v2\/posts\/23237","targetHints":{"allow":["GET"]}}],"collection":[{"href":"https:\/\/www.zerdab.com\/index.php?rest_route=\/wp\/v2\/posts"}],"about":[{"href":"https:\/\/www.zerdab.com\/index.php?rest_route=\/wp\/v2\/types\/post"}],"author":[{"embeddable":true,"href":"https:\/\/www.zerdab.com\/index.php?rest_route=\/wp\/v2\/users\/1"}],"replies":[{"embeddable":true,"href":"https:\/\/www.zerdab.com\/index.php?rest_route=%2Fwp%2Fv2%2Fcomments&post=23237"}],"version-history":[{"count":3,"href":"https:\/\/www.zerdab.com\/index.php?rest_route=\/wp\/v2\/posts\/23237\/revisions"}],"predecessor-version":[{"id":23247,"href":"https:\/\/www.zerdab.com\/index.php?rest_route=\/wp\/v2\/posts\/23237\/revisions\/23247"}],"wp:attachment":[{"href":"https:\/\/www.zerdab.com\/index.php?rest_route=%2Fwp%2Fv2%2Fmedia&parent=23237"}],"wp:term":[{"taxonomy":"category","embeddable":true,"href":"https:\/\/www.zerdab.com\/index.php?rest_route=%2Fwp%2Fv2%2Fcategories&post=23237"},{"taxonomy":"post_tag","embeddable":true,"href":"https:\/\/www.zerdab.com\/index.php?rest_route=%2Fwp%2Fv2%2Ftags&post=23237"}],"curies":[{"name":"wp","href":"https:\/\/api.w.org\/{rel}","templated":true}]}}