{"id":23420,"date":"2016-09-01T21:07:43","date_gmt":"2016-09-01T17:07:43","guid":{"rendered":"http:\/\/www.zerdab.com\/?p=23420"},"modified":"2016-09-01T21:07:43","modified_gmt":"2016-09-01T17:07:43","slug":"prezidentin-t%c9%99ltif-etdiyi-medal-h%c9%99myerlimiz-p%c9%99rvin-mahmudovaya-t%c9%99qdim-olundu","status":"publish","type":"post","link":"https:\/\/www.zerdab.com\/?p=23420","title":{"rendered":"Prezidentin t\u0259ltif etdiyi medal h\u0259myerlimiz P\u0259rvin Mahmudovaya t\u0259qdim olundu"},"content":{"rendered":"<p>&nbsp;<\/p>\n<p><strong>Z\u0259rdab Rayon \u0130cra Hakimiyy\u0259ti Ba\u015f\u00e7\u0131n\u0131n m\u00fcavini-sosial-iqtisadi inki\u015faf\u0131n t\u0259hlili v\u0259 proqnozla\u015fd\u0131r\u0131lmas\u0131 \u015f\u00f6b\u0259sinin m\u00fcdiri, YAP Z\u0259rdab Rayon T\u0259\u015fkilat\u0131n\u0131n s\u0259dri P\u0259rvin \u015e\u0259rif q\u0131z\u0131 Mahmudova &#8220;D\u00f6vl\u0259t qullu\u011funda f\u0259rql\u0259nm\u0259y\u0259 g\u00f6r\u0259&#8221; medal\u0131 il\u0259 t\u0259ltif olunub.<\/strong><\/p>\n<p><strong><span style=\"color: #0000ff;\">Zerdab.com<\/span> sayt\u0131 x\u0259b\u0259r verir ki, Az\u0259rbaycan Respublikas\u0131 Prezidenti \u0130lham \u018fliyev 22 iyun 2016-c\u0131 il tarixind\u0259 bununla \u0259laq\u0259dar s\u0259r\u0259ncam imzalay\u0131b. Z\u0259rdab rayon Heyd\u0259r \u018fliyev M\u0259rk\u0259zind\u0259 medal\u0131n P\u0259rvin Mahmudovaya t\u0259qdimetm\u0259 m\u0259rasimi ke\u00e7irilib.<\/strong><\/p>\n<p><strong>Z\u0259rdab Rayon \u0130cra Hakimiyy\u0259tinin ba\u015f\u00e7\u0131s\u0131 L\u00fctv\u0259li Babayev t\u0259r\u0259find\u0259n &#8220;D\u00f6vl\u0259t qullu\u011funda f\u0259rql\u0259nm\u0259y\u0259 g\u00f6r\u0259&#8221; medal\u0131 P\u0259rvin Mahmudovaya t\u0259nt\u0259n\u0259li t\u0259qdim olunub.<\/strong><\/p>\n<p><span style=\"color: #0000ff;\"><strong>Zerdab.com<a href=\"http:\/\/www.zerdab.com\/prezidentin-t%c9%99ltif-etdiyi-medal-h%c9%99myerlimiz-p%c9%99rvin-mahmudovaya-t%c9%99qdim-olundu\/lutv%c9%99li-babayev1\/\" rel=\"attachment wp-att-23422\"><img loading=\"lazy\" decoding=\"async\" class=\"aligncenter size-large wp-image-23422\" src=\"http:\/\/www.zerdab.com\/wp-content\/uploads\/2016\/09\/L\u00fctv\u0259li-Babayev1-550x365.jpg\" alt=\"L\u00fctv\u0259li Babayev\" width=\"550\" height=\"365\" \/><\/a><a href=\"http:\/\/www.zerdab.com\/prezidentin-t%c9%99ltif-etdiyi-medal-h%c9%99myerlimiz-p%c9%99rvin-mahmudovaya-t%c9%99qdim-olundu\/lutv%c9%99li-babayev-4\/\" rel=\"attachment wp-att-23421\"><br \/>\n<\/a><a href=\"http:\/\/www.zerdab.com\/prezidentin-t%c9%99ltif-etdiyi-medal-h%c9%99myerlimiz-p%c9%99rvin-mahmudovaya-t%c9%99qdim-olundu\/lutv%c9%99li-babayev2\/\" rel=\"attachment wp-att-23423\"><img loading=\"lazy\" decoding=\"async\" class=\"aligncenter size-large wp-image-23423\" src=\"http:\/\/www.zerdab.com\/wp-content\/uploads\/2016\/09\/L\u00fctv\u0259li-Babayev2-365x550.jpg\" alt=\"L\u00fctv\u0259li Babayev\" width=\"365\" height=\"550\" \/><\/a><\/strong><\/span><\/p>\n","protected":false},"excerpt":{"rendered":"<p>&nbsp; Z\u0259rdab Rayon \u0130cra Hakimiyy\u0259ti Ba\u015f\u00e7\u0131n\u0131n m\u00fcavini-sosial-iqtisadi inki\u015faf\u0131n t\u0259hlili v\u0259 proqnozla\u015fd\u0131r\u0131lmas\u0131 \u015f\u00f6b\u0259sinin m\u00fcdiri, YAP Z\u0259rdab Rayon T\u0259\u015fkilat\u0131n\u0131n s\u0259dri P\u0259rvin \u015e\u0259rif q\u0131z\u0131 Mahmudova &#8220;D\u00f6vl\u0259t qullu\u011funda f\u0259rql\u0259nm\u0259y\u0259 g\u00f6r\u0259&#8221; medal\u0131 il\u0259 t\u0259ltif olunub. Zerdab.com sayt\u0131 x\u0259b\u0259r verir ki, Az\u0259rbaycan Respublikas\u0131 Prezidenti \u0130lham \u018fliyev 22 iyun 2016-c\u0131 il tarixind\u0259 bununla \u0259laq\u0259dar s\u0259r\u0259ncam imzalay\u0131b. Z\u0259rdab rayon Heyd\u0259r \u018fliyev M\u0259rk\u0259zind\u0259 medal\u0131n [&hellip;]<\/p>\n","protected":false},"author":1,"featured_media":0,"comment_status":"open","ping_status":"open","sticky":false,"template":"","format":"standard","meta":{"footnotes":""},"categories":[5],"tags":[],"class_list":{"0":"post-23420","1":"post","2":"type-post","3":"status-publish","4":"format-standard","6":"category-knd"},"yoast_head":"<!-- This site is optimized with the Yoast SEO plugin v27.0 - https:\/\/yoast.com\/product\/yoast-seo-wordpress\/ -->\n<title>Prezidentin t\u0259ltif etdiyi medal h\u0259myerlimiz P\u0259rvin Mahmudovaya t\u0259qdim olundu - Z\u0259rdab.com<\/title>\n<meta name=\"robots\" content=\"index, follow, max-snippet:-1, max-image-preview:large, max-video-preview:-1\" \/>\n<link rel=\"canonical\" href=\"https:\/\/www.zerdab.com\/?p=23420\" \/>\n<meta property=\"og:locale\" content=\"az_AZ\" \/>\n<meta property=\"og:type\" content=\"article\" \/>\n<meta property=\"og:title\" content=\"Prezidentin t\u0259ltif etdiyi medal h\u0259myerlimiz P\u0259rvin Mahmudovaya t\u0259qdim olundu - Z\u0259rdab.com\" \/>\n<meta property=\"og:description\" content=\"&nbsp; Z\u0259rdab Rayon \u0130cra Hakimiyy\u0259ti Ba\u015f\u00e7\u0131n\u0131n m\u00fcavini-sosial-iqtisadi inki\u015faf\u0131n t\u0259hlili v\u0259 proqnozla\u015fd\u0131r\u0131lmas\u0131 \u015f\u00f6b\u0259sinin m\u00fcdiri, YAP Z\u0259rdab Rayon T\u0259\u015fkilat\u0131n\u0131n s\u0259dri P\u0259rvin \u015e\u0259rif q\u0131z\u0131 Mahmudova &#8220;D\u00f6vl\u0259t qullu\u011funda f\u0259rql\u0259nm\u0259y\u0259 g\u00f6r\u0259&#8221; medal\u0131 il\u0259 t\u0259ltif olunub. Zerdab.com sayt\u0131 x\u0259b\u0259r verir ki, Az\u0259rbaycan Respublikas\u0131 Prezidenti \u0130lham \u018fliyev 22 iyun 2016-c\u0131 il tarixind\u0259 bununla \u0259laq\u0259dar s\u0259r\u0259ncam imzalay\u0131b. Z\u0259rdab rayon Heyd\u0259r \u018fliyev M\u0259rk\u0259zind\u0259 medal\u0131n [&hellip;]\" \/>\n<meta property=\"og:url\" content=\"https:\/\/www.zerdab.com\/?p=23420\" \/>\n<meta property=\"og:site_name\" content=\"Z\u0259rdab.com\" \/>\n<meta property=\"article:published_time\" content=\"2016-09-01T17:07:43+00:00\" \/>\n<meta name=\"author\" content=\"admin\" \/>\n<meta name=\"twitter:card\" content=\"summary_large_image\" \/>\n<meta name=\"twitter:label1\" content=\"Written by\" \/>\n\t<meta name=\"twitter:data1\" content=\"admin\" \/>\n\t<meta name=\"twitter:label2\" content=\"Est. reading time\" \/>\n\t<meta name=\"twitter:data2\" content=\"1 minute\" \/>\n<script type=\"application\/ld+json\" class=\"yoast-schema-graph\">{\"@context\":\"https:\/\/schema.org\",\"@graph\":[{\"@type\":\"Article\",\"@id\":\"https:\/\/www.zerdab.com\/?p=23420#article\",\"isPartOf\":{\"@id\":\"https:\/\/www.zerdab.com\/?p=23420\"},\"author\":{\"name\":\"admin\",\"@id\":\"https:\/\/www.zerdab.com\/#\/schema\/person\/97079b7570c1e89ec0d9e138c3672136\"},\"headline\":\"Prezidentin t\u0259ltif etdiyi medal h\u0259myerlimiz P\u0259rvin Mahmudovaya t\u0259qdim olundu\",\"datePublished\":\"2016-09-01T17:07:43+00:00\",\"mainEntityOfPage\":{\"@id\":\"https:\/\/www.zerdab.com\/?p=23420\"},\"wordCount\":157,\"commentCount\":0,\"articleSection\":[\"X\u018fB\u018fRL\u018fR\"],\"inLanguage\":\"az\",\"potentialAction\":[{\"@type\":\"CommentAction\",\"name\":\"Comment\",\"target\":[\"https:\/\/www.zerdab.com\/?p=23420#respond\"]}]},{\"@type\":\"WebPage\",\"@id\":\"https:\/\/www.zerdab.com\/?p=23420\",\"url\":\"https:\/\/www.zerdab.com\/?p=23420\",\"name\":\"Prezidentin t\u0259ltif etdiyi medal h\u0259myerlimiz P\u0259rvin Mahmudovaya t\u0259qdim olundu - Z\u0259rdab.com\",\"isPartOf\":{\"@id\":\"https:\/\/www.zerdab.com\/#website\"},\"datePublished\":\"2016-09-01T17:07:43+00:00\",\"author\":{\"@id\":\"https:\/\/www.zerdab.com\/#\/schema\/person\/97079b7570c1e89ec0d9e138c3672136\"},\"breadcrumb\":{\"@id\":\"https:\/\/www.zerdab.com\/?p=23420#breadcrumb\"},\"inLanguage\":\"az\",\"potentialAction\":[{\"@type\":\"ReadAction\",\"target\":[\"https:\/\/www.zerdab.com\/?p=23420\"]}]},{\"@type\":\"BreadcrumbList\",\"@id\":\"https:\/\/www.zerdab.com\/?p=23420#breadcrumb\",\"itemListElement\":[{\"@type\":\"ListItem\",\"position\":1,\"name\":\"Home\",\"item\":\"https:\/\/www.zerdab.com\/\"},{\"@type\":\"ListItem\",\"position\":2,\"name\":\"Prezidentin t\u0259ltif etdiyi medal h\u0259myerlimiz P\u0259rvin Mahmudovaya t\u0259qdim olundu\"}]},{\"@type\":\"WebSite\",\"@id\":\"https:\/\/www.zerdab.com\/#website\",\"url\":\"https:\/\/www.zerdab.com\/\",\"name\":\"Z\u0259rdab.com\",\"description\":\"\",\"potentialAction\":[{\"@type\":\"SearchAction\",\"target\":{\"@type\":\"EntryPoint\",\"urlTemplate\":\"https:\/\/www.zerdab.com\/?s={search_term_string}\"},\"query-input\":{\"@type\":\"PropertyValueSpecification\",\"valueRequired\":true,\"valueName\":\"search_term_string\"}}],\"inLanguage\":\"az\"},{\"@type\":\"Person\",\"@id\":\"https:\/\/www.zerdab.com\/#\/schema\/person\/97079b7570c1e89ec0d9e138c3672136\",\"name\":\"admin\",\"image\":{\"@type\":\"ImageObject\",\"inLanguage\":\"az\",\"@id\":\"https:\/\/www.zerdab.com\/#\/schema\/person\/image\/\",\"url\":\"https:\/\/secure.gravatar.com\/avatar\/d9c52a9a27c32119cb6679a077fa3e2779e5f822c451cbf01098004361d466ec?s=96&d=mm&r=g\",\"contentUrl\":\"https:\/\/secure.gravatar.com\/avatar\/d9c52a9a27c32119cb6679a077fa3e2779e5f822c451cbf01098004361d466ec?s=96&d=mm&r=g\",\"caption\":\"admin\"},\"url\":\"https:\/\/www.zerdab.com\/?author=1\"}]}<\/script>\n<!-- \/ Yoast SEO plugin. -->","yoast_head_json":{"title":"Prezidentin t\u0259ltif etdiyi medal h\u0259myerlimiz P\u0259rvin Mahmudovaya t\u0259qdim olundu - Z\u0259rdab.com","robots":{"index":"index","follow":"follow","max-snippet":"max-snippet:-1","max-image-preview":"max-image-preview:large","max-video-preview":"max-video-preview:-1"},"canonical":"https:\/\/www.zerdab.com\/?p=23420","og_locale":"az_AZ","og_type":"article","og_title":"Prezidentin t\u0259ltif etdiyi medal h\u0259myerlimiz P\u0259rvin Mahmudovaya t\u0259qdim olundu - Z\u0259rdab.com","og_description":"&nbsp; Z\u0259rdab Rayon \u0130cra Hakimiyy\u0259ti Ba\u015f\u00e7\u0131n\u0131n m\u00fcavini-sosial-iqtisadi inki\u015faf\u0131n t\u0259hlili v\u0259 proqnozla\u015fd\u0131r\u0131lmas\u0131 \u015f\u00f6b\u0259sinin m\u00fcdiri, YAP Z\u0259rdab Rayon T\u0259\u015fkilat\u0131n\u0131n s\u0259dri P\u0259rvin \u015e\u0259rif q\u0131z\u0131 Mahmudova &#8220;D\u00f6vl\u0259t qullu\u011funda f\u0259rql\u0259nm\u0259y\u0259 g\u00f6r\u0259&#8221; medal\u0131 il\u0259 t\u0259ltif olunub. Zerdab.com sayt\u0131 x\u0259b\u0259r verir ki, Az\u0259rbaycan Respublikas\u0131 Prezidenti \u0130lham \u018fliyev 22 iyun 2016-c\u0131 il tarixind\u0259 bununla \u0259laq\u0259dar s\u0259r\u0259ncam imzalay\u0131b. Z\u0259rdab rayon Heyd\u0259r \u018fliyev M\u0259rk\u0259zind\u0259 medal\u0131n [&hellip;]","og_url":"https:\/\/www.zerdab.com\/?p=23420","og_site_name":"Z\u0259rdab.com","article_published_time":"2016-09-01T17:07:43+00:00","author":"admin","twitter_card":"summary_large_image","twitter_misc":{"Written by":"admin","Est. reading time":"1 minute"},"schema":{"@context":"https:\/\/schema.org","@graph":[{"@type":"Article","@id":"https:\/\/www.zerdab.com\/?p=23420#article","isPartOf":{"@id":"https:\/\/www.zerdab.com\/?p=23420"},"author":{"name":"admin","@id":"https:\/\/www.zerdab.com\/#\/schema\/person\/97079b7570c1e89ec0d9e138c3672136"},"headline":"Prezidentin t\u0259ltif etdiyi medal h\u0259myerlimiz P\u0259rvin Mahmudovaya t\u0259qdim olundu","datePublished":"2016-09-01T17:07:43+00:00","mainEntityOfPage":{"@id":"https:\/\/www.zerdab.com\/?p=23420"},"wordCount":157,"commentCount":0,"articleSection":["X\u018fB\u018fRL\u018fR"],"inLanguage":"az","potentialAction":[{"@type":"CommentAction","name":"Comment","target":["https:\/\/www.zerdab.com\/?p=23420#respond"]}]},{"@type":"WebPage","@id":"https:\/\/www.zerdab.com\/?p=23420","url":"https:\/\/www.zerdab.com\/?p=23420","name":"Prezidentin t\u0259ltif etdiyi medal h\u0259myerlimiz P\u0259rvin Mahmudovaya t\u0259qdim olundu - Z\u0259rdab.com","isPartOf":{"@id":"https:\/\/www.zerdab.com\/#website"},"datePublished":"2016-09-01T17:07:43+00:00","author":{"@id":"https:\/\/www.zerdab.com\/#\/schema\/person\/97079b7570c1e89ec0d9e138c3672136"},"breadcrumb":{"@id":"https:\/\/www.zerdab.com\/?p=23420#breadcrumb"},"inLanguage":"az","potentialAction":[{"@type":"ReadAction","target":["https:\/\/www.zerdab.com\/?p=23420"]}]},{"@type":"BreadcrumbList","@id":"https:\/\/www.zerdab.com\/?p=23420#breadcrumb","itemListElement":[{"@type":"ListItem","position":1,"name":"Home","item":"https:\/\/www.zerdab.com\/"},{"@type":"ListItem","position":2,"name":"Prezidentin t\u0259ltif etdiyi medal h\u0259myerlimiz P\u0259rvin Mahmudovaya t\u0259qdim olundu"}]},{"@type":"WebSite","@id":"https:\/\/www.zerdab.com\/#website","url":"https:\/\/www.zerdab.com\/","name":"Z\u0259rdab.com","description":"","potentialAction":[{"@type":"SearchAction","target":{"@type":"EntryPoint","urlTemplate":"https:\/\/www.zerdab.com\/?s={search_term_string}"},"query-input":{"@type":"PropertyValueSpecification","valueRequired":true,"valueName":"search_term_string"}}],"inLanguage":"az"},{"@type":"Person","@id":"https:\/\/www.zerdab.com\/#\/schema\/person\/97079b7570c1e89ec0d9e138c3672136","name":"admin","image":{"@type":"ImageObject","inLanguage":"az","@id":"https:\/\/www.zerdab.com\/#\/schema\/person\/image\/","url":"https:\/\/secure.gravatar.com\/avatar\/d9c52a9a27c32119cb6679a077fa3e2779e5f822c451cbf01098004361d466ec?s=96&d=mm&r=g","contentUrl":"https:\/\/secure.gravatar.com\/avatar\/d9c52a9a27c32119cb6679a077fa3e2779e5f822c451cbf01098004361d466ec?s=96&d=mm&r=g","caption":"admin"},"url":"https:\/\/www.zerdab.com\/?author=1"}]}},"_links":{"self":[{"href":"https:\/\/www.zerdab.com\/index.php?rest_route=\/wp\/v2\/posts\/23420","targetHints":{"allow":["GET"]}}],"collection":[{"href":"https:\/\/www.zerdab.com\/index.php?rest_route=\/wp\/v2\/posts"}],"about":[{"href":"https:\/\/www.zerdab.com\/index.php?rest_route=\/wp\/v2\/types\/post"}],"author":[{"embeddable":true,"href":"https:\/\/www.zerdab.com\/index.php?rest_route=\/wp\/v2\/users\/1"}],"replies":[{"embeddable":true,"href":"https:\/\/www.zerdab.com\/index.php?rest_route=%2Fwp%2Fv2%2Fcomments&post=23420"}],"version-history":[{"count":2,"href":"https:\/\/www.zerdab.com\/index.php?rest_route=\/wp\/v2\/posts\/23420\/revisions"}],"predecessor-version":[{"id":23425,"href":"https:\/\/www.zerdab.com\/index.php?rest_route=\/wp\/v2\/posts\/23420\/revisions\/23425"}],"wp:attachment":[{"href":"https:\/\/www.zerdab.com\/index.php?rest_route=%2Fwp%2Fv2%2Fmedia&parent=23420"}],"wp:term":[{"taxonomy":"category","embeddable":true,"href":"https:\/\/www.zerdab.com\/index.php?rest_route=%2Fwp%2Fv2%2Fcategories&post=23420"},{"taxonomy":"post_tag","embeddable":true,"href":"https:\/\/www.zerdab.com\/index.php?rest_route=%2Fwp%2Fv2%2Ftags&post=23420"}],"curies":[{"name":"wp","href":"https:\/\/api.w.org\/{rel}","templated":true}]}}