{"id":23480,"date":"2016-09-08T15:10:03","date_gmt":"2016-09-08T11:10:03","guid":{"rendered":"http:\/\/www.zerdab.com\/?p=23480"},"modified":"2016-09-10T15:34:58","modified_gmt":"2016-09-10T11:34:58","slug":"z%c9%99rdab-rayon-prokurorlugunun-sabiq-must%c9%99ntiqin%c9%99-9-il-is-verilib","status":"publish","type":"post","link":"https:\/\/www.zerdab.com\/?p=23480","title":{"rendered":"Z\u0259rdab rayon Prokurorlu\u011funun sabiq m\u00fcst\u0259ntiqin\u0259 9 il i\u015f verilib"},"content":{"rendered":"<p>L\u0259nk\u0259ran A\u011f\u0131r Cinay\u0259tl\u0259r M\u0259hk\u0259m\u0259sind\u0259 Z\u0259rdab rayon Prokurorlu\u011funun sabiq m\u00fcst\u0259ntiqi R\u00fcf\u0259t S\u0259f\u0259rovun cinay\u0259t i\u015fi \u00fczr\u0259 m\u0259hk\u0259m\u0259 prosesi g\u00fcn\u00fcn ikinci yar\u0131s\u0131nda davam etdirilib. APA-n\u0131n verdiyi m\u0259lumata g\u00f6r\u0259, hakim Asim Hac\u0131yevin s\u0259drliyi il\u0259 ke\u00e7iril\u0259n prosesd\u0259 R\u00fcf\u0259t S\u0259f\u0259rovun v\u0259kili B\u0259hruz Bayramov m\u00fcdafi\u0259 nitqi etm\u0259k \u00fc\u00e7\u00fcn m\u0259hk\u0259m\u0259d\u0259n on g\u00fcn vaxt ist\u0259yib.Hakim is\u0259 bunu prosesi q\u0259sd\u0259n uzatmaq ist\u0259yi kimi qiym\u0259tl\u0259ndirib.Bundan sonra prosesd\u0259 fasil\u0259 elan olunub. Fasil\u0259d\u0259n sonra v\u0259kil \u00e7\u0131x\u0131\u015f ed\u0259r\u0259k m\u00fcdafi\u0259 etdiyi \u015f\u0259xsin t\u0259qsirsiz oldu\u011funu deyib.Daha sonra prosesd\u0259 \u00e7\u0131x\u0131\u015f \u00fc\u00e7\u00fcn R. S\u0259f\u0259rova s\u00f6z verilib. R. S\u0259f\u0259rov \u00e7\u0131x\u0131\u015fa haz\u0131r olmad\u0131\u011f\u0131n\u0131, ona bir h\u0259ft\u0259 vaxt verilm\u0259sini ist\u0259yib.M\u0259hk\u0259m\u0259 v\u0259sat\u0259ti t\u0259min etm\u0259yib, ona \u00e7\u0131x\u0131\u015fa haz\u0131rla\u015fmaq \u00fc\u00e7\u00fcn 15 d\u0259qiq\u0259 vaxt verib.Fasil\u0259d\u0259n sonra R. S\u0259f\u0259rov \u00e7\u0131x\u0131\u015fa haz\u0131r olmad\u0131\u011f\u0131n\u0131 deyib v\u0259 yenid\u0259n m\u0259hk\u0259m\u0259d\u0259n vaxt ist\u0259yib. M\u0259hk\u0259m\u0259 bunu \u00e7\u0131x\u0131\u015fdan imtina kimi d\u0259y\u0259rl\u0259ndirib.M\u0259hk\u0259m\u0259d\u0259 yenid\u0259n fasil\u0259 elan edilib. Fasil\u0259d\u0259n sonra h\u00f6km elan olunub. M\u0259hk\u0259m\u0259 R. S\u0259f\u0259rovun 9 il m\u00fcdd\u0259tin\u0259 azadl\u0131qdan m\u0259hrum edilm\u0259si bar\u0259d\u0259 h\u00f6km \u00e7\u0131xar\u0131b.R. S\u0259f\u0259rov m\u0259hk\u0259m\u0259 zal\u0131nda h\u0259bs olunub.Xat\u0131rladaq ki, prokuror m\u0259hk\u0259m\u0259d\u0259n R. S\u0259f\u0259rova 10 il h\u0259bs c\u0259zas\u0131 verilm\u0259sini ist\u0259mi\u015fdi.<\/p>\n<p>R. S\u0259f\u0259rov Cinay\u0259t M\u0259c\u0259ll\u0259sinin 311-ci (r\u00fc\u015fv\u0259t alma) madd\u0259si il\u0259 t\u0259qsirl\u0259ndirilir.Xat\u0131rladaq ki, R. S\u0259f\u0259rov M\u00fcdafi\u0259 Nazirliyinin m\u0259tbuat xidm\u0259tinin ke\u00e7mi\u015f r\u0259isi Eldar Sabiro\u011flunun o\u011fludur.<\/p>\n","protected":false},"excerpt":{"rendered":"<p>L\u0259nk\u0259ran A\u011f\u0131r Cinay\u0259tl\u0259r M\u0259hk\u0259m\u0259sind\u0259 Z\u0259rdab rayon Prokurorlu\u011funun sabiq m\u00fcst\u0259ntiqi R\u00fcf\u0259t S\u0259f\u0259rovun cinay\u0259t i\u015fi \u00fczr\u0259 m\u0259hk\u0259m\u0259 prosesi g\u00fcn\u00fcn ikinci yar\u0131s\u0131nda davam etdirilib. APA-n\u0131n verdiyi m\u0259lumata g\u00f6r\u0259, hakim Asim Hac\u0131yevin s\u0259drliyi il\u0259 ke\u00e7iril\u0259n prosesd\u0259 R\u00fcf\u0259t S\u0259f\u0259rovun v\u0259kili B\u0259hruz Bayramov m\u00fcdafi\u0259 nitqi etm\u0259k \u00fc\u00e7\u00fcn m\u0259hk\u0259m\u0259d\u0259n on g\u00fcn vaxt ist\u0259yib.Hakim is\u0259 bunu prosesi q\u0259sd\u0259n uzatmaq ist\u0259yi kimi qiym\u0259tl\u0259ndirib.Bundan sonra [&hellip;]<\/p>\n","protected":false},"author":1,"featured_media":0,"comment_status":"open","ping_status":"open","sticky":false,"template":"","format":"standard","meta":{"footnotes":""},"categories":[5],"tags":[],"class_list":{"0":"post-23480","1":"post","2":"type-post","3":"status-publish","4":"format-standard","6":"category-knd"},"yoast_head":"<!-- This site is optimized with the Yoast SEO plugin v27.0 - https:\/\/yoast.com\/product\/yoast-seo-wordpress\/ -->\n<title>Z\u0259rdab rayon Prokurorlu\u011funun sabiq m\u00fcst\u0259ntiqin\u0259 9 il i\u015f verilib - Z\u0259rdab.com<\/title>\n<meta name=\"robots\" content=\"index, follow, max-snippet:-1, max-image-preview:large, max-video-preview:-1\" \/>\n<link rel=\"canonical\" href=\"https:\/\/www.zerdab.com\/?p=23480\" \/>\n<meta property=\"og:locale\" content=\"az_AZ\" \/>\n<meta property=\"og:type\" content=\"article\" \/>\n<meta property=\"og:title\" content=\"Z\u0259rdab rayon Prokurorlu\u011funun sabiq m\u00fcst\u0259ntiqin\u0259 9 il i\u015f verilib - Z\u0259rdab.com\" \/>\n<meta property=\"og:description\" content=\"L\u0259nk\u0259ran A\u011f\u0131r Cinay\u0259tl\u0259r M\u0259hk\u0259m\u0259sind\u0259 Z\u0259rdab rayon Prokurorlu\u011funun sabiq m\u00fcst\u0259ntiqi R\u00fcf\u0259t S\u0259f\u0259rovun cinay\u0259t i\u015fi \u00fczr\u0259 m\u0259hk\u0259m\u0259 prosesi g\u00fcn\u00fcn ikinci yar\u0131s\u0131nda davam etdirilib. APA-n\u0131n verdiyi m\u0259lumata g\u00f6r\u0259, hakim Asim Hac\u0131yevin s\u0259drliyi il\u0259 ke\u00e7iril\u0259n prosesd\u0259 R\u00fcf\u0259t S\u0259f\u0259rovun v\u0259kili B\u0259hruz Bayramov m\u00fcdafi\u0259 nitqi etm\u0259k \u00fc\u00e7\u00fcn m\u0259hk\u0259m\u0259d\u0259n on g\u00fcn vaxt ist\u0259yib.Hakim is\u0259 bunu prosesi q\u0259sd\u0259n uzatmaq ist\u0259yi kimi qiym\u0259tl\u0259ndirib.Bundan sonra [&hellip;]\" \/>\n<meta property=\"og:url\" content=\"https:\/\/www.zerdab.com\/?p=23480\" \/>\n<meta property=\"og:site_name\" content=\"Z\u0259rdab.com\" \/>\n<meta property=\"article:published_time\" content=\"2016-09-08T11:10:03+00:00\" \/>\n<meta property=\"article:modified_time\" content=\"2016-09-10T11:34:58+00:00\" \/>\n<meta name=\"author\" content=\"admin\" \/>\n<meta name=\"twitter:card\" content=\"summary_large_image\" \/>\n<meta name=\"twitter:label1\" content=\"Written by\" \/>\n\t<meta name=\"twitter:data1\" content=\"admin\" \/>\n\t<meta name=\"twitter:label2\" content=\"Est. reading time\" \/>\n\t<meta name=\"twitter:data2\" content=\"2 minutes\" \/>\n<script type=\"application\/ld+json\" class=\"yoast-schema-graph\">{\"@context\":\"https:\/\/schema.org\",\"@graph\":[{\"@type\":\"Article\",\"@id\":\"https:\/\/www.zerdab.com\/?p=23480#article\",\"isPartOf\":{\"@id\":\"https:\/\/www.zerdab.com\/?p=23480\"},\"author\":{\"name\":\"admin\",\"@id\":\"https:\/\/www.zerdab.com\/#\/schema\/person\/97079b7570c1e89ec0d9e138c3672136\"},\"headline\":\"Z\u0259rdab rayon Prokurorlu\u011funun sabiq m\u00fcst\u0259ntiqin\u0259 9 il i\u015f verilib\",\"datePublished\":\"2016-09-08T11:10:03+00:00\",\"dateModified\":\"2016-09-10T11:34:58+00:00\",\"mainEntityOfPage\":{\"@id\":\"https:\/\/www.zerdab.com\/?p=23480\"},\"wordCount\":351,\"commentCount\":0,\"articleSection\":[\"X\u018fB\u018fRL\u018fR\"],\"inLanguage\":\"az\",\"potentialAction\":[{\"@type\":\"CommentAction\",\"name\":\"Comment\",\"target\":[\"https:\/\/www.zerdab.com\/?p=23480#respond\"]}]},{\"@type\":\"WebPage\",\"@id\":\"https:\/\/www.zerdab.com\/?p=23480\",\"url\":\"https:\/\/www.zerdab.com\/?p=23480\",\"name\":\"Z\u0259rdab rayon Prokurorlu\u011funun sabiq m\u00fcst\u0259ntiqin\u0259 9 il i\u015f verilib - Z\u0259rdab.com\",\"isPartOf\":{\"@id\":\"https:\/\/www.zerdab.com\/#website\"},\"datePublished\":\"2016-09-08T11:10:03+00:00\",\"dateModified\":\"2016-09-10T11:34:58+00:00\",\"author\":{\"@id\":\"https:\/\/www.zerdab.com\/#\/schema\/person\/97079b7570c1e89ec0d9e138c3672136\"},\"breadcrumb\":{\"@id\":\"https:\/\/www.zerdab.com\/?p=23480#breadcrumb\"},\"inLanguage\":\"az\",\"potentialAction\":[{\"@type\":\"ReadAction\",\"target\":[\"https:\/\/www.zerdab.com\/?p=23480\"]}]},{\"@type\":\"BreadcrumbList\",\"@id\":\"https:\/\/www.zerdab.com\/?p=23480#breadcrumb\",\"itemListElement\":[{\"@type\":\"ListItem\",\"position\":1,\"name\":\"Home\",\"item\":\"https:\/\/www.zerdab.com\/\"},{\"@type\":\"ListItem\",\"position\":2,\"name\":\"Z\u0259rdab rayon Prokurorlu\u011funun sabiq m\u00fcst\u0259ntiqin\u0259 9 il i\u015f verilib\"}]},{\"@type\":\"WebSite\",\"@id\":\"https:\/\/www.zerdab.com\/#website\",\"url\":\"https:\/\/www.zerdab.com\/\",\"name\":\"Z\u0259rdab.com\",\"description\":\"\",\"potentialAction\":[{\"@type\":\"SearchAction\",\"target\":{\"@type\":\"EntryPoint\",\"urlTemplate\":\"https:\/\/www.zerdab.com\/?s={search_term_string}\"},\"query-input\":{\"@type\":\"PropertyValueSpecification\",\"valueRequired\":true,\"valueName\":\"search_term_string\"}}],\"inLanguage\":\"az\"},{\"@type\":\"Person\",\"@id\":\"https:\/\/www.zerdab.com\/#\/schema\/person\/97079b7570c1e89ec0d9e138c3672136\",\"name\":\"admin\",\"image\":{\"@type\":\"ImageObject\",\"inLanguage\":\"az\",\"@id\":\"https:\/\/www.zerdab.com\/#\/schema\/person\/image\/\",\"url\":\"https:\/\/secure.gravatar.com\/avatar\/d9c52a9a27c32119cb6679a077fa3e2779e5f822c451cbf01098004361d466ec?s=96&d=mm&r=g\",\"contentUrl\":\"https:\/\/secure.gravatar.com\/avatar\/d9c52a9a27c32119cb6679a077fa3e2779e5f822c451cbf01098004361d466ec?s=96&d=mm&r=g\",\"caption\":\"admin\"},\"url\":\"https:\/\/www.zerdab.com\/?author=1\"}]}<\/script>\n<!-- \/ Yoast SEO plugin. -->","yoast_head_json":{"title":"Z\u0259rdab rayon Prokurorlu\u011funun sabiq m\u00fcst\u0259ntiqin\u0259 9 il i\u015f verilib - Z\u0259rdab.com","robots":{"index":"index","follow":"follow","max-snippet":"max-snippet:-1","max-image-preview":"max-image-preview:large","max-video-preview":"max-video-preview:-1"},"canonical":"https:\/\/www.zerdab.com\/?p=23480","og_locale":"az_AZ","og_type":"article","og_title":"Z\u0259rdab rayon Prokurorlu\u011funun sabiq m\u00fcst\u0259ntiqin\u0259 9 il i\u015f verilib - Z\u0259rdab.com","og_description":"L\u0259nk\u0259ran A\u011f\u0131r Cinay\u0259tl\u0259r M\u0259hk\u0259m\u0259sind\u0259 Z\u0259rdab rayon Prokurorlu\u011funun sabiq m\u00fcst\u0259ntiqi R\u00fcf\u0259t S\u0259f\u0259rovun cinay\u0259t i\u015fi \u00fczr\u0259 m\u0259hk\u0259m\u0259 prosesi g\u00fcn\u00fcn ikinci yar\u0131s\u0131nda davam etdirilib. APA-n\u0131n verdiyi m\u0259lumata g\u00f6r\u0259, hakim Asim Hac\u0131yevin s\u0259drliyi il\u0259 ke\u00e7iril\u0259n prosesd\u0259 R\u00fcf\u0259t S\u0259f\u0259rovun v\u0259kili B\u0259hruz Bayramov m\u00fcdafi\u0259 nitqi etm\u0259k \u00fc\u00e7\u00fcn m\u0259hk\u0259m\u0259d\u0259n on g\u00fcn vaxt ist\u0259yib.Hakim is\u0259 bunu prosesi q\u0259sd\u0259n uzatmaq ist\u0259yi kimi qiym\u0259tl\u0259ndirib.Bundan sonra [&hellip;]","og_url":"https:\/\/www.zerdab.com\/?p=23480","og_site_name":"Z\u0259rdab.com","article_published_time":"2016-09-08T11:10:03+00:00","article_modified_time":"2016-09-10T11:34:58+00:00","author":"admin","twitter_card":"summary_large_image","twitter_misc":{"Written by":"admin","Est. reading time":"2 minutes"},"schema":{"@context":"https:\/\/schema.org","@graph":[{"@type":"Article","@id":"https:\/\/www.zerdab.com\/?p=23480#article","isPartOf":{"@id":"https:\/\/www.zerdab.com\/?p=23480"},"author":{"name":"admin","@id":"https:\/\/www.zerdab.com\/#\/schema\/person\/97079b7570c1e89ec0d9e138c3672136"},"headline":"Z\u0259rdab rayon Prokurorlu\u011funun sabiq m\u00fcst\u0259ntiqin\u0259 9 il i\u015f verilib","datePublished":"2016-09-08T11:10:03+00:00","dateModified":"2016-09-10T11:34:58+00:00","mainEntityOfPage":{"@id":"https:\/\/www.zerdab.com\/?p=23480"},"wordCount":351,"commentCount":0,"articleSection":["X\u018fB\u018fRL\u018fR"],"inLanguage":"az","potentialAction":[{"@type":"CommentAction","name":"Comment","target":["https:\/\/www.zerdab.com\/?p=23480#respond"]}]},{"@type":"WebPage","@id":"https:\/\/www.zerdab.com\/?p=23480","url":"https:\/\/www.zerdab.com\/?p=23480","name":"Z\u0259rdab rayon Prokurorlu\u011funun sabiq m\u00fcst\u0259ntiqin\u0259 9 il i\u015f verilib - Z\u0259rdab.com","isPartOf":{"@id":"https:\/\/www.zerdab.com\/#website"},"datePublished":"2016-09-08T11:10:03+00:00","dateModified":"2016-09-10T11:34:58+00:00","author":{"@id":"https:\/\/www.zerdab.com\/#\/schema\/person\/97079b7570c1e89ec0d9e138c3672136"},"breadcrumb":{"@id":"https:\/\/www.zerdab.com\/?p=23480#breadcrumb"},"inLanguage":"az","potentialAction":[{"@type":"ReadAction","target":["https:\/\/www.zerdab.com\/?p=23480"]}]},{"@type":"BreadcrumbList","@id":"https:\/\/www.zerdab.com\/?p=23480#breadcrumb","itemListElement":[{"@type":"ListItem","position":1,"name":"Home","item":"https:\/\/www.zerdab.com\/"},{"@type":"ListItem","position":2,"name":"Z\u0259rdab rayon Prokurorlu\u011funun sabiq m\u00fcst\u0259ntiqin\u0259 9 il i\u015f verilib"}]},{"@type":"WebSite","@id":"https:\/\/www.zerdab.com\/#website","url":"https:\/\/www.zerdab.com\/","name":"Z\u0259rdab.com","description":"","potentialAction":[{"@type":"SearchAction","target":{"@type":"EntryPoint","urlTemplate":"https:\/\/www.zerdab.com\/?s={search_term_string}"},"query-input":{"@type":"PropertyValueSpecification","valueRequired":true,"valueName":"search_term_string"}}],"inLanguage":"az"},{"@type":"Person","@id":"https:\/\/www.zerdab.com\/#\/schema\/person\/97079b7570c1e89ec0d9e138c3672136","name":"admin","image":{"@type":"ImageObject","inLanguage":"az","@id":"https:\/\/www.zerdab.com\/#\/schema\/person\/image\/","url":"https:\/\/secure.gravatar.com\/avatar\/d9c52a9a27c32119cb6679a077fa3e2779e5f822c451cbf01098004361d466ec?s=96&d=mm&r=g","contentUrl":"https:\/\/secure.gravatar.com\/avatar\/d9c52a9a27c32119cb6679a077fa3e2779e5f822c451cbf01098004361d466ec?s=96&d=mm&r=g","caption":"admin"},"url":"https:\/\/www.zerdab.com\/?author=1"}]}},"_links":{"self":[{"href":"https:\/\/www.zerdab.com\/index.php?rest_route=\/wp\/v2\/posts\/23480","targetHints":{"allow":["GET"]}}],"collection":[{"href":"https:\/\/www.zerdab.com\/index.php?rest_route=\/wp\/v2\/posts"}],"about":[{"href":"https:\/\/www.zerdab.com\/index.php?rest_route=\/wp\/v2\/types\/post"}],"author":[{"embeddable":true,"href":"https:\/\/www.zerdab.com\/index.php?rest_route=\/wp\/v2\/users\/1"}],"replies":[{"embeddable":true,"href":"https:\/\/www.zerdab.com\/index.php?rest_route=%2Fwp%2Fv2%2Fcomments&post=23480"}],"version-history":[{"count":1,"href":"https:\/\/www.zerdab.com\/index.php?rest_route=\/wp\/v2\/posts\/23480\/revisions"}],"predecessor-version":[{"id":23483,"href":"https:\/\/www.zerdab.com\/index.php?rest_route=\/wp\/v2\/posts\/23480\/revisions\/23483"}],"wp:attachment":[{"href":"https:\/\/www.zerdab.com\/index.php?rest_route=%2Fwp%2Fv2%2Fmedia&parent=23480"}],"wp:term":[{"taxonomy":"category","embeddable":true,"href":"https:\/\/www.zerdab.com\/index.php?rest_route=%2Fwp%2Fv2%2Fcategories&post=23480"},{"taxonomy":"post_tag","embeddable":true,"href":"https:\/\/www.zerdab.com\/index.php?rest_route=%2Fwp%2Fv2%2Ftags&post=23480"}],"curies":[{"name":"wp","href":"https:\/\/api.w.org\/{rel}","templated":true}]}}